{"id":46835,"date":"2013-02-18T00:26:58","date_gmt":"2013-02-17T23:26:58","guid":{"rendered":"http:\/\/www.bellunopress.it\/?p=46835"},"modified":"2013-02-18T00:26:58","modified_gmt":"2013-02-17T23:26:58","slug":"debutto-in-grande-stile-a-fiames-per-il-cortina-winter-polo-audi-gold-cup","status":"publish","type":"post","link":"https:\/\/www.bellunopress.it\/fr\/2013\/02\/18\/debutto-in-grande-stile-a-fiames-per-il-cortina-winter-polo-audi-gold-cup\/","title":{"rendered":"Debutto in grande stile a Fiames per il Cortina winter polo Audi gold cup"},"content":{"rendered":"<p><a href=\"http:\/\/www.bellunopress.it\/wp-content\/uploads\/2013\/02\/cortina-winter-polo.jpg\"><img loading=\"lazy\" decoding=\"async\" class=\"alignleft size-full wp-image-46836\" alt=\"cortina winter polo\" src=\"http:\/\/www.bellunopress.it\/wp-content\/uploads\/2013\/02\/cortina-winter-polo.jpg\" width=\"200\" height=\"91\" \/><\/a>Cortina d\u2019Ampezzo &#8211; Se \u00e8 vero che &#8220;il buongiorno si vede dal mattino&#8221; sembrerebbe davvero che la 24a edizione della Cortina Winter Polo- Audi Gold Cup abbia le carte in regola per essere catalogata come una splendida edizione.<\/p>\n<p>Via vai di pubblico a bordo campo, il Polo Village con i suoi confortevoli spazi al coperto e le ampie zone panoramiche gremito di ospiti e la conferma che il fondo del neonato campo di gara ha le migliori caratteristiche tecniche sono i dati positivi dell&#8217;odierna giornata di apertura del torneo. Gi\u00e0 l&#8217;invito per la presentazione delle squadre all&#8217;Hotel de la Poste, sabato sera, era stato accolto con grande entusiasmo con numeri di presenze sempre in crescita. Quattro dei cinque polo teams partecipanti hanno dato vita oggi a vivaci partite di esordio con affermazioni di Ruinart su Audi (4-2) e di John Taylor- Montecarlo su Hotel de la Poste (9-1,5).<\/p>\n<p>&nbsp;<\/p>\n<p><a href=\"http:\/\/www.bellunopress.it\/wp-content\/uploads\/2012\/02\/cortina-winter-polo-2012.jpg\"><img loading=\"lazy\" decoding=\"async\" class=\"alignleft size-full wp-image-35284\" alt=\"cortina winter polo 2012\" src=\"http:\/\/www.bellunopress.it\/wp-content\/uploads\/2012\/02\/cortina-winter-polo-2012.jpg\" width=\"340\" height=\"202\" \/><\/a>AUDI POLO TEAM VS RUINART POLO TEAM 2 A 4<\/p>\n<p>Inizio di torneo fortunato per Ruinart Polo Team (capitano Davide Dondena, Luis Neuforge, Horacio Etcheverry, Teodore Neuforge) che trova il suo regista Etcheverry in stato di grazia \u2013 tre goal e un assist vincente a Luis Neuforge \u2013 e l\u2019Audi Polo Team (capitano Davide Nanni, Paolo Santambrogio, David Bernal, Fabrizio Bulgarini) che sbaglia ben quattro penalty (da 40 yards) su cinque concessagli dall\u2019arbitro Martelli. Bernal, l\u2019autore della doppia marcatura di Audi, sfiora persino il palo destro avversario, mentre Ruinart imbastisce alcune azioni di bella fattura grazie all\u2019intesa fra Etcheverry e i Neuforge (padre e figlio) con il teenager Teodore (14 anni, il pi\u00f9 giovane giocatore di sempre nel Cortina Winter Polo) su tutte le palle in attacco. \u201cBuono il nostro gioco ma troppo sfortunato nelle conclusioni\u201d l\u2019amaro commento del capitano Nanni di Audi.<\/p>\n<p>&nbsp;<\/p>\n<p>1\u00b0 chukker Audi Polo Team 1 &#8211; Ruinart 1<\/p>\n<p>Bernal (1) Audi<\/p>\n<p>Etcheverry (1) Ruinart<\/p>\n<p>2\u00b0 chukker Audi 1 &#8211; Ruinart 3<\/p>\n<p>Etcheverry (2) Ruinart<\/p>\n<p>3\u00b0 chukker Audi 2 &#8211; Ruinart 3<\/p>\n<p>Bernal (1) Audi<\/p>\n<p>4\u00b0 chukker Audi 2 &#8211; Ruinart 4<\/p>\n<p>L. Neuforge (1) Ruinart<\/p>\n<p>&nbsp;<\/p>\n<p>HOLTEL DE LA POSTE POLO TEAM VS JOHN TAYLOR-MONTECARLO POLO TEAM 1\u00bd A 9<\/p>\n<p>Parte in quarta il John Taylor-Montecarlo Polo Team (capitano Rommy Gianni, Luca D\u2019Orazio, Davide Musso, Juan Cruz Greguoli) che d\u00e0 una dura lezione all\u2019Hotel de la Poste Polo Team (capitano Gif Turati, Oscar Carona, Diego White, Franco Piazza). Nemmeno la presenza dell\u2019argentino White (giocatore con il pi\u00f9 alto handicap del torneo, 8) ed autore dell\u2019unica marcatura &#8211; su punizione &#8211; dell\u2019Hotel de la Poste, riesce a contenere l\u2019azione della \u201ccorazzata\u201d John Taylor-Montecarlo, che marca uomo a uomo senza respiro, gli avversari. A dilagare \u00e8 Musso, alla sua undicesima presenza nel Cortina e bomber 2012 (assieme ad Etcheverry, che incontrer\u00e0 domani). Dario segna su azione, su discesa e con una palombella: 6 goal (\u00e8 capocannoniere) pi\u00f9 almeno un paio di ottime \u201cimbeccate\u201d a D\u2019Orazio (che sigla una doppietta) e a Greguoli, autore della pi\u00f9 bella discesa vincente della giornata. \u201cCi tenevamo a fare buona figura con il nostro nuovo sponsor, la John Taylor\u201d confessava a fine partita Gianni mentre Turati sospirava: \u201cCe le hanno suonate di santa ragione. Ma domani \u00e8 un altro giorno\u201d.<\/p>\n<p>&nbsp;<\/p>\n<p>1\u00b0 chukker Hotel de la Poste \u00bd &#8211; John Taylor-Montecarlo Polo Team 1<\/p>\n<p>Musso (1) John Taylor-Montecarlo<\/p>\n<p>2\u00b0 chukker Hotel de la Poste 1 1\/2 &#8211; John Taylor-Montecarlo Polo Team 4<\/p>\n<p>White (1) Hotel de la Poste<\/p>\n<p>Musso (2) John Taylor-Montecarlo<\/p>\n<p>Greguoli (1) John Taylor-Montecarlo<\/p>\n<p>3\u00b0 chukker Hotel de la Poste 1 1\/2 &#8211; John Taylor-Montecarlo Polo Team 6<\/p>\n<p>D\u2019Orazio (1) John Taylor-Montecarlo<\/p>\n<p>Musso (1) John Taylor-Montecarlo<\/p>\n<p>4\u00b0 chukker Hotel de la Poste 1 1\/2 &#8211; John Taylor-Montecarlo Polo Team 9<\/p>\n<p>Musso (2) John Taylor-Montecarlo<\/p>\n<p>D\u2019Orazio (1) John Taylor-Montecarlo<\/p>\n<p>IL PROGRAMMA DI LUNEDI&#8217;<\/p>\n<p>CAMPO GARA \u2013 FIAMES<\/p>\n<p>Ore 13.00: John Taylor &#8211; Montecarlo Polo Team vs Ruinart Polo Team.<\/p>\n<p>A seguire: Audi Polo Team vs Hotel de la Poste Polo Team.<\/p>\n<p>&nbsp;<\/p>","protected":false},"excerpt":{"rendered":"<p>Cortina d\u2019Ampezzo &#8211; Se \u00e8 vero che &#8220;il buongiorno si vede dal mattino&#8221; sembrerebbe davvero che la 24a edizione della Cortina Winter Polo- Audi Gold Cup abbia le carte in regola per essere catalogata come una splendida edizione. Via vai di pubblico a bordo campo, il Polo Village con i suoi confortevoli spazi al coperto [&hellip;]<\/p>\n","protected":false},"author":2,"featured_media":0,"comment_status":"closed","ping_status":"open","sticky":false,"template":"","format":"standard","meta":{"footnotes":""},"categories":[26,8,4],"tags":[],"class_list":["post-46835","post","type-post","status-publish","format-standard","category-prima-pagina","category-societa-istituzioni","category-sport"],"yoast_head":"<!-- This site is optimized with the Yoast SEO plugin v28.4 - https:\/\/yoast.com\/product\/yoast-seo-wordpress\/ -->\n<title>Debutto in grande stile a Fiames per il Cortina winter polo Audi gold cup - Bellunopress - Dolomiti<\/title>\n<meta name=\"robots\" content=\"index, follow, max-snippet:-1, max-image-preview:large, max-video-preview:-1\" \/>\n<link rel=\"canonical\" href=\"https:\/\/www.bellunopress.it\/fr\/2013\/02\/18\/debutto-in-grande-stile-a-fiames-per-il-cortina-winter-polo-audi-gold-cup\/\" \/>\n<meta property=\"og:locale\" content=\"fr_FR\" \/>\n<meta property=\"og:type\" content=\"article\" \/>\n<meta property=\"og:title\" content=\"Debutto in grande stile a Fiames per il Cortina winter polo Audi gold cup - Bellunopress - Dolomiti\" \/>\n<meta property=\"og:description\" content=\"Cortina d\u2019Ampezzo &#8211; Se \u00e8 vero che &#8220;il buongiorno si vede dal mattino&#8221; sembrerebbe davvero che la 24a edizione della Cortina Winter Polo- Audi Gold Cup abbia le carte in regola per essere catalogata come una splendida edizione. Via vai di pubblico a bordo campo, il Polo Village con i suoi confortevoli spazi al coperto [&hellip;]\" \/>\n<meta property=\"og:url\" content=\"https:\/\/www.bellunopress.it\/fr\/2013\/02\/18\/debutto-in-grande-stile-a-fiames-per-il-cortina-winter-polo-audi-gold-cup\/\" \/>\n<meta property=\"og:site_name\" content=\"Bellunopress - Dolomiti\" \/>\n<meta property=\"article:publisher\" content=\"https:\/\/www.facebook.com\/profile.php?id=100008943462799\" \/>\n<meta property=\"article:published_time\" content=\"2013-02-17T23:26:58+00:00\" \/>\n<meta property=\"og:image\" content=\"http:\/\/www.bellunopress.it\/wp-content\/uploads\/2013\/02\/cortina-winter-polo.jpg\" \/>\n<meta name=\"author\" content=\"redazione\" \/>\n<meta name=\"twitter:card\" content=\"summary_large_image\" \/>\n<meta name=\"twitter:creator\" content=\"@bellunopress\" \/>\n<meta name=\"twitter:site\" content=\"@bellunopress\" \/>\n<meta name=\"twitter:label1\" content=\"Written by\" \/>\n\t<meta name=\"twitter:data1\" content=\"redazione\" \/>\n\t<meta name=\"twitter:label2\" content=\"Est. reading time\" \/>\n\t<meta name=\"twitter:data2\" content=\"3 minutes\" \/>\n<script type=\"application\/ld+json\" class=\"yoast-schema-graph\">{\"@context\":\"https:\\\/\\\/schema.org\",\"@graph\":[{\"@type\":\"Article\",\"@id\":\"https:\\\/\\\/www.bellunopress.it\\\/2013\\\/02\\\/18\\\/debutto-in-grande-stile-a-fiames-per-il-cortina-winter-polo-audi-gold-cup\\\/#article\",\"isPartOf\":{\"@id\":\"https:\\\/\\\/www.bellunopress.it\\\/2013\\\/02\\\/18\\\/debutto-in-grande-stile-a-fiames-per-il-cortina-winter-polo-audi-gold-cup\\\/\"},\"author\":{\"name\":\"redazione\",\"@id\":\"https:\\\/\\\/www.bellunopress.it\\\/#\\\/schema\\\/person\\\/79bb06722b37ece1c03d3e94beb30d73\"},\"headline\":\"Debutto in grande stile a Fiames per il Cortina winter polo Audi gold cup\",\"datePublished\":\"2013-02-17T23:26:58+00:00\",\"mainEntityOfPage\":{\"@id\":\"https:\\\/\\\/www.bellunopress.it\\\/2013\\\/02\\\/18\\\/debutto-in-grande-stile-a-fiames-per-il-cortina-winter-polo-audi-gold-cup\\\/\"},\"wordCount\":625,\"publisher\":{\"@id\":\"https:\\\/\\\/www.bellunopress.it\\\/#organization\"},\"image\":{\"@id\":\"https:\\\/\\\/www.bellunopress.it\\\/2013\\\/02\\\/18\\\/debutto-in-grande-stile-a-fiames-per-il-cortina-winter-polo-audi-gold-cup\\\/#primaryimage\"},\"thumbnailUrl\":\"http:\\\/\\\/www.bellunopress.it\\\/wp-content\\\/uploads\\\/2013\\\/02\\\/cortina-winter-polo.jpg\",\"articleSection\":[\"Prima Pagina\",\"Societ\u00e0, Associazioni, Istituzioni\",\"Sport, tempo libero\"],\"inLanguage\":\"fr-FR\"},{\"@type\":\"WebPage\",\"@id\":\"https:\\\/\\\/www.bellunopress.it\\\/2013\\\/02\\\/18\\\/debutto-in-grande-stile-a-fiames-per-il-cortina-winter-polo-audi-gold-cup\\\/\",\"url\":\"https:\\\/\\\/www.bellunopress.it\\\/2013\\\/02\\\/18\\\/debutto-in-grande-stile-a-fiames-per-il-cortina-winter-polo-audi-gold-cup\\\/\",\"name\":\"Debutto in grande stile a Fiames per il Cortina winter polo Audi gold cup - Bellunopress - Dolomiti\",\"isPartOf\":{\"@id\":\"https:\\\/\\\/www.bellunopress.it\\\/#website\"},\"primaryImageOfPage\":{\"@id\":\"https:\\\/\\\/www.bellunopress.it\\\/2013\\\/02\\\/18\\\/debutto-in-grande-stile-a-fiames-per-il-cortina-winter-polo-audi-gold-cup\\\/#primaryimage\"},\"image\":{\"@id\":\"https:\\\/\\\/www.bellunopress.it\\\/2013\\\/02\\\/18\\\/debutto-in-grande-stile-a-fiames-per-il-cortina-winter-polo-audi-gold-cup\\\/#primaryimage\"},\"thumbnailUrl\":\"http:\\\/\\\/www.bellunopress.it\\\/wp-content\\\/uploads\\\/2013\\\/02\\\/cortina-winter-polo.jpg\",\"datePublished\":\"2013-02-17T23:26:58+00:00\",\"breadcrumb\":{\"@id\":\"https:\\\/\\\/www.bellunopress.it\\\/2013\\\/02\\\/18\\\/debutto-in-grande-stile-a-fiames-per-il-cortina-winter-polo-audi-gold-cup\\\/#breadcrumb\"},\"inLanguage\":\"fr-FR\",\"potentialAction\":[{\"@type\":\"ReadAction\",\"target\":[\"https:\\\/\\\/www.bellunopress.it\\\/2013\\\/02\\\/18\\\/debutto-in-grande-stile-a-fiames-per-il-cortina-winter-polo-audi-gold-cup\\\/\"]}]},{\"@type\":\"ImageObject\",\"inLanguage\":\"fr-FR\",\"@id\":\"https:\\\/\\\/www.bellunopress.it\\\/2013\\\/02\\\/18\\\/debutto-in-grande-stile-a-fiames-per-il-cortina-winter-polo-audi-gold-cup\\\/#primaryimage\",\"url\":\"http:\\\/\\\/www.bellunopress.it\\\/wp-content\\\/uploads\\\/2013\\\/02\\\/cortina-winter-polo.jpg\",\"contentUrl\":\"http:\\\/\\\/www.bellunopress.it\\\/wp-content\\\/uploads\\\/2013\\\/02\\\/cortina-winter-polo.jpg\"},{\"@type\":\"BreadcrumbList\",\"@id\":\"https:\\\/\\\/www.bellunopress.it\\\/2013\\\/02\\\/18\\\/debutto-in-grande-stile-a-fiames-per-il-cortina-winter-polo-audi-gold-cup\\\/#breadcrumb\",\"itemListElement\":[{\"@type\":\"ListItem\",\"position\":1,\"name\":\"Home\",\"item\":\"https:\\\/\\\/www.bellunopress.it\\\/\"},{\"@type\":\"ListItem\",\"position\":2,\"name\":\"Debutto in grande stile a Fiames per il Cortina winter polo Audi gold cup\"}]},{\"@type\":\"WebSite\",\"@id\":\"https:\\\/\\\/www.bellunopress.it\\\/#website\",\"url\":\"https:\\\/\\\/www.bellunopress.it\\\/\",\"name\":\"Bellunopress - Dolomiti\",\"description\":\"e-mail: redazione@bellunopress.it\",\"publisher\":{\"@id\":\"https:\\\/\\\/www.bellunopress.it\\\/#organization\"},\"potentialAction\":[{\"@type\":\"SearchAction\",\"target\":{\"@type\":\"EntryPoint\",\"urlTemplate\":\"https:\\\/\\\/www.bellunopress.it\\\/?s={search_term_string}\"},\"query-input\":{\"@type\":\"PropertyValueSpecification\",\"valueRequired\":true,\"valueName\":\"search_term_string\"}}],\"inLanguage\":\"fr-FR\"},{\"@type\":\"Organization\",\"@id\":\"https:\\\/\\\/www.bellunopress.it\\\/#organization\",\"name\":\"Bellunopress\",\"url\":\"https:\\\/\\\/www.bellunopress.it\\\/\",\"logo\":{\"@type\":\"ImageObject\",\"inLanguage\":\"fr-FR\",\"@id\":\"https:\\\/\\\/www.bellunopress.it\\\/#\\\/schema\\\/logo\\\/image\\\/\",\"url\":\"https:\\\/\\\/www.bellunopress.it\\\/wp-content\\\/uploads\\\/2011\\\/05\\\/cropped-logo-bellunopress-.jpg\",\"contentUrl\":\"https:\\\/\\\/www.bellunopress.it\\\/wp-content\\\/uploads\\\/2011\\\/05\\\/cropped-logo-bellunopress-.jpg\",\"width\":512,\"height\":512,\"caption\":\"Bellunopress\"},\"image\":{\"@id\":\"https:\\\/\\\/www.bellunopress.it\\\/#\\\/schema\\\/logo\\\/image\\\/\"},\"sameAs\":[\"https:\\\/\\\/www.facebook.com\\\/profile.php?id=100008943462799\",\"https:\\\/\\\/x.com\\\/bellunopress\",\"https:\\\/\\\/www.linkedin.com\\\/hp\\\/?dnr=JBzUWaJfMUw8vbXJJ2tVW5-I3jZKvC4wsoxE&amp;amp;amp;amp;amp;amp;trk=nav_responsive_tab_home\",\"https:\\\/\\\/www.youtube.com\\\/channel\\\/UCxL0wu1uN0_3_7hGG0306cw\"]},{\"@type\":\"Person\",\"@id\":\"https:\\\/\\\/www.bellunopress.it\\\/#\\\/schema\\\/person\\\/79bb06722b37ece1c03d3e94beb30d73\",\"name\":\"redazione\",\"image\":{\"@type\":\"ImageObject\",\"inLanguage\":\"fr-FR\",\"@id\":\"https:\\\/\\\/secure.gravatar.com\\\/avatar\\\/37d968a2e67a6fd04c169c4bdef102d0bc5d31b2546345219e348575eb80e9a0?s=96&d=mm&r=g\",\"url\":\"https:\\\/\\\/secure.gravatar.com\\\/avatar\\\/37d968a2e67a6fd04c169c4bdef102d0bc5d31b2546345219e348575eb80e9a0?s=96&d=mm&r=g\",\"contentUrl\":\"https:\\\/\\\/secure.gravatar.com\\\/avatar\\\/37d968a2e67a6fd04c169c4bdef102d0bc5d31b2546345219e348575eb80e9a0?s=96&d=mm&r=g\",\"caption\":\"redazione\"},\"sameAs\":[\"http:\\\/\\\/www.bellunopress.it\",\"https:\\\/\\\/x.com\\\/bellunopress\"],\"url\":\"https:\\\/\\\/www.bellunopress.it\\\/fr\\\/author\\\/redazione\\\/\"}]}<\/script>\n<!-- \/ Yoast SEO plugin. -->","yoast_head_json":{"title":"Debutto in grande stile a Fiames per il Cortina winter polo Audi gold cup - Bellunopress - Dolomiti","robots":{"index":"index","follow":"follow","max-snippet":"max-snippet:-1","max-image-preview":"max-image-preview:large","max-video-preview":"max-video-preview:-1"},"canonical":"https:\/\/www.bellunopress.it\/fr\/2013\/02\/18\/debutto-in-grande-stile-a-fiames-per-il-cortina-winter-polo-audi-gold-cup\/","og_locale":"fr_FR","og_type":"article","og_title":"Debutto in grande stile a Fiames per il Cortina winter polo Audi gold cup - Bellunopress - Dolomiti","og_description":"Cortina d\u2019Ampezzo &#8211; Se \u00e8 vero che &#8220;il buongiorno si vede dal mattino&#8221; sembrerebbe davvero che la 24a edizione della Cortina Winter Polo- Audi Gold Cup abbia le carte in regola per essere catalogata come una splendida edizione. Via vai di pubblico a bordo campo, il Polo Village con i suoi confortevoli spazi al coperto [&hellip;]","og_url":"https:\/\/www.bellunopress.it\/fr\/2013\/02\/18\/debutto-in-grande-stile-a-fiames-per-il-cortina-winter-polo-audi-gold-cup\/","og_site_name":"Bellunopress - Dolomiti","article_publisher":"https:\/\/www.facebook.com\/profile.php?id=100008943462799","article_published_time":"2013-02-17T23:26:58+00:00","og_image":[{"url":"http:\/\/www.bellunopress.it\/wp-content\/uploads\/2013\/02\/cortina-winter-polo.jpg","type":"","width":"","height":""}],"author":"redazione","twitter_card":"summary_large_image","twitter_creator":"@bellunopress","twitter_site":"@bellunopress","twitter_misc":{"Written by":"redazione","Est. reading time":"3 minutes"},"schema":{"@context":"https:\/\/schema.org","@graph":[{"@type":"Article","@id":"https:\/\/www.bellunopress.it\/2013\/02\/18\/debutto-in-grande-stile-a-fiames-per-il-cortina-winter-polo-audi-gold-cup\/#article","isPartOf":{"@id":"https:\/\/www.bellunopress.it\/2013\/02\/18\/debutto-in-grande-stile-a-fiames-per-il-cortina-winter-polo-audi-gold-cup\/"},"author":{"name":"redazione","@id":"https:\/\/www.bellunopress.it\/#\/schema\/person\/79bb06722b37ece1c03d3e94beb30d73"},"headline":"Debutto in grande stile a Fiames per il Cortina winter polo Audi gold cup","datePublished":"2013-02-17T23:26:58+00:00","mainEntityOfPage":{"@id":"https:\/\/www.bellunopress.it\/2013\/02\/18\/debutto-in-grande-stile-a-fiames-per-il-cortina-winter-polo-audi-gold-cup\/"},"wordCount":625,"publisher":{"@id":"https:\/\/www.bellunopress.it\/#organization"},"image":{"@id":"https:\/\/www.bellunopress.it\/2013\/02\/18\/debutto-in-grande-stile-a-fiames-per-il-cortina-winter-polo-audi-gold-cup\/#primaryimage"},"thumbnailUrl":"http:\/\/www.bellunopress.it\/wp-content\/uploads\/2013\/02\/cortina-winter-polo.jpg","articleSection":["Prima Pagina","Societ\u00e0, Associazioni, Istituzioni","Sport, tempo libero"],"inLanguage":"fr-FR"},{"@type":"WebPage","@id":"https:\/\/www.bellunopress.it\/2013\/02\/18\/debutto-in-grande-stile-a-fiames-per-il-cortina-winter-polo-audi-gold-cup\/","url":"https:\/\/www.bellunopress.it\/2013\/02\/18\/debutto-in-grande-stile-a-fiames-per-il-cortina-winter-polo-audi-gold-cup\/","name":"Debutto in grande stile a Fiames per il Cortina winter polo Audi gold cup - Bellunopress - Dolomiti","isPartOf":{"@id":"https:\/\/www.bellunopress.it\/#website"},"primaryImageOfPage":{"@id":"https:\/\/www.bellunopress.it\/2013\/02\/18\/debutto-in-grande-stile-a-fiames-per-il-cortina-winter-polo-audi-gold-cup\/#primaryimage"},"image":{"@id":"https:\/\/www.bellunopress.it\/2013\/02\/18\/debutto-in-grande-stile-a-fiames-per-il-cortina-winter-polo-audi-gold-cup\/#primaryimage"},"thumbnailUrl":"http:\/\/www.bellunopress.it\/wp-content\/uploads\/2013\/02\/cortina-winter-polo.jpg","datePublished":"2013-02-17T23:26:58+00:00","breadcrumb":{"@id":"https:\/\/www.bellunopress.it\/2013\/02\/18\/debutto-in-grande-stile-a-fiames-per-il-cortina-winter-polo-audi-gold-cup\/#breadcrumb"},"inLanguage":"fr-FR","potentialAction":[{"@type":"ReadAction","target":["https:\/\/www.bellunopress.it\/2013\/02\/18\/debutto-in-grande-stile-a-fiames-per-il-cortina-winter-polo-audi-gold-cup\/"]}]},{"@type":"ImageObject","inLanguage":"fr-FR","@id":"https:\/\/www.bellunopress.it\/2013\/02\/18\/debutto-in-grande-stile-a-fiames-per-il-cortina-winter-polo-audi-gold-cup\/#primaryimage","url":"http:\/\/www.bellunopress.it\/wp-content\/uploads\/2013\/02\/cortina-winter-polo.jpg","contentUrl":"http:\/\/www.bellunopress.it\/wp-content\/uploads\/2013\/02\/cortina-winter-polo.jpg"},{"@type":"BreadcrumbList","@id":"https:\/\/www.bellunopress.it\/2013\/02\/18\/debutto-in-grande-stile-a-fiames-per-il-cortina-winter-polo-audi-gold-cup\/#breadcrumb","itemListElement":[{"@type":"ListItem","position":1,"name":"Home","item":"https:\/\/www.bellunopress.it\/"},{"@type":"ListItem","position":2,"name":"Debutto in grande stile a Fiames per il Cortina winter polo Audi gold cup"}]},{"@type":"WebSite","@id":"https:\/\/www.bellunopress.it\/#website","url":"https:\/\/www.bellunopress.it\/","name":"Bellunopress - Dolomiti","description":"e-mail: redazione@bellunopress.it","publisher":{"@id":"https:\/\/www.bellunopress.it\/#organization"},"potentialAction":[{"@type":"SearchAction","target":{"@type":"EntryPoint","urlTemplate":"https:\/\/www.bellunopress.it\/?s={search_term_string}"},"query-input":{"@type":"PropertyValueSpecification","valueRequired":true,"valueName":"search_term_string"}}],"inLanguage":"fr-FR"},{"@type":"Organization","@id":"https:\/\/www.bellunopress.it\/#organization","name":"Bellunopress","url":"https:\/\/www.bellunopress.it\/","logo":{"@type":"ImageObject","inLanguage":"fr-FR","@id":"https:\/\/www.bellunopress.it\/#\/schema\/logo\/image\/","url":"https:\/\/www.bellunopress.it\/wp-content\/uploads\/2011\/05\/cropped-logo-bellunopress-.jpg","contentUrl":"https:\/\/www.bellunopress.it\/wp-content\/uploads\/2011\/05\/cropped-logo-bellunopress-.jpg","width":512,"height":512,"caption":"Bellunopress"},"image":{"@id":"https:\/\/www.bellunopress.it\/#\/schema\/logo\/image\/"},"sameAs":["https:\/\/www.facebook.com\/profile.php?id=100008943462799","https:\/\/x.com\/bellunopress","https:\/\/www.linkedin.com\/hp\/?dnr=JBzUWaJfMUw8vbXJJ2tVW5-I3jZKvC4wsoxE&amp;amp;amp;amp;amp;amp;trk=nav_responsive_tab_home","https:\/\/www.youtube.com\/channel\/UCxL0wu1uN0_3_7hGG0306cw"]},{"@type":"Person","@id":"https:\/\/www.bellunopress.it\/#\/schema\/person\/79bb06722b37ece1c03d3e94beb30d73","name":"r\u00e9daction","image":{"@type":"ImageObject","inLanguage":"fr-FR","@id":"https:\/\/secure.gravatar.com\/avatar\/37d968a2e67a6fd04c169c4bdef102d0bc5d31b2546345219e348575eb80e9a0?s=96&d=mm&r=g","url":"https:\/\/secure.gravatar.com\/avatar\/37d968a2e67a6fd04c169c4bdef102d0bc5d31b2546345219e348575eb80e9a0?s=96&d=mm&r=g","contentUrl":"https:\/\/secure.gravatar.com\/avatar\/37d968a2e67a6fd04c169c4bdef102d0bc5d31b2546345219e348575eb80e9a0?s=96&d=mm&r=g","caption":"redazione"},"sameAs":["http:\/\/www.bellunopress.it","https:\/\/x.com\/bellunopress"],"url":"https:\/\/www.bellunopress.it\/fr\/author\/redazione\/"}]}},"_links":{"self":[{"href":"https:\/\/www.bellunopress.it\/fr\/wp-json\/wp\/v2\/posts\/46835","targetHints":{"allow":["GET"]}}],"collection":[{"href":"https:\/\/www.bellunopress.it\/fr\/wp-json\/wp\/v2\/posts"}],"about":[{"href":"https:\/\/www.bellunopress.it\/fr\/wp-json\/wp\/v2\/types\/post"}],"author":[{"embeddable":true,"href":"https:\/\/www.bellunopress.it\/fr\/wp-json\/wp\/v2\/users\/2"}],"replies":[{"embeddable":true,"href":"https:\/\/www.bellunopress.it\/fr\/wp-json\/wp\/v2\/comments?post=46835"}],"version-history":[{"count":2,"href":"https:\/\/www.bellunopress.it\/fr\/wp-json\/wp\/v2\/posts\/46835\/revisions"}],"predecessor-version":[{"id":46838,"href":"https:\/\/www.bellunopress.it\/fr\/wp-json\/wp\/v2\/posts\/46835\/revisions\/46838"}],"wp:attachment":[{"href":"https:\/\/www.bellunopress.it\/fr\/wp-json\/wp\/v2\/media?parent=46835"}],"wp:term":[{"taxonomy":"category","embeddable":true,"href":"https:\/\/www.bellunopress.it\/fr\/wp-json\/wp\/v2\/categories?post=46835"},{"taxonomy":"post_tag","embeddable":true,"href":"https:\/\/www.bellunopress.it\/fr\/wp-json\/wp\/v2\/tags?post=46835"}],"curies":[{"name":"wp","href":"https:\/\/api.w.org\/{rel}","templated":true}]}}