{"id":46823,"date":"2013-02-18T13:24:40","date_gmt":"2013-02-18T12:24:40","guid":{"rendered":"http:\/\/www.bellunopress.it\/?p=46823"},"modified":"2013-02-17T13:26:41","modified_gmt":"2013-02-17T12:26:41","slug":"transcavallo-il-23-e-24-febbraio-oltre-alla-coppa-italia-trofeo-scarpa-riservato-ai-giovani-ci-sara-lesibizione-di-un-atleta-red-bull-con-la-tuta-alare","status":"publish","type":"post","link":"https:\/\/www.bellunopress.it\/fr\/2013\/02\/18\/transcavallo-il-23-e-24-febbraio-oltre-alla-coppa-italia-trofeo-scarpa-riservato-ai-giovani-ci-sara-lesibizione-di-un-atleta-red-bull-con-la-tuta-alare\/","title":{"rendered":"Transcavallo. Il 23 e 24 febbraio oltre alla Coppa Italia &#8211; Trofeo Scarpa riservato ai giovani ci sar\u00e0 l&#8217;esibizione di un atleta Red Bull con la tuta alare"},"content":{"rendered":"<p>La macchina organizzativa della Transcavallo \u00e8 a pieno regime, in questi giorni le ultime nevicate hanno reso il tracciato in perfette condizioni.<\/p>\n<p>\u00abDopo l\u2019ultima nevicata &#8211; ha detto Vittorio Romor presidente dello sci club Dolomiti ski-alp &#8211; i responsabili del percorso sono andati a fare il sopralluogo del tracciato. In zona partenza, a Col Indes, appena sopra l\u2019abitato di Tambre, c\u2019\u00e8 oltre un metro di neve, mentre in quota si superano tranquillamente i tre metri. Inoltre le previsioni per i prossimi giorni annunciano bel tempo e temperature fredde, mentre per quanto riguarda il pericolo valanghe, l\u2019Arpav di Arabba ha previsto un abbassamento del grado di pericolo sino a 2 su una scala di cinque. Il manto nevoso quindi per 23 febbraio dovrebbe essere completamente assestato\u00bb.<\/p>\n<p>Per quanto riguarda le manifestazioni collaterali domenica mattina, un atleta del Team Red Bull si lancer\u00e0 dall\u2019elicottero per volare a pochi metri dalla neve del Monte Guslon grazie alla tuta alare.<\/p>\n<p>Le iscrizioni chiuderanno raggiunta la quota di 150 squadre, il termine temporale \u00e8 fissato a gioved\u00ec 21 febbraio, mentre per i giovani che correranno la gara di Coppa Italia potranno iscriversi sino a sabato mattina, pagando all\u2019ufficio gare senza nessun problema.<\/p>\n<p>Entrambi i percorsi di gara, come vuole la tradizione della Transcavallo, saranno molto tecnici e spettacolari, ricalcando perfettamente le caratteristiche volute dagli atleti, inoltre se le condizioni lo permetteranno ci sar\u00e0 un\u2019inedita salita sul versante Nord del Guslon. La prima tappa avr\u00e0 un dislivello di sola salita di 1740 metri diluiti in poco pi\u00f9 di quindici chilometri, mentre la prova conclusiva avr\u00e0 un dislivello maggiore, 1923 metri positivi, ma lo sviluppo sar\u00e0 pressoch\u00e9 lo stesso.<\/p>\n<p>Il primo giorno si passer\u00e0 per Cima Vacche, per Val de Piera, si salir\u00e0 verso il Rif. Semenza deviando a quota 1.950 per l\u2019inedita salita sullo spallone sud del Cornor quindi breve discesa e in fine per il Guslon con probabile altro inedito passaggio in salita.<\/p>\n<p>La tappa del 24 febbraio si correr\u00e0 tra Cima Vacche, il Guslon, la Val Salatis, passando per il Casone Campitello, per il Canalino delle Placche, e per la Vallazza. Infine attraverso il Troi de l&#8217;Ors gli atleti ritorneranno sui pendii del Guslon per andare a tagliare il traguardo.<\/p>\n<p>Per maggiori informazioni e per iscriversi \u00e8 attivo il sito <a href=\"http:\/\/www.transcavallo.it\">www.transcavallo.it<\/a>.<\/p>","protected":false},"excerpt":{"rendered":"<p>La macchina organizzativa della Transcavallo \u00e8 a pieno regime, in questi giorni le ultime nevicate hanno reso il tracciato in perfette condizioni. \u00abDopo l\u2019ultima nevicata &#8211; ha detto Vittorio Romor presidente dello sci club Dolomiti ski-alp &#8211; i responsabili del percorso sono andati a fare il sopralluogo del tracciato. In zona partenza, a Col Indes, [&hellip;]<\/p>\n","protected":false},"author":2,"featured_media":0,"comment_status":"closed","ping_status":"open","sticky":false,"template":"","format":"standard","meta":{"footnotes":""},"categories":[25,4],"tags":[],"class_list":["post-46823","post","type-post","status-publish","format-standard","category-pausa-caffe","category-sport"],"yoast_head":"<!-- This site is optimized with the Yoast SEO plugin v28.4 - https:\/\/yoast.com\/product\/yoast-seo-wordpress\/ -->\n<title>Transcavallo. Il 23 e 24 febbraio oltre alla Coppa Italia - Trofeo Scarpa riservato ai giovani ci sar\u00e0 l&#039;esibizione di un atleta Red Bull con la tuta alare - Bellunopress - Dolomiti<\/title>\n<meta name=\"robots\" content=\"index, follow, max-snippet:-1, max-image-preview:large, max-video-preview:-1\" \/>\n<link rel=\"canonical\" href=\"https:\/\/www.bellunopress.it\/fr\/2013\/02\/18\/transcavallo-il-23-e-24-febbraio-oltre-alla-coppa-italia-trofeo-scarpa-riservato-ai-giovani-ci-sara-lesibizione-di-un-atleta-red-bull-con-la-tuta-alare\/\" \/>\n<meta property=\"og:locale\" content=\"fr_FR\" \/>\n<meta property=\"og:type\" content=\"article\" \/>\n<meta property=\"og:title\" content=\"Transcavallo. Il 23 e 24 febbraio oltre alla Coppa Italia - Trofeo Scarpa riservato ai giovani ci sar\u00e0 l&#039;esibizione di un atleta Red Bull con la tuta alare - Bellunopress - Dolomiti\" \/>\n<meta property=\"og:description\" content=\"La macchina organizzativa della Transcavallo \u00e8 a pieno regime, in questi giorni le ultime nevicate hanno reso il tracciato in perfette condizioni. \u00abDopo l\u2019ultima nevicata &#8211; ha detto Vittorio Romor presidente dello sci club Dolomiti ski-alp &#8211; i responsabili del percorso sono andati a fare il sopralluogo del tracciato. In zona partenza, a Col Indes, [&hellip;]\" \/>\n<meta property=\"og:url\" content=\"https:\/\/www.bellunopress.it\/fr\/2013\/02\/18\/transcavallo-il-23-e-24-febbraio-oltre-alla-coppa-italia-trofeo-scarpa-riservato-ai-giovani-ci-sara-lesibizione-di-un-atleta-red-bull-con-la-tuta-alare\/\" \/>\n<meta property=\"og:site_name\" content=\"Bellunopress - Dolomiti\" \/>\n<meta property=\"article:publisher\" content=\"https:\/\/www.facebook.com\/profile.php?id=100008943462799\" \/>\n<meta property=\"article:published_time\" content=\"2013-02-18T12:24:40+00:00\" \/>\n<meta property=\"og:image\" content=\"http:\/\/www.bellunopress.it\/wp-content\/uploads\/2012\/07\/logo-bellunopress-250x250-2012.jpg\" \/>\n<meta name=\"author\" content=\"redazione\" \/>\n<meta name=\"twitter:card\" content=\"summary_large_image\" \/>\n<meta name=\"twitter:creator\" content=\"@bellunopress\" \/>\n<meta name=\"twitter:site\" content=\"@bellunopress\" \/>\n<meta name=\"twitter:label1\" content=\"\u00c9crit par\" \/>\n\t<meta name=\"twitter:data1\" content=\"redazione\" \/>\n\t<meta name=\"twitter:label2\" content=\"Dur\u00e9e de lecture estim\u00e9e\" \/>\n\t<meta name=\"twitter:data2\" content=\"2 minutes\" \/>\n<script type=\"application\/ld+json\" class=\"yoast-schema-graph\">{\"@context\":\"https:\\\/\\\/schema.org\",\"@graph\":[{\"@type\":\"Article\",\"@id\":\"https:\\\/\\\/www.bellunopress.it\\\/2013\\\/02\\\/18\\\/transcavallo-il-23-e-24-febbraio-oltre-alla-coppa-italia-trofeo-scarpa-riservato-ai-giovani-ci-sara-lesibizione-di-un-atleta-red-bull-con-la-tuta-alare\\\/#article\",\"isPartOf\":{\"@id\":\"https:\\\/\\\/www.bellunopress.it\\\/2013\\\/02\\\/18\\\/transcavallo-il-23-e-24-febbraio-oltre-alla-coppa-italia-trofeo-scarpa-riservato-ai-giovani-ci-sara-lesibizione-di-un-atleta-red-bull-con-la-tuta-alare\\\/\"},\"author\":{\"name\":\"redazione\",\"@id\":\"https:\\\/\\\/www.bellunopress.it\\\/#\\\/schema\\\/person\\\/79bb06722b37ece1c03d3e94beb30d73\"},\"headline\":\"Transcavallo. Il 23 e 24 febbraio oltre alla Coppa Italia &#8211; Trofeo Scarpa riservato ai giovani ci sar\u00e0 l&#8217;esibizione di un atleta Red Bull con la tuta alare\",\"datePublished\":\"2013-02-18T12:24:40+00:00\",\"mainEntityOfPage\":{\"@id\":\"https:\\\/\\\/www.bellunopress.it\\\/2013\\\/02\\\/18\\\/transcavallo-il-23-e-24-febbraio-oltre-alla-coppa-italia-trofeo-scarpa-riservato-ai-giovani-ci-sara-lesibizione-di-un-atleta-red-bull-con-la-tuta-alare\\\/\"},\"wordCount\":403,\"publisher\":{\"@id\":\"https:\\\/\\\/www.bellunopress.it\\\/#organization\"},\"articleSection\":[\"Pausa Caff\u00e8\",\"Sport, tempo libero\"],\"inLanguage\":\"fr-FR\"},{\"@type\":\"WebPage\",\"@id\":\"https:\\\/\\\/www.bellunopress.it\\\/2013\\\/02\\\/18\\\/transcavallo-il-23-e-24-febbraio-oltre-alla-coppa-italia-trofeo-scarpa-riservato-ai-giovani-ci-sara-lesibizione-di-un-atleta-red-bull-con-la-tuta-alare\\\/\",\"url\":\"https:\\\/\\\/www.bellunopress.it\\\/2013\\\/02\\\/18\\\/transcavallo-il-23-e-24-febbraio-oltre-alla-coppa-italia-trofeo-scarpa-riservato-ai-giovani-ci-sara-lesibizione-di-un-atleta-red-bull-con-la-tuta-alare\\\/\",\"name\":\"Transcavallo. Il 23 e 24 febbraio oltre alla Coppa Italia - Trofeo Scarpa riservato ai giovani ci sar\u00e0 l'esibizione di un atleta Red Bull con la tuta alare - Bellunopress - Dolomiti\",\"isPartOf\":{\"@id\":\"https:\\\/\\\/www.bellunopress.it\\\/#website\"},\"datePublished\":\"2013-02-18T12:24:40+00:00\",\"breadcrumb\":{\"@id\":\"https:\\\/\\\/www.bellunopress.it\\\/2013\\\/02\\\/18\\\/transcavallo-il-23-e-24-febbraio-oltre-alla-coppa-italia-trofeo-scarpa-riservato-ai-giovani-ci-sara-lesibizione-di-un-atleta-red-bull-con-la-tuta-alare\\\/#breadcrumb\"},\"inLanguage\":\"fr-FR\",\"potentialAction\":[{\"@type\":\"ReadAction\",\"target\":[\"https:\\\/\\\/www.bellunopress.it\\\/2013\\\/02\\\/18\\\/transcavallo-il-23-e-24-febbraio-oltre-alla-coppa-italia-trofeo-scarpa-riservato-ai-giovani-ci-sara-lesibizione-di-un-atleta-red-bull-con-la-tuta-alare\\\/\"]}]},{\"@type\":\"BreadcrumbList\",\"@id\":\"https:\\\/\\\/www.bellunopress.it\\\/2013\\\/02\\\/18\\\/transcavallo-il-23-e-24-febbraio-oltre-alla-coppa-italia-trofeo-scarpa-riservato-ai-giovani-ci-sara-lesibizione-di-un-atleta-red-bull-con-la-tuta-alare\\\/#breadcrumb\",\"itemListElement\":[{\"@type\":\"ListItem\",\"position\":1,\"name\":\"Home\",\"item\":\"https:\\\/\\\/www.bellunopress.it\\\/\"},{\"@type\":\"ListItem\",\"position\":2,\"name\":\"Transcavallo. Il 23 e 24 febbraio oltre alla Coppa Italia &#8211; Trofeo Scarpa riservato ai giovani ci sar\u00e0 l&#8217;esibizione di un atleta Red Bull con la tuta alare\"}]},{\"@type\":\"WebSite\",\"@id\":\"https:\\\/\\\/www.bellunopress.it\\\/#website\",\"url\":\"https:\\\/\\\/www.bellunopress.it\\\/\",\"name\":\"Bellunopress - Dolomiti\",\"description\":\"e-mail: redazione@bellunopress.it\",\"publisher\":{\"@id\":\"https:\\\/\\\/www.bellunopress.it\\\/#organization\"},\"potentialAction\":[{\"@type\":\"SearchAction\",\"target\":{\"@type\":\"EntryPoint\",\"urlTemplate\":\"https:\\\/\\\/www.bellunopress.it\\\/?s={search_term_string}\"},\"query-input\":{\"@type\":\"PropertyValueSpecification\",\"valueRequired\":true,\"valueName\":\"search_term_string\"}}],\"inLanguage\":\"fr-FR\"},{\"@type\":\"Organization\",\"@id\":\"https:\\\/\\\/www.bellunopress.it\\\/#organization\",\"name\":\"Bellunopress\",\"url\":\"https:\\\/\\\/www.bellunopress.it\\\/\",\"logo\":{\"@type\":\"ImageObject\",\"inLanguage\":\"fr-FR\",\"@id\":\"https:\\\/\\\/www.bellunopress.it\\\/#\\\/schema\\\/logo\\\/image\\\/\",\"url\":\"https:\\\/\\\/www.bellunopress.it\\\/wp-content\\\/uploads\\\/2011\\\/05\\\/cropped-logo-bellunopress-.jpg\",\"contentUrl\":\"https:\\\/\\\/www.bellunopress.it\\\/wp-content\\\/uploads\\\/2011\\\/05\\\/cropped-logo-bellunopress-.jpg\",\"width\":512,\"height\":512,\"caption\":\"Bellunopress\"},\"image\":{\"@id\":\"https:\\\/\\\/www.bellunopress.it\\\/#\\\/schema\\\/logo\\\/image\\\/\"},\"sameAs\":[\"https:\\\/\\\/www.facebook.com\\\/profile.php?id=100008943462799\",\"https:\\\/\\\/x.com\\\/bellunopress\",\"https:\\\/\\\/www.linkedin.com\\\/hp\\\/?dnr=JBzUWaJfMUw8vbXJJ2tVW5-I3jZKvC4wsoxE&amp;amp;amp;amp;amp;amp;trk=nav_responsive_tab_home\",\"https:\\\/\\\/www.youtube.com\\\/channel\\\/UCxL0wu1uN0_3_7hGG0306cw\"]},{\"@type\":\"Person\",\"@id\":\"https:\\\/\\\/www.bellunopress.it\\\/#\\\/schema\\\/person\\\/79bb06722b37ece1c03d3e94beb30d73\",\"name\":\"redazione\",\"image\":{\"@type\":\"ImageObject\",\"inLanguage\":\"fr-FR\",\"@id\":\"https:\\\/\\\/secure.gravatar.com\\\/avatar\\\/37d968a2e67a6fd04c169c4bdef102d0bc5d31b2546345219e348575eb80e9a0?s=96&d=mm&r=g\",\"url\":\"https:\\\/\\\/secure.gravatar.com\\\/avatar\\\/37d968a2e67a6fd04c169c4bdef102d0bc5d31b2546345219e348575eb80e9a0?s=96&d=mm&r=g\",\"contentUrl\":\"https:\\\/\\\/secure.gravatar.com\\\/avatar\\\/37d968a2e67a6fd04c169c4bdef102d0bc5d31b2546345219e348575eb80e9a0?s=96&d=mm&r=g\",\"caption\":\"redazione\"},\"sameAs\":[\"http:\\\/\\\/www.bellunopress.it\",\"https:\\\/\\\/x.com\\\/bellunopress\"],\"url\":\"https:\\\/\\\/www.bellunopress.it\\\/fr\\\/author\\\/redazione\\\/\"}]}<\/script>\n<!-- \/ Yoast SEO plugin. -->","yoast_head_json":{"title":"Transcavallo. Il 23 e 24 febbraio oltre alla Coppa Italia - Trofeo Scarpa riservato ai giovani ci sar\u00e0 l'esibizione di un atleta Red Bull con la tuta alare - Bellunopress - Dolomiti","robots":{"index":"index","follow":"follow","max-snippet":"max-snippet:-1","max-image-preview":"max-image-preview:large","max-video-preview":"max-video-preview:-1"},"canonical":"https:\/\/www.bellunopress.it\/fr\/2013\/02\/18\/transcavallo-il-23-e-24-febbraio-oltre-alla-coppa-italia-trofeo-scarpa-riservato-ai-giovani-ci-sara-lesibizione-di-un-atleta-red-bull-con-la-tuta-alare\/","og_locale":"fr_FR","og_type":"article","og_title":"Transcavallo. Il 23 e 24 febbraio oltre alla Coppa Italia - Trofeo Scarpa riservato ai giovani ci sar\u00e0 l'esibizione di un atleta Red Bull con la tuta alare - Bellunopress - Dolomiti","og_description":"La macchina organizzativa della Transcavallo \u00e8 a pieno regime, in questi giorni le ultime nevicate hanno reso il tracciato in perfette condizioni. \u00abDopo l\u2019ultima nevicata &#8211; ha detto Vittorio Romor presidente dello sci club Dolomiti ski-alp &#8211; i responsabili del percorso sono andati a fare il sopralluogo del tracciato. In zona partenza, a Col Indes, [&hellip;]","og_url":"https:\/\/www.bellunopress.it\/fr\/2013\/02\/18\/transcavallo-il-23-e-24-febbraio-oltre-alla-coppa-italia-trofeo-scarpa-riservato-ai-giovani-ci-sara-lesibizione-di-un-atleta-red-bull-con-la-tuta-alare\/","og_site_name":"Bellunopress - Dolomiti","article_publisher":"https:\/\/www.facebook.com\/profile.php?id=100008943462799","article_published_time":"2013-02-18T12:24:40+00:00","og_image":[{"url":"http:\/\/www.bellunopress.it\/wp-content\/uploads\/2012\/07\/logo-bellunopress-250x250-2012.jpg","type":"","width":"","height":""}],"author":"redazione","twitter_card":"summary_large_image","twitter_creator":"@bellunopress","twitter_site":"@bellunopress","twitter_misc":{"\u00c9crit par":"redazione","Dur\u00e9e de lecture estim\u00e9e":"2 minutes"},"schema":{"@context":"https:\/\/schema.org","@graph":[{"@type":"Article","@id":"https:\/\/www.bellunopress.it\/2013\/02\/18\/transcavallo-il-23-e-24-febbraio-oltre-alla-coppa-italia-trofeo-scarpa-riservato-ai-giovani-ci-sara-lesibizione-di-un-atleta-red-bull-con-la-tuta-alare\/#article","isPartOf":{"@id":"https:\/\/www.bellunopress.it\/2013\/02\/18\/transcavallo-il-23-e-24-febbraio-oltre-alla-coppa-italia-trofeo-scarpa-riservato-ai-giovani-ci-sara-lesibizione-di-un-atleta-red-bull-con-la-tuta-alare\/"},"author":{"name":"redazione","@id":"https:\/\/www.bellunopress.it\/#\/schema\/person\/79bb06722b37ece1c03d3e94beb30d73"},"headline":"Transcavallo. Il 23 e 24 febbraio oltre alla Coppa Italia &#8211; Trofeo Scarpa riservato ai giovani ci sar\u00e0 l&#8217;esibizione di un atleta Red Bull con la tuta alare","datePublished":"2013-02-18T12:24:40+00:00","mainEntityOfPage":{"@id":"https:\/\/www.bellunopress.it\/2013\/02\/18\/transcavallo-il-23-e-24-febbraio-oltre-alla-coppa-italia-trofeo-scarpa-riservato-ai-giovani-ci-sara-lesibizione-di-un-atleta-red-bull-con-la-tuta-alare\/"},"wordCount":403,"publisher":{"@id":"https:\/\/www.bellunopress.it\/#organization"},"articleSection":["Pausa Caff\u00e8","Sport, tempo libero"],"inLanguage":"fr-FR"},{"@type":"WebPage","@id":"https:\/\/www.bellunopress.it\/2013\/02\/18\/transcavallo-il-23-e-24-febbraio-oltre-alla-coppa-italia-trofeo-scarpa-riservato-ai-giovani-ci-sara-lesibizione-di-un-atleta-red-bull-con-la-tuta-alare\/","url":"https:\/\/www.bellunopress.it\/2013\/02\/18\/transcavallo-il-23-e-24-febbraio-oltre-alla-coppa-italia-trofeo-scarpa-riservato-ai-giovani-ci-sara-lesibizione-di-un-atleta-red-bull-con-la-tuta-alare\/","name":"Transcavallo. Il 23 e 24 febbraio oltre alla Coppa Italia - Trofeo Scarpa riservato ai giovani ci sar\u00e0 l'esibizione di un atleta Red Bull con la tuta alare - Bellunopress - Dolomiti","isPartOf":{"@id":"https:\/\/www.bellunopress.it\/#website"},"datePublished":"2013-02-18T12:24:40+00:00","breadcrumb":{"@id":"https:\/\/www.bellunopress.it\/2013\/02\/18\/transcavallo-il-23-e-24-febbraio-oltre-alla-coppa-italia-trofeo-scarpa-riservato-ai-giovani-ci-sara-lesibizione-di-un-atleta-red-bull-con-la-tuta-alare\/#breadcrumb"},"inLanguage":"fr-FR","potentialAction":[{"@type":"ReadAction","target":["https:\/\/www.bellunopress.it\/2013\/02\/18\/transcavallo-il-23-e-24-febbraio-oltre-alla-coppa-italia-trofeo-scarpa-riservato-ai-giovani-ci-sara-lesibizione-di-un-atleta-red-bull-con-la-tuta-alare\/"]}]},{"@type":"BreadcrumbList","@id":"https:\/\/www.bellunopress.it\/2013\/02\/18\/transcavallo-il-23-e-24-febbraio-oltre-alla-coppa-italia-trofeo-scarpa-riservato-ai-giovani-ci-sara-lesibizione-di-un-atleta-red-bull-con-la-tuta-alare\/#breadcrumb","itemListElement":[{"@type":"ListItem","position":1,"name":"Home","item":"https:\/\/www.bellunopress.it\/"},{"@type":"ListItem","position":2,"name":"Transcavallo. Il 23 e 24 febbraio oltre alla Coppa Italia &#8211; Trofeo Scarpa riservato ai giovani ci sar\u00e0 l&#8217;esibizione di un atleta Red Bull con la tuta alare"}]},{"@type":"WebSite","@id":"https:\/\/www.bellunopress.it\/#website","url":"https:\/\/www.bellunopress.it\/","name":"Bellunopress - Dolomiti","description":"e-mail: redazione@bellunopress.it","publisher":{"@id":"https:\/\/www.bellunopress.it\/#organization"},"potentialAction":[{"@type":"SearchAction","target":{"@type":"EntryPoint","urlTemplate":"https:\/\/www.bellunopress.it\/?s={search_term_string}"},"query-input":{"@type":"PropertyValueSpecification","valueRequired":true,"valueName":"search_term_string"}}],"inLanguage":"fr-FR"},{"@type":"Organization","@id":"https:\/\/www.bellunopress.it\/#organization","name":"Bellunopress","url":"https:\/\/www.bellunopress.it\/","logo":{"@type":"ImageObject","inLanguage":"fr-FR","@id":"https:\/\/www.bellunopress.it\/#\/schema\/logo\/image\/","url":"https:\/\/www.bellunopress.it\/wp-content\/uploads\/2011\/05\/cropped-logo-bellunopress-.jpg","contentUrl":"https:\/\/www.bellunopress.it\/wp-content\/uploads\/2011\/05\/cropped-logo-bellunopress-.jpg","width":512,"height":512,"caption":"Bellunopress"},"image":{"@id":"https:\/\/www.bellunopress.it\/#\/schema\/logo\/image\/"},"sameAs":["https:\/\/www.facebook.com\/profile.php?id=100008943462799","https:\/\/x.com\/bellunopress","https:\/\/www.linkedin.com\/hp\/?dnr=JBzUWaJfMUw8vbXJJ2tVW5-I3jZKvC4wsoxE&amp;amp;amp;amp;amp;amp;trk=nav_responsive_tab_home","https:\/\/www.youtube.com\/channel\/UCxL0wu1uN0_3_7hGG0306cw"]},{"@type":"Person","@id":"https:\/\/www.bellunopress.it\/#\/schema\/person\/79bb06722b37ece1c03d3e94beb30d73","name":"r\u00e9daction","image":{"@type":"ImageObject","inLanguage":"fr-FR","@id":"https:\/\/secure.gravatar.com\/avatar\/37d968a2e67a6fd04c169c4bdef102d0bc5d31b2546345219e348575eb80e9a0?s=96&d=mm&r=g","url":"https:\/\/secure.gravatar.com\/avatar\/37d968a2e67a6fd04c169c4bdef102d0bc5d31b2546345219e348575eb80e9a0?s=96&d=mm&r=g","contentUrl":"https:\/\/secure.gravatar.com\/avatar\/37d968a2e67a6fd04c169c4bdef102d0bc5d31b2546345219e348575eb80e9a0?s=96&d=mm&r=g","caption":"redazione"},"sameAs":["http:\/\/www.bellunopress.it","https:\/\/x.com\/bellunopress"],"url":"https:\/\/www.bellunopress.it\/fr\/author\/redazione\/"}]}},"_links":{"self":[{"href":"https:\/\/www.bellunopress.it\/fr\/wp-json\/wp\/v2\/posts\/46823","targetHints":{"allow":["GET"]}}],"collection":[{"href":"https:\/\/www.bellunopress.it\/fr\/wp-json\/wp\/v2\/posts"}],"about":[{"href":"https:\/\/www.bellunopress.it\/fr\/wp-json\/wp\/v2\/types\/post"}],"author":[{"embeddable":true,"href":"https:\/\/www.bellunopress.it\/fr\/wp-json\/wp\/v2\/users\/2"}],"replies":[{"embeddable":true,"href":"https:\/\/www.bellunopress.it\/fr\/wp-json\/wp\/v2\/comments?post=46823"}],"version-history":[{"count":1,"href":"https:\/\/www.bellunopress.it\/fr\/wp-json\/wp\/v2\/posts\/46823\/revisions"}],"predecessor-version":[{"id":46824,"href":"https:\/\/www.bellunopress.it\/fr\/wp-json\/wp\/v2\/posts\/46823\/revisions\/46824"}],"wp:attachment":[{"href":"https:\/\/www.bellunopress.it\/fr\/wp-json\/wp\/v2\/media?parent=46823"}],"wp:term":[{"taxonomy":"category","embeddable":true,"href":"https:\/\/www.bellunopress.it\/fr\/wp-json\/wp\/v2\/categories?post=46823"},{"taxonomy":"post_tag","embeddable":true,"href":"https:\/\/www.bellunopress.it\/fr\/wp-json\/wp\/v2\/tags?post=46823"}],"curies":[{"name":"wp","href":"https:\/\/api.w.org\/{rel}","templated":true}]}}