{"id":46818,"date":"2013-02-19T09:28:13","date_gmt":"2013-02-19T08:28:13","guid":{"rendered":"http:\/\/www.bellunopress.it\/?p=46818"},"modified":"2013-02-17T09:30:41","modified_gmt":"2013-02-17T08:30:41","slug":"giocano-le-parole-giovedi-21-febbraio-alla-libreria-tarantola-la-presentazione-del-libro-di-edoardo-comiotto","status":"publish","type":"post","link":"https:\/\/www.bellunopress.it\/fr\/2013\/02\/19\/giocano-le-parole-giovedi-21-febbraio-alla-libreria-tarantola-la-presentazione-del-libro-di-edoardo-comiotto\/","title":{"rendered":"&#8220;Giocano le parole&#8221;, gioved\u00ec 21 febbraio alla Libreria Tarantola la presentazione del libro di Edoardo Comiotto"},"content":{"rendered":"<p>Il fortunato libro di filastrocche \u201cGiocano le parole\u201d di Edoardo Comiotto , illustrato a colori dalla sensibile e fantasiosa Marta Farina, sar\u00e0 presentato gioved\u00ec 21 febbraio alle ore 17 presso la storica libreria di Alessandro Tarantola sita sotto i portici della centrale Piazza dei Martiri di Belluno.<\/p>\n<p>Questo grazioso volume, ha trovato un notevole apprezzamento da parte dei lettori, tant\u2019\u00e8 che le librerie stanno esaurendo le ultime copie. Ovviamente la pubblicazione sar\u00e0 ristampata a cura dell\u2019Editore Kellermann che con questo libro ha dato saggio di professionalit\u00e0 e di particolare cura nell\u2019edizione dandone una veste gioiosa e accattivante. Come gli amanti del libro sanno, la copia pi\u00f9 preziosa \u00e8 quella della prima edizione e la stessa sar\u00e0 ancora disponibile in questa presentazione coordinata da Silvia, che riuscir\u00e0 con la sua simpatia a mettere a proprio agio i bambini di oggi e di ieri.<\/p>\n<p>L\u2019autore Edoardo Comiotto interpreter\u00e0 alcune filastrocche, che certamente riusciranno a coinvolgere i bambini e far sorridere i meno giovani.<\/p>\n<p>Il successo di questo libro \u00e8 anche da ricercarsi nelle finalit\u00e0 dello stesso poich\u00e9 il ricavato della vendita del volume \u00e8 interamente destinato all\u2019Associazione \u201cSofia\u201d Onlus per i bambini trapiantati di fegato e con malattie epatiche e intestinali gravi e invalidanti. Alla presentazione sar\u00e0 presente anche il Vice Presidente dell\u2019Associazione Pierpaolo De Paris.<\/p>\n<p>&nbsp;<\/p>","protected":false},"excerpt":{"rendered":"<p>Il fortunato libro di filastrocche \u201cGiocano le parole\u201d di Edoardo Comiotto , illustrato a colori dalla sensibile e fantasiosa Marta Farina, sar\u00e0 presentato gioved\u00ec 21 febbraio alle ore 17 presso la storica libreria di Alessandro Tarantola sita sotto i portici della centrale Piazza dei Martiri di Belluno. Questo grazioso volume, ha trovato un notevole apprezzamento [&hellip;]<\/p>\n","protected":false},"author":2,"featured_media":0,"comment_status":"closed","ping_status":"open","sticky":false,"template":"","format":"standard","meta":{"footnotes":""},"categories":[27,3,25],"tags":[],"class_list":["post-46818","post","type-post","status-publish","format-standard","category-appuntamenti","category-arte-cultura-spettacoli-scienza-archivi","category-pausa-caffe"],"yoast_head":"<!-- This site is optimized with the Yoast SEO plugin v28.4 - https:\/\/yoast.com\/product\/yoast-seo-wordpress\/ -->\n<title>&quot;Giocano le parole&quot;, gioved\u00ec 21 febbraio alla Libreria Tarantola la presentazione del libro di Edoardo Comiotto - Bellunopress - Dolomiti<\/title>\n<meta name=\"robots\" content=\"index, follow, max-snippet:-1, max-image-preview:large, max-video-preview:-1\" \/>\n<link rel=\"canonical\" href=\"https:\/\/www.bellunopress.it\/fr\/2013\/02\/19\/giocano-le-parole-giovedi-21-febbraio-alla-libreria-tarantola-la-presentazione-del-libro-di-edoardo-comiotto\/\" \/>\n<meta property=\"og:locale\" content=\"fr_FR\" \/>\n<meta property=\"og:type\" content=\"article\" \/>\n<meta property=\"og:title\" content=\"&quot;Giocano le parole&quot;, gioved\u00ec 21 febbraio alla Libreria Tarantola la presentazione del libro di Edoardo Comiotto - Bellunopress - Dolomiti\" \/>\n<meta property=\"og:description\" content=\"Il fortunato libro di filastrocche \u201cGiocano le parole\u201d di Edoardo Comiotto , illustrato a colori dalla sensibile e fantasiosa Marta Farina, sar\u00e0 presentato gioved\u00ec 21 febbraio alle ore 17 presso la storica libreria di Alessandro Tarantola sita sotto i portici della centrale Piazza dei Martiri di Belluno. Questo grazioso volume, ha trovato un notevole apprezzamento [&hellip;]\" \/>\n<meta property=\"og:url\" content=\"https:\/\/www.bellunopress.it\/fr\/2013\/02\/19\/giocano-le-parole-giovedi-21-febbraio-alla-libreria-tarantola-la-presentazione-del-libro-di-edoardo-comiotto\/\" \/>\n<meta property=\"og:site_name\" content=\"Bellunopress - Dolomiti\" \/>\n<meta property=\"article:publisher\" content=\"https:\/\/www.facebook.com\/profile.php?id=100008943462799\" \/>\n<meta property=\"article:published_time\" content=\"2013-02-19T08:28:13+00:00\" \/>\n<meta property=\"og:image\" content=\"http:\/\/www.bellunopress.it\/wp-content\/uploads\/2012\/07\/logo-bellunopress-250x250-2012.jpg\" \/>\n<meta name=\"author\" content=\"redazione\" \/>\n<meta name=\"twitter:card\" content=\"summary_large_image\" \/>\n<meta name=\"twitter:creator\" content=\"@bellunopress\" \/>\n<meta name=\"twitter:site\" content=\"@bellunopress\" \/>\n<meta name=\"twitter:label1\" content=\"Written by\" \/>\n\t<meta name=\"twitter:data1\" content=\"redazione\" \/>\n\t<meta name=\"twitter:label2\" content=\"Est. reading time\" \/>\n\t<meta name=\"twitter:data2\" content=\"1 minute\" \/>\n<script type=\"application\/ld+json\" class=\"yoast-schema-graph\">{\"@context\":\"https:\\\/\\\/schema.org\",\"@graph\":[{\"@type\":\"Article\",\"@id\":\"https:\\\/\\\/www.bellunopress.it\\\/2013\\\/02\\\/19\\\/giocano-le-parole-giovedi-21-febbraio-alla-libreria-tarantola-la-presentazione-del-libro-di-edoardo-comiotto\\\/#article\",\"isPartOf\":{\"@id\":\"https:\\\/\\\/www.bellunopress.it\\\/2013\\\/02\\\/19\\\/giocano-le-parole-giovedi-21-febbraio-alla-libreria-tarantola-la-presentazione-del-libro-di-edoardo-comiotto\\\/\"},\"author\":{\"name\":\"redazione\",\"@id\":\"https:\\\/\\\/www.bellunopress.it\\\/#\\\/schema\\\/person\\\/79bb06722b37ece1c03d3e94beb30d73\"},\"headline\":\"&#8220;Giocano le parole&#8221;, gioved\u00ec 21 febbraio alla Libreria Tarantola la presentazione del libro di Edoardo Comiotto\",\"datePublished\":\"2013-02-19T08:28:13+00:00\",\"mainEntityOfPage\":{\"@id\":\"https:\\\/\\\/www.bellunopress.it\\\/2013\\\/02\\\/19\\\/giocano-le-parole-giovedi-21-febbraio-alla-libreria-tarantola-la-presentazione-del-libro-di-edoardo-comiotto\\\/\"},\"wordCount\":229,\"publisher\":{\"@id\":\"https:\\\/\\\/www.bellunopress.it\\\/#organization\"},\"articleSection\":[\"Appuntamenti, Eventi\",\"Arte, Cultura, Spettacoli, Scienza\",\"Pausa Caff\u00e8\"],\"inLanguage\":\"fr-FR\"},{\"@type\":\"WebPage\",\"@id\":\"https:\\\/\\\/www.bellunopress.it\\\/2013\\\/02\\\/19\\\/giocano-le-parole-giovedi-21-febbraio-alla-libreria-tarantola-la-presentazione-del-libro-di-edoardo-comiotto\\\/\",\"url\":\"https:\\\/\\\/www.bellunopress.it\\\/2013\\\/02\\\/19\\\/giocano-le-parole-giovedi-21-febbraio-alla-libreria-tarantola-la-presentazione-del-libro-di-edoardo-comiotto\\\/\",\"name\":\"\\\"Giocano le parole\\\", gioved\u00ec 21 febbraio alla Libreria Tarantola la presentazione del libro di Edoardo Comiotto - Bellunopress - Dolomiti\",\"isPartOf\":{\"@id\":\"https:\\\/\\\/www.bellunopress.it\\\/#website\"},\"datePublished\":\"2013-02-19T08:28:13+00:00\",\"breadcrumb\":{\"@id\":\"https:\\\/\\\/www.bellunopress.it\\\/2013\\\/02\\\/19\\\/giocano-le-parole-giovedi-21-febbraio-alla-libreria-tarantola-la-presentazione-del-libro-di-edoardo-comiotto\\\/#breadcrumb\"},\"inLanguage\":\"fr-FR\",\"potentialAction\":[{\"@type\":\"ReadAction\",\"target\":[\"https:\\\/\\\/www.bellunopress.it\\\/2013\\\/02\\\/19\\\/giocano-le-parole-giovedi-21-febbraio-alla-libreria-tarantola-la-presentazione-del-libro-di-edoardo-comiotto\\\/\"]}]},{\"@type\":\"BreadcrumbList\",\"@id\":\"https:\\\/\\\/www.bellunopress.it\\\/2013\\\/02\\\/19\\\/giocano-le-parole-giovedi-21-febbraio-alla-libreria-tarantola-la-presentazione-del-libro-di-edoardo-comiotto\\\/#breadcrumb\",\"itemListElement\":[{\"@type\":\"ListItem\",\"position\":1,\"name\":\"Home\",\"item\":\"https:\\\/\\\/www.bellunopress.it\\\/\"},{\"@type\":\"ListItem\",\"position\":2,\"name\":\"&#8220;Giocano le parole&#8221;, gioved\u00ec 21 febbraio alla Libreria Tarantola la presentazione del libro di Edoardo Comiotto\"}]},{\"@type\":\"WebSite\",\"@id\":\"https:\\\/\\\/www.bellunopress.it\\\/#website\",\"url\":\"https:\\\/\\\/www.bellunopress.it\\\/\",\"name\":\"Bellunopress - Dolomiti\",\"description\":\"e-mail: redazione@bellunopress.it\",\"publisher\":{\"@id\":\"https:\\\/\\\/www.bellunopress.it\\\/#organization\"},\"potentialAction\":[{\"@type\":\"SearchAction\",\"target\":{\"@type\":\"EntryPoint\",\"urlTemplate\":\"https:\\\/\\\/www.bellunopress.it\\\/?s={search_term_string}\"},\"query-input\":{\"@type\":\"PropertyValueSpecification\",\"valueRequired\":true,\"valueName\":\"search_term_string\"}}],\"inLanguage\":\"fr-FR\"},{\"@type\":\"Organization\",\"@id\":\"https:\\\/\\\/www.bellunopress.it\\\/#organization\",\"name\":\"Bellunopress\",\"url\":\"https:\\\/\\\/www.bellunopress.it\\\/\",\"logo\":{\"@type\":\"ImageObject\",\"inLanguage\":\"fr-FR\",\"@id\":\"https:\\\/\\\/www.bellunopress.it\\\/#\\\/schema\\\/logo\\\/image\\\/\",\"url\":\"https:\\\/\\\/www.bellunopress.it\\\/wp-content\\\/uploads\\\/2011\\\/05\\\/cropped-logo-bellunopress-.jpg\",\"contentUrl\":\"https:\\\/\\\/www.bellunopress.it\\\/wp-content\\\/uploads\\\/2011\\\/05\\\/cropped-logo-bellunopress-.jpg\",\"width\":512,\"height\":512,\"caption\":\"Bellunopress\"},\"image\":{\"@id\":\"https:\\\/\\\/www.bellunopress.it\\\/#\\\/schema\\\/logo\\\/image\\\/\"},\"sameAs\":[\"https:\\\/\\\/www.facebook.com\\\/profile.php?id=100008943462799\",\"https:\\\/\\\/x.com\\\/bellunopress\",\"https:\\\/\\\/www.linkedin.com\\\/hp\\\/?dnr=JBzUWaJfMUw8vbXJJ2tVW5-I3jZKvC4wsoxE&amp;amp;amp;amp;amp;amp;trk=nav_responsive_tab_home\",\"https:\\\/\\\/www.youtube.com\\\/channel\\\/UCxL0wu1uN0_3_7hGG0306cw\"]},{\"@type\":\"Person\",\"@id\":\"https:\\\/\\\/www.bellunopress.it\\\/#\\\/schema\\\/person\\\/79bb06722b37ece1c03d3e94beb30d73\",\"name\":\"redazione\",\"image\":{\"@type\":\"ImageObject\",\"inLanguage\":\"fr-FR\",\"@id\":\"https:\\\/\\\/secure.gravatar.com\\\/avatar\\\/37d968a2e67a6fd04c169c4bdef102d0bc5d31b2546345219e348575eb80e9a0?s=96&d=mm&r=g\",\"url\":\"https:\\\/\\\/secure.gravatar.com\\\/avatar\\\/37d968a2e67a6fd04c169c4bdef102d0bc5d31b2546345219e348575eb80e9a0?s=96&d=mm&r=g\",\"contentUrl\":\"https:\\\/\\\/secure.gravatar.com\\\/avatar\\\/37d968a2e67a6fd04c169c4bdef102d0bc5d31b2546345219e348575eb80e9a0?s=96&d=mm&r=g\",\"caption\":\"redazione\"},\"sameAs\":[\"http:\\\/\\\/www.bellunopress.it\",\"https:\\\/\\\/x.com\\\/bellunopress\"],\"url\":\"https:\\\/\\\/www.bellunopress.it\\\/fr\\\/author\\\/redazione\\\/\"}]}<\/script>\n<!-- \/ Yoast SEO plugin. -->","yoast_head_json":{"title":"\"Giocano le parole\", gioved\u00ec 21 febbraio alla Libreria Tarantola la presentazione del libro di Edoardo Comiotto - Bellunopress - Dolomiti","robots":{"index":"index","follow":"follow","max-snippet":"max-snippet:-1","max-image-preview":"max-image-preview:large","max-video-preview":"max-video-preview:-1"},"canonical":"https:\/\/www.bellunopress.it\/fr\/2013\/02\/19\/giocano-le-parole-giovedi-21-febbraio-alla-libreria-tarantola-la-presentazione-del-libro-di-edoardo-comiotto\/","og_locale":"fr_FR","og_type":"article","og_title":"\"Giocano le parole\", gioved\u00ec 21 febbraio alla Libreria Tarantola la presentazione del libro di Edoardo Comiotto - Bellunopress - Dolomiti","og_description":"Il fortunato libro di filastrocche \u201cGiocano le parole\u201d di Edoardo Comiotto , illustrato a colori dalla sensibile e fantasiosa Marta Farina, sar\u00e0 presentato gioved\u00ec 21 febbraio alle ore 17 presso la storica libreria di Alessandro Tarantola sita sotto i portici della centrale Piazza dei Martiri di Belluno. Questo grazioso volume, ha trovato un notevole apprezzamento [&hellip;]","og_url":"https:\/\/www.bellunopress.it\/fr\/2013\/02\/19\/giocano-le-parole-giovedi-21-febbraio-alla-libreria-tarantola-la-presentazione-del-libro-di-edoardo-comiotto\/","og_site_name":"Bellunopress - Dolomiti","article_publisher":"https:\/\/www.facebook.com\/profile.php?id=100008943462799","article_published_time":"2013-02-19T08:28:13+00:00","og_image":[{"url":"http:\/\/www.bellunopress.it\/wp-content\/uploads\/2012\/07\/logo-bellunopress-250x250-2012.jpg","type":"","width":"","height":""}],"author":"redazione","twitter_card":"summary_large_image","twitter_creator":"@bellunopress","twitter_site":"@bellunopress","twitter_misc":{"Written by":"redazione","Est. reading time":"1 minute"},"schema":{"@context":"https:\/\/schema.org","@graph":[{"@type":"Article","@id":"https:\/\/www.bellunopress.it\/2013\/02\/19\/giocano-le-parole-giovedi-21-febbraio-alla-libreria-tarantola-la-presentazione-del-libro-di-edoardo-comiotto\/#article","isPartOf":{"@id":"https:\/\/www.bellunopress.it\/2013\/02\/19\/giocano-le-parole-giovedi-21-febbraio-alla-libreria-tarantola-la-presentazione-del-libro-di-edoardo-comiotto\/"},"author":{"name":"redazione","@id":"https:\/\/www.bellunopress.it\/#\/schema\/person\/79bb06722b37ece1c03d3e94beb30d73"},"headline":"&#8220;Giocano le parole&#8221;, gioved\u00ec 21 febbraio alla Libreria Tarantola la presentazione del libro di Edoardo Comiotto","datePublished":"2013-02-19T08:28:13+00:00","mainEntityOfPage":{"@id":"https:\/\/www.bellunopress.it\/2013\/02\/19\/giocano-le-parole-giovedi-21-febbraio-alla-libreria-tarantola-la-presentazione-del-libro-di-edoardo-comiotto\/"},"wordCount":229,"publisher":{"@id":"https:\/\/www.bellunopress.it\/#organization"},"articleSection":["Appuntamenti, Eventi","Arte, Cultura, Spettacoli, Scienza","Pausa Caff\u00e8"],"inLanguage":"fr-FR"},{"@type":"WebPage","@id":"https:\/\/www.bellunopress.it\/2013\/02\/19\/giocano-le-parole-giovedi-21-febbraio-alla-libreria-tarantola-la-presentazione-del-libro-di-edoardo-comiotto\/","url":"https:\/\/www.bellunopress.it\/2013\/02\/19\/giocano-le-parole-giovedi-21-febbraio-alla-libreria-tarantola-la-presentazione-del-libro-di-edoardo-comiotto\/","name":"\"Giocano le parole\", gioved\u00ec 21 febbraio alla Libreria Tarantola la presentazione del libro di Edoardo Comiotto - Bellunopress - Dolomiti","isPartOf":{"@id":"https:\/\/www.bellunopress.it\/#website"},"datePublished":"2013-02-19T08:28:13+00:00","breadcrumb":{"@id":"https:\/\/www.bellunopress.it\/2013\/02\/19\/giocano-le-parole-giovedi-21-febbraio-alla-libreria-tarantola-la-presentazione-del-libro-di-edoardo-comiotto\/#breadcrumb"},"inLanguage":"fr-FR","potentialAction":[{"@type":"ReadAction","target":["https:\/\/www.bellunopress.it\/2013\/02\/19\/giocano-le-parole-giovedi-21-febbraio-alla-libreria-tarantola-la-presentazione-del-libro-di-edoardo-comiotto\/"]}]},{"@type":"BreadcrumbList","@id":"https:\/\/www.bellunopress.it\/2013\/02\/19\/giocano-le-parole-giovedi-21-febbraio-alla-libreria-tarantola-la-presentazione-del-libro-di-edoardo-comiotto\/#breadcrumb","itemListElement":[{"@type":"ListItem","position":1,"name":"Home","item":"https:\/\/www.bellunopress.it\/"},{"@type":"ListItem","position":2,"name":"&#8220;Giocano le parole&#8221;, gioved\u00ec 21 febbraio alla Libreria Tarantola la presentazione del libro di Edoardo Comiotto"}]},{"@type":"WebSite","@id":"https:\/\/www.bellunopress.it\/#website","url":"https:\/\/www.bellunopress.it\/","name":"Bellunopress - Dolomiti","description":"e-mail: redazione@bellunopress.it","publisher":{"@id":"https:\/\/www.bellunopress.it\/#organization"},"potentialAction":[{"@type":"SearchAction","target":{"@type":"EntryPoint","urlTemplate":"https:\/\/www.bellunopress.it\/?s={search_term_string}"},"query-input":{"@type":"PropertyValueSpecification","valueRequired":true,"valueName":"search_term_string"}}],"inLanguage":"fr-FR"},{"@type":"Organization","@id":"https:\/\/www.bellunopress.it\/#organization","name":"Bellunopress","url":"https:\/\/www.bellunopress.it\/","logo":{"@type":"ImageObject","inLanguage":"fr-FR","@id":"https:\/\/www.bellunopress.it\/#\/schema\/logo\/image\/","url":"https:\/\/www.bellunopress.it\/wp-content\/uploads\/2011\/05\/cropped-logo-bellunopress-.jpg","contentUrl":"https:\/\/www.bellunopress.it\/wp-content\/uploads\/2011\/05\/cropped-logo-bellunopress-.jpg","width":512,"height":512,"caption":"Bellunopress"},"image":{"@id":"https:\/\/www.bellunopress.it\/#\/schema\/logo\/image\/"},"sameAs":["https:\/\/www.facebook.com\/profile.php?id=100008943462799","https:\/\/x.com\/bellunopress","https:\/\/www.linkedin.com\/hp\/?dnr=JBzUWaJfMUw8vbXJJ2tVW5-I3jZKvC4wsoxE&amp;amp;amp;amp;amp;amp;trk=nav_responsive_tab_home","https:\/\/www.youtube.com\/channel\/UCxL0wu1uN0_3_7hGG0306cw"]},{"@type":"Person","@id":"https:\/\/www.bellunopress.it\/#\/schema\/person\/79bb06722b37ece1c03d3e94beb30d73","name":"r\u00e9daction","image":{"@type":"ImageObject","inLanguage":"fr-FR","@id":"https:\/\/secure.gravatar.com\/avatar\/37d968a2e67a6fd04c169c4bdef102d0bc5d31b2546345219e348575eb80e9a0?s=96&d=mm&r=g","url":"https:\/\/secure.gravatar.com\/avatar\/37d968a2e67a6fd04c169c4bdef102d0bc5d31b2546345219e348575eb80e9a0?s=96&d=mm&r=g","contentUrl":"https:\/\/secure.gravatar.com\/avatar\/37d968a2e67a6fd04c169c4bdef102d0bc5d31b2546345219e348575eb80e9a0?s=96&d=mm&r=g","caption":"redazione"},"sameAs":["http:\/\/www.bellunopress.it","https:\/\/x.com\/bellunopress"],"url":"https:\/\/www.bellunopress.it\/fr\/author\/redazione\/"}]}},"_links":{"self":[{"href":"https:\/\/www.bellunopress.it\/fr\/wp-json\/wp\/v2\/posts\/46818","targetHints":{"allow":["GET"]}}],"collection":[{"href":"https:\/\/www.bellunopress.it\/fr\/wp-json\/wp\/v2\/posts"}],"about":[{"href":"https:\/\/www.bellunopress.it\/fr\/wp-json\/wp\/v2\/types\/post"}],"author":[{"embeddable":true,"href":"https:\/\/www.bellunopress.it\/fr\/wp-json\/wp\/v2\/users\/2"}],"replies":[{"embeddable":true,"href":"https:\/\/www.bellunopress.it\/fr\/wp-json\/wp\/v2\/comments?post=46818"}],"version-history":[{"count":1,"href":"https:\/\/www.bellunopress.it\/fr\/wp-json\/wp\/v2\/posts\/46818\/revisions"}],"predecessor-version":[{"id":46819,"href":"https:\/\/www.bellunopress.it\/fr\/wp-json\/wp\/v2\/posts\/46818\/revisions\/46819"}],"wp:attachment":[{"href":"https:\/\/www.bellunopress.it\/fr\/wp-json\/wp\/v2\/media?parent=46818"}],"wp:term":[{"taxonomy":"category","embeddable":true,"href":"https:\/\/www.bellunopress.it\/fr\/wp-json\/wp\/v2\/categories?post=46818"},{"taxonomy":"post_tag","embeddable":true,"href":"https:\/\/www.bellunopress.it\/fr\/wp-json\/wp\/v2\/tags?post=46818"}],"curies":[{"name":"wp","href":"https:\/\/api.w.org\/{rel}","templated":true}]}}