{"id":46794,"date":"2013-02-18T06:35:18","date_gmt":"2013-02-18T05:35:18","guid":{"rendered":"http:\/\/www.bellunopress.it\/?p=46794"},"modified":"2013-02-16T19:37:33","modified_gmt":"2013-02-16T18:37:33","slug":"feltre-rende-omaggio-a-manzoni-nel-140mo-dalla-scomparsa-domenica-24-febbraio-i-promessi-sposi-in-lettura-a-feltre-per-tutta-la-giornata","status":"publish","type":"post","link":"https:\/\/www.bellunopress.it\/fr\/2013\/02\/18\/feltre-rende-omaggio-a-manzoni-nel-140mo-dalla-scomparsa-domenica-24-febbraio-i-promessi-sposi-in-lettura-a-feltre-per-tutta-la-giornata\/","title":{"rendered":"Feltre rende omaggio a Manzoni nel 140mo dalla scomparsa. Domenica 24 febbraio &#8220;I Promessi Sposi&#8221; in lettura a Feltre per tutta la giornata"},"content":{"rendered":"<p>A 140 anni dalla scomparsa di Alessandro Manzoni Feltre rende omaggio ai promessi sposi con le voci dei donatori del Centro Internazionale del Libro Parlato. Il 24 febbraio, a partire dalle 10, il centro giovani della manifattura diventer\u00e0 lo spazio in cui assaporare alcuni tra i brani pi\u00f9 belli del romanzo. &#8220;Non tutti naturalmente &#8211; spiegano le coordinatrici del progetto Ornella Ferri e Annunciata Olivieri -il testo originale \u00e8 molto lungo. Abbiamo scelto i pezzi pi\u00f9 belli, e regaleremo ai presenti un fascicolo con la sintesi dei vari capitoli. In questo modo tutti potranno gustare la storia anche senza averne ascoltato le parti precedenti&#8221;.<\/p>\n<p>La lettura si fermer\u00e0 solo alle 12, per riprendere alle 14 e fino alle 19.00. Quasi tutti locali i lettori, nuovissimi volontari del Centro alla prima uscita pubblica. L&#8217;obiettivo &#8211; spiega il Presidente Devetag &#8211; \u00e8 di far conoscere il Centro attraverso un&#8217;opera importante. Tutti abbiamo letto I promessi sposi a scuola, ma in tanti non siamo riusciti ad apprezzarne la bellezza. E&#8217; un peccato perch\u00e8 questo libro ha molto da raccontare a noi tutti: \u00e8 un grande capolavoro, che racconta di grandi passioni. L&#8217;augurio \u00e8 che per i feltrini, ma non solo, questa iniziativa del Cilp sia l&#8217;occasione per riscoprirlo&#8221;.<\/p>\n<p>La manifestazione sar\u00e0 un&#8217;occasione ghiotta in tutti i sensi: a concluderla, alle 19, sar\u00e0 infatti un ricco buffet offerto da Lattebusche che \u00e8 sponsor dell&#8217;iniziativa con la Banca Valle di Primiero e Vanoi, Il Fondaco Per Feltre e Radio Pi\u00f9. Un grazie particolare va alla Consulta giovanile: non solo ha messo a disposizione i suoi spazi ma ha contribuito a promuovere l&#8217;iniziativa nelle scuole.<\/p>\n<p>&nbsp;<\/p>","protected":false},"excerpt":{"rendered":"<p>A 140 anni dalla scomparsa di Alessandro Manzoni Feltre rende omaggio ai promessi sposi con le voci dei donatori del Centro Internazionale del Libro Parlato. Il 24 febbraio, a partire dalle 10, il centro giovani della manifattura diventer\u00e0 lo spazio in cui assaporare alcuni tra i brani pi\u00f9 belli del romanzo. &#8220;Non tutti naturalmente &#8211; [&hellip;]<\/p>\n","protected":false},"author":2,"featured_media":0,"comment_status":"closed","ping_status":"open","sticky":false,"template":"","format":"standard","meta":{"footnotes":""},"categories":[27,3,25],"tags":[],"class_list":["post-46794","post","type-post","status-publish","format-standard","category-appuntamenti","category-arte-cultura-spettacoli-scienza-archivi","category-pausa-caffe"],"yoast_head":"<!-- This site is optimized with the Yoast SEO plugin v28.4 - https:\/\/yoast.com\/product\/yoast-seo-wordpress\/ -->\n<title>Feltre rende omaggio a Manzoni nel 140mo dalla scomparsa. Domenica 24 febbraio &quot;I Promessi Sposi&quot; in lettura a Feltre per tutta la giornata - Bellunopress - Dolomiti<\/title>\n<meta name=\"robots\" content=\"index, follow, max-snippet:-1, max-image-preview:large, max-video-preview:-1\" \/>\n<link rel=\"canonical\" href=\"https:\/\/www.bellunopress.it\/fr\/2013\/02\/18\/feltre-rende-omaggio-a-manzoni-nel-140mo-dalla-scomparsa-domenica-24-febbraio-i-promessi-sposi-in-lettura-a-feltre-per-tutta-la-giornata\/\" \/>\n<meta property=\"og:locale\" content=\"fr_FR\" \/>\n<meta property=\"og:type\" content=\"article\" \/>\n<meta property=\"og:title\" content=\"Feltre rende omaggio a Manzoni nel 140mo dalla scomparsa. Domenica 24 febbraio &quot;I Promessi Sposi&quot; in lettura a Feltre per tutta la giornata - Bellunopress - Dolomiti\" \/>\n<meta property=\"og:description\" content=\"A 140 anni dalla scomparsa di Alessandro Manzoni Feltre rende omaggio ai promessi sposi con le voci dei donatori del Centro Internazionale del Libro Parlato. Il 24 febbraio, a partire dalle 10, il centro giovani della manifattura diventer\u00e0 lo spazio in cui assaporare alcuni tra i brani pi\u00f9 belli del romanzo. &#8220;Non tutti naturalmente &#8211; [&hellip;]\" \/>\n<meta property=\"og:url\" content=\"https:\/\/www.bellunopress.it\/fr\/2013\/02\/18\/feltre-rende-omaggio-a-manzoni-nel-140mo-dalla-scomparsa-domenica-24-febbraio-i-promessi-sposi-in-lettura-a-feltre-per-tutta-la-giornata\/\" \/>\n<meta property=\"og:site_name\" content=\"Bellunopress - Dolomiti\" \/>\n<meta property=\"article:publisher\" content=\"https:\/\/www.facebook.com\/profile.php?id=100008943462799\" \/>\n<meta property=\"article:published_time\" content=\"2013-02-18T05:35:18+00:00\" \/>\n<meta property=\"og:image\" content=\"http:\/\/www.bellunopress.it\/wp-content\/uploads\/2012\/07\/logo-bellunopress-250x250-2012.jpg\" \/>\n<meta name=\"author\" content=\"redazione\" \/>\n<meta name=\"twitter:card\" content=\"summary_large_image\" \/>\n<meta name=\"twitter:creator\" content=\"@bellunopress\" \/>\n<meta name=\"twitter:site\" content=\"@bellunopress\" \/>\n<meta name=\"twitter:label1\" content=\"Written by\" \/>\n\t<meta name=\"twitter:data1\" content=\"redazione\" \/>\n\t<meta name=\"twitter:label2\" content=\"Est. reading time\" \/>\n\t<meta name=\"twitter:data2\" content=\"1 minute\" \/>\n<script type=\"application\/ld+json\" class=\"yoast-schema-graph\">{\"@context\":\"https:\\\/\\\/schema.org\",\"@graph\":[{\"@type\":\"Article\",\"@id\":\"https:\\\/\\\/www.bellunopress.it\\\/2013\\\/02\\\/18\\\/feltre-rende-omaggio-a-manzoni-nel-140mo-dalla-scomparsa-domenica-24-febbraio-i-promessi-sposi-in-lettura-a-feltre-per-tutta-la-giornata\\\/#article\",\"isPartOf\":{\"@id\":\"https:\\\/\\\/www.bellunopress.it\\\/2013\\\/02\\\/18\\\/feltre-rende-omaggio-a-manzoni-nel-140mo-dalla-scomparsa-domenica-24-febbraio-i-promessi-sposi-in-lettura-a-feltre-per-tutta-la-giornata\\\/\"},\"author\":{\"name\":\"redazione\",\"@id\":\"https:\\\/\\\/www.bellunopress.it\\\/#\\\/schema\\\/person\\\/79bb06722b37ece1c03d3e94beb30d73\"},\"headline\":\"Feltre rende omaggio a Manzoni nel 140mo dalla scomparsa. Domenica 24 febbraio &#8220;I Promessi Sposi&#8221; in lettura a Feltre per tutta la giornata\",\"datePublished\":\"2013-02-18T05:35:18+00:00\",\"mainEntityOfPage\":{\"@id\":\"https:\\\/\\\/www.bellunopress.it\\\/2013\\\/02\\\/18\\\/feltre-rende-omaggio-a-manzoni-nel-140mo-dalla-scomparsa-domenica-24-febbraio-i-promessi-sposi-in-lettura-a-feltre-per-tutta-la-giornata\\\/\"},\"wordCount\":287,\"publisher\":{\"@id\":\"https:\\\/\\\/www.bellunopress.it\\\/#organization\"},\"articleSection\":[\"Appuntamenti, Eventi\",\"Arte, Cultura, Spettacoli, Scienza\",\"Pausa Caff\u00e8\"],\"inLanguage\":\"fr-FR\"},{\"@type\":\"WebPage\",\"@id\":\"https:\\\/\\\/www.bellunopress.it\\\/2013\\\/02\\\/18\\\/feltre-rende-omaggio-a-manzoni-nel-140mo-dalla-scomparsa-domenica-24-febbraio-i-promessi-sposi-in-lettura-a-feltre-per-tutta-la-giornata\\\/\",\"url\":\"https:\\\/\\\/www.bellunopress.it\\\/2013\\\/02\\\/18\\\/feltre-rende-omaggio-a-manzoni-nel-140mo-dalla-scomparsa-domenica-24-febbraio-i-promessi-sposi-in-lettura-a-feltre-per-tutta-la-giornata\\\/\",\"name\":\"Feltre rende omaggio a Manzoni nel 140mo dalla scomparsa. Domenica 24 febbraio \\\"I Promessi Sposi\\\" in lettura a Feltre per tutta la giornata - Bellunopress - Dolomiti\",\"isPartOf\":{\"@id\":\"https:\\\/\\\/www.bellunopress.it\\\/#website\"},\"datePublished\":\"2013-02-18T05:35:18+00:00\",\"breadcrumb\":{\"@id\":\"https:\\\/\\\/www.bellunopress.it\\\/2013\\\/02\\\/18\\\/feltre-rende-omaggio-a-manzoni-nel-140mo-dalla-scomparsa-domenica-24-febbraio-i-promessi-sposi-in-lettura-a-feltre-per-tutta-la-giornata\\\/#breadcrumb\"},\"inLanguage\":\"fr-FR\",\"potentialAction\":[{\"@type\":\"ReadAction\",\"target\":[\"https:\\\/\\\/www.bellunopress.it\\\/2013\\\/02\\\/18\\\/feltre-rende-omaggio-a-manzoni-nel-140mo-dalla-scomparsa-domenica-24-febbraio-i-promessi-sposi-in-lettura-a-feltre-per-tutta-la-giornata\\\/\"]}]},{\"@type\":\"BreadcrumbList\",\"@id\":\"https:\\\/\\\/www.bellunopress.it\\\/2013\\\/02\\\/18\\\/feltre-rende-omaggio-a-manzoni-nel-140mo-dalla-scomparsa-domenica-24-febbraio-i-promessi-sposi-in-lettura-a-feltre-per-tutta-la-giornata\\\/#breadcrumb\",\"itemListElement\":[{\"@type\":\"ListItem\",\"position\":1,\"name\":\"Home\",\"item\":\"https:\\\/\\\/www.bellunopress.it\\\/\"},{\"@type\":\"ListItem\",\"position\":2,\"name\":\"Feltre rende omaggio a Manzoni nel 140mo dalla scomparsa. Domenica 24 febbraio &#8220;I Promessi Sposi&#8221; in lettura a Feltre per tutta la giornata\"}]},{\"@type\":\"WebSite\",\"@id\":\"https:\\\/\\\/www.bellunopress.it\\\/#website\",\"url\":\"https:\\\/\\\/www.bellunopress.it\\\/\",\"name\":\"Bellunopress - Dolomiti\",\"description\":\"e-mail: redazione@bellunopress.it\",\"publisher\":{\"@id\":\"https:\\\/\\\/www.bellunopress.it\\\/#organization\"},\"potentialAction\":[{\"@type\":\"SearchAction\",\"target\":{\"@type\":\"EntryPoint\",\"urlTemplate\":\"https:\\\/\\\/www.bellunopress.it\\\/?s={search_term_string}\"},\"query-input\":{\"@type\":\"PropertyValueSpecification\",\"valueRequired\":true,\"valueName\":\"search_term_string\"}}],\"inLanguage\":\"fr-FR\"},{\"@type\":\"Organization\",\"@id\":\"https:\\\/\\\/www.bellunopress.it\\\/#organization\",\"name\":\"Bellunopress\",\"url\":\"https:\\\/\\\/www.bellunopress.it\\\/\",\"logo\":{\"@type\":\"ImageObject\",\"inLanguage\":\"fr-FR\",\"@id\":\"https:\\\/\\\/www.bellunopress.it\\\/#\\\/schema\\\/logo\\\/image\\\/\",\"url\":\"https:\\\/\\\/www.bellunopress.it\\\/wp-content\\\/uploads\\\/2011\\\/05\\\/cropped-logo-bellunopress-.jpg\",\"contentUrl\":\"https:\\\/\\\/www.bellunopress.it\\\/wp-content\\\/uploads\\\/2011\\\/05\\\/cropped-logo-bellunopress-.jpg\",\"width\":512,\"height\":512,\"caption\":\"Bellunopress\"},\"image\":{\"@id\":\"https:\\\/\\\/www.bellunopress.it\\\/#\\\/schema\\\/logo\\\/image\\\/\"},\"sameAs\":[\"https:\\\/\\\/www.facebook.com\\\/profile.php?id=100008943462799\",\"https:\\\/\\\/x.com\\\/bellunopress\",\"https:\\\/\\\/www.linkedin.com\\\/hp\\\/?dnr=JBzUWaJfMUw8vbXJJ2tVW5-I3jZKvC4wsoxE&amp;amp;amp;amp;amp;amp;trk=nav_responsive_tab_home\",\"https:\\\/\\\/www.youtube.com\\\/channel\\\/UCxL0wu1uN0_3_7hGG0306cw\"]},{\"@type\":\"Person\",\"@id\":\"https:\\\/\\\/www.bellunopress.it\\\/#\\\/schema\\\/person\\\/79bb06722b37ece1c03d3e94beb30d73\",\"name\":\"redazione\",\"image\":{\"@type\":\"ImageObject\",\"inLanguage\":\"fr-FR\",\"@id\":\"https:\\\/\\\/secure.gravatar.com\\\/avatar\\\/37d968a2e67a6fd04c169c4bdef102d0bc5d31b2546345219e348575eb80e9a0?s=96&d=mm&r=g\",\"url\":\"https:\\\/\\\/secure.gravatar.com\\\/avatar\\\/37d968a2e67a6fd04c169c4bdef102d0bc5d31b2546345219e348575eb80e9a0?s=96&d=mm&r=g\",\"contentUrl\":\"https:\\\/\\\/secure.gravatar.com\\\/avatar\\\/37d968a2e67a6fd04c169c4bdef102d0bc5d31b2546345219e348575eb80e9a0?s=96&d=mm&r=g\",\"caption\":\"redazione\"},\"sameAs\":[\"http:\\\/\\\/www.bellunopress.it\",\"https:\\\/\\\/x.com\\\/bellunopress\"],\"url\":\"https:\\\/\\\/www.bellunopress.it\\\/fr\\\/author\\\/redazione\\\/\"}]}<\/script>\n<!-- \/ Yoast SEO plugin. -->","yoast_head_json":{"title":"Feltre rende omaggio a Manzoni nel 140mo dalla scomparsa. Domenica 24 febbraio \"I Promessi Sposi\" in lettura a Feltre per tutta la giornata - Bellunopress - Dolomiti","robots":{"index":"index","follow":"follow","max-snippet":"max-snippet:-1","max-image-preview":"max-image-preview:large","max-video-preview":"max-video-preview:-1"},"canonical":"https:\/\/www.bellunopress.it\/fr\/2013\/02\/18\/feltre-rende-omaggio-a-manzoni-nel-140mo-dalla-scomparsa-domenica-24-febbraio-i-promessi-sposi-in-lettura-a-feltre-per-tutta-la-giornata\/","og_locale":"fr_FR","og_type":"article","og_title":"Feltre rende omaggio a Manzoni nel 140mo dalla scomparsa. Domenica 24 febbraio \"I Promessi Sposi\" in lettura a Feltre per tutta la giornata - Bellunopress - Dolomiti","og_description":"A 140 anni dalla scomparsa di Alessandro Manzoni Feltre rende omaggio ai promessi sposi con le voci dei donatori del Centro Internazionale del Libro Parlato. Il 24 febbraio, a partire dalle 10, il centro giovani della manifattura diventer\u00e0 lo spazio in cui assaporare alcuni tra i brani pi\u00f9 belli del romanzo. &#8220;Non tutti naturalmente &#8211; [&hellip;]","og_url":"https:\/\/www.bellunopress.it\/fr\/2013\/02\/18\/feltre-rende-omaggio-a-manzoni-nel-140mo-dalla-scomparsa-domenica-24-febbraio-i-promessi-sposi-in-lettura-a-feltre-per-tutta-la-giornata\/","og_site_name":"Bellunopress - Dolomiti","article_publisher":"https:\/\/www.facebook.com\/profile.php?id=100008943462799","article_published_time":"2013-02-18T05:35:18+00:00","og_image":[{"url":"http:\/\/www.bellunopress.it\/wp-content\/uploads\/2012\/07\/logo-bellunopress-250x250-2012.jpg","type":"","width":"","height":""}],"author":"redazione","twitter_card":"summary_large_image","twitter_creator":"@bellunopress","twitter_site":"@bellunopress","twitter_misc":{"Written by":"redazione","Est. reading time":"1 minute"},"schema":{"@context":"https:\/\/schema.org","@graph":[{"@type":"Article","@id":"https:\/\/www.bellunopress.it\/2013\/02\/18\/feltre-rende-omaggio-a-manzoni-nel-140mo-dalla-scomparsa-domenica-24-febbraio-i-promessi-sposi-in-lettura-a-feltre-per-tutta-la-giornata\/#article","isPartOf":{"@id":"https:\/\/www.bellunopress.it\/2013\/02\/18\/feltre-rende-omaggio-a-manzoni-nel-140mo-dalla-scomparsa-domenica-24-febbraio-i-promessi-sposi-in-lettura-a-feltre-per-tutta-la-giornata\/"},"author":{"name":"redazione","@id":"https:\/\/www.bellunopress.it\/#\/schema\/person\/79bb06722b37ece1c03d3e94beb30d73"},"headline":"Feltre rende omaggio a Manzoni nel 140mo dalla scomparsa. Domenica 24 febbraio &#8220;I Promessi Sposi&#8221; in lettura a Feltre per tutta la giornata","datePublished":"2013-02-18T05:35:18+00:00","mainEntityOfPage":{"@id":"https:\/\/www.bellunopress.it\/2013\/02\/18\/feltre-rende-omaggio-a-manzoni-nel-140mo-dalla-scomparsa-domenica-24-febbraio-i-promessi-sposi-in-lettura-a-feltre-per-tutta-la-giornata\/"},"wordCount":287,"publisher":{"@id":"https:\/\/www.bellunopress.it\/#organization"},"articleSection":["Appuntamenti, Eventi","Arte, Cultura, Spettacoli, Scienza","Pausa Caff\u00e8"],"inLanguage":"fr-FR"},{"@type":"WebPage","@id":"https:\/\/www.bellunopress.it\/2013\/02\/18\/feltre-rende-omaggio-a-manzoni-nel-140mo-dalla-scomparsa-domenica-24-febbraio-i-promessi-sposi-in-lettura-a-feltre-per-tutta-la-giornata\/","url":"https:\/\/www.bellunopress.it\/2013\/02\/18\/feltre-rende-omaggio-a-manzoni-nel-140mo-dalla-scomparsa-domenica-24-febbraio-i-promessi-sposi-in-lettura-a-feltre-per-tutta-la-giornata\/","name":"Feltre rende omaggio a Manzoni nel 140mo dalla scomparsa. Domenica 24 febbraio \"I Promessi Sposi\" in lettura a Feltre per tutta la giornata - Bellunopress - Dolomiti","isPartOf":{"@id":"https:\/\/www.bellunopress.it\/#website"},"datePublished":"2013-02-18T05:35:18+00:00","breadcrumb":{"@id":"https:\/\/www.bellunopress.it\/2013\/02\/18\/feltre-rende-omaggio-a-manzoni-nel-140mo-dalla-scomparsa-domenica-24-febbraio-i-promessi-sposi-in-lettura-a-feltre-per-tutta-la-giornata\/#breadcrumb"},"inLanguage":"fr-FR","potentialAction":[{"@type":"ReadAction","target":["https:\/\/www.bellunopress.it\/2013\/02\/18\/feltre-rende-omaggio-a-manzoni-nel-140mo-dalla-scomparsa-domenica-24-febbraio-i-promessi-sposi-in-lettura-a-feltre-per-tutta-la-giornata\/"]}]},{"@type":"BreadcrumbList","@id":"https:\/\/www.bellunopress.it\/2013\/02\/18\/feltre-rende-omaggio-a-manzoni-nel-140mo-dalla-scomparsa-domenica-24-febbraio-i-promessi-sposi-in-lettura-a-feltre-per-tutta-la-giornata\/#breadcrumb","itemListElement":[{"@type":"ListItem","position":1,"name":"Home","item":"https:\/\/www.bellunopress.it\/"},{"@type":"ListItem","position":2,"name":"Feltre rende omaggio a Manzoni nel 140mo dalla scomparsa. Domenica 24 febbraio &#8220;I Promessi Sposi&#8221; in lettura a Feltre per tutta la giornata"}]},{"@type":"WebSite","@id":"https:\/\/www.bellunopress.it\/#website","url":"https:\/\/www.bellunopress.it\/","name":"Bellunopress - Dolomiti","description":"e-mail: redazione@bellunopress.it","publisher":{"@id":"https:\/\/www.bellunopress.it\/#organization"},"potentialAction":[{"@type":"SearchAction","target":{"@type":"EntryPoint","urlTemplate":"https:\/\/www.bellunopress.it\/?s={search_term_string}"},"query-input":{"@type":"PropertyValueSpecification","valueRequired":true,"valueName":"search_term_string"}}],"inLanguage":"fr-FR"},{"@type":"Organization","@id":"https:\/\/www.bellunopress.it\/#organization","name":"Bellunopress","url":"https:\/\/www.bellunopress.it\/","logo":{"@type":"ImageObject","inLanguage":"fr-FR","@id":"https:\/\/www.bellunopress.it\/#\/schema\/logo\/image\/","url":"https:\/\/www.bellunopress.it\/wp-content\/uploads\/2011\/05\/cropped-logo-bellunopress-.jpg","contentUrl":"https:\/\/www.bellunopress.it\/wp-content\/uploads\/2011\/05\/cropped-logo-bellunopress-.jpg","width":512,"height":512,"caption":"Bellunopress"},"image":{"@id":"https:\/\/www.bellunopress.it\/#\/schema\/logo\/image\/"},"sameAs":["https:\/\/www.facebook.com\/profile.php?id=100008943462799","https:\/\/x.com\/bellunopress","https:\/\/www.linkedin.com\/hp\/?dnr=JBzUWaJfMUw8vbXJJ2tVW5-I3jZKvC4wsoxE&amp;amp;amp;amp;amp;amp;trk=nav_responsive_tab_home","https:\/\/www.youtube.com\/channel\/UCxL0wu1uN0_3_7hGG0306cw"]},{"@type":"Person","@id":"https:\/\/www.bellunopress.it\/#\/schema\/person\/79bb06722b37ece1c03d3e94beb30d73","name":"r\u00e9daction","image":{"@type":"ImageObject","inLanguage":"fr-FR","@id":"https:\/\/secure.gravatar.com\/avatar\/37d968a2e67a6fd04c169c4bdef102d0bc5d31b2546345219e348575eb80e9a0?s=96&d=mm&r=g","url":"https:\/\/secure.gravatar.com\/avatar\/37d968a2e67a6fd04c169c4bdef102d0bc5d31b2546345219e348575eb80e9a0?s=96&d=mm&r=g","contentUrl":"https:\/\/secure.gravatar.com\/avatar\/37d968a2e67a6fd04c169c4bdef102d0bc5d31b2546345219e348575eb80e9a0?s=96&d=mm&r=g","caption":"redazione"},"sameAs":["http:\/\/www.bellunopress.it","https:\/\/x.com\/bellunopress"],"url":"https:\/\/www.bellunopress.it\/fr\/author\/redazione\/"}]}},"_links":{"self":[{"href":"https:\/\/www.bellunopress.it\/fr\/wp-json\/wp\/v2\/posts\/46794","targetHints":{"allow":["GET"]}}],"collection":[{"href":"https:\/\/www.bellunopress.it\/fr\/wp-json\/wp\/v2\/posts"}],"about":[{"href":"https:\/\/www.bellunopress.it\/fr\/wp-json\/wp\/v2\/types\/post"}],"author":[{"embeddable":true,"href":"https:\/\/www.bellunopress.it\/fr\/wp-json\/wp\/v2\/users\/2"}],"replies":[{"embeddable":true,"href":"https:\/\/www.bellunopress.it\/fr\/wp-json\/wp\/v2\/comments?post=46794"}],"version-history":[{"count":1,"href":"https:\/\/www.bellunopress.it\/fr\/wp-json\/wp\/v2\/posts\/46794\/revisions"}],"predecessor-version":[{"id":46795,"href":"https:\/\/www.bellunopress.it\/fr\/wp-json\/wp\/v2\/posts\/46794\/revisions\/46795"}],"wp:attachment":[{"href":"https:\/\/www.bellunopress.it\/fr\/wp-json\/wp\/v2\/media?parent=46794"}],"wp:term":[{"taxonomy":"category","embeddable":true,"href":"https:\/\/www.bellunopress.it\/fr\/wp-json\/wp\/v2\/categories?post=46794"},{"taxonomy":"post_tag","embeddable":true,"href":"https:\/\/www.bellunopress.it\/fr\/wp-json\/wp\/v2\/tags?post=46794"}],"curies":[{"name":"wp","href":"https:\/\/api.w.org\/{rel}","templated":true}]}}