{"id":46789,"date":"2013-02-16T16:52:57","date_gmt":"2013-02-16T15:52:57","guid":{"rendered":"http:\/\/www.bellunopress.it\/?p=46789"},"modified":"2013-02-16T16:52:57","modified_gmt":"2013-02-16T15:52:57","slug":"analisi-di-un-referendum-di-tomaso-pettazzi","status":"publish","type":"post","link":"https:\/\/www.bellunopress.it\/fr\/2013\/02\/16\/analisi-di-un-referendum-di-tomaso-pettazzi\/","title":{"rendered":"Analisi di un referendum  * di Tomaso Pettazzi"},"content":{"rendered":"<figure id=\"attachment_37462\" aria-describedby=\"caption-attachment-37462\" style=\"width: 131px\" class=\"wp-caption alignleft\"><a href=\"http:\/\/www.bellunopress.it\/wp-content\/uploads\/2012\/04\/Tomaso-Pettazzi.jpg\"><img loading=\"lazy\" decoding=\"async\" class=\"size-full wp-image-37462\" alt=\"Tomaso Pettazzi\" src=\"http:\/\/www.bellunopress.it\/wp-content\/uploads\/2012\/04\/Tomaso-Pettazzi.jpg\" width=\"131\" height=\"150\" \/><\/a><figcaption id=\"caption-attachment-37462\" class=\"wp-caption-text\">Tomaso Pettazzi<\/figcaption><\/figure>\n<p>Il quorum ai referendum non \u00e8 stato raggiunto, ma la lezione \u00e8 certamente servita. Lasciando la valutazione dei dati ad altro momento, credo sia utile ribadire un aspetto interessante del post voto. V\u2019era stata un\u2019opposizione iniziale dei soliti tre moschettieri a Venezia, affiancati da un paio di benpensanti autoreferenti a Belluno e Feltre, culminata addirittura con il pesante epiteto \u201cschizofrenici\u201d rivolto da Reolon ai giovani dei Comitati referendari. Ne era seguito un incontro, ambiguo a dir poco, dove, alla presenza del D\u2019Artagnan romano, con lo scopo dichiarato di voler mantenere l\u2019unit\u00e0 provinciale, si giungeva invece alla condanna, tout court, dello strumento referendario. E in questo incontro s\u2019\u00e8 voluto coinvolgere le Associazioni di categoria, i partiti, i Sindaci e chi pi\u00f9 ne ha pi\u00f9 ne metta. Il risultato s\u2019\u00e8 visto subito: pochi partecipanti, dietro front dello stesso Bond e di Toscani (con risibili spiegazioni), vistosi vuoti tra le Associazioni, mancata sottoscrizione dell\u2019appello di gran parte dei Sindaci. Insomma un fallimento completo.<\/p>\n<p>A risultato acclarato, le acque si sono ulteriormente pacificate. Nessuna dichiarazione baldanzosa verso i promotori, a parte, alle solite, quella di Perenzin, Sindaco di Feltre.<\/p>\n<p>Nessun vae victis (ricordate Brenno al sacco di Roma?), nemmeno un rimbrotto, che so, un pizzicotto ai giovani referendari giocherelloni, dissipatori di sostanze comunali. Anzi, dichiarazioni di comprensione, inviti alla collaborazione e all\u2019unit\u00e0. La superiorit\u00e0, la bont\u00e0 del vincitore, direte voi, quasi una pacificazione come a guerra civile terminata nel \u201945.<\/p>\n<p>Macch\u00e9: il fatto \u00e8 che lorsignori non sono stupidi, anzi. Ed hanno subito analizzato in modo serio i dati scaturiti dalle urne e, contrariamente a quanto si leggeva nei titoli frettolosamente apparsi sui giornali, che parlavano di fallimento dei sette referendum del 10 febbraio, si sono tragicamente (per loro) accorti che ne \u00e8 scaturito chiaramente un nuovo scenario politico, che lascia i rispettivi partiti di appartenenza in tragica minoranza rispetto ad un profondo e radicato sentire di gran parte della popolazione.<\/p>\n<p>Cittadini che nonostante l\u2019inverno sono andati a votare in gran numero,con l\u2019appoggio sentito di molti loro Sindaci. Questa \u00e8 la verit\u00e0 con cui ci si deve confrontare, e a maggior ragione al prossimo appuntamento di aprile di Taibon e Pieve di Cadore. Perch\u00e9 una cosa \u00e8 certa: quei Comitati faranno tesoro dell\u2019inesperienza evidenziata in questa prima tornata.<\/p>\n<p>E in quell\u2019occasione i Cittadini non si faranno ammaliare dalle lusinghe ora proposte dai nostri ex rappresentanti, anche alla luce dei continui tagli che penalizzano il nostro territorio. Invece che contrastare la volont\u00e0 popolare, essi farebbero bene ad attivarsi per le realizzazione di quanto scritto nel nuovo Statuto della Regione veneto all\u2019art. 15: specificit\u00e0 e risorse per il Bellunese. Tutto il resto \u00e8 aria fritta.<\/p>\n<p>Tomaso Pettazzi<\/p>\n<p>&nbsp;<\/p>","protected":false},"excerpt":{"rendered":"<p>Il quorum ai referendum non \u00e8 stato raggiunto, ma la lezione \u00e8 certamente servita. Lasciando la valutazione dei dati ad altro momento, credo sia utile ribadire un aspetto interessante del post voto. V\u2019era stata un\u2019opposizione iniziale dei soliti tre moschettieri a Venezia, affiancati da un paio di benpensanti autoreferenti a Belluno e Feltre, culminata addirittura [&hellip;]<\/p>\n","protected":false},"author":2,"featured_media":0,"comment_status":"closed","ping_status":"open","sticky":false,"template":"","format":"standard","meta":{"footnotes":""},"categories":[5,1],"tags":[],"class_list":["post-46789","post","type-post","status-publish","format-standard","category-cronaca","category-leo"],"yoast_head":"<!-- This site is optimized with the Yoast SEO plugin v28.4 - https:\/\/yoast.com\/product\/yoast-seo-wordpress\/ -->\n<title>Analisi di un referendum * di Tomaso Pettazzi  - Bellunopress - Dolomiti<\/title>\n<meta name=\"robots\" content=\"index, follow, max-snippet:-1, max-image-preview:large, max-video-preview:-1\" \/>\n<link rel=\"canonical\" href=\"https:\/\/www.bellunopress.it\/fr\/2013\/02\/16\/analisi-di-un-referendum-di-tomaso-pettazzi\/\" \/>\n<meta property=\"og:locale\" content=\"fr_FR\" \/>\n<meta property=\"og:type\" content=\"article\" \/>\n<meta property=\"og:title\" content=\"Analisi di un referendum * di Tomaso Pettazzi  - Bellunopress - Dolomiti\" \/>\n<meta property=\"og:description\" content=\"Il quorum ai referendum non \u00e8 stato raggiunto, ma la lezione \u00e8 certamente servita. Lasciando la valutazione dei dati ad altro momento, credo sia utile ribadire un aspetto interessante del post voto. V\u2019era stata un\u2019opposizione iniziale dei soliti tre moschettieri a Venezia, affiancati da un paio di benpensanti autoreferenti a Belluno e Feltre, culminata addirittura [&hellip;]\" \/>\n<meta property=\"og:url\" content=\"https:\/\/www.bellunopress.it\/fr\/2013\/02\/16\/analisi-di-un-referendum-di-tomaso-pettazzi\/\" \/>\n<meta property=\"og:site_name\" content=\"Bellunopress - Dolomiti\" \/>\n<meta property=\"article:publisher\" content=\"https:\/\/www.facebook.com\/profile.php?id=100008943462799\" \/>\n<meta property=\"article:published_time\" content=\"2013-02-16T15:52:57+00:00\" \/>\n<meta property=\"og:image\" content=\"http:\/\/www.bellunopress.it\/wp-content\/uploads\/2012\/04\/Tomaso-Pettazzi.jpg\" \/>\n<meta name=\"author\" content=\"redazione\" \/>\n<meta name=\"twitter:card\" content=\"summary_large_image\" \/>\n<meta name=\"twitter:creator\" content=\"@bellunopress\" \/>\n<meta name=\"twitter:site\" content=\"@bellunopress\" \/>\n<meta name=\"twitter:label1\" content=\"\u00c9crit par\" \/>\n\t<meta name=\"twitter:data1\" content=\"redazione\" \/>\n\t<meta name=\"twitter:label2\" content=\"Dur\u00e9e de lecture estim\u00e9e\" \/>\n\t<meta name=\"twitter:data2\" content=\"2 minutes\" \/>\n<script type=\"application\/ld+json\" class=\"yoast-schema-graph\">{\"@context\":\"https:\\\/\\\/schema.org\",\"@graph\":[{\"@type\":\"Article\",\"@id\":\"https:\\\/\\\/www.bellunopress.it\\\/2013\\\/02\\\/16\\\/analisi-di-un-referendum-di-tomaso-pettazzi\\\/#article\",\"isPartOf\":{\"@id\":\"https:\\\/\\\/www.bellunopress.it\\\/2013\\\/02\\\/16\\\/analisi-di-un-referendum-di-tomaso-pettazzi\\\/\"},\"author\":{\"name\":\"redazione\",\"@id\":\"https:\\\/\\\/www.bellunopress.it\\\/#\\\/schema\\\/person\\\/79bb06722b37ece1c03d3e94beb30d73\"},\"headline\":\"Analisi di un referendum * di Tomaso Pettazzi\",\"datePublished\":\"2013-02-16T15:52:57+00:00\",\"mainEntityOfPage\":{\"@id\":\"https:\\\/\\\/www.bellunopress.it\\\/2013\\\/02\\\/16\\\/analisi-di-un-referendum-di-tomaso-pettazzi\\\/\"},\"wordCount\":460,\"publisher\":{\"@id\":\"https:\\\/\\\/www.bellunopress.it\\\/#organization\"},\"image\":{\"@id\":\"https:\\\/\\\/www.bellunopress.it\\\/2013\\\/02\\\/16\\\/analisi-di-un-referendum-di-tomaso-pettazzi\\\/#primaryimage\"},\"thumbnailUrl\":\"http:\\\/\\\/www.bellunopress.it\\\/wp-content\\\/uploads\\\/2012\\\/04\\\/Tomaso-Pettazzi.jpg\",\"articleSection\":[\"Cronaca\\\/Politica\",\"Lettere Opinioni\"],\"inLanguage\":\"fr-FR\"},{\"@type\":\"WebPage\",\"@id\":\"https:\\\/\\\/www.bellunopress.it\\\/2013\\\/02\\\/16\\\/analisi-di-un-referendum-di-tomaso-pettazzi\\\/\",\"url\":\"https:\\\/\\\/www.bellunopress.it\\\/2013\\\/02\\\/16\\\/analisi-di-un-referendum-di-tomaso-pettazzi\\\/\",\"name\":\"Analisi di un referendum * di Tomaso Pettazzi - Bellunopress - Dolomiti\",\"isPartOf\":{\"@id\":\"https:\\\/\\\/www.bellunopress.it\\\/#website\"},\"primaryImageOfPage\":{\"@id\":\"https:\\\/\\\/www.bellunopress.it\\\/2013\\\/02\\\/16\\\/analisi-di-un-referendum-di-tomaso-pettazzi\\\/#primaryimage\"},\"image\":{\"@id\":\"https:\\\/\\\/www.bellunopress.it\\\/2013\\\/02\\\/16\\\/analisi-di-un-referendum-di-tomaso-pettazzi\\\/#primaryimage\"},\"thumbnailUrl\":\"http:\\\/\\\/www.bellunopress.it\\\/wp-content\\\/uploads\\\/2012\\\/04\\\/Tomaso-Pettazzi.jpg\",\"datePublished\":\"2013-02-16T15:52:57+00:00\",\"breadcrumb\":{\"@id\":\"https:\\\/\\\/www.bellunopress.it\\\/2013\\\/02\\\/16\\\/analisi-di-un-referendum-di-tomaso-pettazzi\\\/#breadcrumb\"},\"inLanguage\":\"fr-FR\",\"potentialAction\":[{\"@type\":\"ReadAction\",\"target\":[\"https:\\\/\\\/www.bellunopress.it\\\/2013\\\/02\\\/16\\\/analisi-di-un-referendum-di-tomaso-pettazzi\\\/\"]}]},{\"@type\":\"ImageObject\",\"inLanguage\":\"fr-FR\",\"@id\":\"https:\\\/\\\/www.bellunopress.it\\\/2013\\\/02\\\/16\\\/analisi-di-un-referendum-di-tomaso-pettazzi\\\/#primaryimage\",\"url\":\"http:\\\/\\\/www.bellunopress.it\\\/wp-content\\\/uploads\\\/2012\\\/04\\\/Tomaso-Pettazzi.jpg\",\"contentUrl\":\"http:\\\/\\\/www.bellunopress.it\\\/wp-content\\\/uploads\\\/2012\\\/04\\\/Tomaso-Pettazzi.jpg\"},{\"@type\":\"BreadcrumbList\",\"@id\":\"https:\\\/\\\/www.bellunopress.it\\\/2013\\\/02\\\/16\\\/analisi-di-un-referendum-di-tomaso-pettazzi\\\/#breadcrumb\",\"itemListElement\":[{\"@type\":\"ListItem\",\"position\":1,\"name\":\"Home\",\"item\":\"https:\\\/\\\/www.bellunopress.it\\\/\"},{\"@type\":\"ListItem\",\"position\":2,\"name\":\"Analisi di un referendum * di Tomaso Pettazzi\"}]},{\"@type\":\"WebSite\",\"@id\":\"https:\\\/\\\/www.bellunopress.it\\\/#website\",\"url\":\"https:\\\/\\\/www.bellunopress.it\\\/\",\"name\":\"Bellunopress - Dolomiti\",\"description\":\"e-mail: redazione@bellunopress.it\",\"publisher\":{\"@id\":\"https:\\\/\\\/www.bellunopress.it\\\/#organization\"},\"potentialAction\":[{\"@type\":\"SearchAction\",\"target\":{\"@type\":\"EntryPoint\",\"urlTemplate\":\"https:\\\/\\\/www.bellunopress.it\\\/?s={search_term_string}\"},\"query-input\":{\"@type\":\"PropertyValueSpecification\",\"valueRequired\":true,\"valueName\":\"search_term_string\"}}],\"inLanguage\":\"fr-FR\"},{\"@type\":\"Organization\",\"@id\":\"https:\\\/\\\/www.bellunopress.it\\\/#organization\",\"name\":\"Bellunopress\",\"url\":\"https:\\\/\\\/www.bellunopress.it\\\/\",\"logo\":{\"@type\":\"ImageObject\",\"inLanguage\":\"fr-FR\",\"@id\":\"https:\\\/\\\/www.bellunopress.it\\\/#\\\/schema\\\/logo\\\/image\\\/\",\"url\":\"https:\\\/\\\/www.bellunopress.it\\\/wp-content\\\/uploads\\\/2011\\\/05\\\/cropped-logo-bellunopress-.jpg\",\"contentUrl\":\"https:\\\/\\\/www.bellunopress.it\\\/wp-content\\\/uploads\\\/2011\\\/05\\\/cropped-logo-bellunopress-.jpg\",\"width\":512,\"height\":512,\"caption\":\"Bellunopress\"},\"image\":{\"@id\":\"https:\\\/\\\/www.bellunopress.it\\\/#\\\/schema\\\/logo\\\/image\\\/\"},\"sameAs\":[\"https:\\\/\\\/www.facebook.com\\\/profile.php?id=100008943462799\",\"https:\\\/\\\/x.com\\\/bellunopress\",\"https:\\\/\\\/www.linkedin.com\\\/hp\\\/?dnr=JBzUWaJfMUw8vbXJJ2tVW5-I3jZKvC4wsoxE&amp;amp;amp;amp;amp;amp;trk=nav_responsive_tab_home\",\"https:\\\/\\\/www.youtube.com\\\/channel\\\/UCxL0wu1uN0_3_7hGG0306cw\"]},{\"@type\":\"Person\",\"@id\":\"https:\\\/\\\/www.bellunopress.it\\\/#\\\/schema\\\/person\\\/79bb06722b37ece1c03d3e94beb30d73\",\"name\":\"redazione\",\"image\":{\"@type\":\"ImageObject\",\"inLanguage\":\"fr-FR\",\"@id\":\"https:\\\/\\\/secure.gravatar.com\\\/avatar\\\/37d968a2e67a6fd04c169c4bdef102d0bc5d31b2546345219e348575eb80e9a0?s=96&d=mm&r=g\",\"url\":\"https:\\\/\\\/secure.gravatar.com\\\/avatar\\\/37d968a2e67a6fd04c169c4bdef102d0bc5d31b2546345219e348575eb80e9a0?s=96&d=mm&r=g\",\"contentUrl\":\"https:\\\/\\\/secure.gravatar.com\\\/avatar\\\/37d968a2e67a6fd04c169c4bdef102d0bc5d31b2546345219e348575eb80e9a0?s=96&d=mm&r=g\",\"caption\":\"redazione\"},\"sameAs\":[\"http:\\\/\\\/www.bellunopress.it\",\"https:\\\/\\\/x.com\\\/bellunopress\"],\"url\":\"https:\\\/\\\/www.bellunopress.it\\\/fr\\\/author\\\/redazione\\\/\"}]}<\/script>\n<!-- \/ Yoast SEO plugin. -->","yoast_head_json":{"title":"Analisi di un referendum * di Tomaso Pettazzi  - Bellunopress - Dolomiti","robots":{"index":"index","follow":"follow","max-snippet":"max-snippet:-1","max-image-preview":"max-image-preview:large","max-video-preview":"max-video-preview:-1"},"canonical":"https:\/\/www.bellunopress.it\/fr\/2013\/02\/16\/analisi-di-un-referendum-di-tomaso-pettazzi\/","og_locale":"fr_FR","og_type":"article","og_title":"Analisi di un referendum * di Tomaso Pettazzi  - Bellunopress - Dolomiti","og_description":"Il quorum ai referendum non \u00e8 stato raggiunto, ma la lezione \u00e8 certamente servita. Lasciando la valutazione dei dati ad altro momento, credo sia utile ribadire un aspetto interessante del post voto. V\u2019era stata un\u2019opposizione iniziale dei soliti tre moschettieri a Venezia, affiancati da un paio di benpensanti autoreferenti a Belluno e Feltre, culminata addirittura [&hellip;]","og_url":"https:\/\/www.bellunopress.it\/fr\/2013\/02\/16\/analisi-di-un-referendum-di-tomaso-pettazzi\/","og_site_name":"Bellunopress - Dolomiti","article_publisher":"https:\/\/www.facebook.com\/profile.php?id=100008943462799","article_published_time":"2013-02-16T15:52:57+00:00","og_image":[{"url":"http:\/\/www.bellunopress.it\/wp-content\/uploads\/2012\/04\/Tomaso-Pettazzi.jpg","type":"","width":"","height":""}],"author":"redazione","twitter_card":"summary_large_image","twitter_creator":"@bellunopress","twitter_site":"@bellunopress","twitter_misc":{"\u00c9crit par":"redazione","Dur\u00e9e de lecture estim\u00e9e":"2 minutes"},"schema":{"@context":"https:\/\/schema.org","@graph":[{"@type":"Article","@id":"https:\/\/www.bellunopress.it\/2013\/02\/16\/analisi-di-un-referendum-di-tomaso-pettazzi\/#article","isPartOf":{"@id":"https:\/\/www.bellunopress.it\/2013\/02\/16\/analisi-di-un-referendum-di-tomaso-pettazzi\/"},"author":{"name":"redazione","@id":"https:\/\/www.bellunopress.it\/#\/schema\/person\/79bb06722b37ece1c03d3e94beb30d73"},"headline":"Analisi di un referendum * di Tomaso Pettazzi","datePublished":"2013-02-16T15:52:57+00:00","mainEntityOfPage":{"@id":"https:\/\/www.bellunopress.it\/2013\/02\/16\/analisi-di-un-referendum-di-tomaso-pettazzi\/"},"wordCount":460,"publisher":{"@id":"https:\/\/www.bellunopress.it\/#organization"},"image":{"@id":"https:\/\/www.bellunopress.it\/2013\/02\/16\/analisi-di-un-referendum-di-tomaso-pettazzi\/#primaryimage"},"thumbnailUrl":"http:\/\/www.bellunopress.it\/wp-content\/uploads\/2012\/04\/Tomaso-Pettazzi.jpg","articleSection":["Cronaca\/Politica","Lettere Opinioni"],"inLanguage":"fr-FR"},{"@type":"WebPage","@id":"https:\/\/www.bellunopress.it\/2013\/02\/16\/analisi-di-un-referendum-di-tomaso-pettazzi\/","url":"https:\/\/www.bellunopress.it\/2013\/02\/16\/analisi-di-un-referendum-di-tomaso-pettazzi\/","name":"Analisi di un referendum * di Tomaso Pettazzi - Bellunopress - Dolomiti","isPartOf":{"@id":"https:\/\/www.bellunopress.it\/#website"},"primaryImageOfPage":{"@id":"https:\/\/www.bellunopress.it\/2013\/02\/16\/analisi-di-un-referendum-di-tomaso-pettazzi\/#primaryimage"},"image":{"@id":"https:\/\/www.bellunopress.it\/2013\/02\/16\/analisi-di-un-referendum-di-tomaso-pettazzi\/#primaryimage"},"thumbnailUrl":"http:\/\/www.bellunopress.it\/wp-content\/uploads\/2012\/04\/Tomaso-Pettazzi.jpg","datePublished":"2013-02-16T15:52:57+00:00","breadcrumb":{"@id":"https:\/\/www.bellunopress.it\/2013\/02\/16\/analisi-di-un-referendum-di-tomaso-pettazzi\/#breadcrumb"},"inLanguage":"fr-FR","potentialAction":[{"@type":"ReadAction","target":["https:\/\/www.bellunopress.it\/2013\/02\/16\/analisi-di-un-referendum-di-tomaso-pettazzi\/"]}]},{"@type":"ImageObject","inLanguage":"fr-FR","@id":"https:\/\/www.bellunopress.it\/2013\/02\/16\/analisi-di-un-referendum-di-tomaso-pettazzi\/#primaryimage","url":"http:\/\/www.bellunopress.it\/wp-content\/uploads\/2012\/04\/Tomaso-Pettazzi.jpg","contentUrl":"http:\/\/www.bellunopress.it\/wp-content\/uploads\/2012\/04\/Tomaso-Pettazzi.jpg"},{"@type":"BreadcrumbList","@id":"https:\/\/www.bellunopress.it\/2013\/02\/16\/analisi-di-un-referendum-di-tomaso-pettazzi\/#breadcrumb","itemListElement":[{"@type":"ListItem","position":1,"name":"Home","item":"https:\/\/www.bellunopress.it\/"},{"@type":"ListItem","position":2,"name":"Analisi di un referendum * di Tomaso Pettazzi"}]},{"@type":"WebSite","@id":"https:\/\/www.bellunopress.it\/#website","url":"https:\/\/www.bellunopress.it\/","name":"Bellunopress - Dolomiti","description":"e-mail: redazione@bellunopress.it","publisher":{"@id":"https:\/\/www.bellunopress.it\/#organization"},"potentialAction":[{"@type":"SearchAction","target":{"@type":"EntryPoint","urlTemplate":"https:\/\/www.bellunopress.it\/?s={search_term_string}"},"query-input":{"@type":"PropertyValueSpecification","valueRequired":true,"valueName":"search_term_string"}}],"inLanguage":"fr-FR"},{"@type":"Organization","@id":"https:\/\/www.bellunopress.it\/#organization","name":"Bellunopress","url":"https:\/\/www.bellunopress.it\/","logo":{"@type":"ImageObject","inLanguage":"fr-FR","@id":"https:\/\/www.bellunopress.it\/#\/schema\/logo\/image\/","url":"https:\/\/www.bellunopress.it\/wp-content\/uploads\/2011\/05\/cropped-logo-bellunopress-.jpg","contentUrl":"https:\/\/www.bellunopress.it\/wp-content\/uploads\/2011\/05\/cropped-logo-bellunopress-.jpg","width":512,"height":512,"caption":"Bellunopress"},"image":{"@id":"https:\/\/www.bellunopress.it\/#\/schema\/logo\/image\/"},"sameAs":["https:\/\/www.facebook.com\/profile.php?id=100008943462799","https:\/\/x.com\/bellunopress","https:\/\/www.linkedin.com\/hp\/?dnr=JBzUWaJfMUw8vbXJJ2tVW5-I3jZKvC4wsoxE&amp;amp;amp;amp;amp;amp;trk=nav_responsive_tab_home","https:\/\/www.youtube.com\/channel\/UCxL0wu1uN0_3_7hGG0306cw"]},{"@type":"Person","@id":"https:\/\/www.bellunopress.it\/#\/schema\/person\/79bb06722b37ece1c03d3e94beb30d73","name":"r\u00e9daction","image":{"@type":"ImageObject","inLanguage":"fr-FR","@id":"https:\/\/secure.gravatar.com\/avatar\/37d968a2e67a6fd04c169c4bdef102d0bc5d31b2546345219e348575eb80e9a0?s=96&d=mm&r=g","url":"https:\/\/secure.gravatar.com\/avatar\/37d968a2e67a6fd04c169c4bdef102d0bc5d31b2546345219e348575eb80e9a0?s=96&d=mm&r=g","contentUrl":"https:\/\/secure.gravatar.com\/avatar\/37d968a2e67a6fd04c169c4bdef102d0bc5d31b2546345219e348575eb80e9a0?s=96&d=mm&r=g","caption":"redazione"},"sameAs":["http:\/\/www.bellunopress.it","https:\/\/x.com\/bellunopress"],"url":"https:\/\/www.bellunopress.it\/fr\/author\/redazione\/"}]}},"_links":{"self":[{"href":"https:\/\/www.bellunopress.it\/fr\/wp-json\/wp\/v2\/posts\/46789","targetHints":{"allow":["GET"]}}],"collection":[{"href":"https:\/\/www.bellunopress.it\/fr\/wp-json\/wp\/v2\/posts"}],"about":[{"href":"https:\/\/www.bellunopress.it\/fr\/wp-json\/wp\/v2\/types\/post"}],"author":[{"embeddable":true,"href":"https:\/\/www.bellunopress.it\/fr\/wp-json\/wp\/v2\/users\/2"}],"replies":[{"embeddable":true,"href":"https:\/\/www.bellunopress.it\/fr\/wp-json\/wp\/v2\/comments?post=46789"}],"version-history":[{"count":1,"href":"https:\/\/www.bellunopress.it\/fr\/wp-json\/wp\/v2\/posts\/46789\/revisions"}],"predecessor-version":[{"id":46790,"href":"https:\/\/www.bellunopress.it\/fr\/wp-json\/wp\/v2\/posts\/46789\/revisions\/46790"}],"wp:attachment":[{"href":"https:\/\/www.bellunopress.it\/fr\/wp-json\/wp\/v2\/media?parent=46789"}],"wp:term":[{"taxonomy":"category","embeddable":true,"href":"https:\/\/www.bellunopress.it\/fr\/wp-json\/wp\/v2\/categories?post=46789"},{"taxonomy":"post_tag","embeddable":true,"href":"https:\/\/www.bellunopress.it\/fr\/wp-json\/wp\/v2\/tags?post=46789"}],"curies":[{"name":"wp","href":"https:\/\/api.w.org\/{rel}","templated":true}]}}