{"id":46784,"date":"2013-02-16T09:39:00","date_gmt":"2013-02-16T08:39:00","guid":{"rendered":"http:\/\/www.bellunopress.it\/?p=46784"},"modified":"2013-02-16T09:39:00","modified_gmt":"2013-02-16T08:39:00","slug":"a-teatro-con-mamma-e-papa","status":"publish","type":"post","link":"https:\/\/www.bellunopress.it\/fr\/2013\/02\/16\/a-teatro-con-mamma-e-papa\/","title":{"rendered":"A Teatro con mamma e pap\u00e0:"},"content":{"rendered":"<p>&#8220;A Teatro con Mamma e Pap\u00e0&#8221;, continua la sua corsa aprendo le porte ai nuovi linguaggi teatrali per il penultimo appuntamento della Stagione.<\/p>\n<p>La stagione di teatro per l&#8217;infanzia e la giovent\u00f9 presso il Piccolo Teatro Pierobon di Paiane \u00e8 organizzata dalla Pro Loco di Ponte nelle Alpi con il patrocinio del Comune di Ponte nelle Alpi, della Provincia di Belluno, della Comunit\u00e0 Montana Bellunese, con la collaborazione della Regione Veneto e RetEventi Cultura e dell&#8217;Associazione Proscenio.<\/p>\n<p>Aperte le prenotazioni\u00a0per lo spettacolo &#8220;Nel buio, una bambina vestita di rosso&#8221; in scena sabato 23 febbraio alle 18.00 e alle 20.30.<\/p>\n<p>Lo spettacolo si rivolge alla fiaba di Cappuccetto Rosso, in quanto archetipo forte, e la ripercorre nei suoi tratti fondamentali: il bosco come luogo in cui perdersi o rischiare di perdersi, il Lupo e il buio, il rosso, colore della vita e del crescere.<\/p>\n<p>Come il bambino si fa raccontare all\u2019infinito la storia del Lupo e di Cappuccetto, cos\u00ec l\u2019attrice, cercando un modo per attraversare il buio del proprio spazio interiore e quotidiano, la casa, si vestir\u00e0 da Cappuccetto Rosso, sicura figura di riferimento nella sfida alla paura del buio.<\/p>\n<p>La paura del buio \u00e8 la paura di non essere amati, di crescere, di rimanere soli, di non essere in grado, di non saper fare, di sentirsi piccoli rispetto ai grandi e di sentirsi piccoli di fronte a tutte le richieste dei grandi\u2026come anche quella di \u201cnon aver paura del buio\u201d!<\/p>\n<p>E cos\u00ec la protagonista prover\u00e0 ad attraversare il buio, da sola, come Cappuccetto ha fatto prima di lei, ci riuscir\u00e0 e si sentir\u00e0 un po\u2019 pi\u00f9 grande e forte, ma esprimer\u00e0 anche il desiderio di non essere sola in questa sfida e che un adulto la accompagni tenendola per mano e, se possibile, lasciando la luce accesa.<\/p>\n<p>Lo spettacolo racconta la richiesta di amore di un bambino a un adulto, il bisogno di non essere lasciati soli di fronte a ci\u00f2 che non conosciamo e allo stesso tempo la capacit\u00e0 di farcela ugualmente\u2026\u201dc\u2019\u00e8 sempre Cappuccetto Rosso che mi pu\u00f2 aiutare\u201d.<\/p>\n<p>I bambini vedranno in scena un corpo che, attraverso la danza, i movimenti, le parole, alcune immagini, musiche e luci, si divertir\u00e0 ad andare a letto nonostante la paura del buio.<\/p>\n<p>Teatrimperfetti \/ Viva Opera Circus<\/p>\n<p>Di e con Maria Ellero<\/p>\n<p>Testo di Maria Ellero e Gianni Franceschini<\/p>\n<p>Elaborazione immagini Massimiliano Masserelli e Andrea Nalin<\/p>\n<p>Progetto scenografico Marco Gardesani<\/p>\n<p>Realizzazione scenografica Enrico Guerra e Luciano Rizzati<\/p>\n<p>Disegno luci Massimiliano Masserelli<\/p>\n<p>Musiche originali Sergio Altamura<\/p>\n<p>Elaborazione fonica Marco Canali<\/p>\n<p>Costumi Graziella Pelati<\/p>\n<p>GENERE: Teatro e danza in interazione con immagini (et\u00e0 consigliata: dai 3 anni)<\/p>\n<p>&nbsp;<\/p>\n<p>PRENOTAZIONE BIGLIETTI<\/p>\n<p>Bambini: 5,00 \u20ac &#8211; Adulti: 7,00 \u20ac<\/p>\n<p>RITIRO BIGLIETTI<\/p>\n<p>A partire da 10 giorni prima di ogni spettacolo presso Pro Loco di Ponte nelle Alpi. I biglietti prenotati dovranno essere ritirati entro il venerd\u00ec sera precedente allo spettacolo.<\/p>\n<p>COME PRENOTARE<\/p>\n<p>ON LINE<\/p>\n<p>Collegarsi al sito www.prolocopna.it e<\/p>\n<p>scegliere il proprio posto direttamente<\/p>\n<p>sulla pianta della sala.<\/p>\n<p>&nbsp;<\/p>\n<p>TELEFONO<\/p>\n<p>Chiamare l\u2019Ufficio Pro Loco allo<\/p>\n<p>0437.981792 oppure 393.4691455 in<\/p>\n<p>orario di apertura.<\/p>\n<p>&nbsp;<\/p>\n<p>______________________________________<\/p>\n<p>&nbsp;<\/p>\n<p>PRO LOCO DI PONTE NELLE ALPI<\/p>\n<p>&nbsp;<\/p>\n<p>P.tta Bivio, 14 &#8211; 32014 Ponte nelle Alpi BL<\/p>\n<p>&nbsp;<\/p>\n<p>Tel 0437.981792 Fax 0437.998134<\/p>\n<p>&nbsp;<\/p>\n<p>www.prolocopna.it &#8211; info@prolocopna.it<\/p>\n<p>Orario Apertura Uffici:<\/p>\n<p>Lun &#8211; Ven 17.00-19.00<\/p>\n<p>Marted\u00ec 9.30-12.30<\/p>\n<p>Mercoled\u00ec 10.30-12.30<\/p>\n<p>Gio &#8211; Sab 10.00-12.00<\/p>\n<p>&nbsp;<\/p>\n<p>&nbsp;<\/p>\n<p>&nbsp;<\/p>","protected":false},"excerpt":{"rendered":"<p>&#8220;A Teatro con Mamma e Pap\u00e0&#8221;, continua la sua corsa aprendo le porte ai nuovi linguaggi teatrali per il penultimo appuntamento della Stagione. La stagione di teatro per l&#8217;infanzia e la giovent\u00f9 presso il Piccolo Teatro Pierobon di Paiane \u00e8 organizzata dalla Pro Loco di Ponte nelle Alpi con il patrocinio del Comune di Ponte [&hellip;]<\/p>\n","protected":false},"author":2,"featured_media":0,"comment_status":"closed","ping_status":"open","sticky":false,"template":"","format":"standard","meta":{"footnotes":""},"categories":[27,3,25],"tags":[],"class_list":["post-46784","post","type-post","status-publish","format-standard","category-appuntamenti","category-arte-cultura-spettacoli-scienza-archivi","category-pausa-caffe"],"yoast_head":"<!-- This site is optimized with the Yoast SEO plugin v28.4 - https:\/\/yoast.com\/product\/yoast-seo-wordpress\/ -->\n<title>A Teatro con mamma e pap\u00e0:  - Bellunopress - Dolomiti<\/title>\n<meta name=\"robots\" content=\"index, follow, max-snippet:-1, max-image-preview:large, max-video-preview:-1\" \/>\n<link rel=\"canonical\" href=\"https:\/\/www.bellunopress.it\/fr\/2013\/02\/16\/a-teatro-con-mamma-e-papa\/\" \/>\n<meta property=\"og:locale\" content=\"fr_FR\" \/>\n<meta property=\"og:type\" content=\"article\" \/>\n<meta property=\"og:title\" content=\"A Teatro con mamma e pap\u00e0:  - Bellunopress - Dolomiti\" \/>\n<meta property=\"og:description\" content=\"&#8220;A Teatro con Mamma e Pap\u00e0&#8221;, continua la sua corsa aprendo le porte ai nuovi linguaggi teatrali per il penultimo appuntamento della Stagione. La stagione di teatro per l&#8217;infanzia e la giovent\u00f9 presso il Piccolo Teatro Pierobon di Paiane \u00e8 organizzata dalla Pro Loco di Ponte nelle Alpi con il patrocinio del Comune di Ponte [&hellip;]\" \/>\n<meta property=\"og:url\" content=\"https:\/\/www.bellunopress.it\/fr\/2013\/02\/16\/a-teatro-con-mamma-e-papa\/\" \/>\n<meta property=\"og:site_name\" content=\"Bellunopress - Dolomiti\" \/>\n<meta property=\"article:publisher\" content=\"https:\/\/www.facebook.com\/profile.php?id=100008943462799\" \/>\n<meta property=\"article:published_time\" content=\"2013-02-16T08:39:00+00:00\" \/>\n<meta property=\"og:image\" content=\"http:\/\/www.bellunopress.it\/wp-content\/uploads\/2012\/07\/logo-bellunopress-250x250-2012.jpg\" \/>\n<meta name=\"author\" content=\"redazione\" \/>\n<meta name=\"twitter:card\" content=\"summary_large_image\" \/>\n<meta name=\"twitter:creator\" content=\"@bellunopress\" \/>\n<meta name=\"twitter:site\" content=\"@bellunopress\" \/>\n<meta name=\"twitter:label1\" content=\"\u00c9crit par\" \/>\n\t<meta name=\"twitter:data1\" content=\"redazione\" \/>\n\t<meta name=\"twitter:label2\" content=\"Dur\u00e9e de lecture estim\u00e9e\" \/>\n\t<meta name=\"twitter:data2\" content=\"3 minutes\" \/>\n<script type=\"application\/ld+json\" class=\"yoast-schema-graph\">{\"@context\":\"https:\\\/\\\/schema.org\",\"@graph\":[{\"@type\":\"Article\",\"@id\":\"https:\\\/\\\/www.bellunopress.it\\\/2013\\\/02\\\/16\\\/a-teatro-con-mamma-e-papa\\\/#article\",\"isPartOf\":{\"@id\":\"https:\\\/\\\/www.bellunopress.it\\\/2013\\\/02\\\/16\\\/a-teatro-con-mamma-e-papa\\\/\"},\"author\":{\"name\":\"redazione\",\"@id\":\"https:\\\/\\\/www.bellunopress.it\\\/#\\\/schema\\\/person\\\/79bb06722b37ece1c03d3e94beb30d73\"},\"headline\":\"A Teatro con mamma e pap\u00e0:\",\"datePublished\":\"2013-02-16T08:39:00+00:00\",\"mainEntityOfPage\":{\"@id\":\"https:\\\/\\\/www.bellunopress.it\\\/2013\\\/02\\\/16\\\/a-teatro-con-mamma-e-papa\\\/\"},\"wordCount\":555,\"publisher\":{\"@id\":\"https:\\\/\\\/www.bellunopress.it\\\/#organization\"},\"articleSection\":[\"Appuntamenti, Eventi\",\"Arte, Cultura, Spettacoli, Scienza\",\"Pausa Caff\u00e8\"],\"inLanguage\":\"fr-FR\"},{\"@type\":\"WebPage\",\"@id\":\"https:\\\/\\\/www.bellunopress.it\\\/2013\\\/02\\\/16\\\/a-teatro-con-mamma-e-papa\\\/\",\"url\":\"https:\\\/\\\/www.bellunopress.it\\\/2013\\\/02\\\/16\\\/a-teatro-con-mamma-e-papa\\\/\",\"name\":\"A Teatro con mamma e pap\u00e0: - Bellunopress - Dolomiti\",\"isPartOf\":{\"@id\":\"https:\\\/\\\/www.bellunopress.it\\\/#website\"},\"datePublished\":\"2013-02-16T08:39:00+00:00\",\"breadcrumb\":{\"@id\":\"https:\\\/\\\/www.bellunopress.it\\\/2013\\\/02\\\/16\\\/a-teatro-con-mamma-e-papa\\\/#breadcrumb\"},\"inLanguage\":\"fr-FR\",\"potentialAction\":[{\"@type\":\"ReadAction\",\"target\":[\"https:\\\/\\\/www.bellunopress.it\\\/2013\\\/02\\\/16\\\/a-teatro-con-mamma-e-papa\\\/\"]}]},{\"@type\":\"BreadcrumbList\",\"@id\":\"https:\\\/\\\/www.bellunopress.it\\\/2013\\\/02\\\/16\\\/a-teatro-con-mamma-e-papa\\\/#breadcrumb\",\"itemListElement\":[{\"@type\":\"ListItem\",\"position\":1,\"name\":\"Home\",\"item\":\"https:\\\/\\\/www.bellunopress.it\\\/\"},{\"@type\":\"ListItem\",\"position\":2,\"name\":\"A Teatro con mamma e pap\u00e0:\"}]},{\"@type\":\"WebSite\",\"@id\":\"https:\\\/\\\/www.bellunopress.it\\\/#website\",\"url\":\"https:\\\/\\\/www.bellunopress.it\\\/\",\"name\":\"Bellunopress - Dolomiti\",\"description\":\"e-mail: redazione@bellunopress.it\",\"publisher\":{\"@id\":\"https:\\\/\\\/www.bellunopress.it\\\/#organization\"},\"potentialAction\":[{\"@type\":\"SearchAction\",\"target\":{\"@type\":\"EntryPoint\",\"urlTemplate\":\"https:\\\/\\\/www.bellunopress.it\\\/?s={search_term_string}\"},\"query-input\":{\"@type\":\"PropertyValueSpecification\",\"valueRequired\":true,\"valueName\":\"search_term_string\"}}],\"inLanguage\":\"fr-FR\"},{\"@type\":\"Organization\",\"@id\":\"https:\\\/\\\/www.bellunopress.it\\\/#organization\",\"name\":\"Bellunopress\",\"url\":\"https:\\\/\\\/www.bellunopress.it\\\/\",\"logo\":{\"@type\":\"ImageObject\",\"inLanguage\":\"fr-FR\",\"@id\":\"https:\\\/\\\/www.bellunopress.it\\\/#\\\/schema\\\/logo\\\/image\\\/\",\"url\":\"https:\\\/\\\/www.bellunopress.it\\\/wp-content\\\/uploads\\\/2011\\\/05\\\/cropped-logo-bellunopress-.jpg\",\"contentUrl\":\"https:\\\/\\\/www.bellunopress.it\\\/wp-content\\\/uploads\\\/2011\\\/05\\\/cropped-logo-bellunopress-.jpg\",\"width\":512,\"height\":512,\"caption\":\"Bellunopress\"},\"image\":{\"@id\":\"https:\\\/\\\/www.bellunopress.it\\\/#\\\/schema\\\/logo\\\/image\\\/\"},\"sameAs\":[\"https:\\\/\\\/www.facebook.com\\\/profile.php?id=100008943462799\",\"https:\\\/\\\/x.com\\\/bellunopress\",\"https:\\\/\\\/www.linkedin.com\\\/hp\\\/?dnr=JBzUWaJfMUw8vbXJJ2tVW5-I3jZKvC4wsoxE&amp;amp;amp;amp;amp;amp;trk=nav_responsive_tab_home\",\"https:\\\/\\\/www.youtube.com\\\/channel\\\/UCxL0wu1uN0_3_7hGG0306cw\"]},{\"@type\":\"Person\",\"@id\":\"https:\\\/\\\/www.bellunopress.it\\\/#\\\/schema\\\/person\\\/79bb06722b37ece1c03d3e94beb30d73\",\"name\":\"redazione\",\"image\":{\"@type\":\"ImageObject\",\"inLanguage\":\"fr-FR\",\"@id\":\"https:\\\/\\\/secure.gravatar.com\\\/avatar\\\/37d968a2e67a6fd04c169c4bdef102d0bc5d31b2546345219e348575eb80e9a0?s=96&d=mm&r=g\",\"url\":\"https:\\\/\\\/secure.gravatar.com\\\/avatar\\\/37d968a2e67a6fd04c169c4bdef102d0bc5d31b2546345219e348575eb80e9a0?s=96&d=mm&r=g\",\"contentUrl\":\"https:\\\/\\\/secure.gravatar.com\\\/avatar\\\/37d968a2e67a6fd04c169c4bdef102d0bc5d31b2546345219e348575eb80e9a0?s=96&d=mm&r=g\",\"caption\":\"redazione\"},\"sameAs\":[\"http:\\\/\\\/www.bellunopress.it\",\"https:\\\/\\\/x.com\\\/bellunopress\"],\"url\":\"https:\\\/\\\/www.bellunopress.it\\\/fr\\\/author\\\/redazione\\\/\"}]}<\/script>\n<!-- \/ Yoast SEO plugin. -->","yoast_head_json":{"title":"A Teatro con mamma e pap\u00e0:  - Bellunopress - Dolomiti","robots":{"index":"index","follow":"follow","max-snippet":"max-snippet:-1","max-image-preview":"max-image-preview:large","max-video-preview":"max-video-preview:-1"},"canonical":"https:\/\/www.bellunopress.it\/fr\/2013\/02\/16\/a-teatro-con-mamma-e-papa\/","og_locale":"fr_FR","og_type":"article","og_title":"A Teatro con mamma e pap\u00e0:  - Bellunopress - Dolomiti","og_description":"&#8220;A Teatro con Mamma e Pap\u00e0&#8221;, continua la sua corsa aprendo le porte ai nuovi linguaggi teatrali per il penultimo appuntamento della Stagione. La stagione di teatro per l&#8217;infanzia e la giovent\u00f9 presso il Piccolo Teatro Pierobon di Paiane \u00e8 organizzata dalla Pro Loco di Ponte nelle Alpi con il patrocinio del Comune di Ponte [&hellip;]","og_url":"https:\/\/www.bellunopress.it\/fr\/2013\/02\/16\/a-teatro-con-mamma-e-papa\/","og_site_name":"Bellunopress - Dolomiti","article_publisher":"https:\/\/www.facebook.com\/profile.php?id=100008943462799","article_published_time":"2013-02-16T08:39:00+00:00","og_image":[{"url":"http:\/\/www.bellunopress.it\/wp-content\/uploads\/2012\/07\/logo-bellunopress-250x250-2012.jpg","type":"","width":"","height":""}],"author":"redazione","twitter_card":"summary_large_image","twitter_creator":"@bellunopress","twitter_site":"@bellunopress","twitter_misc":{"\u00c9crit par":"redazione","Dur\u00e9e de lecture estim\u00e9e":"3 minutes"},"schema":{"@context":"https:\/\/schema.org","@graph":[{"@type":"Article","@id":"https:\/\/www.bellunopress.it\/2013\/02\/16\/a-teatro-con-mamma-e-papa\/#article","isPartOf":{"@id":"https:\/\/www.bellunopress.it\/2013\/02\/16\/a-teatro-con-mamma-e-papa\/"},"author":{"name":"redazione","@id":"https:\/\/www.bellunopress.it\/#\/schema\/person\/79bb06722b37ece1c03d3e94beb30d73"},"headline":"A Teatro con mamma e pap\u00e0:","datePublished":"2013-02-16T08:39:00+00:00","mainEntityOfPage":{"@id":"https:\/\/www.bellunopress.it\/2013\/02\/16\/a-teatro-con-mamma-e-papa\/"},"wordCount":555,"publisher":{"@id":"https:\/\/www.bellunopress.it\/#organization"},"articleSection":["Appuntamenti, Eventi","Arte, Cultura, Spettacoli, Scienza","Pausa Caff\u00e8"],"inLanguage":"fr-FR"},{"@type":"WebPage","@id":"https:\/\/www.bellunopress.it\/2013\/02\/16\/a-teatro-con-mamma-e-papa\/","url":"https:\/\/www.bellunopress.it\/2013\/02\/16\/a-teatro-con-mamma-e-papa\/","name":"A Teatro con mamma e pap\u00e0: - Bellunopress - Dolomiti","isPartOf":{"@id":"https:\/\/www.bellunopress.it\/#website"},"datePublished":"2013-02-16T08:39:00+00:00","breadcrumb":{"@id":"https:\/\/www.bellunopress.it\/2013\/02\/16\/a-teatro-con-mamma-e-papa\/#breadcrumb"},"inLanguage":"fr-FR","potentialAction":[{"@type":"ReadAction","target":["https:\/\/www.bellunopress.it\/2013\/02\/16\/a-teatro-con-mamma-e-papa\/"]}]},{"@type":"BreadcrumbList","@id":"https:\/\/www.bellunopress.it\/2013\/02\/16\/a-teatro-con-mamma-e-papa\/#breadcrumb","itemListElement":[{"@type":"ListItem","position":1,"name":"Home","item":"https:\/\/www.bellunopress.it\/"},{"@type":"ListItem","position":2,"name":"A Teatro con mamma e pap\u00e0:"}]},{"@type":"WebSite","@id":"https:\/\/www.bellunopress.it\/#website","url":"https:\/\/www.bellunopress.it\/","name":"Bellunopress - Dolomiti","description":"e-mail: redazione@bellunopress.it","publisher":{"@id":"https:\/\/www.bellunopress.it\/#organization"},"potentialAction":[{"@type":"SearchAction","target":{"@type":"EntryPoint","urlTemplate":"https:\/\/www.bellunopress.it\/?s={search_term_string}"},"query-input":{"@type":"PropertyValueSpecification","valueRequired":true,"valueName":"search_term_string"}}],"inLanguage":"fr-FR"},{"@type":"Organization","@id":"https:\/\/www.bellunopress.it\/#organization","name":"Bellunopress","url":"https:\/\/www.bellunopress.it\/","logo":{"@type":"ImageObject","inLanguage":"fr-FR","@id":"https:\/\/www.bellunopress.it\/#\/schema\/logo\/image\/","url":"https:\/\/www.bellunopress.it\/wp-content\/uploads\/2011\/05\/cropped-logo-bellunopress-.jpg","contentUrl":"https:\/\/www.bellunopress.it\/wp-content\/uploads\/2011\/05\/cropped-logo-bellunopress-.jpg","width":512,"height":512,"caption":"Bellunopress"},"image":{"@id":"https:\/\/www.bellunopress.it\/#\/schema\/logo\/image\/"},"sameAs":["https:\/\/www.facebook.com\/profile.php?id=100008943462799","https:\/\/x.com\/bellunopress","https:\/\/www.linkedin.com\/hp\/?dnr=JBzUWaJfMUw8vbXJJ2tVW5-I3jZKvC4wsoxE&amp;amp;amp;amp;amp;amp;trk=nav_responsive_tab_home","https:\/\/www.youtube.com\/channel\/UCxL0wu1uN0_3_7hGG0306cw"]},{"@type":"Person","@id":"https:\/\/www.bellunopress.it\/#\/schema\/person\/79bb06722b37ece1c03d3e94beb30d73","name":"r\u00e9daction","image":{"@type":"ImageObject","inLanguage":"fr-FR","@id":"https:\/\/secure.gravatar.com\/avatar\/37d968a2e67a6fd04c169c4bdef102d0bc5d31b2546345219e348575eb80e9a0?s=96&d=mm&r=g","url":"https:\/\/secure.gravatar.com\/avatar\/37d968a2e67a6fd04c169c4bdef102d0bc5d31b2546345219e348575eb80e9a0?s=96&d=mm&r=g","contentUrl":"https:\/\/secure.gravatar.com\/avatar\/37d968a2e67a6fd04c169c4bdef102d0bc5d31b2546345219e348575eb80e9a0?s=96&d=mm&r=g","caption":"redazione"},"sameAs":["http:\/\/www.bellunopress.it","https:\/\/x.com\/bellunopress"],"url":"https:\/\/www.bellunopress.it\/fr\/author\/redazione\/"}]}},"_links":{"self":[{"href":"https:\/\/www.bellunopress.it\/fr\/wp-json\/wp\/v2\/posts\/46784","targetHints":{"allow":["GET"]}}],"collection":[{"href":"https:\/\/www.bellunopress.it\/fr\/wp-json\/wp\/v2\/posts"}],"about":[{"href":"https:\/\/www.bellunopress.it\/fr\/wp-json\/wp\/v2\/types\/post"}],"author":[{"embeddable":true,"href":"https:\/\/www.bellunopress.it\/fr\/wp-json\/wp\/v2\/users\/2"}],"replies":[{"embeddable":true,"href":"https:\/\/www.bellunopress.it\/fr\/wp-json\/wp\/v2\/comments?post=46784"}],"version-history":[{"count":1,"href":"https:\/\/www.bellunopress.it\/fr\/wp-json\/wp\/v2\/posts\/46784\/revisions"}],"predecessor-version":[{"id":46785,"href":"https:\/\/www.bellunopress.it\/fr\/wp-json\/wp\/v2\/posts\/46784\/revisions\/46785"}],"wp:attachment":[{"href":"https:\/\/www.bellunopress.it\/fr\/wp-json\/wp\/v2\/media?parent=46784"}],"wp:term":[{"taxonomy":"category","embeddable":true,"href":"https:\/\/www.bellunopress.it\/fr\/wp-json\/wp\/v2\/categories?post=46784"},{"taxonomy":"post_tag","embeddable":true,"href":"https:\/\/www.bellunopress.it\/fr\/wp-json\/wp\/v2\/tags?post=46784"}],"curies":[{"name":"wp","href":"https:\/\/api.w.org\/{rel}","templated":true}]}}