{"id":46782,"date":"2013-02-19T09:31:07","date_gmt":"2013-02-19T08:31:07","guid":{"rendered":"http:\/\/www.bellunopress.it\/?p=46782"},"modified":"2013-02-16T09:33:20","modified_gmt":"2013-02-16T08:33:20","slug":"i-due-volti-della-morte-nera-morire-di-carbone-in-belgio-venerdi-a-mel-la-presentazione-del-libro-di-walter-basso","status":"publish","type":"post","link":"https:\/\/www.bellunopress.it\/fr\/2013\/02\/19\/i-due-volti-della-morte-nera-morire-di-carbone-in-belgio-venerdi-a-mel-la-presentazione-del-libro-di-walter-basso\/","title":{"rendered":"\u201cI due volti della morte nera\u201d, morire di carbone in Belgio. Venerd\u00ec a Mel la presentazione del libro di Walter Basso"},"content":{"rendered":"<p>Il Comune di Mel, Assessorato alla Cultura, presenta il libro \u201cI due volti della morte nera \u2013 Morire di carbone in Belgio\u201d di Walter Basso venerd\u00ec 22 febbraio 2013 alle ore 20.30 presso il Palazzo delle Contesse di Mel.<\/p>\n<p>Il libro racconta l\u2019esperienza di emigrante con il padre e lo zio minatori, entrambi morti di carbone. Nella seconda parte un&#8217;inchiesta denuncia che racconta le truffe dei due governi (italiano e belga) dal 46 al 63 , quando 70.000 giovani finivano a morire sottoterra, le sofferenze, le stragi, la vita, il razzismo, i misteri di Marcinelle, la silicosi che continua ad ammazzare, e infine le interviste a chi \u00e8 sopravissuto o ai loro cari sia in Italia che in Belgio<\/p>\n<p>L\u2019occasione giusta per far conoscere e mantenere viva la memoria di questa parte di storia italiana, uno dei capitoli pi\u00f9 amari, che ha visto tra i protagonisti anche molti bellunesi, che rende onore al nostro Paese, popolo di emigranti onesti e lavoratori, e rimane un grandissimo esempio di dignit\u00e0 e coraggio.<\/p>\n<p>Sar\u00e0 presente l\u2019autore<\/p>\n<p>Walter Basso nato a Camposampiero, il 20 dicembre 1951 \u00e8 uno scrittore italiano, ha vissuto i suoi primi anni in Belgio, presso Fontaine-l&#8217;\u00c9v\u00eaque. Ha al suo attivo numerose pubblicazioni tra le quali il &#8220;Nuovo Dizionario Veneto Italiano Etimologico\u201d che riporta numerosi vocaboli tradizionali e di nuovo uso, indicando anche l\u2019evoluzione del dialetto nel corso del tempo.<\/p>\n<p>&nbsp;<\/p>","protected":false},"excerpt":{"rendered":"<p>Il Comune di Mel, Assessorato alla Cultura, presenta il libro \u201cI due volti della morte nera \u2013 Morire di carbone in Belgio\u201d di Walter Basso venerd\u00ec 22 febbraio 2013 alle ore 20.30 presso il Palazzo delle Contesse di Mel. Il libro racconta l\u2019esperienza di emigrante con il padre e lo zio minatori, entrambi morti di [&hellip;]<\/p>\n","protected":false},"author":2,"featured_media":0,"comment_status":"closed","ping_status":"open","sticky":false,"template":"","format":"standard","meta":{"footnotes":""},"categories":[27,3,25],"tags":[],"class_list":["post-46782","post","type-post","status-publish","format-standard","category-appuntamenti","category-arte-cultura-spettacoli-scienza-archivi","category-pausa-caffe"],"yoast_head":"<!-- This site is optimized with the Yoast SEO plugin v28.4 - https:\/\/yoast.com\/product\/yoast-seo-wordpress\/ -->\n<title>\u201cI due volti della morte nera\u201d, morire di carbone in Belgio. Venerd\u00ec a Mel la presentazione del libro di Walter Basso - Bellunopress - Dolomiti<\/title>\n<meta name=\"robots\" content=\"index, follow, max-snippet:-1, max-image-preview:large, max-video-preview:-1\" \/>\n<link rel=\"canonical\" href=\"https:\/\/www.bellunopress.it\/fr\/2013\/02\/19\/i-due-volti-della-morte-nera-morire-di-carbone-in-belgio-venerdi-a-mel-la-presentazione-del-libro-di-walter-basso\/\" \/>\n<meta property=\"og:locale\" content=\"fr_FR\" \/>\n<meta property=\"og:type\" content=\"article\" \/>\n<meta property=\"og:title\" content=\"\u201cI due volti della morte nera\u201d, morire di carbone in Belgio. Venerd\u00ec a Mel la presentazione del libro di Walter Basso - Bellunopress - Dolomiti\" \/>\n<meta property=\"og:description\" content=\"Il Comune di Mel, Assessorato alla Cultura, presenta il libro \u201cI due volti della morte nera \u2013 Morire di carbone in Belgio\u201d di Walter Basso venerd\u00ec 22 febbraio 2013 alle ore 20.30 presso il Palazzo delle Contesse di Mel. Il libro racconta l\u2019esperienza di emigrante con il padre e lo zio minatori, entrambi morti di [&hellip;]\" \/>\n<meta property=\"og:url\" content=\"https:\/\/www.bellunopress.it\/fr\/2013\/02\/19\/i-due-volti-della-morte-nera-morire-di-carbone-in-belgio-venerdi-a-mel-la-presentazione-del-libro-di-walter-basso\/\" \/>\n<meta property=\"og:site_name\" content=\"Bellunopress - Dolomiti\" \/>\n<meta property=\"article:publisher\" content=\"https:\/\/www.facebook.com\/profile.php?id=100008943462799\" \/>\n<meta property=\"article:published_time\" content=\"2013-02-19T08:31:07+00:00\" \/>\n<meta property=\"og:image\" content=\"http:\/\/www.bellunopress.it\/wp-content\/uploads\/2012\/07\/logo-bellunopress-250x250-2012.jpg\" \/>\n<meta name=\"author\" content=\"redazione\" \/>\n<meta name=\"twitter:card\" content=\"summary_large_image\" \/>\n<meta name=\"twitter:creator\" content=\"@bellunopress\" \/>\n<meta name=\"twitter:site\" content=\"@bellunopress\" \/>\n<meta name=\"twitter:label1\" content=\"Written by\" \/>\n\t<meta name=\"twitter:data1\" content=\"redazione\" \/>\n\t<meta name=\"twitter:label2\" content=\"Est. reading time\" \/>\n\t<meta name=\"twitter:data2\" content=\"1 minute\" \/>\n<script type=\"application\/ld+json\" class=\"yoast-schema-graph\">{\"@context\":\"https:\\\/\\\/schema.org\",\"@graph\":[{\"@type\":\"Article\",\"@id\":\"https:\\\/\\\/www.bellunopress.it\\\/2013\\\/02\\\/19\\\/i-due-volti-della-morte-nera-morire-di-carbone-in-belgio-venerdi-a-mel-la-presentazione-del-libro-di-walter-basso\\\/#article\",\"isPartOf\":{\"@id\":\"https:\\\/\\\/www.bellunopress.it\\\/2013\\\/02\\\/19\\\/i-due-volti-della-morte-nera-morire-di-carbone-in-belgio-venerdi-a-mel-la-presentazione-del-libro-di-walter-basso\\\/\"},\"author\":{\"name\":\"redazione\",\"@id\":\"https:\\\/\\\/www.bellunopress.it\\\/#\\\/schema\\\/person\\\/79bb06722b37ece1c03d3e94beb30d73\"},\"headline\":\"\u201cI due volti della morte nera\u201d, morire di carbone in Belgio. Venerd\u00ec a Mel la presentazione del libro di Walter Basso\",\"datePublished\":\"2013-02-19T08:31:07+00:00\",\"mainEntityOfPage\":{\"@id\":\"https:\\\/\\\/www.bellunopress.it\\\/2013\\\/02\\\/19\\\/i-due-volti-della-morte-nera-morire-di-carbone-in-belgio-venerdi-a-mel-la-presentazione-del-libro-di-walter-basso\\\/\"},\"wordCount\":246,\"publisher\":{\"@id\":\"https:\\\/\\\/www.bellunopress.it\\\/#organization\"},\"articleSection\":[\"Appuntamenti, Eventi\",\"Arte, Cultura, Spettacoli, Scienza\",\"Pausa Caff\u00e8\"],\"inLanguage\":\"fr-FR\"},{\"@type\":\"WebPage\",\"@id\":\"https:\\\/\\\/www.bellunopress.it\\\/2013\\\/02\\\/19\\\/i-due-volti-della-morte-nera-morire-di-carbone-in-belgio-venerdi-a-mel-la-presentazione-del-libro-di-walter-basso\\\/\",\"url\":\"https:\\\/\\\/www.bellunopress.it\\\/2013\\\/02\\\/19\\\/i-due-volti-della-morte-nera-morire-di-carbone-in-belgio-venerdi-a-mel-la-presentazione-del-libro-di-walter-basso\\\/\",\"name\":\"\u201cI due volti della morte nera\u201d, morire di carbone in Belgio. Venerd\u00ec a Mel la presentazione del libro di Walter Basso - Bellunopress - Dolomiti\",\"isPartOf\":{\"@id\":\"https:\\\/\\\/www.bellunopress.it\\\/#website\"},\"datePublished\":\"2013-02-19T08:31:07+00:00\",\"breadcrumb\":{\"@id\":\"https:\\\/\\\/www.bellunopress.it\\\/2013\\\/02\\\/19\\\/i-due-volti-della-morte-nera-morire-di-carbone-in-belgio-venerdi-a-mel-la-presentazione-del-libro-di-walter-basso\\\/#breadcrumb\"},\"inLanguage\":\"fr-FR\",\"potentialAction\":[{\"@type\":\"ReadAction\",\"target\":[\"https:\\\/\\\/www.bellunopress.it\\\/2013\\\/02\\\/19\\\/i-due-volti-della-morte-nera-morire-di-carbone-in-belgio-venerdi-a-mel-la-presentazione-del-libro-di-walter-basso\\\/\"]}]},{\"@type\":\"BreadcrumbList\",\"@id\":\"https:\\\/\\\/www.bellunopress.it\\\/2013\\\/02\\\/19\\\/i-due-volti-della-morte-nera-morire-di-carbone-in-belgio-venerdi-a-mel-la-presentazione-del-libro-di-walter-basso\\\/#breadcrumb\",\"itemListElement\":[{\"@type\":\"ListItem\",\"position\":1,\"name\":\"Home\",\"item\":\"https:\\\/\\\/www.bellunopress.it\\\/\"},{\"@type\":\"ListItem\",\"position\":2,\"name\":\"\u201cI due volti della morte nera\u201d, morire di carbone in Belgio. Venerd\u00ec a Mel la presentazione del libro di Walter Basso\"}]},{\"@type\":\"WebSite\",\"@id\":\"https:\\\/\\\/www.bellunopress.it\\\/#website\",\"url\":\"https:\\\/\\\/www.bellunopress.it\\\/\",\"name\":\"Bellunopress - Dolomiti\",\"description\":\"e-mail: redazione@bellunopress.it\",\"publisher\":{\"@id\":\"https:\\\/\\\/www.bellunopress.it\\\/#organization\"},\"potentialAction\":[{\"@type\":\"SearchAction\",\"target\":{\"@type\":\"EntryPoint\",\"urlTemplate\":\"https:\\\/\\\/www.bellunopress.it\\\/?s={search_term_string}\"},\"query-input\":{\"@type\":\"PropertyValueSpecification\",\"valueRequired\":true,\"valueName\":\"search_term_string\"}}],\"inLanguage\":\"fr-FR\"},{\"@type\":\"Organization\",\"@id\":\"https:\\\/\\\/www.bellunopress.it\\\/#organization\",\"name\":\"Bellunopress\",\"url\":\"https:\\\/\\\/www.bellunopress.it\\\/\",\"logo\":{\"@type\":\"ImageObject\",\"inLanguage\":\"fr-FR\",\"@id\":\"https:\\\/\\\/www.bellunopress.it\\\/#\\\/schema\\\/logo\\\/image\\\/\",\"url\":\"https:\\\/\\\/www.bellunopress.it\\\/wp-content\\\/uploads\\\/2011\\\/05\\\/cropped-logo-bellunopress-.jpg\",\"contentUrl\":\"https:\\\/\\\/www.bellunopress.it\\\/wp-content\\\/uploads\\\/2011\\\/05\\\/cropped-logo-bellunopress-.jpg\",\"width\":512,\"height\":512,\"caption\":\"Bellunopress\"},\"image\":{\"@id\":\"https:\\\/\\\/www.bellunopress.it\\\/#\\\/schema\\\/logo\\\/image\\\/\"},\"sameAs\":[\"https:\\\/\\\/www.facebook.com\\\/profile.php?id=100008943462799\",\"https:\\\/\\\/x.com\\\/bellunopress\",\"https:\\\/\\\/www.linkedin.com\\\/hp\\\/?dnr=JBzUWaJfMUw8vbXJJ2tVW5-I3jZKvC4wsoxE&amp;amp;amp;amp;amp;amp;trk=nav_responsive_tab_home\",\"https:\\\/\\\/www.youtube.com\\\/channel\\\/UCxL0wu1uN0_3_7hGG0306cw\"]},{\"@type\":\"Person\",\"@id\":\"https:\\\/\\\/www.bellunopress.it\\\/#\\\/schema\\\/person\\\/79bb06722b37ece1c03d3e94beb30d73\",\"name\":\"redazione\",\"image\":{\"@type\":\"ImageObject\",\"inLanguage\":\"fr-FR\",\"@id\":\"https:\\\/\\\/secure.gravatar.com\\\/avatar\\\/37d968a2e67a6fd04c169c4bdef102d0bc5d31b2546345219e348575eb80e9a0?s=96&d=mm&r=g\",\"url\":\"https:\\\/\\\/secure.gravatar.com\\\/avatar\\\/37d968a2e67a6fd04c169c4bdef102d0bc5d31b2546345219e348575eb80e9a0?s=96&d=mm&r=g\",\"contentUrl\":\"https:\\\/\\\/secure.gravatar.com\\\/avatar\\\/37d968a2e67a6fd04c169c4bdef102d0bc5d31b2546345219e348575eb80e9a0?s=96&d=mm&r=g\",\"caption\":\"redazione\"},\"sameAs\":[\"http:\\\/\\\/www.bellunopress.it\",\"https:\\\/\\\/x.com\\\/bellunopress\"],\"url\":\"https:\\\/\\\/www.bellunopress.it\\\/fr\\\/author\\\/redazione\\\/\"}]}<\/script>\n<!-- \/ Yoast SEO plugin. -->","yoast_head_json":{"title":"\u201cI due volti della morte nera\u201d, morire di carbone in Belgio. Venerd\u00ec a Mel la presentazione del libro di Walter Basso - Bellunopress - Dolomiti","robots":{"index":"index","follow":"follow","max-snippet":"max-snippet:-1","max-image-preview":"max-image-preview:large","max-video-preview":"max-video-preview:-1"},"canonical":"https:\/\/www.bellunopress.it\/fr\/2013\/02\/19\/i-due-volti-della-morte-nera-morire-di-carbone-in-belgio-venerdi-a-mel-la-presentazione-del-libro-di-walter-basso\/","og_locale":"fr_FR","og_type":"article","og_title":"\u201cI due volti della morte nera\u201d, morire di carbone in Belgio. Venerd\u00ec a Mel la presentazione del libro di Walter Basso - Bellunopress - Dolomiti","og_description":"Il Comune di Mel, Assessorato alla Cultura, presenta il libro \u201cI due volti della morte nera \u2013 Morire di carbone in Belgio\u201d di Walter Basso venerd\u00ec 22 febbraio 2013 alle ore 20.30 presso il Palazzo delle Contesse di Mel. Il libro racconta l\u2019esperienza di emigrante con il padre e lo zio minatori, entrambi morti di [&hellip;]","og_url":"https:\/\/www.bellunopress.it\/fr\/2013\/02\/19\/i-due-volti-della-morte-nera-morire-di-carbone-in-belgio-venerdi-a-mel-la-presentazione-del-libro-di-walter-basso\/","og_site_name":"Bellunopress - Dolomiti","article_publisher":"https:\/\/www.facebook.com\/profile.php?id=100008943462799","article_published_time":"2013-02-19T08:31:07+00:00","og_image":[{"url":"http:\/\/www.bellunopress.it\/wp-content\/uploads\/2012\/07\/logo-bellunopress-250x250-2012.jpg","type":"","width":"","height":""}],"author":"redazione","twitter_card":"summary_large_image","twitter_creator":"@bellunopress","twitter_site":"@bellunopress","twitter_misc":{"Written by":"redazione","Est. reading time":"1 minute"},"schema":{"@context":"https:\/\/schema.org","@graph":[{"@type":"Article","@id":"https:\/\/www.bellunopress.it\/2013\/02\/19\/i-due-volti-della-morte-nera-morire-di-carbone-in-belgio-venerdi-a-mel-la-presentazione-del-libro-di-walter-basso\/#article","isPartOf":{"@id":"https:\/\/www.bellunopress.it\/2013\/02\/19\/i-due-volti-della-morte-nera-morire-di-carbone-in-belgio-venerdi-a-mel-la-presentazione-del-libro-di-walter-basso\/"},"author":{"name":"redazione","@id":"https:\/\/www.bellunopress.it\/#\/schema\/person\/79bb06722b37ece1c03d3e94beb30d73"},"headline":"\u201cI due volti della morte nera\u201d, morire di carbone in Belgio. Venerd\u00ec a Mel la presentazione del libro di Walter Basso","datePublished":"2013-02-19T08:31:07+00:00","mainEntityOfPage":{"@id":"https:\/\/www.bellunopress.it\/2013\/02\/19\/i-due-volti-della-morte-nera-morire-di-carbone-in-belgio-venerdi-a-mel-la-presentazione-del-libro-di-walter-basso\/"},"wordCount":246,"publisher":{"@id":"https:\/\/www.bellunopress.it\/#organization"},"articleSection":["Appuntamenti, Eventi","Arte, Cultura, Spettacoli, Scienza","Pausa Caff\u00e8"],"inLanguage":"fr-FR"},{"@type":"WebPage","@id":"https:\/\/www.bellunopress.it\/2013\/02\/19\/i-due-volti-della-morte-nera-morire-di-carbone-in-belgio-venerdi-a-mel-la-presentazione-del-libro-di-walter-basso\/","url":"https:\/\/www.bellunopress.it\/2013\/02\/19\/i-due-volti-della-morte-nera-morire-di-carbone-in-belgio-venerdi-a-mel-la-presentazione-del-libro-di-walter-basso\/","name":"\u201cI due volti della morte nera\u201d, morire di carbone in Belgio. Venerd\u00ec a Mel la presentazione del libro di Walter Basso - Bellunopress - Dolomiti","isPartOf":{"@id":"https:\/\/www.bellunopress.it\/#website"},"datePublished":"2013-02-19T08:31:07+00:00","breadcrumb":{"@id":"https:\/\/www.bellunopress.it\/2013\/02\/19\/i-due-volti-della-morte-nera-morire-di-carbone-in-belgio-venerdi-a-mel-la-presentazione-del-libro-di-walter-basso\/#breadcrumb"},"inLanguage":"fr-FR","potentialAction":[{"@type":"ReadAction","target":["https:\/\/www.bellunopress.it\/2013\/02\/19\/i-due-volti-della-morte-nera-morire-di-carbone-in-belgio-venerdi-a-mel-la-presentazione-del-libro-di-walter-basso\/"]}]},{"@type":"BreadcrumbList","@id":"https:\/\/www.bellunopress.it\/2013\/02\/19\/i-due-volti-della-morte-nera-morire-di-carbone-in-belgio-venerdi-a-mel-la-presentazione-del-libro-di-walter-basso\/#breadcrumb","itemListElement":[{"@type":"ListItem","position":1,"name":"Home","item":"https:\/\/www.bellunopress.it\/"},{"@type":"ListItem","position":2,"name":"\u201cI due volti della morte nera\u201d, morire di carbone in Belgio. Venerd\u00ec a Mel la presentazione del libro di Walter Basso"}]},{"@type":"WebSite","@id":"https:\/\/www.bellunopress.it\/#website","url":"https:\/\/www.bellunopress.it\/","name":"Bellunopress - Dolomiti","description":"e-mail: redazione@bellunopress.it","publisher":{"@id":"https:\/\/www.bellunopress.it\/#organization"},"potentialAction":[{"@type":"SearchAction","target":{"@type":"EntryPoint","urlTemplate":"https:\/\/www.bellunopress.it\/?s={search_term_string}"},"query-input":{"@type":"PropertyValueSpecification","valueRequired":true,"valueName":"search_term_string"}}],"inLanguage":"fr-FR"},{"@type":"Organization","@id":"https:\/\/www.bellunopress.it\/#organization","name":"Bellunopress","url":"https:\/\/www.bellunopress.it\/","logo":{"@type":"ImageObject","inLanguage":"fr-FR","@id":"https:\/\/www.bellunopress.it\/#\/schema\/logo\/image\/","url":"https:\/\/www.bellunopress.it\/wp-content\/uploads\/2011\/05\/cropped-logo-bellunopress-.jpg","contentUrl":"https:\/\/www.bellunopress.it\/wp-content\/uploads\/2011\/05\/cropped-logo-bellunopress-.jpg","width":512,"height":512,"caption":"Bellunopress"},"image":{"@id":"https:\/\/www.bellunopress.it\/#\/schema\/logo\/image\/"},"sameAs":["https:\/\/www.facebook.com\/profile.php?id=100008943462799","https:\/\/x.com\/bellunopress","https:\/\/www.linkedin.com\/hp\/?dnr=JBzUWaJfMUw8vbXJJ2tVW5-I3jZKvC4wsoxE&amp;amp;amp;amp;amp;amp;trk=nav_responsive_tab_home","https:\/\/www.youtube.com\/channel\/UCxL0wu1uN0_3_7hGG0306cw"]},{"@type":"Person","@id":"https:\/\/www.bellunopress.it\/#\/schema\/person\/79bb06722b37ece1c03d3e94beb30d73","name":"r\u00e9daction","image":{"@type":"ImageObject","inLanguage":"fr-FR","@id":"https:\/\/secure.gravatar.com\/avatar\/37d968a2e67a6fd04c169c4bdef102d0bc5d31b2546345219e348575eb80e9a0?s=96&d=mm&r=g","url":"https:\/\/secure.gravatar.com\/avatar\/37d968a2e67a6fd04c169c4bdef102d0bc5d31b2546345219e348575eb80e9a0?s=96&d=mm&r=g","contentUrl":"https:\/\/secure.gravatar.com\/avatar\/37d968a2e67a6fd04c169c4bdef102d0bc5d31b2546345219e348575eb80e9a0?s=96&d=mm&r=g","caption":"redazione"},"sameAs":["http:\/\/www.bellunopress.it","https:\/\/x.com\/bellunopress"],"url":"https:\/\/www.bellunopress.it\/fr\/author\/redazione\/"}]}},"_links":{"self":[{"href":"https:\/\/www.bellunopress.it\/fr\/wp-json\/wp\/v2\/posts\/46782","targetHints":{"allow":["GET"]}}],"collection":[{"href":"https:\/\/www.bellunopress.it\/fr\/wp-json\/wp\/v2\/posts"}],"about":[{"href":"https:\/\/www.bellunopress.it\/fr\/wp-json\/wp\/v2\/types\/post"}],"author":[{"embeddable":true,"href":"https:\/\/www.bellunopress.it\/fr\/wp-json\/wp\/v2\/users\/2"}],"replies":[{"embeddable":true,"href":"https:\/\/www.bellunopress.it\/fr\/wp-json\/wp\/v2\/comments?post=46782"}],"version-history":[{"count":1,"href":"https:\/\/www.bellunopress.it\/fr\/wp-json\/wp\/v2\/posts\/46782\/revisions"}],"predecessor-version":[{"id":46783,"href":"https:\/\/www.bellunopress.it\/fr\/wp-json\/wp\/v2\/posts\/46782\/revisions\/46783"}],"wp:attachment":[{"href":"https:\/\/www.bellunopress.it\/fr\/wp-json\/wp\/v2\/media?parent=46782"}],"wp:term":[{"taxonomy":"category","embeddable":true,"href":"https:\/\/www.bellunopress.it\/fr\/wp-json\/wp\/v2\/categories?post=46782"},{"taxonomy":"post_tag","embeddable":true,"href":"https:\/\/www.bellunopress.it\/fr\/wp-json\/wp\/v2\/tags?post=46782"}],"curies":[{"name":"wp","href":"https:\/\/api.w.org\/{rel}","templated":true}]}}