{"id":46780,"date":"2013-02-16T09:25:52","date_gmt":"2013-02-16T08:25:52","guid":{"rendered":"http:\/\/www.bellunopress.it\/?p=46780"},"modified":"2013-02-16T09:25:52","modified_gmt":"2013-02-16T08:25:52","slug":"energia-fondo-di-40-milioni-per-le-pmi-venete-che-investono-nel-contenimento-dei-consumi","status":"publish","type":"post","link":"https:\/\/www.bellunopress.it\/fr\/2013\/02\/16\/energia-fondo-di-40-milioni-per-le-pmi-venete-che-investono-nel-contenimento-dei-consumi\/","title":{"rendered":"Energia. Fondo di 40 milioni per le Pmi venete che investono nel contenimento dei consumi"},"content":{"rendered":"<p><a href=\"http:\/\/www.bellunopress.it\/wp-content\/uploads\/2010\/11\/regione-veneto.bmp\"><img decoding=\"async\" class=\"alignleft size-full wp-image-21561\" alt=\"regione-veneto\" src=\"http:\/\/www.bellunopress.it\/wp-content\/uploads\/2010\/11\/regione-veneto.bmp\" \/><\/a>Per le piccole e medie imprese venete che intendono investire nel contenimento dei consumi energetici, la Regione tramite una convenzione stipulata con la propria finanziaria Veneto Sviluppo ha attivato una nuova opportunit\u00e0. Si tratta del Fondo Energia che, con un apposito bando, mette a disposizione delle PMI, con sede in Veneto, 23,8 milioni di euro parte come finanziamento agevolato a tasso zero (15 milioni) e parte come contributo in conto capitale (8,8 milioni). Ai fondi regionali vanno aggiunti altri 15 milioni di finanziamenti bancari a tasso convenzionato, portando il plafond complessivo a quasi 40 milioni di euro.<\/p>\n<p>I contenuti e le finalit\u00e0 dell\u2019iniziativa regionale sono stati illustrati ai rappresentanti delle categorie economiche del Veneto, a Palazzo Grandi Stazioni della Regione a Venezia, dall\u2019assessore regionale all\u2019economia, sviluppo, ricerca e innovazione insieme al presidente di Veneto Sviluppo. \u201cRiteniamo \u2013 ha sottolineato l\u2019assessore \u2013che anche questo sia un modo concreto per essere vicini alle esigenze delle imprese, operando in forma sempre pi\u00f9 stretta fianco a fianco con la finanziaria Veneto Sviluppo\u201d. L\u2019assessore ha fatto presente inoltre che la modalit\u00e0 scelta, che sposa il finanziamento a fondo perduto con quello agevolato del fondo di rotazione, \u00e8 gi\u00e0 stata positivamente sperimentata e si pone nell\u2019ottica di moltiplicare le risorse disponibili. Anche questo intervento \u2013 ha concluso \u2013 aiuta \u201cad accendere un raggio di sole\u201d per l\u2019economia e le imprese venete.<\/p>\n<p>Il Fondo Energia \u00e8 stato costituito, in attuazione di una misura prevista dal POR Veneto 2007-2013, per la concessione di agevolazioni a fronte di investimenti orientati al perfezionamento delle tecniche produttive al fine di migliorare i rendimenti energetici degli impianti, mediante l\u2019adozione di soluzioni che consentono di sfruttare il potenziale energetico utilizzando le fonti rinnovabili e sistemi di generazione non tradizionali. L\u2019importo minimo delle operazioni agevolate \u00e8 di 25 mila euro, quello massimo di 2 milioni. La durata massima \u00e8 di 84 mesi. La modalit\u00e0 di presentazione delle domande a Veneto Sviluppo, che vanno fatte pervenire tramite la banca finanziatrice o un organismo consortile, \u00e8 \u201ca sportello\u201d, il bando cio\u00e8 resta sempre aperto fino al 30 giugno 2015. La modulistica e la documentazione sono scaricabili dai siti della Regione e di Veneto Sviluppo.<\/p>\n<p>&nbsp;<\/p>","protected":false},"excerpt":{"rendered":"<p>Per le piccole e medie imprese venete che intendono investire nel contenimento dei consumi energetici, la Regione tramite una convenzione stipulata con la propria finanziaria Veneto Sviluppo ha attivato una nuova opportunit\u00e0. Si tratta del Fondo Energia che, con un apposito bando, mette a disposizione delle PMI, con sede in Veneto, 23,8 milioni di euro [&hellip;]<\/p>\n","protected":false},"author":2,"featured_media":0,"comment_status":"closed","ping_status":"open","sticky":false,"template":"","format":"standard","meta":{"footnotes":""},"categories":[36,26],"tags":[],"class_list":["post-46780","post","type-post","status-publish","format-standard","category-lavoro-economia","category-prima-pagina"],"yoast_head":"<!-- This site is optimized with the Yoast SEO plugin v28.4 - https:\/\/yoast.com\/product\/yoast-seo-wordpress\/ -->\n<title>Energia. Fondo di 40 milioni per le Pmi venete che investono nel contenimento dei consumi - Bellunopress - Dolomiti<\/title>\n<meta name=\"robots\" content=\"index, follow, max-snippet:-1, max-image-preview:large, max-video-preview:-1\" \/>\n<link rel=\"canonical\" href=\"https:\/\/www.bellunopress.it\/fr\/2013\/02\/16\/energia-fondo-di-40-milioni-per-le-pmi-venete-che-investono-nel-contenimento-dei-consumi\/\" \/>\n<meta property=\"og:locale\" content=\"fr_FR\" \/>\n<meta property=\"og:type\" content=\"article\" \/>\n<meta property=\"og:title\" content=\"Energia. Fondo di 40 milioni per le Pmi venete che investono nel contenimento dei consumi - Bellunopress - Dolomiti\" \/>\n<meta property=\"og:description\" content=\"Per le piccole e medie imprese venete che intendono investire nel contenimento dei consumi energetici, la Regione tramite una convenzione stipulata con la propria finanziaria Veneto Sviluppo ha attivato una nuova opportunit\u00e0. Si tratta del Fondo Energia che, con un apposito bando, mette a disposizione delle PMI, con sede in Veneto, 23,8 milioni di euro [&hellip;]\" \/>\n<meta property=\"og:url\" content=\"https:\/\/www.bellunopress.it\/fr\/2013\/02\/16\/energia-fondo-di-40-milioni-per-le-pmi-venete-che-investono-nel-contenimento-dei-consumi\/\" \/>\n<meta property=\"og:site_name\" content=\"Bellunopress - Dolomiti\" \/>\n<meta property=\"article:publisher\" content=\"https:\/\/www.facebook.com\/profile.php?id=100008943462799\" \/>\n<meta property=\"article:published_time\" content=\"2013-02-16T08:25:52+00:00\" \/>\n<meta property=\"og:image\" content=\"http:\/\/www.bellunopress.it\/wp-content\/uploads\/2010\/11\/regione-veneto.bmp\" \/>\n<meta name=\"author\" content=\"redazione\" \/>\n<meta name=\"twitter:card\" content=\"summary_large_image\" \/>\n<meta name=\"twitter:creator\" content=\"@bellunopress\" \/>\n<meta name=\"twitter:site\" content=\"@bellunopress\" \/>\n<meta name=\"twitter:label1\" content=\"\u00c9crit par\" \/>\n\t<meta name=\"twitter:data1\" content=\"redazione\" \/>\n\t<meta name=\"twitter:label2\" content=\"Dur\u00e9e de lecture estim\u00e9e\" \/>\n\t<meta name=\"twitter:data2\" content=\"2 minutes\" \/>\n<script type=\"application\/ld+json\" class=\"yoast-schema-graph\">{\"@context\":\"https:\\\/\\\/schema.org\",\"@graph\":[{\"@type\":\"Article\",\"@id\":\"https:\\\/\\\/www.bellunopress.it\\\/2013\\\/02\\\/16\\\/energia-fondo-di-40-milioni-per-le-pmi-venete-che-investono-nel-contenimento-dei-consumi\\\/#article\",\"isPartOf\":{\"@id\":\"https:\\\/\\\/www.bellunopress.it\\\/2013\\\/02\\\/16\\\/energia-fondo-di-40-milioni-per-le-pmi-venete-che-investono-nel-contenimento-dei-consumi\\\/\"},\"author\":{\"name\":\"redazione\",\"@id\":\"https:\\\/\\\/www.bellunopress.it\\\/#\\\/schema\\\/person\\\/79bb06722b37ece1c03d3e94beb30d73\"},\"headline\":\"Energia. Fondo di 40 milioni per le Pmi venete che investono nel contenimento dei consumi\",\"datePublished\":\"2013-02-16T08:25:52+00:00\",\"mainEntityOfPage\":{\"@id\":\"https:\\\/\\\/www.bellunopress.it\\\/2013\\\/02\\\/16\\\/energia-fondo-di-40-milioni-per-le-pmi-venete-che-investono-nel-contenimento-dei-consumi\\\/\"},\"wordCount\":364,\"publisher\":{\"@id\":\"https:\\\/\\\/www.bellunopress.it\\\/#organization\"},\"image\":{\"@id\":\"https:\\\/\\\/www.bellunopress.it\\\/2013\\\/02\\\/16\\\/energia-fondo-di-40-milioni-per-le-pmi-venete-che-investono-nel-contenimento-dei-consumi\\\/#primaryimage\"},\"thumbnailUrl\":\"http:\\\/\\\/www.bellunopress.it\\\/wp-content\\\/uploads\\\/2010\\\/11\\\/regione-veneto.bmp\",\"articleSection\":[\"Lavoro, Economia, Turismo\",\"Prima Pagina\"],\"inLanguage\":\"fr-FR\"},{\"@type\":\"WebPage\",\"@id\":\"https:\\\/\\\/www.bellunopress.it\\\/2013\\\/02\\\/16\\\/energia-fondo-di-40-milioni-per-le-pmi-venete-che-investono-nel-contenimento-dei-consumi\\\/\",\"url\":\"https:\\\/\\\/www.bellunopress.it\\\/2013\\\/02\\\/16\\\/energia-fondo-di-40-milioni-per-le-pmi-venete-che-investono-nel-contenimento-dei-consumi\\\/\",\"name\":\"Energia. Fondo di 40 milioni per le Pmi venete che investono nel contenimento dei consumi - Bellunopress - Dolomiti\",\"isPartOf\":{\"@id\":\"https:\\\/\\\/www.bellunopress.it\\\/#website\"},\"primaryImageOfPage\":{\"@id\":\"https:\\\/\\\/www.bellunopress.it\\\/2013\\\/02\\\/16\\\/energia-fondo-di-40-milioni-per-le-pmi-venete-che-investono-nel-contenimento-dei-consumi\\\/#primaryimage\"},\"image\":{\"@id\":\"https:\\\/\\\/www.bellunopress.it\\\/2013\\\/02\\\/16\\\/energia-fondo-di-40-milioni-per-le-pmi-venete-che-investono-nel-contenimento-dei-consumi\\\/#primaryimage\"},\"thumbnailUrl\":\"http:\\\/\\\/www.bellunopress.it\\\/wp-content\\\/uploads\\\/2010\\\/11\\\/regione-veneto.bmp\",\"datePublished\":\"2013-02-16T08:25:52+00:00\",\"breadcrumb\":{\"@id\":\"https:\\\/\\\/www.bellunopress.it\\\/2013\\\/02\\\/16\\\/energia-fondo-di-40-milioni-per-le-pmi-venete-che-investono-nel-contenimento-dei-consumi\\\/#breadcrumb\"},\"inLanguage\":\"fr-FR\",\"potentialAction\":[{\"@type\":\"ReadAction\",\"target\":[\"https:\\\/\\\/www.bellunopress.it\\\/2013\\\/02\\\/16\\\/energia-fondo-di-40-milioni-per-le-pmi-venete-che-investono-nel-contenimento-dei-consumi\\\/\"]}]},{\"@type\":\"ImageObject\",\"inLanguage\":\"fr-FR\",\"@id\":\"https:\\\/\\\/www.bellunopress.it\\\/2013\\\/02\\\/16\\\/energia-fondo-di-40-milioni-per-le-pmi-venete-che-investono-nel-contenimento-dei-consumi\\\/#primaryimage\",\"url\":\"http:\\\/\\\/www.bellunopress.it\\\/wp-content\\\/uploads\\\/2010\\\/11\\\/regione-veneto.bmp\",\"contentUrl\":\"http:\\\/\\\/www.bellunopress.it\\\/wp-content\\\/uploads\\\/2010\\\/11\\\/regione-veneto.bmp\"},{\"@type\":\"BreadcrumbList\",\"@id\":\"https:\\\/\\\/www.bellunopress.it\\\/2013\\\/02\\\/16\\\/energia-fondo-di-40-milioni-per-le-pmi-venete-che-investono-nel-contenimento-dei-consumi\\\/#breadcrumb\",\"itemListElement\":[{\"@type\":\"ListItem\",\"position\":1,\"name\":\"Home\",\"item\":\"https:\\\/\\\/www.bellunopress.it\\\/\"},{\"@type\":\"ListItem\",\"position\":2,\"name\":\"Energia. Fondo di 40 milioni per le Pmi venete che investono nel contenimento dei consumi\"}]},{\"@type\":\"WebSite\",\"@id\":\"https:\\\/\\\/www.bellunopress.it\\\/#website\",\"url\":\"https:\\\/\\\/www.bellunopress.it\\\/\",\"name\":\"Bellunopress - Dolomiti\",\"description\":\"e-mail: redazione@bellunopress.it\",\"publisher\":{\"@id\":\"https:\\\/\\\/www.bellunopress.it\\\/#organization\"},\"potentialAction\":[{\"@type\":\"SearchAction\",\"target\":{\"@type\":\"EntryPoint\",\"urlTemplate\":\"https:\\\/\\\/www.bellunopress.it\\\/?s={search_term_string}\"},\"query-input\":{\"@type\":\"PropertyValueSpecification\",\"valueRequired\":true,\"valueName\":\"search_term_string\"}}],\"inLanguage\":\"fr-FR\"},{\"@type\":\"Organization\",\"@id\":\"https:\\\/\\\/www.bellunopress.it\\\/#organization\",\"name\":\"Bellunopress\",\"url\":\"https:\\\/\\\/www.bellunopress.it\\\/\",\"logo\":{\"@type\":\"ImageObject\",\"inLanguage\":\"fr-FR\",\"@id\":\"https:\\\/\\\/www.bellunopress.it\\\/#\\\/schema\\\/logo\\\/image\\\/\",\"url\":\"https:\\\/\\\/www.bellunopress.it\\\/wp-content\\\/uploads\\\/2011\\\/05\\\/cropped-logo-bellunopress-.jpg\",\"contentUrl\":\"https:\\\/\\\/www.bellunopress.it\\\/wp-content\\\/uploads\\\/2011\\\/05\\\/cropped-logo-bellunopress-.jpg\",\"width\":512,\"height\":512,\"caption\":\"Bellunopress\"},\"image\":{\"@id\":\"https:\\\/\\\/www.bellunopress.it\\\/#\\\/schema\\\/logo\\\/image\\\/\"},\"sameAs\":[\"https:\\\/\\\/www.facebook.com\\\/profile.php?id=100008943462799\",\"https:\\\/\\\/x.com\\\/bellunopress\",\"https:\\\/\\\/www.linkedin.com\\\/hp\\\/?dnr=JBzUWaJfMUw8vbXJJ2tVW5-I3jZKvC4wsoxE&amp;amp;amp;amp;amp;amp;trk=nav_responsive_tab_home\",\"https:\\\/\\\/www.youtube.com\\\/channel\\\/UCxL0wu1uN0_3_7hGG0306cw\"]},{\"@type\":\"Person\",\"@id\":\"https:\\\/\\\/www.bellunopress.it\\\/#\\\/schema\\\/person\\\/79bb06722b37ece1c03d3e94beb30d73\",\"name\":\"redazione\",\"image\":{\"@type\":\"ImageObject\",\"inLanguage\":\"fr-FR\",\"@id\":\"https:\\\/\\\/secure.gravatar.com\\\/avatar\\\/37d968a2e67a6fd04c169c4bdef102d0bc5d31b2546345219e348575eb80e9a0?s=96&d=mm&r=g\",\"url\":\"https:\\\/\\\/secure.gravatar.com\\\/avatar\\\/37d968a2e67a6fd04c169c4bdef102d0bc5d31b2546345219e348575eb80e9a0?s=96&d=mm&r=g\",\"contentUrl\":\"https:\\\/\\\/secure.gravatar.com\\\/avatar\\\/37d968a2e67a6fd04c169c4bdef102d0bc5d31b2546345219e348575eb80e9a0?s=96&d=mm&r=g\",\"caption\":\"redazione\"},\"sameAs\":[\"http:\\\/\\\/www.bellunopress.it\",\"https:\\\/\\\/x.com\\\/bellunopress\"],\"url\":\"https:\\\/\\\/www.bellunopress.it\\\/fr\\\/author\\\/redazione\\\/\"}]}<\/script>\n<!-- \/ Yoast SEO plugin. -->","yoast_head_json":{"title":"Energia. Fondo di 40 milioni per le Pmi venete che investono nel contenimento dei consumi - Bellunopress - Dolomiti","robots":{"index":"index","follow":"follow","max-snippet":"max-snippet:-1","max-image-preview":"max-image-preview:large","max-video-preview":"max-video-preview:-1"},"canonical":"https:\/\/www.bellunopress.it\/fr\/2013\/02\/16\/energia-fondo-di-40-milioni-per-le-pmi-venete-che-investono-nel-contenimento-dei-consumi\/","og_locale":"fr_FR","og_type":"article","og_title":"Energia. Fondo di 40 milioni per le Pmi venete che investono nel contenimento dei consumi - Bellunopress - Dolomiti","og_description":"Per le piccole e medie imprese venete che intendono investire nel contenimento dei consumi energetici, la Regione tramite una convenzione stipulata con la propria finanziaria Veneto Sviluppo ha attivato una nuova opportunit\u00e0. Si tratta del Fondo Energia che, con un apposito bando, mette a disposizione delle PMI, con sede in Veneto, 23,8 milioni di euro [&hellip;]","og_url":"https:\/\/www.bellunopress.it\/fr\/2013\/02\/16\/energia-fondo-di-40-milioni-per-le-pmi-venete-che-investono-nel-contenimento-dei-consumi\/","og_site_name":"Bellunopress - Dolomiti","article_publisher":"https:\/\/www.facebook.com\/profile.php?id=100008943462799","article_published_time":"2013-02-16T08:25:52+00:00","og_image":[{"url":"http:\/\/www.bellunopress.it\/wp-content\/uploads\/2010\/11\/regione-veneto.bmp","type":"","width":"","height":""}],"author":"redazione","twitter_card":"summary_large_image","twitter_creator":"@bellunopress","twitter_site":"@bellunopress","twitter_misc":{"\u00c9crit par":"redazione","Dur\u00e9e de lecture estim\u00e9e":"2 minutes"},"schema":{"@context":"https:\/\/schema.org","@graph":[{"@type":"Article","@id":"https:\/\/www.bellunopress.it\/2013\/02\/16\/energia-fondo-di-40-milioni-per-le-pmi-venete-che-investono-nel-contenimento-dei-consumi\/#article","isPartOf":{"@id":"https:\/\/www.bellunopress.it\/2013\/02\/16\/energia-fondo-di-40-milioni-per-le-pmi-venete-che-investono-nel-contenimento-dei-consumi\/"},"author":{"name":"redazione","@id":"https:\/\/www.bellunopress.it\/#\/schema\/person\/79bb06722b37ece1c03d3e94beb30d73"},"headline":"Energia. Fondo di 40 milioni per le Pmi venete che investono nel contenimento dei consumi","datePublished":"2013-02-16T08:25:52+00:00","mainEntityOfPage":{"@id":"https:\/\/www.bellunopress.it\/2013\/02\/16\/energia-fondo-di-40-milioni-per-le-pmi-venete-che-investono-nel-contenimento-dei-consumi\/"},"wordCount":364,"publisher":{"@id":"https:\/\/www.bellunopress.it\/#organization"},"image":{"@id":"https:\/\/www.bellunopress.it\/2013\/02\/16\/energia-fondo-di-40-milioni-per-le-pmi-venete-che-investono-nel-contenimento-dei-consumi\/#primaryimage"},"thumbnailUrl":"http:\/\/www.bellunopress.it\/wp-content\/uploads\/2010\/11\/regione-veneto.bmp","articleSection":["Lavoro, Economia, Turismo","Prima Pagina"],"inLanguage":"fr-FR"},{"@type":"WebPage","@id":"https:\/\/www.bellunopress.it\/2013\/02\/16\/energia-fondo-di-40-milioni-per-le-pmi-venete-che-investono-nel-contenimento-dei-consumi\/","url":"https:\/\/www.bellunopress.it\/2013\/02\/16\/energia-fondo-di-40-milioni-per-le-pmi-venete-che-investono-nel-contenimento-dei-consumi\/","name":"Energia. Fondo di 40 milioni per le Pmi venete che investono nel contenimento dei consumi - Bellunopress - Dolomiti","isPartOf":{"@id":"https:\/\/www.bellunopress.it\/#website"},"primaryImageOfPage":{"@id":"https:\/\/www.bellunopress.it\/2013\/02\/16\/energia-fondo-di-40-milioni-per-le-pmi-venete-che-investono-nel-contenimento-dei-consumi\/#primaryimage"},"image":{"@id":"https:\/\/www.bellunopress.it\/2013\/02\/16\/energia-fondo-di-40-milioni-per-le-pmi-venete-che-investono-nel-contenimento-dei-consumi\/#primaryimage"},"thumbnailUrl":"http:\/\/www.bellunopress.it\/wp-content\/uploads\/2010\/11\/regione-veneto.bmp","datePublished":"2013-02-16T08:25:52+00:00","breadcrumb":{"@id":"https:\/\/www.bellunopress.it\/2013\/02\/16\/energia-fondo-di-40-milioni-per-le-pmi-venete-che-investono-nel-contenimento-dei-consumi\/#breadcrumb"},"inLanguage":"fr-FR","potentialAction":[{"@type":"ReadAction","target":["https:\/\/www.bellunopress.it\/2013\/02\/16\/energia-fondo-di-40-milioni-per-le-pmi-venete-che-investono-nel-contenimento-dei-consumi\/"]}]},{"@type":"ImageObject","inLanguage":"fr-FR","@id":"https:\/\/www.bellunopress.it\/2013\/02\/16\/energia-fondo-di-40-milioni-per-le-pmi-venete-che-investono-nel-contenimento-dei-consumi\/#primaryimage","url":"http:\/\/www.bellunopress.it\/wp-content\/uploads\/2010\/11\/regione-veneto.bmp","contentUrl":"http:\/\/www.bellunopress.it\/wp-content\/uploads\/2010\/11\/regione-veneto.bmp"},{"@type":"BreadcrumbList","@id":"https:\/\/www.bellunopress.it\/2013\/02\/16\/energia-fondo-di-40-milioni-per-le-pmi-venete-che-investono-nel-contenimento-dei-consumi\/#breadcrumb","itemListElement":[{"@type":"ListItem","position":1,"name":"Home","item":"https:\/\/www.bellunopress.it\/"},{"@type":"ListItem","position":2,"name":"Energia. Fondo di 40 milioni per le Pmi venete che investono nel contenimento dei consumi"}]},{"@type":"WebSite","@id":"https:\/\/www.bellunopress.it\/#website","url":"https:\/\/www.bellunopress.it\/","name":"Bellunopress - Dolomiti","description":"e-mail: redazione@bellunopress.it","publisher":{"@id":"https:\/\/www.bellunopress.it\/#organization"},"potentialAction":[{"@type":"SearchAction","target":{"@type":"EntryPoint","urlTemplate":"https:\/\/www.bellunopress.it\/?s={search_term_string}"},"query-input":{"@type":"PropertyValueSpecification","valueRequired":true,"valueName":"search_term_string"}}],"inLanguage":"fr-FR"},{"@type":"Organization","@id":"https:\/\/www.bellunopress.it\/#organization","name":"Bellunopress","url":"https:\/\/www.bellunopress.it\/","logo":{"@type":"ImageObject","inLanguage":"fr-FR","@id":"https:\/\/www.bellunopress.it\/#\/schema\/logo\/image\/","url":"https:\/\/www.bellunopress.it\/wp-content\/uploads\/2011\/05\/cropped-logo-bellunopress-.jpg","contentUrl":"https:\/\/www.bellunopress.it\/wp-content\/uploads\/2011\/05\/cropped-logo-bellunopress-.jpg","width":512,"height":512,"caption":"Bellunopress"},"image":{"@id":"https:\/\/www.bellunopress.it\/#\/schema\/logo\/image\/"},"sameAs":["https:\/\/www.facebook.com\/profile.php?id=100008943462799","https:\/\/x.com\/bellunopress","https:\/\/www.linkedin.com\/hp\/?dnr=JBzUWaJfMUw8vbXJJ2tVW5-I3jZKvC4wsoxE&amp;amp;amp;amp;amp;amp;trk=nav_responsive_tab_home","https:\/\/www.youtube.com\/channel\/UCxL0wu1uN0_3_7hGG0306cw"]},{"@type":"Person","@id":"https:\/\/www.bellunopress.it\/#\/schema\/person\/79bb06722b37ece1c03d3e94beb30d73","name":"r\u00e9daction","image":{"@type":"ImageObject","inLanguage":"fr-FR","@id":"https:\/\/secure.gravatar.com\/avatar\/37d968a2e67a6fd04c169c4bdef102d0bc5d31b2546345219e348575eb80e9a0?s=96&d=mm&r=g","url":"https:\/\/secure.gravatar.com\/avatar\/37d968a2e67a6fd04c169c4bdef102d0bc5d31b2546345219e348575eb80e9a0?s=96&d=mm&r=g","contentUrl":"https:\/\/secure.gravatar.com\/avatar\/37d968a2e67a6fd04c169c4bdef102d0bc5d31b2546345219e348575eb80e9a0?s=96&d=mm&r=g","caption":"redazione"},"sameAs":["http:\/\/www.bellunopress.it","https:\/\/x.com\/bellunopress"],"url":"https:\/\/www.bellunopress.it\/fr\/author\/redazione\/"}]}},"_links":{"self":[{"href":"https:\/\/www.bellunopress.it\/fr\/wp-json\/wp\/v2\/posts\/46780","targetHints":{"allow":["GET"]}}],"collection":[{"href":"https:\/\/www.bellunopress.it\/fr\/wp-json\/wp\/v2\/posts"}],"about":[{"href":"https:\/\/www.bellunopress.it\/fr\/wp-json\/wp\/v2\/types\/post"}],"author":[{"embeddable":true,"href":"https:\/\/www.bellunopress.it\/fr\/wp-json\/wp\/v2\/users\/2"}],"replies":[{"embeddable":true,"href":"https:\/\/www.bellunopress.it\/fr\/wp-json\/wp\/v2\/comments?post=46780"}],"version-history":[{"count":1,"href":"https:\/\/www.bellunopress.it\/fr\/wp-json\/wp\/v2\/posts\/46780\/revisions"}],"predecessor-version":[{"id":46781,"href":"https:\/\/www.bellunopress.it\/fr\/wp-json\/wp\/v2\/posts\/46780\/revisions\/46781"}],"wp:attachment":[{"href":"https:\/\/www.bellunopress.it\/fr\/wp-json\/wp\/v2\/media?parent=46780"}],"wp:term":[{"taxonomy":"category","embeddable":true,"href":"https:\/\/www.bellunopress.it\/fr\/wp-json\/wp\/v2\/categories?post=46780"},{"taxonomy":"post_tag","embeddable":true,"href":"https:\/\/www.bellunopress.it\/fr\/wp-json\/wp\/v2\/tags?post=46780"}],"curies":[{"name":"wp","href":"https:\/\/api.w.org\/{rel}","templated":true}]}}