{"id":46775,"date":"2013-02-16T08:46:45","date_gmt":"2013-02-16T07:46:45","guid":{"rendered":"http:\/\/www.bellunopress.it\/?p=46775"},"modified":"2013-02-16T08:46:45","modified_gmt":"2013-02-16T07:46:45","slug":"sanita-tatiana-pais-becher-e-walter-antoniol-i-tagli-non-colpiscano-la-montagna","status":"publish","type":"post","link":"https:\/\/www.bellunopress.it\/fr\/2013\/02\/16\/sanita-tatiana-pais-becher-e-walter-antoniol-i-tagli-non-colpiscano-la-montagna\/","title":{"rendered":"Sanit\u00e0.  Tatiana Pais Becher e Walter Antoniol: &#8220;I tagli non colpiscano la montagna&#8221;"},"content":{"rendered":"<p><a href=\"http:\/\/www.bellunopress.it\/wp-content\/uploads\/2012\/04\/insieme-per-auronzo.jpg\"><img loading=\"lazy\" decoding=\"async\" class=\"alignleft size-full wp-image-37340\" alt=\"insieme per auronzo\" src=\"http:\/\/www.bellunopress.it\/wp-content\/uploads\/2012\/04\/insieme-per-auronzo.jpg\" width=\"150\" height=\"151\" \/><\/a>&#8220;In attesa di conoscere i dati delle schede regionali sulla sanit\u00e0, consapevoli che attualmente l\u2019unica certezza \u00e8 un ulteriore taglio di 13 milioni per l\u2019ULSS 1, riteniamo doveroso sottolineare come la struttura dell\u2019ex ospedale Rizzardi di Auronzo sia indispensabile e necessaria per la sicurezza dei cittadini che vivono 365 giorni in montagna e dei turisti che numerosi prediligono la Val D\u2019Ansiei come luogo di vacanza&#8221;.<\/p>\n<p>Ad affermarlo sono i\u00a0consiglieri comunali di Auronzo di Cadore, Tatiana Pais Becher e Walter Antoniol.<\/p>\n<p>&#8220;Il legislatore &#8211; prosegue la nota &#8211; \u00a0in questo caso la Regione del Veneto, e anche il Direttore Generale dell\u2019ULSS dovranno tener conto della specificit\u00e0 montana dove si opera in un territorio a bassissima densit\u00e0 abitativa (il Cadore costituisce il 7% del territorio veneto con soli 40.000 abitanti) con una media d\u2019et\u00e0 della popolazione che \u00e8 la pi\u00f9 elevata sia della provincia che della Regione.<\/p>\n<p>Di questa attenzione non c\u2019\u00e8 traccia, se non parziale, nelle varie riforme che si sono succedute negli ultimi vent\u2019anni in cui prima ci \u00e8 stata tolta la divisione di chirurgia, poi la medicina, declassando cos\u00ec la nostra struttura ad un secondo livello, non pi\u00f9 per acuti e con servizi minimi ma indispensabili e servizi ambulatoriali , purtroppo, quasi mai garantiti con diligenza e puntualit\u00e0.<\/p>\n<p>Questo ci spinse nel 2002\/2003 ad impugnare presso il T.A.R. prima e in Consiglio di Stato poi, le schede di dotazione ospedaliera scaturite dalla Delibera 323 e in ambedue i casi le sentenze sono state favorevoli a questo Comune. Francamente non \u00e8 servito a molto se non ad una ridiscussione delle schede riguardanti Auronzo in cui comunque qualcosa si \u00e8 ottenuto:<\/p>\n<p>\u2022 Il punto di primo intervento previsto nelle 24 ore<\/p>\n<p>\u2022 Il mantenimento del reparto di Alcologia<\/p>\n<p>\u2022 Cosa pi\u00f9 importante la creazione sperimentale dell\u2019ospedale di comunit\u00e0, anzich\u00e9 di Day Hospital che non sarebbe mai stato attivato (come la divisione di riabilitazione) con funzioni di ricovero per post-acuti e persone in condizioni critiche che ha una occupazione di posti letto quasi totale.<\/p>\n<p>\u2022 L\u2019esenzione del ticket per i pazienti del Country Hospital.<\/p>\n<p>Oggi ci riesce difficile pensare che i tagli previsti possano prevedere la soppressione di due reparti che funzionano con la totale occupazione dei posti disponibili: il Country Hospital rappresenta una economia per l\u2019ULSS, considerati i bassi costi sanitari che comporta, e l\u2019unit\u00e0 operativa di Alcologia e tossicodipendenze, sempre all\u2019avanguardia, produce un utile per l\u2019azienda considerato che gli utenti provengono nella maggior parte dei casi da altre ULSS.<\/p>\n<p>Punti di forza quindi e non di debolezza!<\/p>\n<p>Conveniamo quindi, come enunciato in Consiglio Comunale, sulla necessit\u00e0 di un intervento chiarificatore e su un\u2019azione decisa per mantenere queste strutture sanitarie che potrebbero, con grande facilit\u00e0 e senza un\u2019analisi adeguata, essere soppresse o dirottate altrove e sulla necessit\u00e0 di garantire tutti quei servizi ambulatoriali, di diagnostica, riabilitativi e soprattutto il P.P.I. che costituiscono l\u2019unica e vera risposta sanitaria rimasta nel territorio.<\/p>\n<p>Riteniamo opportuno &#8211; dichiarano\u00a0Tatiana Pais Becher e Walter Antoniol &#8211;\u00a0\u00a0fare presente i ricorsi vinti in precedenza e disattesi dall\u2019ULSS e dalla Regione, come monito che non si intende rinunciare ad un livello minimo di assistenza sanitaria nelle zone periferiche e su questo appoggeremo ogni azione che l\u2019Amministrazione o i cittadini intenderanno mettere in atto contro ulteriori ipotesi di chiusura o di ridimensionamento.<\/p>\n<p>E\u2019 urgente e indispensabile istituire subito un tavolo politico e tecnico con i Consiglieri Regionali della provincia, il Direttore dell\u2019ULSS, i Sindaci compreso quello del capoluogo di Provincia, in qualit\u00e0 di Presidente della conferenza dei Sindaci atto ad individuare, con concertazione, le possibili economie, gli sprechi e le inefficienze che non sono certo tollerabili in questo settore ma anche le necessit\u00e0 socio-sanitarie del territorio e i costi sociali che le popolazioni del Cadore e Comelico devono sostenere a fronte di scelte ingiustificate.<\/p>\n<p>Sarebbe altres\u00ec opportuno che chi si candida alle prossime elezioni politiche assuma fin d\u2019ora una precisa posizione su un argomento cos\u00ec fondamentale considerato che nulla di certo trapeler\u00e0 prima delle elezioni da parte della Regione Veneto&#8221;.<\/p>\n<p>&nbsp;<\/p>\n<p>&nbsp;<\/p>","protected":false},"excerpt":{"rendered":"<p>&#8220;In attesa di conoscere i dati delle schede regionali sulla sanit\u00e0, consapevoli che attualmente l\u2019unica certezza \u00e8 un ulteriore taglio di 13 milioni per l\u2019ULSS 1, riteniamo doveroso sottolineare come la struttura dell\u2019ex ospedale Rizzardi di Auronzo sia indispensabile e necessaria per la sicurezza dei cittadini che vivono 365 giorni in montagna e dei turisti [&hellip;]<\/p>\n","protected":false},"author":2,"featured_media":0,"comment_status":"closed","ping_status":"open","sticky":false,"template":"","format":"standard","meta":{"footnotes":""},"categories":[26,17],"tags":[],"class_list":["post-46775","post","type-post","status-publish","format-standard","category-prima-pagina","category-sanita"],"yoast_head":"<!-- This site is optimized with the Yoast SEO plugin v28.4 - https:\/\/yoast.com\/product\/yoast-seo-wordpress\/ -->\n<title>Sanit\u00e0. Tatiana Pais Becher e Walter Antoniol: &quot;I tagli non colpiscano la montagna&quot; - Bellunopress - Dolomiti<\/title>\n<meta name=\"robots\" content=\"index, follow, max-snippet:-1, max-image-preview:large, max-video-preview:-1\" \/>\n<link rel=\"canonical\" href=\"https:\/\/www.bellunopress.it\/fr\/2013\/02\/16\/sanita-tatiana-pais-becher-e-walter-antoniol-i-tagli-non-colpiscano-la-montagna\/\" \/>\n<meta property=\"og:locale\" content=\"fr_FR\" \/>\n<meta property=\"og:type\" content=\"article\" \/>\n<meta property=\"og:title\" content=\"Sanit\u00e0. Tatiana Pais Becher e Walter Antoniol: &quot;I tagli non colpiscano la montagna&quot; - Bellunopress - Dolomiti\" \/>\n<meta property=\"og:description\" content=\"&#8220;In attesa di conoscere i dati delle schede regionali sulla sanit\u00e0, consapevoli che attualmente l\u2019unica certezza \u00e8 un ulteriore taglio di 13 milioni per l\u2019ULSS 1, riteniamo doveroso sottolineare come la struttura dell\u2019ex ospedale Rizzardi di Auronzo sia indispensabile e necessaria per la sicurezza dei cittadini che vivono 365 giorni in montagna e dei turisti [&hellip;]\" \/>\n<meta property=\"og:url\" content=\"https:\/\/www.bellunopress.it\/fr\/2013\/02\/16\/sanita-tatiana-pais-becher-e-walter-antoniol-i-tagli-non-colpiscano-la-montagna\/\" \/>\n<meta property=\"og:site_name\" content=\"Bellunopress - Dolomiti\" \/>\n<meta property=\"article:publisher\" content=\"https:\/\/www.facebook.com\/profile.php?id=100008943462799\" \/>\n<meta property=\"article:published_time\" content=\"2013-02-16T07:46:45+00:00\" \/>\n<meta property=\"og:image\" content=\"http:\/\/www.bellunopress.it\/wp-content\/uploads\/2012\/04\/insieme-per-auronzo.jpg\" \/>\n<meta name=\"author\" content=\"redazione\" \/>\n<meta name=\"twitter:card\" content=\"summary_large_image\" \/>\n<meta name=\"twitter:creator\" content=\"@bellunopress\" \/>\n<meta name=\"twitter:site\" content=\"@bellunopress\" \/>\n<meta name=\"twitter:label1\" content=\"Written by\" \/>\n\t<meta name=\"twitter:data1\" content=\"redazione\" \/>\n\t<meta name=\"twitter:label2\" content=\"Est. reading time\" \/>\n\t<meta name=\"twitter:data2\" content=\"3 minutes\" \/>\n<script type=\"application\/ld+json\" class=\"yoast-schema-graph\">{\"@context\":\"https:\\\/\\\/schema.org\",\"@graph\":[{\"@type\":\"Article\",\"@id\":\"https:\\\/\\\/www.bellunopress.it\\\/2013\\\/02\\\/16\\\/sanita-tatiana-pais-becher-e-walter-antoniol-i-tagli-non-colpiscano-la-montagna\\\/#article\",\"isPartOf\":{\"@id\":\"https:\\\/\\\/www.bellunopress.it\\\/2013\\\/02\\\/16\\\/sanita-tatiana-pais-becher-e-walter-antoniol-i-tagli-non-colpiscano-la-montagna\\\/\"},\"author\":{\"name\":\"redazione\",\"@id\":\"https:\\\/\\\/www.bellunopress.it\\\/#\\\/schema\\\/person\\\/79bb06722b37ece1c03d3e94beb30d73\"},\"headline\":\"Sanit\u00e0. Tatiana Pais Becher e Walter Antoniol: &#8220;I tagli non colpiscano la montagna&#8221;\",\"datePublished\":\"2013-02-16T07:46:45+00:00\",\"mainEntityOfPage\":{\"@id\":\"https:\\\/\\\/www.bellunopress.it\\\/2013\\\/02\\\/16\\\/sanita-tatiana-pais-becher-e-walter-antoniol-i-tagli-non-colpiscano-la-montagna\\\/\"},\"wordCount\":683,\"publisher\":{\"@id\":\"https:\\\/\\\/www.bellunopress.it\\\/#organization\"},\"image\":{\"@id\":\"https:\\\/\\\/www.bellunopress.it\\\/2013\\\/02\\\/16\\\/sanita-tatiana-pais-becher-e-walter-antoniol-i-tagli-non-colpiscano-la-montagna\\\/#primaryimage\"},\"thumbnailUrl\":\"http:\\\/\\\/www.bellunopress.it\\\/wp-content\\\/uploads\\\/2012\\\/04\\\/insieme-per-auronzo.jpg\",\"articleSection\":[\"Prima Pagina\",\"Sanit\u00e0 Medicina\"],\"inLanguage\":\"fr-FR\"},{\"@type\":\"WebPage\",\"@id\":\"https:\\\/\\\/www.bellunopress.it\\\/2013\\\/02\\\/16\\\/sanita-tatiana-pais-becher-e-walter-antoniol-i-tagli-non-colpiscano-la-montagna\\\/\",\"url\":\"https:\\\/\\\/www.bellunopress.it\\\/2013\\\/02\\\/16\\\/sanita-tatiana-pais-becher-e-walter-antoniol-i-tagli-non-colpiscano-la-montagna\\\/\",\"name\":\"Sanit\u00e0. Tatiana Pais Becher e Walter Antoniol: \\\"I tagli non colpiscano la montagna\\\" - Bellunopress - Dolomiti\",\"isPartOf\":{\"@id\":\"https:\\\/\\\/www.bellunopress.it\\\/#website\"},\"primaryImageOfPage\":{\"@id\":\"https:\\\/\\\/www.bellunopress.it\\\/2013\\\/02\\\/16\\\/sanita-tatiana-pais-becher-e-walter-antoniol-i-tagli-non-colpiscano-la-montagna\\\/#primaryimage\"},\"image\":{\"@id\":\"https:\\\/\\\/www.bellunopress.it\\\/2013\\\/02\\\/16\\\/sanita-tatiana-pais-becher-e-walter-antoniol-i-tagli-non-colpiscano-la-montagna\\\/#primaryimage\"},\"thumbnailUrl\":\"http:\\\/\\\/www.bellunopress.it\\\/wp-content\\\/uploads\\\/2012\\\/04\\\/insieme-per-auronzo.jpg\",\"datePublished\":\"2013-02-16T07:46:45+00:00\",\"breadcrumb\":{\"@id\":\"https:\\\/\\\/www.bellunopress.it\\\/2013\\\/02\\\/16\\\/sanita-tatiana-pais-becher-e-walter-antoniol-i-tagli-non-colpiscano-la-montagna\\\/#breadcrumb\"},\"inLanguage\":\"fr-FR\",\"potentialAction\":[{\"@type\":\"ReadAction\",\"target\":[\"https:\\\/\\\/www.bellunopress.it\\\/2013\\\/02\\\/16\\\/sanita-tatiana-pais-becher-e-walter-antoniol-i-tagli-non-colpiscano-la-montagna\\\/\"]}]},{\"@type\":\"ImageObject\",\"inLanguage\":\"fr-FR\",\"@id\":\"https:\\\/\\\/www.bellunopress.it\\\/2013\\\/02\\\/16\\\/sanita-tatiana-pais-becher-e-walter-antoniol-i-tagli-non-colpiscano-la-montagna\\\/#primaryimage\",\"url\":\"http:\\\/\\\/www.bellunopress.it\\\/wp-content\\\/uploads\\\/2012\\\/04\\\/insieme-per-auronzo.jpg\",\"contentUrl\":\"http:\\\/\\\/www.bellunopress.it\\\/wp-content\\\/uploads\\\/2012\\\/04\\\/insieme-per-auronzo.jpg\"},{\"@type\":\"BreadcrumbList\",\"@id\":\"https:\\\/\\\/www.bellunopress.it\\\/2013\\\/02\\\/16\\\/sanita-tatiana-pais-becher-e-walter-antoniol-i-tagli-non-colpiscano-la-montagna\\\/#breadcrumb\",\"itemListElement\":[{\"@type\":\"ListItem\",\"position\":1,\"name\":\"Home\",\"item\":\"https:\\\/\\\/www.bellunopress.it\\\/\"},{\"@type\":\"ListItem\",\"position\":2,\"name\":\"Sanit\u00e0. Tatiana Pais Becher e Walter Antoniol: &#8220;I tagli non colpiscano la montagna&#8221;\"}]},{\"@type\":\"WebSite\",\"@id\":\"https:\\\/\\\/www.bellunopress.it\\\/#website\",\"url\":\"https:\\\/\\\/www.bellunopress.it\\\/\",\"name\":\"Bellunopress - Dolomiti\",\"description\":\"e-mail: redazione@bellunopress.it\",\"publisher\":{\"@id\":\"https:\\\/\\\/www.bellunopress.it\\\/#organization\"},\"potentialAction\":[{\"@type\":\"SearchAction\",\"target\":{\"@type\":\"EntryPoint\",\"urlTemplate\":\"https:\\\/\\\/www.bellunopress.it\\\/?s={search_term_string}\"},\"query-input\":{\"@type\":\"PropertyValueSpecification\",\"valueRequired\":true,\"valueName\":\"search_term_string\"}}],\"inLanguage\":\"fr-FR\"},{\"@type\":\"Organization\",\"@id\":\"https:\\\/\\\/www.bellunopress.it\\\/#organization\",\"name\":\"Bellunopress\",\"url\":\"https:\\\/\\\/www.bellunopress.it\\\/\",\"logo\":{\"@type\":\"ImageObject\",\"inLanguage\":\"fr-FR\",\"@id\":\"https:\\\/\\\/www.bellunopress.it\\\/#\\\/schema\\\/logo\\\/image\\\/\",\"url\":\"https:\\\/\\\/www.bellunopress.it\\\/wp-content\\\/uploads\\\/2011\\\/05\\\/cropped-logo-bellunopress-.jpg\",\"contentUrl\":\"https:\\\/\\\/www.bellunopress.it\\\/wp-content\\\/uploads\\\/2011\\\/05\\\/cropped-logo-bellunopress-.jpg\",\"width\":512,\"height\":512,\"caption\":\"Bellunopress\"},\"image\":{\"@id\":\"https:\\\/\\\/www.bellunopress.it\\\/#\\\/schema\\\/logo\\\/image\\\/\"},\"sameAs\":[\"https:\\\/\\\/www.facebook.com\\\/profile.php?id=100008943462799\",\"https:\\\/\\\/x.com\\\/bellunopress\",\"https:\\\/\\\/www.linkedin.com\\\/hp\\\/?dnr=JBzUWaJfMUw8vbXJJ2tVW5-I3jZKvC4wsoxE&amp;amp;amp;amp;amp;amp;trk=nav_responsive_tab_home\",\"https:\\\/\\\/www.youtube.com\\\/channel\\\/UCxL0wu1uN0_3_7hGG0306cw\"]},{\"@type\":\"Person\",\"@id\":\"https:\\\/\\\/www.bellunopress.it\\\/#\\\/schema\\\/person\\\/79bb06722b37ece1c03d3e94beb30d73\",\"name\":\"redazione\",\"image\":{\"@type\":\"ImageObject\",\"inLanguage\":\"fr-FR\",\"@id\":\"https:\\\/\\\/secure.gravatar.com\\\/avatar\\\/37d968a2e67a6fd04c169c4bdef102d0bc5d31b2546345219e348575eb80e9a0?s=96&d=mm&r=g\",\"url\":\"https:\\\/\\\/secure.gravatar.com\\\/avatar\\\/37d968a2e67a6fd04c169c4bdef102d0bc5d31b2546345219e348575eb80e9a0?s=96&d=mm&r=g\",\"contentUrl\":\"https:\\\/\\\/secure.gravatar.com\\\/avatar\\\/37d968a2e67a6fd04c169c4bdef102d0bc5d31b2546345219e348575eb80e9a0?s=96&d=mm&r=g\",\"caption\":\"redazione\"},\"sameAs\":[\"http:\\\/\\\/www.bellunopress.it\",\"https:\\\/\\\/x.com\\\/bellunopress\"],\"url\":\"https:\\\/\\\/www.bellunopress.it\\\/fr\\\/author\\\/redazione\\\/\"}]}<\/script>\n<!-- \/ Yoast SEO plugin. -->","yoast_head_json":{"title":"Sanit\u00e0. Tatiana Pais Becher e Walter Antoniol: \"I tagli non colpiscano la montagna\" - Bellunopress - Dolomiti","robots":{"index":"index","follow":"follow","max-snippet":"max-snippet:-1","max-image-preview":"max-image-preview:large","max-video-preview":"max-video-preview:-1"},"canonical":"https:\/\/www.bellunopress.it\/fr\/2013\/02\/16\/sanita-tatiana-pais-becher-e-walter-antoniol-i-tagli-non-colpiscano-la-montagna\/","og_locale":"fr_FR","og_type":"article","og_title":"Sanit\u00e0. Tatiana Pais Becher e Walter Antoniol: \"I tagli non colpiscano la montagna\" - Bellunopress - Dolomiti","og_description":"&#8220;In attesa di conoscere i dati delle schede regionali sulla sanit\u00e0, consapevoli che attualmente l\u2019unica certezza \u00e8 un ulteriore taglio di 13 milioni per l\u2019ULSS 1, riteniamo doveroso sottolineare come la struttura dell\u2019ex ospedale Rizzardi di Auronzo sia indispensabile e necessaria per la sicurezza dei cittadini che vivono 365 giorni in montagna e dei turisti [&hellip;]","og_url":"https:\/\/www.bellunopress.it\/fr\/2013\/02\/16\/sanita-tatiana-pais-becher-e-walter-antoniol-i-tagli-non-colpiscano-la-montagna\/","og_site_name":"Bellunopress - Dolomiti","article_publisher":"https:\/\/www.facebook.com\/profile.php?id=100008943462799","article_published_time":"2013-02-16T07:46:45+00:00","og_image":[{"url":"http:\/\/www.bellunopress.it\/wp-content\/uploads\/2012\/04\/insieme-per-auronzo.jpg","type":"","width":"","height":""}],"author":"redazione","twitter_card":"summary_large_image","twitter_creator":"@bellunopress","twitter_site":"@bellunopress","twitter_misc":{"Written by":"redazione","Est. reading time":"3 minutes"},"schema":{"@context":"https:\/\/schema.org","@graph":[{"@type":"Article","@id":"https:\/\/www.bellunopress.it\/2013\/02\/16\/sanita-tatiana-pais-becher-e-walter-antoniol-i-tagli-non-colpiscano-la-montagna\/#article","isPartOf":{"@id":"https:\/\/www.bellunopress.it\/2013\/02\/16\/sanita-tatiana-pais-becher-e-walter-antoniol-i-tagli-non-colpiscano-la-montagna\/"},"author":{"name":"redazione","@id":"https:\/\/www.bellunopress.it\/#\/schema\/person\/79bb06722b37ece1c03d3e94beb30d73"},"headline":"Sanit\u00e0. Tatiana Pais Becher e Walter Antoniol: &#8220;I tagli non colpiscano la montagna&#8221;","datePublished":"2013-02-16T07:46:45+00:00","mainEntityOfPage":{"@id":"https:\/\/www.bellunopress.it\/2013\/02\/16\/sanita-tatiana-pais-becher-e-walter-antoniol-i-tagli-non-colpiscano-la-montagna\/"},"wordCount":683,"publisher":{"@id":"https:\/\/www.bellunopress.it\/#organization"},"image":{"@id":"https:\/\/www.bellunopress.it\/2013\/02\/16\/sanita-tatiana-pais-becher-e-walter-antoniol-i-tagli-non-colpiscano-la-montagna\/#primaryimage"},"thumbnailUrl":"http:\/\/www.bellunopress.it\/wp-content\/uploads\/2012\/04\/insieme-per-auronzo.jpg","articleSection":["Prima Pagina","Sanit\u00e0 Medicina"],"inLanguage":"fr-FR"},{"@type":"WebPage","@id":"https:\/\/www.bellunopress.it\/2013\/02\/16\/sanita-tatiana-pais-becher-e-walter-antoniol-i-tagli-non-colpiscano-la-montagna\/","url":"https:\/\/www.bellunopress.it\/2013\/02\/16\/sanita-tatiana-pais-becher-e-walter-antoniol-i-tagli-non-colpiscano-la-montagna\/","name":"Sanit\u00e0. Tatiana Pais Becher e Walter Antoniol: \"I tagli non colpiscano la montagna\" - Bellunopress - Dolomiti","isPartOf":{"@id":"https:\/\/www.bellunopress.it\/#website"},"primaryImageOfPage":{"@id":"https:\/\/www.bellunopress.it\/2013\/02\/16\/sanita-tatiana-pais-becher-e-walter-antoniol-i-tagli-non-colpiscano-la-montagna\/#primaryimage"},"image":{"@id":"https:\/\/www.bellunopress.it\/2013\/02\/16\/sanita-tatiana-pais-becher-e-walter-antoniol-i-tagli-non-colpiscano-la-montagna\/#primaryimage"},"thumbnailUrl":"http:\/\/www.bellunopress.it\/wp-content\/uploads\/2012\/04\/insieme-per-auronzo.jpg","datePublished":"2013-02-16T07:46:45+00:00","breadcrumb":{"@id":"https:\/\/www.bellunopress.it\/2013\/02\/16\/sanita-tatiana-pais-becher-e-walter-antoniol-i-tagli-non-colpiscano-la-montagna\/#breadcrumb"},"inLanguage":"fr-FR","potentialAction":[{"@type":"ReadAction","target":["https:\/\/www.bellunopress.it\/2013\/02\/16\/sanita-tatiana-pais-becher-e-walter-antoniol-i-tagli-non-colpiscano-la-montagna\/"]}]},{"@type":"ImageObject","inLanguage":"fr-FR","@id":"https:\/\/www.bellunopress.it\/2013\/02\/16\/sanita-tatiana-pais-becher-e-walter-antoniol-i-tagli-non-colpiscano-la-montagna\/#primaryimage","url":"http:\/\/www.bellunopress.it\/wp-content\/uploads\/2012\/04\/insieme-per-auronzo.jpg","contentUrl":"http:\/\/www.bellunopress.it\/wp-content\/uploads\/2012\/04\/insieme-per-auronzo.jpg"},{"@type":"BreadcrumbList","@id":"https:\/\/www.bellunopress.it\/2013\/02\/16\/sanita-tatiana-pais-becher-e-walter-antoniol-i-tagli-non-colpiscano-la-montagna\/#breadcrumb","itemListElement":[{"@type":"ListItem","position":1,"name":"Home","item":"https:\/\/www.bellunopress.it\/"},{"@type":"ListItem","position":2,"name":"Sanit\u00e0. Tatiana Pais Becher e Walter Antoniol: &#8220;I tagli non colpiscano la montagna&#8221;"}]},{"@type":"WebSite","@id":"https:\/\/www.bellunopress.it\/#website","url":"https:\/\/www.bellunopress.it\/","name":"Bellunopress - Dolomiti","description":"e-mail: redazione@bellunopress.it","publisher":{"@id":"https:\/\/www.bellunopress.it\/#organization"},"potentialAction":[{"@type":"SearchAction","target":{"@type":"EntryPoint","urlTemplate":"https:\/\/www.bellunopress.it\/?s={search_term_string}"},"query-input":{"@type":"PropertyValueSpecification","valueRequired":true,"valueName":"search_term_string"}}],"inLanguage":"fr-FR"},{"@type":"Organization","@id":"https:\/\/www.bellunopress.it\/#organization","name":"Bellunopress","url":"https:\/\/www.bellunopress.it\/","logo":{"@type":"ImageObject","inLanguage":"fr-FR","@id":"https:\/\/www.bellunopress.it\/#\/schema\/logo\/image\/","url":"https:\/\/www.bellunopress.it\/wp-content\/uploads\/2011\/05\/cropped-logo-bellunopress-.jpg","contentUrl":"https:\/\/www.bellunopress.it\/wp-content\/uploads\/2011\/05\/cropped-logo-bellunopress-.jpg","width":512,"height":512,"caption":"Bellunopress"},"image":{"@id":"https:\/\/www.bellunopress.it\/#\/schema\/logo\/image\/"},"sameAs":["https:\/\/www.facebook.com\/profile.php?id=100008943462799","https:\/\/x.com\/bellunopress","https:\/\/www.linkedin.com\/hp\/?dnr=JBzUWaJfMUw8vbXJJ2tVW5-I3jZKvC4wsoxE&amp;amp;amp;amp;amp;amp;trk=nav_responsive_tab_home","https:\/\/www.youtube.com\/channel\/UCxL0wu1uN0_3_7hGG0306cw"]},{"@type":"Person","@id":"https:\/\/www.bellunopress.it\/#\/schema\/person\/79bb06722b37ece1c03d3e94beb30d73","name":"r\u00e9daction","image":{"@type":"ImageObject","inLanguage":"fr-FR","@id":"https:\/\/secure.gravatar.com\/avatar\/37d968a2e67a6fd04c169c4bdef102d0bc5d31b2546345219e348575eb80e9a0?s=96&d=mm&r=g","url":"https:\/\/secure.gravatar.com\/avatar\/37d968a2e67a6fd04c169c4bdef102d0bc5d31b2546345219e348575eb80e9a0?s=96&d=mm&r=g","contentUrl":"https:\/\/secure.gravatar.com\/avatar\/37d968a2e67a6fd04c169c4bdef102d0bc5d31b2546345219e348575eb80e9a0?s=96&d=mm&r=g","caption":"redazione"},"sameAs":["http:\/\/www.bellunopress.it","https:\/\/x.com\/bellunopress"],"url":"https:\/\/www.bellunopress.it\/fr\/author\/redazione\/"}]}},"_links":{"self":[{"href":"https:\/\/www.bellunopress.it\/fr\/wp-json\/wp\/v2\/posts\/46775","targetHints":{"allow":["GET"]}}],"collection":[{"href":"https:\/\/www.bellunopress.it\/fr\/wp-json\/wp\/v2\/posts"}],"about":[{"href":"https:\/\/www.bellunopress.it\/fr\/wp-json\/wp\/v2\/types\/post"}],"author":[{"embeddable":true,"href":"https:\/\/www.bellunopress.it\/fr\/wp-json\/wp\/v2\/users\/2"}],"replies":[{"embeddable":true,"href":"https:\/\/www.bellunopress.it\/fr\/wp-json\/wp\/v2\/comments?post=46775"}],"version-history":[{"count":1,"href":"https:\/\/www.bellunopress.it\/fr\/wp-json\/wp\/v2\/posts\/46775\/revisions"}],"predecessor-version":[{"id":46776,"href":"https:\/\/www.bellunopress.it\/fr\/wp-json\/wp\/v2\/posts\/46775\/revisions\/46776"}],"wp:attachment":[{"href":"https:\/\/www.bellunopress.it\/fr\/wp-json\/wp\/v2\/media?parent=46775"}],"wp:term":[{"taxonomy":"category","embeddable":true,"href":"https:\/\/www.bellunopress.it\/fr\/wp-json\/wp\/v2\/categories?post=46775"},{"taxonomy":"post_tag","embeddable":true,"href":"https:\/\/www.bellunopress.it\/fr\/wp-json\/wp\/v2\/tags?post=46775"}],"curies":[{"name":"wp","href":"https:\/\/api.w.org\/{rel}","templated":true}]}}