{"id":46768,"date":"2013-02-15T17:41:25","date_gmt":"2013-02-15T16:41:25","guid":{"rendered":"http:\/\/www.bellunopress.it\/?p=46768"},"modified":"2013-02-15T17:41:25","modified_gmt":"2013-02-15T16:41:25","slug":"berlusconi-e-le-donne-maria-teresa-bighi-il-declino-continua-fermiamolo-finmeccanica-non-puo-essere-la-politica-a-nominare-i-vertici-dellindustria","status":"publish","type":"post","link":"https:\/\/www.bellunopress.it\/fr\/2013\/02\/15\/berlusconi-e-le-donne-maria-teresa-bighi-il-declino-continua-fermiamolo-finmeccanica-non-puo-essere-la-politica-a-nominare-i-vertici-dellindustria\/","title":{"rendered":"Berlusconi e le donne. Maria Teresa Bighi: &#8220;il declino continua, fermiamolo!&#8221;  Finmeccanica: non pu\u00f2 essere la politica a nominare i vertici dell&#8217;industria"},"content":{"rendered":"<figure id=\"attachment_44896\" aria-describedby=\"caption-attachment-44896\" style=\"width: 115px\" class=\"wp-caption alignleft\"><a href=\"http:\/\/www.bellunopress.it\/wp-content\/uploads\/2012\/12\/Maria-Teresa-Bighi.jpg\"><img loading=\"lazy\" decoding=\"async\" class=\"size-full wp-image-44896\" alt=\"Maria Teresa Bighi\" src=\"http:\/\/www.bellunopress.it\/wp-content\/uploads\/2012\/12\/Maria-Teresa-Bighi.jpg\" width=\"115\" height=\"150\" \/><\/a><figcaption id=\"caption-attachment-44896\" class=\"wp-caption-text\">Maria Teresa Bighi<\/figcaption><\/figure>\n<p>\u201cE&#8217; umiliante, come donna, vedere che perfino in campagna elettorale continua imperterrita la denigrazione della dignit\u00e0 femminile da parte del maggior esponente del PDL\u201d. E&#8217; questo il commento di Maria Teresa Bighi, candidata di Fare per Fermare il Declino, al recente siparietto a sfondo sessuale di Berlusconi con l\u2019impiegata di un\u2019azienda veneta di cui \u00e8 presidente. \u201cSono scesa in campo \u2013 continua la Bighi &#8211; non solo per impegnarmi ad aiutare le aziende e gli operai travolti dalla crisi economica, che non \u00e8 altro che un aggravante al malgoverno, ma anche per combattere con fermezza questa volgare e immorale mentalit\u00e0 del bunga bunga. Sono donna e madre di tre figlie e mi sento profondamente offesa da questa visione berlusconiana della donna \u201cusa e getta\u201d, basata solamente sull&#8217;estetica e non certo sul merito e la competenza. Noi donne non abbiamo bisogno di queste bassezze, desideriamo semplicemente poter operare in un Paese dove vali per quello che sai fare. Spero che Berlusconi sia visto come un errore della storia e non come lo specchio del paese.\u201d<\/p>\n<p>Nel programma di Fare per Fermare il Declino un capitolo riguarda proprio le donne, definite un enorme capitale umano in termini di competenze, diversit\u00e0, produttivit\u00e0 e spirito imprenditoriale. Questi i quattro interventi proposti: ridurre il costo per le imprese attraverso una detassazione del lavoro femminile, favorire la ripresa demografica con interventi fiscali a supporto delle famiglie, aumentare accessibilit\u00e0, fruibilit\u00e0 e copertura (flessibilit\u00e0 orari, periodo estivo) dei servizi all\u2019infanzia attraverso una maggiore e pi\u00f9 razionale spesa pubblica in quest\u2019area, ma soprattutto attraverso il coinvolgimento del settore privato e diffondere efficaci pratiche di conciliazione famiglia-lavoro, quali tele-lavoro, part-time, flessibilit\u00e0 e banche ore, e il ricorso alla contrattazione aziendale di secondo livello per consentirne l\u2019utilizzazione.<\/p>\n<p>\u201cMi appello a tutte le donne \u2013 conclude la Bighi &#8211; perch\u00e9 al momento del voto abbiano uno<\/p>\n<p>scatto di dignit\u00e0 personale e vogliano cancellare la denigrazione che quotidianamente subiscono a causa di un uomo che vergognosamente ha approfittato del proprio ruolo e del proprio compito istituzionale.\u201d<\/p>\n<p>&nbsp;<\/p>\n<p><strong>Caso Finmeccanica: non pu\u00f2 essere la politica a nominare i vertici dell\u2019industria<\/strong><\/p>\n<p>Pi\u00f9 mercato e pi\u00f9 concorrenza. Meno pianificazione, meno rendite, meno gestioni para-pubbliche. In sintesi, meno Stato. Ecco la ricetta di Fare per Fermare il Declino<\/p>\n<p>Il quarto dei dieci punti del programma di Fare per Fermare il Declino si intitola \u201cconcorrenza\u201d e sostiene la necessit\u00e0 di liberalizzare rapidamente i settori ancora non pienamente concorrenziali (trasporti, energia, poste, telecomunicazioni, editoria, banche, ecc.) e di privatizzare le imprese pubbliche. Per il partito di Giannino dovrebbe essere addirittura inserito nella Costituzione il principio della concorrenza, come metodo di funzionamento del sistema economico, contro privilegi e monopoli di ogni sorta.<\/p>\n<p>\u201cGli scandali di questi giorni, da MPS a Finmeccanica, dimostrano chiaramente che la politica italiana condiziona negativamente la vita economica di importanti societ\u00e0 e gruppi industriali\u201d, afferma Maria Teresa Bighi, candidata bellunese di Fare per Fermare il Declino. \u201cLa designazione di Orsi a capo di Finmeccanica, ad esempio, \u00e8 stata fatta su indicazione della Lega Nord. Ma non \u00e8 accettabile che i vertici di societ\u00e0 che fatturano pi\u00f9 di un miliardo di euro vengano nominati dalla politica in base a criteri clientelari. Per questo si impone una drastica politica di liberalizzazioni e privatizzazioni, come da noi proposto nei 10 punti del programma di Fare.<\/p>\n<p>\u201cE allora, proprio adesso che ci avviciniamo al voto, alla possibilit\u00e0 cio\u00e8 di cambiare veramente le regole della politica, dobbiamo chiederci: \u00e8 giusto continuare con questo sistema che inquina la vita pubblica e privata oppure \u00e8 giunto il momento di fermare il declino? Esiste in Italia la volont\u00e0 di tagliare con il passato e proporre uno sviluppo basato su regole precise e chiare? Ecco, io credo che questo bisogno sia molto sentito e lo straordinario successo che sta avendo il nostro movimento, nato pochi mesi fa, ne \u00e8 la chiara dimostrazione.\u201d<\/p>\n<p>\u201cInoltre, nel nostro programma abbiamo voluto dare importanza alla partecipazione popolare e alla trasparenza dei dati e delle informazioni. Tutta la campagna elettorale \u00e8 autofinanziata, in quanto siamo contrari al finanziamento pubblico dei partiti coma sancito dal referendum. Infine ci siamo battuti per adottare il vincolo dei due mandati parlamentari e il divieto di cumulo delle cariche pubbliche e politiche\u201d, conclude la candidata bellunese.<\/p>\n<p>Prossimi appuntamenti<\/p>\n<p>Il movimento di Giannino presenta quattro candidati bellunesi nelle circoscrizioni venete Questi i prossimi incontri sul territorio:<\/p>\n<p>Ven 15 febbraio: Sedico h 23:00 Sala Palazzo dei Servizi &#8211; presentazione del programma di FARE e dei candidati del territorio bellunese;<\/p>\n<p>Sab 16 febbraio: Belluno h 10:30 Sala Bianchi (ex segherie) V.le Fantuzzi &#8211; Incontro con ALESSANDRO DE NICOLA co-fondatore di FARE<\/p>\n<p>Sab 16 febbraio: Puos d&#8217;Alpago h 18:00 Albergo Alpago &#8211; presentazione del programma di FARE e dei candidati del territorio bellunese.<\/p>","protected":false},"excerpt":{"rendered":"<p>\u201cE&#8217; umiliante, come donna, vedere che perfino in campagna elettorale continua imperterrita la denigrazione della dignit\u00e0 femminile da parte del maggior esponente del PDL\u201d. E&#8217; questo il commento di Maria Teresa Bighi, candidata di Fare per Fermare il Declino, al recente siparietto a sfondo sessuale di Berlusconi con l\u2019impiegata di un\u2019azienda veneta di cui \u00e8 [&hellip;]<\/p>\n","protected":false},"author":2,"featured_media":0,"comment_status":"closed","ping_status":"open","sticky":false,"template":"","format":"standard","meta":{"footnotes":""},"categories":[5,26],"tags":[],"class_list":["post-46768","post","type-post","status-publish","format-standard","category-cronaca","category-prima-pagina"],"yoast_head":"<!-- This site is optimized with the Yoast SEO plugin v28.4 - https:\/\/yoast.com\/product\/yoast-seo-wordpress\/ -->\n<title>Berlusconi e le donne. Maria Teresa Bighi: &quot;il declino continua, fermiamolo!&quot; Finmeccanica: non pu\u00f2 essere la politica a nominare i vertici dell&#039;industria  - Bellunopress - Dolomiti<\/title>\n<meta name=\"robots\" content=\"index, follow, max-snippet:-1, max-image-preview:large, max-video-preview:-1\" \/>\n<link rel=\"canonical\" href=\"https:\/\/www.bellunopress.it\/fr\/2013\/02\/15\/berlusconi-e-le-donne-maria-teresa-bighi-il-declino-continua-fermiamolo-finmeccanica-non-puo-essere-la-politica-a-nominare-i-vertici-dellindustria\/\" \/>\n<meta property=\"og:locale\" content=\"fr_FR\" \/>\n<meta property=\"og:type\" content=\"article\" \/>\n<meta property=\"og:title\" content=\"Berlusconi e le donne. Maria Teresa Bighi: &quot;il declino continua, fermiamolo!&quot; Finmeccanica: non pu\u00f2 essere la politica a nominare i vertici dell&#039;industria  - Bellunopress - Dolomiti\" \/>\n<meta property=\"og:description\" content=\"\u201cE&#8217; umiliante, come donna, vedere che perfino in campagna elettorale continua imperterrita la denigrazione della dignit\u00e0 femminile da parte del maggior esponente del PDL\u201d. E&#8217; questo il commento di Maria Teresa Bighi, candidata di Fare per Fermare il Declino, al recente siparietto a sfondo sessuale di Berlusconi con l\u2019impiegata di un\u2019azienda veneta di cui \u00e8 [&hellip;]\" \/>\n<meta property=\"og:url\" content=\"https:\/\/www.bellunopress.it\/fr\/2013\/02\/15\/berlusconi-e-le-donne-maria-teresa-bighi-il-declino-continua-fermiamolo-finmeccanica-non-puo-essere-la-politica-a-nominare-i-vertici-dellindustria\/\" \/>\n<meta property=\"og:site_name\" content=\"Bellunopress - Dolomiti\" \/>\n<meta property=\"article:publisher\" content=\"https:\/\/www.facebook.com\/profile.php?id=100008943462799\" \/>\n<meta property=\"article:published_time\" content=\"2013-02-15T16:41:25+00:00\" \/>\n<meta property=\"og:image\" content=\"http:\/\/www.bellunopress.it\/wp-content\/uploads\/2012\/12\/Maria-Teresa-Bighi.jpg\" \/>\n<meta name=\"author\" content=\"redazione\" \/>\n<meta name=\"twitter:card\" content=\"summary_large_image\" \/>\n<meta name=\"twitter:creator\" content=\"@bellunopress\" \/>\n<meta name=\"twitter:site\" content=\"@bellunopress\" \/>\n<meta name=\"twitter:label1\" content=\"\u00c9crit par\" \/>\n\t<meta name=\"twitter:data1\" content=\"redazione\" \/>\n\t<meta name=\"twitter:label2\" content=\"Dur\u00e9e de lecture estim\u00e9e\" \/>\n\t<meta name=\"twitter:data2\" content=\"4 minutes\" \/>\n<script type=\"application\/ld+json\" class=\"yoast-schema-graph\">{\"@context\":\"https:\\\/\\\/schema.org\",\"@graph\":[{\"@type\":\"Article\",\"@id\":\"https:\\\/\\\/www.bellunopress.it\\\/2013\\\/02\\\/15\\\/berlusconi-e-le-donne-maria-teresa-bighi-il-declino-continua-fermiamolo-finmeccanica-non-puo-essere-la-politica-a-nominare-i-vertici-dellindustria\\\/#article\",\"isPartOf\":{\"@id\":\"https:\\\/\\\/www.bellunopress.it\\\/2013\\\/02\\\/15\\\/berlusconi-e-le-donne-maria-teresa-bighi-il-declino-continua-fermiamolo-finmeccanica-non-puo-essere-la-politica-a-nominare-i-vertici-dellindustria\\\/\"},\"author\":{\"name\":\"redazione\",\"@id\":\"https:\\\/\\\/www.bellunopress.it\\\/#\\\/schema\\\/person\\\/79bb06722b37ece1c03d3e94beb30d73\"},\"headline\":\"Berlusconi e le donne. Maria Teresa Bighi: &#8220;il declino continua, fermiamolo!&#8221; Finmeccanica: non pu\u00f2 essere la politica a nominare i vertici dell&#8217;industria\",\"datePublished\":\"2013-02-15T16:41:25+00:00\",\"mainEntityOfPage\":{\"@id\":\"https:\\\/\\\/www.bellunopress.it\\\/2013\\\/02\\\/15\\\/berlusconi-e-le-donne-maria-teresa-bighi-il-declino-continua-fermiamolo-finmeccanica-non-puo-essere-la-politica-a-nominare-i-vertici-dellindustria\\\/\"},\"wordCount\":809,\"publisher\":{\"@id\":\"https:\\\/\\\/www.bellunopress.it\\\/#organization\"},\"image\":{\"@id\":\"https:\\\/\\\/www.bellunopress.it\\\/2013\\\/02\\\/15\\\/berlusconi-e-le-donne-maria-teresa-bighi-il-declino-continua-fermiamolo-finmeccanica-non-puo-essere-la-politica-a-nominare-i-vertici-dellindustria\\\/#primaryimage\"},\"thumbnailUrl\":\"http:\\\/\\\/www.bellunopress.it\\\/wp-content\\\/uploads\\\/2012\\\/12\\\/Maria-Teresa-Bighi.jpg\",\"articleSection\":[\"Cronaca\\\/Politica\",\"Prima Pagina\"],\"inLanguage\":\"fr-FR\"},{\"@type\":\"WebPage\",\"@id\":\"https:\\\/\\\/www.bellunopress.it\\\/2013\\\/02\\\/15\\\/berlusconi-e-le-donne-maria-teresa-bighi-il-declino-continua-fermiamolo-finmeccanica-non-puo-essere-la-politica-a-nominare-i-vertici-dellindustria\\\/\",\"url\":\"https:\\\/\\\/www.bellunopress.it\\\/2013\\\/02\\\/15\\\/berlusconi-e-le-donne-maria-teresa-bighi-il-declino-continua-fermiamolo-finmeccanica-non-puo-essere-la-politica-a-nominare-i-vertici-dellindustria\\\/\",\"name\":\"Berlusconi e le donne. Maria Teresa Bighi: \\\"il declino continua, fermiamolo!\\\" Finmeccanica: non pu\u00f2 essere la politica a nominare i vertici dell'industria - Bellunopress - Dolomiti\",\"isPartOf\":{\"@id\":\"https:\\\/\\\/www.bellunopress.it\\\/#website\"},\"primaryImageOfPage\":{\"@id\":\"https:\\\/\\\/www.bellunopress.it\\\/2013\\\/02\\\/15\\\/berlusconi-e-le-donne-maria-teresa-bighi-il-declino-continua-fermiamolo-finmeccanica-non-puo-essere-la-politica-a-nominare-i-vertici-dellindustria\\\/#primaryimage\"},\"image\":{\"@id\":\"https:\\\/\\\/www.bellunopress.it\\\/2013\\\/02\\\/15\\\/berlusconi-e-le-donne-maria-teresa-bighi-il-declino-continua-fermiamolo-finmeccanica-non-puo-essere-la-politica-a-nominare-i-vertici-dellindustria\\\/#primaryimage\"},\"thumbnailUrl\":\"http:\\\/\\\/www.bellunopress.it\\\/wp-content\\\/uploads\\\/2012\\\/12\\\/Maria-Teresa-Bighi.jpg\",\"datePublished\":\"2013-02-15T16:41:25+00:00\",\"breadcrumb\":{\"@id\":\"https:\\\/\\\/www.bellunopress.it\\\/2013\\\/02\\\/15\\\/berlusconi-e-le-donne-maria-teresa-bighi-il-declino-continua-fermiamolo-finmeccanica-non-puo-essere-la-politica-a-nominare-i-vertici-dellindustria\\\/#breadcrumb\"},\"inLanguage\":\"fr-FR\",\"potentialAction\":[{\"@type\":\"ReadAction\",\"target\":[\"https:\\\/\\\/www.bellunopress.it\\\/2013\\\/02\\\/15\\\/berlusconi-e-le-donne-maria-teresa-bighi-il-declino-continua-fermiamolo-finmeccanica-non-puo-essere-la-politica-a-nominare-i-vertici-dellindustria\\\/\"]}]},{\"@type\":\"ImageObject\",\"inLanguage\":\"fr-FR\",\"@id\":\"https:\\\/\\\/www.bellunopress.it\\\/2013\\\/02\\\/15\\\/berlusconi-e-le-donne-maria-teresa-bighi-il-declino-continua-fermiamolo-finmeccanica-non-puo-essere-la-politica-a-nominare-i-vertici-dellindustria\\\/#primaryimage\",\"url\":\"http:\\\/\\\/www.bellunopress.it\\\/wp-content\\\/uploads\\\/2012\\\/12\\\/Maria-Teresa-Bighi.jpg\",\"contentUrl\":\"http:\\\/\\\/www.bellunopress.it\\\/wp-content\\\/uploads\\\/2012\\\/12\\\/Maria-Teresa-Bighi.jpg\"},{\"@type\":\"BreadcrumbList\",\"@id\":\"https:\\\/\\\/www.bellunopress.it\\\/2013\\\/02\\\/15\\\/berlusconi-e-le-donne-maria-teresa-bighi-il-declino-continua-fermiamolo-finmeccanica-non-puo-essere-la-politica-a-nominare-i-vertici-dellindustria\\\/#breadcrumb\",\"itemListElement\":[{\"@type\":\"ListItem\",\"position\":1,\"name\":\"Home\",\"item\":\"https:\\\/\\\/www.bellunopress.it\\\/\"},{\"@type\":\"ListItem\",\"position\":2,\"name\":\"Berlusconi e le donne. Maria Teresa Bighi: &#8220;il declino continua, fermiamolo!&#8221; Finmeccanica: non pu\u00f2 essere la politica a nominare i vertici dell&#8217;industria\"}]},{\"@type\":\"WebSite\",\"@id\":\"https:\\\/\\\/www.bellunopress.it\\\/#website\",\"url\":\"https:\\\/\\\/www.bellunopress.it\\\/\",\"name\":\"Bellunopress - Dolomiti\",\"description\":\"e-mail: redazione@bellunopress.it\",\"publisher\":{\"@id\":\"https:\\\/\\\/www.bellunopress.it\\\/#organization\"},\"potentialAction\":[{\"@type\":\"SearchAction\",\"target\":{\"@type\":\"EntryPoint\",\"urlTemplate\":\"https:\\\/\\\/www.bellunopress.it\\\/?s={search_term_string}\"},\"query-input\":{\"@type\":\"PropertyValueSpecification\",\"valueRequired\":true,\"valueName\":\"search_term_string\"}}],\"inLanguage\":\"fr-FR\"},{\"@type\":\"Organization\",\"@id\":\"https:\\\/\\\/www.bellunopress.it\\\/#organization\",\"name\":\"Bellunopress\",\"url\":\"https:\\\/\\\/www.bellunopress.it\\\/\",\"logo\":{\"@type\":\"ImageObject\",\"inLanguage\":\"fr-FR\",\"@id\":\"https:\\\/\\\/www.bellunopress.it\\\/#\\\/schema\\\/logo\\\/image\\\/\",\"url\":\"https:\\\/\\\/www.bellunopress.it\\\/wp-content\\\/uploads\\\/2011\\\/05\\\/cropped-logo-bellunopress-.jpg\",\"contentUrl\":\"https:\\\/\\\/www.bellunopress.it\\\/wp-content\\\/uploads\\\/2011\\\/05\\\/cropped-logo-bellunopress-.jpg\",\"width\":512,\"height\":512,\"caption\":\"Bellunopress\"},\"image\":{\"@id\":\"https:\\\/\\\/www.bellunopress.it\\\/#\\\/schema\\\/logo\\\/image\\\/\"},\"sameAs\":[\"https:\\\/\\\/www.facebook.com\\\/profile.php?id=100008943462799\",\"https:\\\/\\\/x.com\\\/bellunopress\",\"https:\\\/\\\/www.linkedin.com\\\/hp\\\/?dnr=JBzUWaJfMUw8vbXJJ2tVW5-I3jZKvC4wsoxE&amp;amp;amp;amp;amp;amp;trk=nav_responsive_tab_home\",\"https:\\\/\\\/www.youtube.com\\\/channel\\\/UCxL0wu1uN0_3_7hGG0306cw\"]},{\"@type\":\"Person\",\"@id\":\"https:\\\/\\\/www.bellunopress.it\\\/#\\\/schema\\\/person\\\/79bb06722b37ece1c03d3e94beb30d73\",\"name\":\"redazione\",\"image\":{\"@type\":\"ImageObject\",\"inLanguage\":\"fr-FR\",\"@id\":\"https:\\\/\\\/secure.gravatar.com\\\/avatar\\\/37d968a2e67a6fd04c169c4bdef102d0bc5d31b2546345219e348575eb80e9a0?s=96&d=mm&r=g\",\"url\":\"https:\\\/\\\/secure.gravatar.com\\\/avatar\\\/37d968a2e67a6fd04c169c4bdef102d0bc5d31b2546345219e348575eb80e9a0?s=96&d=mm&r=g\",\"contentUrl\":\"https:\\\/\\\/secure.gravatar.com\\\/avatar\\\/37d968a2e67a6fd04c169c4bdef102d0bc5d31b2546345219e348575eb80e9a0?s=96&d=mm&r=g\",\"caption\":\"redazione\"},\"sameAs\":[\"http:\\\/\\\/www.bellunopress.it\",\"https:\\\/\\\/x.com\\\/bellunopress\"],\"url\":\"https:\\\/\\\/www.bellunopress.it\\\/fr\\\/author\\\/redazione\\\/\"}]}<\/script>\n<!-- \/ Yoast SEO plugin. -->","yoast_head_json":{"title":"Berlusconi e le donne. Maria Teresa Bighi: \"il declino continua, fermiamolo!\" Finmeccanica: non pu\u00f2 essere la politica a nominare i vertici dell'industria  - Bellunopress - Dolomiti","robots":{"index":"index","follow":"follow","max-snippet":"max-snippet:-1","max-image-preview":"max-image-preview:large","max-video-preview":"max-video-preview:-1"},"canonical":"https:\/\/www.bellunopress.it\/fr\/2013\/02\/15\/berlusconi-e-le-donne-maria-teresa-bighi-il-declino-continua-fermiamolo-finmeccanica-non-puo-essere-la-politica-a-nominare-i-vertici-dellindustria\/","og_locale":"fr_FR","og_type":"article","og_title":"Berlusconi e le donne. Maria Teresa Bighi: \"il declino continua, fermiamolo!\" Finmeccanica: non pu\u00f2 essere la politica a nominare i vertici dell'industria  - Bellunopress - Dolomiti","og_description":"\u201cE&#8217; umiliante, come donna, vedere che perfino in campagna elettorale continua imperterrita la denigrazione della dignit\u00e0 femminile da parte del maggior esponente del PDL\u201d. E&#8217; questo il commento di Maria Teresa Bighi, candidata di Fare per Fermare il Declino, al recente siparietto a sfondo sessuale di Berlusconi con l\u2019impiegata di un\u2019azienda veneta di cui \u00e8 [&hellip;]","og_url":"https:\/\/www.bellunopress.it\/fr\/2013\/02\/15\/berlusconi-e-le-donne-maria-teresa-bighi-il-declino-continua-fermiamolo-finmeccanica-non-puo-essere-la-politica-a-nominare-i-vertici-dellindustria\/","og_site_name":"Bellunopress - Dolomiti","article_publisher":"https:\/\/www.facebook.com\/profile.php?id=100008943462799","article_published_time":"2013-02-15T16:41:25+00:00","og_image":[{"url":"http:\/\/www.bellunopress.it\/wp-content\/uploads\/2012\/12\/Maria-Teresa-Bighi.jpg","type":"","width":"","height":""}],"author":"redazione","twitter_card":"summary_large_image","twitter_creator":"@bellunopress","twitter_site":"@bellunopress","twitter_misc":{"\u00c9crit par":"redazione","Dur\u00e9e de lecture estim\u00e9e":"4 minutes"},"schema":{"@context":"https:\/\/schema.org","@graph":[{"@type":"Article","@id":"https:\/\/www.bellunopress.it\/2013\/02\/15\/berlusconi-e-le-donne-maria-teresa-bighi-il-declino-continua-fermiamolo-finmeccanica-non-puo-essere-la-politica-a-nominare-i-vertici-dellindustria\/#article","isPartOf":{"@id":"https:\/\/www.bellunopress.it\/2013\/02\/15\/berlusconi-e-le-donne-maria-teresa-bighi-il-declino-continua-fermiamolo-finmeccanica-non-puo-essere-la-politica-a-nominare-i-vertici-dellindustria\/"},"author":{"name":"redazione","@id":"https:\/\/www.bellunopress.it\/#\/schema\/person\/79bb06722b37ece1c03d3e94beb30d73"},"headline":"Berlusconi e le donne. Maria Teresa Bighi: &#8220;il declino continua, fermiamolo!&#8221; Finmeccanica: non pu\u00f2 essere la politica a nominare i vertici dell&#8217;industria","datePublished":"2013-02-15T16:41:25+00:00","mainEntityOfPage":{"@id":"https:\/\/www.bellunopress.it\/2013\/02\/15\/berlusconi-e-le-donne-maria-teresa-bighi-il-declino-continua-fermiamolo-finmeccanica-non-puo-essere-la-politica-a-nominare-i-vertici-dellindustria\/"},"wordCount":809,"publisher":{"@id":"https:\/\/www.bellunopress.it\/#organization"},"image":{"@id":"https:\/\/www.bellunopress.it\/2013\/02\/15\/berlusconi-e-le-donne-maria-teresa-bighi-il-declino-continua-fermiamolo-finmeccanica-non-puo-essere-la-politica-a-nominare-i-vertici-dellindustria\/#primaryimage"},"thumbnailUrl":"http:\/\/www.bellunopress.it\/wp-content\/uploads\/2012\/12\/Maria-Teresa-Bighi.jpg","articleSection":["Cronaca\/Politica","Prima Pagina"],"inLanguage":"fr-FR"},{"@type":"WebPage","@id":"https:\/\/www.bellunopress.it\/2013\/02\/15\/berlusconi-e-le-donne-maria-teresa-bighi-il-declino-continua-fermiamolo-finmeccanica-non-puo-essere-la-politica-a-nominare-i-vertici-dellindustria\/","url":"https:\/\/www.bellunopress.it\/2013\/02\/15\/berlusconi-e-le-donne-maria-teresa-bighi-il-declino-continua-fermiamolo-finmeccanica-non-puo-essere-la-politica-a-nominare-i-vertici-dellindustria\/","name":"Berlusconi e le donne. Maria Teresa Bighi: \"il declino continua, fermiamolo!\" Finmeccanica: non pu\u00f2 essere la politica a nominare i vertici dell'industria - Bellunopress - Dolomiti","isPartOf":{"@id":"https:\/\/www.bellunopress.it\/#website"},"primaryImageOfPage":{"@id":"https:\/\/www.bellunopress.it\/2013\/02\/15\/berlusconi-e-le-donne-maria-teresa-bighi-il-declino-continua-fermiamolo-finmeccanica-non-puo-essere-la-politica-a-nominare-i-vertici-dellindustria\/#primaryimage"},"image":{"@id":"https:\/\/www.bellunopress.it\/2013\/02\/15\/berlusconi-e-le-donne-maria-teresa-bighi-il-declino-continua-fermiamolo-finmeccanica-non-puo-essere-la-politica-a-nominare-i-vertici-dellindustria\/#primaryimage"},"thumbnailUrl":"http:\/\/www.bellunopress.it\/wp-content\/uploads\/2012\/12\/Maria-Teresa-Bighi.jpg","datePublished":"2013-02-15T16:41:25+00:00","breadcrumb":{"@id":"https:\/\/www.bellunopress.it\/2013\/02\/15\/berlusconi-e-le-donne-maria-teresa-bighi-il-declino-continua-fermiamolo-finmeccanica-non-puo-essere-la-politica-a-nominare-i-vertici-dellindustria\/#breadcrumb"},"inLanguage":"fr-FR","potentialAction":[{"@type":"ReadAction","target":["https:\/\/www.bellunopress.it\/2013\/02\/15\/berlusconi-e-le-donne-maria-teresa-bighi-il-declino-continua-fermiamolo-finmeccanica-non-puo-essere-la-politica-a-nominare-i-vertici-dellindustria\/"]}]},{"@type":"ImageObject","inLanguage":"fr-FR","@id":"https:\/\/www.bellunopress.it\/2013\/02\/15\/berlusconi-e-le-donne-maria-teresa-bighi-il-declino-continua-fermiamolo-finmeccanica-non-puo-essere-la-politica-a-nominare-i-vertici-dellindustria\/#primaryimage","url":"http:\/\/www.bellunopress.it\/wp-content\/uploads\/2012\/12\/Maria-Teresa-Bighi.jpg","contentUrl":"http:\/\/www.bellunopress.it\/wp-content\/uploads\/2012\/12\/Maria-Teresa-Bighi.jpg"},{"@type":"BreadcrumbList","@id":"https:\/\/www.bellunopress.it\/2013\/02\/15\/berlusconi-e-le-donne-maria-teresa-bighi-il-declino-continua-fermiamolo-finmeccanica-non-puo-essere-la-politica-a-nominare-i-vertici-dellindustria\/#breadcrumb","itemListElement":[{"@type":"ListItem","position":1,"name":"Home","item":"https:\/\/www.bellunopress.it\/"},{"@type":"ListItem","position":2,"name":"Berlusconi e le donne. Maria Teresa Bighi: &#8220;il declino continua, fermiamolo!&#8221; Finmeccanica: non pu\u00f2 essere la politica a nominare i vertici dell&#8217;industria"}]},{"@type":"WebSite","@id":"https:\/\/www.bellunopress.it\/#website","url":"https:\/\/www.bellunopress.it\/","name":"Bellunopress - Dolomiti","description":"e-mail: redazione@bellunopress.it","publisher":{"@id":"https:\/\/www.bellunopress.it\/#organization"},"potentialAction":[{"@type":"SearchAction","target":{"@type":"EntryPoint","urlTemplate":"https:\/\/www.bellunopress.it\/?s={search_term_string}"},"query-input":{"@type":"PropertyValueSpecification","valueRequired":true,"valueName":"search_term_string"}}],"inLanguage":"fr-FR"},{"@type":"Organization","@id":"https:\/\/www.bellunopress.it\/#organization","name":"Bellunopress","url":"https:\/\/www.bellunopress.it\/","logo":{"@type":"ImageObject","inLanguage":"fr-FR","@id":"https:\/\/www.bellunopress.it\/#\/schema\/logo\/image\/","url":"https:\/\/www.bellunopress.it\/wp-content\/uploads\/2011\/05\/cropped-logo-bellunopress-.jpg","contentUrl":"https:\/\/www.bellunopress.it\/wp-content\/uploads\/2011\/05\/cropped-logo-bellunopress-.jpg","width":512,"height":512,"caption":"Bellunopress"},"image":{"@id":"https:\/\/www.bellunopress.it\/#\/schema\/logo\/image\/"},"sameAs":["https:\/\/www.facebook.com\/profile.php?id=100008943462799","https:\/\/x.com\/bellunopress","https:\/\/www.linkedin.com\/hp\/?dnr=JBzUWaJfMUw8vbXJJ2tVW5-I3jZKvC4wsoxE&amp;amp;amp;amp;amp;amp;trk=nav_responsive_tab_home","https:\/\/www.youtube.com\/channel\/UCxL0wu1uN0_3_7hGG0306cw"]},{"@type":"Person","@id":"https:\/\/www.bellunopress.it\/#\/schema\/person\/79bb06722b37ece1c03d3e94beb30d73","name":"r\u00e9daction","image":{"@type":"ImageObject","inLanguage":"fr-FR","@id":"https:\/\/secure.gravatar.com\/avatar\/37d968a2e67a6fd04c169c4bdef102d0bc5d31b2546345219e348575eb80e9a0?s=96&d=mm&r=g","url":"https:\/\/secure.gravatar.com\/avatar\/37d968a2e67a6fd04c169c4bdef102d0bc5d31b2546345219e348575eb80e9a0?s=96&d=mm&r=g","contentUrl":"https:\/\/secure.gravatar.com\/avatar\/37d968a2e67a6fd04c169c4bdef102d0bc5d31b2546345219e348575eb80e9a0?s=96&d=mm&r=g","caption":"redazione"},"sameAs":["http:\/\/www.bellunopress.it","https:\/\/x.com\/bellunopress"],"url":"https:\/\/www.bellunopress.it\/fr\/author\/redazione\/"}]}},"_links":{"self":[{"href":"https:\/\/www.bellunopress.it\/fr\/wp-json\/wp\/v2\/posts\/46768","targetHints":{"allow":["GET"]}}],"collection":[{"href":"https:\/\/www.bellunopress.it\/fr\/wp-json\/wp\/v2\/posts"}],"about":[{"href":"https:\/\/www.bellunopress.it\/fr\/wp-json\/wp\/v2\/types\/post"}],"author":[{"embeddable":true,"href":"https:\/\/www.bellunopress.it\/fr\/wp-json\/wp\/v2\/users\/2"}],"replies":[{"embeddable":true,"href":"https:\/\/www.bellunopress.it\/fr\/wp-json\/wp\/v2\/comments?post=46768"}],"version-history":[{"count":2,"href":"https:\/\/www.bellunopress.it\/fr\/wp-json\/wp\/v2\/posts\/46768\/revisions"}],"predecessor-version":[{"id":46770,"href":"https:\/\/www.bellunopress.it\/fr\/wp-json\/wp\/v2\/posts\/46768\/revisions\/46770"}],"wp:attachment":[{"href":"https:\/\/www.bellunopress.it\/fr\/wp-json\/wp\/v2\/media?parent=46768"}],"wp:term":[{"taxonomy":"category","embeddable":true,"href":"https:\/\/www.bellunopress.it\/fr\/wp-json\/wp\/v2\/categories?post=46768"},{"taxonomy":"post_tag","embeddable":true,"href":"https:\/\/www.bellunopress.it\/fr\/wp-json\/wp\/v2\/tags?post=46768"}],"curies":[{"name":"wp","href":"https:\/\/api.w.org\/{rel}","templated":true}]}}