{"id":4675,"date":"2009-06-10T17:31:00","date_gmt":"2009-06-10T16:31:00","guid":{"rendered":"http:\/\/www.bellunopress.it\/?p=4675"},"modified":"2009-06-10T17:31:00","modified_gmt":"2009-06-10T16:31:00","slug":"un-fondo-di-35-milioni-di-euro-per-finanziamenti-a-tasso-agevolato-per-linnovazione-e-lo-sviluppo-delle-aziende-bellunesi","status":"publish","type":"post","link":"https:\/\/www.bellunopress.it\/fr\/2009\/06\/10\/un-fondo-di-35-milioni-di-euro-per-finanziamenti-a-tasso-agevolato-per-linnovazione-e-lo-sviluppo-delle-aziende-bellunesi\/","title":{"rendered":"Un fondo di 35 milioni di euro per finanziamenti a tasso agevolato per l&#8217;innovazione e lo sviluppo delle aziende bellunesi"},"content":{"rendered":"<figure id=\"attachment_4676\" aria-describedby=\"caption-attachment-4676\" style=\"width: 270px\" class=\"wp-caption alignleft\"><a href=\"http:\/\/www.bellunopress.it\/wp-content\/uploads\/2009\/06\/stefano-perale-e-samuele-sorato-leggera.jpg\"><img loading=\"lazy\" decoding=\"async\" class=\"size-medium wp-image-4676\" title=\"stefano-perale-e-samuele-sorato-leggera\" src=\"http:\/\/www.bellunopress.it\/wp-content\/uploads\/2009\/06\/stefano-perale-e-samuele-sorato-leggera.jpg\" alt=\"Stefano Perale e Samuele Sorato\" width=\"270\" height=\"203\" \/><\/a><figcaption id=\"caption-attachment-4676\" class=\"wp-caption-text\">Stefano Perale e Samuele Sorato<\/figcaption><\/figure>\n<p>\u00c8 stato firmato oggi, a Palazzo Doglioni Dalmas di Belluno, un accordo di collaborazione tra Confindustria Belluno Dolomiti e Banca Popolare di Vicenza finalizzato a sostenere le imprese del territorio bellunese in questa fase congiunturale particolarmente difficile. Grazie a questa intesa, il gruppo bancario vicentino mette a disposizione delle aziende associate a Confindustria Belluno Dolomiti uno speciale plafond di 35 milioni di euro, a tasso agevolato, destinato a finanziare investimenti produttivi e progetti di innovazione e di ricerca e sviluppo. Inoltre, le imprese di Confindustria Belluno Dolomiti potranno accedere a condizioni vantaggiose ai prodotti e ai servizi messi a punto per le aziende, in particolare le pmi. Si tratta di finanziamenti che potranno essere utilizzati per acquisire immobili e impianti, nuovi macchinari, attrezzature in genere e mezzi di trasporto strumentali all\u2019attivit\u00e0 dell\u2019impresa, oltre che per investimenti in attivit\u00e0 di innovazione, ricerca, formazione del personale, acquisto e sviluppo di sistemi di qualit\u00e0 e brevetti. Per gli investimenti in immobili e macchinari, i finanziamenti hanno una durata massima di 7 anni e un importo massimo di 1,5 milioni di\u00a0 euro, se chirografari; se ipotecari, invece, hanno una durata massima di 15 anni e un importo massimo di 3,0 milioni. Per gli investimenti in innovazione, ricerca e sviluppo, i finanziamenti chirografari hanno una durata massima di 5 anni e un importo massimo di 300 mila euro con la garanzia consortile di una riduzione degli spread, mentre i finanziamenti ipotecari hanno una durata massima di 10 anni e un importo massimo di 1 milione. Le imprese associate a Confindustria Belluno Dolomiti e appartenenti al Consorzio Neafidi potranno inoltre usufruire della concessione di una garanzia sino ad un massimo del 80% del finanziamento erogato a spread agevolati. Banca Popolare di Vicenza potr\u00e0 applicare inoltre una riduzione degli spread nel caso in cui l\u2019Impresa associata a Confindustria Belluno Dolomiti benefici di uno dei servizi erogati da Confindustria Belluno Dolomiti, Reviviscar o Neafidi, come il check up aziendale, il check up assicurativo e l\u2019analisi competitiva. Per uscire dalla crisi Confindustria Belluno Dolomiti, insieme alle altre associazioni di categoria e ai sindacati, si era fatta promotrice nel gennaio scorso di un appello specifico rivolto agli istituti di credito, alle amministrazioni e a tutti coloro che possono fare la loro parte per rendere pi\u00f9 facili da superare gli ostacoli della crisi economica. Dopo qualche settimana di lavoro, Confindustria Belluno Dolomiti e Banca Popolare di Vicenza, che aveva manifestato subito la propria disponibilit\u00e0 per un intervento a favore delle imprese in difficolt\u00e0, presentano l\u2019intesa di oggi. Valentino Vascellari Presidente di Confindustria Belluno Dolomiti commenta: \u201cRicevere sostegno da un istituto di credito in una fase di temporanea difficolt\u00e0\u00a0 \u00e8 determinante per l\u2019azienda. La disponibilit\u00e0 dimostrata dalla Popolare di Vicenza getta le basi per una collaborazione ancora pi\u00f9 intensa e personalizzata con le nostre imprese, che contribuiscono con la loro seriet\u00e0 e la solidit\u00e0 finanziaria a rendere economicamente forte la nostra provincia.\u201d \u201cCon questo importante accordo \u2013 ha dichiarato Samuele Sorato, Direttore Generale della Banca Popolare di Vicenza \u2013 il nostro Istituto conferma il suo impegno a favore delle imprese e dei territori in cui opera, fornendo una risposta concreta e tempestiva alle loro esigenze e preoccupazioni, soprattutto in materia di accesso al credito. Nonostante la difficile fase congiunturale, la Banca Popolare di Vicenza continua a supportare concretamente il tessuto produttivo, contribuendo cos\u00ec allo sviluppo dei territori. Questa intesa permette al nostro Istituto di consolidare ancora di pi\u00f9 il legame con le imprese bellunesi, stabilendo con esse un rapporto di reciproca fiducia e collaborazione\u201d. Il Gruppo Banca Popolare di Vicenza con 23 miliardi di euro di attivo, oltre 5.600 dipendenti e 680 punti vendita (tra filiali, negozi finanziari e sportelli private), rappresenta la nona realt\u00e0 bancaria italiana. Fondato a Vicenza nel 1866 come prima banca popolare del Veneto, l\u2019istituto berico \u00e8 fortemente radicato nel Nordest e ha una rilevante presenza anche nel Nordovest, in Toscana (con la controllata Cariprato) e nell\u2019Italia meridionale (con Banca Nuova). Il gruppo \u00e8 presieduto da Gianni Zonin, Consigliere Delegato \u00e8 Divo Gronchi, Direttore Generale Samuele Sorato.<\/p>","protected":false},"excerpt":{"rendered":"<p>\u00c8 stato firmato oggi, a Palazzo Doglioni Dalmas di Belluno, un accordo di collaborazione tra Confindustria Belluno Dolomiti e Banca Popolare di Vicenza finalizzato a sostenere le imprese del territorio bellunese in questa fase congiunturale particolarmente difficile. Grazie a questa intesa, il gruppo bancario vicentino mette a disposizione delle aziende associate a Confindustria Belluno Dolomiti [&hellip;]<\/p>\n","protected":false},"author":2,"featured_media":0,"comment_status":"closed","ping_status":"open","sticky":false,"template":"","format":"standard","meta":{"footnotes":""},"categories":[36,26],"tags":[139,63],"class_list":["post-4675","post","type-post","status-publish","format-standard","category-lavoro-economia","category-prima-pagina","tag-belluno","tag-dolomiti"],"yoast_head":"<!-- This site is optimized with the Yoast SEO plugin v28.4 - https:\/\/yoast.com\/product\/yoast-seo-wordpress\/ -->\n<title>Un fondo di 35 milioni di euro per finanziamenti a tasso agevolato per l&#039;innovazione e lo sviluppo delle aziende bellunesi - Bellunopress - Dolomiti<\/title>\n<meta name=\"robots\" content=\"index, follow, max-snippet:-1, max-image-preview:large, max-video-preview:-1\" \/>\n<link rel=\"canonical\" href=\"https:\/\/www.bellunopress.it\/fr\/2009\/06\/10\/un-fondo-di-35-milioni-di-euro-per-finanziamenti-a-tasso-agevolato-per-linnovazione-e-lo-sviluppo-delle-aziende-bellunesi\/\" \/>\n<meta property=\"og:locale\" content=\"fr_FR\" \/>\n<meta property=\"og:type\" content=\"article\" \/>\n<meta property=\"og:title\" content=\"Un fondo di 35 milioni di euro per finanziamenti a tasso agevolato per l&#039;innovazione e lo sviluppo delle aziende bellunesi - Bellunopress - Dolomiti\" \/>\n<meta property=\"og:description\" content=\"\u00c8 stato firmato oggi, a Palazzo Doglioni Dalmas di Belluno, un accordo di collaborazione tra Confindustria Belluno Dolomiti e Banca Popolare di Vicenza finalizzato a sostenere le imprese del territorio bellunese in questa fase congiunturale particolarmente difficile. Grazie a questa intesa, il gruppo bancario vicentino mette a disposizione delle aziende associate a Confindustria Belluno Dolomiti [&hellip;]\" \/>\n<meta property=\"og:url\" content=\"https:\/\/www.bellunopress.it\/fr\/2009\/06\/10\/un-fondo-di-35-milioni-di-euro-per-finanziamenti-a-tasso-agevolato-per-linnovazione-e-lo-sviluppo-delle-aziende-bellunesi\/\" \/>\n<meta property=\"og:site_name\" content=\"Bellunopress - Dolomiti\" \/>\n<meta property=\"article:publisher\" content=\"https:\/\/www.facebook.com\/profile.php?id=100008943462799\" \/>\n<meta property=\"article:published_time\" content=\"2009-06-10T16:31:00+00:00\" \/>\n<meta property=\"og:image\" content=\"http:\/\/www.bellunopress.it\/wp-content\/uploads\/2009\/06\/stefano-perale-e-samuele-sorato-leggera.jpg\" \/>\n<meta name=\"author\" content=\"redazione\" \/>\n<meta name=\"twitter:card\" content=\"summary_large_image\" \/>\n<meta name=\"twitter:creator\" content=\"@bellunopress\" \/>\n<meta name=\"twitter:site\" content=\"@bellunopress\" \/>\n<meta name=\"twitter:label1\" content=\"Written by\" \/>\n\t<meta name=\"twitter:data1\" content=\"redazione\" \/>\n\t<meta name=\"twitter:label2\" content=\"Est. reading time\" \/>\n\t<meta name=\"twitter:data2\" content=\"3 minutes\" \/>\n<script type=\"application\/ld+json\" class=\"yoast-schema-graph\">{\"@context\":\"https:\\\/\\\/schema.org\",\"@graph\":[{\"@type\":\"Article\",\"@id\":\"https:\\\/\\\/www.bellunopress.it\\\/2009\\\/06\\\/10\\\/un-fondo-di-35-milioni-di-euro-per-finanziamenti-a-tasso-agevolato-per-linnovazione-e-lo-sviluppo-delle-aziende-bellunesi\\\/#article\",\"isPartOf\":{\"@id\":\"https:\\\/\\\/www.bellunopress.it\\\/2009\\\/06\\\/10\\\/un-fondo-di-35-milioni-di-euro-per-finanziamenti-a-tasso-agevolato-per-linnovazione-e-lo-sviluppo-delle-aziende-bellunesi\\\/\"},\"author\":{\"name\":\"redazione\",\"@id\":\"https:\\\/\\\/www.bellunopress.it\\\/#\\\/schema\\\/person\\\/79bb06722b37ece1c03d3e94beb30d73\"},\"headline\":\"Un fondo di 35 milioni di euro per finanziamenti a tasso agevolato per l&#8217;innovazione e lo sviluppo delle aziende bellunesi\",\"datePublished\":\"2009-06-10T16:31:00+00:00\",\"mainEntityOfPage\":{\"@id\":\"https:\\\/\\\/www.bellunopress.it\\\/2009\\\/06\\\/10\\\/un-fondo-di-35-milioni-di-euro-per-finanziamenti-a-tasso-agevolato-per-linnovazione-e-lo-sviluppo-delle-aziende-bellunesi\\\/\"},\"wordCount\":689,\"publisher\":{\"@id\":\"https:\\\/\\\/www.bellunopress.it\\\/#organization\"},\"image\":{\"@id\":\"https:\\\/\\\/www.bellunopress.it\\\/2009\\\/06\\\/10\\\/un-fondo-di-35-milioni-di-euro-per-finanziamenti-a-tasso-agevolato-per-linnovazione-e-lo-sviluppo-delle-aziende-bellunesi\\\/#primaryimage\"},\"thumbnailUrl\":\"http:\\\/\\\/www.bellunopress.it\\\/wp-content\\\/uploads\\\/2009\\\/06\\\/stefano-perale-e-samuele-sorato-leggera.jpg\",\"keywords\":[\"Belluno\",\"Dolomiti\"],\"articleSection\":[\"Lavoro, Economia, Turismo\",\"Prima Pagina\"],\"inLanguage\":\"fr-FR\"},{\"@type\":\"WebPage\",\"@id\":\"https:\\\/\\\/www.bellunopress.it\\\/2009\\\/06\\\/10\\\/un-fondo-di-35-milioni-di-euro-per-finanziamenti-a-tasso-agevolato-per-linnovazione-e-lo-sviluppo-delle-aziende-bellunesi\\\/\",\"url\":\"https:\\\/\\\/www.bellunopress.it\\\/2009\\\/06\\\/10\\\/un-fondo-di-35-milioni-di-euro-per-finanziamenti-a-tasso-agevolato-per-linnovazione-e-lo-sviluppo-delle-aziende-bellunesi\\\/\",\"name\":\"Un fondo di 35 milioni di euro per finanziamenti a tasso agevolato per l'innovazione e lo sviluppo delle aziende bellunesi - Bellunopress - Dolomiti\",\"isPartOf\":{\"@id\":\"https:\\\/\\\/www.bellunopress.it\\\/#website\"},\"primaryImageOfPage\":{\"@id\":\"https:\\\/\\\/www.bellunopress.it\\\/2009\\\/06\\\/10\\\/un-fondo-di-35-milioni-di-euro-per-finanziamenti-a-tasso-agevolato-per-linnovazione-e-lo-sviluppo-delle-aziende-bellunesi\\\/#primaryimage\"},\"image\":{\"@id\":\"https:\\\/\\\/www.bellunopress.it\\\/2009\\\/06\\\/10\\\/un-fondo-di-35-milioni-di-euro-per-finanziamenti-a-tasso-agevolato-per-linnovazione-e-lo-sviluppo-delle-aziende-bellunesi\\\/#primaryimage\"},\"thumbnailUrl\":\"http:\\\/\\\/www.bellunopress.it\\\/wp-content\\\/uploads\\\/2009\\\/06\\\/stefano-perale-e-samuele-sorato-leggera.jpg\",\"datePublished\":\"2009-06-10T16:31:00+00:00\",\"breadcrumb\":{\"@id\":\"https:\\\/\\\/www.bellunopress.it\\\/2009\\\/06\\\/10\\\/un-fondo-di-35-milioni-di-euro-per-finanziamenti-a-tasso-agevolato-per-linnovazione-e-lo-sviluppo-delle-aziende-bellunesi\\\/#breadcrumb\"},\"inLanguage\":\"fr-FR\",\"potentialAction\":[{\"@type\":\"ReadAction\",\"target\":[\"https:\\\/\\\/www.bellunopress.it\\\/2009\\\/06\\\/10\\\/un-fondo-di-35-milioni-di-euro-per-finanziamenti-a-tasso-agevolato-per-linnovazione-e-lo-sviluppo-delle-aziende-bellunesi\\\/\"]}]},{\"@type\":\"ImageObject\",\"inLanguage\":\"fr-FR\",\"@id\":\"https:\\\/\\\/www.bellunopress.it\\\/2009\\\/06\\\/10\\\/un-fondo-di-35-milioni-di-euro-per-finanziamenti-a-tasso-agevolato-per-linnovazione-e-lo-sviluppo-delle-aziende-bellunesi\\\/#primaryimage\",\"url\":\"http:\\\/\\\/www.bellunopress.it\\\/wp-content\\\/uploads\\\/2009\\\/06\\\/stefano-perale-e-samuele-sorato-leggera.jpg\",\"contentUrl\":\"http:\\\/\\\/www.bellunopress.it\\\/wp-content\\\/uploads\\\/2009\\\/06\\\/stefano-perale-e-samuele-sorato-leggera.jpg\"},{\"@type\":\"BreadcrumbList\",\"@id\":\"https:\\\/\\\/www.bellunopress.it\\\/2009\\\/06\\\/10\\\/un-fondo-di-35-milioni-di-euro-per-finanziamenti-a-tasso-agevolato-per-linnovazione-e-lo-sviluppo-delle-aziende-bellunesi\\\/#breadcrumb\",\"itemListElement\":[{\"@type\":\"ListItem\",\"position\":1,\"name\":\"Home\",\"item\":\"https:\\\/\\\/www.bellunopress.it\\\/\"},{\"@type\":\"ListItem\",\"position\":2,\"name\":\"Un fondo di 35 milioni di euro per finanziamenti a tasso agevolato per l&#8217;innovazione e lo sviluppo delle aziende bellunesi\"}]},{\"@type\":\"WebSite\",\"@id\":\"https:\\\/\\\/www.bellunopress.it\\\/#website\",\"url\":\"https:\\\/\\\/www.bellunopress.it\\\/\",\"name\":\"Bellunopress - Dolomiti\",\"description\":\"e-mail: redazione@bellunopress.it\",\"publisher\":{\"@id\":\"https:\\\/\\\/www.bellunopress.it\\\/#organization\"},\"potentialAction\":[{\"@type\":\"SearchAction\",\"target\":{\"@type\":\"EntryPoint\",\"urlTemplate\":\"https:\\\/\\\/www.bellunopress.it\\\/?s={search_term_string}\"},\"query-input\":{\"@type\":\"PropertyValueSpecification\",\"valueRequired\":true,\"valueName\":\"search_term_string\"}}],\"inLanguage\":\"fr-FR\"},{\"@type\":\"Organization\",\"@id\":\"https:\\\/\\\/www.bellunopress.it\\\/#organization\",\"name\":\"Bellunopress\",\"url\":\"https:\\\/\\\/www.bellunopress.it\\\/\",\"logo\":{\"@type\":\"ImageObject\",\"inLanguage\":\"fr-FR\",\"@id\":\"https:\\\/\\\/www.bellunopress.it\\\/#\\\/schema\\\/logo\\\/image\\\/\",\"url\":\"https:\\\/\\\/www.bellunopress.it\\\/wp-content\\\/uploads\\\/2011\\\/05\\\/cropped-logo-bellunopress-.jpg\",\"contentUrl\":\"https:\\\/\\\/www.bellunopress.it\\\/wp-content\\\/uploads\\\/2011\\\/05\\\/cropped-logo-bellunopress-.jpg\",\"width\":512,\"height\":512,\"caption\":\"Bellunopress\"},\"image\":{\"@id\":\"https:\\\/\\\/www.bellunopress.it\\\/#\\\/schema\\\/logo\\\/image\\\/\"},\"sameAs\":[\"https:\\\/\\\/www.facebook.com\\\/profile.php?id=100008943462799\",\"https:\\\/\\\/x.com\\\/bellunopress\",\"https:\\\/\\\/www.linkedin.com\\\/hp\\\/?dnr=JBzUWaJfMUw8vbXJJ2tVW5-I3jZKvC4wsoxE&amp;amp;amp;amp;amp;amp;trk=nav_responsive_tab_home\",\"https:\\\/\\\/www.youtube.com\\\/channel\\\/UCxL0wu1uN0_3_7hGG0306cw\"]},{\"@type\":\"Person\",\"@id\":\"https:\\\/\\\/www.bellunopress.it\\\/#\\\/schema\\\/person\\\/79bb06722b37ece1c03d3e94beb30d73\",\"name\":\"redazione\",\"image\":{\"@type\":\"ImageObject\",\"inLanguage\":\"fr-FR\",\"@id\":\"https:\\\/\\\/secure.gravatar.com\\\/avatar\\\/37d968a2e67a6fd04c169c4bdef102d0bc5d31b2546345219e348575eb80e9a0?s=96&d=mm&r=g\",\"url\":\"https:\\\/\\\/secure.gravatar.com\\\/avatar\\\/37d968a2e67a6fd04c169c4bdef102d0bc5d31b2546345219e348575eb80e9a0?s=96&d=mm&r=g\",\"contentUrl\":\"https:\\\/\\\/secure.gravatar.com\\\/avatar\\\/37d968a2e67a6fd04c169c4bdef102d0bc5d31b2546345219e348575eb80e9a0?s=96&d=mm&r=g\",\"caption\":\"redazione\"},\"sameAs\":[\"http:\\\/\\\/www.bellunopress.it\",\"https:\\\/\\\/x.com\\\/bellunopress\"],\"url\":\"https:\\\/\\\/www.bellunopress.it\\\/fr\\\/author\\\/redazione\\\/\"}]}<\/script>\n<!-- \/ Yoast SEO plugin. -->","yoast_head_json":{"title":"Un fondo di 35 milioni di euro per finanziamenti a tasso agevolato per l'innovazione e lo sviluppo delle aziende bellunesi - Bellunopress - Dolomiti","robots":{"index":"index","follow":"follow","max-snippet":"max-snippet:-1","max-image-preview":"max-image-preview:large","max-video-preview":"max-video-preview:-1"},"canonical":"https:\/\/www.bellunopress.it\/fr\/2009\/06\/10\/un-fondo-di-35-milioni-di-euro-per-finanziamenti-a-tasso-agevolato-per-linnovazione-e-lo-sviluppo-delle-aziende-bellunesi\/","og_locale":"fr_FR","og_type":"article","og_title":"Un fondo di 35 milioni di euro per finanziamenti a tasso agevolato per l'innovazione e lo sviluppo delle aziende bellunesi - Bellunopress - Dolomiti","og_description":"\u00c8 stato firmato oggi, a Palazzo Doglioni Dalmas di Belluno, un accordo di collaborazione tra Confindustria Belluno Dolomiti e Banca Popolare di Vicenza finalizzato a sostenere le imprese del territorio bellunese in questa fase congiunturale particolarmente difficile. Grazie a questa intesa, il gruppo bancario vicentino mette a disposizione delle aziende associate a Confindustria Belluno Dolomiti [&hellip;]","og_url":"https:\/\/www.bellunopress.it\/fr\/2009\/06\/10\/un-fondo-di-35-milioni-di-euro-per-finanziamenti-a-tasso-agevolato-per-linnovazione-e-lo-sviluppo-delle-aziende-bellunesi\/","og_site_name":"Bellunopress - Dolomiti","article_publisher":"https:\/\/www.facebook.com\/profile.php?id=100008943462799","article_published_time":"2009-06-10T16:31:00+00:00","og_image":[{"url":"http:\/\/www.bellunopress.it\/wp-content\/uploads\/2009\/06\/stefano-perale-e-samuele-sorato-leggera.jpg","type":"","width":"","height":""}],"author":"redazione","twitter_card":"summary_large_image","twitter_creator":"@bellunopress","twitter_site":"@bellunopress","twitter_misc":{"Written by":"redazione","Est. reading time":"3 minutes"},"schema":{"@context":"https:\/\/schema.org","@graph":[{"@type":"Article","@id":"https:\/\/www.bellunopress.it\/2009\/06\/10\/un-fondo-di-35-milioni-di-euro-per-finanziamenti-a-tasso-agevolato-per-linnovazione-e-lo-sviluppo-delle-aziende-bellunesi\/#article","isPartOf":{"@id":"https:\/\/www.bellunopress.it\/2009\/06\/10\/un-fondo-di-35-milioni-di-euro-per-finanziamenti-a-tasso-agevolato-per-linnovazione-e-lo-sviluppo-delle-aziende-bellunesi\/"},"author":{"name":"redazione","@id":"https:\/\/www.bellunopress.it\/#\/schema\/person\/79bb06722b37ece1c03d3e94beb30d73"},"headline":"Un fondo di 35 milioni di euro per finanziamenti a tasso agevolato per l&#8217;innovazione e lo sviluppo delle aziende bellunesi","datePublished":"2009-06-10T16:31:00+00:00","mainEntityOfPage":{"@id":"https:\/\/www.bellunopress.it\/2009\/06\/10\/un-fondo-di-35-milioni-di-euro-per-finanziamenti-a-tasso-agevolato-per-linnovazione-e-lo-sviluppo-delle-aziende-bellunesi\/"},"wordCount":689,"publisher":{"@id":"https:\/\/www.bellunopress.it\/#organization"},"image":{"@id":"https:\/\/www.bellunopress.it\/2009\/06\/10\/un-fondo-di-35-milioni-di-euro-per-finanziamenti-a-tasso-agevolato-per-linnovazione-e-lo-sviluppo-delle-aziende-bellunesi\/#primaryimage"},"thumbnailUrl":"http:\/\/www.bellunopress.it\/wp-content\/uploads\/2009\/06\/stefano-perale-e-samuele-sorato-leggera.jpg","keywords":["Belluno","Dolomiti"],"articleSection":["Lavoro, Economia, Turismo","Prima Pagina"],"inLanguage":"fr-FR"},{"@type":"WebPage","@id":"https:\/\/www.bellunopress.it\/2009\/06\/10\/un-fondo-di-35-milioni-di-euro-per-finanziamenti-a-tasso-agevolato-per-linnovazione-e-lo-sviluppo-delle-aziende-bellunesi\/","url":"https:\/\/www.bellunopress.it\/2009\/06\/10\/un-fondo-di-35-milioni-di-euro-per-finanziamenti-a-tasso-agevolato-per-linnovazione-e-lo-sviluppo-delle-aziende-bellunesi\/","name":"Un fondo di 35 milioni di euro per finanziamenti a tasso agevolato per l'innovazione e lo sviluppo delle aziende bellunesi - Bellunopress - Dolomiti","isPartOf":{"@id":"https:\/\/www.bellunopress.it\/#website"},"primaryImageOfPage":{"@id":"https:\/\/www.bellunopress.it\/2009\/06\/10\/un-fondo-di-35-milioni-di-euro-per-finanziamenti-a-tasso-agevolato-per-linnovazione-e-lo-sviluppo-delle-aziende-bellunesi\/#primaryimage"},"image":{"@id":"https:\/\/www.bellunopress.it\/2009\/06\/10\/un-fondo-di-35-milioni-di-euro-per-finanziamenti-a-tasso-agevolato-per-linnovazione-e-lo-sviluppo-delle-aziende-bellunesi\/#primaryimage"},"thumbnailUrl":"http:\/\/www.bellunopress.it\/wp-content\/uploads\/2009\/06\/stefano-perale-e-samuele-sorato-leggera.jpg","datePublished":"2009-06-10T16:31:00+00:00","breadcrumb":{"@id":"https:\/\/www.bellunopress.it\/2009\/06\/10\/un-fondo-di-35-milioni-di-euro-per-finanziamenti-a-tasso-agevolato-per-linnovazione-e-lo-sviluppo-delle-aziende-bellunesi\/#breadcrumb"},"inLanguage":"fr-FR","potentialAction":[{"@type":"ReadAction","target":["https:\/\/www.bellunopress.it\/2009\/06\/10\/un-fondo-di-35-milioni-di-euro-per-finanziamenti-a-tasso-agevolato-per-linnovazione-e-lo-sviluppo-delle-aziende-bellunesi\/"]}]},{"@type":"ImageObject","inLanguage":"fr-FR","@id":"https:\/\/www.bellunopress.it\/2009\/06\/10\/un-fondo-di-35-milioni-di-euro-per-finanziamenti-a-tasso-agevolato-per-linnovazione-e-lo-sviluppo-delle-aziende-bellunesi\/#primaryimage","url":"http:\/\/www.bellunopress.it\/wp-content\/uploads\/2009\/06\/stefano-perale-e-samuele-sorato-leggera.jpg","contentUrl":"http:\/\/www.bellunopress.it\/wp-content\/uploads\/2009\/06\/stefano-perale-e-samuele-sorato-leggera.jpg"},{"@type":"BreadcrumbList","@id":"https:\/\/www.bellunopress.it\/2009\/06\/10\/un-fondo-di-35-milioni-di-euro-per-finanziamenti-a-tasso-agevolato-per-linnovazione-e-lo-sviluppo-delle-aziende-bellunesi\/#breadcrumb","itemListElement":[{"@type":"ListItem","position":1,"name":"Home","item":"https:\/\/www.bellunopress.it\/"},{"@type":"ListItem","position":2,"name":"Un fondo di 35 milioni di euro per finanziamenti a tasso agevolato per l&#8217;innovazione e lo sviluppo delle aziende bellunesi"}]},{"@type":"WebSite","@id":"https:\/\/www.bellunopress.it\/#website","url":"https:\/\/www.bellunopress.it\/","name":"Bellunopress - Dolomiti","description":"e-mail: redazione@bellunopress.it","publisher":{"@id":"https:\/\/www.bellunopress.it\/#organization"},"potentialAction":[{"@type":"SearchAction","target":{"@type":"EntryPoint","urlTemplate":"https:\/\/www.bellunopress.it\/?s={search_term_string}"},"query-input":{"@type":"PropertyValueSpecification","valueRequired":true,"valueName":"search_term_string"}}],"inLanguage":"fr-FR"},{"@type":"Organization","@id":"https:\/\/www.bellunopress.it\/#organization","name":"Bellunopress","url":"https:\/\/www.bellunopress.it\/","logo":{"@type":"ImageObject","inLanguage":"fr-FR","@id":"https:\/\/www.bellunopress.it\/#\/schema\/logo\/image\/","url":"https:\/\/www.bellunopress.it\/wp-content\/uploads\/2011\/05\/cropped-logo-bellunopress-.jpg","contentUrl":"https:\/\/www.bellunopress.it\/wp-content\/uploads\/2011\/05\/cropped-logo-bellunopress-.jpg","width":512,"height":512,"caption":"Bellunopress"},"image":{"@id":"https:\/\/www.bellunopress.it\/#\/schema\/logo\/image\/"},"sameAs":["https:\/\/www.facebook.com\/profile.php?id=100008943462799","https:\/\/x.com\/bellunopress","https:\/\/www.linkedin.com\/hp\/?dnr=JBzUWaJfMUw8vbXJJ2tVW5-I3jZKvC4wsoxE&amp;amp;amp;amp;amp;amp;trk=nav_responsive_tab_home","https:\/\/www.youtube.com\/channel\/UCxL0wu1uN0_3_7hGG0306cw"]},{"@type":"Person","@id":"https:\/\/www.bellunopress.it\/#\/schema\/person\/79bb06722b37ece1c03d3e94beb30d73","name":"r\u00e9daction","image":{"@type":"ImageObject","inLanguage":"fr-FR","@id":"https:\/\/secure.gravatar.com\/avatar\/37d968a2e67a6fd04c169c4bdef102d0bc5d31b2546345219e348575eb80e9a0?s=96&d=mm&r=g","url":"https:\/\/secure.gravatar.com\/avatar\/37d968a2e67a6fd04c169c4bdef102d0bc5d31b2546345219e348575eb80e9a0?s=96&d=mm&r=g","contentUrl":"https:\/\/secure.gravatar.com\/avatar\/37d968a2e67a6fd04c169c4bdef102d0bc5d31b2546345219e348575eb80e9a0?s=96&d=mm&r=g","caption":"redazione"},"sameAs":["http:\/\/www.bellunopress.it","https:\/\/x.com\/bellunopress"],"url":"https:\/\/www.bellunopress.it\/fr\/author\/redazione\/"}]}},"_links":{"self":[{"href":"https:\/\/www.bellunopress.it\/fr\/wp-json\/wp\/v2\/posts\/4675","targetHints":{"allow":["GET"]}}],"collection":[{"href":"https:\/\/www.bellunopress.it\/fr\/wp-json\/wp\/v2\/posts"}],"about":[{"href":"https:\/\/www.bellunopress.it\/fr\/wp-json\/wp\/v2\/types\/post"}],"author":[{"embeddable":true,"href":"https:\/\/www.bellunopress.it\/fr\/wp-json\/wp\/v2\/users\/2"}],"replies":[{"embeddable":true,"href":"https:\/\/www.bellunopress.it\/fr\/wp-json\/wp\/v2\/comments?post=4675"}],"version-history":[{"count":1,"href":"https:\/\/www.bellunopress.it\/fr\/wp-json\/wp\/v2\/posts\/4675\/revisions"}],"predecessor-version":[{"id":4678,"href":"https:\/\/www.bellunopress.it\/fr\/wp-json\/wp\/v2\/posts\/4675\/revisions\/4678"}],"wp:attachment":[{"href":"https:\/\/www.bellunopress.it\/fr\/wp-json\/wp\/v2\/media?parent=4675"}],"wp:term":[{"taxonomy":"category","embeddable":true,"href":"https:\/\/www.bellunopress.it\/fr\/wp-json\/wp\/v2\/categories?post=4675"},{"taxonomy":"post_tag","embeddable":true,"href":"https:\/\/www.bellunopress.it\/fr\/wp-json\/wp\/v2\/tags?post=4675"}],"curies":[{"name":"wp","href":"https:\/\/api.w.org\/{rel}","templated":true}]}}