{"id":46734,"date":"2013-02-14T21:07:27","date_gmt":"2013-02-14T20:07:27","guid":{"rendered":"http:\/\/www.bellunopress.it\/?p=46734"},"modified":"2013-02-14T21:07:27","modified_gmt":"2013-02-14T20:07:27","slug":"al-teatro-comunale-domenica-ore-17-la-bella-e-la-bestia-quarta-domenica-a-teatro-della-20-edizione-di-comincio-dai-3","status":"publish","type":"post","link":"https:\/\/www.bellunopress.it\/fr\/2013\/02\/14\/al-teatro-comunale-domenica-ore-17-la-bella-e-la-bestia-quarta-domenica-a-teatro-della-20-edizione-di-comincio-dai-3\/","title":{"rendered":"Al Teatro comunale domenica ore 17: La Bella e la bestia. Quarta domenica a teatro della 20\u00b0 edizione di Comincio dai 3"},"content":{"rendered":"<p>Artigli e fiocchi tra i capelli: si va in scena!<\/p>\n<p>Signore e signori, candelabri e teiere, orologi a pendolo e tazzine, belli e \u0093bestiali\u0094, accomodatevi. Trovate la vostra poltrona rosa, toglietevi il cappotto, mettetevi comodi e ascoltate il silenzio: si va in scena. Per la quarta sbarluccicante domenica delle famiglie a teatro di Comincio dai 3 &#8211; rassegna teatrale per l&#8217;\u0092infanzia e la giovent\u00f9 di Tib Teatro &#8211; arriva sul palco del Teatro Comunale di Belluno un grande classico delle fiabe: La bella e la bestia. Impossibile per\u00f2 dire \u0093gi\u00e0 visto\u0094.<\/p>\n<figure id=\"attachment_25958\" aria-describedby=\"caption-attachment-25958\" style=\"width: 280px\" class=\"wp-caption alignleft\"><a href=\"http:\/\/www.bellunopress.it\/wp-content\/uploads\/2011\/04\/teatro-comunale-280x198.jpg\"><img loading=\"lazy\" decoding=\"async\" class=\"size-full wp-image-25958\" alt=\"Teatro Comunale di Belluno\" src=\"http:\/\/www.bellunopress.it\/wp-content\/uploads\/2011\/04\/teatro-comunale-280x198.jpg\" width=\"280\" height=\"198\" \/><\/a><figcaption id=\"caption-attachment-25958\" class=\"wp-caption-text\">Teatro Comunale di Belluno<\/figcaption><\/figure>\n<p>La storia, quella s\u00ec, \u00e8 nota e gi\u00e0 raccontata, ma cos\u00ec come la vedrete domenica 17 febbraio, alle 17, non l\u0092avete mai vista. Una messinscena straordinaria, di rara magia, perla del teatro di figura e d\u0092attore, al servizio di una storia antica ma leggibile ancora oggi, ogni giorno, nella vita quotidiana di ognuno di noi. La storia di occhi che sanno guardare oltre all&#8217;\u0092apparenza, di una carezza a cui non importa se la guancia non \u00e8 liscia e rosa, di un amore che non ha pretese estetiche e sa invece, grazie a un incontenibile sentimento, rendere la diversit\u00e0 una forza. Un amore che alla forma preferisce l\u0092anima. Una storia, quella de La bella e la bestia, nell&#8217;\u0092occasione diretta da Lino Terra e prodotta dal Teatro del Canguro, che ai grandi consegna riflessioni profonde, intime, mentre ai pi\u00f9 piccoli regala emozioni capaci per un\u0092ora di rendere reale la fantasia e palpabile l\u0092immaginazione; un incantesimo reso possibile dalla splendida cura, attenzione e maestria con cui gli autori dello spettacolo hanno saputo dare una forma e una voce alla fiaba, lasciandole palcoscenico libero.<\/p>\n<p>Lo spettacolo La Bella e la Bestia<\/p>\n<p>\u00e8 la quarta domenica dedicata alle famiglie inserita nella ventesima edizione della Stagione di Teatro per l\u0092Infanzia e la Giovent\u00f9 Comincio dai 3, organizzata da Tib Teatro, per la direzione artistica di Daniela Nicosia, con Comune di Belluno, Reteventi Cultura 2012 &#8211; Provincia di Belluno, Ministero per i Beni e le Attivit\u00e0 Culturali, Aics per la Cultura, Fondazione Teatri delle Dolomiti, Regione del Veneto, MIUR\u0096USR del Veneto Ufficio Scolastico Provinciale di Belluno, Agiscuola.<\/p>\n<p>&nbsp;<\/p>\n<p>Per info e prenotazioni chiamare lo 0437 950555 &#8211; biglietteria il giorno dello spettacolo presso il Teatro Comunale dalle 11 alle 13 e dalle 15 alle 16:30<\/p>\n<p>&nbsp;<\/p>\n<p>La bella e la bestia<\/p>\n<p>regia di Lino Terra<\/p>\n<p>Teatro del Canguro<\/p>\n<p>con Agostino Gamba, Vincenzo di Maio e Cecilia Raponi<\/p>\n<p>musiche originali Luca Sacco<\/p>\n<p>collaborazione artistica Nicoletta Briganti, Natascia Zanni, Lorella Rinaldi e Umberto Rozzi<\/p>\n<p>&nbsp;<\/p>\n<p>Domenica 17 febbraio, ore 17<\/p>\n<p>Teatro Comunale di Belluno<\/p>","protected":false},"excerpt":{"rendered":"<p>Artigli e fiocchi tra i capelli: si va in scena! Signore e signori, candelabri e teiere, orologi a pendolo e tazzine, belli e \u0093bestiali\u0094, accomodatevi. Trovate la vostra poltrona rosa, toglietevi il cappotto, mettetevi comodi e ascoltate il silenzio: si va in scena. Per la quarta sbarluccicante domenica delle famiglie a teatro di Comincio dai [&hellip;]<\/p>\n","protected":false},"author":2,"featured_media":0,"comment_status":"closed","ping_status":"open","sticky":false,"template":"","format":"standard","meta":{"footnotes":""},"categories":[27,3,25],"tags":[],"class_list":["post-46734","post","type-post","status-publish","format-standard","category-appuntamenti","category-arte-cultura-spettacoli-scienza-archivi","category-pausa-caffe"],"yoast_head":"<!-- This site is optimized with the Yoast SEO plugin v28.4 - https:\/\/yoast.com\/product\/yoast-seo-wordpress\/ -->\n<title>Al Teatro comunale domenica ore 17: La Bella e la bestia. Quarta domenica a teatro della 20\u00b0 edizione di Comincio dai 3 - Bellunopress - Dolomiti<\/title>\n<meta name=\"robots\" content=\"index, follow, max-snippet:-1, max-image-preview:large, max-video-preview:-1\" \/>\n<link rel=\"canonical\" href=\"https:\/\/www.bellunopress.it\/fr\/2013\/02\/14\/al-teatro-comunale-domenica-ore-17-la-bella-e-la-bestia-quarta-domenica-a-teatro-della-20-edizione-di-comincio-dai-3\/\" \/>\n<meta property=\"og:locale\" content=\"fr_FR\" \/>\n<meta property=\"og:type\" content=\"article\" \/>\n<meta property=\"og:title\" content=\"Al Teatro comunale domenica ore 17: La Bella e la bestia. Quarta domenica a teatro della 20\u00b0 edizione di Comincio dai 3 - Bellunopress - Dolomiti\" \/>\n<meta property=\"og:description\" content=\"Artigli e fiocchi tra i capelli: si va in scena! Signore e signori, candelabri e teiere, orologi a pendolo e tazzine, belli e \u0093bestiali\u0094, accomodatevi. Trovate la vostra poltrona rosa, toglietevi il cappotto, mettetevi comodi e ascoltate il silenzio: si va in scena. Per la quarta sbarluccicante domenica delle famiglie a teatro di Comincio dai [&hellip;]\" \/>\n<meta property=\"og:url\" content=\"https:\/\/www.bellunopress.it\/fr\/2013\/02\/14\/al-teatro-comunale-domenica-ore-17-la-bella-e-la-bestia-quarta-domenica-a-teatro-della-20-edizione-di-comincio-dai-3\/\" \/>\n<meta property=\"og:site_name\" content=\"Bellunopress - Dolomiti\" \/>\n<meta property=\"article:publisher\" content=\"https:\/\/www.facebook.com\/profile.php?id=100008943462799\" \/>\n<meta property=\"article:published_time\" content=\"2013-02-14T20:07:27+00:00\" \/>\n<meta property=\"og:image\" content=\"http:\/\/www.bellunopress.it\/wp-content\/uploads\/2011\/04\/teatro-comunale-280x198.jpg\" \/>\n<meta name=\"author\" content=\"redazione\" \/>\n<meta name=\"twitter:card\" content=\"summary_large_image\" \/>\n<meta name=\"twitter:creator\" content=\"@bellunopress\" \/>\n<meta name=\"twitter:site\" content=\"@bellunopress\" \/>\n<meta name=\"twitter:label1\" content=\"\u00c9crit par\" \/>\n\t<meta name=\"twitter:data1\" content=\"redazione\" \/>\n\t<meta name=\"twitter:label2\" content=\"Dur\u00e9e de lecture estim\u00e9e\" \/>\n\t<meta name=\"twitter:data2\" content=\"2 minutes\" \/>\n<script type=\"application\/ld+json\" class=\"yoast-schema-graph\">{\"@context\":\"https:\\\/\\\/schema.org\",\"@graph\":[{\"@type\":\"Article\",\"@id\":\"https:\\\/\\\/www.bellunopress.it\\\/2013\\\/02\\\/14\\\/al-teatro-comunale-domenica-ore-17-la-bella-e-la-bestia-quarta-domenica-a-teatro-della-20-edizione-di-comincio-dai-3\\\/#article\",\"isPartOf\":{\"@id\":\"https:\\\/\\\/www.bellunopress.it\\\/2013\\\/02\\\/14\\\/al-teatro-comunale-domenica-ore-17-la-bella-e-la-bestia-quarta-domenica-a-teatro-della-20-edizione-di-comincio-dai-3\\\/\"},\"author\":{\"name\":\"redazione\",\"@id\":\"https:\\\/\\\/www.bellunopress.it\\\/#\\\/schema\\\/person\\\/79bb06722b37ece1c03d3e94beb30d73\"},\"headline\":\"Al Teatro comunale domenica ore 17: La Bella e la bestia. Quarta domenica a teatro della 20\u00b0 edizione di Comincio dai 3\",\"datePublished\":\"2013-02-14T20:07:27+00:00\",\"mainEntityOfPage\":{\"@id\":\"https:\\\/\\\/www.bellunopress.it\\\/2013\\\/02\\\/14\\\/al-teatro-comunale-domenica-ore-17-la-bella-e-la-bestia-quarta-domenica-a-teatro-della-20-edizione-di-comincio-dai-3\\\/\"},\"wordCount\":450,\"publisher\":{\"@id\":\"https:\\\/\\\/www.bellunopress.it\\\/#organization\"},\"image\":{\"@id\":\"https:\\\/\\\/www.bellunopress.it\\\/2013\\\/02\\\/14\\\/al-teatro-comunale-domenica-ore-17-la-bella-e-la-bestia-quarta-domenica-a-teatro-della-20-edizione-di-comincio-dai-3\\\/#primaryimage\"},\"thumbnailUrl\":\"http:\\\/\\\/www.bellunopress.it\\\/wp-content\\\/uploads\\\/2011\\\/04\\\/teatro-comunale-280x198.jpg\",\"articleSection\":[\"Appuntamenti, Eventi\",\"Arte, Cultura, Spettacoli, Scienza\",\"Pausa Caff\u00e8\"],\"inLanguage\":\"fr-FR\"},{\"@type\":\"WebPage\",\"@id\":\"https:\\\/\\\/www.bellunopress.it\\\/2013\\\/02\\\/14\\\/al-teatro-comunale-domenica-ore-17-la-bella-e-la-bestia-quarta-domenica-a-teatro-della-20-edizione-di-comincio-dai-3\\\/\",\"url\":\"https:\\\/\\\/www.bellunopress.it\\\/2013\\\/02\\\/14\\\/al-teatro-comunale-domenica-ore-17-la-bella-e-la-bestia-quarta-domenica-a-teatro-della-20-edizione-di-comincio-dai-3\\\/\",\"name\":\"Al Teatro comunale domenica ore 17: La Bella e la bestia. Quarta domenica a teatro della 20\u00b0 edizione di Comincio dai 3 - Bellunopress - Dolomiti\",\"isPartOf\":{\"@id\":\"https:\\\/\\\/www.bellunopress.it\\\/#website\"},\"primaryImageOfPage\":{\"@id\":\"https:\\\/\\\/www.bellunopress.it\\\/2013\\\/02\\\/14\\\/al-teatro-comunale-domenica-ore-17-la-bella-e-la-bestia-quarta-domenica-a-teatro-della-20-edizione-di-comincio-dai-3\\\/#primaryimage\"},\"image\":{\"@id\":\"https:\\\/\\\/www.bellunopress.it\\\/2013\\\/02\\\/14\\\/al-teatro-comunale-domenica-ore-17-la-bella-e-la-bestia-quarta-domenica-a-teatro-della-20-edizione-di-comincio-dai-3\\\/#primaryimage\"},\"thumbnailUrl\":\"http:\\\/\\\/www.bellunopress.it\\\/wp-content\\\/uploads\\\/2011\\\/04\\\/teatro-comunale-280x198.jpg\",\"datePublished\":\"2013-02-14T20:07:27+00:00\",\"breadcrumb\":{\"@id\":\"https:\\\/\\\/www.bellunopress.it\\\/2013\\\/02\\\/14\\\/al-teatro-comunale-domenica-ore-17-la-bella-e-la-bestia-quarta-domenica-a-teatro-della-20-edizione-di-comincio-dai-3\\\/#breadcrumb\"},\"inLanguage\":\"fr-FR\",\"potentialAction\":[{\"@type\":\"ReadAction\",\"target\":[\"https:\\\/\\\/www.bellunopress.it\\\/2013\\\/02\\\/14\\\/al-teatro-comunale-domenica-ore-17-la-bella-e-la-bestia-quarta-domenica-a-teatro-della-20-edizione-di-comincio-dai-3\\\/\"]}]},{\"@type\":\"ImageObject\",\"inLanguage\":\"fr-FR\",\"@id\":\"https:\\\/\\\/www.bellunopress.it\\\/2013\\\/02\\\/14\\\/al-teatro-comunale-domenica-ore-17-la-bella-e-la-bestia-quarta-domenica-a-teatro-della-20-edizione-di-comincio-dai-3\\\/#primaryimage\",\"url\":\"http:\\\/\\\/www.bellunopress.it\\\/wp-content\\\/uploads\\\/2011\\\/04\\\/teatro-comunale-280x198.jpg\",\"contentUrl\":\"http:\\\/\\\/www.bellunopress.it\\\/wp-content\\\/uploads\\\/2011\\\/04\\\/teatro-comunale-280x198.jpg\"},{\"@type\":\"BreadcrumbList\",\"@id\":\"https:\\\/\\\/www.bellunopress.it\\\/2013\\\/02\\\/14\\\/al-teatro-comunale-domenica-ore-17-la-bella-e-la-bestia-quarta-domenica-a-teatro-della-20-edizione-di-comincio-dai-3\\\/#breadcrumb\",\"itemListElement\":[{\"@type\":\"ListItem\",\"position\":1,\"name\":\"Home\",\"item\":\"https:\\\/\\\/www.bellunopress.it\\\/\"},{\"@type\":\"ListItem\",\"position\":2,\"name\":\"Al Teatro comunale domenica ore 17: La Bella e la bestia. Quarta domenica a teatro della 20\u00b0 edizione di Comincio dai 3\"}]},{\"@type\":\"WebSite\",\"@id\":\"https:\\\/\\\/www.bellunopress.it\\\/#website\",\"url\":\"https:\\\/\\\/www.bellunopress.it\\\/\",\"name\":\"Bellunopress - Dolomiti\",\"description\":\"e-mail: redazione@bellunopress.it\",\"publisher\":{\"@id\":\"https:\\\/\\\/www.bellunopress.it\\\/#organization\"},\"potentialAction\":[{\"@type\":\"SearchAction\",\"target\":{\"@type\":\"EntryPoint\",\"urlTemplate\":\"https:\\\/\\\/www.bellunopress.it\\\/?s={search_term_string}\"},\"query-input\":{\"@type\":\"PropertyValueSpecification\",\"valueRequired\":true,\"valueName\":\"search_term_string\"}}],\"inLanguage\":\"fr-FR\"},{\"@type\":\"Organization\",\"@id\":\"https:\\\/\\\/www.bellunopress.it\\\/#organization\",\"name\":\"Bellunopress\",\"url\":\"https:\\\/\\\/www.bellunopress.it\\\/\",\"logo\":{\"@type\":\"ImageObject\",\"inLanguage\":\"fr-FR\",\"@id\":\"https:\\\/\\\/www.bellunopress.it\\\/#\\\/schema\\\/logo\\\/image\\\/\",\"url\":\"https:\\\/\\\/www.bellunopress.it\\\/wp-content\\\/uploads\\\/2011\\\/05\\\/cropped-logo-bellunopress-.jpg\",\"contentUrl\":\"https:\\\/\\\/www.bellunopress.it\\\/wp-content\\\/uploads\\\/2011\\\/05\\\/cropped-logo-bellunopress-.jpg\",\"width\":512,\"height\":512,\"caption\":\"Bellunopress\"},\"image\":{\"@id\":\"https:\\\/\\\/www.bellunopress.it\\\/#\\\/schema\\\/logo\\\/image\\\/\"},\"sameAs\":[\"https:\\\/\\\/www.facebook.com\\\/profile.php?id=100008943462799\",\"https:\\\/\\\/x.com\\\/bellunopress\",\"https:\\\/\\\/www.linkedin.com\\\/hp\\\/?dnr=JBzUWaJfMUw8vbXJJ2tVW5-I3jZKvC4wsoxE&amp;amp;amp;amp;amp;amp;trk=nav_responsive_tab_home\",\"https:\\\/\\\/www.youtube.com\\\/channel\\\/UCxL0wu1uN0_3_7hGG0306cw\"]},{\"@type\":\"Person\",\"@id\":\"https:\\\/\\\/www.bellunopress.it\\\/#\\\/schema\\\/person\\\/79bb06722b37ece1c03d3e94beb30d73\",\"name\":\"redazione\",\"image\":{\"@type\":\"ImageObject\",\"inLanguage\":\"fr-FR\",\"@id\":\"https:\\\/\\\/secure.gravatar.com\\\/avatar\\\/37d968a2e67a6fd04c169c4bdef102d0bc5d31b2546345219e348575eb80e9a0?s=96&d=mm&r=g\",\"url\":\"https:\\\/\\\/secure.gravatar.com\\\/avatar\\\/37d968a2e67a6fd04c169c4bdef102d0bc5d31b2546345219e348575eb80e9a0?s=96&d=mm&r=g\",\"contentUrl\":\"https:\\\/\\\/secure.gravatar.com\\\/avatar\\\/37d968a2e67a6fd04c169c4bdef102d0bc5d31b2546345219e348575eb80e9a0?s=96&d=mm&r=g\",\"caption\":\"redazione\"},\"sameAs\":[\"http:\\\/\\\/www.bellunopress.it\",\"https:\\\/\\\/x.com\\\/bellunopress\"],\"url\":\"https:\\\/\\\/www.bellunopress.it\\\/fr\\\/author\\\/redazione\\\/\"}]}<\/script>\n<!-- \/ Yoast SEO plugin. -->","yoast_head_json":{"title":"Al Teatro comunale domenica ore 17: La Bella e la bestia. Quarta domenica a teatro della 20\u00b0 edizione di Comincio dai 3 - Bellunopress - Dolomiti","robots":{"index":"index","follow":"follow","max-snippet":"max-snippet:-1","max-image-preview":"max-image-preview:large","max-video-preview":"max-video-preview:-1"},"canonical":"https:\/\/www.bellunopress.it\/fr\/2013\/02\/14\/al-teatro-comunale-domenica-ore-17-la-bella-e-la-bestia-quarta-domenica-a-teatro-della-20-edizione-di-comincio-dai-3\/","og_locale":"fr_FR","og_type":"article","og_title":"Al Teatro comunale domenica ore 17: La Bella e la bestia. Quarta domenica a teatro della 20\u00b0 edizione di Comincio dai 3 - Bellunopress - Dolomiti","og_description":"Artigli e fiocchi tra i capelli: si va in scena! Signore e signori, candelabri e teiere, orologi a pendolo e tazzine, belli e \u0093bestiali\u0094, accomodatevi. Trovate la vostra poltrona rosa, toglietevi il cappotto, mettetevi comodi e ascoltate il silenzio: si va in scena. Per la quarta sbarluccicante domenica delle famiglie a teatro di Comincio dai [&hellip;]","og_url":"https:\/\/www.bellunopress.it\/fr\/2013\/02\/14\/al-teatro-comunale-domenica-ore-17-la-bella-e-la-bestia-quarta-domenica-a-teatro-della-20-edizione-di-comincio-dai-3\/","og_site_name":"Bellunopress - Dolomiti","article_publisher":"https:\/\/www.facebook.com\/profile.php?id=100008943462799","article_published_time":"2013-02-14T20:07:27+00:00","og_image":[{"url":"http:\/\/www.bellunopress.it\/wp-content\/uploads\/2011\/04\/teatro-comunale-280x198.jpg","type":"","width":"","height":""}],"author":"redazione","twitter_card":"summary_large_image","twitter_creator":"@bellunopress","twitter_site":"@bellunopress","twitter_misc":{"\u00c9crit par":"redazione","Dur\u00e9e de lecture estim\u00e9e":"2 minutes"},"schema":{"@context":"https:\/\/schema.org","@graph":[{"@type":"Article","@id":"https:\/\/www.bellunopress.it\/2013\/02\/14\/al-teatro-comunale-domenica-ore-17-la-bella-e-la-bestia-quarta-domenica-a-teatro-della-20-edizione-di-comincio-dai-3\/#article","isPartOf":{"@id":"https:\/\/www.bellunopress.it\/2013\/02\/14\/al-teatro-comunale-domenica-ore-17-la-bella-e-la-bestia-quarta-domenica-a-teatro-della-20-edizione-di-comincio-dai-3\/"},"author":{"name":"redazione","@id":"https:\/\/www.bellunopress.it\/#\/schema\/person\/79bb06722b37ece1c03d3e94beb30d73"},"headline":"Al Teatro comunale domenica ore 17: La Bella e la bestia. Quarta domenica a teatro della 20\u00b0 edizione di Comincio dai 3","datePublished":"2013-02-14T20:07:27+00:00","mainEntityOfPage":{"@id":"https:\/\/www.bellunopress.it\/2013\/02\/14\/al-teatro-comunale-domenica-ore-17-la-bella-e-la-bestia-quarta-domenica-a-teatro-della-20-edizione-di-comincio-dai-3\/"},"wordCount":450,"publisher":{"@id":"https:\/\/www.bellunopress.it\/#organization"},"image":{"@id":"https:\/\/www.bellunopress.it\/2013\/02\/14\/al-teatro-comunale-domenica-ore-17-la-bella-e-la-bestia-quarta-domenica-a-teatro-della-20-edizione-di-comincio-dai-3\/#primaryimage"},"thumbnailUrl":"http:\/\/www.bellunopress.it\/wp-content\/uploads\/2011\/04\/teatro-comunale-280x198.jpg","articleSection":["Appuntamenti, Eventi","Arte, Cultura, Spettacoli, Scienza","Pausa Caff\u00e8"],"inLanguage":"fr-FR"},{"@type":"WebPage","@id":"https:\/\/www.bellunopress.it\/2013\/02\/14\/al-teatro-comunale-domenica-ore-17-la-bella-e-la-bestia-quarta-domenica-a-teatro-della-20-edizione-di-comincio-dai-3\/","url":"https:\/\/www.bellunopress.it\/2013\/02\/14\/al-teatro-comunale-domenica-ore-17-la-bella-e-la-bestia-quarta-domenica-a-teatro-della-20-edizione-di-comincio-dai-3\/","name":"Al Teatro comunale domenica ore 17: La Bella e la bestia. Quarta domenica a teatro della 20\u00b0 edizione di Comincio dai 3 - Bellunopress - Dolomiti","isPartOf":{"@id":"https:\/\/www.bellunopress.it\/#website"},"primaryImageOfPage":{"@id":"https:\/\/www.bellunopress.it\/2013\/02\/14\/al-teatro-comunale-domenica-ore-17-la-bella-e-la-bestia-quarta-domenica-a-teatro-della-20-edizione-di-comincio-dai-3\/#primaryimage"},"image":{"@id":"https:\/\/www.bellunopress.it\/2013\/02\/14\/al-teatro-comunale-domenica-ore-17-la-bella-e-la-bestia-quarta-domenica-a-teatro-della-20-edizione-di-comincio-dai-3\/#primaryimage"},"thumbnailUrl":"http:\/\/www.bellunopress.it\/wp-content\/uploads\/2011\/04\/teatro-comunale-280x198.jpg","datePublished":"2013-02-14T20:07:27+00:00","breadcrumb":{"@id":"https:\/\/www.bellunopress.it\/2013\/02\/14\/al-teatro-comunale-domenica-ore-17-la-bella-e-la-bestia-quarta-domenica-a-teatro-della-20-edizione-di-comincio-dai-3\/#breadcrumb"},"inLanguage":"fr-FR","potentialAction":[{"@type":"ReadAction","target":["https:\/\/www.bellunopress.it\/2013\/02\/14\/al-teatro-comunale-domenica-ore-17-la-bella-e-la-bestia-quarta-domenica-a-teatro-della-20-edizione-di-comincio-dai-3\/"]}]},{"@type":"ImageObject","inLanguage":"fr-FR","@id":"https:\/\/www.bellunopress.it\/2013\/02\/14\/al-teatro-comunale-domenica-ore-17-la-bella-e-la-bestia-quarta-domenica-a-teatro-della-20-edizione-di-comincio-dai-3\/#primaryimage","url":"http:\/\/www.bellunopress.it\/wp-content\/uploads\/2011\/04\/teatro-comunale-280x198.jpg","contentUrl":"http:\/\/www.bellunopress.it\/wp-content\/uploads\/2011\/04\/teatro-comunale-280x198.jpg"},{"@type":"BreadcrumbList","@id":"https:\/\/www.bellunopress.it\/2013\/02\/14\/al-teatro-comunale-domenica-ore-17-la-bella-e-la-bestia-quarta-domenica-a-teatro-della-20-edizione-di-comincio-dai-3\/#breadcrumb","itemListElement":[{"@type":"ListItem","position":1,"name":"Home","item":"https:\/\/www.bellunopress.it\/"},{"@type":"ListItem","position":2,"name":"Al Teatro comunale domenica ore 17: La Bella e la bestia. Quarta domenica a teatro della 20\u00b0 edizione di Comincio dai 3"}]},{"@type":"WebSite","@id":"https:\/\/www.bellunopress.it\/#website","url":"https:\/\/www.bellunopress.it\/","name":"Bellunopress - Dolomiti","description":"e-mail: redazione@bellunopress.it","publisher":{"@id":"https:\/\/www.bellunopress.it\/#organization"},"potentialAction":[{"@type":"SearchAction","target":{"@type":"EntryPoint","urlTemplate":"https:\/\/www.bellunopress.it\/?s={search_term_string}"},"query-input":{"@type":"PropertyValueSpecification","valueRequired":true,"valueName":"search_term_string"}}],"inLanguage":"fr-FR"},{"@type":"Organization","@id":"https:\/\/www.bellunopress.it\/#organization","name":"Bellunopress","url":"https:\/\/www.bellunopress.it\/","logo":{"@type":"ImageObject","inLanguage":"fr-FR","@id":"https:\/\/www.bellunopress.it\/#\/schema\/logo\/image\/","url":"https:\/\/www.bellunopress.it\/wp-content\/uploads\/2011\/05\/cropped-logo-bellunopress-.jpg","contentUrl":"https:\/\/www.bellunopress.it\/wp-content\/uploads\/2011\/05\/cropped-logo-bellunopress-.jpg","width":512,"height":512,"caption":"Bellunopress"},"image":{"@id":"https:\/\/www.bellunopress.it\/#\/schema\/logo\/image\/"},"sameAs":["https:\/\/www.facebook.com\/profile.php?id=100008943462799","https:\/\/x.com\/bellunopress","https:\/\/www.linkedin.com\/hp\/?dnr=JBzUWaJfMUw8vbXJJ2tVW5-I3jZKvC4wsoxE&amp;amp;amp;amp;amp;amp;trk=nav_responsive_tab_home","https:\/\/www.youtube.com\/channel\/UCxL0wu1uN0_3_7hGG0306cw"]},{"@type":"Person","@id":"https:\/\/www.bellunopress.it\/#\/schema\/person\/79bb06722b37ece1c03d3e94beb30d73","name":"r\u00e9daction","image":{"@type":"ImageObject","inLanguage":"fr-FR","@id":"https:\/\/secure.gravatar.com\/avatar\/37d968a2e67a6fd04c169c4bdef102d0bc5d31b2546345219e348575eb80e9a0?s=96&d=mm&r=g","url":"https:\/\/secure.gravatar.com\/avatar\/37d968a2e67a6fd04c169c4bdef102d0bc5d31b2546345219e348575eb80e9a0?s=96&d=mm&r=g","contentUrl":"https:\/\/secure.gravatar.com\/avatar\/37d968a2e67a6fd04c169c4bdef102d0bc5d31b2546345219e348575eb80e9a0?s=96&d=mm&r=g","caption":"redazione"},"sameAs":["http:\/\/www.bellunopress.it","https:\/\/x.com\/bellunopress"],"url":"https:\/\/www.bellunopress.it\/fr\/author\/redazione\/"}]}},"_links":{"self":[{"href":"https:\/\/www.bellunopress.it\/fr\/wp-json\/wp\/v2\/posts\/46734","targetHints":{"allow":["GET"]}}],"collection":[{"href":"https:\/\/www.bellunopress.it\/fr\/wp-json\/wp\/v2\/posts"}],"about":[{"href":"https:\/\/www.bellunopress.it\/fr\/wp-json\/wp\/v2\/types\/post"}],"author":[{"embeddable":true,"href":"https:\/\/www.bellunopress.it\/fr\/wp-json\/wp\/v2\/users\/2"}],"replies":[{"embeddable":true,"href":"https:\/\/www.bellunopress.it\/fr\/wp-json\/wp\/v2\/comments?post=46734"}],"version-history":[{"count":2,"href":"https:\/\/www.bellunopress.it\/fr\/wp-json\/wp\/v2\/posts\/46734\/revisions"}],"predecessor-version":[{"id":46736,"href":"https:\/\/www.bellunopress.it\/fr\/wp-json\/wp\/v2\/posts\/46734\/revisions\/46736"}],"wp:attachment":[{"href":"https:\/\/www.bellunopress.it\/fr\/wp-json\/wp\/v2\/media?parent=46734"}],"wp:term":[{"taxonomy":"category","embeddable":true,"href":"https:\/\/www.bellunopress.it\/fr\/wp-json\/wp\/v2\/categories?post=46734"},{"taxonomy":"post_tag","embeddable":true,"href":"https:\/\/www.bellunopress.it\/fr\/wp-json\/wp\/v2\/tags?post=46734"}],"curies":[{"name":"wp","href":"https:\/\/api.w.org\/{rel}","templated":true}]}}