{"id":46699,"date":"2013-02-13T19:08:17","date_gmt":"2013-02-13T18:08:17","guid":{"rendered":"http:\/\/www.bellunopress.it\/?p=46699"},"modified":"2013-02-13T19:08:17","modified_gmt":"2013-02-13T18:08:17","slug":"il-pab-di-paolo-bampo-cede-il-posto-a-indipendenza-veneta-venerdi-sera-lincontro-in-birreria-pedavena-e-sabato-pomeriggio-a-venezia","status":"publish","type":"post","link":"https:\/\/www.bellunopress.it\/fr\/2013\/02\/13\/il-pab-di-paolo-bampo-cede-il-posto-a-indipendenza-veneta-venerdi-sera-lincontro-in-birreria-pedavena-e-sabato-pomeriggio-a-venezia\/","title":{"rendered":"Il Pab di Paolo Bampo cede il posto a Indipendenza Veneta. Venerd\u00ec sera l&#8217;incontro in Birreria Pedavena e sabato pomeriggio a Venezia"},"content":{"rendered":"<p><a href=\"http:\/\/www.bellunopress.it\/wp-content\/uploads\/2013\/02\/indipendenza-veneta.jpg\"><img loading=\"lazy\" decoding=\"async\" class=\"alignleft size-full wp-image-46700\" alt=\"indipendenza veneta\" src=\"http:\/\/www.bellunopress.it\/wp-content\/uploads\/2013\/02\/indipendenza-veneta.jpg\" width=\"150\" height=\"150\" \/><\/a>Tour elettorale a tappe forzate anche per i candidati del partito promotore del referendum indipendentista del Veneto \u201cIndipendenza Veneta\u201d che sbarcheranno in Birreria a Pedavena venerd\u00ec 15 febbraio alle ore 20.30.<\/p>\n<p>Relatori: Prof. Lodovico Pizzati (capolista e Segretario Indipendenza Veneta), Ing. Gianluca Busato (candidato e Portavoce IndipendenzaVeneneta), Dott. Maurizio Giomo (Candidato Vice Sindaco di Treviso).<\/p>\n<p>Il PAB, che nella propria strategia ha sempre compreso la necessit\u00e0 di pervenire all\u2019Autonomia della Regione Dolomiti attraverso l\u2019indipendenza del Veneto e non attraverso la \u201cmigrazione\u201d ad altre regioni, sta individuando da tempo un percorso di avvicinamento concreto e strutturale ad Indipendenza Veneta, che vada ben oltre la semplice collaborazione e compartecipazione agli eventi reciprocamente organizzati.<\/p>\n<p>In occasione dell\u2019incontro di Pedavena Lodovico Pizzati per Indipendenza Veneta e Paolo Bampo per il PAB definiranno i particolari dell\u2019 accordo gi\u00e0 in itinere e la location di un evento \u201cad hoc\u201d ove siano presentati i termini dell\u2019intesa. Quest\u2019ultima non escluder\u00e0 persino la possibilit\u00e0 di una uscita dalla scena politica del PAB, il movimento che maggiormente negli ultimi 10 anni ha sostenuto in provincia il tema dell\u2019autonomia, attraverso la partecipazione a varie tornate elettorali.<\/p>\n<p>Secondo il PAB Indipendenza Veneta pu\u00f2 raccogliere il testimone autonomista anche a livello provinciale e pu\u00f2 rappresentarne le istanze con maggior vigore ed autorevolezza.<\/p>\n<p>Si ricorda inoltre che sabato 16 Febbraio, dalle 15:00 \u2013 19:00 Indipendenza Veneta presenter\u00e0 la proposta di legge regionale per il referendum che doner\u00e0 ai veneti la propria libert\u00e0 da Roma. Ritrovo alle ore 15 dal Ponte Calatrava (Venezia piazzale Roma) e poi in marcia verso il palazzo della Regione per il deposito ufficiale della proposta elaborata da una apposita commissione di giuristi istituita a seguito della risoluzione n.44 del Consiglio Regionale del 28 novembre 2012. Ricordiamo i nomi dei cinque giuristi che compongono la commissione (avv. Azzano Cantarutti, avv. Morosin, prof. Bernardini, prof. Lottieri e prof. Vitale),<\/p>\n<p>&nbsp;<\/p>","protected":false},"excerpt":{"rendered":"<p>Tour elettorale a tappe forzate anche per i candidati del partito promotore del referendum indipendentista del Veneto \u201cIndipendenza Veneta\u201d che sbarcheranno in Birreria a Pedavena venerd\u00ec 15 febbraio alle ore 20.30. Relatori: Prof. Lodovico Pizzati (capolista e Segretario Indipendenza Veneta), Ing. Gianluca Busato (candidato e Portavoce IndipendenzaVeneneta), Dott. Maurizio Giomo (Candidato Vice Sindaco di Treviso). [&hellip;]<\/p>\n","protected":false},"author":2,"featured_media":0,"comment_status":"closed","ping_status":"open","sticky":false,"template":"","format":"standard","meta":{"footnotes":""},"categories":[5,26],"tags":[],"class_list":["post-46699","post","type-post","status-publish","format-standard","category-cronaca","category-prima-pagina"],"yoast_head":"<!-- This site is optimized with the Yoast SEO plugin v28.4 - https:\/\/yoast.com\/product\/yoast-seo-wordpress\/ -->\n<title>Il Pab di Paolo Bampo cede il posto a Indipendenza Veneta. Venerd\u00ec sera l&#039;incontro in Birreria Pedavena e sabato pomeriggio a Venezia - Bellunopress - Dolomiti<\/title>\n<meta name=\"robots\" content=\"index, follow, max-snippet:-1, max-image-preview:large, max-video-preview:-1\" \/>\n<link rel=\"canonical\" href=\"https:\/\/www.bellunopress.it\/fr\/2013\/02\/13\/il-pab-di-paolo-bampo-cede-il-posto-a-indipendenza-veneta-venerdi-sera-lincontro-in-birreria-pedavena-e-sabato-pomeriggio-a-venezia\/\" \/>\n<meta property=\"og:locale\" content=\"fr_FR\" \/>\n<meta property=\"og:type\" content=\"article\" \/>\n<meta property=\"og:title\" content=\"Il Pab di Paolo Bampo cede il posto a Indipendenza Veneta. Venerd\u00ec sera l&#039;incontro in Birreria Pedavena e sabato pomeriggio a Venezia - Bellunopress - Dolomiti\" \/>\n<meta property=\"og:description\" content=\"Tour elettorale a tappe forzate anche per i candidati del partito promotore del referendum indipendentista del Veneto \u201cIndipendenza Veneta\u201d che sbarcheranno in Birreria a Pedavena venerd\u00ec 15 febbraio alle ore 20.30. Relatori: Prof. Lodovico Pizzati (capolista e Segretario Indipendenza Veneta), Ing. Gianluca Busato (candidato e Portavoce IndipendenzaVeneneta), Dott. Maurizio Giomo (Candidato Vice Sindaco di Treviso). [&hellip;]\" \/>\n<meta property=\"og:url\" content=\"https:\/\/www.bellunopress.it\/fr\/2013\/02\/13\/il-pab-di-paolo-bampo-cede-il-posto-a-indipendenza-veneta-venerdi-sera-lincontro-in-birreria-pedavena-e-sabato-pomeriggio-a-venezia\/\" \/>\n<meta property=\"og:site_name\" content=\"Bellunopress - Dolomiti\" \/>\n<meta property=\"article:publisher\" content=\"https:\/\/www.facebook.com\/profile.php?id=100008943462799\" \/>\n<meta property=\"article:published_time\" content=\"2013-02-13T18:08:17+00:00\" \/>\n<meta property=\"og:image\" content=\"http:\/\/www.bellunopress.it\/wp-content\/uploads\/2013\/02\/indipendenza-veneta.jpg\" \/>\n<meta name=\"author\" content=\"redazione\" \/>\n<meta name=\"twitter:card\" content=\"summary_large_image\" \/>\n<meta name=\"twitter:creator\" content=\"@bellunopress\" \/>\n<meta name=\"twitter:site\" content=\"@bellunopress\" \/>\n<meta name=\"twitter:label1\" content=\"\u00c9crit par\" \/>\n\t<meta name=\"twitter:data1\" content=\"redazione\" \/>\n\t<meta name=\"twitter:label2\" content=\"Dur\u00e9e de lecture estim\u00e9e\" \/>\n\t<meta name=\"twitter:data2\" content=\"2 minutes\" \/>\n<script type=\"application\/ld+json\" class=\"yoast-schema-graph\">{\"@context\":\"https:\\\/\\\/schema.org\",\"@graph\":[{\"@type\":\"Article\",\"@id\":\"https:\\\/\\\/www.bellunopress.it\\\/2013\\\/02\\\/13\\\/il-pab-di-paolo-bampo-cede-il-posto-a-indipendenza-veneta-venerdi-sera-lincontro-in-birreria-pedavena-e-sabato-pomeriggio-a-venezia\\\/#article\",\"isPartOf\":{\"@id\":\"https:\\\/\\\/www.bellunopress.it\\\/2013\\\/02\\\/13\\\/il-pab-di-paolo-bampo-cede-il-posto-a-indipendenza-veneta-venerdi-sera-lincontro-in-birreria-pedavena-e-sabato-pomeriggio-a-venezia\\\/\"},\"author\":{\"name\":\"redazione\",\"@id\":\"https:\\\/\\\/www.bellunopress.it\\\/#\\\/schema\\\/person\\\/79bb06722b37ece1c03d3e94beb30d73\"},\"headline\":\"Il Pab di Paolo Bampo cede il posto a Indipendenza Veneta. Venerd\u00ec sera l&#8217;incontro in Birreria Pedavena e sabato pomeriggio a Venezia\",\"datePublished\":\"2013-02-13T18:08:17+00:00\",\"mainEntityOfPage\":{\"@id\":\"https:\\\/\\\/www.bellunopress.it\\\/2013\\\/02\\\/13\\\/il-pab-di-paolo-bampo-cede-il-posto-a-indipendenza-veneta-venerdi-sera-lincontro-in-birreria-pedavena-e-sabato-pomeriggio-a-venezia\\\/\"},\"wordCount\":327,\"publisher\":{\"@id\":\"https:\\\/\\\/www.bellunopress.it\\\/#organization\"},\"image\":{\"@id\":\"https:\\\/\\\/www.bellunopress.it\\\/2013\\\/02\\\/13\\\/il-pab-di-paolo-bampo-cede-il-posto-a-indipendenza-veneta-venerdi-sera-lincontro-in-birreria-pedavena-e-sabato-pomeriggio-a-venezia\\\/#primaryimage\"},\"thumbnailUrl\":\"http:\\\/\\\/www.bellunopress.it\\\/wp-content\\\/uploads\\\/2013\\\/02\\\/indipendenza-veneta.jpg\",\"articleSection\":[\"Cronaca\\\/Politica\",\"Prima Pagina\"],\"inLanguage\":\"fr-FR\"},{\"@type\":\"WebPage\",\"@id\":\"https:\\\/\\\/www.bellunopress.it\\\/2013\\\/02\\\/13\\\/il-pab-di-paolo-bampo-cede-il-posto-a-indipendenza-veneta-venerdi-sera-lincontro-in-birreria-pedavena-e-sabato-pomeriggio-a-venezia\\\/\",\"url\":\"https:\\\/\\\/www.bellunopress.it\\\/2013\\\/02\\\/13\\\/il-pab-di-paolo-bampo-cede-il-posto-a-indipendenza-veneta-venerdi-sera-lincontro-in-birreria-pedavena-e-sabato-pomeriggio-a-venezia\\\/\",\"name\":\"Il Pab di Paolo Bampo cede il posto a Indipendenza Veneta. Venerd\u00ec sera l'incontro in Birreria Pedavena e sabato pomeriggio a Venezia - Bellunopress - Dolomiti\",\"isPartOf\":{\"@id\":\"https:\\\/\\\/www.bellunopress.it\\\/#website\"},\"primaryImageOfPage\":{\"@id\":\"https:\\\/\\\/www.bellunopress.it\\\/2013\\\/02\\\/13\\\/il-pab-di-paolo-bampo-cede-il-posto-a-indipendenza-veneta-venerdi-sera-lincontro-in-birreria-pedavena-e-sabato-pomeriggio-a-venezia\\\/#primaryimage\"},\"image\":{\"@id\":\"https:\\\/\\\/www.bellunopress.it\\\/2013\\\/02\\\/13\\\/il-pab-di-paolo-bampo-cede-il-posto-a-indipendenza-veneta-venerdi-sera-lincontro-in-birreria-pedavena-e-sabato-pomeriggio-a-venezia\\\/#primaryimage\"},\"thumbnailUrl\":\"http:\\\/\\\/www.bellunopress.it\\\/wp-content\\\/uploads\\\/2013\\\/02\\\/indipendenza-veneta.jpg\",\"datePublished\":\"2013-02-13T18:08:17+00:00\",\"breadcrumb\":{\"@id\":\"https:\\\/\\\/www.bellunopress.it\\\/2013\\\/02\\\/13\\\/il-pab-di-paolo-bampo-cede-il-posto-a-indipendenza-veneta-venerdi-sera-lincontro-in-birreria-pedavena-e-sabato-pomeriggio-a-venezia\\\/#breadcrumb\"},\"inLanguage\":\"fr-FR\",\"potentialAction\":[{\"@type\":\"ReadAction\",\"target\":[\"https:\\\/\\\/www.bellunopress.it\\\/2013\\\/02\\\/13\\\/il-pab-di-paolo-bampo-cede-il-posto-a-indipendenza-veneta-venerdi-sera-lincontro-in-birreria-pedavena-e-sabato-pomeriggio-a-venezia\\\/\"]}]},{\"@type\":\"ImageObject\",\"inLanguage\":\"fr-FR\",\"@id\":\"https:\\\/\\\/www.bellunopress.it\\\/2013\\\/02\\\/13\\\/il-pab-di-paolo-bampo-cede-il-posto-a-indipendenza-veneta-venerdi-sera-lincontro-in-birreria-pedavena-e-sabato-pomeriggio-a-venezia\\\/#primaryimage\",\"url\":\"http:\\\/\\\/www.bellunopress.it\\\/wp-content\\\/uploads\\\/2013\\\/02\\\/indipendenza-veneta.jpg\",\"contentUrl\":\"http:\\\/\\\/www.bellunopress.it\\\/wp-content\\\/uploads\\\/2013\\\/02\\\/indipendenza-veneta.jpg\"},{\"@type\":\"BreadcrumbList\",\"@id\":\"https:\\\/\\\/www.bellunopress.it\\\/2013\\\/02\\\/13\\\/il-pab-di-paolo-bampo-cede-il-posto-a-indipendenza-veneta-venerdi-sera-lincontro-in-birreria-pedavena-e-sabato-pomeriggio-a-venezia\\\/#breadcrumb\",\"itemListElement\":[{\"@type\":\"ListItem\",\"position\":1,\"name\":\"Home\",\"item\":\"https:\\\/\\\/www.bellunopress.it\\\/\"},{\"@type\":\"ListItem\",\"position\":2,\"name\":\"Il Pab di Paolo Bampo cede il posto a Indipendenza Veneta. Venerd\u00ec sera l&#8217;incontro in Birreria Pedavena e sabato pomeriggio a Venezia\"}]},{\"@type\":\"WebSite\",\"@id\":\"https:\\\/\\\/www.bellunopress.it\\\/#website\",\"url\":\"https:\\\/\\\/www.bellunopress.it\\\/\",\"name\":\"Bellunopress - Dolomiti\",\"description\":\"e-mail: redazione@bellunopress.it\",\"publisher\":{\"@id\":\"https:\\\/\\\/www.bellunopress.it\\\/#organization\"},\"potentialAction\":[{\"@type\":\"SearchAction\",\"target\":{\"@type\":\"EntryPoint\",\"urlTemplate\":\"https:\\\/\\\/www.bellunopress.it\\\/?s={search_term_string}\"},\"query-input\":{\"@type\":\"PropertyValueSpecification\",\"valueRequired\":true,\"valueName\":\"search_term_string\"}}],\"inLanguage\":\"fr-FR\"},{\"@type\":\"Organization\",\"@id\":\"https:\\\/\\\/www.bellunopress.it\\\/#organization\",\"name\":\"Bellunopress\",\"url\":\"https:\\\/\\\/www.bellunopress.it\\\/\",\"logo\":{\"@type\":\"ImageObject\",\"inLanguage\":\"fr-FR\",\"@id\":\"https:\\\/\\\/www.bellunopress.it\\\/#\\\/schema\\\/logo\\\/image\\\/\",\"url\":\"https:\\\/\\\/www.bellunopress.it\\\/wp-content\\\/uploads\\\/2011\\\/05\\\/cropped-logo-bellunopress-.jpg\",\"contentUrl\":\"https:\\\/\\\/www.bellunopress.it\\\/wp-content\\\/uploads\\\/2011\\\/05\\\/cropped-logo-bellunopress-.jpg\",\"width\":512,\"height\":512,\"caption\":\"Bellunopress\"},\"image\":{\"@id\":\"https:\\\/\\\/www.bellunopress.it\\\/#\\\/schema\\\/logo\\\/image\\\/\"},\"sameAs\":[\"https:\\\/\\\/www.facebook.com\\\/profile.php?id=100008943462799\",\"https:\\\/\\\/x.com\\\/bellunopress\",\"https:\\\/\\\/www.linkedin.com\\\/hp\\\/?dnr=JBzUWaJfMUw8vbXJJ2tVW5-I3jZKvC4wsoxE&amp;amp;amp;amp;amp;amp;trk=nav_responsive_tab_home\",\"https:\\\/\\\/www.youtube.com\\\/channel\\\/UCxL0wu1uN0_3_7hGG0306cw\"]},{\"@type\":\"Person\",\"@id\":\"https:\\\/\\\/www.bellunopress.it\\\/#\\\/schema\\\/person\\\/79bb06722b37ece1c03d3e94beb30d73\",\"name\":\"redazione\",\"image\":{\"@type\":\"ImageObject\",\"inLanguage\":\"fr-FR\",\"@id\":\"https:\\\/\\\/secure.gravatar.com\\\/avatar\\\/37d968a2e67a6fd04c169c4bdef102d0bc5d31b2546345219e348575eb80e9a0?s=96&d=mm&r=g\",\"url\":\"https:\\\/\\\/secure.gravatar.com\\\/avatar\\\/37d968a2e67a6fd04c169c4bdef102d0bc5d31b2546345219e348575eb80e9a0?s=96&d=mm&r=g\",\"contentUrl\":\"https:\\\/\\\/secure.gravatar.com\\\/avatar\\\/37d968a2e67a6fd04c169c4bdef102d0bc5d31b2546345219e348575eb80e9a0?s=96&d=mm&r=g\",\"caption\":\"redazione\"},\"sameAs\":[\"http:\\\/\\\/www.bellunopress.it\",\"https:\\\/\\\/x.com\\\/bellunopress\"],\"url\":\"https:\\\/\\\/www.bellunopress.it\\\/fr\\\/author\\\/redazione\\\/\"}]}<\/script>\n<!-- \/ Yoast SEO plugin. -->","yoast_head_json":{"title":"Il Pab di Paolo Bampo cede il posto a Indipendenza Veneta. Venerd\u00ec sera l'incontro in Birreria Pedavena e sabato pomeriggio a Venezia - Bellunopress - Dolomiti","robots":{"index":"index","follow":"follow","max-snippet":"max-snippet:-1","max-image-preview":"max-image-preview:large","max-video-preview":"max-video-preview:-1"},"canonical":"https:\/\/www.bellunopress.it\/fr\/2013\/02\/13\/il-pab-di-paolo-bampo-cede-il-posto-a-indipendenza-veneta-venerdi-sera-lincontro-in-birreria-pedavena-e-sabato-pomeriggio-a-venezia\/","og_locale":"fr_FR","og_type":"article","og_title":"Il Pab di Paolo Bampo cede il posto a Indipendenza Veneta. Venerd\u00ec sera l'incontro in Birreria Pedavena e sabato pomeriggio a Venezia - Bellunopress - Dolomiti","og_description":"Tour elettorale a tappe forzate anche per i candidati del partito promotore del referendum indipendentista del Veneto \u201cIndipendenza Veneta\u201d che sbarcheranno in Birreria a Pedavena venerd\u00ec 15 febbraio alle ore 20.30. Relatori: Prof. Lodovico Pizzati (capolista e Segretario Indipendenza Veneta), Ing. Gianluca Busato (candidato e Portavoce IndipendenzaVeneneta), Dott. Maurizio Giomo (Candidato Vice Sindaco di Treviso). [&hellip;]","og_url":"https:\/\/www.bellunopress.it\/fr\/2013\/02\/13\/il-pab-di-paolo-bampo-cede-il-posto-a-indipendenza-veneta-venerdi-sera-lincontro-in-birreria-pedavena-e-sabato-pomeriggio-a-venezia\/","og_site_name":"Bellunopress - Dolomiti","article_publisher":"https:\/\/www.facebook.com\/profile.php?id=100008943462799","article_published_time":"2013-02-13T18:08:17+00:00","og_image":[{"url":"http:\/\/www.bellunopress.it\/wp-content\/uploads\/2013\/02\/indipendenza-veneta.jpg","type":"","width":"","height":""}],"author":"redazione","twitter_card":"summary_large_image","twitter_creator":"@bellunopress","twitter_site":"@bellunopress","twitter_misc":{"\u00c9crit par":"redazione","Dur\u00e9e de lecture estim\u00e9e":"2 minutes"},"schema":{"@context":"https:\/\/schema.org","@graph":[{"@type":"Article","@id":"https:\/\/www.bellunopress.it\/2013\/02\/13\/il-pab-di-paolo-bampo-cede-il-posto-a-indipendenza-veneta-venerdi-sera-lincontro-in-birreria-pedavena-e-sabato-pomeriggio-a-venezia\/#article","isPartOf":{"@id":"https:\/\/www.bellunopress.it\/2013\/02\/13\/il-pab-di-paolo-bampo-cede-il-posto-a-indipendenza-veneta-venerdi-sera-lincontro-in-birreria-pedavena-e-sabato-pomeriggio-a-venezia\/"},"author":{"name":"redazione","@id":"https:\/\/www.bellunopress.it\/#\/schema\/person\/79bb06722b37ece1c03d3e94beb30d73"},"headline":"Il Pab di Paolo Bampo cede il posto a Indipendenza Veneta. Venerd\u00ec sera l&#8217;incontro in Birreria Pedavena e sabato pomeriggio a Venezia","datePublished":"2013-02-13T18:08:17+00:00","mainEntityOfPage":{"@id":"https:\/\/www.bellunopress.it\/2013\/02\/13\/il-pab-di-paolo-bampo-cede-il-posto-a-indipendenza-veneta-venerdi-sera-lincontro-in-birreria-pedavena-e-sabato-pomeriggio-a-venezia\/"},"wordCount":327,"publisher":{"@id":"https:\/\/www.bellunopress.it\/#organization"},"image":{"@id":"https:\/\/www.bellunopress.it\/2013\/02\/13\/il-pab-di-paolo-bampo-cede-il-posto-a-indipendenza-veneta-venerdi-sera-lincontro-in-birreria-pedavena-e-sabato-pomeriggio-a-venezia\/#primaryimage"},"thumbnailUrl":"http:\/\/www.bellunopress.it\/wp-content\/uploads\/2013\/02\/indipendenza-veneta.jpg","articleSection":["Cronaca\/Politica","Prima Pagina"],"inLanguage":"fr-FR"},{"@type":"WebPage","@id":"https:\/\/www.bellunopress.it\/2013\/02\/13\/il-pab-di-paolo-bampo-cede-il-posto-a-indipendenza-veneta-venerdi-sera-lincontro-in-birreria-pedavena-e-sabato-pomeriggio-a-venezia\/","url":"https:\/\/www.bellunopress.it\/2013\/02\/13\/il-pab-di-paolo-bampo-cede-il-posto-a-indipendenza-veneta-venerdi-sera-lincontro-in-birreria-pedavena-e-sabato-pomeriggio-a-venezia\/","name":"Il Pab di Paolo Bampo cede il posto a Indipendenza Veneta. Venerd\u00ec sera l'incontro in Birreria Pedavena e sabato pomeriggio a Venezia - Bellunopress - Dolomiti","isPartOf":{"@id":"https:\/\/www.bellunopress.it\/#website"},"primaryImageOfPage":{"@id":"https:\/\/www.bellunopress.it\/2013\/02\/13\/il-pab-di-paolo-bampo-cede-il-posto-a-indipendenza-veneta-venerdi-sera-lincontro-in-birreria-pedavena-e-sabato-pomeriggio-a-venezia\/#primaryimage"},"image":{"@id":"https:\/\/www.bellunopress.it\/2013\/02\/13\/il-pab-di-paolo-bampo-cede-il-posto-a-indipendenza-veneta-venerdi-sera-lincontro-in-birreria-pedavena-e-sabato-pomeriggio-a-venezia\/#primaryimage"},"thumbnailUrl":"http:\/\/www.bellunopress.it\/wp-content\/uploads\/2013\/02\/indipendenza-veneta.jpg","datePublished":"2013-02-13T18:08:17+00:00","breadcrumb":{"@id":"https:\/\/www.bellunopress.it\/2013\/02\/13\/il-pab-di-paolo-bampo-cede-il-posto-a-indipendenza-veneta-venerdi-sera-lincontro-in-birreria-pedavena-e-sabato-pomeriggio-a-venezia\/#breadcrumb"},"inLanguage":"fr-FR","potentialAction":[{"@type":"ReadAction","target":["https:\/\/www.bellunopress.it\/2013\/02\/13\/il-pab-di-paolo-bampo-cede-il-posto-a-indipendenza-veneta-venerdi-sera-lincontro-in-birreria-pedavena-e-sabato-pomeriggio-a-venezia\/"]}]},{"@type":"ImageObject","inLanguage":"fr-FR","@id":"https:\/\/www.bellunopress.it\/2013\/02\/13\/il-pab-di-paolo-bampo-cede-il-posto-a-indipendenza-veneta-venerdi-sera-lincontro-in-birreria-pedavena-e-sabato-pomeriggio-a-venezia\/#primaryimage","url":"http:\/\/www.bellunopress.it\/wp-content\/uploads\/2013\/02\/indipendenza-veneta.jpg","contentUrl":"http:\/\/www.bellunopress.it\/wp-content\/uploads\/2013\/02\/indipendenza-veneta.jpg"},{"@type":"BreadcrumbList","@id":"https:\/\/www.bellunopress.it\/2013\/02\/13\/il-pab-di-paolo-bampo-cede-il-posto-a-indipendenza-veneta-venerdi-sera-lincontro-in-birreria-pedavena-e-sabato-pomeriggio-a-venezia\/#breadcrumb","itemListElement":[{"@type":"ListItem","position":1,"name":"Home","item":"https:\/\/www.bellunopress.it\/"},{"@type":"ListItem","position":2,"name":"Il Pab di Paolo Bampo cede il posto a Indipendenza Veneta. Venerd\u00ec sera l&#8217;incontro in Birreria Pedavena e sabato pomeriggio a Venezia"}]},{"@type":"WebSite","@id":"https:\/\/www.bellunopress.it\/#website","url":"https:\/\/www.bellunopress.it\/","name":"Bellunopress - Dolomiti","description":"e-mail: redazione@bellunopress.it","publisher":{"@id":"https:\/\/www.bellunopress.it\/#organization"},"potentialAction":[{"@type":"SearchAction","target":{"@type":"EntryPoint","urlTemplate":"https:\/\/www.bellunopress.it\/?s={search_term_string}"},"query-input":{"@type":"PropertyValueSpecification","valueRequired":true,"valueName":"search_term_string"}}],"inLanguage":"fr-FR"},{"@type":"Organization","@id":"https:\/\/www.bellunopress.it\/#organization","name":"Bellunopress","url":"https:\/\/www.bellunopress.it\/","logo":{"@type":"ImageObject","inLanguage":"fr-FR","@id":"https:\/\/www.bellunopress.it\/#\/schema\/logo\/image\/","url":"https:\/\/www.bellunopress.it\/wp-content\/uploads\/2011\/05\/cropped-logo-bellunopress-.jpg","contentUrl":"https:\/\/www.bellunopress.it\/wp-content\/uploads\/2011\/05\/cropped-logo-bellunopress-.jpg","width":512,"height":512,"caption":"Bellunopress"},"image":{"@id":"https:\/\/www.bellunopress.it\/#\/schema\/logo\/image\/"},"sameAs":["https:\/\/www.facebook.com\/profile.php?id=100008943462799","https:\/\/x.com\/bellunopress","https:\/\/www.linkedin.com\/hp\/?dnr=JBzUWaJfMUw8vbXJJ2tVW5-I3jZKvC4wsoxE&amp;amp;amp;amp;amp;amp;trk=nav_responsive_tab_home","https:\/\/www.youtube.com\/channel\/UCxL0wu1uN0_3_7hGG0306cw"]},{"@type":"Person","@id":"https:\/\/www.bellunopress.it\/#\/schema\/person\/79bb06722b37ece1c03d3e94beb30d73","name":"r\u00e9daction","image":{"@type":"ImageObject","inLanguage":"fr-FR","@id":"https:\/\/secure.gravatar.com\/avatar\/37d968a2e67a6fd04c169c4bdef102d0bc5d31b2546345219e348575eb80e9a0?s=96&d=mm&r=g","url":"https:\/\/secure.gravatar.com\/avatar\/37d968a2e67a6fd04c169c4bdef102d0bc5d31b2546345219e348575eb80e9a0?s=96&d=mm&r=g","contentUrl":"https:\/\/secure.gravatar.com\/avatar\/37d968a2e67a6fd04c169c4bdef102d0bc5d31b2546345219e348575eb80e9a0?s=96&d=mm&r=g","caption":"redazione"},"sameAs":["http:\/\/www.bellunopress.it","https:\/\/x.com\/bellunopress"],"url":"https:\/\/www.bellunopress.it\/fr\/author\/redazione\/"}]}},"_links":{"self":[{"href":"https:\/\/www.bellunopress.it\/fr\/wp-json\/wp\/v2\/posts\/46699","targetHints":{"allow":["GET"]}}],"collection":[{"href":"https:\/\/www.bellunopress.it\/fr\/wp-json\/wp\/v2\/posts"}],"about":[{"href":"https:\/\/www.bellunopress.it\/fr\/wp-json\/wp\/v2\/types\/post"}],"author":[{"embeddable":true,"href":"https:\/\/www.bellunopress.it\/fr\/wp-json\/wp\/v2\/users\/2"}],"replies":[{"embeddable":true,"href":"https:\/\/www.bellunopress.it\/fr\/wp-json\/wp\/v2\/comments?post=46699"}],"version-history":[{"count":1,"href":"https:\/\/www.bellunopress.it\/fr\/wp-json\/wp\/v2\/posts\/46699\/revisions"}],"predecessor-version":[{"id":46701,"href":"https:\/\/www.bellunopress.it\/fr\/wp-json\/wp\/v2\/posts\/46699\/revisions\/46701"}],"wp:attachment":[{"href":"https:\/\/www.bellunopress.it\/fr\/wp-json\/wp\/v2\/media?parent=46699"}],"wp:term":[{"taxonomy":"category","embeddable":true,"href":"https:\/\/www.bellunopress.it\/fr\/wp-json\/wp\/v2\/categories?post=46699"},{"taxonomy":"post_tag","embeddable":true,"href":"https:\/\/www.bellunopress.it\/fr\/wp-json\/wp\/v2\/tags?post=46699"}],"curies":[{"name":"wp","href":"https:\/\/api.w.org\/{rel}","templated":true}]}}