{"id":46692,"date":"2013-02-13T17:34:06","date_gmt":"2013-02-13T16:34:06","guid":{"rendered":"http:\/\/www.bellunopress.it\/?p=46692"},"modified":"2013-02-13T17:35:11","modified_gmt":"2013-02-13T16:35:11","slug":"oltre-il-cammino-racconti-video-e-foto-sullalta-via-europa-2-con-lucio-dorz-venerdi-ore-2030-al-museo-delle-zoche-a-san-gregorio-nelle-alpi","status":"publish","type":"post","link":"https:\/\/www.bellunopress.it\/fr\/2013\/02\/13\/oltre-il-cammino-racconti-video-e-foto-sullalta-via-europa-2-con-lucio-dorz-venerdi-ore-2030-al-museo-delle-zoche-a-san-gregorio-nelle-alpi\/","title":{"rendered":"Oltre il cammino. Racconti, video e foto sull\u2019Alta Via Europa 2 con Lucio Dorz. Venerd\u00ec ore 20,30, al Museo delle Zoche a San Gregorio nelle Alpi"},"content":{"rendered":"<p>Negli ultimi anni anche in Italia \u00e8 cresciuto esponenzialmente il fenomeno delle \u201cultra trail\u201d cio\u00e8 le corse di resistenza a piedi, soprattutto sui sentieri di montagna.<\/p>\n<p>Basti pensare che in Italia nel 2006 questo tipo di gare si contavano sulle dita di una mano, mentre lo scorso anno si sono svolte pi\u00f9 di 30 competizioni e di queste ben 7 hanno superato la distanza dei 100 km.<\/p>\n<p>Chi pratica questa disciplina sportiva non \u00e8 solo interessato alla prestazione agonistica, ma sempre pi\u00f9 sceglie di corre per ore sui sentieri di montagna, per vivere una esperienza di totale immersione fisica e spirituale nella natura.<\/p>\n<p><a href=\"http:\/\/www.bellunopress.it\/wp-content\/uploads\/2013\/02\/lucio-dorz.jpg\"><img loading=\"lazy\" decoding=\"async\" class=\"alignleft size-full wp-image-46693\" alt=\"lucio dorz\" src=\"http:\/\/www.bellunopress.it\/wp-content\/uploads\/2013\/02\/lucio-dorz.jpg\" width=\"142\" height=\"160\" \/><\/a>Venerd\u00ec 15 febbraio, alle ore 20.30, presso la nuova sede del Museo delle Zoche a San Gregorio nelle Alpi, Lucio Dorz (nella foto) , istruttore feltrino di nordic walking, racconter\u00e0 la sua esperienza di corridore estremo che lo ha visto percorre la scorsa estate, i 307 km dell\u2019Alta Via Europa 2, da Innsbruck fino a Feltre, in poco pi\u00f9 di 5 giorni (se si cammina normalmente sono necessari 22 giorni, 130 ore di cammino per oltre 20.000 metri di dislivello in salita).<\/p>\n<p>Alla serata sar\u00e0 presente anche Paola Pin, protagonista, oltre che di numerose maratone in montagna, anche della Camel Trail bir mabrouka, corsa di 202 km nel deserto nel Sahara.<\/p>\n<p>Evento a cura del Comune di San Gregorio nelle Alpi e della Pro Loco San Gregorio.<\/p>","protected":false},"excerpt":{"rendered":"<p>Negli ultimi anni anche in Italia \u00e8 cresciuto esponenzialmente il fenomeno delle \u201cultra trail\u201d cio\u00e8 le corse di resistenza a piedi, soprattutto sui sentieri di montagna. Basti pensare che in Italia nel 2006 questo tipo di gare si contavano sulle dita di una mano, mentre lo scorso anno si sono svolte pi\u00f9 di 30 competizioni [&hellip;]<\/p>\n","protected":false},"author":2,"featured_media":0,"comment_status":"closed","ping_status":"open","sticky":false,"template":"","format":"standard","meta":{"footnotes":""},"categories":[27,3,38,25],"tags":[],"class_list":["post-46692","post","type-post","status-publish","format-standard","category-appuntamenti","category-arte-cultura-spettacoli-scienza-archivi","category-natura-ambiente","category-pausa-caffe"],"yoast_head":"<!-- This site is optimized with the Yoast SEO plugin v28.4 - https:\/\/yoast.com\/product\/yoast-seo-wordpress\/ -->\n<title>Oltre il cammino. Racconti, video e foto sull\u2019Alta Via Europa 2 con Lucio Dorz. Venerd\u00ec ore 20,30, al Museo delle Zoche a San Gregorio nelle Alpi - Bellunopress - Dolomiti<\/title>\n<meta name=\"robots\" content=\"index, follow, max-snippet:-1, max-image-preview:large, max-video-preview:-1\" \/>\n<link rel=\"canonical\" href=\"https:\/\/www.bellunopress.it\/fr\/2013\/02\/13\/oltre-il-cammino-racconti-video-e-foto-sullalta-via-europa-2-con-lucio-dorz-venerdi-ore-2030-al-museo-delle-zoche-a-san-gregorio-nelle-alpi\/\" \/>\n<meta property=\"og:locale\" content=\"fr_FR\" \/>\n<meta property=\"og:type\" content=\"article\" \/>\n<meta property=\"og:title\" content=\"Oltre il cammino. Racconti, video e foto sull\u2019Alta Via Europa 2 con Lucio Dorz. Venerd\u00ec ore 20,30, al Museo delle Zoche a San Gregorio nelle Alpi - Bellunopress - Dolomiti\" \/>\n<meta property=\"og:description\" content=\"Negli ultimi anni anche in Italia \u00e8 cresciuto esponenzialmente il fenomeno delle \u201cultra trail\u201d cio\u00e8 le corse di resistenza a piedi, soprattutto sui sentieri di montagna. Basti pensare che in Italia nel 2006 questo tipo di gare si contavano sulle dita di una mano, mentre lo scorso anno si sono svolte pi\u00f9 di 30 competizioni [&hellip;]\" \/>\n<meta property=\"og:url\" content=\"https:\/\/www.bellunopress.it\/fr\/2013\/02\/13\/oltre-il-cammino-racconti-video-e-foto-sullalta-via-europa-2-con-lucio-dorz-venerdi-ore-2030-al-museo-delle-zoche-a-san-gregorio-nelle-alpi\/\" \/>\n<meta property=\"og:site_name\" content=\"Bellunopress - Dolomiti\" \/>\n<meta property=\"article:publisher\" content=\"https:\/\/www.facebook.com\/profile.php?id=100008943462799\" \/>\n<meta property=\"article:published_time\" content=\"2013-02-13T16:34:06+00:00\" \/>\n<meta property=\"article:modified_time\" content=\"2013-02-13T16:35:11+00:00\" \/>\n<meta property=\"og:image\" content=\"http:\/\/www.bellunopress.it\/wp-content\/uploads\/2013\/02\/lucio-dorz.jpg\" \/>\n<meta name=\"author\" content=\"redazione\" \/>\n<meta name=\"twitter:card\" content=\"summary_large_image\" \/>\n<meta name=\"twitter:creator\" content=\"@bellunopress\" \/>\n<meta name=\"twitter:site\" content=\"@bellunopress\" \/>\n<meta name=\"twitter:label1\" content=\"\u00c9crit par\" \/>\n\t<meta name=\"twitter:data1\" content=\"redazione\" \/>\n\t<meta name=\"twitter:label2\" content=\"Dur\u00e9e de lecture estim\u00e9e\" \/>\n\t<meta name=\"twitter:data2\" content=\"1 minute\" \/>\n<script type=\"application\/ld+json\" class=\"yoast-schema-graph\">{\"@context\":\"https:\\\/\\\/schema.org\",\"@graph\":[{\"@type\":\"Article\",\"@id\":\"https:\\\/\\\/www.bellunopress.it\\\/2013\\\/02\\\/13\\\/oltre-il-cammino-racconti-video-e-foto-sullalta-via-europa-2-con-lucio-dorz-venerdi-ore-2030-al-museo-delle-zoche-a-san-gregorio-nelle-alpi\\\/#article\",\"isPartOf\":{\"@id\":\"https:\\\/\\\/www.bellunopress.it\\\/2013\\\/02\\\/13\\\/oltre-il-cammino-racconti-video-e-foto-sullalta-via-europa-2-con-lucio-dorz-venerdi-ore-2030-al-museo-delle-zoche-a-san-gregorio-nelle-alpi\\\/\"},\"author\":{\"name\":\"redazione\",\"@id\":\"https:\\\/\\\/www.bellunopress.it\\\/#\\\/schema\\\/person\\\/79bb06722b37ece1c03d3e94beb30d73\"},\"headline\":\"Oltre il cammino. Racconti, video e foto sull\u2019Alta Via Europa 2 con Lucio Dorz. Venerd\u00ec ore 20,30, al Museo delle Zoche a San Gregorio nelle Alpi\",\"datePublished\":\"2013-02-13T16:34:06+00:00\",\"dateModified\":\"2013-02-13T16:35:11+00:00\",\"mainEntityOfPage\":{\"@id\":\"https:\\\/\\\/www.bellunopress.it\\\/2013\\\/02\\\/13\\\/oltre-il-cammino-racconti-video-e-foto-sullalta-via-europa-2-con-lucio-dorz-venerdi-ore-2030-al-museo-delle-zoche-a-san-gregorio-nelle-alpi\\\/\"},\"wordCount\":240,\"publisher\":{\"@id\":\"https:\\\/\\\/www.bellunopress.it\\\/#organization\"},\"image\":{\"@id\":\"https:\\\/\\\/www.bellunopress.it\\\/2013\\\/02\\\/13\\\/oltre-il-cammino-racconti-video-e-foto-sullalta-via-europa-2-con-lucio-dorz-venerdi-ore-2030-al-museo-delle-zoche-a-san-gregorio-nelle-alpi\\\/#primaryimage\"},\"thumbnailUrl\":\"http:\\\/\\\/www.bellunopress.it\\\/wp-content\\\/uploads\\\/2013\\\/02\\\/lucio-dorz.jpg\",\"articleSection\":[\"Appuntamenti, Eventi\",\"Arte, Cultura, Spettacoli, Scienza\",\"Meteo, natura, ambiente, animali\",\"Pausa Caff\u00e8\"],\"inLanguage\":\"fr-FR\"},{\"@type\":\"WebPage\",\"@id\":\"https:\\\/\\\/www.bellunopress.it\\\/2013\\\/02\\\/13\\\/oltre-il-cammino-racconti-video-e-foto-sullalta-via-europa-2-con-lucio-dorz-venerdi-ore-2030-al-museo-delle-zoche-a-san-gregorio-nelle-alpi\\\/\",\"url\":\"https:\\\/\\\/www.bellunopress.it\\\/2013\\\/02\\\/13\\\/oltre-il-cammino-racconti-video-e-foto-sullalta-via-europa-2-con-lucio-dorz-venerdi-ore-2030-al-museo-delle-zoche-a-san-gregorio-nelle-alpi\\\/\",\"name\":\"Oltre il cammino. Racconti, video e foto sull\u2019Alta Via Europa 2 con Lucio Dorz. Venerd\u00ec ore 20,30, al Museo delle Zoche a San Gregorio nelle Alpi - Bellunopress - Dolomiti\",\"isPartOf\":{\"@id\":\"https:\\\/\\\/www.bellunopress.it\\\/#website\"},\"primaryImageOfPage\":{\"@id\":\"https:\\\/\\\/www.bellunopress.it\\\/2013\\\/02\\\/13\\\/oltre-il-cammino-racconti-video-e-foto-sullalta-via-europa-2-con-lucio-dorz-venerdi-ore-2030-al-museo-delle-zoche-a-san-gregorio-nelle-alpi\\\/#primaryimage\"},\"image\":{\"@id\":\"https:\\\/\\\/www.bellunopress.it\\\/2013\\\/02\\\/13\\\/oltre-il-cammino-racconti-video-e-foto-sullalta-via-europa-2-con-lucio-dorz-venerdi-ore-2030-al-museo-delle-zoche-a-san-gregorio-nelle-alpi\\\/#primaryimage\"},\"thumbnailUrl\":\"http:\\\/\\\/www.bellunopress.it\\\/wp-content\\\/uploads\\\/2013\\\/02\\\/lucio-dorz.jpg\",\"datePublished\":\"2013-02-13T16:34:06+00:00\",\"dateModified\":\"2013-02-13T16:35:11+00:00\",\"breadcrumb\":{\"@id\":\"https:\\\/\\\/www.bellunopress.it\\\/2013\\\/02\\\/13\\\/oltre-il-cammino-racconti-video-e-foto-sullalta-via-europa-2-con-lucio-dorz-venerdi-ore-2030-al-museo-delle-zoche-a-san-gregorio-nelle-alpi\\\/#breadcrumb\"},\"inLanguage\":\"fr-FR\",\"potentialAction\":[{\"@type\":\"ReadAction\",\"target\":[\"https:\\\/\\\/www.bellunopress.it\\\/2013\\\/02\\\/13\\\/oltre-il-cammino-racconti-video-e-foto-sullalta-via-europa-2-con-lucio-dorz-venerdi-ore-2030-al-museo-delle-zoche-a-san-gregorio-nelle-alpi\\\/\"]}]},{\"@type\":\"ImageObject\",\"inLanguage\":\"fr-FR\",\"@id\":\"https:\\\/\\\/www.bellunopress.it\\\/2013\\\/02\\\/13\\\/oltre-il-cammino-racconti-video-e-foto-sullalta-via-europa-2-con-lucio-dorz-venerdi-ore-2030-al-museo-delle-zoche-a-san-gregorio-nelle-alpi\\\/#primaryimage\",\"url\":\"http:\\\/\\\/www.bellunopress.it\\\/wp-content\\\/uploads\\\/2013\\\/02\\\/lucio-dorz.jpg\",\"contentUrl\":\"http:\\\/\\\/www.bellunopress.it\\\/wp-content\\\/uploads\\\/2013\\\/02\\\/lucio-dorz.jpg\"},{\"@type\":\"BreadcrumbList\",\"@id\":\"https:\\\/\\\/www.bellunopress.it\\\/2013\\\/02\\\/13\\\/oltre-il-cammino-racconti-video-e-foto-sullalta-via-europa-2-con-lucio-dorz-venerdi-ore-2030-al-museo-delle-zoche-a-san-gregorio-nelle-alpi\\\/#breadcrumb\",\"itemListElement\":[{\"@type\":\"ListItem\",\"position\":1,\"name\":\"Home\",\"item\":\"https:\\\/\\\/www.bellunopress.it\\\/\"},{\"@type\":\"ListItem\",\"position\":2,\"name\":\"Oltre il cammino. Racconti, video e foto sull\u2019Alta Via Europa 2 con Lucio Dorz. Venerd\u00ec ore 20,30, al Museo delle Zoche a San Gregorio nelle Alpi\"}]},{\"@type\":\"WebSite\",\"@id\":\"https:\\\/\\\/www.bellunopress.it\\\/#website\",\"url\":\"https:\\\/\\\/www.bellunopress.it\\\/\",\"name\":\"Bellunopress - Dolomiti\",\"description\":\"e-mail: redazione@bellunopress.it\",\"publisher\":{\"@id\":\"https:\\\/\\\/www.bellunopress.it\\\/#organization\"},\"potentialAction\":[{\"@type\":\"SearchAction\",\"target\":{\"@type\":\"EntryPoint\",\"urlTemplate\":\"https:\\\/\\\/www.bellunopress.it\\\/?s={search_term_string}\"},\"query-input\":{\"@type\":\"PropertyValueSpecification\",\"valueRequired\":true,\"valueName\":\"search_term_string\"}}],\"inLanguage\":\"fr-FR\"},{\"@type\":\"Organization\",\"@id\":\"https:\\\/\\\/www.bellunopress.it\\\/#organization\",\"name\":\"Bellunopress\",\"url\":\"https:\\\/\\\/www.bellunopress.it\\\/\",\"logo\":{\"@type\":\"ImageObject\",\"inLanguage\":\"fr-FR\",\"@id\":\"https:\\\/\\\/www.bellunopress.it\\\/#\\\/schema\\\/logo\\\/image\\\/\",\"url\":\"https:\\\/\\\/www.bellunopress.it\\\/wp-content\\\/uploads\\\/2011\\\/05\\\/cropped-logo-bellunopress-.jpg\",\"contentUrl\":\"https:\\\/\\\/www.bellunopress.it\\\/wp-content\\\/uploads\\\/2011\\\/05\\\/cropped-logo-bellunopress-.jpg\",\"width\":512,\"height\":512,\"caption\":\"Bellunopress\"},\"image\":{\"@id\":\"https:\\\/\\\/www.bellunopress.it\\\/#\\\/schema\\\/logo\\\/image\\\/\"},\"sameAs\":[\"https:\\\/\\\/www.facebook.com\\\/profile.php?id=100008943462799\",\"https:\\\/\\\/x.com\\\/bellunopress\",\"https:\\\/\\\/www.linkedin.com\\\/hp\\\/?dnr=JBzUWaJfMUw8vbXJJ2tVW5-I3jZKvC4wsoxE&amp;amp;amp;amp;amp;amp;trk=nav_responsive_tab_home\",\"https:\\\/\\\/www.youtube.com\\\/channel\\\/UCxL0wu1uN0_3_7hGG0306cw\"]},{\"@type\":\"Person\",\"@id\":\"https:\\\/\\\/www.bellunopress.it\\\/#\\\/schema\\\/person\\\/79bb06722b37ece1c03d3e94beb30d73\",\"name\":\"redazione\",\"image\":{\"@type\":\"ImageObject\",\"inLanguage\":\"fr-FR\",\"@id\":\"https:\\\/\\\/secure.gravatar.com\\\/avatar\\\/37d968a2e67a6fd04c169c4bdef102d0bc5d31b2546345219e348575eb80e9a0?s=96&d=mm&r=g\",\"url\":\"https:\\\/\\\/secure.gravatar.com\\\/avatar\\\/37d968a2e67a6fd04c169c4bdef102d0bc5d31b2546345219e348575eb80e9a0?s=96&d=mm&r=g\",\"contentUrl\":\"https:\\\/\\\/secure.gravatar.com\\\/avatar\\\/37d968a2e67a6fd04c169c4bdef102d0bc5d31b2546345219e348575eb80e9a0?s=96&d=mm&r=g\",\"caption\":\"redazione\"},\"sameAs\":[\"http:\\\/\\\/www.bellunopress.it\",\"https:\\\/\\\/x.com\\\/bellunopress\"],\"url\":\"https:\\\/\\\/www.bellunopress.it\\\/fr\\\/author\\\/redazione\\\/\"}]}<\/script>\n<!-- \/ Yoast SEO plugin. -->","yoast_head_json":{"title":"Oltre il cammino. Racconti, video e foto sull\u2019Alta Via Europa 2 con Lucio Dorz. Venerd\u00ec ore 20,30, al Museo delle Zoche a San Gregorio nelle Alpi - Bellunopress - Dolomiti","robots":{"index":"index","follow":"follow","max-snippet":"max-snippet:-1","max-image-preview":"max-image-preview:large","max-video-preview":"max-video-preview:-1"},"canonical":"https:\/\/www.bellunopress.it\/fr\/2013\/02\/13\/oltre-il-cammino-racconti-video-e-foto-sullalta-via-europa-2-con-lucio-dorz-venerdi-ore-2030-al-museo-delle-zoche-a-san-gregorio-nelle-alpi\/","og_locale":"fr_FR","og_type":"article","og_title":"Oltre il cammino. Racconti, video e foto sull\u2019Alta Via Europa 2 con Lucio Dorz. Venerd\u00ec ore 20,30, al Museo delle Zoche a San Gregorio nelle Alpi - Bellunopress - Dolomiti","og_description":"Negli ultimi anni anche in Italia \u00e8 cresciuto esponenzialmente il fenomeno delle \u201cultra trail\u201d cio\u00e8 le corse di resistenza a piedi, soprattutto sui sentieri di montagna. Basti pensare che in Italia nel 2006 questo tipo di gare si contavano sulle dita di una mano, mentre lo scorso anno si sono svolte pi\u00f9 di 30 competizioni [&hellip;]","og_url":"https:\/\/www.bellunopress.it\/fr\/2013\/02\/13\/oltre-il-cammino-racconti-video-e-foto-sullalta-via-europa-2-con-lucio-dorz-venerdi-ore-2030-al-museo-delle-zoche-a-san-gregorio-nelle-alpi\/","og_site_name":"Bellunopress - Dolomiti","article_publisher":"https:\/\/www.facebook.com\/profile.php?id=100008943462799","article_published_time":"2013-02-13T16:34:06+00:00","article_modified_time":"2013-02-13T16:35:11+00:00","og_image":[{"url":"http:\/\/www.bellunopress.it\/wp-content\/uploads\/2013\/02\/lucio-dorz.jpg","type":"","width":"","height":""}],"author":"redazione","twitter_card":"summary_large_image","twitter_creator":"@bellunopress","twitter_site":"@bellunopress","twitter_misc":{"\u00c9crit par":"redazione","Dur\u00e9e de lecture estim\u00e9e":"1 minute"},"schema":{"@context":"https:\/\/schema.org","@graph":[{"@type":"Article","@id":"https:\/\/www.bellunopress.it\/2013\/02\/13\/oltre-il-cammino-racconti-video-e-foto-sullalta-via-europa-2-con-lucio-dorz-venerdi-ore-2030-al-museo-delle-zoche-a-san-gregorio-nelle-alpi\/#article","isPartOf":{"@id":"https:\/\/www.bellunopress.it\/2013\/02\/13\/oltre-il-cammino-racconti-video-e-foto-sullalta-via-europa-2-con-lucio-dorz-venerdi-ore-2030-al-museo-delle-zoche-a-san-gregorio-nelle-alpi\/"},"author":{"name":"redazione","@id":"https:\/\/www.bellunopress.it\/#\/schema\/person\/79bb06722b37ece1c03d3e94beb30d73"},"headline":"Oltre il cammino. Racconti, video e foto sull\u2019Alta Via Europa 2 con Lucio Dorz. Venerd\u00ec ore 20,30, al Museo delle Zoche a San Gregorio nelle Alpi","datePublished":"2013-02-13T16:34:06+00:00","dateModified":"2013-02-13T16:35:11+00:00","mainEntityOfPage":{"@id":"https:\/\/www.bellunopress.it\/2013\/02\/13\/oltre-il-cammino-racconti-video-e-foto-sullalta-via-europa-2-con-lucio-dorz-venerdi-ore-2030-al-museo-delle-zoche-a-san-gregorio-nelle-alpi\/"},"wordCount":240,"publisher":{"@id":"https:\/\/www.bellunopress.it\/#organization"},"image":{"@id":"https:\/\/www.bellunopress.it\/2013\/02\/13\/oltre-il-cammino-racconti-video-e-foto-sullalta-via-europa-2-con-lucio-dorz-venerdi-ore-2030-al-museo-delle-zoche-a-san-gregorio-nelle-alpi\/#primaryimage"},"thumbnailUrl":"http:\/\/www.bellunopress.it\/wp-content\/uploads\/2013\/02\/lucio-dorz.jpg","articleSection":["Appuntamenti, Eventi","Arte, Cultura, Spettacoli, Scienza","Meteo, natura, ambiente, animali","Pausa Caff\u00e8"],"inLanguage":"fr-FR"},{"@type":"WebPage","@id":"https:\/\/www.bellunopress.it\/2013\/02\/13\/oltre-il-cammino-racconti-video-e-foto-sullalta-via-europa-2-con-lucio-dorz-venerdi-ore-2030-al-museo-delle-zoche-a-san-gregorio-nelle-alpi\/","url":"https:\/\/www.bellunopress.it\/2013\/02\/13\/oltre-il-cammino-racconti-video-e-foto-sullalta-via-europa-2-con-lucio-dorz-venerdi-ore-2030-al-museo-delle-zoche-a-san-gregorio-nelle-alpi\/","name":"Oltre il cammino. Racconti, video e foto sull\u2019Alta Via Europa 2 con Lucio Dorz. Venerd\u00ec ore 20,30, al Museo delle Zoche a San Gregorio nelle Alpi - Bellunopress - Dolomiti","isPartOf":{"@id":"https:\/\/www.bellunopress.it\/#website"},"primaryImageOfPage":{"@id":"https:\/\/www.bellunopress.it\/2013\/02\/13\/oltre-il-cammino-racconti-video-e-foto-sullalta-via-europa-2-con-lucio-dorz-venerdi-ore-2030-al-museo-delle-zoche-a-san-gregorio-nelle-alpi\/#primaryimage"},"image":{"@id":"https:\/\/www.bellunopress.it\/2013\/02\/13\/oltre-il-cammino-racconti-video-e-foto-sullalta-via-europa-2-con-lucio-dorz-venerdi-ore-2030-al-museo-delle-zoche-a-san-gregorio-nelle-alpi\/#primaryimage"},"thumbnailUrl":"http:\/\/www.bellunopress.it\/wp-content\/uploads\/2013\/02\/lucio-dorz.jpg","datePublished":"2013-02-13T16:34:06+00:00","dateModified":"2013-02-13T16:35:11+00:00","breadcrumb":{"@id":"https:\/\/www.bellunopress.it\/2013\/02\/13\/oltre-il-cammino-racconti-video-e-foto-sullalta-via-europa-2-con-lucio-dorz-venerdi-ore-2030-al-museo-delle-zoche-a-san-gregorio-nelle-alpi\/#breadcrumb"},"inLanguage":"fr-FR","potentialAction":[{"@type":"ReadAction","target":["https:\/\/www.bellunopress.it\/2013\/02\/13\/oltre-il-cammino-racconti-video-e-foto-sullalta-via-europa-2-con-lucio-dorz-venerdi-ore-2030-al-museo-delle-zoche-a-san-gregorio-nelle-alpi\/"]}]},{"@type":"ImageObject","inLanguage":"fr-FR","@id":"https:\/\/www.bellunopress.it\/2013\/02\/13\/oltre-il-cammino-racconti-video-e-foto-sullalta-via-europa-2-con-lucio-dorz-venerdi-ore-2030-al-museo-delle-zoche-a-san-gregorio-nelle-alpi\/#primaryimage","url":"http:\/\/www.bellunopress.it\/wp-content\/uploads\/2013\/02\/lucio-dorz.jpg","contentUrl":"http:\/\/www.bellunopress.it\/wp-content\/uploads\/2013\/02\/lucio-dorz.jpg"},{"@type":"BreadcrumbList","@id":"https:\/\/www.bellunopress.it\/2013\/02\/13\/oltre-il-cammino-racconti-video-e-foto-sullalta-via-europa-2-con-lucio-dorz-venerdi-ore-2030-al-museo-delle-zoche-a-san-gregorio-nelle-alpi\/#breadcrumb","itemListElement":[{"@type":"ListItem","position":1,"name":"Home","item":"https:\/\/www.bellunopress.it\/"},{"@type":"ListItem","position":2,"name":"Oltre il cammino. Racconti, video e foto sull\u2019Alta Via Europa 2 con Lucio Dorz. Venerd\u00ec ore 20,30, al Museo delle Zoche a San Gregorio nelle Alpi"}]},{"@type":"WebSite","@id":"https:\/\/www.bellunopress.it\/#website","url":"https:\/\/www.bellunopress.it\/","name":"Bellunopress - Dolomiti","description":"e-mail: redazione@bellunopress.it","publisher":{"@id":"https:\/\/www.bellunopress.it\/#organization"},"potentialAction":[{"@type":"SearchAction","target":{"@type":"EntryPoint","urlTemplate":"https:\/\/www.bellunopress.it\/?s={search_term_string}"},"query-input":{"@type":"PropertyValueSpecification","valueRequired":true,"valueName":"search_term_string"}}],"inLanguage":"fr-FR"},{"@type":"Organization","@id":"https:\/\/www.bellunopress.it\/#organization","name":"Bellunopress","url":"https:\/\/www.bellunopress.it\/","logo":{"@type":"ImageObject","inLanguage":"fr-FR","@id":"https:\/\/www.bellunopress.it\/#\/schema\/logo\/image\/","url":"https:\/\/www.bellunopress.it\/wp-content\/uploads\/2011\/05\/cropped-logo-bellunopress-.jpg","contentUrl":"https:\/\/www.bellunopress.it\/wp-content\/uploads\/2011\/05\/cropped-logo-bellunopress-.jpg","width":512,"height":512,"caption":"Bellunopress"},"image":{"@id":"https:\/\/www.bellunopress.it\/#\/schema\/logo\/image\/"},"sameAs":["https:\/\/www.facebook.com\/profile.php?id=100008943462799","https:\/\/x.com\/bellunopress","https:\/\/www.linkedin.com\/hp\/?dnr=JBzUWaJfMUw8vbXJJ2tVW5-I3jZKvC4wsoxE&amp;amp;amp;amp;amp;amp;trk=nav_responsive_tab_home","https:\/\/www.youtube.com\/channel\/UCxL0wu1uN0_3_7hGG0306cw"]},{"@type":"Person","@id":"https:\/\/www.bellunopress.it\/#\/schema\/person\/79bb06722b37ece1c03d3e94beb30d73","name":"r\u00e9daction","image":{"@type":"ImageObject","inLanguage":"fr-FR","@id":"https:\/\/secure.gravatar.com\/avatar\/37d968a2e67a6fd04c169c4bdef102d0bc5d31b2546345219e348575eb80e9a0?s=96&d=mm&r=g","url":"https:\/\/secure.gravatar.com\/avatar\/37d968a2e67a6fd04c169c4bdef102d0bc5d31b2546345219e348575eb80e9a0?s=96&d=mm&r=g","contentUrl":"https:\/\/secure.gravatar.com\/avatar\/37d968a2e67a6fd04c169c4bdef102d0bc5d31b2546345219e348575eb80e9a0?s=96&d=mm&r=g","caption":"redazione"},"sameAs":["http:\/\/www.bellunopress.it","https:\/\/x.com\/bellunopress"],"url":"https:\/\/www.bellunopress.it\/fr\/author\/redazione\/"}]}},"_links":{"self":[{"href":"https:\/\/www.bellunopress.it\/fr\/wp-json\/wp\/v2\/posts\/46692","targetHints":{"allow":["GET"]}}],"collection":[{"href":"https:\/\/www.bellunopress.it\/fr\/wp-json\/wp\/v2\/posts"}],"about":[{"href":"https:\/\/www.bellunopress.it\/fr\/wp-json\/wp\/v2\/types\/post"}],"author":[{"embeddable":true,"href":"https:\/\/www.bellunopress.it\/fr\/wp-json\/wp\/v2\/users\/2"}],"replies":[{"embeddable":true,"href":"https:\/\/www.bellunopress.it\/fr\/wp-json\/wp\/v2\/comments?post=46692"}],"version-history":[{"count":2,"href":"https:\/\/www.bellunopress.it\/fr\/wp-json\/wp\/v2\/posts\/46692\/revisions"}],"predecessor-version":[{"id":46695,"href":"https:\/\/www.bellunopress.it\/fr\/wp-json\/wp\/v2\/posts\/46692\/revisions\/46695"}],"wp:attachment":[{"href":"https:\/\/www.bellunopress.it\/fr\/wp-json\/wp\/v2\/media?parent=46692"}],"wp:term":[{"taxonomy":"category","embeddable":true,"href":"https:\/\/www.bellunopress.it\/fr\/wp-json\/wp\/v2\/categories?post=46692"},{"taxonomy":"post_tag","embeddable":true,"href":"https:\/\/www.bellunopress.it\/fr\/wp-json\/wp\/v2\/tags?post=46692"}],"curies":[{"name":"wp","href":"https:\/\/api.w.org\/{rel}","templated":true}]}}