{"id":46672,"date":"2013-02-13T07:59:20","date_gmt":"2013-02-13T06:59:20","guid":{"rendered":"http:\/\/www.bellunopress.it\/?p=46672"},"modified":"2013-02-13T07:59:20","modified_gmt":"2013-02-13T06:59:20","slug":"sabato-ad-agordo-serata-con-i-gruppi-dialettali-sullemigrazione-bellunese","status":"publish","type":"post","link":"https:\/\/www.bellunopress.it\/fr\/2013\/02\/13\/sabato-ad-agordo-serata-con-i-gruppi-dialettali-sullemigrazione-bellunese\/","title":{"rendered":"Sabato ad Agordo serata con i gruppi dialettali sull&#8217;emigrazione bellunese"},"content":{"rendered":"<p>Sabato 16 Febbraio presso l\u2019Auditorium del Centro Parrocchiale Monsignor Savio alle ore 20.30 ad Agordo, si terr\u00e0 una\u00a0serata di canti dialettali, musica, racconti e immagini dedicati all\u2019emigrazione bellunese. Con\u00a0 \u201cI Cantalaora\u201d, gruppo feltrino costituitosi nel 2004 sulle ceneri di una precedente formazione musicale operante con lo stesso nome alla fine degli anni settanta, che presenteranno \u201cMigranti\u201d, loro \u201ccavallo di battaglia\u201d con oltre 160 repliche in tutto il Triveneto, ma anche all\u2019estero (Lussemburgo, Zurigo, Francia).<\/p>\n<p>Esperti del tema dell\u2019emigrazione a cui hanno dedicato anche altri spettacoli, \u201cPartire partir\u00f2\u201d, \u201cAl di l\u00e0 del Fosso Grando\u201d, con \u201cMigranti\u201d, spettacolo ricco e completo, la compagnia affronta tutti i principali aspetti migratori, tra cui alcuni come quello dei minatori e dei careghete , fortemente legati alla storia e alla tradizione agordina.<\/p>\n<p>Lo spettacolo prevede l\u2019esecuzione di canti e musiche tipiche del repertorio dei nostri emigranti alternato a brevi racconti letti e recitati, accompagnati dalla videoproiezione di immagini storiche tratte dalla mostra \u201cCon la Valigia in mano\u201d.<\/p>\n<p>Sette musicisti e cantanti, un suonatore ambulante di organetto a manovella, saranno presenti sul palco per allietare la serata. per i testi rivisti ed adattati di Daniele Gazzi e la voce recitante di Francesco Padovani.<\/p>\n<p>Una serata che si preannuncia ricca di interesse, di emozioni e di storia presso l\u2019Auditorium del Centro Parrocchiale Monsignor Savio, Sabato 16 Febbraio ad Agordo alle ore 20.30.<\/p>\n<p>Data l\u2019esiguit\u00e0 del numero dei posti a sedere, il Movimento Agordo Domani \u201cCultura e Societ\u00e0\u201d che organizza la serata,\u00a0raccomanda\u00a0un congruo anticipo.<\/p>","protected":false},"excerpt":{"rendered":"<p>Sabato 16 Febbraio presso l\u2019Auditorium del Centro Parrocchiale Monsignor Savio alle ore 20.30 ad Agordo, si terr\u00e0 una\u00a0serata di canti dialettali, musica, racconti e immagini dedicati all\u2019emigrazione bellunese. Con\u00a0 \u201cI Cantalaora\u201d, gruppo feltrino costituitosi nel 2004 sulle ceneri di una precedente formazione musicale operante con lo stesso nome alla fine degli anni settanta, che presenteranno [&hellip;]<\/p>\n","protected":false},"author":2,"featured_media":0,"comment_status":"closed","ping_status":"open","sticky":false,"template":"","format":"standard","meta":{"footnotes":""},"categories":[27,3,25],"tags":[],"class_list":["post-46672","post","type-post","status-publish","format-standard","category-appuntamenti","category-arte-cultura-spettacoli-scienza-archivi","category-pausa-caffe"],"yoast_head":"<!-- This site is optimized with the Yoast SEO plugin v28.4 - https:\/\/yoast.com\/product\/yoast-seo-wordpress\/ -->\n<title>Sabato ad Agordo serata con i gruppi dialettali sull&#039;emigrazione bellunese - Bellunopress - Dolomiti<\/title>\n<meta name=\"robots\" content=\"index, follow, max-snippet:-1, max-image-preview:large, max-video-preview:-1\" \/>\n<link rel=\"canonical\" href=\"https:\/\/www.bellunopress.it\/fr\/2013\/02\/13\/sabato-ad-agordo-serata-con-i-gruppi-dialettali-sullemigrazione-bellunese\/\" \/>\n<meta property=\"og:locale\" content=\"fr_FR\" \/>\n<meta property=\"og:type\" content=\"article\" \/>\n<meta property=\"og:title\" content=\"Sabato ad Agordo serata con i gruppi dialettali sull&#039;emigrazione bellunese - Bellunopress - Dolomiti\" \/>\n<meta property=\"og:description\" content=\"Sabato 16 Febbraio presso l\u2019Auditorium del Centro Parrocchiale Monsignor Savio alle ore 20.30 ad Agordo, si terr\u00e0 una\u00a0serata di canti dialettali, musica, racconti e immagini dedicati all\u2019emigrazione bellunese. Con\u00a0 \u201cI Cantalaora\u201d, gruppo feltrino costituitosi nel 2004 sulle ceneri di una precedente formazione musicale operante con lo stesso nome alla fine degli anni settanta, che presenteranno [&hellip;]\" \/>\n<meta property=\"og:url\" content=\"https:\/\/www.bellunopress.it\/fr\/2013\/02\/13\/sabato-ad-agordo-serata-con-i-gruppi-dialettali-sullemigrazione-bellunese\/\" \/>\n<meta property=\"og:site_name\" content=\"Bellunopress - Dolomiti\" \/>\n<meta property=\"article:publisher\" content=\"https:\/\/www.facebook.com\/profile.php?id=100008943462799\" \/>\n<meta property=\"article:published_time\" content=\"2013-02-13T06:59:20+00:00\" \/>\n<meta property=\"og:image\" content=\"http:\/\/www.bellunopress.it\/wp-content\/uploads\/2012\/07\/logo-bellunopress-250x250-2012.jpg\" \/>\n<meta name=\"author\" content=\"redazione\" \/>\n<meta name=\"twitter:card\" content=\"summary_large_image\" \/>\n<meta name=\"twitter:creator\" content=\"@bellunopress\" \/>\n<meta name=\"twitter:site\" content=\"@bellunopress\" \/>\n<meta name=\"twitter:label1\" content=\"\u00c9crit par\" \/>\n\t<meta name=\"twitter:data1\" content=\"redazione\" \/>\n\t<meta name=\"twitter:label2\" content=\"Dur\u00e9e de lecture estim\u00e9e\" \/>\n\t<meta name=\"twitter:data2\" content=\"1 minute\" \/>\n<script type=\"application\/ld+json\" class=\"yoast-schema-graph\">{\"@context\":\"https:\\\/\\\/schema.org\",\"@graph\":[{\"@type\":\"Article\",\"@id\":\"https:\\\/\\\/www.bellunopress.it\\\/2013\\\/02\\\/13\\\/sabato-ad-agordo-serata-con-i-gruppi-dialettali-sullemigrazione-bellunese\\\/#article\",\"isPartOf\":{\"@id\":\"https:\\\/\\\/www.bellunopress.it\\\/2013\\\/02\\\/13\\\/sabato-ad-agordo-serata-con-i-gruppi-dialettali-sullemigrazione-bellunese\\\/\"},\"author\":{\"name\":\"redazione\",\"@id\":\"https:\\\/\\\/www.bellunopress.it\\\/#\\\/schema\\\/person\\\/79bb06722b37ece1c03d3e94beb30d73\"},\"headline\":\"Sabato ad Agordo serata con i gruppi dialettali sull&#8217;emigrazione bellunese\",\"datePublished\":\"2013-02-13T06:59:20+00:00\",\"mainEntityOfPage\":{\"@id\":\"https:\\\/\\\/www.bellunopress.it\\\/2013\\\/02\\\/13\\\/sabato-ad-agordo-serata-con-i-gruppi-dialettali-sullemigrazione-bellunese\\\/\"},\"wordCount\":259,\"publisher\":{\"@id\":\"https:\\\/\\\/www.bellunopress.it\\\/#organization\"},\"articleSection\":[\"Appuntamenti, Eventi\",\"Arte, Cultura, Spettacoli, Scienza\",\"Pausa Caff\u00e8\"],\"inLanguage\":\"fr-FR\"},{\"@type\":\"WebPage\",\"@id\":\"https:\\\/\\\/www.bellunopress.it\\\/2013\\\/02\\\/13\\\/sabato-ad-agordo-serata-con-i-gruppi-dialettali-sullemigrazione-bellunese\\\/\",\"url\":\"https:\\\/\\\/www.bellunopress.it\\\/2013\\\/02\\\/13\\\/sabato-ad-agordo-serata-con-i-gruppi-dialettali-sullemigrazione-bellunese\\\/\",\"name\":\"Sabato ad Agordo serata con i gruppi dialettali sull'emigrazione bellunese - Bellunopress - Dolomiti\",\"isPartOf\":{\"@id\":\"https:\\\/\\\/www.bellunopress.it\\\/#website\"},\"datePublished\":\"2013-02-13T06:59:20+00:00\",\"breadcrumb\":{\"@id\":\"https:\\\/\\\/www.bellunopress.it\\\/2013\\\/02\\\/13\\\/sabato-ad-agordo-serata-con-i-gruppi-dialettali-sullemigrazione-bellunese\\\/#breadcrumb\"},\"inLanguage\":\"fr-FR\",\"potentialAction\":[{\"@type\":\"ReadAction\",\"target\":[\"https:\\\/\\\/www.bellunopress.it\\\/2013\\\/02\\\/13\\\/sabato-ad-agordo-serata-con-i-gruppi-dialettali-sullemigrazione-bellunese\\\/\"]}]},{\"@type\":\"BreadcrumbList\",\"@id\":\"https:\\\/\\\/www.bellunopress.it\\\/2013\\\/02\\\/13\\\/sabato-ad-agordo-serata-con-i-gruppi-dialettali-sullemigrazione-bellunese\\\/#breadcrumb\",\"itemListElement\":[{\"@type\":\"ListItem\",\"position\":1,\"name\":\"Home\",\"item\":\"https:\\\/\\\/www.bellunopress.it\\\/\"},{\"@type\":\"ListItem\",\"position\":2,\"name\":\"Sabato ad Agordo serata con i gruppi dialettali sull&#8217;emigrazione bellunese\"}]},{\"@type\":\"WebSite\",\"@id\":\"https:\\\/\\\/www.bellunopress.it\\\/#website\",\"url\":\"https:\\\/\\\/www.bellunopress.it\\\/\",\"name\":\"Bellunopress - Dolomiti\",\"description\":\"e-mail: redazione@bellunopress.it\",\"publisher\":{\"@id\":\"https:\\\/\\\/www.bellunopress.it\\\/#organization\"},\"potentialAction\":[{\"@type\":\"SearchAction\",\"target\":{\"@type\":\"EntryPoint\",\"urlTemplate\":\"https:\\\/\\\/www.bellunopress.it\\\/?s={search_term_string}\"},\"query-input\":{\"@type\":\"PropertyValueSpecification\",\"valueRequired\":true,\"valueName\":\"search_term_string\"}}],\"inLanguage\":\"fr-FR\"},{\"@type\":\"Organization\",\"@id\":\"https:\\\/\\\/www.bellunopress.it\\\/#organization\",\"name\":\"Bellunopress\",\"url\":\"https:\\\/\\\/www.bellunopress.it\\\/\",\"logo\":{\"@type\":\"ImageObject\",\"inLanguage\":\"fr-FR\",\"@id\":\"https:\\\/\\\/www.bellunopress.it\\\/#\\\/schema\\\/logo\\\/image\\\/\",\"url\":\"https:\\\/\\\/www.bellunopress.it\\\/wp-content\\\/uploads\\\/2011\\\/05\\\/cropped-logo-bellunopress-.jpg\",\"contentUrl\":\"https:\\\/\\\/www.bellunopress.it\\\/wp-content\\\/uploads\\\/2011\\\/05\\\/cropped-logo-bellunopress-.jpg\",\"width\":512,\"height\":512,\"caption\":\"Bellunopress\"},\"image\":{\"@id\":\"https:\\\/\\\/www.bellunopress.it\\\/#\\\/schema\\\/logo\\\/image\\\/\"},\"sameAs\":[\"https:\\\/\\\/www.facebook.com\\\/profile.php?id=100008943462799\",\"https:\\\/\\\/x.com\\\/bellunopress\",\"https:\\\/\\\/www.linkedin.com\\\/hp\\\/?dnr=JBzUWaJfMUw8vbXJJ2tVW5-I3jZKvC4wsoxE&amp;amp;amp;amp;amp;amp;trk=nav_responsive_tab_home\",\"https:\\\/\\\/www.youtube.com\\\/channel\\\/UCxL0wu1uN0_3_7hGG0306cw\"]},{\"@type\":\"Person\",\"@id\":\"https:\\\/\\\/www.bellunopress.it\\\/#\\\/schema\\\/person\\\/79bb06722b37ece1c03d3e94beb30d73\",\"name\":\"redazione\",\"image\":{\"@type\":\"ImageObject\",\"inLanguage\":\"fr-FR\",\"@id\":\"https:\\\/\\\/secure.gravatar.com\\\/avatar\\\/37d968a2e67a6fd04c169c4bdef102d0bc5d31b2546345219e348575eb80e9a0?s=96&d=mm&r=g\",\"url\":\"https:\\\/\\\/secure.gravatar.com\\\/avatar\\\/37d968a2e67a6fd04c169c4bdef102d0bc5d31b2546345219e348575eb80e9a0?s=96&d=mm&r=g\",\"contentUrl\":\"https:\\\/\\\/secure.gravatar.com\\\/avatar\\\/37d968a2e67a6fd04c169c4bdef102d0bc5d31b2546345219e348575eb80e9a0?s=96&d=mm&r=g\",\"caption\":\"redazione\"},\"sameAs\":[\"http:\\\/\\\/www.bellunopress.it\",\"https:\\\/\\\/x.com\\\/bellunopress\"],\"url\":\"https:\\\/\\\/www.bellunopress.it\\\/fr\\\/author\\\/redazione\\\/\"}]}<\/script>\n<!-- \/ Yoast SEO plugin. -->","yoast_head_json":{"title":"Sabato ad Agordo serata con i gruppi dialettali sull'emigrazione bellunese - Bellunopress - Dolomiti","robots":{"index":"index","follow":"follow","max-snippet":"max-snippet:-1","max-image-preview":"max-image-preview:large","max-video-preview":"max-video-preview:-1"},"canonical":"https:\/\/www.bellunopress.it\/fr\/2013\/02\/13\/sabato-ad-agordo-serata-con-i-gruppi-dialettali-sullemigrazione-bellunese\/","og_locale":"fr_FR","og_type":"article","og_title":"Sabato ad Agordo serata con i gruppi dialettali sull'emigrazione bellunese - Bellunopress - Dolomiti","og_description":"Sabato 16 Febbraio presso l\u2019Auditorium del Centro Parrocchiale Monsignor Savio alle ore 20.30 ad Agordo, si terr\u00e0 una\u00a0serata di canti dialettali, musica, racconti e immagini dedicati all\u2019emigrazione bellunese. Con\u00a0 \u201cI Cantalaora\u201d, gruppo feltrino costituitosi nel 2004 sulle ceneri di una precedente formazione musicale operante con lo stesso nome alla fine degli anni settanta, che presenteranno [&hellip;]","og_url":"https:\/\/www.bellunopress.it\/fr\/2013\/02\/13\/sabato-ad-agordo-serata-con-i-gruppi-dialettali-sullemigrazione-bellunese\/","og_site_name":"Bellunopress - Dolomiti","article_publisher":"https:\/\/www.facebook.com\/profile.php?id=100008943462799","article_published_time":"2013-02-13T06:59:20+00:00","og_image":[{"url":"http:\/\/www.bellunopress.it\/wp-content\/uploads\/2012\/07\/logo-bellunopress-250x250-2012.jpg","type":"","width":"","height":""}],"author":"redazione","twitter_card":"summary_large_image","twitter_creator":"@bellunopress","twitter_site":"@bellunopress","twitter_misc":{"\u00c9crit par":"redazione","Dur\u00e9e de lecture estim\u00e9e":"1 minute"},"schema":{"@context":"https:\/\/schema.org","@graph":[{"@type":"Article","@id":"https:\/\/www.bellunopress.it\/2013\/02\/13\/sabato-ad-agordo-serata-con-i-gruppi-dialettali-sullemigrazione-bellunese\/#article","isPartOf":{"@id":"https:\/\/www.bellunopress.it\/2013\/02\/13\/sabato-ad-agordo-serata-con-i-gruppi-dialettali-sullemigrazione-bellunese\/"},"author":{"name":"redazione","@id":"https:\/\/www.bellunopress.it\/#\/schema\/person\/79bb06722b37ece1c03d3e94beb30d73"},"headline":"Sabato ad Agordo serata con i gruppi dialettali sull&#8217;emigrazione bellunese","datePublished":"2013-02-13T06:59:20+00:00","mainEntityOfPage":{"@id":"https:\/\/www.bellunopress.it\/2013\/02\/13\/sabato-ad-agordo-serata-con-i-gruppi-dialettali-sullemigrazione-bellunese\/"},"wordCount":259,"publisher":{"@id":"https:\/\/www.bellunopress.it\/#organization"},"articleSection":["Appuntamenti, Eventi","Arte, Cultura, Spettacoli, Scienza","Pausa Caff\u00e8"],"inLanguage":"fr-FR"},{"@type":"WebPage","@id":"https:\/\/www.bellunopress.it\/2013\/02\/13\/sabato-ad-agordo-serata-con-i-gruppi-dialettali-sullemigrazione-bellunese\/","url":"https:\/\/www.bellunopress.it\/2013\/02\/13\/sabato-ad-agordo-serata-con-i-gruppi-dialettali-sullemigrazione-bellunese\/","name":"Sabato ad Agordo serata con i gruppi dialettali sull'emigrazione bellunese - Bellunopress - Dolomiti","isPartOf":{"@id":"https:\/\/www.bellunopress.it\/#website"},"datePublished":"2013-02-13T06:59:20+00:00","breadcrumb":{"@id":"https:\/\/www.bellunopress.it\/2013\/02\/13\/sabato-ad-agordo-serata-con-i-gruppi-dialettali-sullemigrazione-bellunese\/#breadcrumb"},"inLanguage":"fr-FR","potentialAction":[{"@type":"ReadAction","target":["https:\/\/www.bellunopress.it\/2013\/02\/13\/sabato-ad-agordo-serata-con-i-gruppi-dialettali-sullemigrazione-bellunese\/"]}]},{"@type":"BreadcrumbList","@id":"https:\/\/www.bellunopress.it\/2013\/02\/13\/sabato-ad-agordo-serata-con-i-gruppi-dialettali-sullemigrazione-bellunese\/#breadcrumb","itemListElement":[{"@type":"ListItem","position":1,"name":"Home","item":"https:\/\/www.bellunopress.it\/"},{"@type":"ListItem","position":2,"name":"Sabato ad Agordo serata con i gruppi dialettali sull&#8217;emigrazione bellunese"}]},{"@type":"WebSite","@id":"https:\/\/www.bellunopress.it\/#website","url":"https:\/\/www.bellunopress.it\/","name":"Bellunopress - Dolomiti","description":"e-mail: redazione@bellunopress.it","publisher":{"@id":"https:\/\/www.bellunopress.it\/#organization"},"potentialAction":[{"@type":"SearchAction","target":{"@type":"EntryPoint","urlTemplate":"https:\/\/www.bellunopress.it\/?s={search_term_string}"},"query-input":{"@type":"PropertyValueSpecification","valueRequired":true,"valueName":"search_term_string"}}],"inLanguage":"fr-FR"},{"@type":"Organization","@id":"https:\/\/www.bellunopress.it\/#organization","name":"Bellunopress","url":"https:\/\/www.bellunopress.it\/","logo":{"@type":"ImageObject","inLanguage":"fr-FR","@id":"https:\/\/www.bellunopress.it\/#\/schema\/logo\/image\/","url":"https:\/\/www.bellunopress.it\/wp-content\/uploads\/2011\/05\/cropped-logo-bellunopress-.jpg","contentUrl":"https:\/\/www.bellunopress.it\/wp-content\/uploads\/2011\/05\/cropped-logo-bellunopress-.jpg","width":512,"height":512,"caption":"Bellunopress"},"image":{"@id":"https:\/\/www.bellunopress.it\/#\/schema\/logo\/image\/"},"sameAs":["https:\/\/www.facebook.com\/profile.php?id=100008943462799","https:\/\/x.com\/bellunopress","https:\/\/www.linkedin.com\/hp\/?dnr=JBzUWaJfMUw8vbXJJ2tVW5-I3jZKvC4wsoxE&amp;amp;amp;amp;amp;amp;trk=nav_responsive_tab_home","https:\/\/www.youtube.com\/channel\/UCxL0wu1uN0_3_7hGG0306cw"]},{"@type":"Person","@id":"https:\/\/www.bellunopress.it\/#\/schema\/person\/79bb06722b37ece1c03d3e94beb30d73","name":"r\u00e9daction","image":{"@type":"ImageObject","inLanguage":"fr-FR","@id":"https:\/\/secure.gravatar.com\/avatar\/37d968a2e67a6fd04c169c4bdef102d0bc5d31b2546345219e348575eb80e9a0?s=96&d=mm&r=g","url":"https:\/\/secure.gravatar.com\/avatar\/37d968a2e67a6fd04c169c4bdef102d0bc5d31b2546345219e348575eb80e9a0?s=96&d=mm&r=g","contentUrl":"https:\/\/secure.gravatar.com\/avatar\/37d968a2e67a6fd04c169c4bdef102d0bc5d31b2546345219e348575eb80e9a0?s=96&d=mm&r=g","caption":"redazione"},"sameAs":["http:\/\/www.bellunopress.it","https:\/\/x.com\/bellunopress"],"url":"https:\/\/www.bellunopress.it\/fr\/author\/redazione\/"}]}},"_links":{"self":[{"href":"https:\/\/www.bellunopress.it\/fr\/wp-json\/wp\/v2\/posts\/46672","targetHints":{"allow":["GET"]}}],"collection":[{"href":"https:\/\/www.bellunopress.it\/fr\/wp-json\/wp\/v2\/posts"}],"about":[{"href":"https:\/\/www.bellunopress.it\/fr\/wp-json\/wp\/v2\/types\/post"}],"author":[{"embeddable":true,"href":"https:\/\/www.bellunopress.it\/fr\/wp-json\/wp\/v2\/users\/2"}],"replies":[{"embeddable":true,"href":"https:\/\/www.bellunopress.it\/fr\/wp-json\/wp\/v2\/comments?post=46672"}],"version-history":[{"count":1,"href":"https:\/\/www.bellunopress.it\/fr\/wp-json\/wp\/v2\/posts\/46672\/revisions"}],"predecessor-version":[{"id":46673,"href":"https:\/\/www.bellunopress.it\/fr\/wp-json\/wp\/v2\/posts\/46672\/revisions\/46673"}],"wp:attachment":[{"href":"https:\/\/www.bellunopress.it\/fr\/wp-json\/wp\/v2\/media?parent=46672"}],"wp:term":[{"taxonomy":"category","embeddable":true,"href":"https:\/\/www.bellunopress.it\/fr\/wp-json\/wp\/v2\/categories?post=46672"},{"taxonomy":"post_tag","embeddable":true,"href":"https:\/\/www.bellunopress.it\/fr\/wp-json\/wp\/v2\/tags?post=46672"}],"curies":[{"name":"wp","href":"https:\/\/api.w.org\/{rel}","templated":true}]}}