{"id":46632,"date":"2013-02-11T20:55:23","date_gmt":"2013-02-11T19:55:23","guid":{"rendered":"http:\/\/www.bellunopress.it\/?p=46632"},"modified":"2013-02-11T20:55:23","modified_gmt":"2013-02-11T19:55:23","slug":"treni-lettera-aperta-allassessore-regionale-chisso-dai-pendolari-di-binariquotidiani","status":"publish","type":"post","link":"https:\/\/www.bellunopress.it\/fr\/2013\/02\/11\/treni-lettera-aperta-allassessore-regionale-chisso-dai-pendolari-di-binariquotidiani\/","title":{"rendered":"Treni. Lettera aperta all&#8217;assessore regionale Chisso dai pendolari di &#8220;BinariQuotidiani&#8221;"},"content":{"rendered":"<p>Egr. Assessore Chisso,<\/p>\n<p><a href=\"http:\/\/www.bellunopress.it\/wp-content\/uploads\/2013\/02\/treno.jpg\"><img loading=\"lazy\" decoding=\"async\" class=\"alignleft size-full wp-image-46633\" alt=\"treno\" src=\"http:\/\/www.bellunopress.it\/wp-content\/uploads\/2013\/02\/treno.jpg\" width=\"209\" height=\"280\" \/><\/a>pu\u00f2 spiegare a noi tutti viaggiatori perch\u00e9 5 cm di neve rappresentano &#8220;condizioni meteorologiche avverse&#8221;?<\/p>\n<p>Pu\u00f2 spiegarlo a tutti quei lavoratori ferroviari in pensione che una volta andavo in bici a girare gli scambi e li tenevano liberi dalla neve?<\/p>\n<p>Saranno almeno 20 anni che l&#8217;operatore \u00e8 stato sostituito da tecnologie automatiche manovrate a distanza. Ma in questi 20 anni in cui si \u00e8 risparmiato il costo del personale non si potevano comperare gli scaldini per gli scambi in modo che la neve non li bloccasse? O forse si pensava che con la sparizione degli operatori sparissero definitivamente anche la neve e il gelo?<\/p>\n<p>&nbsp;<\/p>\n<p>Pu\u00f2 spiegarlo al personale viaggiante dei treni 5750 e 11119 che dovendosi incrociare a Fanzolo hanno dovuto loro scendere dai rispettivi treni e sbloccare gli scambi?<\/p>\n<p>E magari questo personale viaggiante poi tornati a bordo hanno dovuto sentirsi le rimostranze dei viaggiatori in ritardo di 40-60 minuti perch\u00e8 &#8220;rappresentanti di Trenitalia&#8221; mentre lei e i responsabili Trenitalia e RFI non si mettono a disposizione faccia a faccia con chi viaggia.<\/p>\n<p>Qualche giorno fa, il 3 febbraio, egr. Assessore ha proclamato che da giugno i ritardi saranno eliminati grazie all&#8217;arrivo di 2 nuovi convogli e dell&#8217;orario cadenzato delle corse, ma pu\u00f2 spiegarci come i 2 nuovi treni potranno sbloccare gli scambi dalla neve e dal ghiaccio?<\/p>\n<p>Oppure sar\u00e0 il cadenzamento che non permetter\u00e0 il blocco con soli 5 cm di neve?<\/p>\n<p>No non saranno queste innovazioni estive ad eliminare i ritardi dovuti a 5 cm di neve, bens\u00ec la dicitura nel contratto che &#8220;L&#8217;esecuzione del servizio non pu\u00f2 essere interrotta n\u00e9 sospesa da Trenitalia, salvo nei casi di forza maggiore (eventi fortuiti o accidentali quali ad esempio guasti o interruzioni derivanti da avverse condizioni atmosferiche; \u2026&#8221; (art. 6 contratto Regione &#8211; Trenitalia)<\/p>\n<p>Cio\u00e8 basta che Trenitalia e RFI dicano che 2 fiocchi di neve sono avverse condizioni meteo e il ritardo sparisce dai conteggi in Regione, intanto chi se ne frega se il ritardo impregna le vite dei viaggiatori.<\/p>\n<p>Pu\u00f2 spiegare a noi pendolari cosa dobbiamo fare domani mattina presto se andare in stazione speranzosi di trovare il treno per andare al lavoro o \u00e8 meglio ce ne stiamo a dormire? Per chi di noi \u00e8 dipendente pubblico suggerisce di cercare di andare al lavoro per servire i concittadini nonostante le avverse condizioni meteo, con il rischio di raddoppiare le ore di viaggio o pu\u00f2 essere dignitoso stare a casa visto che la politica non ha saputo mantenere efficiente il servizio di trasporto pubblico su rotaia?<\/p>\n<p>La foto \u00e8 stata scattata il 11\/2\/2013 presso la stazione di Fanzolo attorno alle 15:30, con meno di 5 cm di neve al suolo.<\/p>\n<p>&nbsp;<\/p>\n<p>BinariQuotidiani<\/p>\n<p>&nbsp;<\/p>\n<p>PS: DAI GIORNALI DEL 22\/9\/2011: \u00abSe una volta Trenitalia sembrava una Seicento &#8211; ha commentato ieri l&#8217;assessore regionale &#8211; oggi con l&#8217;innovazione tecnologica appare come una Ferrari che per\u00f2 non ha ancora raggiunto la velocit\u00e0 necessaria\u00bb. Un chiaro riferimento alle segnalazioni e lamentele dell&#8217;utenza su ritardi e convogli sovraffollati, aumentate da settembre. Per migliorare il servizio Regione e Trenitalia assieme a Rete Ferrovia Italiana e Sistemi Territoriali hanno deciso, di concerto con le associazioni dei consumatori, di attivare una commissione tecnica che andr\u00e0 a elaborare un nuovo orario ferroviario cadenzato che dovrebbe entrare in vigore dal dicembre 2012. I pendolari sapranno con certezza gli orari di partenza e arrivo alle stazione, con un minutaggio certo. \u00abSo perfettamente che il servizio oggi \u00e8 gestito con alti e bassi, puntiamo con questa commissione a migliorare &#8211; dice Chisso &#8211; Trenitalia si dimostra sensibile e ha avviato interventi migliorativi per dare risposte all&#8217;utenza con velocit\u00e0 ed efficienza\u00bb.<\/p>","protected":false},"excerpt":{"rendered":"<p>Egr. Assessore Chisso, pu\u00f2 spiegare a noi tutti viaggiatori perch\u00e9 5 cm di neve rappresentano &#8220;condizioni meteorologiche avverse&#8221;? Pu\u00f2 spiegarlo a tutti quei lavoratori ferroviari in pensione che una volta andavo in bici a girare gli scambi e li tenevano liberi dalla neve? Saranno almeno 20 anni che l&#8217;operatore \u00e8 stato sostituito da tecnologie automatiche [&hellip;]<\/p>\n","protected":false},"author":2,"featured_media":0,"comment_status":"closed","ping_status":"open","sticky":false,"template":"","format":"standard","meta":{"footnotes":""},"categories":[5,26],"tags":[],"class_list":["post-46632","post","type-post","status-publish","format-standard","category-cronaca","category-prima-pagina"],"yoast_head":"<!-- This site is optimized with the Yoast SEO plugin v28.4 - https:\/\/yoast.com\/product\/yoast-seo-wordpress\/ -->\n<title>Treni. Lettera aperta all&#039;assessore regionale Chisso dai pendolari di &quot;BinariQuotidiani&quot; - Bellunopress - Dolomiti<\/title>\n<meta name=\"robots\" content=\"index, follow, max-snippet:-1, max-image-preview:large, max-video-preview:-1\" \/>\n<link rel=\"canonical\" href=\"https:\/\/www.bellunopress.it\/fr\/2013\/02\/11\/treni-lettera-aperta-allassessore-regionale-chisso-dai-pendolari-di-binariquotidiani\/\" \/>\n<meta property=\"og:locale\" content=\"fr_FR\" \/>\n<meta property=\"og:type\" content=\"article\" \/>\n<meta property=\"og:title\" content=\"Treni. Lettera aperta all&#039;assessore regionale Chisso dai pendolari di &quot;BinariQuotidiani&quot; - Bellunopress - Dolomiti\" \/>\n<meta property=\"og:description\" content=\"Egr. Assessore Chisso, pu\u00f2 spiegare a noi tutti viaggiatori perch\u00e9 5 cm di neve rappresentano &#8220;condizioni meteorologiche avverse&#8221;? Pu\u00f2 spiegarlo a tutti quei lavoratori ferroviari in pensione che una volta andavo in bici a girare gli scambi e li tenevano liberi dalla neve? Saranno almeno 20 anni che l&#8217;operatore \u00e8 stato sostituito da tecnologie automatiche [&hellip;]\" \/>\n<meta property=\"og:url\" content=\"https:\/\/www.bellunopress.it\/fr\/2013\/02\/11\/treni-lettera-aperta-allassessore-regionale-chisso-dai-pendolari-di-binariquotidiani\/\" \/>\n<meta property=\"og:site_name\" content=\"Bellunopress - Dolomiti\" \/>\n<meta property=\"article:publisher\" content=\"https:\/\/www.facebook.com\/profile.php?id=100008943462799\" \/>\n<meta property=\"article:published_time\" content=\"2013-02-11T19:55:23+00:00\" \/>\n<meta property=\"og:image\" content=\"http:\/\/www.bellunopress.it\/wp-content\/uploads\/2013\/02\/treno.jpg\" \/>\n<meta name=\"author\" content=\"redazione\" \/>\n<meta name=\"twitter:card\" content=\"summary_large_image\" \/>\n<meta name=\"twitter:creator\" content=\"@bellunopress\" \/>\n<meta name=\"twitter:site\" content=\"@bellunopress\" \/>\n<meta name=\"twitter:label1\" content=\"\u00c9crit par\" \/>\n\t<meta name=\"twitter:data1\" content=\"redazione\" \/>\n\t<meta name=\"twitter:label2\" content=\"Dur\u00e9e de lecture estim\u00e9e\" \/>\n\t<meta name=\"twitter:data2\" content=\"3 minutes\" \/>\n<script type=\"application\/ld+json\" class=\"yoast-schema-graph\">{\"@context\":\"https:\\\/\\\/schema.org\",\"@graph\":[{\"@type\":\"Article\",\"@id\":\"https:\\\/\\\/www.bellunopress.it\\\/2013\\\/02\\\/11\\\/treni-lettera-aperta-allassessore-regionale-chisso-dai-pendolari-di-binariquotidiani\\\/#article\",\"isPartOf\":{\"@id\":\"https:\\\/\\\/www.bellunopress.it\\\/2013\\\/02\\\/11\\\/treni-lettera-aperta-allassessore-regionale-chisso-dai-pendolari-di-binariquotidiani\\\/\"},\"author\":{\"name\":\"redazione\",\"@id\":\"https:\\\/\\\/www.bellunopress.it\\\/#\\\/schema\\\/person\\\/79bb06722b37ece1c03d3e94beb30d73\"},\"headline\":\"Treni. Lettera aperta all&#8217;assessore regionale Chisso dai pendolari di &#8220;BinariQuotidiani&#8221;\",\"datePublished\":\"2013-02-11T19:55:23+00:00\",\"mainEntityOfPage\":{\"@id\":\"https:\\\/\\\/www.bellunopress.it\\\/2013\\\/02\\\/11\\\/treni-lettera-aperta-allassessore-regionale-chisso-dai-pendolari-di-binariquotidiani\\\/\"},\"wordCount\":599,\"publisher\":{\"@id\":\"https:\\\/\\\/www.bellunopress.it\\\/#organization\"},\"image\":{\"@id\":\"https:\\\/\\\/www.bellunopress.it\\\/2013\\\/02\\\/11\\\/treni-lettera-aperta-allassessore-regionale-chisso-dai-pendolari-di-binariquotidiani\\\/#primaryimage\"},\"thumbnailUrl\":\"http:\\\/\\\/www.bellunopress.it\\\/wp-content\\\/uploads\\\/2013\\\/02\\\/treno.jpg\",\"articleSection\":[\"Cronaca\\\/Politica\",\"Prima Pagina\"],\"inLanguage\":\"fr-FR\"},{\"@type\":\"WebPage\",\"@id\":\"https:\\\/\\\/www.bellunopress.it\\\/2013\\\/02\\\/11\\\/treni-lettera-aperta-allassessore-regionale-chisso-dai-pendolari-di-binariquotidiani\\\/\",\"url\":\"https:\\\/\\\/www.bellunopress.it\\\/2013\\\/02\\\/11\\\/treni-lettera-aperta-allassessore-regionale-chisso-dai-pendolari-di-binariquotidiani\\\/\",\"name\":\"Treni. Lettera aperta all'assessore regionale Chisso dai pendolari di \\\"BinariQuotidiani\\\" - Bellunopress - Dolomiti\",\"isPartOf\":{\"@id\":\"https:\\\/\\\/www.bellunopress.it\\\/#website\"},\"primaryImageOfPage\":{\"@id\":\"https:\\\/\\\/www.bellunopress.it\\\/2013\\\/02\\\/11\\\/treni-lettera-aperta-allassessore-regionale-chisso-dai-pendolari-di-binariquotidiani\\\/#primaryimage\"},\"image\":{\"@id\":\"https:\\\/\\\/www.bellunopress.it\\\/2013\\\/02\\\/11\\\/treni-lettera-aperta-allassessore-regionale-chisso-dai-pendolari-di-binariquotidiani\\\/#primaryimage\"},\"thumbnailUrl\":\"http:\\\/\\\/www.bellunopress.it\\\/wp-content\\\/uploads\\\/2013\\\/02\\\/treno.jpg\",\"datePublished\":\"2013-02-11T19:55:23+00:00\",\"breadcrumb\":{\"@id\":\"https:\\\/\\\/www.bellunopress.it\\\/2013\\\/02\\\/11\\\/treni-lettera-aperta-allassessore-regionale-chisso-dai-pendolari-di-binariquotidiani\\\/#breadcrumb\"},\"inLanguage\":\"fr-FR\",\"potentialAction\":[{\"@type\":\"ReadAction\",\"target\":[\"https:\\\/\\\/www.bellunopress.it\\\/2013\\\/02\\\/11\\\/treni-lettera-aperta-allassessore-regionale-chisso-dai-pendolari-di-binariquotidiani\\\/\"]}]},{\"@type\":\"ImageObject\",\"inLanguage\":\"fr-FR\",\"@id\":\"https:\\\/\\\/www.bellunopress.it\\\/2013\\\/02\\\/11\\\/treni-lettera-aperta-allassessore-regionale-chisso-dai-pendolari-di-binariquotidiani\\\/#primaryimage\",\"url\":\"http:\\\/\\\/www.bellunopress.it\\\/wp-content\\\/uploads\\\/2013\\\/02\\\/treno.jpg\",\"contentUrl\":\"http:\\\/\\\/www.bellunopress.it\\\/wp-content\\\/uploads\\\/2013\\\/02\\\/treno.jpg\"},{\"@type\":\"BreadcrumbList\",\"@id\":\"https:\\\/\\\/www.bellunopress.it\\\/2013\\\/02\\\/11\\\/treni-lettera-aperta-allassessore-regionale-chisso-dai-pendolari-di-binariquotidiani\\\/#breadcrumb\",\"itemListElement\":[{\"@type\":\"ListItem\",\"position\":1,\"name\":\"Home\",\"item\":\"https:\\\/\\\/www.bellunopress.it\\\/\"},{\"@type\":\"ListItem\",\"position\":2,\"name\":\"Treni. Lettera aperta all&#8217;assessore regionale Chisso dai pendolari di &#8220;BinariQuotidiani&#8221;\"}]},{\"@type\":\"WebSite\",\"@id\":\"https:\\\/\\\/www.bellunopress.it\\\/#website\",\"url\":\"https:\\\/\\\/www.bellunopress.it\\\/\",\"name\":\"Bellunopress - Dolomiti\",\"description\":\"e-mail: redazione@bellunopress.it\",\"publisher\":{\"@id\":\"https:\\\/\\\/www.bellunopress.it\\\/#organization\"},\"potentialAction\":[{\"@type\":\"SearchAction\",\"target\":{\"@type\":\"EntryPoint\",\"urlTemplate\":\"https:\\\/\\\/www.bellunopress.it\\\/?s={search_term_string}\"},\"query-input\":{\"@type\":\"PropertyValueSpecification\",\"valueRequired\":true,\"valueName\":\"search_term_string\"}}],\"inLanguage\":\"fr-FR\"},{\"@type\":\"Organization\",\"@id\":\"https:\\\/\\\/www.bellunopress.it\\\/#organization\",\"name\":\"Bellunopress\",\"url\":\"https:\\\/\\\/www.bellunopress.it\\\/\",\"logo\":{\"@type\":\"ImageObject\",\"inLanguage\":\"fr-FR\",\"@id\":\"https:\\\/\\\/www.bellunopress.it\\\/#\\\/schema\\\/logo\\\/image\\\/\",\"url\":\"https:\\\/\\\/www.bellunopress.it\\\/wp-content\\\/uploads\\\/2011\\\/05\\\/cropped-logo-bellunopress-.jpg\",\"contentUrl\":\"https:\\\/\\\/www.bellunopress.it\\\/wp-content\\\/uploads\\\/2011\\\/05\\\/cropped-logo-bellunopress-.jpg\",\"width\":512,\"height\":512,\"caption\":\"Bellunopress\"},\"image\":{\"@id\":\"https:\\\/\\\/www.bellunopress.it\\\/#\\\/schema\\\/logo\\\/image\\\/\"},\"sameAs\":[\"https:\\\/\\\/www.facebook.com\\\/profile.php?id=100008943462799\",\"https:\\\/\\\/x.com\\\/bellunopress\",\"https:\\\/\\\/www.linkedin.com\\\/hp\\\/?dnr=JBzUWaJfMUw8vbXJJ2tVW5-I3jZKvC4wsoxE&amp;amp;amp;amp;amp;amp;trk=nav_responsive_tab_home\",\"https:\\\/\\\/www.youtube.com\\\/channel\\\/UCxL0wu1uN0_3_7hGG0306cw\"]},{\"@type\":\"Person\",\"@id\":\"https:\\\/\\\/www.bellunopress.it\\\/#\\\/schema\\\/person\\\/79bb06722b37ece1c03d3e94beb30d73\",\"name\":\"redazione\",\"image\":{\"@type\":\"ImageObject\",\"inLanguage\":\"fr-FR\",\"@id\":\"https:\\\/\\\/secure.gravatar.com\\\/avatar\\\/37d968a2e67a6fd04c169c4bdef102d0bc5d31b2546345219e348575eb80e9a0?s=96&d=mm&r=g\",\"url\":\"https:\\\/\\\/secure.gravatar.com\\\/avatar\\\/37d968a2e67a6fd04c169c4bdef102d0bc5d31b2546345219e348575eb80e9a0?s=96&d=mm&r=g\",\"contentUrl\":\"https:\\\/\\\/secure.gravatar.com\\\/avatar\\\/37d968a2e67a6fd04c169c4bdef102d0bc5d31b2546345219e348575eb80e9a0?s=96&d=mm&r=g\",\"caption\":\"redazione\"},\"sameAs\":[\"http:\\\/\\\/www.bellunopress.it\",\"https:\\\/\\\/x.com\\\/bellunopress\"],\"url\":\"https:\\\/\\\/www.bellunopress.it\\\/fr\\\/author\\\/redazione\\\/\"}]}<\/script>\n<!-- \/ Yoast SEO plugin. -->","yoast_head_json":{"title":"Treni. Lettera aperta all'assessore regionale Chisso dai pendolari di \"BinariQuotidiani\" - Bellunopress - Dolomiti","robots":{"index":"index","follow":"follow","max-snippet":"max-snippet:-1","max-image-preview":"max-image-preview:large","max-video-preview":"max-video-preview:-1"},"canonical":"https:\/\/www.bellunopress.it\/fr\/2013\/02\/11\/treni-lettera-aperta-allassessore-regionale-chisso-dai-pendolari-di-binariquotidiani\/","og_locale":"fr_FR","og_type":"article","og_title":"Treni. Lettera aperta all'assessore regionale Chisso dai pendolari di \"BinariQuotidiani\" - Bellunopress - Dolomiti","og_description":"Egr. Assessore Chisso, pu\u00f2 spiegare a noi tutti viaggiatori perch\u00e9 5 cm di neve rappresentano &#8220;condizioni meteorologiche avverse&#8221;? Pu\u00f2 spiegarlo a tutti quei lavoratori ferroviari in pensione che una volta andavo in bici a girare gli scambi e li tenevano liberi dalla neve? Saranno almeno 20 anni che l&#8217;operatore \u00e8 stato sostituito da tecnologie automatiche [&hellip;]","og_url":"https:\/\/www.bellunopress.it\/fr\/2013\/02\/11\/treni-lettera-aperta-allassessore-regionale-chisso-dai-pendolari-di-binariquotidiani\/","og_site_name":"Bellunopress - Dolomiti","article_publisher":"https:\/\/www.facebook.com\/profile.php?id=100008943462799","article_published_time":"2013-02-11T19:55:23+00:00","og_image":[{"url":"http:\/\/www.bellunopress.it\/wp-content\/uploads\/2013\/02\/treno.jpg","type":"","width":"","height":""}],"author":"redazione","twitter_card":"summary_large_image","twitter_creator":"@bellunopress","twitter_site":"@bellunopress","twitter_misc":{"\u00c9crit par":"redazione","Dur\u00e9e de lecture estim\u00e9e":"3 minutes"},"schema":{"@context":"https:\/\/schema.org","@graph":[{"@type":"Article","@id":"https:\/\/www.bellunopress.it\/2013\/02\/11\/treni-lettera-aperta-allassessore-regionale-chisso-dai-pendolari-di-binariquotidiani\/#article","isPartOf":{"@id":"https:\/\/www.bellunopress.it\/2013\/02\/11\/treni-lettera-aperta-allassessore-regionale-chisso-dai-pendolari-di-binariquotidiani\/"},"author":{"name":"redazione","@id":"https:\/\/www.bellunopress.it\/#\/schema\/person\/79bb06722b37ece1c03d3e94beb30d73"},"headline":"Treni. Lettera aperta all&#8217;assessore regionale Chisso dai pendolari di &#8220;BinariQuotidiani&#8221;","datePublished":"2013-02-11T19:55:23+00:00","mainEntityOfPage":{"@id":"https:\/\/www.bellunopress.it\/2013\/02\/11\/treni-lettera-aperta-allassessore-regionale-chisso-dai-pendolari-di-binariquotidiani\/"},"wordCount":599,"publisher":{"@id":"https:\/\/www.bellunopress.it\/#organization"},"image":{"@id":"https:\/\/www.bellunopress.it\/2013\/02\/11\/treni-lettera-aperta-allassessore-regionale-chisso-dai-pendolari-di-binariquotidiani\/#primaryimage"},"thumbnailUrl":"http:\/\/www.bellunopress.it\/wp-content\/uploads\/2013\/02\/treno.jpg","articleSection":["Cronaca\/Politica","Prima Pagina"],"inLanguage":"fr-FR"},{"@type":"WebPage","@id":"https:\/\/www.bellunopress.it\/2013\/02\/11\/treni-lettera-aperta-allassessore-regionale-chisso-dai-pendolari-di-binariquotidiani\/","url":"https:\/\/www.bellunopress.it\/2013\/02\/11\/treni-lettera-aperta-allassessore-regionale-chisso-dai-pendolari-di-binariquotidiani\/","name":"Treni. Lettera aperta all'assessore regionale Chisso dai pendolari di \"BinariQuotidiani\" - Bellunopress - Dolomiti","isPartOf":{"@id":"https:\/\/www.bellunopress.it\/#website"},"primaryImageOfPage":{"@id":"https:\/\/www.bellunopress.it\/2013\/02\/11\/treni-lettera-aperta-allassessore-regionale-chisso-dai-pendolari-di-binariquotidiani\/#primaryimage"},"image":{"@id":"https:\/\/www.bellunopress.it\/2013\/02\/11\/treni-lettera-aperta-allassessore-regionale-chisso-dai-pendolari-di-binariquotidiani\/#primaryimage"},"thumbnailUrl":"http:\/\/www.bellunopress.it\/wp-content\/uploads\/2013\/02\/treno.jpg","datePublished":"2013-02-11T19:55:23+00:00","breadcrumb":{"@id":"https:\/\/www.bellunopress.it\/2013\/02\/11\/treni-lettera-aperta-allassessore-regionale-chisso-dai-pendolari-di-binariquotidiani\/#breadcrumb"},"inLanguage":"fr-FR","potentialAction":[{"@type":"ReadAction","target":["https:\/\/www.bellunopress.it\/2013\/02\/11\/treni-lettera-aperta-allassessore-regionale-chisso-dai-pendolari-di-binariquotidiani\/"]}]},{"@type":"ImageObject","inLanguage":"fr-FR","@id":"https:\/\/www.bellunopress.it\/2013\/02\/11\/treni-lettera-aperta-allassessore-regionale-chisso-dai-pendolari-di-binariquotidiani\/#primaryimage","url":"http:\/\/www.bellunopress.it\/wp-content\/uploads\/2013\/02\/treno.jpg","contentUrl":"http:\/\/www.bellunopress.it\/wp-content\/uploads\/2013\/02\/treno.jpg"},{"@type":"BreadcrumbList","@id":"https:\/\/www.bellunopress.it\/2013\/02\/11\/treni-lettera-aperta-allassessore-regionale-chisso-dai-pendolari-di-binariquotidiani\/#breadcrumb","itemListElement":[{"@type":"ListItem","position":1,"name":"Home","item":"https:\/\/www.bellunopress.it\/"},{"@type":"ListItem","position":2,"name":"Treni. Lettera aperta all&#8217;assessore regionale Chisso dai pendolari di &#8220;BinariQuotidiani&#8221;"}]},{"@type":"WebSite","@id":"https:\/\/www.bellunopress.it\/#website","url":"https:\/\/www.bellunopress.it\/","name":"Bellunopress - Dolomiti","description":"e-mail: redazione@bellunopress.it","publisher":{"@id":"https:\/\/www.bellunopress.it\/#organization"},"potentialAction":[{"@type":"SearchAction","target":{"@type":"EntryPoint","urlTemplate":"https:\/\/www.bellunopress.it\/?s={search_term_string}"},"query-input":{"@type":"PropertyValueSpecification","valueRequired":true,"valueName":"search_term_string"}}],"inLanguage":"fr-FR"},{"@type":"Organization","@id":"https:\/\/www.bellunopress.it\/#organization","name":"Bellunopress","url":"https:\/\/www.bellunopress.it\/","logo":{"@type":"ImageObject","inLanguage":"fr-FR","@id":"https:\/\/www.bellunopress.it\/#\/schema\/logo\/image\/","url":"https:\/\/www.bellunopress.it\/wp-content\/uploads\/2011\/05\/cropped-logo-bellunopress-.jpg","contentUrl":"https:\/\/www.bellunopress.it\/wp-content\/uploads\/2011\/05\/cropped-logo-bellunopress-.jpg","width":512,"height":512,"caption":"Bellunopress"},"image":{"@id":"https:\/\/www.bellunopress.it\/#\/schema\/logo\/image\/"},"sameAs":["https:\/\/www.facebook.com\/profile.php?id=100008943462799","https:\/\/x.com\/bellunopress","https:\/\/www.linkedin.com\/hp\/?dnr=JBzUWaJfMUw8vbXJJ2tVW5-I3jZKvC4wsoxE&amp;amp;amp;amp;amp;amp;trk=nav_responsive_tab_home","https:\/\/www.youtube.com\/channel\/UCxL0wu1uN0_3_7hGG0306cw"]},{"@type":"Person","@id":"https:\/\/www.bellunopress.it\/#\/schema\/person\/79bb06722b37ece1c03d3e94beb30d73","name":"r\u00e9daction","image":{"@type":"ImageObject","inLanguage":"fr-FR","@id":"https:\/\/secure.gravatar.com\/avatar\/37d968a2e67a6fd04c169c4bdef102d0bc5d31b2546345219e348575eb80e9a0?s=96&d=mm&r=g","url":"https:\/\/secure.gravatar.com\/avatar\/37d968a2e67a6fd04c169c4bdef102d0bc5d31b2546345219e348575eb80e9a0?s=96&d=mm&r=g","contentUrl":"https:\/\/secure.gravatar.com\/avatar\/37d968a2e67a6fd04c169c4bdef102d0bc5d31b2546345219e348575eb80e9a0?s=96&d=mm&r=g","caption":"redazione"},"sameAs":["http:\/\/www.bellunopress.it","https:\/\/x.com\/bellunopress"],"url":"https:\/\/www.bellunopress.it\/fr\/author\/redazione\/"}]}},"_links":{"self":[{"href":"https:\/\/www.bellunopress.it\/fr\/wp-json\/wp\/v2\/posts\/46632","targetHints":{"allow":["GET"]}}],"collection":[{"href":"https:\/\/www.bellunopress.it\/fr\/wp-json\/wp\/v2\/posts"}],"about":[{"href":"https:\/\/www.bellunopress.it\/fr\/wp-json\/wp\/v2\/types\/post"}],"author":[{"embeddable":true,"href":"https:\/\/www.bellunopress.it\/fr\/wp-json\/wp\/v2\/users\/2"}],"replies":[{"embeddable":true,"href":"https:\/\/www.bellunopress.it\/fr\/wp-json\/wp\/v2\/comments?post=46632"}],"version-history":[{"count":1,"href":"https:\/\/www.bellunopress.it\/fr\/wp-json\/wp\/v2\/posts\/46632\/revisions"}],"predecessor-version":[{"id":46634,"href":"https:\/\/www.bellunopress.it\/fr\/wp-json\/wp\/v2\/posts\/46632\/revisions\/46634"}],"wp:attachment":[{"href":"https:\/\/www.bellunopress.it\/fr\/wp-json\/wp\/v2\/media?parent=46632"}],"wp:term":[{"taxonomy":"category","embeddable":true,"href":"https:\/\/www.bellunopress.it\/fr\/wp-json\/wp\/v2\/categories?post=46632"},{"taxonomy":"post_tag","embeddable":true,"href":"https:\/\/www.bellunopress.it\/fr\/wp-json\/wp\/v2\/tags?post=46632"}],"curies":[{"name":"wp","href":"https:\/\/api.w.org\/{rel}","templated":true}]}}