{"id":46597,"date":"2013-02-24T22:32:50","date_gmt":"2013-02-24T21:32:50","guid":{"rendered":"http:\/\/www.bellunopress.it\/?p=46597"},"modified":"2013-02-11T15:36:27","modified_gmt":"2013-02-11T14:36:27","slug":"presentazione-delle-tesi-di-laurea-con-il-fai-primo-incontro-martedi-in-sala-bianchi","status":"publish","type":"post","link":"https:\/\/www.bellunopress.it\/fr\/2013\/02\/24\/presentazione-delle-tesi-di-laurea-con-il-fai-primo-incontro-martedi-in-sala-bianchi\/","title":{"rendered":"Presentazione delle tesi di laurea con il Fai. Primo incontro marted\u00ec in Sala Bianchi"},"content":{"rendered":"<p>Il Fai Fondo Ambiente Italiano) ha come finalit\u00e0 l&#8217;educazione e la sensibilizzazione della collettivit\u00e0 alla conoscenza, al rispetto e alla difesa dell&#8217;ambiente e del patrimonio artistico e monumentale per la fruizione di tutti.<\/p>\n<p>La Delegazione FAI Di Belluno con il progetto \u201cCon il FAI si pu\u00f2\u201d intende diffondere e promuovere, con pubblici incontri mensili, tesi di laurea specialistica di giovani bellunesi con argomenti e temi attinenti agli scopi del FAI. I neo laureati che hanno aderito all&#8217;iniziativa offrono il loro concreto contributo proponendo al pubblico le loro idee innovative che possono diventare occasioni per pensare, progettare e costruire il futuro del loro territorio da protagonisti. I cittadini tutti, sono invitati.<\/p>\n<p>Il primo incontro \u00e8 con il dott. Arch. Massimiliano dell&#8217;Olivo,\u00a0marted\u00ec 26 febbraio\u00a0ore 17-30\u00a0presenter\u00e0 lo studio su\u00a0\u201cLa citt\u00e0 della montagna\u201d<\/p>\n<p>secondo incontro con l&#8217;arch. Simone Osta\u00a0marted\u00ec 26 marzo 2013\u00a0ore 17-30\u00a0presenter\u00e0 lo studio su\u00a0\u201cVilla Zuppani: analisi, comportamento sismico\u201d<\/p>\n<p>terzo incontro con la dott.ssa Laura Fregona\u00a0marted\u00ec 23 aprile 2013\u00a0ore 17-30\u00a0\u201cL&#8217;albergo diffuso come strumento per il turismo sostenibile: il caso di Cibiana di Cadore\u201d<\/p>\n<p>Le presentazioni delle tesi si svolgeranno tutte nella sala Bianchi<\/p>","protected":false},"excerpt":{"rendered":"<p>Il Fai Fondo Ambiente Italiano) ha come finalit\u00e0 l&#8217;educazione e la sensibilizzazione della collettivit\u00e0 alla conoscenza, al rispetto e alla difesa dell&#8217;ambiente e del patrimonio artistico e monumentale per la fruizione di tutti. La Delegazione FAI Di Belluno con il progetto \u201cCon il FAI si pu\u00f2\u201d intende diffondere e promuovere, con pubblici incontri mensili, tesi [&hellip;]<\/p>\n","protected":false},"author":2,"featured_media":0,"comment_status":"closed","ping_status":"open","sticky":false,"template":"","format":"standard","meta":{"footnotes":""},"categories":[27,3,25],"tags":[],"class_list":["post-46597","post","type-post","status-publish","format-standard","category-appuntamenti","category-arte-cultura-spettacoli-scienza-archivi","category-pausa-caffe"],"yoast_head":"<!-- This site is optimized with the Yoast SEO plugin v28.4 - https:\/\/yoast.com\/product\/yoast-seo-wordpress\/ -->\n<title>Presentazione delle tesi di laurea con il Fai. Primo incontro marted\u00ec in Sala Bianchi - Bellunopress - Dolomiti<\/title>\n<meta name=\"robots\" content=\"index, follow, max-snippet:-1, max-image-preview:large, max-video-preview:-1\" \/>\n<link rel=\"canonical\" href=\"https:\/\/www.bellunopress.it\/fr\/2013\/02\/24\/presentazione-delle-tesi-di-laurea-con-il-fai-primo-incontro-martedi-in-sala-bianchi\/\" \/>\n<meta property=\"og:locale\" content=\"fr_FR\" \/>\n<meta property=\"og:type\" content=\"article\" \/>\n<meta property=\"og:title\" content=\"Presentazione delle tesi di laurea con il Fai. Primo incontro marted\u00ec in Sala Bianchi - Bellunopress - Dolomiti\" \/>\n<meta property=\"og:description\" content=\"Il Fai Fondo Ambiente Italiano) ha come finalit\u00e0 l&#8217;educazione e la sensibilizzazione della collettivit\u00e0 alla conoscenza, al rispetto e alla difesa dell&#8217;ambiente e del patrimonio artistico e monumentale per la fruizione di tutti. La Delegazione FAI Di Belluno con il progetto \u201cCon il FAI si pu\u00f2\u201d intende diffondere e promuovere, con pubblici incontri mensili, tesi [&hellip;]\" \/>\n<meta property=\"og:url\" content=\"https:\/\/www.bellunopress.it\/fr\/2013\/02\/24\/presentazione-delle-tesi-di-laurea-con-il-fai-primo-incontro-martedi-in-sala-bianchi\/\" \/>\n<meta property=\"og:site_name\" content=\"Bellunopress - Dolomiti\" \/>\n<meta property=\"article:publisher\" content=\"https:\/\/www.facebook.com\/profile.php?id=100008943462799\" \/>\n<meta property=\"article:published_time\" content=\"2013-02-24T21:32:50+00:00\" \/>\n<meta property=\"og:image\" content=\"http:\/\/www.bellunopress.it\/wp-content\/uploads\/2012\/07\/logo-bellunopress-250x250-2012.jpg\" \/>\n<meta name=\"author\" content=\"redazione\" \/>\n<meta name=\"twitter:card\" content=\"summary_large_image\" \/>\n<meta name=\"twitter:creator\" content=\"@bellunopress\" \/>\n<meta name=\"twitter:site\" content=\"@bellunopress\" \/>\n<meta name=\"twitter:label1\" content=\"\u00c9crit par\" \/>\n\t<meta name=\"twitter:data1\" content=\"redazione\" \/>\n\t<meta name=\"twitter:label2\" content=\"Dur\u00e9e de lecture estim\u00e9e\" \/>\n\t<meta name=\"twitter:data2\" content=\"1 minute\" \/>\n<script type=\"application\/ld+json\" class=\"yoast-schema-graph\">{\"@context\":\"https:\\\/\\\/schema.org\",\"@graph\":[{\"@type\":\"Article\",\"@id\":\"https:\\\/\\\/www.bellunopress.it\\\/2013\\\/02\\\/24\\\/presentazione-delle-tesi-di-laurea-con-il-fai-primo-incontro-martedi-in-sala-bianchi\\\/#article\",\"isPartOf\":{\"@id\":\"https:\\\/\\\/www.bellunopress.it\\\/2013\\\/02\\\/24\\\/presentazione-delle-tesi-di-laurea-con-il-fai-primo-incontro-martedi-in-sala-bianchi\\\/\"},\"author\":{\"name\":\"redazione\",\"@id\":\"https:\\\/\\\/www.bellunopress.it\\\/#\\\/schema\\\/person\\\/79bb06722b37ece1c03d3e94beb30d73\"},\"headline\":\"Presentazione delle tesi di laurea con il Fai. Primo incontro marted\u00ec in Sala Bianchi\",\"datePublished\":\"2013-02-24T21:32:50+00:00\",\"mainEntityOfPage\":{\"@id\":\"https:\\\/\\\/www.bellunopress.it\\\/2013\\\/02\\\/24\\\/presentazione-delle-tesi-di-laurea-con-il-fai-primo-incontro-martedi-in-sala-bianchi\\\/\"},\"wordCount\":206,\"publisher\":{\"@id\":\"https:\\\/\\\/www.bellunopress.it\\\/#organization\"},\"articleSection\":[\"Appuntamenti, Eventi\",\"Arte, Cultura, Spettacoli, Scienza\",\"Pausa Caff\u00e8\"],\"inLanguage\":\"fr-FR\"},{\"@type\":\"WebPage\",\"@id\":\"https:\\\/\\\/www.bellunopress.it\\\/2013\\\/02\\\/24\\\/presentazione-delle-tesi-di-laurea-con-il-fai-primo-incontro-martedi-in-sala-bianchi\\\/\",\"url\":\"https:\\\/\\\/www.bellunopress.it\\\/2013\\\/02\\\/24\\\/presentazione-delle-tesi-di-laurea-con-il-fai-primo-incontro-martedi-in-sala-bianchi\\\/\",\"name\":\"Presentazione delle tesi di laurea con il Fai. Primo incontro marted\u00ec in Sala Bianchi - Bellunopress - Dolomiti\",\"isPartOf\":{\"@id\":\"https:\\\/\\\/www.bellunopress.it\\\/#website\"},\"datePublished\":\"2013-02-24T21:32:50+00:00\",\"breadcrumb\":{\"@id\":\"https:\\\/\\\/www.bellunopress.it\\\/2013\\\/02\\\/24\\\/presentazione-delle-tesi-di-laurea-con-il-fai-primo-incontro-martedi-in-sala-bianchi\\\/#breadcrumb\"},\"inLanguage\":\"fr-FR\",\"potentialAction\":[{\"@type\":\"ReadAction\",\"target\":[\"https:\\\/\\\/www.bellunopress.it\\\/2013\\\/02\\\/24\\\/presentazione-delle-tesi-di-laurea-con-il-fai-primo-incontro-martedi-in-sala-bianchi\\\/\"]}]},{\"@type\":\"BreadcrumbList\",\"@id\":\"https:\\\/\\\/www.bellunopress.it\\\/2013\\\/02\\\/24\\\/presentazione-delle-tesi-di-laurea-con-il-fai-primo-incontro-martedi-in-sala-bianchi\\\/#breadcrumb\",\"itemListElement\":[{\"@type\":\"ListItem\",\"position\":1,\"name\":\"Home\",\"item\":\"https:\\\/\\\/www.bellunopress.it\\\/\"},{\"@type\":\"ListItem\",\"position\":2,\"name\":\"Presentazione delle tesi di laurea con il Fai. Primo incontro marted\u00ec in Sala Bianchi\"}]},{\"@type\":\"WebSite\",\"@id\":\"https:\\\/\\\/www.bellunopress.it\\\/#website\",\"url\":\"https:\\\/\\\/www.bellunopress.it\\\/\",\"name\":\"Bellunopress - Dolomiti\",\"description\":\"e-mail: redazione@bellunopress.it\",\"publisher\":{\"@id\":\"https:\\\/\\\/www.bellunopress.it\\\/#organization\"},\"potentialAction\":[{\"@type\":\"SearchAction\",\"target\":{\"@type\":\"EntryPoint\",\"urlTemplate\":\"https:\\\/\\\/www.bellunopress.it\\\/?s={search_term_string}\"},\"query-input\":{\"@type\":\"PropertyValueSpecification\",\"valueRequired\":true,\"valueName\":\"search_term_string\"}}],\"inLanguage\":\"fr-FR\"},{\"@type\":\"Organization\",\"@id\":\"https:\\\/\\\/www.bellunopress.it\\\/#organization\",\"name\":\"Bellunopress\",\"url\":\"https:\\\/\\\/www.bellunopress.it\\\/\",\"logo\":{\"@type\":\"ImageObject\",\"inLanguage\":\"fr-FR\",\"@id\":\"https:\\\/\\\/www.bellunopress.it\\\/#\\\/schema\\\/logo\\\/image\\\/\",\"url\":\"https:\\\/\\\/www.bellunopress.it\\\/wp-content\\\/uploads\\\/2011\\\/05\\\/cropped-logo-bellunopress-.jpg\",\"contentUrl\":\"https:\\\/\\\/www.bellunopress.it\\\/wp-content\\\/uploads\\\/2011\\\/05\\\/cropped-logo-bellunopress-.jpg\",\"width\":512,\"height\":512,\"caption\":\"Bellunopress\"},\"image\":{\"@id\":\"https:\\\/\\\/www.bellunopress.it\\\/#\\\/schema\\\/logo\\\/image\\\/\"},\"sameAs\":[\"https:\\\/\\\/www.facebook.com\\\/profile.php?id=100008943462799\",\"https:\\\/\\\/x.com\\\/bellunopress\",\"https:\\\/\\\/www.linkedin.com\\\/hp\\\/?dnr=JBzUWaJfMUw8vbXJJ2tVW5-I3jZKvC4wsoxE&amp;amp;amp;amp;amp;amp;trk=nav_responsive_tab_home\",\"https:\\\/\\\/www.youtube.com\\\/channel\\\/UCxL0wu1uN0_3_7hGG0306cw\"]},{\"@type\":\"Person\",\"@id\":\"https:\\\/\\\/www.bellunopress.it\\\/#\\\/schema\\\/person\\\/79bb06722b37ece1c03d3e94beb30d73\",\"name\":\"redazione\",\"image\":{\"@type\":\"ImageObject\",\"inLanguage\":\"fr-FR\",\"@id\":\"https:\\\/\\\/secure.gravatar.com\\\/avatar\\\/37d968a2e67a6fd04c169c4bdef102d0bc5d31b2546345219e348575eb80e9a0?s=96&d=mm&r=g\",\"url\":\"https:\\\/\\\/secure.gravatar.com\\\/avatar\\\/37d968a2e67a6fd04c169c4bdef102d0bc5d31b2546345219e348575eb80e9a0?s=96&d=mm&r=g\",\"contentUrl\":\"https:\\\/\\\/secure.gravatar.com\\\/avatar\\\/37d968a2e67a6fd04c169c4bdef102d0bc5d31b2546345219e348575eb80e9a0?s=96&d=mm&r=g\",\"caption\":\"redazione\"},\"sameAs\":[\"http:\\\/\\\/www.bellunopress.it\",\"https:\\\/\\\/x.com\\\/bellunopress\"],\"url\":\"https:\\\/\\\/www.bellunopress.it\\\/fr\\\/author\\\/redazione\\\/\"}]}<\/script>\n<!-- \/ Yoast SEO plugin. -->","yoast_head_json":{"title":"Presentazione delle tesi di laurea con il Fai. Primo incontro marted\u00ec in Sala Bianchi - Bellunopress - Dolomiti","robots":{"index":"index","follow":"follow","max-snippet":"max-snippet:-1","max-image-preview":"max-image-preview:large","max-video-preview":"max-video-preview:-1"},"canonical":"https:\/\/www.bellunopress.it\/fr\/2013\/02\/24\/presentazione-delle-tesi-di-laurea-con-il-fai-primo-incontro-martedi-in-sala-bianchi\/","og_locale":"fr_FR","og_type":"article","og_title":"Presentazione delle tesi di laurea con il Fai. Primo incontro marted\u00ec in Sala Bianchi - Bellunopress - Dolomiti","og_description":"Il Fai Fondo Ambiente Italiano) ha come finalit\u00e0 l&#8217;educazione e la sensibilizzazione della collettivit\u00e0 alla conoscenza, al rispetto e alla difesa dell&#8217;ambiente e del patrimonio artistico e monumentale per la fruizione di tutti. La Delegazione FAI Di Belluno con il progetto \u201cCon il FAI si pu\u00f2\u201d intende diffondere e promuovere, con pubblici incontri mensili, tesi [&hellip;]","og_url":"https:\/\/www.bellunopress.it\/fr\/2013\/02\/24\/presentazione-delle-tesi-di-laurea-con-il-fai-primo-incontro-martedi-in-sala-bianchi\/","og_site_name":"Bellunopress - Dolomiti","article_publisher":"https:\/\/www.facebook.com\/profile.php?id=100008943462799","article_published_time":"2013-02-24T21:32:50+00:00","og_image":[{"url":"http:\/\/www.bellunopress.it\/wp-content\/uploads\/2012\/07\/logo-bellunopress-250x250-2012.jpg","type":"","width":"","height":""}],"author":"redazione","twitter_card":"summary_large_image","twitter_creator":"@bellunopress","twitter_site":"@bellunopress","twitter_misc":{"\u00c9crit par":"redazione","Dur\u00e9e de lecture estim\u00e9e":"1 minute"},"schema":{"@context":"https:\/\/schema.org","@graph":[{"@type":"Article","@id":"https:\/\/www.bellunopress.it\/2013\/02\/24\/presentazione-delle-tesi-di-laurea-con-il-fai-primo-incontro-martedi-in-sala-bianchi\/#article","isPartOf":{"@id":"https:\/\/www.bellunopress.it\/2013\/02\/24\/presentazione-delle-tesi-di-laurea-con-il-fai-primo-incontro-martedi-in-sala-bianchi\/"},"author":{"name":"redazione","@id":"https:\/\/www.bellunopress.it\/#\/schema\/person\/79bb06722b37ece1c03d3e94beb30d73"},"headline":"Presentazione delle tesi di laurea con il Fai. Primo incontro marted\u00ec in Sala Bianchi","datePublished":"2013-02-24T21:32:50+00:00","mainEntityOfPage":{"@id":"https:\/\/www.bellunopress.it\/2013\/02\/24\/presentazione-delle-tesi-di-laurea-con-il-fai-primo-incontro-martedi-in-sala-bianchi\/"},"wordCount":206,"publisher":{"@id":"https:\/\/www.bellunopress.it\/#organization"},"articleSection":["Appuntamenti, Eventi","Arte, Cultura, Spettacoli, Scienza","Pausa Caff\u00e8"],"inLanguage":"fr-FR"},{"@type":"WebPage","@id":"https:\/\/www.bellunopress.it\/2013\/02\/24\/presentazione-delle-tesi-di-laurea-con-il-fai-primo-incontro-martedi-in-sala-bianchi\/","url":"https:\/\/www.bellunopress.it\/2013\/02\/24\/presentazione-delle-tesi-di-laurea-con-il-fai-primo-incontro-martedi-in-sala-bianchi\/","name":"Presentazione delle tesi di laurea con il Fai. Primo incontro marted\u00ec in Sala Bianchi - Bellunopress - Dolomiti","isPartOf":{"@id":"https:\/\/www.bellunopress.it\/#website"},"datePublished":"2013-02-24T21:32:50+00:00","breadcrumb":{"@id":"https:\/\/www.bellunopress.it\/2013\/02\/24\/presentazione-delle-tesi-di-laurea-con-il-fai-primo-incontro-martedi-in-sala-bianchi\/#breadcrumb"},"inLanguage":"fr-FR","potentialAction":[{"@type":"ReadAction","target":["https:\/\/www.bellunopress.it\/2013\/02\/24\/presentazione-delle-tesi-di-laurea-con-il-fai-primo-incontro-martedi-in-sala-bianchi\/"]}]},{"@type":"BreadcrumbList","@id":"https:\/\/www.bellunopress.it\/2013\/02\/24\/presentazione-delle-tesi-di-laurea-con-il-fai-primo-incontro-martedi-in-sala-bianchi\/#breadcrumb","itemListElement":[{"@type":"ListItem","position":1,"name":"Home","item":"https:\/\/www.bellunopress.it\/"},{"@type":"ListItem","position":2,"name":"Presentazione delle tesi di laurea con il Fai. Primo incontro marted\u00ec in Sala Bianchi"}]},{"@type":"WebSite","@id":"https:\/\/www.bellunopress.it\/#website","url":"https:\/\/www.bellunopress.it\/","name":"Bellunopress - Dolomiti","description":"e-mail: redazione@bellunopress.it","publisher":{"@id":"https:\/\/www.bellunopress.it\/#organization"},"potentialAction":[{"@type":"SearchAction","target":{"@type":"EntryPoint","urlTemplate":"https:\/\/www.bellunopress.it\/?s={search_term_string}"},"query-input":{"@type":"PropertyValueSpecification","valueRequired":true,"valueName":"search_term_string"}}],"inLanguage":"fr-FR"},{"@type":"Organization","@id":"https:\/\/www.bellunopress.it\/#organization","name":"Bellunopress","url":"https:\/\/www.bellunopress.it\/","logo":{"@type":"ImageObject","inLanguage":"fr-FR","@id":"https:\/\/www.bellunopress.it\/#\/schema\/logo\/image\/","url":"https:\/\/www.bellunopress.it\/wp-content\/uploads\/2011\/05\/cropped-logo-bellunopress-.jpg","contentUrl":"https:\/\/www.bellunopress.it\/wp-content\/uploads\/2011\/05\/cropped-logo-bellunopress-.jpg","width":512,"height":512,"caption":"Bellunopress"},"image":{"@id":"https:\/\/www.bellunopress.it\/#\/schema\/logo\/image\/"},"sameAs":["https:\/\/www.facebook.com\/profile.php?id=100008943462799","https:\/\/x.com\/bellunopress","https:\/\/www.linkedin.com\/hp\/?dnr=JBzUWaJfMUw8vbXJJ2tVW5-I3jZKvC4wsoxE&amp;amp;amp;amp;amp;amp;trk=nav_responsive_tab_home","https:\/\/www.youtube.com\/channel\/UCxL0wu1uN0_3_7hGG0306cw"]},{"@type":"Person","@id":"https:\/\/www.bellunopress.it\/#\/schema\/person\/79bb06722b37ece1c03d3e94beb30d73","name":"r\u00e9daction","image":{"@type":"ImageObject","inLanguage":"fr-FR","@id":"https:\/\/secure.gravatar.com\/avatar\/37d968a2e67a6fd04c169c4bdef102d0bc5d31b2546345219e348575eb80e9a0?s=96&d=mm&r=g","url":"https:\/\/secure.gravatar.com\/avatar\/37d968a2e67a6fd04c169c4bdef102d0bc5d31b2546345219e348575eb80e9a0?s=96&d=mm&r=g","contentUrl":"https:\/\/secure.gravatar.com\/avatar\/37d968a2e67a6fd04c169c4bdef102d0bc5d31b2546345219e348575eb80e9a0?s=96&d=mm&r=g","caption":"redazione"},"sameAs":["http:\/\/www.bellunopress.it","https:\/\/x.com\/bellunopress"],"url":"https:\/\/www.bellunopress.it\/fr\/author\/redazione\/"}]}},"_links":{"self":[{"href":"https:\/\/www.bellunopress.it\/fr\/wp-json\/wp\/v2\/posts\/46597","targetHints":{"allow":["GET"]}}],"collection":[{"href":"https:\/\/www.bellunopress.it\/fr\/wp-json\/wp\/v2\/posts"}],"about":[{"href":"https:\/\/www.bellunopress.it\/fr\/wp-json\/wp\/v2\/types\/post"}],"author":[{"embeddable":true,"href":"https:\/\/www.bellunopress.it\/fr\/wp-json\/wp\/v2\/users\/2"}],"replies":[{"embeddable":true,"href":"https:\/\/www.bellunopress.it\/fr\/wp-json\/wp\/v2\/comments?post=46597"}],"version-history":[{"count":1,"href":"https:\/\/www.bellunopress.it\/fr\/wp-json\/wp\/v2\/posts\/46597\/revisions"}],"predecessor-version":[{"id":46598,"href":"https:\/\/www.bellunopress.it\/fr\/wp-json\/wp\/v2\/posts\/46597\/revisions\/46598"}],"wp:attachment":[{"href":"https:\/\/www.bellunopress.it\/fr\/wp-json\/wp\/v2\/media?parent=46597"}],"wp:term":[{"taxonomy":"category","embeddable":true,"href":"https:\/\/www.bellunopress.it\/fr\/wp-json\/wp\/v2\/categories?post=46597"},{"taxonomy":"post_tag","embeddable":true,"href":"https:\/\/www.bellunopress.it\/fr\/wp-json\/wp\/v2\/tags?post=46597"}],"curies":[{"name":"wp","href":"https:\/\/api.w.org\/{rel}","templated":true}]}}