{"id":46562,"date":"2013-02-09T15:54:18","date_gmt":"2013-02-09T14:54:18","guid":{"rendered":"http:\/\/www.bellunopress.it\/?p=46562"},"modified":"2013-02-09T15:54:18","modified_gmt":"2013-02-09T14:54:18","slug":"lunedi-e-martedi-ritorna-la-neve-anche-a-bassa-quota","status":"publish","type":"post","link":"https:\/\/www.bellunopress.it\/fr\/2013\/02\/09\/lunedi-e-martedi-ritorna-la-neve-anche-a-bassa-quota\/","title":{"rendered":"Luned\u00ec e marted\u00ec ritorna la neve anche a bassa quota"},"content":{"rendered":"<p><a href=\"http:\/\/www.bellunopress.it\/wp-content\/uploads\/2012\/05\/meteo.jpg\"><img loading=\"lazy\" decoding=\"async\" class=\"alignleft size-full wp-image-38120\" alt=\"meteo\" src=\"http:\/\/www.bellunopress.it\/wp-content\/uploads\/2012\/05\/meteo.jpg\" width=\"150\" height=\"123\" \/><\/a>Meteo Veneto, emesso dal Centro Funzionale Decentrato della Regione del Veneto il 9 febbraio alle ore 13:00 prevede per le giornate di luned\u00ec 11 e marted\u00ec 12 febbraio 2013, ed in particolare tra il pomeriggio di luned\u00ec e la mattinata di marted\u00ec, precipitazioni diffuse, nevose fino in pianura, con possibili accumuli di neve significativi (indicativamente 5-20 cm) nei fondovalle prealpini, su zone collinari, pedemontane e su gran parte della pianura (tranne quella sud orientale), al fine di garantire un monitoraggio costante della situazione e la massima prontezza operativa del Sistema Regionale di Protezione Civile, per Nevicate si dichiara lo<br \/>\nSTATO DI ATTENZIONE<br \/>\ndal 11\/02\/2013 ore 8:00 fino al 12\/02\/2013 ore 14.00 per fondovalle prealpini, zone collinari, pedemontane e gran parte della pianura, del territorio regionale.<br \/>\nAl momento non \u00e8 attivata la sala operativa di Coordinamento Regionale in Emergenza (Co.R.Em.). \u00c8 in ogni caso attivo il servizio di reperibilit\u00e0 al Numero Verde 800 990 009 per la segnalazione di ogni eventuale situazione di emergenza.<\/p>","protected":false},"excerpt":{"rendered":"<p>Meteo Veneto, emesso dal Centro Funzionale Decentrato della Regione del Veneto il 9 febbraio alle ore 13:00 prevede per le giornate di luned\u00ec 11 e marted\u00ec 12 febbraio 2013, ed in particolare tra il pomeriggio di luned\u00ec e la mattinata di marted\u00ec, precipitazioni diffuse, nevose fino in pianura, con possibili accumuli di neve significativi (indicativamente [&hellip;]<\/p>\n","protected":false},"author":2,"featured_media":0,"comment_status":"closed","ping_status":"open","sticky":false,"template":"","format":"standard","meta":{"footnotes":""},"categories":[38,26,8],"tags":[],"class_list":["post-46562","post","type-post","status-publish","format-standard","category-natura-ambiente","category-prima-pagina","category-societa-istituzioni"],"yoast_head":"<!-- This site is optimized with the Yoast SEO plugin v28.4 - https:\/\/yoast.com\/product\/yoast-seo-wordpress\/ -->\n<title>Luned\u00ec e marted\u00ec ritorna la neve anche a bassa quota - Bellunopress - Dolomiti<\/title>\n<meta name=\"robots\" content=\"index, follow, max-snippet:-1, max-image-preview:large, max-video-preview:-1\" \/>\n<link rel=\"canonical\" href=\"https:\/\/www.bellunopress.it\/fr\/2013\/02\/09\/lunedi-e-martedi-ritorna-la-neve-anche-a-bassa-quota\/\" \/>\n<meta property=\"og:locale\" content=\"fr_FR\" \/>\n<meta property=\"og:type\" content=\"article\" \/>\n<meta property=\"og:title\" content=\"Luned\u00ec e marted\u00ec ritorna la neve anche a bassa quota - Bellunopress - Dolomiti\" \/>\n<meta property=\"og:description\" content=\"Meteo Veneto, emesso dal Centro Funzionale Decentrato della Regione del Veneto il 9 febbraio alle ore 13:00 prevede per le giornate di luned\u00ec 11 e marted\u00ec 12 febbraio 2013, ed in particolare tra il pomeriggio di luned\u00ec e la mattinata di marted\u00ec, precipitazioni diffuse, nevose fino in pianura, con possibili accumuli di neve significativi (indicativamente [&hellip;]\" \/>\n<meta property=\"og:url\" content=\"https:\/\/www.bellunopress.it\/fr\/2013\/02\/09\/lunedi-e-martedi-ritorna-la-neve-anche-a-bassa-quota\/\" \/>\n<meta property=\"og:site_name\" content=\"Bellunopress - Dolomiti\" \/>\n<meta property=\"article:publisher\" content=\"https:\/\/www.facebook.com\/profile.php?id=100008943462799\" \/>\n<meta property=\"article:published_time\" content=\"2013-02-09T14:54:18+00:00\" \/>\n<meta property=\"og:image\" content=\"http:\/\/www.bellunopress.it\/wp-content\/uploads\/2012\/05\/meteo.jpg\" \/>\n<meta name=\"author\" content=\"redazione\" \/>\n<meta name=\"twitter:card\" content=\"summary_large_image\" \/>\n<meta name=\"twitter:creator\" content=\"@bellunopress\" \/>\n<meta name=\"twitter:site\" content=\"@bellunopress\" \/>\n<meta name=\"twitter:label1\" content=\"\u00c9crit par\" \/>\n\t<meta name=\"twitter:data1\" content=\"redazione\" \/>\n\t<meta name=\"twitter:label2\" content=\"Dur\u00e9e de lecture estim\u00e9e\" \/>\n\t<meta name=\"twitter:data2\" content=\"1 minute\" \/>\n<script type=\"application\/ld+json\" class=\"yoast-schema-graph\">{\"@context\":\"https:\\\/\\\/schema.org\",\"@graph\":[{\"@type\":\"Article\",\"@id\":\"https:\\\/\\\/www.bellunopress.it\\\/2013\\\/02\\\/09\\\/lunedi-e-martedi-ritorna-la-neve-anche-a-bassa-quota\\\/#article\",\"isPartOf\":{\"@id\":\"https:\\\/\\\/www.bellunopress.it\\\/2013\\\/02\\\/09\\\/lunedi-e-martedi-ritorna-la-neve-anche-a-bassa-quota\\\/\"},\"author\":{\"name\":\"redazione\",\"@id\":\"https:\\\/\\\/www.bellunopress.it\\\/#\\\/schema\\\/person\\\/79bb06722b37ece1c03d3e94beb30d73\"},\"headline\":\"Luned\u00ec e marted\u00ec ritorna la neve anche a bassa quota\",\"datePublished\":\"2013-02-09T14:54:18+00:00\",\"mainEntityOfPage\":{\"@id\":\"https:\\\/\\\/www.bellunopress.it\\\/2013\\\/02\\\/09\\\/lunedi-e-martedi-ritorna-la-neve-anche-a-bassa-quota\\\/\"},\"wordCount\":161,\"publisher\":{\"@id\":\"https:\\\/\\\/www.bellunopress.it\\\/#organization\"},\"image\":{\"@id\":\"https:\\\/\\\/www.bellunopress.it\\\/2013\\\/02\\\/09\\\/lunedi-e-martedi-ritorna-la-neve-anche-a-bassa-quota\\\/#primaryimage\"},\"thumbnailUrl\":\"http:\\\/\\\/www.bellunopress.it\\\/wp-content\\\/uploads\\\/2012\\\/05\\\/meteo.jpg\",\"articleSection\":[\"Meteo, natura, ambiente, animali\",\"Prima Pagina\",\"Societ\u00e0, Associazioni, Istituzioni\"],\"inLanguage\":\"fr-FR\"},{\"@type\":\"WebPage\",\"@id\":\"https:\\\/\\\/www.bellunopress.it\\\/2013\\\/02\\\/09\\\/lunedi-e-martedi-ritorna-la-neve-anche-a-bassa-quota\\\/\",\"url\":\"https:\\\/\\\/www.bellunopress.it\\\/2013\\\/02\\\/09\\\/lunedi-e-martedi-ritorna-la-neve-anche-a-bassa-quota\\\/\",\"name\":\"Luned\u00ec e marted\u00ec ritorna la neve anche a bassa quota - Bellunopress - Dolomiti\",\"isPartOf\":{\"@id\":\"https:\\\/\\\/www.bellunopress.it\\\/#website\"},\"primaryImageOfPage\":{\"@id\":\"https:\\\/\\\/www.bellunopress.it\\\/2013\\\/02\\\/09\\\/lunedi-e-martedi-ritorna-la-neve-anche-a-bassa-quota\\\/#primaryimage\"},\"image\":{\"@id\":\"https:\\\/\\\/www.bellunopress.it\\\/2013\\\/02\\\/09\\\/lunedi-e-martedi-ritorna-la-neve-anche-a-bassa-quota\\\/#primaryimage\"},\"thumbnailUrl\":\"http:\\\/\\\/www.bellunopress.it\\\/wp-content\\\/uploads\\\/2012\\\/05\\\/meteo.jpg\",\"datePublished\":\"2013-02-09T14:54:18+00:00\",\"breadcrumb\":{\"@id\":\"https:\\\/\\\/www.bellunopress.it\\\/2013\\\/02\\\/09\\\/lunedi-e-martedi-ritorna-la-neve-anche-a-bassa-quota\\\/#breadcrumb\"},\"inLanguage\":\"fr-FR\",\"potentialAction\":[{\"@type\":\"ReadAction\",\"target\":[\"https:\\\/\\\/www.bellunopress.it\\\/2013\\\/02\\\/09\\\/lunedi-e-martedi-ritorna-la-neve-anche-a-bassa-quota\\\/\"]}]},{\"@type\":\"ImageObject\",\"inLanguage\":\"fr-FR\",\"@id\":\"https:\\\/\\\/www.bellunopress.it\\\/2013\\\/02\\\/09\\\/lunedi-e-martedi-ritorna-la-neve-anche-a-bassa-quota\\\/#primaryimage\",\"url\":\"http:\\\/\\\/www.bellunopress.it\\\/wp-content\\\/uploads\\\/2012\\\/05\\\/meteo.jpg\",\"contentUrl\":\"http:\\\/\\\/www.bellunopress.it\\\/wp-content\\\/uploads\\\/2012\\\/05\\\/meteo.jpg\"},{\"@type\":\"BreadcrumbList\",\"@id\":\"https:\\\/\\\/www.bellunopress.it\\\/2013\\\/02\\\/09\\\/lunedi-e-martedi-ritorna-la-neve-anche-a-bassa-quota\\\/#breadcrumb\",\"itemListElement\":[{\"@type\":\"ListItem\",\"position\":1,\"name\":\"Home\",\"item\":\"https:\\\/\\\/www.bellunopress.it\\\/\"},{\"@type\":\"ListItem\",\"position\":2,\"name\":\"Luned\u00ec e marted\u00ec ritorna la neve anche a bassa quota\"}]},{\"@type\":\"WebSite\",\"@id\":\"https:\\\/\\\/www.bellunopress.it\\\/#website\",\"url\":\"https:\\\/\\\/www.bellunopress.it\\\/\",\"name\":\"Bellunopress - Dolomiti\",\"description\":\"e-mail: redazione@bellunopress.it\",\"publisher\":{\"@id\":\"https:\\\/\\\/www.bellunopress.it\\\/#organization\"},\"potentialAction\":[{\"@type\":\"SearchAction\",\"target\":{\"@type\":\"EntryPoint\",\"urlTemplate\":\"https:\\\/\\\/www.bellunopress.it\\\/?s={search_term_string}\"},\"query-input\":{\"@type\":\"PropertyValueSpecification\",\"valueRequired\":true,\"valueName\":\"search_term_string\"}}],\"inLanguage\":\"fr-FR\"},{\"@type\":\"Organization\",\"@id\":\"https:\\\/\\\/www.bellunopress.it\\\/#organization\",\"name\":\"Bellunopress\",\"url\":\"https:\\\/\\\/www.bellunopress.it\\\/\",\"logo\":{\"@type\":\"ImageObject\",\"inLanguage\":\"fr-FR\",\"@id\":\"https:\\\/\\\/www.bellunopress.it\\\/#\\\/schema\\\/logo\\\/image\\\/\",\"url\":\"https:\\\/\\\/www.bellunopress.it\\\/wp-content\\\/uploads\\\/2011\\\/05\\\/cropped-logo-bellunopress-.jpg\",\"contentUrl\":\"https:\\\/\\\/www.bellunopress.it\\\/wp-content\\\/uploads\\\/2011\\\/05\\\/cropped-logo-bellunopress-.jpg\",\"width\":512,\"height\":512,\"caption\":\"Bellunopress\"},\"image\":{\"@id\":\"https:\\\/\\\/www.bellunopress.it\\\/#\\\/schema\\\/logo\\\/image\\\/\"},\"sameAs\":[\"https:\\\/\\\/www.facebook.com\\\/profile.php?id=100008943462799\",\"https:\\\/\\\/x.com\\\/bellunopress\",\"https:\\\/\\\/www.linkedin.com\\\/hp\\\/?dnr=JBzUWaJfMUw8vbXJJ2tVW5-I3jZKvC4wsoxE&amp;amp;amp;amp;amp;amp;trk=nav_responsive_tab_home\",\"https:\\\/\\\/www.youtube.com\\\/channel\\\/UCxL0wu1uN0_3_7hGG0306cw\"]},{\"@type\":\"Person\",\"@id\":\"https:\\\/\\\/www.bellunopress.it\\\/#\\\/schema\\\/person\\\/79bb06722b37ece1c03d3e94beb30d73\",\"name\":\"redazione\",\"image\":{\"@type\":\"ImageObject\",\"inLanguage\":\"fr-FR\",\"@id\":\"https:\\\/\\\/secure.gravatar.com\\\/avatar\\\/37d968a2e67a6fd04c169c4bdef102d0bc5d31b2546345219e348575eb80e9a0?s=96&d=mm&r=g\",\"url\":\"https:\\\/\\\/secure.gravatar.com\\\/avatar\\\/37d968a2e67a6fd04c169c4bdef102d0bc5d31b2546345219e348575eb80e9a0?s=96&d=mm&r=g\",\"contentUrl\":\"https:\\\/\\\/secure.gravatar.com\\\/avatar\\\/37d968a2e67a6fd04c169c4bdef102d0bc5d31b2546345219e348575eb80e9a0?s=96&d=mm&r=g\",\"caption\":\"redazione\"},\"sameAs\":[\"http:\\\/\\\/www.bellunopress.it\",\"https:\\\/\\\/x.com\\\/bellunopress\"],\"url\":\"https:\\\/\\\/www.bellunopress.it\\\/fr\\\/author\\\/redazione\\\/\"}]}<\/script>\n<!-- \/ Yoast SEO plugin. -->","yoast_head_json":{"title":"Luned\u00ec e marted\u00ec ritorna la neve anche a bassa quota - Bellunopress - Dolomiti","robots":{"index":"index","follow":"follow","max-snippet":"max-snippet:-1","max-image-preview":"max-image-preview:large","max-video-preview":"max-video-preview:-1"},"canonical":"https:\/\/www.bellunopress.it\/fr\/2013\/02\/09\/lunedi-e-martedi-ritorna-la-neve-anche-a-bassa-quota\/","og_locale":"fr_FR","og_type":"article","og_title":"Luned\u00ec e marted\u00ec ritorna la neve anche a bassa quota - Bellunopress - Dolomiti","og_description":"Meteo Veneto, emesso dal Centro Funzionale Decentrato della Regione del Veneto il 9 febbraio alle ore 13:00 prevede per le giornate di luned\u00ec 11 e marted\u00ec 12 febbraio 2013, ed in particolare tra il pomeriggio di luned\u00ec e la mattinata di marted\u00ec, precipitazioni diffuse, nevose fino in pianura, con possibili accumuli di neve significativi (indicativamente [&hellip;]","og_url":"https:\/\/www.bellunopress.it\/fr\/2013\/02\/09\/lunedi-e-martedi-ritorna-la-neve-anche-a-bassa-quota\/","og_site_name":"Bellunopress - Dolomiti","article_publisher":"https:\/\/www.facebook.com\/profile.php?id=100008943462799","article_published_time":"2013-02-09T14:54:18+00:00","og_image":[{"url":"http:\/\/www.bellunopress.it\/wp-content\/uploads\/2012\/05\/meteo.jpg","type":"","width":"","height":""}],"author":"redazione","twitter_card":"summary_large_image","twitter_creator":"@bellunopress","twitter_site":"@bellunopress","twitter_misc":{"\u00c9crit par":"redazione","Dur\u00e9e de lecture estim\u00e9e":"1 minute"},"schema":{"@context":"https:\/\/schema.org","@graph":[{"@type":"Article","@id":"https:\/\/www.bellunopress.it\/2013\/02\/09\/lunedi-e-martedi-ritorna-la-neve-anche-a-bassa-quota\/#article","isPartOf":{"@id":"https:\/\/www.bellunopress.it\/2013\/02\/09\/lunedi-e-martedi-ritorna-la-neve-anche-a-bassa-quota\/"},"author":{"name":"redazione","@id":"https:\/\/www.bellunopress.it\/#\/schema\/person\/79bb06722b37ece1c03d3e94beb30d73"},"headline":"Luned\u00ec e marted\u00ec ritorna la neve anche a bassa quota","datePublished":"2013-02-09T14:54:18+00:00","mainEntityOfPage":{"@id":"https:\/\/www.bellunopress.it\/2013\/02\/09\/lunedi-e-martedi-ritorna-la-neve-anche-a-bassa-quota\/"},"wordCount":161,"publisher":{"@id":"https:\/\/www.bellunopress.it\/#organization"},"image":{"@id":"https:\/\/www.bellunopress.it\/2013\/02\/09\/lunedi-e-martedi-ritorna-la-neve-anche-a-bassa-quota\/#primaryimage"},"thumbnailUrl":"http:\/\/www.bellunopress.it\/wp-content\/uploads\/2012\/05\/meteo.jpg","articleSection":["Meteo, natura, ambiente, animali","Prima Pagina","Societ\u00e0, Associazioni, Istituzioni"],"inLanguage":"fr-FR"},{"@type":"WebPage","@id":"https:\/\/www.bellunopress.it\/2013\/02\/09\/lunedi-e-martedi-ritorna-la-neve-anche-a-bassa-quota\/","url":"https:\/\/www.bellunopress.it\/2013\/02\/09\/lunedi-e-martedi-ritorna-la-neve-anche-a-bassa-quota\/","name":"Luned\u00ec e marted\u00ec ritorna la neve anche a bassa quota - Bellunopress - Dolomiti","isPartOf":{"@id":"https:\/\/www.bellunopress.it\/#website"},"primaryImageOfPage":{"@id":"https:\/\/www.bellunopress.it\/2013\/02\/09\/lunedi-e-martedi-ritorna-la-neve-anche-a-bassa-quota\/#primaryimage"},"image":{"@id":"https:\/\/www.bellunopress.it\/2013\/02\/09\/lunedi-e-martedi-ritorna-la-neve-anche-a-bassa-quota\/#primaryimage"},"thumbnailUrl":"http:\/\/www.bellunopress.it\/wp-content\/uploads\/2012\/05\/meteo.jpg","datePublished":"2013-02-09T14:54:18+00:00","breadcrumb":{"@id":"https:\/\/www.bellunopress.it\/2013\/02\/09\/lunedi-e-martedi-ritorna-la-neve-anche-a-bassa-quota\/#breadcrumb"},"inLanguage":"fr-FR","potentialAction":[{"@type":"ReadAction","target":["https:\/\/www.bellunopress.it\/2013\/02\/09\/lunedi-e-martedi-ritorna-la-neve-anche-a-bassa-quota\/"]}]},{"@type":"ImageObject","inLanguage":"fr-FR","@id":"https:\/\/www.bellunopress.it\/2013\/02\/09\/lunedi-e-martedi-ritorna-la-neve-anche-a-bassa-quota\/#primaryimage","url":"http:\/\/www.bellunopress.it\/wp-content\/uploads\/2012\/05\/meteo.jpg","contentUrl":"http:\/\/www.bellunopress.it\/wp-content\/uploads\/2012\/05\/meteo.jpg"},{"@type":"BreadcrumbList","@id":"https:\/\/www.bellunopress.it\/2013\/02\/09\/lunedi-e-martedi-ritorna-la-neve-anche-a-bassa-quota\/#breadcrumb","itemListElement":[{"@type":"ListItem","position":1,"name":"Home","item":"https:\/\/www.bellunopress.it\/"},{"@type":"ListItem","position":2,"name":"Luned\u00ec e marted\u00ec ritorna la neve anche a bassa quota"}]},{"@type":"WebSite","@id":"https:\/\/www.bellunopress.it\/#website","url":"https:\/\/www.bellunopress.it\/","name":"Bellunopress - Dolomiti","description":"e-mail: redazione@bellunopress.it","publisher":{"@id":"https:\/\/www.bellunopress.it\/#organization"},"potentialAction":[{"@type":"SearchAction","target":{"@type":"EntryPoint","urlTemplate":"https:\/\/www.bellunopress.it\/?s={search_term_string}"},"query-input":{"@type":"PropertyValueSpecification","valueRequired":true,"valueName":"search_term_string"}}],"inLanguage":"fr-FR"},{"@type":"Organization","@id":"https:\/\/www.bellunopress.it\/#organization","name":"Bellunopress","url":"https:\/\/www.bellunopress.it\/","logo":{"@type":"ImageObject","inLanguage":"fr-FR","@id":"https:\/\/www.bellunopress.it\/#\/schema\/logo\/image\/","url":"https:\/\/www.bellunopress.it\/wp-content\/uploads\/2011\/05\/cropped-logo-bellunopress-.jpg","contentUrl":"https:\/\/www.bellunopress.it\/wp-content\/uploads\/2011\/05\/cropped-logo-bellunopress-.jpg","width":512,"height":512,"caption":"Bellunopress"},"image":{"@id":"https:\/\/www.bellunopress.it\/#\/schema\/logo\/image\/"},"sameAs":["https:\/\/www.facebook.com\/profile.php?id=100008943462799","https:\/\/x.com\/bellunopress","https:\/\/www.linkedin.com\/hp\/?dnr=JBzUWaJfMUw8vbXJJ2tVW5-I3jZKvC4wsoxE&amp;amp;amp;amp;amp;amp;trk=nav_responsive_tab_home","https:\/\/www.youtube.com\/channel\/UCxL0wu1uN0_3_7hGG0306cw"]},{"@type":"Person","@id":"https:\/\/www.bellunopress.it\/#\/schema\/person\/79bb06722b37ece1c03d3e94beb30d73","name":"r\u00e9daction","image":{"@type":"ImageObject","inLanguage":"fr-FR","@id":"https:\/\/secure.gravatar.com\/avatar\/37d968a2e67a6fd04c169c4bdef102d0bc5d31b2546345219e348575eb80e9a0?s=96&d=mm&r=g","url":"https:\/\/secure.gravatar.com\/avatar\/37d968a2e67a6fd04c169c4bdef102d0bc5d31b2546345219e348575eb80e9a0?s=96&d=mm&r=g","contentUrl":"https:\/\/secure.gravatar.com\/avatar\/37d968a2e67a6fd04c169c4bdef102d0bc5d31b2546345219e348575eb80e9a0?s=96&d=mm&r=g","caption":"redazione"},"sameAs":["http:\/\/www.bellunopress.it","https:\/\/x.com\/bellunopress"],"url":"https:\/\/www.bellunopress.it\/fr\/author\/redazione\/"}]}},"_links":{"self":[{"href":"https:\/\/www.bellunopress.it\/fr\/wp-json\/wp\/v2\/posts\/46562","targetHints":{"allow":["GET"]}}],"collection":[{"href":"https:\/\/www.bellunopress.it\/fr\/wp-json\/wp\/v2\/posts"}],"about":[{"href":"https:\/\/www.bellunopress.it\/fr\/wp-json\/wp\/v2\/types\/post"}],"author":[{"embeddable":true,"href":"https:\/\/www.bellunopress.it\/fr\/wp-json\/wp\/v2\/users\/2"}],"replies":[{"embeddable":true,"href":"https:\/\/www.bellunopress.it\/fr\/wp-json\/wp\/v2\/comments?post=46562"}],"version-history":[{"count":1,"href":"https:\/\/www.bellunopress.it\/fr\/wp-json\/wp\/v2\/posts\/46562\/revisions"}],"predecessor-version":[{"id":46563,"href":"https:\/\/www.bellunopress.it\/fr\/wp-json\/wp\/v2\/posts\/46562\/revisions\/46563"}],"wp:attachment":[{"href":"https:\/\/www.bellunopress.it\/fr\/wp-json\/wp\/v2\/media?parent=46562"}],"wp:term":[{"taxonomy":"category","embeddable":true,"href":"https:\/\/www.bellunopress.it\/fr\/wp-json\/wp\/v2\/categories?post=46562"},{"taxonomy":"post_tag","embeddable":true,"href":"https:\/\/www.bellunopress.it\/fr\/wp-json\/wp\/v2\/tags?post=46562"}],"curies":[{"name":"wp","href":"https:\/\/api.w.org\/{rel}","templated":true}]}}