{"id":46560,"date":"2013-02-09T14:47:23","date_gmt":"2013-02-09T13:47:23","guid":{"rendered":"http:\/\/www.bellunopress.it\/?p=46560"},"modified":"2013-02-09T14:47:23","modified_gmt":"2013-02-09T13:47:23","slug":"carnevale-sullalpe-del-nevegal-martedi-grasso-si-scia-in-maschera-e-a-prezzi-agevolati-domenica-test-drive-su-strada-e-su-neve-con-il-tour-volvo-cross-country-days","status":"publish","type":"post","link":"https:\/\/www.bellunopress.it\/fr\/2013\/02\/09\/carnevale-sullalpe-del-nevegal-martedi-grasso-si-scia-in-maschera-e-a-prezzi-agevolati-domenica-test-drive-su-strada-e-su-neve-con-il-tour-volvo-cross-country-days\/","title":{"rendered":"Carnevale sull&#8217;Alpe del Nevegal. Marted\u00ec grasso si scia in maschera e a prezzi agevolati. Domenica test drive su strada e su neve con il tour &#8220;Volvo Cross Country days\u201d"},"content":{"rendered":"<p>Belluno, 9 febbraio 2013 \u2013 Sci e divertimento sull\u2019Alpe del Nevegal. Sono ore intense quelle del Colle bellunese che si appresta a vivere alla grande gli ultimi giorni di Carnevale. Luned\u00ec, 11 febbraio, e marted\u00ec grasso (12 febbraio) si potr\u00e0 sciare sulle piste del comprensorio a prezzi agevolati, vale a dire che il costo dello skipass giornaliero sar\u00e0 quello della bassa stagione (per i dettagli dei prezzi si pu\u00f2 consultare il sito www.alpedelnevegal.it). Marted\u00ec, inoltre, sono previsti diversi momenti di festa e intrattenimento nei locali del piazzale e in quelli delle piste, oltre che la possibilit\u00e0 di sciare in maschera. Sempre il 12, in mattinata, sulla pista Coca si svolger\u00e0 una prova del Circuito della neve del Centro sportivo italiano.<\/p>\n<p>Sabato e domenica, intanto, prima tappa del tour &#8220;Volvo Cross Country days&#8221;: in entrambe le giornate dalle ore 12 alle ore 16 e dalle ore 17 alle ore 19.30 sar\u00e0 possibile effettuare dei test drive su strada e su neve con la nuova Volvo V40 Cross Country. Per informazioni e prenotazioni: 348.8625522.<\/p>","protected":false},"excerpt":{"rendered":"<p>Belluno, 9 febbraio 2013 \u2013 Sci e divertimento sull\u2019Alpe del Nevegal. Sono ore intense quelle del Colle bellunese che si appresta a vivere alla grande gli ultimi giorni di Carnevale. Luned\u00ec, 11 febbraio, e marted\u00ec grasso (12 febbraio) si potr\u00e0 sciare sulle piste del comprensorio a prezzi agevolati, vale a dire che il costo dello [&hellip;]<\/p>\n","protected":false},"author":2,"featured_media":0,"comment_status":"closed","ping_status":"open","sticky":false,"template":"","format":"standard","meta":{"footnotes":""},"categories":[27,25],"tags":[],"class_list":["post-46560","post","type-post","status-publish","format-standard","category-appuntamenti","category-pausa-caffe"],"yoast_head":"<!-- This site is optimized with the Yoast SEO plugin v28.4 - https:\/\/yoast.com\/product\/yoast-seo-wordpress\/ -->\n<title>Carnevale sull&#039;Alpe del Nevegal. Marted\u00ec grasso si scia in maschera e a prezzi agevolati. Domenica test drive su strada e su neve con il tour &quot;Volvo Cross Country days\u201d - Bellunopress - Dolomiti<\/title>\n<meta name=\"robots\" content=\"index, follow, max-snippet:-1, max-image-preview:large, max-video-preview:-1\" \/>\n<link rel=\"canonical\" href=\"https:\/\/www.bellunopress.it\/fr\/2013\/02\/09\/carnevale-sullalpe-del-nevegal-martedi-grasso-si-scia-in-maschera-e-a-prezzi-agevolati-domenica-test-drive-su-strada-e-su-neve-con-il-tour-volvo-cross-country-days\/\" \/>\n<meta property=\"og:locale\" content=\"fr_FR\" \/>\n<meta property=\"og:type\" content=\"article\" \/>\n<meta property=\"og:title\" content=\"Carnevale sull&#039;Alpe del Nevegal. Marted\u00ec grasso si scia in maschera e a prezzi agevolati. Domenica test drive su strada e su neve con il tour &quot;Volvo Cross Country days\u201d - Bellunopress - Dolomiti\" \/>\n<meta property=\"og:description\" content=\"Belluno, 9 febbraio 2013 \u2013 Sci e divertimento sull\u2019Alpe del Nevegal. Sono ore intense quelle del Colle bellunese che si appresta a vivere alla grande gli ultimi giorni di Carnevale. Luned\u00ec, 11 febbraio, e marted\u00ec grasso (12 febbraio) si potr\u00e0 sciare sulle piste del comprensorio a prezzi agevolati, vale a dire che il costo dello [&hellip;]\" \/>\n<meta property=\"og:url\" content=\"https:\/\/www.bellunopress.it\/fr\/2013\/02\/09\/carnevale-sullalpe-del-nevegal-martedi-grasso-si-scia-in-maschera-e-a-prezzi-agevolati-domenica-test-drive-su-strada-e-su-neve-con-il-tour-volvo-cross-country-days\/\" \/>\n<meta property=\"og:site_name\" content=\"Bellunopress - Dolomiti\" \/>\n<meta property=\"article:publisher\" content=\"https:\/\/www.facebook.com\/profile.php?id=100008943462799\" \/>\n<meta property=\"article:published_time\" content=\"2013-02-09T13:47:23+00:00\" \/>\n<meta property=\"og:image\" content=\"http:\/\/www.bellunopress.it\/wp-content\/uploads\/2012\/07\/logo-bellunopress-250x250-2012.jpg\" \/>\n<meta name=\"author\" content=\"redazione\" \/>\n<meta name=\"twitter:card\" content=\"summary_large_image\" \/>\n<meta name=\"twitter:creator\" content=\"@bellunopress\" \/>\n<meta name=\"twitter:site\" content=\"@bellunopress\" \/>\n<meta name=\"twitter:label1\" content=\"\u00c9crit par\" \/>\n\t<meta name=\"twitter:data1\" content=\"redazione\" \/>\n\t<meta name=\"twitter:label2\" content=\"Dur\u00e9e de lecture estim\u00e9e\" \/>\n\t<meta name=\"twitter:data2\" content=\"1 minute\" \/>\n<script type=\"application\/ld+json\" class=\"yoast-schema-graph\">{\"@context\":\"https:\\\/\\\/schema.org\",\"@graph\":[{\"@type\":\"Article\",\"@id\":\"https:\\\/\\\/www.bellunopress.it\\\/2013\\\/02\\\/09\\\/carnevale-sullalpe-del-nevegal-martedi-grasso-si-scia-in-maschera-e-a-prezzi-agevolati-domenica-test-drive-su-strada-e-su-neve-con-il-tour-volvo-cross-country-days\\\/#article\",\"isPartOf\":{\"@id\":\"https:\\\/\\\/www.bellunopress.it\\\/2013\\\/02\\\/09\\\/carnevale-sullalpe-del-nevegal-martedi-grasso-si-scia-in-maschera-e-a-prezzi-agevolati-domenica-test-drive-su-strada-e-su-neve-con-il-tour-volvo-cross-country-days\\\/\"},\"author\":{\"name\":\"redazione\",\"@id\":\"https:\\\/\\\/www.bellunopress.it\\\/#\\\/schema\\\/person\\\/79bb06722b37ece1c03d3e94beb30d73\"},\"headline\":\"Carnevale sull&#8217;Alpe del Nevegal. Marted\u00ec grasso si scia in maschera e a prezzi agevolati. Domenica test drive su strada e su neve con il tour &#8220;Volvo Cross Country days\u201d\",\"datePublished\":\"2013-02-09T13:47:23+00:00\",\"mainEntityOfPage\":{\"@id\":\"https:\\\/\\\/www.bellunopress.it\\\/2013\\\/02\\\/09\\\/carnevale-sullalpe-del-nevegal-martedi-grasso-si-scia-in-maschera-e-a-prezzi-agevolati-domenica-test-drive-su-strada-e-su-neve-con-il-tour-volvo-cross-country-days\\\/\"},\"wordCount\":194,\"publisher\":{\"@id\":\"https:\\\/\\\/www.bellunopress.it\\\/#organization\"},\"articleSection\":[\"Appuntamenti, Eventi\",\"Pausa Caff\u00e8\"],\"inLanguage\":\"fr-FR\"},{\"@type\":\"WebPage\",\"@id\":\"https:\\\/\\\/www.bellunopress.it\\\/2013\\\/02\\\/09\\\/carnevale-sullalpe-del-nevegal-martedi-grasso-si-scia-in-maschera-e-a-prezzi-agevolati-domenica-test-drive-su-strada-e-su-neve-con-il-tour-volvo-cross-country-days\\\/\",\"url\":\"https:\\\/\\\/www.bellunopress.it\\\/2013\\\/02\\\/09\\\/carnevale-sullalpe-del-nevegal-martedi-grasso-si-scia-in-maschera-e-a-prezzi-agevolati-domenica-test-drive-su-strada-e-su-neve-con-il-tour-volvo-cross-country-days\\\/\",\"name\":\"Carnevale sull'Alpe del Nevegal. Marted\u00ec grasso si scia in maschera e a prezzi agevolati. Domenica test drive su strada e su neve con il tour \\\"Volvo Cross Country days\u201d - Bellunopress - Dolomiti\",\"isPartOf\":{\"@id\":\"https:\\\/\\\/www.bellunopress.it\\\/#website\"},\"datePublished\":\"2013-02-09T13:47:23+00:00\",\"breadcrumb\":{\"@id\":\"https:\\\/\\\/www.bellunopress.it\\\/2013\\\/02\\\/09\\\/carnevale-sullalpe-del-nevegal-martedi-grasso-si-scia-in-maschera-e-a-prezzi-agevolati-domenica-test-drive-su-strada-e-su-neve-con-il-tour-volvo-cross-country-days\\\/#breadcrumb\"},\"inLanguage\":\"fr-FR\",\"potentialAction\":[{\"@type\":\"ReadAction\",\"target\":[\"https:\\\/\\\/www.bellunopress.it\\\/2013\\\/02\\\/09\\\/carnevale-sullalpe-del-nevegal-martedi-grasso-si-scia-in-maschera-e-a-prezzi-agevolati-domenica-test-drive-su-strada-e-su-neve-con-il-tour-volvo-cross-country-days\\\/\"]}]},{\"@type\":\"BreadcrumbList\",\"@id\":\"https:\\\/\\\/www.bellunopress.it\\\/2013\\\/02\\\/09\\\/carnevale-sullalpe-del-nevegal-martedi-grasso-si-scia-in-maschera-e-a-prezzi-agevolati-domenica-test-drive-su-strada-e-su-neve-con-il-tour-volvo-cross-country-days\\\/#breadcrumb\",\"itemListElement\":[{\"@type\":\"ListItem\",\"position\":1,\"name\":\"Home\",\"item\":\"https:\\\/\\\/www.bellunopress.it\\\/\"},{\"@type\":\"ListItem\",\"position\":2,\"name\":\"Carnevale sull&#8217;Alpe del Nevegal. Marted\u00ec grasso si scia in maschera e a prezzi agevolati. Domenica test drive su strada e su neve con il tour &#8220;Volvo Cross Country days\u201d\"}]},{\"@type\":\"WebSite\",\"@id\":\"https:\\\/\\\/www.bellunopress.it\\\/#website\",\"url\":\"https:\\\/\\\/www.bellunopress.it\\\/\",\"name\":\"Bellunopress - Dolomiti\",\"description\":\"e-mail: redazione@bellunopress.it\",\"publisher\":{\"@id\":\"https:\\\/\\\/www.bellunopress.it\\\/#organization\"},\"potentialAction\":[{\"@type\":\"SearchAction\",\"target\":{\"@type\":\"EntryPoint\",\"urlTemplate\":\"https:\\\/\\\/www.bellunopress.it\\\/?s={search_term_string}\"},\"query-input\":{\"@type\":\"PropertyValueSpecification\",\"valueRequired\":true,\"valueName\":\"search_term_string\"}}],\"inLanguage\":\"fr-FR\"},{\"@type\":\"Organization\",\"@id\":\"https:\\\/\\\/www.bellunopress.it\\\/#organization\",\"name\":\"Bellunopress\",\"url\":\"https:\\\/\\\/www.bellunopress.it\\\/\",\"logo\":{\"@type\":\"ImageObject\",\"inLanguage\":\"fr-FR\",\"@id\":\"https:\\\/\\\/www.bellunopress.it\\\/#\\\/schema\\\/logo\\\/image\\\/\",\"url\":\"https:\\\/\\\/www.bellunopress.it\\\/wp-content\\\/uploads\\\/2011\\\/05\\\/cropped-logo-bellunopress-.jpg\",\"contentUrl\":\"https:\\\/\\\/www.bellunopress.it\\\/wp-content\\\/uploads\\\/2011\\\/05\\\/cropped-logo-bellunopress-.jpg\",\"width\":512,\"height\":512,\"caption\":\"Bellunopress\"},\"image\":{\"@id\":\"https:\\\/\\\/www.bellunopress.it\\\/#\\\/schema\\\/logo\\\/image\\\/\"},\"sameAs\":[\"https:\\\/\\\/www.facebook.com\\\/profile.php?id=100008943462799\",\"https:\\\/\\\/x.com\\\/bellunopress\",\"https:\\\/\\\/www.linkedin.com\\\/hp\\\/?dnr=JBzUWaJfMUw8vbXJJ2tVW5-I3jZKvC4wsoxE&amp;amp;amp;amp;amp;amp;trk=nav_responsive_tab_home\",\"https:\\\/\\\/www.youtube.com\\\/channel\\\/UCxL0wu1uN0_3_7hGG0306cw\"]},{\"@type\":\"Person\",\"@id\":\"https:\\\/\\\/www.bellunopress.it\\\/#\\\/schema\\\/person\\\/79bb06722b37ece1c03d3e94beb30d73\",\"name\":\"redazione\",\"image\":{\"@type\":\"ImageObject\",\"inLanguage\":\"fr-FR\",\"@id\":\"https:\\\/\\\/secure.gravatar.com\\\/avatar\\\/37d968a2e67a6fd04c169c4bdef102d0bc5d31b2546345219e348575eb80e9a0?s=96&d=mm&r=g\",\"url\":\"https:\\\/\\\/secure.gravatar.com\\\/avatar\\\/37d968a2e67a6fd04c169c4bdef102d0bc5d31b2546345219e348575eb80e9a0?s=96&d=mm&r=g\",\"contentUrl\":\"https:\\\/\\\/secure.gravatar.com\\\/avatar\\\/37d968a2e67a6fd04c169c4bdef102d0bc5d31b2546345219e348575eb80e9a0?s=96&d=mm&r=g\",\"caption\":\"redazione\"},\"sameAs\":[\"http:\\\/\\\/www.bellunopress.it\",\"https:\\\/\\\/x.com\\\/bellunopress\"],\"url\":\"https:\\\/\\\/www.bellunopress.it\\\/fr\\\/author\\\/redazione\\\/\"}]}<\/script>\n<!-- \/ Yoast SEO plugin. -->","yoast_head_json":{"title":"Carnevale sull'Alpe del Nevegal. Marted\u00ec grasso si scia in maschera e a prezzi agevolati. Domenica test drive su strada e su neve con il tour \"Volvo Cross Country days\u201d - Bellunopress - Dolomiti","robots":{"index":"index","follow":"follow","max-snippet":"max-snippet:-1","max-image-preview":"max-image-preview:large","max-video-preview":"max-video-preview:-1"},"canonical":"https:\/\/www.bellunopress.it\/fr\/2013\/02\/09\/carnevale-sullalpe-del-nevegal-martedi-grasso-si-scia-in-maschera-e-a-prezzi-agevolati-domenica-test-drive-su-strada-e-su-neve-con-il-tour-volvo-cross-country-days\/","og_locale":"fr_FR","og_type":"article","og_title":"Carnevale sull'Alpe del Nevegal. Marted\u00ec grasso si scia in maschera e a prezzi agevolati. Domenica test drive su strada e su neve con il tour \"Volvo Cross Country days\u201d - Bellunopress - Dolomiti","og_description":"Belluno, 9 febbraio 2013 \u2013 Sci e divertimento sull\u2019Alpe del Nevegal. Sono ore intense quelle del Colle bellunese che si appresta a vivere alla grande gli ultimi giorni di Carnevale. Luned\u00ec, 11 febbraio, e marted\u00ec grasso (12 febbraio) si potr\u00e0 sciare sulle piste del comprensorio a prezzi agevolati, vale a dire che il costo dello [&hellip;]","og_url":"https:\/\/www.bellunopress.it\/fr\/2013\/02\/09\/carnevale-sullalpe-del-nevegal-martedi-grasso-si-scia-in-maschera-e-a-prezzi-agevolati-domenica-test-drive-su-strada-e-su-neve-con-il-tour-volvo-cross-country-days\/","og_site_name":"Bellunopress - Dolomiti","article_publisher":"https:\/\/www.facebook.com\/profile.php?id=100008943462799","article_published_time":"2013-02-09T13:47:23+00:00","og_image":[{"url":"http:\/\/www.bellunopress.it\/wp-content\/uploads\/2012\/07\/logo-bellunopress-250x250-2012.jpg","type":"","width":"","height":""}],"author":"redazione","twitter_card":"summary_large_image","twitter_creator":"@bellunopress","twitter_site":"@bellunopress","twitter_misc":{"\u00c9crit par":"redazione","Dur\u00e9e de lecture estim\u00e9e":"1 minute"},"schema":{"@context":"https:\/\/schema.org","@graph":[{"@type":"Article","@id":"https:\/\/www.bellunopress.it\/2013\/02\/09\/carnevale-sullalpe-del-nevegal-martedi-grasso-si-scia-in-maschera-e-a-prezzi-agevolati-domenica-test-drive-su-strada-e-su-neve-con-il-tour-volvo-cross-country-days\/#article","isPartOf":{"@id":"https:\/\/www.bellunopress.it\/2013\/02\/09\/carnevale-sullalpe-del-nevegal-martedi-grasso-si-scia-in-maschera-e-a-prezzi-agevolati-domenica-test-drive-su-strada-e-su-neve-con-il-tour-volvo-cross-country-days\/"},"author":{"name":"redazione","@id":"https:\/\/www.bellunopress.it\/#\/schema\/person\/79bb06722b37ece1c03d3e94beb30d73"},"headline":"Carnevale sull&#8217;Alpe del Nevegal. Marted\u00ec grasso si scia in maschera e a prezzi agevolati. Domenica test drive su strada e su neve con il tour &#8220;Volvo Cross Country days\u201d","datePublished":"2013-02-09T13:47:23+00:00","mainEntityOfPage":{"@id":"https:\/\/www.bellunopress.it\/2013\/02\/09\/carnevale-sullalpe-del-nevegal-martedi-grasso-si-scia-in-maschera-e-a-prezzi-agevolati-domenica-test-drive-su-strada-e-su-neve-con-il-tour-volvo-cross-country-days\/"},"wordCount":194,"publisher":{"@id":"https:\/\/www.bellunopress.it\/#organization"},"articleSection":["Appuntamenti, Eventi","Pausa Caff\u00e8"],"inLanguage":"fr-FR"},{"@type":"WebPage","@id":"https:\/\/www.bellunopress.it\/2013\/02\/09\/carnevale-sullalpe-del-nevegal-martedi-grasso-si-scia-in-maschera-e-a-prezzi-agevolati-domenica-test-drive-su-strada-e-su-neve-con-il-tour-volvo-cross-country-days\/","url":"https:\/\/www.bellunopress.it\/2013\/02\/09\/carnevale-sullalpe-del-nevegal-martedi-grasso-si-scia-in-maschera-e-a-prezzi-agevolati-domenica-test-drive-su-strada-e-su-neve-con-il-tour-volvo-cross-country-days\/","name":"Carnevale sull'Alpe del Nevegal. Marted\u00ec grasso si scia in maschera e a prezzi agevolati. Domenica test drive su strada e su neve con il tour \"Volvo Cross Country days\u201d - Bellunopress - Dolomiti","isPartOf":{"@id":"https:\/\/www.bellunopress.it\/#website"},"datePublished":"2013-02-09T13:47:23+00:00","breadcrumb":{"@id":"https:\/\/www.bellunopress.it\/2013\/02\/09\/carnevale-sullalpe-del-nevegal-martedi-grasso-si-scia-in-maschera-e-a-prezzi-agevolati-domenica-test-drive-su-strada-e-su-neve-con-il-tour-volvo-cross-country-days\/#breadcrumb"},"inLanguage":"fr-FR","potentialAction":[{"@type":"ReadAction","target":["https:\/\/www.bellunopress.it\/2013\/02\/09\/carnevale-sullalpe-del-nevegal-martedi-grasso-si-scia-in-maschera-e-a-prezzi-agevolati-domenica-test-drive-su-strada-e-su-neve-con-il-tour-volvo-cross-country-days\/"]}]},{"@type":"BreadcrumbList","@id":"https:\/\/www.bellunopress.it\/2013\/02\/09\/carnevale-sullalpe-del-nevegal-martedi-grasso-si-scia-in-maschera-e-a-prezzi-agevolati-domenica-test-drive-su-strada-e-su-neve-con-il-tour-volvo-cross-country-days\/#breadcrumb","itemListElement":[{"@type":"ListItem","position":1,"name":"Home","item":"https:\/\/www.bellunopress.it\/"},{"@type":"ListItem","position":2,"name":"Carnevale sull&#8217;Alpe del Nevegal. Marted\u00ec grasso si scia in maschera e a prezzi agevolati. Domenica test drive su strada e su neve con il tour &#8220;Volvo Cross Country days\u201d"}]},{"@type":"WebSite","@id":"https:\/\/www.bellunopress.it\/#website","url":"https:\/\/www.bellunopress.it\/","name":"Bellunopress - Dolomiti","description":"e-mail: redazione@bellunopress.it","publisher":{"@id":"https:\/\/www.bellunopress.it\/#organization"},"potentialAction":[{"@type":"SearchAction","target":{"@type":"EntryPoint","urlTemplate":"https:\/\/www.bellunopress.it\/?s={search_term_string}"},"query-input":{"@type":"PropertyValueSpecification","valueRequired":true,"valueName":"search_term_string"}}],"inLanguage":"fr-FR"},{"@type":"Organization","@id":"https:\/\/www.bellunopress.it\/#organization","name":"Bellunopress","url":"https:\/\/www.bellunopress.it\/","logo":{"@type":"ImageObject","inLanguage":"fr-FR","@id":"https:\/\/www.bellunopress.it\/#\/schema\/logo\/image\/","url":"https:\/\/www.bellunopress.it\/wp-content\/uploads\/2011\/05\/cropped-logo-bellunopress-.jpg","contentUrl":"https:\/\/www.bellunopress.it\/wp-content\/uploads\/2011\/05\/cropped-logo-bellunopress-.jpg","width":512,"height":512,"caption":"Bellunopress"},"image":{"@id":"https:\/\/www.bellunopress.it\/#\/schema\/logo\/image\/"},"sameAs":["https:\/\/www.facebook.com\/profile.php?id=100008943462799","https:\/\/x.com\/bellunopress","https:\/\/www.linkedin.com\/hp\/?dnr=JBzUWaJfMUw8vbXJJ2tVW5-I3jZKvC4wsoxE&amp;amp;amp;amp;amp;amp;trk=nav_responsive_tab_home","https:\/\/www.youtube.com\/channel\/UCxL0wu1uN0_3_7hGG0306cw"]},{"@type":"Person","@id":"https:\/\/www.bellunopress.it\/#\/schema\/person\/79bb06722b37ece1c03d3e94beb30d73","name":"r\u00e9daction","image":{"@type":"ImageObject","inLanguage":"fr-FR","@id":"https:\/\/secure.gravatar.com\/avatar\/37d968a2e67a6fd04c169c4bdef102d0bc5d31b2546345219e348575eb80e9a0?s=96&d=mm&r=g","url":"https:\/\/secure.gravatar.com\/avatar\/37d968a2e67a6fd04c169c4bdef102d0bc5d31b2546345219e348575eb80e9a0?s=96&d=mm&r=g","contentUrl":"https:\/\/secure.gravatar.com\/avatar\/37d968a2e67a6fd04c169c4bdef102d0bc5d31b2546345219e348575eb80e9a0?s=96&d=mm&r=g","caption":"redazione"},"sameAs":["http:\/\/www.bellunopress.it","https:\/\/x.com\/bellunopress"],"url":"https:\/\/www.bellunopress.it\/fr\/author\/redazione\/"}]}},"_links":{"self":[{"href":"https:\/\/www.bellunopress.it\/fr\/wp-json\/wp\/v2\/posts\/46560","targetHints":{"allow":["GET"]}}],"collection":[{"href":"https:\/\/www.bellunopress.it\/fr\/wp-json\/wp\/v2\/posts"}],"about":[{"href":"https:\/\/www.bellunopress.it\/fr\/wp-json\/wp\/v2\/types\/post"}],"author":[{"embeddable":true,"href":"https:\/\/www.bellunopress.it\/fr\/wp-json\/wp\/v2\/users\/2"}],"replies":[{"embeddable":true,"href":"https:\/\/www.bellunopress.it\/fr\/wp-json\/wp\/v2\/comments?post=46560"}],"version-history":[{"count":1,"href":"https:\/\/www.bellunopress.it\/fr\/wp-json\/wp\/v2\/posts\/46560\/revisions"}],"predecessor-version":[{"id":46561,"href":"https:\/\/www.bellunopress.it\/fr\/wp-json\/wp\/v2\/posts\/46560\/revisions\/46561"}],"wp:attachment":[{"href":"https:\/\/www.bellunopress.it\/fr\/wp-json\/wp\/v2\/media?parent=46560"}],"wp:term":[{"taxonomy":"category","embeddable":true,"href":"https:\/\/www.bellunopress.it\/fr\/wp-json\/wp\/v2\/categories?post=46560"},{"taxonomy":"post_tag","embeddable":true,"href":"https:\/\/www.bellunopress.it\/fr\/wp-json\/wp\/v2\/tags?post=46560"}],"curies":[{"name":"wp","href":"https:\/\/api.w.org\/{rel}","templated":true}]}}