{"id":46556,"date":"2013-02-09T13:43:32","date_gmt":"2013-02-09T12:43:32","guid":{"rendered":"http:\/\/www.bellunopress.it\/?p=46556"},"modified":"2013-02-09T13:43:32","modified_gmt":"2013-02-09T12:43:32","slug":"domenica-e-lunedi-si-vota-per-il-passaggio-in-trentino-alto-adige-in-sette-comuni-bellunesi","status":"publish","type":"post","link":"https:\/\/www.bellunopress.it\/fr\/2013\/02\/09\/domenica-e-lunedi-si-vota-per-il-passaggio-in-trentino-alto-adige-in-sette-comuni-bellunesi\/","title":{"rendered":"Domenica e luned\u00ec si vota per il passaggio in Trentino &#8211; Alto Adige in sette Comuni bellunesi"},"content":{"rendered":"<p><a href=\"http:\/\/www.bellunopress.it\/wp-content\/uploads\/2010\/10\/prefettura-350x290.jpg\"><img loading=\"lazy\" decoding=\"async\" class=\"alignleft size-full wp-image-20427\" alt=\"prefettura-350x290\" src=\"http:\/\/www.bellunopress.it\/wp-content\/uploads\/2010\/10\/prefettura-350x290.jpg\" width=\"350\" height=\"290\" \/><\/a>Domenica 10 e luned\u00ec 11 febbraio 2013 si svolgeranno nei Comuni di Arsi\u00e8, Canale d\u2019Agordo, Cesiomaggiore, Falcade, Feltre, Gosaldo e Rocca Pietore i referendum ex art. 132, secondo comma, della Costituzione per il distacco dei rispettivi territori dalla Regione Veneto e l\u2019aggregazione alla Regione Trentino-Alto Adige.<\/p>\n<p>In occasione di tali consultazioni referendarie la Prefettura pubblicher\u00e0 sul proprio sito istituzionale i dati dei votanti che saranno rilevati domenica 10 febbraio alle ore 19.00 ed alle ore 22.00 e luned\u00ec 11 febbraio, alla chiusura dei seggi, alle ore 15.00 (quest\u2019ultimo dato sar\u00e0 pertanto definitivo).<\/p>\n<p>Luned\u00ec 11 febbraio, al termine delle operazioni di scrutinio \u2013 che inizieranno subito dopo la chiusura dei seggi \u2013 saranno inoltre pubblicati i risultati definitivi di ciascuno dei sette referendum.<\/p>\n<p>Si evidenzia che tali dati, divulgati a scopo informativo, hanno carattere ufficioso.<\/p>\n<p>Infatti, solo all\u2019esito delle successive operazioni di competenza dell\u2019Ufficio Centrale per il referendum costituito presso la Corte di Cassazione, ai sensi dell\u2019art. 45, secondo comma, della legge 352\/1970, i suddetti dati saranno convalidati e le proposte oggetto dei sette referendum saranno dichiarate approvate, nel caso che il numero dei voti attribuiti alla risposta affermativa alla proposta non sia inferiore alla maggioranza degli elettori iscritti nelle liste elettorali del Comune interessato, o dichiarati respinti nel caso contrario.<\/p>\n<p>&nbsp;<\/p>\n<p>&nbsp;<\/p>\n<p>&nbsp;<\/p>\n<p>&nbsp;<\/p>","protected":false},"excerpt":{"rendered":"<p>Domenica 10 e luned\u00ec 11 febbraio 2013 si svolgeranno nei Comuni di Arsi\u00e8, Canale d\u2019Agordo, Cesiomaggiore, Falcade, Feltre, Gosaldo e Rocca Pietore i referendum ex art. 132, secondo comma, della Costituzione per il distacco dei rispettivi territori dalla Regione Veneto e l\u2019aggregazione alla Regione Trentino-Alto Adige. In occasione di tali consultazioni referendarie la Prefettura pubblicher\u00e0 [&hellip;]<\/p>\n","protected":false},"author":2,"featured_media":0,"comment_status":"closed","ping_status":"open","sticky":false,"template":"","format":"standard","meta":{"footnotes":""},"categories":[5,26],"tags":[],"class_list":["post-46556","post","type-post","status-publish","format-standard","category-cronaca","category-prima-pagina"],"yoast_head":"<!-- This site is optimized with the Yoast SEO plugin v28.4 - https:\/\/yoast.com\/product\/yoast-seo-wordpress\/ -->\n<title>Domenica e luned\u00ec si vota per il passaggio in Trentino - Alto Adige in sette Comuni bellunesi - Bellunopress - Dolomiti<\/title>\n<meta name=\"robots\" content=\"index, follow, max-snippet:-1, max-image-preview:large, max-video-preview:-1\" \/>\n<link rel=\"canonical\" href=\"https:\/\/www.bellunopress.it\/fr\/2013\/02\/09\/domenica-e-lunedi-si-vota-per-il-passaggio-in-trentino-alto-adige-in-sette-comuni-bellunesi\/\" \/>\n<meta property=\"og:locale\" content=\"fr_FR\" \/>\n<meta property=\"og:type\" content=\"article\" \/>\n<meta property=\"og:title\" content=\"Domenica e luned\u00ec si vota per il passaggio in Trentino - Alto Adige in sette Comuni bellunesi - Bellunopress - Dolomiti\" \/>\n<meta property=\"og:description\" content=\"Domenica 10 e luned\u00ec 11 febbraio 2013 si svolgeranno nei Comuni di Arsi\u00e8, Canale d\u2019Agordo, Cesiomaggiore, Falcade, Feltre, Gosaldo e Rocca Pietore i referendum ex art. 132, secondo comma, della Costituzione per il distacco dei rispettivi territori dalla Regione Veneto e l\u2019aggregazione alla Regione Trentino-Alto Adige. In occasione di tali consultazioni referendarie la Prefettura pubblicher\u00e0 [&hellip;]\" \/>\n<meta property=\"og:url\" content=\"https:\/\/www.bellunopress.it\/fr\/2013\/02\/09\/domenica-e-lunedi-si-vota-per-il-passaggio-in-trentino-alto-adige-in-sette-comuni-bellunesi\/\" \/>\n<meta property=\"og:site_name\" content=\"Bellunopress - Dolomiti\" \/>\n<meta property=\"article:publisher\" content=\"https:\/\/www.facebook.com\/profile.php?id=100008943462799\" \/>\n<meta property=\"article:published_time\" content=\"2013-02-09T12:43:32+00:00\" \/>\n<meta property=\"og:image\" content=\"http:\/\/www.bellunopress.it\/wp-content\/uploads\/2010\/10\/prefettura-350x290.jpg\" \/>\n<meta name=\"author\" content=\"redazione\" \/>\n<meta name=\"twitter:card\" content=\"summary_large_image\" \/>\n<meta name=\"twitter:creator\" content=\"@bellunopress\" \/>\n<meta name=\"twitter:site\" content=\"@bellunopress\" \/>\n<meta name=\"twitter:label1\" content=\"\u00c9crit par\" \/>\n\t<meta name=\"twitter:data1\" content=\"redazione\" \/>\n\t<meta name=\"twitter:label2\" content=\"Dur\u00e9e de lecture estim\u00e9e\" \/>\n\t<meta name=\"twitter:data2\" content=\"1 minute\" \/>\n<script type=\"application\/ld+json\" class=\"yoast-schema-graph\">{\"@context\":\"https:\\\/\\\/schema.org\",\"@graph\":[{\"@type\":\"Article\",\"@id\":\"https:\\\/\\\/www.bellunopress.it\\\/2013\\\/02\\\/09\\\/domenica-e-lunedi-si-vota-per-il-passaggio-in-trentino-alto-adige-in-sette-comuni-bellunesi\\\/#article\",\"isPartOf\":{\"@id\":\"https:\\\/\\\/www.bellunopress.it\\\/2013\\\/02\\\/09\\\/domenica-e-lunedi-si-vota-per-il-passaggio-in-trentino-alto-adige-in-sette-comuni-bellunesi\\\/\"},\"author\":{\"name\":\"redazione\",\"@id\":\"https:\\\/\\\/www.bellunopress.it\\\/#\\\/schema\\\/person\\\/79bb06722b37ece1c03d3e94beb30d73\"},\"headline\":\"Domenica e luned\u00ec si vota per il passaggio in Trentino &#8211; Alto Adige in sette Comuni bellunesi\",\"datePublished\":\"2013-02-09T12:43:32+00:00\",\"mainEntityOfPage\":{\"@id\":\"https:\\\/\\\/www.bellunopress.it\\\/2013\\\/02\\\/09\\\/domenica-e-lunedi-si-vota-per-il-passaggio-in-trentino-alto-adige-in-sette-comuni-bellunesi\\\/\"},\"wordCount\":223,\"publisher\":{\"@id\":\"https:\\\/\\\/www.bellunopress.it\\\/#organization\"},\"image\":{\"@id\":\"https:\\\/\\\/www.bellunopress.it\\\/2013\\\/02\\\/09\\\/domenica-e-lunedi-si-vota-per-il-passaggio-in-trentino-alto-adige-in-sette-comuni-bellunesi\\\/#primaryimage\"},\"thumbnailUrl\":\"http:\\\/\\\/www.bellunopress.it\\\/wp-content\\\/uploads\\\/2010\\\/10\\\/prefettura-350x290.jpg\",\"articleSection\":[\"Cronaca\\\/Politica\",\"Prima Pagina\"],\"inLanguage\":\"fr-FR\"},{\"@type\":\"WebPage\",\"@id\":\"https:\\\/\\\/www.bellunopress.it\\\/2013\\\/02\\\/09\\\/domenica-e-lunedi-si-vota-per-il-passaggio-in-trentino-alto-adige-in-sette-comuni-bellunesi\\\/\",\"url\":\"https:\\\/\\\/www.bellunopress.it\\\/2013\\\/02\\\/09\\\/domenica-e-lunedi-si-vota-per-il-passaggio-in-trentino-alto-adige-in-sette-comuni-bellunesi\\\/\",\"name\":\"Domenica e luned\u00ec si vota per il passaggio in Trentino - Alto Adige in sette Comuni bellunesi - Bellunopress - Dolomiti\",\"isPartOf\":{\"@id\":\"https:\\\/\\\/www.bellunopress.it\\\/#website\"},\"primaryImageOfPage\":{\"@id\":\"https:\\\/\\\/www.bellunopress.it\\\/2013\\\/02\\\/09\\\/domenica-e-lunedi-si-vota-per-il-passaggio-in-trentino-alto-adige-in-sette-comuni-bellunesi\\\/#primaryimage\"},\"image\":{\"@id\":\"https:\\\/\\\/www.bellunopress.it\\\/2013\\\/02\\\/09\\\/domenica-e-lunedi-si-vota-per-il-passaggio-in-trentino-alto-adige-in-sette-comuni-bellunesi\\\/#primaryimage\"},\"thumbnailUrl\":\"http:\\\/\\\/www.bellunopress.it\\\/wp-content\\\/uploads\\\/2010\\\/10\\\/prefettura-350x290.jpg\",\"datePublished\":\"2013-02-09T12:43:32+00:00\",\"breadcrumb\":{\"@id\":\"https:\\\/\\\/www.bellunopress.it\\\/2013\\\/02\\\/09\\\/domenica-e-lunedi-si-vota-per-il-passaggio-in-trentino-alto-adige-in-sette-comuni-bellunesi\\\/#breadcrumb\"},\"inLanguage\":\"fr-FR\",\"potentialAction\":[{\"@type\":\"ReadAction\",\"target\":[\"https:\\\/\\\/www.bellunopress.it\\\/2013\\\/02\\\/09\\\/domenica-e-lunedi-si-vota-per-il-passaggio-in-trentino-alto-adige-in-sette-comuni-bellunesi\\\/\"]}]},{\"@type\":\"ImageObject\",\"inLanguage\":\"fr-FR\",\"@id\":\"https:\\\/\\\/www.bellunopress.it\\\/2013\\\/02\\\/09\\\/domenica-e-lunedi-si-vota-per-il-passaggio-in-trentino-alto-adige-in-sette-comuni-bellunesi\\\/#primaryimage\",\"url\":\"http:\\\/\\\/www.bellunopress.it\\\/wp-content\\\/uploads\\\/2010\\\/10\\\/prefettura-350x290.jpg\",\"contentUrl\":\"http:\\\/\\\/www.bellunopress.it\\\/wp-content\\\/uploads\\\/2010\\\/10\\\/prefettura-350x290.jpg\"},{\"@type\":\"BreadcrumbList\",\"@id\":\"https:\\\/\\\/www.bellunopress.it\\\/2013\\\/02\\\/09\\\/domenica-e-lunedi-si-vota-per-il-passaggio-in-trentino-alto-adige-in-sette-comuni-bellunesi\\\/#breadcrumb\",\"itemListElement\":[{\"@type\":\"ListItem\",\"position\":1,\"name\":\"Home\",\"item\":\"https:\\\/\\\/www.bellunopress.it\\\/\"},{\"@type\":\"ListItem\",\"position\":2,\"name\":\"Domenica e luned\u00ec si vota per il passaggio in Trentino &#8211; Alto Adige in sette Comuni bellunesi\"}]},{\"@type\":\"WebSite\",\"@id\":\"https:\\\/\\\/www.bellunopress.it\\\/#website\",\"url\":\"https:\\\/\\\/www.bellunopress.it\\\/\",\"name\":\"Bellunopress - Dolomiti\",\"description\":\"e-mail: redazione@bellunopress.it\",\"publisher\":{\"@id\":\"https:\\\/\\\/www.bellunopress.it\\\/#organization\"},\"potentialAction\":[{\"@type\":\"SearchAction\",\"target\":{\"@type\":\"EntryPoint\",\"urlTemplate\":\"https:\\\/\\\/www.bellunopress.it\\\/?s={search_term_string}\"},\"query-input\":{\"@type\":\"PropertyValueSpecification\",\"valueRequired\":true,\"valueName\":\"search_term_string\"}}],\"inLanguage\":\"fr-FR\"},{\"@type\":\"Organization\",\"@id\":\"https:\\\/\\\/www.bellunopress.it\\\/#organization\",\"name\":\"Bellunopress\",\"url\":\"https:\\\/\\\/www.bellunopress.it\\\/\",\"logo\":{\"@type\":\"ImageObject\",\"inLanguage\":\"fr-FR\",\"@id\":\"https:\\\/\\\/www.bellunopress.it\\\/#\\\/schema\\\/logo\\\/image\\\/\",\"url\":\"https:\\\/\\\/www.bellunopress.it\\\/wp-content\\\/uploads\\\/2011\\\/05\\\/cropped-logo-bellunopress-.jpg\",\"contentUrl\":\"https:\\\/\\\/www.bellunopress.it\\\/wp-content\\\/uploads\\\/2011\\\/05\\\/cropped-logo-bellunopress-.jpg\",\"width\":512,\"height\":512,\"caption\":\"Bellunopress\"},\"image\":{\"@id\":\"https:\\\/\\\/www.bellunopress.it\\\/#\\\/schema\\\/logo\\\/image\\\/\"},\"sameAs\":[\"https:\\\/\\\/www.facebook.com\\\/profile.php?id=100008943462799\",\"https:\\\/\\\/x.com\\\/bellunopress\",\"https:\\\/\\\/www.linkedin.com\\\/hp\\\/?dnr=JBzUWaJfMUw8vbXJJ2tVW5-I3jZKvC4wsoxE&amp;amp;amp;amp;amp;amp;trk=nav_responsive_tab_home\",\"https:\\\/\\\/www.youtube.com\\\/channel\\\/UCxL0wu1uN0_3_7hGG0306cw\"]},{\"@type\":\"Person\",\"@id\":\"https:\\\/\\\/www.bellunopress.it\\\/#\\\/schema\\\/person\\\/79bb06722b37ece1c03d3e94beb30d73\",\"name\":\"redazione\",\"image\":{\"@type\":\"ImageObject\",\"inLanguage\":\"fr-FR\",\"@id\":\"https:\\\/\\\/secure.gravatar.com\\\/avatar\\\/37d968a2e67a6fd04c169c4bdef102d0bc5d31b2546345219e348575eb80e9a0?s=96&d=mm&r=g\",\"url\":\"https:\\\/\\\/secure.gravatar.com\\\/avatar\\\/37d968a2e67a6fd04c169c4bdef102d0bc5d31b2546345219e348575eb80e9a0?s=96&d=mm&r=g\",\"contentUrl\":\"https:\\\/\\\/secure.gravatar.com\\\/avatar\\\/37d968a2e67a6fd04c169c4bdef102d0bc5d31b2546345219e348575eb80e9a0?s=96&d=mm&r=g\",\"caption\":\"redazione\"},\"sameAs\":[\"http:\\\/\\\/www.bellunopress.it\",\"https:\\\/\\\/x.com\\\/bellunopress\"],\"url\":\"https:\\\/\\\/www.bellunopress.it\\\/fr\\\/author\\\/redazione\\\/\"}]}<\/script>\n<!-- \/ Yoast SEO plugin. -->","yoast_head_json":{"title":"Domenica e luned\u00ec si vota per il passaggio in Trentino - Alto Adige in sette Comuni bellunesi - Bellunopress - Dolomiti","robots":{"index":"index","follow":"follow","max-snippet":"max-snippet:-1","max-image-preview":"max-image-preview:large","max-video-preview":"max-video-preview:-1"},"canonical":"https:\/\/www.bellunopress.it\/fr\/2013\/02\/09\/domenica-e-lunedi-si-vota-per-il-passaggio-in-trentino-alto-adige-in-sette-comuni-bellunesi\/","og_locale":"fr_FR","og_type":"article","og_title":"Domenica e luned\u00ec si vota per il passaggio in Trentino - Alto Adige in sette Comuni bellunesi - Bellunopress - Dolomiti","og_description":"Domenica 10 e luned\u00ec 11 febbraio 2013 si svolgeranno nei Comuni di Arsi\u00e8, Canale d\u2019Agordo, Cesiomaggiore, Falcade, Feltre, Gosaldo e Rocca Pietore i referendum ex art. 132, secondo comma, della Costituzione per il distacco dei rispettivi territori dalla Regione Veneto e l\u2019aggregazione alla Regione Trentino-Alto Adige. In occasione di tali consultazioni referendarie la Prefettura pubblicher\u00e0 [&hellip;]","og_url":"https:\/\/www.bellunopress.it\/fr\/2013\/02\/09\/domenica-e-lunedi-si-vota-per-il-passaggio-in-trentino-alto-adige-in-sette-comuni-bellunesi\/","og_site_name":"Bellunopress - Dolomiti","article_publisher":"https:\/\/www.facebook.com\/profile.php?id=100008943462799","article_published_time":"2013-02-09T12:43:32+00:00","og_image":[{"url":"http:\/\/www.bellunopress.it\/wp-content\/uploads\/2010\/10\/prefettura-350x290.jpg","type":"","width":"","height":""}],"author":"redazione","twitter_card":"summary_large_image","twitter_creator":"@bellunopress","twitter_site":"@bellunopress","twitter_misc":{"\u00c9crit par":"redazione","Dur\u00e9e de lecture estim\u00e9e":"1 minute"},"schema":{"@context":"https:\/\/schema.org","@graph":[{"@type":"Article","@id":"https:\/\/www.bellunopress.it\/2013\/02\/09\/domenica-e-lunedi-si-vota-per-il-passaggio-in-trentino-alto-adige-in-sette-comuni-bellunesi\/#article","isPartOf":{"@id":"https:\/\/www.bellunopress.it\/2013\/02\/09\/domenica-e-lunedi-si-vota-per-il-passaggio-in-trentino-alto-adige-in-sette-comuni-bellunesi\/"},"author":{"name":"redazione","@id":"https:\/\/www.bellunopress.it\/#\/schema\/person\/79bb06722b37ece1c03d3e94beb30d73"},"headline":"Domenica e luned\u00ec si vota per il passaggio in Trentino &#8211; Alto Adige in sette Comuni bellunesi","datePublished":"2013-02-09T12:43:32+00:00","mainEntityOfPage":{"@id":"https:\/\/www.bellunopress.it\/2013\/02\/09\/domenica-e-lunedi-si-vota-per-il-passaggio-in-trentino-alto-adige-in-sette-comuni-bellunesi\/"},"wordCount":223,"publisher":{"@id":"https:\/\/www.bellunopress.it\/#organization"},"image":{"@id":"https:\/\/www.bellunopress.it\/2013\/02\/09\/domenica-e-lunedi-si-vota-per-il-passaggio-in-trentino-alto-adige-in-sette-comuni-bellunesi\/#primaryimage"},"thumbnailUrl":"http:\/\/www.bellunopress.it\/wp-content\/uploads\/2010\/10\/prefettura-350x290.jpg","articleSection":["Cronaca\/Politica","Prima Pagina"],"inLanguage":"fr-FR"},{"@type":"WebPage","@id":"https:\/\/www.bellunopress.it\/2013\/02\/09\/domenica-e-lunedi-si-vota-per-il-passaggio-in-trentino-alto-adige-in-sette-comuni-bellunesi\/","url":"https:\/\/www.bellunopress.it\/2013\/02\/09\/domenica-e-lunedi-si-vota-per-il-passaggio-in-trentino-alto-adige-in-sette-comuni-bellunesi\/","name":"Domenica e luned\u00ec si vota per il passaggio in Trentino - Alto Adige in sette Comuni bellunesi - Bellunopress - Dolomiti","isPartOf":{"@id":"https:\/\/www.bellunopress.it\/#website"},"primaryImageOfPage":{"@id":"https:\/\/www.bellunopress.it\/2013\/02\/09\/domenica-e-lunedi-si-vota-per-il-passaggio-in-trentino-alto-adige-in-sette-comuni-bellunesi\/#primaryimage"},"image":{"@id":"https:\/\/www.bellunopress.it\/2013\/02\/09\/domenica-e-lunedi-si-vota-per-il-passaggio-in-trentino-alto-adige-in-sette-comuni-bellunesi\/#primaryimage"},"thumbnailUrl":"http:\/\/www.bellunopress.it\/wp-content\/uploads\/2010\/10\/prefettura-350x290.jpg","datePublished":"2013-02-09T12:43:32+00:00","breadcrumb":{"@id":"https:\/\/www.bellunopress.it\/2013\/02\/09\/domenica-e-lunedi-si-vota-per-il-passaggio-in-trentino-alto-adige-in-sette-comuni-bellunesi\/#breadcrumb"},"inLanguage":"fr-FR","potentialAction":[{"@type":"ReadAction","target":["https:\/\/www.bellunopress.it\/2013\/02\/09\/domenica-e-lunedi-si-vota-per-il-passaggio-in-trentino-alto-adige-in-sette-comuni-bellunesi\/"]}]},{"@type":"ImageObject","inLanguage":"fr-FR","@id":"https:\/\/www.bellunopress.it\/2013\/02\/09\/domenica-e-lunedi-si-vota-per-il-passaggio-in-trentino-alto-adige-in-sette-comuni-bellunesi\/#primaryimage","url":"http:\/\/www.bellunopress.it\/wp-content\/uploads\/2010\/10\/prefettura-350x290.jpg","contentUrl":"http:\/\/www.bellunopress.it\/wp-content\/uploads\/2010\/10\/prefettura-350x290.jpg"},{"@type":"BreadcrumbList","@id":"https:\/\/www.bellunopress.it\/2013\/02\/09\/domenica-e-lunedi-si-vota-per-il-passaggio-in-trentino-alto-adige-in-sette-comuni-bellunesi\/#breadcrumb","itemListElement":[{"@type":"ListItem","position":1,"name":"Home","item":"https:\/\/www.bellunopress.it\/"},{"@type":"ListItem","position":2,"name":"Domenica e luned\u00ec si vota per il passaggio in Trentino &#8211; Alto Adige in sette Comuni bellunesi"}]},{"@type":"WebSite","@id":"https:\/\/www.bellunopress.it\/#website","url":"https:\/\/www.bellunopress.it\/","name":"Bellunopress - Dolomiti","description":"e-mail: redazione@bellunopress.it","publisher":{"@id":"https:\/\/www.bellunopress.it\/#organization"},"potentialAction":[{"@type":"SearchAction","target":{"@type":"EntryPoint","urlTemplate":"https:\/\/www.bellunopress.it\/?s={search_term_string}"},"query-input":{"@type":"PropertyValueSpecification","valueRequired":true,"valueName":"search_term_string"}}],"inLanguage":"fr-FR"},{"@type":"Organization","@id":"https:\/\/www.bellunopress.it\/#organization","name":"Bellunopress","url":"https:\/\/www.bellunopress.it\/","logo":{"@type":"ImageObject","inLanguage":"fr-FR","@id":"https:\/\/www.bellunopress.it\/#\/schema\/logo\/image\/","url":"https:\/\/www.bellunopress.it\/wp-content\/uploads\/2011\/05\/cropped-logo-bellunopress-.jpg","contentUrl":"https:\/\/www.bellunopress.it\/wp-content\/uploads\/2011\/05\/cropped-logo-bellunopress-.jpg","width":512,"height":512,"caption":"Bellunopress"},"image":{"@id":"https:\/\/www.bellunopress.it\/#\/schema\/logo\/image\/"},"sameAs":["https:\/\/www.facebook.com\/profile.php?id=100008943462799","https:\/\/x.com\/bellunopress","https:\/\/www.linkedin.com\/hp\/?dnr=JBzUWaJfMUw8vbXJJ2tVW5-I3jZKvC4wsoxE&amp;amp;amp;amp;amp;amp;trk=nav_responsive_tab_home","https:\/\/www.youtube.com\/channel\/UCxL0wu1uN0_3_7hGG0306cw"]},{"@type":"Person","@id":"https:\/\/www.bellunopress.it\/#\/schema\/person\/79bb06722b37ece1c03d3e94beb30d73","name":"r\u00e9daction","image":{"@type":"ImageObject","inLanguage":"fr-FR","@id":"https:\/\/secure.gravatar.com\/avatar\/37d968a2e67a6fd04c169c4bdef102d0bc5d31b2546345219e348575eb80e9a0?s=96&d=mm&r=g","url":"https:\/\/secure.gravatar.com\/avatar\/37d968a2e67a6fd04c169c4bdef102d0bc5d31b2546345219e348575eb80e9a0?s=96&d=mm&r=g","contentUrl":"https:\/\/secure.gravatar.com\/avatar\/37d968a2e67a6fd04c169c4bdef102d0bc5d31b2546345219e348575eb80e9a0?s=96&d=mm&r=g","caption":"redazione"},"sameAs":["http:\/\/www.bellunopress.it","https:\/\/x.com\/bellunopress"],"url":"https:\/\/www.bellunopress.it\/fr\/author\/redazione\/"}]}},"_links":{"self":[{"href":"https:\/\/www.bellunopress.it\/fr\/wp-json\/wp\/v2\/posts\/46556","targetHints":{"allow":["GET"]}}],"collection":[{"href":"https:\/\/www.bellunopress.it\/fr\/wp-json\/wp\/v2\/posts"}],"about":[{"href":"https:\/\/www.bellunopress.it\/fr\/wp-json\/wp\/v2\/types\/post"}],"author":[{"embeddable":true,"href":"https:\/\/www.bellunopress.it\/fr\/wp-json\/wp\/v2\/users\/2"}],"replies":[{"embeddable":true,"href":"https:\/\/www.bellunopress.it\/fr\/wp-json\/wp\/v2\/comments?post=46556"}],"version-history":[{"count":1,"href":"https:\/\/www.bellunopress.it\/fr\/wp-json\/wp\/v2\/posts\/46556\/revisions"}],"predecessor-version":[{"id":46557,"href":"https:\/\/www.bellunopress.it\/fr\/wp-json\/wp\/v2\/posts\/46556\/revisions\/46557"}],"wp:attachment":[{"href":"https:\/\/www.bellunopress.it\/fr\/wp-json\/wp\/v2\/media?parent=46556"}],"wp:term":[{"taxonomy":"category","embeddable":true,"href":"https:\/\/www.bellunopress.it\/fr\/wp-json\/wp\/v2\/categories?post=46556"},{"taxonomy":"post_tag","embeddable":true,"href":"https:\/\/www.bellunopress.it\/fr\/wp-json\/wp\/v2\/tags?post=46556"}],"curies":[{"name":"wp","href":"https:\/\/api.w.org\/{rel}","templated":true}]}}