{"id":4653,"date":"2009-06-10T12:07:16","date_gmt":"2009-06-10T11:07:16","guid":{"rendered":"http:\/\/www.bellunopress.it\/?p=4653"},"modified":"2009-06-10T12:07:49","modified_gmt":"2009-06-10T11:07:49","slug":"ici-comune-di-belluno-entro-il-16-giugno-il-pagamento","status":"publish","type":"post","link":"https:\/\/www.bellunopress.it\/fr\/2009\/06\/10\/ici-comune-di-belluno-entro-il-16-giugno-il-pagamento\/","title":{"rendered":"ICI Comune di Belluno: entro il 16 giugno il pagamento"},"content":{"rendered":"<p><a href=\"http:\/\/www.bellunopress.it\/wp-content\/uploads\/2009\/06\/ici-leggerissima.jpg\"><img loading=\"lazy\" decoding=\"async\" class=\"alignleft size-medium wp-image-4584\" title=\"ici-leggerissima\" src=\"http:\/\/www.bellunopress.it\/wp-content\/uploads\/2009\/06\/ici-leggerissima.jpg\" alt=\"\" width=\"85\" height=\"80\" \/><\/a>E&#8217; il prossimo 16 giugno il termine di pagamento dell&#8217;ICI, per la rata di acconto o per il versamento totale dell&#8217;imposta in unica soluzione. Si ricorda che restano confermate anche per il 2009 le seguenti disposizioni che riguardano: \u00a7\u00a0l&#8217; esclusione dall&#8217;imposta per l&#8217;abitazione principale e per le unit\u00e0 immobiliari ad essa assimilate dal regolamento comunale (tranne che per le abitazioni censite nelle categorie catastali A\/1 abitazioni di tipo signorile -A\/8 ville -A\/9 castelli) e le eventuali pertinenze (categorie catastali C\/2 \u2013 C\/6 &#8211; C\/7) fino ad un massimo di due; \u00a7\u00a0la soppressione della comunicazione per le variazioni, che viene sostituita dalla Dichiarazione Ici da presentare entro il 31 Luglio 2009 (per le variazioni 2008), su apposito modello ministeriale reperibile presso gli uffici comunali o sul sito internet del Comune di Belluno all&#8217;indirizzo <a href=\"http:\/\/www.comune.belluno.it\">www.comune.belluno.it<\/a>, nella home page. Per le altre fattispecie impositive, le aliquote sono rimaste invariate rispetto al 2008, compresa l&#8217;Imposta di Scopo (Iscop) nella misura dello 0,25 per mille, da versare insieme all&#8217;Ici dovuta, utilizzando il nuovo bollettino di c\/c postale approvato con Decreto Ministeriale 25\/03\/2009.<br \/>\nLe abitazioni principali censite nelle categorie catastali A\/1-A\/8-A\/9, per le quali non \u00e8 stata prevista l&#8217;esenzione dall&#8217;imposta, restano soggette ad Ici con l&#8217;aliquota ridotta 5,8 per mille e con detrazione comunale ordinaria di Euro 180.00, ovvero maggiorata per particolari condizioni (invalidit\u00e0 ecc) di Euro 258.00. I versamenti possono essere effettuati utilizzando il nuovo bollettino di c\/c postale (reperibile presso gli uffici comunali), tramite il servizio postale, il sistema bancario convenzionato o utilizzando il modello F24. Ulteriori informazioni\u00a0 potranno essere richieste all&#8217;Ufficio Tributi anche in relazione ad eventuali\u00a0 parziali\/omessi versamenti 2008\u00a0 sanabili con \u201cravvedimento operoso\u201d applicando le relative sanzioni ridotte.\u00a0\u00a0<br \/>\nUfficio tributi,\u00a0 Via Mezzaterra, 45<br \/>\ntel. 0437\/913426 \u2013 913470 \u2013 913443 &#8211; fax 0437 913488<br \/>\ne-mail: <a href=\"mailto:tributi@comune.belluno.it\">tributi@comune.belluno.it<\/a><br \/>\norari: dal luned\u00ec al sabato 8.30 \u2013 10.30 (fino al 20 giugno)<\/p>","protected":false},"excerpt":{"rendered":"<p>E&#8217; il prossimo 16 giugno il termine di pagamento dell&#8217;ICI, per la rata di acconto o per il versamento totale dell&#8217;imposta in unica soluzione. Si ricorda che restano confermate anche per il 2009 le seguenti disposizioni che riguardano: \u00a7\u00a0l&#8217; esclusione dall&#8217;imposta per l&#8217;abitazione principale e per le unit\u00e0 immobiliari ad essa assimilate dal regolamento comunale [&hellip;]<\/p>\n","protected":false},"author":2,"featured_media":0,"comment_status":"closed","ping_status":"open","sticky":false,"template":"","format":"standard","meta":{"footnotes":""},"categories":[26,8],"tags":[139],"class_list":["post-4653","post","type-post","status-publish","format-standard","category-prima-pagina","category-societa-istituzioni","tag-belluno"],"yoast_head":"<!-- This site is optimized with the Yoast SEO plugin v28.4 - https:\/\/yoast.com\/product\/yoast-seo-wordpress\/ -->\n<title>ICI Comune di Belluno: entro il 16 giugno il pagamento  - Bellunopress - Dolomiti<\/title>\n<meta name=\"robots\" content=\"index, follow, max-snippet:-1, max-image-preview:large, max-video-preview:-1\" \/>\n<link rel=\"canonical\" href=\"https:\/\/www.bellunopress.it\/fr\/2009\/06\/10\/ici-comune-di-belluno-entro-il-16-giugno-il-pagamento\/\" \/>\n<meta property=\"og:locale\" content=\"fr_FR\" \/>\n<meta property=\"og:type\" content=\"article\" \/>\n<meta property=\"og:title\" content=\"ICI Comune di Belluno: entro il 16 giugno il pagamento  - Bellunopress - Dolomiti\" \/>\n<meta property=\"og:description\" content=\"E&#8217; il prossimo 16 giugno il termine di pagamento dell&#8217;ICI, per la rata di acconto o per il versamento totale dell&#8217;imposta in unica soluzione. Si ricorda che restano confermate anche per il 2009 le seguenti disposizioni che riguardano: \u00a7\u00a0l&#8217; esclusione dall&#8217;imposta per l&#8217;abitazione principale e per le unit\u00e0 immobiliari ad essa assimilate dal regolamento comunale [&hellip;]\" \/>\n<meta property=\"og:url\" content=\"https:\/\/www.bellunopress.it\/fr\/2009\/06\/10\/ici-comune-di-belluno-entro-il-16-giugno-il-pagamento\/\" \/>\n<meta property=\"og:site_name\" content=\"Bellunopress - Dolomiti\" \/>\n<meta property=\"article:publisher\" content=\"https:\/\/www.facebook.com\/profile.php?id=100008943462799\" \/>\n<meta property=\"article:published_time\" content=\"2009-06-10T11:07:16+00:00\" \/>\n<meta property=\"article:modified_time\" content=\"2009-06-10T11:07:49+00:00\" \/>\n<meta property=\"og:image\" content=\"http:\/\/www.bellunopress.it\/wp-content\/uploads\/2009\/06\/ici-leggerissima.jpg\" \/>\n<meta name=\"author\" content=\"redazione\" \/>\n<meta name=\"twitter:card\" content=\"summary_large_image\" \/>\n<meta name=\"twitter:creator\" content=\"@bellunopress\" \/>\n<meta name=\"twitter:site\" content=\"@bellunopress\" \/>\n<meta name=\"twitter:label1\" content=\"\u00c9crit par\" \/>\n\t<meta name=\"twitter:data1\" content=\"redazione\" \/>\n\t<meta name=\"twitter:label2\" content=\"Dur\u00e9e de lecture estim\u00e9e\" \/>\n\t<meta name=\"twitter:data2\" content=\"1 minute\" \/>\n<script type=\"application\/ld+json\" class=\"yoast-schema-graph\">{\"@context\":\"https:\\\/\\\/schema.org\",\"@graph\":[{\"@type\":\"Article\",\"@id\":\"https:\\\/\\\/www.bellunopress.it\\\/2009\\\/06\\\/10\\\/ici-comune-di-belluno-entro-il-16-giugno-il-pagamento\\\/#article\",\"isPartOf\":{\"@id\":\"https:\\\/\\\/www.bellunopress.it\\\/2009\\\/06\\\/10\\\/ici-comune-di-belluno-entro-il-16-giugno-il-pagamento\\\/\"},\"author\":{\"name\":\"redazione\",\"@id\":\"https:\\\/\\\/www.bellunopress.it\\\/#\\\/schema\\\/person\\\/79bb06722b37ece1c03d3e94beb30d73\"},\"headline\":\"ICI Comune di Belluno: entro il 16 giugno il pagamento\",\"datePublished\":\"2009-06-10T11:07:16+00:00\",\"dateModified\":\"2009-06-10T11:07:49+00:00\",\"mainEntityOfPage\":{\"@id\":\"https:\\\/\\\/www.bellunopress.it\\\/2009\\\/06\\\/10\\\/ici-comune-di-belluno-entro-il-16-giugno-il-pagamento\\\/\"},\"wordCount\":310,\"publisher\":{\"@id\":\"https:\\\/\\\/www.bellunopress.it\\\/#organization\"},\"image\":{\"@id\":\"https:\\\/\\\/www.bellunopress.it\\\/2009\\\/06\\\/10\\\/ici-comune-di-belluno-entro-il-16-giugno-il-pagamento\\\/#primaryimage\"},\"thumbnailUrl\":\"http:\\\/\\\/www.bellunopress.it\\\/wp-content\\\/uploads\\\/2009\\\/06\\\/ici-leggerissima.jpg\",\"keywords\":[\"Belluno\"],\"articleSection\":[\"Prima Pagina\",\"Societ\u00e0, Associazioni, Istituzioni\"],\"inLanguage\":\"fr-FR\"},{\"@type\":\"WebPage\",\"@id\":\"https:\\\/\\\/www.bellunopress.it\\\/2009\\\/06\\\/10\\\/ici-comune-di-belluno-entro-il-16-giugno-il-pagamento\\\/\",\"url\":\"https:\\\/\\\/www.bellunopress.it\\\/2009\\\/06\\\/10\\\/ici-comune-di-belluno-entro-il-16-giugno-il-pagamento\\\/\",\"name\":\"ICI Comune di Belluno: entro il 16 giugno il pagamento - Bellunopress - Dolomiti\",\"isPartOf\":{\"@id\":\"https:\\\/\\\/www.bellunopress.it\\\/#website\"},\"primaryImageOfPage\":{\"@id\":\"https:\\\/\\\/www.bellunopress.it\\\/2009\\\/06\\\/10\\\/ici-comune-di-belluno-entro-il-16-giugno-il-pagamento\\\/#primaryimage\"},\"image\":{\"@id\":\"https:\\\/\\\/www.bellunopress.it\\\/2009\\\/06\\\/10\\\/ici-comune-di-belluno-entro-il-16-giugno-il-pagamento\\\/#primaryimage\"},\"thumbnailUrl\":\"http:\\\/\\\/www.bellunopress.it\\\/wp-content\\\/uploads\\\/2009\\\/06\\\/ici-leggerissima.jpg\",\"datePublished\":\"2009-06-10T11:07:16+00:00\",\"dateModified\":\"2009-06-10T11:07:49+00:00\",\"breadcrumb\":{\"@id\":\"https:\\\/\\\/www.bellunopress.it\\\/2009\\\/06\\\/10\\\/ici-comune-di-belluno-entro-il-16-giugno-il-pagamento\\\/#breadcrumb\"},\"inLanguage\":\"fr-FR\",\"potentialAction\":[{\"@type\":\"ReadAction\",\"target\":[\"https:\\\/\\\/www.bellunopress.it\\\/2009\\\/06\\\/10\\\/ici-comune-di-belluno-entro-il-16-giugno-il-pagamento\\\/\"]}]},{\"@type\":\"ImageObject\",\"inLanguage\":\"fr-FR\",\"@id\":\"https:\\\/\\\/www.bellunopress.it\\\/2009\\\/06\\\/10\\\/ici-comune-di-belluno-entro-il-16-giugno-il-pagamento\\\/#primaryimage\",\"url\":\"http:\\\/\\\/www.bellunopress.it\\\/wp-content\\\/uploads\\\/2009\\\/06\\\/ici-leggerissima.jpg\",\"contentUrl\":\"http:\\\/\\\/www.bellunopress.it\\\/wp-content\\\/uploads\\\/2009\\\/06\\\/ici-leggerissima.jpg\"},{\"@type\":\"BreadcrumbList\",\"@id\":\"https:\\\/\\\/www.bellunopress.it\\\/2009\\\/06\\\/10\\\/ici-comune-di-belluno-entro-il-16-giugno-il-pagamento\\\/#breadcrumb\",\"itemListElement\":[{\"@type\":\"ListItem\",\"position\":1,\"name\":\"Home\",\"item\":\"https:\\\/\\\/www.bellunopress.it\\\/\"},{\"@type\":\"ListItem\",\"position\":2,\"name\":\"ICI Comune di Belluno: entro il 16 giugno il pagamento\"}]},{\"@type\":\"WebSite\",\"@id\":\"https:\\\/\\\/www.bellunopress.it\\\/#website\",\"url\":\"https:\\\/\\\/www.bellunopress.it\\\/\",\"name\":\"Bellunopress - Dolomiti\",\"description\":\"e-mail: redazione@bellunopress.it\",\"publisher\":{\"@id\":\"https:\\\/\\\/www.bellunopress.it\\\/#organization\"},\"potentialAction\":[{\"@type\":\"SearchAction\",\"target\":{\"@type\":\"EntryPoint\",\"urlTemplate\":\"https:\\\/\\\/www.bellunopress.it\\\/?s={search_term_string}\"},\"query-input\":{\"@type\":\"PropertyValueSpecification\",\"valueRequired\":true,\"valueName\":\"search_term_string\"}}],\"inLanguage\":\"fr-FR\"},{\"@type\":\"Organization\",\"@id\":\"https:\\\/\\\/www.bellunopress.it\\\/#organization\",\"name\":\"Bellunopress\",\"url\":\"https:\\\/\\\/www.bellunopress.it\\\/\",\"logo\":{\"@type\":\"ImageObject\",\"inLanguage\":\"fr-FR\",\"@id\":\"https:\\\/\\\/www.bellunopress.it\\\/#\\\/schema\\\/logo\\\/image\\\/\",\"url\":\"https:\\\/\\\/www.bellunopress.it\\\/wp-content\\\/uploads\\\/2011\\\/05\\\/cropped-logo-bellunopress-.jpg\",\"contentUrl\":\"https:\\\/\\\/www.bellunopress.it\\\/wp-content\\\/uploads\\\/2011\\\/05\\\/cropped-logo-bellunopress-.jpg\",\"width\":512,\"height\":512,\"caption\":\"Bellunopress\"},\"image\":{\"@id\":\"https:\\\/\\\/www.bellunopress.it\\\/#\\\/schema\\\/logo\\\/image\\\/\"},\"sameAs\":[\"https:\\\/\\\/www.facebook.com\\\/profile.php?id=100008943462799\",\"https:\\\/\\\/x.com\\\/bellunopress\",\"https:\\\/\\\/www.linkedin.com\\\/hp\\\/?dnr=JBzUWaJfMUw8vbXJJ2tVW5-I3jZKvC4wsoxE&amp;amp;amp;amp;amp;amp;trk=nav_responsive_tab_home\",\"https:\\\/\\\/www.youtube.com\\\/channel\\\/UCxL0wu1uN0_3_7hGG0306cw\"]},{\"@type\":\"Person\",\"@id\":\"https:\\\/\\\/www.bellunopress.it\\\/#\\\/schema\\\/person\\\/79bb06722b37ece1c03d3e94beb30d73\",\"name\":\"redazione\",\"image\":{\"@type\":\"ImageObject\",\"inLanguage\":\"fr-FR\",\"@id\":\"https:\\\/\\\/secure.gravatar.com\\\/avatar\\\/37d968a2e67a6fd04c169c4bdef102d0bc5d31b2546345219e348575eb80e9a0?s=96&d=mm&r=g\",\"url\":\"https:\\\/\\\/secure.gravatar.com\\\/avatar\\\/37d968a2e67a6fd04c169c4bdef102d0bc5d31b2546345219e348575eb80e9a0?s=96&d=mm&r=g\",\"contentUrl\":\"https:\\\/\\\/secure.gravatar.com\\\/avatar\\\/37d968a2e67a6fd04c169c4bdef102d0bc5d31b2546345219e348575eb80e9a0?s=96&d=mm&r=g\",\"caption\":\"redazione\"},\"sameAs\":[\"http:\\\/\\\/www.bellunopress.it\",\"https:\\\/\\\/x.com\\\/bellunopress\"],\"url\":\"https:\\\/\\\/www.bellunopress.it\\\/fr\\\/author\\\/redazione\\\/\"}]}<\/script>\n<!-- \/ Yoast SEO plugin. -->","yoast_head_json":{"title":"ICI Comune di Belluno: entro il 16 giugno il pagamento  - Bellunopress - Dolomiti","robots":{"index":"index","follow":"follow","max-snippet":"max-snippet:-1","max-image-preview":"max-image-preview:large","max-video-preview":"max-video-preview:-1"},"canonical":"https:\/\/www.bellunopress.it\/fr\/2009\/06\/10\/ici-comune-di-belluno-entro-il-16-giugno-il-pagamento\/","og_locale":"fr_FR","og_type":"article","og_title":"ICI Comune di Belluno: entro il 16 giugno il pagamento  - Bellunopress - Dolomiti","og_description":"E&#8217; il prossimo 16 giugno il termine di pagamento dell&#8217;ICI, per la rata di acconto o per il versamento totale dell&#8217;imposta in unica soluzione. Si ricorda che restano confermate anche per il 2009 le seguenti disposizioni che riguardano: \u00a7\u00a0l&#8217; esclusione dall&#8217;imposta per l&#8217;abitazione principale e per le unit\u00e0 immobiliari ad essa assimilate dal regolamento comunale [&hellip;]","og_url":"https:\/\/www.bellunopress.it\/fr\/2009\/06\/10\/ici-comune-di-belluno-entro-il-16-giugno-il-pagamento\/","og_site_name":"Bellunopress - Dolomiti","article_publisher":"https:\/\/www.facebook.com\/profile.php?id=100008943462799","article_published_time":"2009-06-10T11:07:16+00:00","article_modified_time":"2009-06-10T11:07:49+00:00","og_image":[{"url":"http:\/\/www.bellunopress.it\/wp-content\/uploads\/2009\/06\/ici-leggerissima.jpg","type":"","width":"","height":""}],"author":"redazione","twitter_card":"summary_large_image","twitter_creator":"@bellunopress","twitter_site":"@bellunopress","twitter_misc":{"\u00c9crit par":"redazione","Dur\u00e9e de lecture estim\u00e9e":"1 minute"},"schema":{"@context":"https:\/\/schema.org","@graph":[{"@type":"Article","@id":"https:\/\/www.bellunopress.it\/2009\/06\/10\/ici-comune-di-belluno-entro-il-16-giugno-il-pagamento\/#article","isPartOf":{"@id":"https:\/\/www.bellunopress.it\/2009\/06\/10\/ici-comune-di-belluno-entro-il-16-giugno-il-pagamento\/"},"author":{"name":"redazione","@id":"https:\/\/www.bellunopress.it\/#\/schema\/person\/79bb06722b37ece1c03d3e94beb30d73"},"headline":"ICI Comune di Belluno: entro il 16 giugno il pagamento","datePublished":"2009-06-10T11:07:16+00:00","dateModified":"2009-06-10T11:07:49+00:00","mainEntityOfPage":{"@id":"https:\/\/www.bellunopress.it\/2009\/06\/10\/ici-comune-di-belluno-entro-il-16-giugno-il-pagamento\/"},"wordCount":310,"publisher":{"@id":"https:\/\/www.bellunopress.it\/#organization"},"image":{"@id":"https:\/\/www.bellunopress.it\/2009\/06\/10\/ici-comune-di-belluno-entro-il-16-giugno-il-pagamento\/#primaryimage"},"thumbnailUrl":"http:\/\/www.bellunopress.it\/wp-content\/uploads\/2009\/06\/ici-leggerissima.jpg","keywords":["Belluno"],"articleSection":["Prima Pagina","Societ\u00e0, Associazioni, Istituzioni"],"inLanguage":"fr-FR"},{"@type":"WebPage","@id":"https:\/\/www.bellunopress.it\/2009\/06\/10\/ici-comune-di-belluno-entro-il-16-giugno-il-pagamento\/","url":"https:\/\/www.bellunopress.it\/2009\/06\/10\/ici-comune-di-belluno-entro-il-16-giugno-il-pagamento\/","name":"ICI Comune di Belluno: entro il 16 giugno il pagamento - Bellunopress - Dolomiti","isPartOf":{"@id":"https:\/\/www.bellunopress.it\/#website"},"primaryImageOfPage":{"@id":"https:\/\/www.bellunopress.it\/2009\/06\/10\/ici-comune-di-belluno-entro-il-16-giugno-il-pagamento\/#primaryimage"},"image":{"@id":"https:\/\/www.bellunopress.it\/2009\/06\/10\/ici-comune-di-belluno-entro-il-16-giugno-il-pagamento\/#primaryimage"},"thumbnailUrl":"http:\/\/www.bellunopress.it\/wp-content\/uploads\/2009\/06\/ici-leggerissima.jpg","datePublished":"2009-06-10T11:07:16+00:00","dateModified":"2009-06-10T11:07:49+00:00","breadcrumb":{"@id":"https:\/\/www.bellunopress.it\/2009\/06\/10\/ici-comune-di-belluno-entro-il-16-giugno-il-pagamento\/#breadcrumb"},"inLanguage":"fr-FR","potentialAction":[{"@type":"ReadAction","target":["https:\/\/www.bellunopress.it\/2009\/06\/10\/ici-comune-di-belluno-entro-il-16-giugno-il-pagamento\/"]}]},{"@type":"ImageObject","inLanguage":"fr-FR","@id":"https:\/\/www.bellunopress.it\/2009\/06\/10\/ici-comune-di-belluno-entro-il-16-giugno-il-pagamento\/#primaryimage","url":"http:\/\/www.bellunopress.it\/wp-content\/uploads\/2009\/06\/ici-leggerissima.jpg","contentUrl":"http:\/\/www.bellunopress.it\/wp-content\/uploads\/2009\/06\/ici-leggerissima.jpg"},{"@type":"BreadcrumbList","@id":"https:\/\/www.bellunopress.it\/2009\/06\/10\/ici-comune-di-belluno-entro-il-16-giugno-il-pagamento\/#breadcrumb","itemListElement":[{"@type":"ListItem","position":1,"name":"Home","item":"https:\/\/www.bellunopress.it\/"},{"@type":"ListItem","position":2,"name":"ICI Comune di Belluno: entro il 16 giugno il pagamento"}]},{"@type":"WebSite","@id":"https:\/\/www.bellunopress.it\/#website","url":"https:\/\/www.bellunopress.it\/","name":"Bellunopress - Dolomiti","description":"e-mail: redazione@bellunopress.it","publisher":{"@id":"https:\/\/www.bellunopress.it\/#organization"},"potentialAction":[{"@type":"SearchAction","target":{"@type":"EntryPoint","urlTemplate":"https:\/\/www.bellunopress.it\/?s={search_term_string}"},"query-input":{"@type":"PropertyValueSpecification","valueRequired":true,"valueName":"search_term_string"}}],"inLanguage":"fr-FR"},{"@type":"Organization","@id":"https:\/\/www.bellunopress.it\/#organization","name":"Bellunopress","url":"https:\/\/www.bellunopress.it\/","logo":{"@type":"ImageObject","inLanguage":"fr-FR","@id":"https:\/\/www.bellunopress.it\/#\/schema\/logo\/image\/","url":"https:\/\/www.bellunopress.it\/wp-content\/uploads\/2011\/05\/cropped-logo-bellunopress-.jpg","contentUrl":"https:\/\/www.bellunopress.it\/wp-content\/uploads\/2011\/05\/cropped-logo-bellunopress-.jpg","width":512,"height":512,"caption":"Bellunopress"},"image":{"@id":"https:\/\/www.bellunopress.it\/#\/schema\/logo\/image\/"},"sameAs":["https:\/\/www.facebook.com\/profile.php?id=100008943462799","https:\/\/x.com\/bellunopress","https:\/\/www.linkedin.com\/hp\/?dnr=JBzUWaJfMUw8vbXJJ2tVW5-I3jZKvC4wsoxE&amp;amp;amp;amp;amp;amp;trk=nav_responsive_tab_home","https:\/\/www.youtube.com\/channel\/UCxL0wu1uN0_3_7hGG0306cw"]},{"@type":"Person","@id":"https:\/\/www.bellunopress.it\/#\/schema\/person\/79bb06722b37ece1c03d3e94beb30d73","name":"r\u00e9daction","image":{"@type":"ImageObject","inLanguage":"fr-FR","@id":"https:\/\/secure.gravatar.com\/avatar\/37d968a2e67a6fd04c169c4bdef102d0bc5d31b2546345219e348575eb80e9a0?s=96&d=mm&r=g","url":"https:\/\/secure.gravatar.com\/avatar\/37d968a2e67a6fd04c169c4bdef102d0bc5d31b2546345219e348575eb80e9a0?s=96&d=mm&r=g","contentUrl":"https:\/\/secure.gravatar.com\/avatar\/37d968a2e67a6fd04c169c4bdef102d0bc5d31b2546345219e348575eb80e9a0?s=96&d=mm&r=g","caption":"redazione"},"sameAs":["http:\/\/www.bellunopress.it","https:\/\/x.com\/bellunopress"],"url":"https:\/\/www.bellunopress.it\/fr\/author\/redazione\/"}]}},"_links":{"self":[{"href":"https:\/\/www.bellunopress.it\/fr\/wp-json\/wp\/v2\/posts\/4653","targetHints":{"allow":["GET"]}}],"collection":[{"href":"https:\/\/www.bellunopress.it\/fr\/wp-json\/wp\/v2\/posts"}],"about":[{"href":"https:\/\/www.bellunopress.it\/fr\/wp-json\/wp\/v2\/types\/post"}],"author":[{"embeddable":true,"href":"https:\/\/www.bellunopress.it\/fr\/wp-json\/wp\/v2\/users\/2"}],"replies":[{"embeddable":true,"href":"https:\/\/www.bellunopress.it\/fr\/wp-json\/wp\/v2\/comments?post=4653"}],"version-history":[{"count":2,"href":"https:\/\/www.bellunopress.it\/fr\/wp-json\/wp\/v2\/posts\/4653\/revisions"}],"predecessor-version":[{"id":4655,"href":"https:\/\/www.bellunopress.it\/fr\/wp-json\/wp\/v2\/posts\/4653\/revisions\/4655"}],"wp:attachment":[{"href":"https:\/\/www.bellunopress.it\/fr\/wp-json\/wp\/v2\/media?parent=4653"}],"wp:term":[{"taxonomy":"category","embeddable":true,"href":"https:\/\/www.bellunopress.it\/fr\/wp-json\/wp\/v2\/categories?post=4653"},{"taxonomy":"post_tag","embeddable":true,"href":"https:\/\/www.bellunopress.it\/fr\/wp-json\/wp\/v2\/tags?post=4653"}],"curies":[{"name":"wp","href":"https:\/\/api.w.org\/{rel}","templated":true}]}}