{"id":46501,"date":"2013-02-07T14:35:48","date_gmt":"2013-02-07T13:35:48","guid":{"rendered":"http:\/\/www.bellunopress.it\/?p=46501"},"modified":"2013-02-07T14:35:48","modified_gmt":"2013-02-07T13:35:48","slug":"via-libera-della-i-commissione-alla-fusione-tra-quero-e-vas-ora-manca-solo-lok-finale-del-consiglio-regionale","status":"publish","type":"post","link":"https:\/\/www.bellunopress.it\/fr\/2013\/02\/07\/via-libera-della-i-commissione-alla-fusione-tra-quero-e-vas-ora-manca-solo-lok-finale-del-consiglio-regionale\/","title":{"rendered":"Via libera della I^ Commissione alla fusione tra Quero e Vas. Ora manca solo l&#8217;ok finale del consiglio regionale"},"content":{"rendered":"<p>\u201cAdesso manca soltanto l\u2019ok del Consiglio e presto Quero e Vas potranno diventare un esempio da seguire per molti comuni del Veneto. E\u2019 un passo deciso verso l\u2019ottimizzazione delle risorse e servizi pi\u00f9 efficienti per i cittadini, dalla raccolta delle immondizie al trasporto scolastico\u201d.<\/p>\n<p><img decoding=\"async\" alt=\"\" src=\"http:\/\/ms2.iol.it\/img_newsreg\/8\/8\/3\/16785388.jpg\" \/><\/p>\n<p>Cos\u00ec il capogruppo del Pdl in Consiglio regionale Dario Bond e il presidente della I Commissione Affari Istituzionali e Bilancio Costantino Toniolo commentano il via libera da parte dell\u2019organismo alla fusione dei due comuni del Basso Feltrino.<\/p>\n<p>\u201cIl provvedimento di giunta \u00e8 del novembre scorso e con l\u2019ok di oggi abbiamo voluto accelerare i tempi anche per lanciare un messaggio di semplificazione e di buon governo del territorio\u201d, proseguono i due esponenti del Popolo della Libert\u00e0.<\/p>\n<p>Migliori servizi per i cittadini ma anche pi\u00f9 risorse, come sottolineano sia Bond che Toniolo: \u201cStando al decreto sulla &#8220;spending review&#8221;, il contributo straordinario ai municipi che si fondono \u00e8 commisurato al 20 per cento dei trasferimenti erariali attribuiti per l&#8217;anno 2010. C&#8217;\u00e8 inoltre una legge regionale, la 18, che per il 2012 ha stanziato 3 milioni e 150 mila euro per l&#8217;incentivazione dell&#8217;esercizio associato di funzioni e servizi, a maggior ragione per le fusioni\u201d.<\/p>\n<p>Da circa dieci anni Quero e Vas fanno parte dell\u2019Unione Setteville anche se il passo decisivo risale al 26 marzo 2012 con una riunione congiunta dei due consigli comunali a cui la cittadinanza \u00e8 potuta intervenire.<\/p>\n<p>\u201cQuello che va sottolineato \u00e8 che questa fusione va a migliorare i servizi per i cittadini e ad abbassare le tariffe\u201d, afferma il vicesindaco di Quero Bruno Zanolla. \u201cAdesso non ci resta che attendere l\u2019ok del Consiglio regionale quando il nostro \u201cmatrimonio\u201d a tutela dei cittadini diventer\u00e0 legge\u201d.<\/p>\n<p>\u201cQuero e Vas sono l\u2019esempio di come si opera a favore del territorio al di l\u00e0 dei campanilismi e sono lo sbocco naturale di un\u2019efficiente unificazione di servizi che \u00e8 stata graduale e condivisa con il territorio fin dal suo inizio\u201d, concludono Bond e Toniolo.<\/p>","protected":false},"excerpt":{"rendered":"<p>\u201cAdesso manca soltanto l\u2019ok del Consiglio e presto Quero e Vas potranno diventare un esempio da seguire per molti comuni del Veneto. E\u2019 un passo deciso verso l\u2019ottimizzazione delle risorse e servizi pi\u00f9 efficienti per i cittadini, dalla raccolta delle immondizie al trasporto scolastico\u201d. Cos\u00ec il capogruppo del Pdl in Consiglio regionale Dario Bond e [&hellip;]<\/p>\n","protected":false},"author":2,"featured_media":0,"comment_status":"closed","ping_status":"open","sticky":false,"template":"","format":"standard","meta":{"footnotes":""},"categories":[5,26],"tags":[],"class_list":["post-46501","post","type-post","status-publish","format-standard","category-cronaca","category-prima-pagina"],"yoast_head":"<!-- This site is optimized with the Yoast SEO plugin v28.4 - https:\/\/yoast.com\/product\/yoast-seo-wordpress\/ -->\n<title>Via libera della I^ Commissione alla fusione tra Quero e Vas. Ora manca solo l&#039;ok finale del consiglio regionale  - Bellunopress - Dolomiti<\/title>\n<meta name=\"robots\" content=\"index, follow, max-snippet:-1, max-image-preview:large, max-video-preview:-1\" \/>\n<link rel=\"canonical\" href=\"https:\/\/www.bellunopress.it\/fr\/2013\/02\/07\/via-libera-della-i-commissione-alla-fusione-tra-quero-e-vas-ora-manca-solo-lok-finale-del-consiglio-regionale\/\" \/>\n<meta property=\"og:locale\" content=\"fr_FR\" \/>\n<meta property=\"og:type\" content=\"article\" \/>\n<meta property=\"og:title\" content=\"Via libera della I^ Commissione alla fusione tra Quero e Vas. Ora manca solo l&#039;ok finale del consiglio regionale  - Bellunopress - Dolomiti\" \/>\n<meta property=\"og:description\" content=\"\u201cAdesso manca soltanto l\u2019ok del Consiglio e presto Quero e Vas potranno diventare un esempio da seguire per molti comuni del Veneto. E\u2019 un passo deciso verso l\u2019ottimizzazione delle risorse e servizi pi\u00f9 efficienti per i cittadini, dalla raccolta delle immondizie al trasporto scolastico\u201d. Cos\u00ec il capogruppo del Pdl in Consiglio regionale Dario Bond e [&hellip;]\" \/>\n<meta property=\"og:url\" content=\"https:\/\/www.bellunopress.it\/fr\/2013\/02\/07\/via-libera-della-i-commissione-alla-fusione-tra-quero-e-vas-ora-manca-solo-lok-finale-del-consiglio-regionale\/\" \/>\n<meta property=\"og:site_name\" content=\"Bellunopress - Dolomiti\" \/>\n<meta property=\"article:publisher\" content=\"https:\/\/www.facebook.com\/profile.php?id=100008943462799\" \/>\n<meta property=\"article:published_time\" content=\"2013-02-07T13:35:48+00:00\" \/>\n<meta property=\"og:image\" content=\"http:\/\/ms2.iol.it\/img_newsreg\/8\/8\/3\/16785388.jpg\" \/>\n<meta name=\"author\" content=\"redazione\" \/>\n<meta name=\"twitter:card\" content=\"summary_large_image\" \/>\n<meta name=\"twitter:creator\" content=\"@bellunopress\" \/>\n<meta name=\"twitter:site\" content=\"@bellunopress\" \/>\n<meta name=\"twitter:label1\" content=\"\u00c9crit par\" \/>\n\t<meta name=\"twitter:data1\" content=\"redazione\" \/>\n\t<meta name=\"twitter:label2\" content=\"Dur\u00e9e de lecture estim\u00e9e\" \/>\n\t<meta name=\"twitter:data2\" content=\"2 minutes\" \/>\n<script type=\"application\/ld+json\" class=\"yoast-schema-graph\">{\"@context\":\"https:\\\/\\\/schema.org\",\"@graph\":[{\"@type\":\"Article\",\"@id\":\"https:\\\/\\\/www.bellunopress.it\\\/2013\\\/02\\\/07\\\/via-libera-della-i-commissione-alla-fusione-tra-quero-e-vas-ora-manca-solo-lok-finale-del-consiglio-regionale\\\/#article\",\"isPartOf\":{\"@id\":\"https:\\\/\\\/www.bellunopress.it\\\/2013\\\/02\\\/07\\\/via-libera-della-i-commissione-alla-fusione-tra-quero-e-vas-ora-manca-solo-lok-finale-del-consiglio-regionale\\\/\"},\"author\":{\"name\":\"redazione\",\"@id\":\"https:\\\/\\\/www.bellunopress.it\\\/#\\\/schema\\\/person\\\/79bb06722b37ece1c03d3e94beb30d73\"},\"headline\":\"Via libera della I^ Commissione alla fusione tra Quero e Vas. Ora manca solo l&#8217;ok finale del consiglio regionale\",\"datePublished\":\"2013-02-07T13:35:48+00:00\",\"mainEntityOfPage\":{\"@id\":\"https:\\\/\\\/www.bellunopress.it\\\/2013\\\/02\\\/07\\\/via-libera-della-i-commissione-alla-fusione-tra-quero-e-vas-ora-manca-solo-lok-finale-del-consiglio-regionale\\\/\"},\"wordCount\":342,\"publisher\":{\"@id\":\"https:\\\/\\\/www.bellunopress.it\\\/#organization\"},\"image\":{\"@id\":\"https:\\\/\\\/www.bellunopress.it\\\/2013\\\/02\\\/07\\\/via-libera-della-i-commissione-alla-fusione-tra-quero-e-vas-ora-manca-solo-lok-finale-del-consiglio-regionale\\\/#primaryimage\"},\"thumbnailUrl\":\"http:\\\/\\\/ms2.iol.it\\\/img_newsreg\\\/8\\\/8\\\/3\\\/16785388.jpg\",\"articleSection\":[\"Cronaca\\\/Politica\",\"Prima Pagina\"],\"inLanguage\":\"fr-FR\"},{\"@type\":\"WebPage\",\"@id\":\"https:\\\/\\\/www.bellunopress.it\\\/2013\\\/02\\\/07\\\/via-libera-della-i-commissione-alla-fusione-tra-quero-e-vas-ora-manca-solo-lok-finale-del-consiglio-regionale\\\/\",\"url\":\"https:\\\/\\\/www.bellunopress.it\\\/2013\\\/02\\\/07\\\/via-libera-della-i-commissione-alla-fusione-tra-quero-e-vas-ora-manca-solo-lok-finale-del-consiglio-regionale\\\/\",\"name\":\"Via libera della I^ Commissione alla fusione tra Quero e Vas. Ora manca solo l'ok finale del consiglio regionale - Bellunopress - Dolomiti\",\"isPartOf\":{\"@id\":\"https:\\\/\\\/www.bellunopress.it\\\/#website\"},\"primaryImageOfPage\":{\"@id\":\"https:\\\/\\\/www.bellunopress.it\\\/2013\\\/02\\\/07\\\/via-libera-della-i-commissione-alla-fusione-tra-quero-e-vas-ora-manca-solo-lok-finale-del-consiglio-regionale\\\/#primaryimage\"},\"image\":{\"@id\":\"https:\\\/\\\/www.bellunopress.it\\\/2013\\\/02\\\/07\\\/via-libera-della-i-commissione-alla-fusione-tra-quero-e-vas-ora-manca-solo-lok-finale-del-consiglio-regionale\\\/#primaryimage\"},\"thumbnailUrl\":\"http:\\\/\\\/ms2.iol.it\\\/img_newsreg\\\/8\\\/8\\\/3\\\/16785388.jpg\",\"datePublished\":\"2013-02-07T13:35:48+00:00\",\"breadcrumb\":{\"@id\":\"https:\\\/\\\/www.bellunopress.it\\\/2013\\\/02\\\/07\\\/via-libera-della-i-commissione-alla-fusione-tra-quero-e-vas-ora-manca-solo-lok-finale-del-consiglio-regionale\\\/#breadcrumb\"},\"inLanguage\":\"fr-FR\",\"potentialAction\":[{\"@type\":\"ReadAction\",\"target\":[\"https:\\\/\\\/www.bellunopress.it\\\/2013\\\/02\\\/07\\\/via-libera-della-i-commissione-alla-fusione-tra-quero-e-vas-ora-manca-solo-lok-finale-del-consiglio-regionale\\\/\"]}]},{\"@type\":\"ImageObject\",\"inLanguage\":\"fr-FR\",\"@id\":\"https:\\\/\\\/www.bellunopress.it\\\/2013\\\/02\\\/07\\\/via-libera-della-i-commissione-alla-fusione-tra-quero-e-vas-ora-manca-solo-lok-finale-del-consiglio-regionale\\\/#primaryimage\",\"url\":\"http:\\\/\\\/ms2.iol.it\\\/img_newsreg\\\/8\\\/8\\\/3\\\/16785388.jpg\",\"contentUrl\":\"http:\\\/\\\/ms2.iol.it\\\/img_newsreg\\\/8\\\/8\\\/3\\\/16785388.jpg\"},{\"@type\":\"BreadcrumbList\",\"@id\":\"https:\\\/\\\/www.bellunopress.it\\\/2013\\\/02\\\/07\\\/via-libera-della-i-commissione-alla-fusione-tra-quero-e-vas-ora-manca-solo-lok-finale-del-consiglio-regionale\\\/#breadcrumb\",\"itemListElement\":[{\"@type\":\"ListItem\",\"position\":1,\"name\":\"Home\",\"item\":\"https:\\\/\\\/www.bellunopress.it\\\/\"},{\"@type\":\"ListItem\",\"position\":2,\"name\":\"Via libera della I^ Commissione alla fusione tra Quero e Vas. Ora manca solo l&#8217;ok finale del consiglio regionale\"}]},{\"@type\":\"WebSite\",\"@id\":\"https:\\\/\\\/www.bellunopress.it\\\/#website\",\"url\":\"https:\\\/\\\/www.bellunopress.it\\\/\",\"name\":\"Bellunopress - Dolomiti\",\"description\":\"e-mail: redazione@bellunopress.it\",\"publisher\":{\"@id\":\"https:\\\/\\\/www.bellunopress.it\\\/#organization\"},\"potentialAction\":[{\"@type\":\"SearchAction\",\"target\":{\"@type\":\"EntryPoint\",\"urlTemplate\":\"https:\\\/\\\/www.bellunopress.it\\\/?s={search_term_string}\"},\"query-input\":{\"@type\":\"PropertyValueSpecification\",\"valueRequired\":true,\"valueName\":\"search_term_string\"}}],\"inLanguage\":\"fr-FR\"},{\"@type\":\"Organization\",\"@id\":\"https:\\\/\\\/www.bellunopress.it\\\/#organization\",\"name\":\"Bellunopress\",\"url\":\"https:\\\/\\\/www.bellunopress.it\\\/\",\"logo\":{\"@type\":\"ImageObject\",\"inLanguage\":\"fr-FR\",\"@id\":\"https:\\\/\\\/www.bellunopress.it\\\/#\\\/schema\\\/logo\\\/image\\\/\",\"url\":\"https:\\\/\\\/www.bellunopress.it\\\/wp-content\\\/uploads\\\/2011\\\/05\\\/cropped-logo-bellunopress-.jpg\",\"contentUrl\":\"https:\\\/\\\/www.bellunopress.it\\\/wp-content\\\/uploads\\\/2011\\\/05\\\/cropped-logo-bellunopress-.jpg\",\"width\":512,\"height\":512,\"caption\":\"Bellunopress\"},\"image\":{\"@id\":\"https:\\\/\\\/www.bellunopress.it\\\/#\\\/schema\\\/logo\\\/image\\\/\"},\"sameAs\":[\"https:\\\/\\\/www.facebook.com\\\/profile.php?id=100008943462799\",\"https:\\\/\\\/x.com\\\/bellunopress\",\"https:\\\/\\\/www.linkedin.com\\\/hp\\\/?dnr=JBzUWaJfMUw8vbXJJ2tVW5-I3jZKvC4wsoxE&amp;amp;amp;amp;amp;amp;trk=nav_responsive_tab_home\",\"https:\\\/\\\/www.youtube.com\\\/channel\\\/UCxL0wu1uN0_3_7hGG0306cw\"]},{\"@type\":\"Person\",\"@id\":\"https:\\\/\\\/www.bellunopress.it\\\/#\\\/schema\\\/person\\\/79bb06722b37ece1c03d3e94beb30d73\",\"name\":\"redazione\",\"image\":{\"@type\":\"ImageObject\",\"inLanguage\":\"fr-FR\",\"@id\":\"https:\\\/\\\/secure.gravatar.com\\\/avatar\\\/37d968a2e67a6fd04c169c4bdef102d0bc5d31b2546345219e348575eb80e9a0?s=96&d=mm&r=g\",\"url\":\"https:\\\/\\\/secure.gravatar.com\\\/avatar\\\/37d968a2e67a6fd04c169c4bdef102d0bc5d31b2546345219e348575eb80e9a0?s=96&d=mm&r=g\",\"contentUrl\":\"https:\\\/\\\/secure.gravatar.com\\\/avatar\\\/37d968a2e67a6fd04c169c4bdef102d0bc5d31b2546345219e348575eb80e9a0?s=96&d=mm&r=g\",\"caption\":\"redazione\"},\"sameAs\":[\"http:\\\/\\\/www.bellunopress.it\",\"https:\\\/\\\/x.com\\\/bellunopress\"],\"url\":\"https:\\\/\\\/www.bellunopress.it\\\/fr\\\/author\\\/redazione\\\/\"}]}<\/script>\n<!-- \/ Yoast SEO plugin. -->","yoast_head_json":{"title":"Via libera della I^ Commissione alla fusione tra Quero e Vas. Ora manca solo l'ok finale del consiglio regionale  - Bellunopress - Dolomiti","robots":{"index":"index","follow":"follow","max-snippet":"max-snippet:-1","max-image-preview":"max-image-preview:large","max-video-preview":"max-video-preview:-1"},"canonical":"https:\/\/www.bellunopress.it\/fr\/2013\/02\/07\/via-libera-della-i-commissione-alla-fusione-tra-quero-e-vas-ora-manca-solo-lok-finale-del-consiglio-regionale\/","og_locale":"fr_FR","og_type":"article","og_title":"Via libera della I^ Commissione alla fusione tra Quero e Vas. Ora manca solo l'ok finale del consiglio regionale  - Bellunopress - Dolomiti","og_description":"\u201cAdesso manca soltanto l\u2019ok del Consiglio e presto Quero e Vas potranno diventare un esempio da seguire per molti comuni del Veneto. E\u2019 un passo deciso verso l\u2019ottimizzazione delle risorse e servizi pi\u00f9 efficienti per i cittadini, dalla raccolta delle immondizie al trasporto scolastico\u201d. Cos\u00ec il capogruppo del Pdl in Consiglio regionale Dario Bond e [&hellip;]","og_url":"https:\/\/www.bellunopress.it\/fr\/2013\/02\/07\/via-libera-della-i-commissione-alla-fusione-tra-quero-e-vas-ora-manca-solo-lok-finale-del-consiglio-regionale\/","og_site_name":"Bellunopress - Dolomiti","article_publisher":"https:\/\/www.facebook.com\/profile.php?id=100008943462799","article_published_time":"2013-02-07T13:35:48+00:00","og_image":[{"url":"http:\/\/ms2.iol.it\/img_newsreg\/8\/8\/3\/16785388.jpg","type":"","width":"","height":""}],"author":"redazione","twitter_card":"summary_large_image","twitter_creator":"@bellunopress","twitter_site":"@bellunopress","twitter_misc":{"\u00c9crit par":"redazione","Dur\u00e9e de lecture estim\u00e9e":"2 minutes"},"schema":{"@context":"https:\/\/schema.org","@graph":[{"@type":"Article","@id":"https:\/\/www.bellunopress.it\/2013\/02\/07\/via-libera-della-i-commissione-alla-fusione-tra-quero-e-vas-ora-manca-solo-lok-finale-del-consiglio-regionale\/#article","isPartOf":{"@id":"https:\/\/www.bellunopress.it\/2013\/02\/07\/via-libera-della-i-commissione-alla-fusione-tra-quero-e-vas-ora-manca-solo-lok-finale-del-consiglio-regionale\/"},"author":{"name":"redazione","@id":"https:\/\/www.bellunopress.it\/#\/schema\/person\/79bb06722b37ece1c03d3e94beb30d73"},"headline":"Via libera della I^ Commissione alla fusione tra Quero e Vas. Ora manca solo l&#8217;ok finale del consiglio regionale","datePublished":"2013-02-07T13:35:48+00:00","mainEntityOfPage":{"@id":"https:\/\/www.bellunopress.it\/2013\/02\/07\/via-libera-della-i-commissione-alla-fusione-tra-quero-e-vas-ora-manca-solo-lok-finale-del-consiglio-regionale\/"},"wordCount":342,"publisher":{"@id":"https:\/\/www.bellunopress.it\/#organization"},"image":{"@id":"https:\/\/www.bellunopress.it\/2013\/02\/07\/via-libera-della-i-commissione-alla-fusione-tra-quero-e-vas-ora-manca-solo-lok-finale-del-consiglio-regionale\/#primaryimage"},"thumbnailUrl":"http:\/\/ms2.iol.it\/img_newsreg\/8\/8\/3\/16785388.jpg","articleSection":["Cronaca\/Politica","Prima Pagina"],"inLanguage":"fr-FR"},{"@type":"WebPage","@id":"https:\/\/www.bellunopress.it\/2013\/02\/07\/via-libera-della-i-commissione-alla-fusione-tra-quero-e-vas-ora-manca-solo-lok-finale-del-consiglio-regionale\/","url":"https:\/\/www.bellunopress.it\/2013\/02\/07\/via-libera-della-i-commissione-alla-fusione-tra-quero-e-vas-ora-manca-solo-lok-finale-del-consiglio-regionale\/","name":"Via libera della I^ Commissione alla fusione tra Quero e Vas. Ora manca solo l'ok finale del consiglio regionale - Bellunopress - Dolomiti","isPartOf":{"@id":"https:\/\/www.bellunopress.it\/#website"},"primaryImageOfPage":{"@id":"https:\/\/www.bellunopress.it\/2013\/02\/07\/via-libera-della-i-commissione-alla-fusione-tra-quero-e-vas-ora-manca-solo-lok-finale-del-consiglio-regionale\/#primaryimage"},"image":{"@id":"https:\/\/www.bellunopress.it\/2013\/02\/07\/via-libera-della-i-commissione-alla-fusione-tra-quero-e-vas-ora-manca-solo-lok-finale-del-consiglio-regionale\/#primaryimage"},"thumbnailUrl":"http:\/\/ms2.iol.it\/img_newsreg\/8\/8\/3\/16785388.jpg","datePublished":"2013-02-07T13:35:48+00:00","breadcrumb":{"@id":"https:\/\/www.bellunopress.it\/2013\/02\/07\/via-libera-della-i-commissione-alla-fusione-tra-quero-e-vas-ora-manca-solo-lok-finale-del-consiglio-regionale\/#breadcrumb"},"inLanguage":"fr-FR","potentialAction":[{"@type":"ReadAction","target":["https:\/\/www.bellunopress.it\/2013\/02\/07\/via-libera-della-i-commissione-alla-fusione-tra-quero-e-vas-ora-manca-solo-lok-finale-del-consiglio-regionale\/"]}]},{"@type":"ImageObject","inLanguage":"fr-FR","@id":"https:\/\/www.bellunopress.it\/2013\/02\/07\/via-libera-della-i-commissione-alla-fusione-tra-quero-e-vas-ora-manca-solo-lok-finale-del-consiglio-regionale\/#primaryimage","url":"http:\/\/ms2.iol.it\/img_newsreg\/8\/8\/3\/16785388.jpg","contentUrl":"http:\/\/ms2.iol.it\/img_newsreg\/8\/8\/3\/16785388.jpg"},{"@type":"BreadcrumbList","@id":"https:\/\/www.bellunopress.it\/2013\/02\/07\/via-libera-della-i-commissione-alla-fusione-tra-quero-e-vas-ora-manca-solo-lok-finale-del-consiglio-regionale\/#breadcrumb","itemListElement":[{"@type":"ListItem","position":1,"name":"Home","item":"https:\/\/www.bellunopress.it\/"},{"@type":"ListItem","position":2,"name":"Via libera della I^ Commissione alla fusione tra Quero e Vas. Ora manca solo l&#8217;ok finale del consiglio regionale"}]},{"@type":"WebSite","@id":"https:\/\/www.bellunopress.it\/#website","url":"https:\/\/www.bellunopress.it\/","name":"Bellunopress - Dolomiti","description":"e-mail: redazione@bellunopress.it","publisher":{"@id":"https:\/\/www.bellunopress.it\/#organization"},"potentialAction":[{"@type":"SearchAction","target":{"@type":"EntryPoint","urlTemplate":"https:\/\/www.bellunopress.it\/?s={search_term_string}"},"query-input":{"@type":"PropertyValueSpecification","valueRequired":true,"valueName":"search_term_string"}}],"inLanguage":"fr-FR"},{"@type":"Organization","@id":"https:\/\/www.bellunopress.it\/#organization","name":"Bellunopress","url":"https:\/\/www.bellunopress.it\/","logo":{"@type":"ImageObject","inLanguage":"fr-FR","@id":"https:\/\/www.bellunopress.it\/#\/schema\/logo\/image\/","url":"https:\/\/www.bellunopress.it\/wp-content\/uploads\/2011\/05\/cropped-logo-bellunopress-.jpg","contentUrl":"https:\/\/www.bellunopress.it\/wp-content\/uploads\/2011\/05\/cropped-logo-bellunopress-.jpg","width":512,"height":512,"caption":"Bellunopress"},"image":{"@id":"https:\/\/www.bellunopress.it\/#\/schema\/logo\/image\/"},"sameAs":["https:\/\/www.facebook.com\/profile.php?id=100008943462799","https:\/\/x.com\/bellunopress","https:\/\/www.linkedin.com\/hp\/?dnr=JBzUWaJfMUw8vbXJJ2tVW5-I3jZKvC4wsoxE&amp;amp;amp;amp;amp;amp;trk=nav_responsive_tab_home","https:\/\/www.youtube.com\/channel\/UCxL0wu1uN0_3_7hGG0306cw"]},{"@type":"Person","@id":"https:\/\/www.bellunopress.it\/#\/schema\/person\/79bb06722b37ece1c03d3e94beb30d73","name":"r\u00e9daction","image":{"@type":"ImageObject","inLanguage":"fr-FR","@id":"https:\/\/secure.gravatar.com\/avatar\/37d968a2e67a6fd04c169c4bdef102d0bc5d31b2546345219e348575eb80e9a0?s=96&d=mm&r=g","url":"https:\/\/secure.gravatar.com\/avatar\/37d968a2e67a6fd04c169c4bdef102d0bc5d31b2546345219e348575eb80e9a0?s=96&d=mm&r=g","contentUrl":"https:\/\/secure.gravatar.com\/avatar\/37d968a2e67a6fd04c169c4bdef102d0bc5d31b2546345219e348575eb80e9a0?s=96&d=mm&r=g","caption":"redazione"},"sameAs":["http:\/\/www.bellunopress.it","https:\/\/x.com\/bellunopress"],"url":"https:\/\/www.bellunopress.it\/fr\/author\/redazione\/"}]}},"_links":{"self":[{"href":"https:\/\/www.bellunopress.it\/fr\/wp-json\/wp\/v2\/posts\/46501","targetHints":{"allow":["GET"]}}],"collection":[{"href":"https:\/\/www.bellunopress.it\/fr\/wp-json\/wp\/v2\/posts"}],"about":[{"href":"https:\/\/www.bellunopress.it\/fr\/wp-json\/wp\/v2\/types\/post"}],"author":[{"embeddable":true,"href":"https:\/\/www.bellunopress.it\/fr\/wp-json\/wp\/v2\/users\/2"}],"replies":[{"embeddable":true,"href":"https:\/\/www.bellunopress.it\/fr\/wp-json\/wp\/v2\/comments?post=46501"}],"version-history":[{"count":2,"href":"https:\/\/www.bellunopress.it\/fr\/wp-json\/wp\/v2\/posts\/46501\/revisions"}],"predecessor-version":[{"id":46503,"href":"https:\/\/www.bellunopress.it\/fr\/wp-json\/wp\/v2\/posts\/46501\/revisions\/46503"}],"wp:attachment":[{"href":"https:\/\/www.bellunopress.it\/fr\/wp-json\/wp\/v2\/media?parent=46501"}],"wp:term":[{"taxonomy":"category","embeddable":true,"href":"https:\/\/www.bellunopress.it\/fr\/wp-json\/wp\/v2\/categories?post=46501"},{"taxonomy":"post_tag","embeddable":true,"href":"https:\/\/www.bellunopress.it\/fr\/wp-json\/wp\/v2\/tags?post=46501"}],"curies":[{"name":"wp","href":"https:\/\/api.w.org\/{rel}","templated":true}]}}