{"id":46499,"date":"2013-02-07T14:12:51","date_gmt":"2013-02-07T13:12:51","guid":{"rendered":"http:\/\/www.bellunopress.it\/?p=46499"},"modified":"2013-02-07T14:12:51","modified_gmt":"2013-02-07T13:12:51","slug":"sabato-a-santa-giustina-incontro-con-la-virologa-ilaria-capua","status":"publish","type":"post","link":"https:\/\/www.bellunopress.it\/fr\/2013\/02\/07\/sabato-a-santa-giustina-incontro-con-la-virologa-ilaria-capua\/","title":{"rendered":"Sabato a Santa Giustina incontro con la virologa Ilaria Capua"},"content":{"rendered":"<p>Sabato 9 febbraio 2013 alle ore 18.00 il Centro Papa Luciani di Santa Giustina, nell&#8217;ambito della rassegna culturale \u201cIllustrissimi\u201d ideata e curata da Michelangelo De Don\u00e0, ospiter\u00e0 Ilaria Capua, direttore del Dipartimento di Scienze Biomediche Comparate dell\u2019Istituto Zooprofilattico Sperimentale delle Venezie, che presenter\u00e0 il suo libro \u201cI virus non aspettano. Avventure, disavventure e riflessioni di una ricercatrice globetrotter \u201d (Marsilio).<\/p>\n<p><img decoding=\"async\" alt=\"\" src=\"http:\/\/libreriarizzoli.corriere.it\/is-bin\/intershop.static\/WFS\/RCS-RCS_PhysicalShops-Site\/RCS\/it_IT\/LibreriaRizzoli\/big\/978\/8\/8\/3\/9788831712958g.jpg\" \/><\/p>\n<p>IL LIBRO<\/p>\n<p>La scienziata italiana famosa nel mondo per aver sfidato con successo l\u2019organizzazione Mondiale della Sanit\u00e0 e il conservatorismo nella scienza si racconta con sincerit\u00e0 e ironia in un libro autobiografico.<\/p>\n<p>Con le sue scoperte e le sue decisioni coraggiose e controcorrente si \u00e8 imposta all&#8217;attenzione mondiale: a lei si deve il grande risultato di aver condiviso con la comunit\u00e0 scientifica le informazioni su origine, patogenicit\u00e0 (cio\u00e8 i rischi per la popolazione) e la possibilit\u00e0 di prepara diagnostici e vaccini relativi al virus H5N1.<\/p>\n<p>I riconoscimenti internazionali non le mancano: eletta \u00abmente rivoluzionaria\u00bb del 2008 dalla rivista americana \u00abSeed\u00bb, \u00e8 entrata nella classifica dei 50 scienziati top di \u00abScientific American\u00bb e nel settembre 2011 ha ricevuto il prestigioso Penn Vet Leadership Award, il massimo riconoscimento nel suo settore. Eppure Ilaria Capua, la scienziata che il mondo ci invidia, seppur consapevole dell&#8217;importanza dei traguardi raggiunti, non si ritiene un&#8217;eroina, una martire votata alla scienza, ma semplicemente una donna che crede fortemente in quello che fa e che, non senza fatica e difficolt\u00e0, \u00e8 stata in grado di sfruttare le opportunit\u00e0 che la vita le ha presentato. Con molta sincerit\u00e0 e una buona dose di ironia racconta che il mestiere del ricercatore non \u00e8 solo microscopi, stanzette buie e libri, ma pu\u00f2 rivelarsi un&#8217;avventura intensa ed esaltante. Ne emerge il ritratto a tutto tondo di una donna al tempo stesso normale e straordinaria, che non si prende troppo sul serio e non ama andare in giro a dire quanto \u00e8 brava. Perch\u00e9 brava lo \u00e8 davvero.<\/p>\n<p>CHI E&#8217;<\/p>\n<p>Ilaria Capua (Roma, 1966) laureata in Medicina Veterinaria all\u2019Universit\u00e0 di Perugia, si \u00e8 specializzata presso l\u2019Universit\u00e0 di Pisa e ha conseguito un dottorato di ricerca all\u2019Universit\u00e0 di Padova. Dirige il Dipartimento di Scienze Biomediche Comparate dell\u2019Istituto Zooprofilattico Sperimentale delle Venezie. In campo scientifico ha dato un apporto fondamentale allo studio dei virus influenzali, e nel 2000 ha sviluppato diva, la prima strategia di vaccinazione contro l\u2019influenza aviaria, raccomandata oggi da organizzazioni internazionali come Oie, Fao e l\u2019Unione Europea. La sua fama internazionale deriva soprattutto dalla battaglia che ha portato avanti nel 2006 \u2013 quando ha deciso di sfidare il sistema depositando la sequenza genetica del primo ceppo africano di influenza h5n1 in un database \u201copen access\u201d anzich\u00e9 in uno ad accesso limitato &#8211; in favore della trasparenza dei dati genetici dei virus influenzali per una ricerca pi\u00f9 efficiente. Il suo appello \u00e8 stato raccolto dalle principali organizzazioni internazionali che oggi promuovono la trasparenza e la condivisione delle informazioni. In dieci anni ha trasformato un gruppo di soli sette ricercatori in un\u2019\u00e9quipe di settantacinque che svolge ricerca nell\u2019ambito di progetti europei e finanziati da altri organismi internazionali. \u00c8 sposata e ha una figlia.<\/p>","protected":false},"excerpt":{"rendered":"<p>Sabato 9 febbraio 2013 alle ore 18.00 il Centro Papa Luciani di Santa Giustina, nell&#8217;ambito della rassegna culturale \u201cIllustrissimi\u201d ideata e curata da Michelangelo De Don\u00e0, ospiter\u00e0 Ilaria Capua, direttore del Dipartimento di Scienze Biomediche Comparate dell\u2019Istituto Zooprofilattico Sperimentale delle Venezie, che presenter\u00e0 il suo libro \u201cI virus non aspettano. Avventure, disavventure e riflessioni di [&hellip;]<\/p>\n","protected":false},"author":2,"featured_media":0,"comment_status":"closed","ping_status":"open","sticky":false,"template":"","format":"standard","meta":{"footnotes":""},"categories":[27,3,25],"tags":[],"class_list":["post-46499","post","type-post","status-publish","format-standard","category-appuntamenti","category-arte-cultura-spettacoli-scienza-archivi","category-pausa-caffe"],"yoast_head":"<!-- This site is optimized with the Yoast SEO plugin v28.4 - https:\/\/yoast.com\/product\/yoast-seo-wordpress\/ -->\n<title>Sabato a Santa Giustina incontro con la virologa Ilaria Capua - Bellunopress - Dolomiti<\/title>\n<meta name=\"robots\" content=\"index, follow, max-snippet:-1, max-image-preview:large, max-video-preview:-1\" \/>\n<link rel=\"canonical\" href=\"https:\/\/www.bellunopress.it\/fr\/2013\/02\/07\/sabato-a-santa-giustina-incontro-con-la-virologa-ilaria-capua\/\" \/>\n<meta property=\"og:locale\" content=\"fr_FR\" \/>\n<meta property=\"og:type\" content=\"article\" \/>\n<meta property=\"og:title\" content=\"Sabato a Santa Giustina incontro con la virologa Ilaria Capua - Bellunopress - Dolomiti\" \/>\n<meta property=\"og:description\" content=\"Sabato 9 febbraio 2013 alle ore 18.00 il Centro Papa Luciani di Santa Giustina, nell&#8217;ambito della rassegna culturale \u201cIllustrissimi\u201d ideata e curata da Michelangelo De Don\u00e0, ospiter\u00e0 Ilaria Capua, direttore del Dipartimento di Scienze Biomediche Comparate dell\u2019Istituto Zooprofilattico Sperimentale delle Venezie, che presenter\u00e0 il suo libro \u201cI virus non aspettano. Avventure, disavventure e riflessioni di [&hellip;]\" \/>\n<meta property=\"og:url\" content=\"https:\/\/www.bellunopress.it\/fr\/2013\/02\/07\/sabato-a-santa-giustina-incontro-con-la-virologa-ilaria-capua\/\" \/>\n<meta property=\"og:site_name\" content=\"Bellunopress - Dolomiti\" \/>\n<meta property=\"article:publisher\" content=\"https:\/\/www.facebook.com\/profile.php?id=100008943462799\" \/>\n<meta property=\"article:published_time\" content=\"2013-02-07T13:12:51+00:00\" \/>\n<meta property=\"og:image\" content=\"http:\/\/libreriarizzoli.corriere.it\/is-bin\/intershop.static\/WFS\/RCS-RCS_PhysicalShops-Site\/RCS\/it_IT\/LibreriaRizzoli\/big\/978\/8\/8\/3\/9788831712958g.jpg\" \/>\n<meta name=\"author\" content=\"redazione\" \/>\n<meta name=\"twitter:card\" content=\"summary_large_image\" \/>\n<meta name=\"twitter:creator\" content=\"@bellunopress\" \/>\n<meta name=\"twitter:site\" content=\"@bellunopress\" \/>\n<meta name=\"twitter:label1\" content=\"\u00c9crit par\" \/>\n\t<meta name=\"twitter:data1\" content=\"redazione\" \/>\n\t<meta name=\"twitter:label2\" content=\"Dur\u00e9e de lecture estim\u00e9e\" \/>\n\t<meta name=\"twitter:data2\" content=\"3 minutes\" \/>\n<script type=\"application\/ld+json\" class=\"yoast-schema-graph\">{\"@context\":\"https:\\\/\\\/schema.org\",\"@graph\":[{\"@type\":\"Article\",\"@id\":\"https:\\\/\\\/www.bellunopress.it\\\/2013\\\/02\\\/07\\\/sabato-a-santa-giustina-incontro-con-la-virologa-ilaria-capua\\\/#article\",\"isPartOf\":{\"@id\":\"https:\\\/\\\/www.bellunopress.it\\\/2013\\\/02\\\/07\\\/sabato-a-santa-giustina-incontro-con-la-virologa-ilaria-capua\\\/\"},\"author\":{\"name\":\"redazione\",\"@id\":\"https:\\\/\\\/www.bellunopress.it\\\/#\\\/schema\\\/person\\\/79bb06722b37ece1c03d3e94beb30d73\"},\"headline\":\"Sabato a Santa Giustina incontro con la virologa Ilaria Capua\",\"datePublished\":\"2013-02-07T13:12:51+00:00\",\"mainEntityOfPage\":{\"@id\":\"https:\\\/\\\/www.bellunopress.it\\\/2013\\\/02\\\/07\\\/sabato-a-santa-giustina-incontro-con-la-virologa-ilaria-capua\\\/\"},\"wordCount\":516,\"publisher\":{\"@id\":\"https:\\\/\\\/www.bellunopress.it\\\/#organization\"},\"image\":{\"@id\":\"https:\\\/\\\/www.bellunopress.it\\\/2013\\\/02\\\/07\\\/sabato-a-santa-giustina-incontro-con-la-virologa-ilaria-capua\\\/#primaryimage\"},\"thumbnailUrl\":\"http:\\\/\\\/libreriarizzoli.corriere.it\\\/is-bin\\\/intershop.static\\\/WFS\\\/RCS-RCS_PhysicalShops-Site\\\/RCS\\\/it_IT\\\/LibreriaRizzoli\\\/big\\\/978\\\/8\\\/8\\\/3\\\/9788831712958g.jpg\",\"articleSection\":[\"Appuntamenti, Eventi\",\"Arte, Cultura, Spettacoli, Scienza\",\"Pausa Caff\u00e8\"],\"inLanguage\":\"fr-FR\"},{\"@type\":\"WebPage\",\"@id\":\"https:\\\/\\\/www.bellunopress.it\\\/2013\\\/02\\\/07\\\/sabato-a-santa-giustina-incontro-con-la-virologa-ilaria-capua\\\/\",\"url\":\"https:\\\/\\\/www.bellunopress.it\\\/2013\\\/02\\\/07\\\/sabato-a-santa-giustina-incontro-con-la-virologa-ilaria-capua\\\/\",\"name\":\"Sabato a Santa Giustina incontro con la virologa Ilaria Capua - Bellunopress - Dolomiti\",\"isPartOf\":{\"@id\":\"https:\\\/\\\/www.bellunopress.it\\\/#website\"},\"primaryImageOfPage\":{\"@id\":\"https:\\\/\\\/www.bellunopress.it\\\/2013\\\/02\\\/07\\\/sabato-a-santa-giustina-incontro-con-la-virologa-ilaria-capua\\\/#primaryimage\"},\"image\":{\"@id\":\"https:\\\/\\\/www.bellunopress.it\\\/2013\\\/02\\\/07\\\/sabato-a-santa-giustina-incontro-con-la-virologa-ilaria-capua\\\/#primaryimage\"},\"thumbnailUrl\":\"http:\\\/\\\/libreriarizzoli.corriere.it\\\/is-bin\\\/intershop.static\\\/WFS\\\/RCS-RCS_PhysicalShops-Site\\\/RCS\\\/it_IT\\\/LibreriaRizzoli\\\/big\\\/978\\\/8\\\/8\\\/3\\\/9788831712958g.jpg\",\"datePublished\":\"2013-02-07T13:12:51+00:00\",\"breadcrumb\":{\"@id\":\"https:\\\/\\\/www.bellunopress.it\\\/2013\\\/02\\\/07\\\/sabato-a-santa-giustina-incontro-con-la-virologa-ilaria-capua\\\/#breadcrumb\"},\"inLanguage\":\"fr-FR\",\"potentialAction\":[{\"@type\":\"ReadAction\",\"target\":[\"https:\\\/\\\/www.bellunopress.it\\\/2013\\\/02\\\/07\\\/sabato-a-santa-giustina-incontro-con-la-virologa-ilaria-capua\\\/\"]}]},{\"@type\":\"ImageObject\",\"inLanguage\":\"fr-FR\",\"@id\":\"https:\\\/\\\/www.bellunopress.it\\\/2013\\\/02\\\/07\\\/sabato-a-santa-giustina-incontro-con-la-virologa-ilaria-capua\\\/#primaryimage\",\"url\":\"http:\\\/\\\/libreriarizzoli.corriere.it\\\/is-bin\\\/intershop.static\\\/WFS\\\/RCS-RCS_PhysicalShops-Site\\\/RCS\\\/it_IT\\\/LibreriaRizzoli\\\/big\\\/978\\\/8\\\/8\\\/3\\\/9788831712958g.jpg\",\"contentUrl\":\"http:\\\/\\\/libreriarizzoli.corriere.it\\\/is-bin\\\/intershop.static\\\/WFS\\\/RCS-RCS_PhysicalShops-Site\\\/RCS\\\/it_IT\\\/LibreriaRizzoli\\\/big\\\/978\\\/8\\\/8\\\/3\\\/9788831712958g.jpg\"},{\"@type\":\"BreadcrumbList\",\"@id\":\"https:\\\/\\\/www.bellunopress.it\\\/2013\\\/02\\\/07\\\/sabato-a-santa-giustina-incontro-con-la-virologa-ilaria-capua\\\/#breadcrumb\",\"itemListElement\":[{\"@type\":\"ListItem\",\"position\":1,\"name\":\"Home\",\"item\":\"https:\\\/\\\/www.bellunopress.it\\\/\"},{\"@type\":\"ListItem\",\"position\":2,\"name\":\"Sabato a Santa Giustina incontro con la virologa Ilaria Capua\"}]},{\"@type\":\"WebSite\",\"@id\":\"https:\\\/\\\/www.bellunopress.it\\\/#website\",\"url\":\"https:\\\/\\\/www.bellunopress.it\\\/\",\"name\":\"Bellunopress - Dolomiti\",\"description\":\"e-mail: redazione@bellunopress.it\",\"publisher\":{\"@id\":\"https:\\\/\\\/www.bellunopress.it\\\/#organization\"},\"potentialAction\":[{\"@type\":\"SearchAction\",\"target\":{\"@type\":\"EntryPoint\",\"urlTemplate\":\"https:\\\/\\\/www.bellunopress.it\\\/?s={search_term_string}\"},\"query-input\":{\"@type\":\"PropertyValueSpecification\",\"valueRequired\":true,\"valueName\":\"search_term_string\"}}],\"inLanguage\":\"fr-FR\"},{\"@type\":\"Organization\",\"@id\":\"https:\\\/\\\/www.bellunopress.it\\\/#organization\",\"name\":\"Bellunopress\",\"url\":\"https:\\\/\\\/www.bellunopress.it\\\/\",\"logo\":{\"@type\":\"ImageObject\",\"inLanguage\":\"fr-FR\",\"@id\":\"https:\\\/\\\/www.bellunopress.it\\\/#\\\/schema\\\/logo\\\/image\\\/\",\"url\":\"https:\\\/\\\/www.bellunopress.it\\\/wp-content\\\/uploads\\\/2011\\\/05\\\/cropped-logo-bellunopress-.jpg\",\"contentUrl\":\"https:\\\/\\\/www.bellunopress.it\\\/wp-content\\\/uploads\\\/2011\\\/05\\\/cropped-logo-bellunopress-.jpg\",\"width\":512,\"height\":512,\"caption\":\"Bellunopress\"},\"image\":{\"@id\":\"https:\\\/\\\/www.bellunopress.it\\\/#\\\/schema\\\/logo\\\/image\\\/\"},\"sameAs\":[\"https:\\\/\\\/www.facebook.com\\\/profile.php?id=100008943462799\",\"https:\\\/\\\/x.com\\\/bellunopress\",\"https:\\\/\\\/www.linkedin.com\\\/hp\\\/?dnr=JBzUWaJfMUw8vbXJJ2tVW5-I3jZKvC4wsoxE&amp;amp;amp;amp;amp;amp;trk=nav_responsive_tab_home\",\"https:\\\/\\\/www.youtube.com\\\/channel\\\/UCxL0wu1uN0_3_7hGG0306cw\"]},{\"@type\":\"Person\",\"@id\":\"https:\\\/\\\/www.bellunopress.it\\\/#\\\/schema\\\/person\\\/79bb06722b37ece1c03d3e94beb30d73\",\"name\":\"redazione\",\"image\":{\"@type\":\"ImageObject\",\"inLanguage\":\"fr-FR\",\"@id\":\"https:\\\/\\\/secure.gravatar.com\\\/avatar\\\/37d968a2e67a6fd04c169c4bdef102d0bc5d31b2546345219e348575eb80e9a0?s=96&d=mm&r=g\",\"url\":\"https:\\\/\\\/secure.gravatar.com\\\/avatar\\\/37d968a2e67a6fd04c169c4bdef102d0bc5d31b2546345219e348575eb80e9a0?s=96&d=mm&r=g\",\"contentUrl\":\"https:\\\/\\\/secure.gravatar.com\\\/avatar\\\/37d968a2e67a6fd04c169c4bdef102d0bc5d31b2546345219e348575eb80e9a0?s=96&d=mm&r=g\",\"caption\":\"redazione\"},\"sameAs\":[\"http:\\\/\\\/www.bellunopress.it\",\"https:\\\/\\\/x.com\\\/bellunopress\"],\"url\":\"https:\\\/\\\/www.bellunopress.it\\\/fr\\\/author\\\/redazione\\\/\"}]}<\/script>\n<!-- \/ Yoast SEO plugin. -->","yoast_head_json":{"title":"Sabato a Santa Giustina incontro con la virologa Ilaria Capua - Bellunopress - Dolomiti","robots":{"index":"index","follow":"follow","max-snippet":"max-snippet:-1","max-image-preview":"max-image-preview:large","max-video-preview":"max-video-preview:-1"},"canonical":"https:\/\/www.bellunopress.it\/fr\/2013\/02\/07\/sabato-a-santa-giustina-incontro-con-la-virologa-ilaria-capua\/","og_locale":"fr_FR","og_type":"article","og_title":"Sabato a Santa Giustina incontro con la virologa Ilaria Capua - Bellunopress - Dolomiti","og_description":"Sabato 9 febbraio 2013 alle ore 18.00 il Centro Papa Luciani di Santa Giustina, nell&#8217;ambito della rassegna culturale \u201cIllustrissimi\u201d ideata e curata da Michelangelo De Don\u00e0, ospiter\u00e0 Ilaria Capua, direttore del Dipartimento di Scienze Biomediche Comparate dell\u2019Istituto Zooprofilattico Sperimentale delle Venezie, che presenter\u00e0 il suo libro \u201cI virus non aspettano. Avventure, disavventure e riflessioni di [&hellip;]","og_url":"https:\/\/www.bellunopress.it\/fr\/2013\/02\/07\/sabato-a-santa-giustina-incontro-con-la-virologa-ilaria-capua\/","og_site_name":"Bellunopress - Dolomiti","article_publisher":"https:\/\/www.facebook.com\/profile.php?id=100008943462799","article_published_time":"2013-02-07T13:12:51+00:00","og_image":[{"url":"http:\/\/libreriarizzoli.corriere.it\/is-bin\/intershop.static\/WFS\/RCS-RCS_PhysicalShops-Site\/RCS\/it_IT\/LibreriaRizzoli\/big\/978\/8\/8\/3\/9788831712958g.jpg","type":"","width":"","height":""}],"author":"redazione","twitter_card":"summary_large_image","twitter_creator":"@bellunopress","twitter_site":"@bellunopress","twitter_misc":{"\u00c9crit par":"redazione","Dur\u00e9e de lecture estim\u00e9e":"3 minutes"},"schema":{"@context":"https:\/\/schema.org","@graph":[{"@type":"Article","@id":"https:\/\/www.bellunopress.it\/2013\/02\/07\/sabato-a-santa-giustina-incontro-con-la-virologa-ilaria-capua\/#article","isPartOf":{"@id":"https:\/\/www.bellunopress.it\/2013\/02\/07\/sabato-a-santa-giustina-incontro-con-la-virologa-ilaria-capua\/"},"author":{"name":"redazione","@id":"https:\/\/www.bellunopress.it\/#\/schema\/person\/79bb06722b37ece1c03d3e94beb30d73"},"headline":"Sabato a Santa Giustina incontro con la virologa Ilaria Capua","datePublished":"2013-02-07T13:12:51+00:00","mainEntityOfPage":{"@id":"https:\/\/www.bellunopress.it\/2013\/02\/07\/sabato-a-santa-giustina-incontro-con-la-virologa-ilaria-capua\/"},"wordCount":516,"publisher":{"@id":"https:\/\/www.bellunopress.it\/#organization"},"image":{"@id":"https:\/\/www.bellunopress.it\/2013\/02\/07\/sabato-a-santa-giustina-incontro-con-la-virologa-ilaria-capua\/#primaryimage"},"thumbnailUrl":"http:\/\/libreriarizzoli.corriere.it\/is-bin\/intershop.static\/WFS\/RCS-RCS_PhysicalShops-Site\/RCS\/it_IT\/LibreriaRizzoli\/big\/978\/8\/8\/3\/9788831712958g.jpg","articleSection":["Appuntamenti, Eventi","Arte, Cultura, Spettacoli, Scienza","Pausa Caff\u00e8"],"inLanguage":"fr-FR"},{"@type":"WebPage","@id":"https:\/\/www.bellunopress.it\/2013\/02\/07\/sabato-a-santa-giustina-incontro-con-la-virologa-ilaria-capua\/","url":"https:\/\/www.bellunopress.it\/2013\/02\/07\/sabato-a-santa-giustina-incontro-con-la-virologa-ilaria-capua\/","name":"Sabato a Santa Giustina incontro con la virologa Ilaria Capua - Bellunopress - Dolomiti","isPartOf":{"@id":"https:\/\/www.bellunopress.it\/#website"},"primaryImageOfPage":{"@id":"https:\/\/www.bellunopress.it\/2013\/02\/07\/sabato-a-santa-giustina-incontro-con-la-virologa-ilaria-capua\/#primaryimage"},"image":{"@id":"https:\/\/www.bellunopress.it\/2013\/02\/07\/sabato-a-santa-giustina-incontro-con-la-virologa-ilaria-capua\/#primaryimage"},"thumbnailUrl":"http:\/\/libreriarizzoli.corriere.it\/is-bin\/intershop.static\/WFS\/RCS-RCS_PhysicalShops-Site\/RCS\/it_IT\/LibreriaRizzoli\/big\/978\/8\/8\/3\/9788831712958g.jpg","datePublished":"2013-02-07T13:12:51+00:00","breadcrumb":{"@id":"https:\/\/www.bellunopress.it\/2013\/02\/07\/sabato-a-santa-giustina-incontro-con-la-virologa-ilaria-capua\/#breadcrumb"},"inLanguage":"fr-FR","potentialAction":[{"@type":"ReadAction","target":["https:\/\/www.bellunopress.it\/2013\/02\/07\/sabato-a-santa-giustina-incontro-con-la-virologa-ilaria-capua\/"]}]},{"@type":"ImageObject","inLanguage":"fr-FR","@id":"https:\/\/www.bellunopress.it\/2013\/02\/07\/sabato-a-santa-giustina-incontro-con-la-virologa-ilaria-capua\/#primaryimage","url":"http:\/\/libreriarizzoli.corriere.it\/is-bin\/intershop.static\/WFS\/RCS-RCS_PhysicalShops-Site\/RCS\/it_IT\/LibreriaRizzoli\/big\/978\/8\/8\/3\/9788831712958g.jpg","contentUrl":"http:\/\/libreriarizzoli.corriere.it\/is-bin\/intershop.static\/WFS\/RCS-RCS_PhysicalShops-Site\/RCS\/it_IT\/LibreriaRizzoli\/big\/978\/8\/8\/3\/9788831712958g.jpg"},{"@type":"BreadcrumbList","@id":"https:\/\/www.bellunopress.it\/2013\/02\/07\/sabato-a-santa-giustina-incontro-con-la-virologa-ilaria-capua\/#breadcrumb","itemListElement":[{"@type":"ListItem","position":1,"name":"Home","item":"https:\/\/www.bellunopress.it\/"},{"@type":"ListItem","position":2,"name":"Sabato a Santa Giustina incontro con la virologa Ilaria Capua"}]},{"@type":"WebSite","@id":"https:\/\/www.bellunopress.it\/#website","url":"https:\/\/www.bellunopress.it\/","name":"Bellunopress - Dolomiti","description":"e-mail: redazione@bellunopress.it","publisher":{"@id":"https:\/\/www.bellunopress.it\/#organization"},"potentialAction":[{"@type":"SearchAction","target":{"@type":"EntryPoint","urlTemplate":"https:\/\/www.bellunopress.it\/?s={search_term_string}"},"query-input":{"@type":"PropertyValueSpecification","valueRequired":true,"valueName":"search_term_string"}}],"inLanguage":"fr-FR"},{"@type":"Organization","@id":"https:\/\/www.bellunopress.it\/#organization","name":"Bellunopress","url":"https:\/\/www.bellunopress.it\/","logo":{"@type":"ImageObject","inLanguage":"fr-FR","@id":"https:\/\/www.bellunopress.it\/#\/schema\/logo\/image\/","url":"https:\/\/www.bellunopress.it\/wp-content\/uploads\/2011\/05\/cropped-logo-bellunopress-.jpg","contentUrl":"https:\/\/www.bellunopress.it\/wp-content\/uploads\/2011\/05\/cropped-logo-bellunopress-.jpg","width":512,"height":512,"caption":"Bellunopress"},"image":{"@id":"https:\/\/www.bellunopress.it\/#\/schema\/logo\/image\/"},"sameAs":["https:\/\/www.facebook.com\/profile.php?id=100008943462799","https:\/\/x.com\/bellunopress","https:\/\/www.linkedin.com\/hp\/?dnr=JBzUWaJfMUw8vbXJJ2tVW5-I3jZKvC4wsoxE&amp;amp;amp;amp;amp;amp;trk=nav_responsive_tab_home","https:\/\/www.youtube.com\/channel\/UCxL0wu1uN0_3_7hGG0306cw"]},{"@type":"Person","@id":"https:\/\/www.bellunopress.it\/#\/schema\/person\/79bb06722b37ece1c03d3e94beb30d73","name":"r\u00e9daction","image":{"@type":"ImageObject","inLanguage":"fr-FR","@id":"https:\/\/secure.gravatar.com\/avatar\/37d968a2e67a6fd04c169c4bdef102d0bc5d31b2546345219e348575eb80e9a0?s=96&d=mm&r=g","url":"https:\/\/secure.gravatar.com\/avatar\/37d968a2e67a6fd04c169c4bdef102d0bc5d31b2546345219e348575eb80e9a0?s=96&d=mm&r=g","contentUrl":"https:\/\/secure.gravatar.com\/avatar\/37d968a2e67a6fd04c169c4bdef102d0bc5d31b2546345219e348575eb80e9a0?s=96&d=mm&r=g","caption":"redazione"},"sameAs":["http:\/\/www.bellunopress.it","https:\/\/x.com\/bellunopress"],"url":"https:\/\/www.bellunopress.it\/fr\/author\/redazione\/"}]}},"_links":{"self":[{"href":"https:\/\/www.bellunopress.it\/fr\/wp-json\/wp\/v2\/posts\/46499","targetHints":{"allow":["GET"]}}],"collection":[{"href":"https:\/\/www.bellunopress.it\/fr\/wp-json\/wp\/v2\/posts"}],"about":[{"href":"https:\/\/www.bellunopress.it\/fr\/wp-json\/wp\/v2\/types\/post"}],"author":[{"embeddable":true,"href":"https:\/\/www.bellunopress.it\/fr\/wp-json\/wp\/v2\/users\/2"}],"replies":[{"embeddable":true,"href":"https:\/\/www.bellunopress.it\/fr\/wp-json\/wp\/v2\/comments?post=46499"}],"version-history":[{"count":1,"href":"https:\/\/www.bellunopress.it\/fr\/wp-json\/wp\/v2\/posts\/46499\/revisions"}],"predecessor-version":[{"id":46500,"href":"https:\/\/www.bellunopress.it\/fr\/wp-json\/wp\/v2\/posts\/46499\/revisions\/46500"}],"wp:attachment":[{"href":"https:\/\/www.bellunopress.it\/fr\/wp-json\/wp\/v2\/media?parent=46499"}],"wp:term":[{"taxonomy":"category","embeddable":true,"href":"https:\/\/www.bellunopress.it\/fr\/wp-json\/wp\/v2\/categories?post=46499"},{"taxonomy":"post_tag","embeddable":true,"href":"https:\/\/www.bellunopress.it\/fr\/wp-json\/wp\/v2\/tags?post=46499"}],"curies":[{"name":"wp","href":"https:\/\/api.w.org\/{rel}","templated":true}]}}