{"id":46497,"date":"2013-02-07T13:55:36","date_gmt":"2013-02-07T12:55:36","guid":{"rendered":"http:\/\/www.bellunopress.it\/?p=46497"},"modified":"2013-02-07T13:55:36","modified_gmt":"2013-02-07T12:55:36","slug":"imprese-e-territorio-giovanni-piccoli-priorita-ai-posti-di-lavoro-e-difendere-la-doppia-vocazione-turistica-e-industriale-del-nostro-territorio-una-non-esclude-laltra","status":"publish","type":"post","link":"https:\/\/www.bellunopress.it\/fr\/2013\/02\/07\/imprese-e-territorio-giovanni-piccoli-priorita-ai-posti-di-lavoro-e-difendere-la-doppia-vocazione-turistica-e-industriale-del-nostro-territorio-una-non-esclude-laltra\/","title":{"rendered":"Imprese e territorio. Giovanni Piccoli: &#8220;Priorit\u00e0 ai posti di lavoro. E difendere la doppia vocazione turistica e industriale del nostro territorio. Una non esclude l\u2019altra\u201d."},"content":{"rendered":"<p>\u201cAcc, Ideal Standard, De Rigo, senza contare le tante piccole imprese in sofferenza. I fronti aperti in provincia e in Valbelluna in particolare sono tanti, troppi. Chiunque andr\u00e0 in Parlamento dovr\u00e0 trovare il modo di ribadire quanto il manifatturiero sia cruciale per il Bellunese. A livello nazionale serve un\u2019azione forte e concreta del Ministero dello Sviluppo economico, ma soprattutto una programmazione industriale seria che tenga in debita considerazione le peculiarit\u00e0 produttive e occupazionali della nostra provincia\u201d.<\/p>\n<p><img decoding=\"async\" alt=\"\" src=\"http:\/\/www.bellunopress.it\/wp-content\/uploads\/2009\/08\/giovanni-piccoli-290x198.jpg\" \/><\/p>\n<p>A dirlo \u00e8 il candidato al Senato per il Pdl Giovanni Piccoli che da sindaco di Sedico tocca ogni giorno i disagi di lavoratori, famiglie e imprese. \u201cVa bene parlare di valorizzazione del turismo e del paesaggio in un\u2019ottica di sviluppo futuro, ma la priorit\u00e0 va alla salvaguardia dei posti di lavoro esistenti e al manitenimento delle aziende in loco. Chi rappresenter\u00e0 il territorio a Roma dovr\u00e0 ribadire con forza in ogni sede che Belluno \u00e8 una provincia dal cuore manifatturiero, facendo tra l\u2019altro parte del club dei 15, il soggetto che in Confindustria racchiude le 15 realt\u00e0 italiane pi\u00f9 industrializzate\u201d.<\/p>\n<p>\u201cQuesto radicamento industriale ha influito sul dna dei lavoratori bellunesi che hanno sviluppato capacit\u00e0 e professionalit\u00e0 che sono un autentico patrimonio per il nostro territorio\u201d, prosegue Piccoli. \u201cPer questo la priorit\u00e0 deve andare all\u2019impresa, mettendo in condizione le nostre aziende di lavorare nel territorio. La polemica di dieci giorni fa con l\u2019Alto Adige per le lettere inviate alle nostre imprese se da un lato ci deve indignare per delle disparit\u00e0 di trattamento non pi\u00f9 giustificabili all\u2019interno dello stesso Stato, dall\u2019altro ci dice che dobbiamo puntare sulla sburocratizzazione, sulla detassazione in caso di assunzione ed un impegno reale per riabilitare il credito alle imprese\u201d.<\/p>\n<p>\u201cLe vicende della Birreria Pedavena e della Unterberger di Perarolo ci insegnano che il territorio e la manodopera altamente specializzata sono un valore aggiunto. A mio avviso ci sono le basi per aprire una nuova stagione di fiducia. I cambiamenti in atto ci impongono di ribadire con forza la doppia vocazione del nostro territorio che \u00e8 sia turistica che industriale. Una non esclude l\u2019altra\u201d.<\/p>","protected":false},"excerpt":{"rendered":"<p>\u201cAcc, Ideal Standard, De Rigo, senza contare le tante piccole imprese in sofferenza. I fronti aperti in provincia e in Valbelluna in particolare sono tanti, troppi. Chiunque andr\u00e0 in Parlamento dovr\u00e0 trovare il modo di ribadire quanto il manifatturiero sia cruciale per il Bellunese. A livello nazionale serve un\u2019azione forte e concreta del Ministero dello [&hellip;]<\/p>\n","protected":false},"author":2,"featured_media":0,"comment_status":"closed","ping_status":"open","sticky":false,"template":"","format":"standard","meta":{"footnotes":""},"categories":[5,26],"tags":[],"class_list":["post-46497","post","type-post","status-publish","format-standard","category-cronaca","category-prima-pagina"],"yoast_head":"<!-- This site is optimized with the Yoast SEO plugin v28.4 - https:\/\/yoast.com\/product\/yoast-seo-wordpress\/ -->\n<title>Imprese e territorio. Giovanni Piccoli: &quot;Priorit\u00e0 ai posti di lavoro. E difendere la doppia vocazione turistica e industriale del nostro territorio. Una non esclude l\u2019altra\u201d. - Bellunopress - Dolomiti<\/title>\n<meta name=\"robots\" content=\"index, follow, max-snippet:-1, max-image-preview:large, max-video-preview:-1\" \/>\n<link rel=\"canonical\" href=\"https:\/\/www.bellunopress.it\/fr\/2013\/02\/07\/imprese-e-territorio-giovanni-piccoli-priorita-ai-posti-di-lavoro-e-difendere-la-doppia-vocazione-turistica-e-industriale-del-nostro-territorio-una-non-esclude-laltra\/\" \/>\n<meta property=\"og:locale\" content=\"fr_FR\" \/>\n<meta property=\"og:type\" content=\"article\" \/>\n<meta property=\"og:title\" content=\"Imprese e territorio. Giovanni Piccoli: &quot;Priorit\u00e0 ai posti di lavoro. E difendere la doppia vocazione turistica e industriale del nostro territorio. Una non esclude l\u2019altra\u201d. - Bellunopress - Dolomiti\" \/>\n<meta property=\"og:description\" content=\"\u201cAcc, Ideal Standard, De Rigo, senza contare le tante piccole imprese in sofferenza. I fronti aperti in provincia e in Valbelluna in particolare sono tanti, troppi. Chiunque andr\u00e0 in Parlamento dovr\u00e0 trovare il modo di ribadire quanto il manifatturiero sia cruciale per il Bellunese. A livello nazionale serve un\u2019azione forte e concreta del Ministero dello [&hellip;]\" \/>\n<meta property=\"og:url\" content=\"https:\/\/www.bellunopress.it\/fr\/2013\/02\/07\/imprese-e-territorio-giovanni-piccoli-priorita-ai-posti-di-lavoro-e-difendere-la-doppia-vocazione-turistica-e-industriale-del-nostro-territorio-una-non-esclude-laltra\/\" \/>\n<meta property=\"og:site_name\" content=\"Bellunopress - Dolomiti\" \/>\n<meta property=\"article:publisher\" content=\"https:\/\/www.facebook.com\/profile.php?id=100008943462799\" \/>\n<meta property=\"article:published_time\" content=\"2013-02-07T12:55:36+00:00\" \/>\n<meta property=\"og:image\" content=\"http:\/\/www.bellunopress.it\/wp-content\/uploads\/2009\/08\/giovanni-piccoli-290x198.jpg\" \/>\n<meta name=\"author\" content=\"redazione\" \/>\n<meta name=\"twitter:card\" content=\"summary_large_image\" \/>\n<meta name=\"twitter:creator\" content=\"@bellunopress\" \/>\n<meta name=\"twitter:site\" content=\"@bellunopress\" \/>\n<meta name=\"twitter:label1\" content=\"\u00c9crit par\" \/>\n\t<meta name=\"twitter:data1\" content=\"redazione\" \/>\n\t<meta name=\"twitter:label2\" content=\"Dur\u00e9e de lecture estim\u00e9e\" \/>\n\t<meta name=\"twitter:data2\" content=\"2 minutes\" \/>\n<script type=\"application\/ld+json\" class=\"yoast-schema-graph\">{\"@context\":\"https:\\\/\\\/schema.org\",\"@graph\":[{\"@type\":\"Article\",\"@id\":\"https:\\\/\\\/www.bellunopress.it\\\/2013\\\/02\\\/07\\\/imprese-e-territorio-giovanni-piccoli-priorita-ai-posti-di-lavoro-e-difendere-la-doppia-vocazione-turistica-e-industriale-del-nostro-territorio-una-non-esclude-laltra\\\/#article\",\"isPartOf\":{\"@id\":\"https:\\\/\\\/www.bellunopress.it\\\/2013\\\/02\\\/07\\\/imprese-e-territorio-giovanni-piccoli-priorita-ai-posti-di-lavoro-e-difendere-la-doppia-vocazione-turistica-e-industriale-del-nostro-territorio-una-non-esclude-laltra\\\/\"},\"author\":{\"name\":\"redazione\",\"@id\":\"https:\\\/\\\/www.bellunopress.it\\\/#\\\/schema\\\/person\\\/79bb06722b37ece1c03d3e94beb30d73\"},\"headline\":\"Imprese e territorio. Giovanni Piccoli: &#8220;Priorit\u00e0 ai posti di lavoro. E difendere la doppia vocazione turistica e industriale del nostro territorio. Una non esclude l\u2019altra\u201d.\",\"datePublished\":\"2013-02-07T12:55:36+00:00\",\"mainEntityOfPage\":{\"@id\":\"https:\\\/\\\/www.bellunopress.it\\\/2013\\\/02\\\/07\\\/imprese-e-territorio-giovanni-piccoli-priorita-ai-posti-di-lavoro-e-difendere-la-doppia-vocazione-turistica-e-industriale-del-nostro-territorio-una-non-esclude-laltra\\\/\"},\"wordCount\":373,\"publisher\":{\"@id\":\"https:\\\/\\\/www.bellunopress.it\\\/#organization\"},\"image\":{\"@id\":\"https:\\\/\\\/www.bellunopress.it\\\/2013\\\/02\\\/07\\\/imprese-e-territorio-giovanni-piccoli-priorita-ai-posti-di-lavoro-e-difendere-la-doppia-vocazione-turistica-e-industriale-del-nostro-territorio-una-non-esclude-laltra\\\/#primaryimage\"},\"thumbnailUrl\":\"http:\\\/\\\/www.bellunopress.it\\\/wp-content\\\/uploads\\\/2009\\\/08\\\/giovanni-piccoli-290x198.jpg\",\"articleSection\":[\"Cronaca\\\/Politica\",\"Prima Pagina\"],\"inLanguage\":\"fr-FR\"},{\"@type\":\"WebPage\",\"@id\":\"https:\\\/\\\/www.bellunopress.it\\\/2013\\\/02\\\/07\\\/imprese-e-territorio-giovanni-piccoli-priorita-ai-posti-di-lavoro-e-difendere-la-doppia-vocazione-turistica-e-industriale-del-nostro-territorio-una-non-esclude-laltra\\\/\",\"url\":\"https:\\\/\\\/www.bellunopress.it\\\/2013\\\/02\\\/07\\\/imprese-e-territorio-giovanni-piccoli-priorita-ai-posti-di-lavoro-e-difendere-la-doppia-vocazione-turistica-e-industriale-del-nostro-territorio-una-non-esclude-laltra\\\/\",\"name\":\"Imprese e territorio. Giovanni Piccoli: \\\"Priorit\u00e0 ai posti di lavoro. E difendere la doppia vocazione turistica e industriale del nostro territorio. Una non esclude l\u2019altra\u201d. - Bellunopress - Dolomiti\",\"isPartOf\":{\"@id\":\"https:\\\/\\\/www.bellunopress.it\\\/#website\"},\"primaryImageOfPage\":{\"@id\":\"https:\\\/\\\/www.bellunopress.it\\\/2013\\\/02\\\/07\\\/imprese-e-territorio-giovanni-piccoli-priorita-ai-posti-di-lavoro-e-difendere-la-doppia-vocazione-turistica-e-industriale-del-nostro-territorio-una-non-esclude-laltra\\\/#primaryimage\"},\"image\":{\"@id\":\"https:\\\/\\\/www.bellunopress.it\\\/2013\\\/02\\\/07\\\/imprese-e-territorio-giovanni-piccoli-priorita-ai-posti-di-lavoro-e-difendere-la-doppia-vocazione-turistica-e-industriale-del-nostro-territorio-una-non-esclude-laltra\\\/#primaryimage\"},\"thumbnailUrl\":\"http:\\\/\\\/www.bellunopress.it\\\/wp-content\\\/uploads\\\/2009\\\/08\\\/giovanni-piccoli-290x198.jpg\",\"datePublished\":\"2013-02-07T12:55:36+00:00\",\"breadcrumb\":{\"@id\":\"https:\\\/\\\/www.bellunopress.it\\\/2013\\\/02\\\/07\\\/imprese-e-territorio-giovanni-piccoli-priorita-ai-posti-di-lavoro-e-difendere-la-doppia-vocazione-turistica-e-industriale-del-nostro-territorio-una-non-esclude-laltra\\\/#breadcrumb\"},\"inLanguage\":\"fr-FR\",\"potentialAction\":[{\"@type\":\"ReadAction\",\"target\":[\"https:\\\/\\\/www.bellunopress.it\\\/2013\\\/02\\\/07\\\/imprese-e-territorio-giovanni-piccoli-priorita-ai-posti-di-lavoro-e-difendere-la-doppia-vocazione-turistica-e-industriale-del-nostro-territorio-una-non-esclude-laltra\\\/\"]}]},{\"@type\":\"ImageObject\",\"inLanguage\":\"fr-FR\",\"@id\":\"https:\\\/\\\/www.bellunopress.it\\\/2013\\\/02\\\/07\\\/imprese-e-territorio-giovanni-piccoli-priorita-ai-posti-di-lavoro-e-difendere-la-doppia-vocazione-turistica-e-industriale-del-nostro-territorio-una-non-esclude-laltra\\\/#primaryimage\",\"url\":\"http:\\\/\\\/www.bellunopress.it\\\/wp-content\\\/uploads\\\/2009\\\/08\\\/giovanni-piccoli-290x198.jpg\",\"contentUrl\":\"http:\\\/\\\/www.bellunopress.it\\\/wp-content\\\/uploads\\\/2009\\\/08\\\/giovanni-piccoli-290x198.jpg\"},{\"@type\":\"BreadcrumbList\",\"@id\":\"https:\\\/\\\/www.bellunopress.it\\\/2013\\\/02\\\/07\\\/imprese-e-territorio-giovanni-piccoli-priorita-ai-posti-di-lavoro-e-difendere-la-doppia-vocazione-turistica-e-industriale-del-nostro-territorio-una-non-esclude-laltra\\\/#breadcrumb\",\"itemListElement\":[{\"@type\":\"ListItem\",\"position\":1,\"name\":\"Home\",\"item\":\"https:\\\/\\\/www.bellunopress.it\\\/\"},{\"@type\":\"ListItem\",\"position\":2,\"name\":\"Imprese e territorio. Giovanni Piccoli: &#8220;Priorit\u00e0 ai posti di lavoro. E difendere la doppia vocazione turistica e industriale del nostro territorio. Una non esclude l\u2019altra\u201d.\"}]},{\"@type\":\"WebSite\",\"@id\":\"https:\\\/\\\/www.bellunopress.it\\\/#website\",\"url\":\"https:\\\/\\\/www.bellunopress.it\\\/\",\"name\":\"Bellunopress - Dolomiti\",\"description\":\"e-mail: redazione@bellunopress.it\",\"publisher\":{\"@id\":\"https:\\\/\\\/www.bellunopress.it\\\/#organization\"},\"potentialAction\":[{\"@type\":\"SearchAction\",\"target\":{\"@type\":\"EntryPoint\",\"urlTemplate\":\"https:\\\/\\\/www.bellunopress.it\\\/?s={search_term_string}\"},\"query-input\":{\"@type\":\"PropertyValueSpecification\",\"valueRequired\":true,\"valueName\":\"search_term_string\"}}],\"inLanguage\":\"fr-FR\"},{\"@type\":\"Organization\",\"@id\":\"https:\\\/\\\/www.bellunopress.it\\\/#organization\",\"name\":\"Bellunopress\",\"url\":\"https:\\\/\\\/www.bellunopress.it\\\/\",\"logo\":{\"@type\":\"ImageObject\",\"inLanguage\":\"fr-FR\",\"@id\":\"https:\\\/\\\/www.bellunopress.it\\\/#\\\/schema\\\/logo\\\/image\\\/\",\"url\":\"https:\\\/\\\/www.bellunopress.it\\\/wp-content\\\/uploads\\\/2011\\\/05\\\/cropped-logo-bellunopress-.jpg\",\"contentUrl\":\"https:\\\/\\\/www.bellunopress.it\\\/wp-content\\\/uploads\\\/2011\\\/05\\\/cropped-logo-bellunopress-.jpg\",\"width\":512,\"height\":512,\"caption\":\"Bellunopress\"},\"image\":{\"@id\":\"https:\\\/\\\/www.bellunopress.it\\\/#\\\/schema\\\/logo\\\/image\\\/\"},\"sameAs\":[\"https:\\\/\\\/www.facebook.com\\\/profile.php?id=100008943462799\",\"https:\\\/\\\/x.com\\\/bellunopress\",\"https:\\\/\\\/www.linkedin.com\\\/hp\\\/?dnr=JBzUWaJfMUw8vbXJJ2tVW5-I3jZKvC4wsoxE&amp;amp;amp;amp;amp;amp;trk=nav_responsive_tab_home\",\"https:\\\/\\\/www.youtube.com\\\/channel\\\/UCxL0wu1uN0_3_7hGG0306cw\"]},{\"@type\":\"Person\",\"@id\":\"https:\\\/\\\/www.bellunopress.it\\\/#\\\/schema\\\/person\\\/79bb06722b37ece1c03d3e94beb30d73\",\"name\":\"redazione\",\"image\":{\"@type\":\"ImageObject\",\"inLanguage\":\"fr-FR\",\"@id\":\"https:\\\/\\\/secure.gravatar.com\\\/avatar\\\/37d968a2e67a6fd04c169c4bdef102d0bc5d31b2546345219e348575eb80e9a0?s=96&d=mm&r=g\",\"url\":\"https:\\\/\\\/secure.gravatar.com\\\/avatar\\\/37d968a2e67a6fd04c169c4bdef102d0bc5d31b2546345219e348575eb80e9a0?s=96&d=mm&r=g\",\"contentUrl\":\"https:\\\/\\\/secure.gravatar.com\\\/avatar\\\/37d968a2e67a6fd04c169c4bdef102d0bc5d31b2546345219e348575eb80e9a0?s=96&d=mm&r=g\",\"caption\":\"redazione\"},\"sameAs\":[\"http:\\\/\\\/www.bellunopress.it\",\"https:\\\/\\\/x.com\\\/bellunopress\"],\"url\":\"https:\\\/\\\/www.bellunopress.it\\\/fr\\\/author\\\/redazione\\\/\"}]}<\/script>\n<!-- \/ Yoast SEO plugin. -->","yoast_head_json":{"title":"Imprese e territorio. Giovanni Piccoli: \"Priorit\u00e0 ai posti di lavoro. E difendere la doppia vocazione turistica e industriale del nostro territorio. Una non esclude l\u2019altra\u201d. - Bellunopress - Dolomiti","robots":{"index":"index","follow":"follow","max-snippet":"max-snippet:-1","max-image-preview":"max-image-preview:large","max-video-preview":"max-video-preview:-1"},"canonical":"https:\/\/www.bellunopress.it\/fr\/2013\/02\/07\/imprese-e-territorio-giovanni-piccoli-priorita-ai-posti-di-lavoro-e-difendere-la-doppia-vocazione-turistica-e-industriale-del-nostro-territorio-una-non-esclude-laltra\/","og_locale":"fr_FR","og_type":"article","og_title":"Imprese e territorio. Giovanni Piccoli: \"Priorit\u00e0 ai posti di lavoro. E difendere la doppia vocazione turistica e industriale del nostro territorio. Una non esclude l\u2019altra\u201d. - Bellunopress - Dolomiti","og_description":"\u201cAcc, Ideal Standard, De Rigo, senza contare le tante piccole imprese in sofferenza. I fronti aperti in provincia e in Valbelluna in particolare sono tanti, troppi. Chiunque andr\u00e0 in Parlamento dovr\u00e0 trovare il modo di ribadire quanto il manifatturiero sia cruciale per il Bellunese. A livello nazionale serve un\u2019azione forte e concreta del Ministero dello [&hellip;]","og_url":"https:\/\/www.bellunopress.it\/fr\/2013\/02\/07\/imprese-e-territorio-giovanni-piccoli-priorita-ai-posti-di-lavoro-e-difendere-la-doppia-vocazione-turistica-e-industriale-del-nostro-territorio-una-non-esclude-laltra\/","og_site_name":"Bellunopress - Dolomiti","article_publisher":"https:\/\/www.facebook.com\/profile.php?id=100008943462799","article_published_time":"2013-02-07T12:55:36+00:00","og_image":[{"url":"http:\/\/www.bellunopress.it\/wp-content\/uploads\/2009\/08\/giovanni-piccoli-290x198.jpg","type":"","width":"","height":""}],"author":"redazione","twitter_card":"summary_large_image","twitter_creator":"@bellunopress","twitter_site":"@bellunopress","twitter_misc":{"\u00c9crit par":"redazione","Dur\u00e9e de lecture estim\u00e9e":"2 minutes"},"schema":{"@context":"https:\/\/schema.org","@graph":[{"@type":"Article","@id":"https:\/\/www.bellunopress.it\/2013\/02\/07\/imprese-e-territorio-giovanni-piccoli-priorita-ai-posti-di-lavoro-e-difendere-la-doppia-vocazione-turistica-e-industriale-del-nostro-territorio-una-non-esclude-laltra\/#article","isPartOf":{"@id":"https:\/\/www.bellunopress.it\/2013\/02\/07\/imprese-e-territorio-giovanni-piccoli-priorita-ai-posti-di-lavoro-e-difendere-la-doppia-vocazione-turistica-e-industriale-del-nostro-territorio-una-non-esclude-laltra\/"},"author":{"name":"redazione","@id":"https:\/\/www.bellunopress.it\/#\/schema\/person\/79bb06722b37ece1c03d3e94beb30d73"},"headline":"Imprese e territorio. Giovanni Piccoli: &#8220;Priorit\u00e0 ai posti di lavoro. E difendere la doppia vocazione turistica e industriale del nostro territorio. Una non esclude l\u2019altra\u201d.","datePublished":"2013-02-07T12:55:36+00:00","mainEntityOfPage":{"@id":"https:\/\/www.bellunopress.it\/2013\/02\/07\/imprese-e-territorio-giovanni-piccoli-priorita-ai-posti-di-lavoro-e-difendere-la-doppia-vocazione-turistica-e-industriale-del-nostro-territorio-una-non-esclude-laltra\/"},"wordCount":373,"publisher":{"@id":"https:\/\/www.bellunopress.it\/#organization"},"image":{"@id":"https:\/\/www.bellunopress.it\/2013\/02\/07\/imprese-e-territorio-giovanni-piccoli-priorita-ai-posti-di-lavoro-e-difendere-la-doppia-vocazione-turistica-e-industriale-del-nostro-territorio-una-non-esclude-laltra\/#primaryimage"},"thumbnailUrl":"http:\/\/www.bellunopress.it\/wp-content\/uploads\/2009\/08\/giovanni-piccoli-290x198.jpg","articleSection":["Cronaca\/Politica","Prima Pagina"],"inLanguage":"fr-FR"},{"@type":"WebPage","@id":"https:\/\/www.bellunopress.it\/2013\/02\/07\/imprese-e-territorio-giovanni-piccoli-priorita-ai-posti-di-lavoro-e-difendere-la-doppia-vocazione-turistica-e-industriale-del-nostro-territorio-una-non-esclude-laltra\/","url":"https:\/\/www.bellunopress.it\/2013\/02\/07\/imprese-e-territorio-giovanni-piccoli-priorita-ai-posti-di-lavoro-e-difendere-la-doppia-vocazione-turistica-e-industriale-del-nostro-territorio-una-non-esclude-laltra\/","name":"Imprese e territorio. Giovanni Piccoli: \"Priorit\u00e0 ai posti di lavoro. E difendere la doppia vocazione turistica e industriale del nostro territorio. Una non esclude l\u2019altra\u201d. - Bellunopress - Dolomiti","isPartOf":{"@id":"https:\/\/www.bellunopress.it\/#website"},"primaryImageOfPage":{"@id":"https:\/\/www.bellunopress.it\/2013\/02\/07\/imprese-e-territorio-giovanni-piccoli-priorita-ai-posti-di-lavoro-e-difendere-la-doppia-vocazione-turistica-e-industriale-del-nostro-territorio-una-non-esclude-laltra\/#primaryimage"},"image":{"@id":"https:\/\/www.bellunopress.it\/2013\/02\/07\/imprese-e-territorio-giovanni-piccoli-priorita-ai-posti-di-lavoro-e-difendere-la-doppia-vocazione-turistica-e-industriale-del-nostro-territorio-una-non-esclude-laltra\/#primaryimage"},"thumbnailUrl":"http:\/\/www.bellunopress.it\/wp-content\/uploads\/2009\/08\/giovanni-piccoli-290x198.jpg","datePublished":"2013-02-07T12:55:36+00:00","breadcrumb":{"@id":"https:\/\/www.bellunopress.it\/2013\/02\/07\/imprese-e-territorio-giovanni-piccoli-priorita-ai-posti-di-lavoro-e-difendere-la-doppia-vocazione-turistica-e-industriale-del-nostro-territorio-una-non-esclude-laltra\/#breadcrumb"},"inLanguage":"fr-FR","potentialAction":[{"@type":"ReadAction","target":["https:\/\/www.bellunopress.it\/2013\/02\/07\/imprese-e-territorio-giovanni-piccoli-priorita-ai-posti-di-lavoro-e-difendere-la-doppia-vocazione-turistica-e-industriale-del-nostro-territorio-una-non-esclude-laltra\/"]}]},{"@type":"ImageObject","inLanguage":"fr-FR","@id":"https:\/\/www.bellunopress.it\/2013\/02\/07\/imprese-e-territorio-giovanni-piccoli-priorita-ai-posti-di-lavoro-e-difendere-la-doppia-vocazione-turistica-e-industriale-del-nostro-territorio-una-non-esclude-laltra\/#primaryimage","url":"http:\/\/www.bellunopress.it\/wp-content\/uploads\/2009\/08\/giovanni-piccoli-290x198.jpg","contentUrl":"http:\/\/www.bellunopress.it\/wp-content\/uploads\/2009\/08\/giovanni-piccoli-290x198.jpg"},{"@type":"BreadcrumbList","@id":"https:\/\/www.bellunopress.it\/2013\/02\/07\/imprese-e-territorio-giovanni-piccoli-priorita-ai-posti-di-lavoro-e-difendere-la-doppia-vocazione-turistica-e-industriale-del-nostro-territorio-una-non-esclude-laltra\/#breadcrumb","itemListElement":[{"@type":"ListItem","position":1,"name":"Home","item":"https:\/\/www.bellunopress.it\/"},{"@type":"ListItem","position":2,"name":"Imprese e territorio. Giovanni Piccoli: &#8220;Priorit\u00e0 ai posti di lavoro. E difendere la doppia vocazione turistica e industriale del nostro territorio. Una non esclude l\u2019altra\u201d."}]},{"@type":"WebSite","@id":"https:\/\/www.bellunopress.it\/#website","url":"https:\/\/www.bellunopress.it\/","name":"Bellunopress - Dolomiti","description":"e-mail: redazione@bellunopress.it","publisher":{"@id":"https:\/\/www.bellunopress.it\/#organization"},"potentialAction":[{"@type":"SearchAction","target":{"@type":"EntryPoint","urlTemplate":"https:\/\/www.bellunopress.it\/?s={search_term_string}"},"query-input":{"@type":"PropertyValueSpecification","valueRequired":true,"valueName":"search_term_string"}}],"inLanguage":"fr-FR"},{"@type":"Organization","@id":"https:\/\/www.bellunopress.it\/#organization","name":"Bellunopress","url":"https:\/\/www.bellunopress.it\/","logo":{"@type":"ImageObject","inLanguage":"fr-FR","@id":"https:\/\/www.bellunopress.it\/#\/schema\/logo\/image\/","url":"https:\/\/www.bellunopress.it\/wp-content\/uploads\/2011\/05\/cropped-logo-bellunopress-.jpg","contentUrl":"https:\/\/www.bellunopress.it\/wp-content\/uploads\/2011\/05\/cropped-logo-bellunopress-.jpg","width":512,"height":512,"caption":"Bellunopress"},"image":{"@id":"https:\/\/www.bellunopress.it\/#\/schema\/logo\/image\/"},"sameAs":["https:\/\/www.facebook.com\/profile.php?id=100008943462799","https:\/\/x.com\/bellunopress","https:\/\/www.linkedin.com\/hp\/?dnr=JBzUWaJfMUw8vbXJJ2tVW5-I3jZKvC4wsoxE&amp;amp;amp;amp;amp;amp;trk=nav_responsive_tab_home","https:\/\/www.youtube.com\/channel\/UCxL0wu1uN0_3_7hGG0306cw"]},{"@type":"Person","@id":"https:\/\/www.bellunopress.it\/#\/schema\/person\/79bb06722b37ece1c03d3e94beb30d73","name":"r\u00e9daction","image":{"@type":"ImageObject","inLanguage":"fr-FR","@id":"https:\/\/secure.gravatar.com\/avatar\/37d968a2e67a6fd04c169c4bdef102d0bc5d31b2546345219e348575eb80e9a0?s=96&d=mm&r=g","url":"https:\/\/secure.gravatar.com\/avatar\/37d968a2e67a6fd04c169c4bdef102d0bc5d31b2546345219e348575eb80e9a0?s=96&d=mm&r=g","contentUrl":"https:\/\/secure.gravatar.com\/avatar\/37d968a2e67a6fd04c169c4bdef102d0bc5d31b2546345219e348575eb80e9a0?s=96&d=mm&r=g","caption":"redazione"},"sameAs":["http:\/\/www.bellunopress.it","https:\/\/x.com\/bellunopress"],"url":"https:\/\/www.bellunopress.it\/fr\/author\/redazione\/"}]}},"_links":{"self":[{"href":"https:\/\/www.bellunopress.it\/fr\/wp-json\/wp\/v2\/posts\/46497","targetHints":{"allow":["GET"]}}],"collection":[{"href":"https:\/\/www.bellunopress.it\/fr\/wp-json\/wp\/v2\/posts"}],"about":[{"href":"https:\/\/www.bellunopress.it\/fr\/wp-json\/wp\/v2\/types\/post"}],"author":[{"embeddable":true,"href":"https:\/\/www.bellunopress.it\/fr\/wp-json\/wp\/v2\/users\/2"}],"replies":[{"embeddable":true,"href":"https:\/\/www.bellunopress.it\/fr\/wp-json\/wp\/v2\/comments?post=46497"}],"version-history":[{"count":1,"href":"https:\/\/www.bellunopress.it\/fr\/wp-json\/wp\/v2\/posts\/46497\/revisions"}],"predecessor-version":[{"id":46498,"href":"https:\/\/www.bellunopress.it\/fr\/wp-json\/wp\/v2\/posts\/46497\/revisions\/46498"}],"wp:attachment":[{"href":"https:\/\/www.bellunopress.it\/fr\/wp-json\/wp\/v2\/media?parent=46497"}],"wp:term":[{"taxonomy":"category","embeddable":true,"href":"https:\/\/www.bellunopress.it\/fr\/wp-json\/wp\/v2\/categories?post=46497"},{"taxonomy":"post_tag","embeddable":true,"href":"https:\/\/www.bellunopress.it\/fr\/wp-json\/wp\/v2\/tags?post=46497"}],"curies":[{"name":"wp","href":"https:\/\/api.w.org\/{rel}","templated":true}]}}