{"id":46486,"date":"2013-02-06T21:02:38","date_gmt":"2013-02-06T20:02:38","guid":{"rendered":"http:\/\/www.bellunopress.it\/?p=46486"},"modified":"2013-02-06T21:09:36","modified_gmt":"2013-02-06T20:09:36","slug":"cortina-e-pronta-a-divertirsi-arriva-il-carnevale-e-dal-7-al-12-febbraio","status":"publish","type":"post","link":"https:\/\/www.bellunopress.it\/fr\/2013\/02\/06\/cortina-e-pronta-a-divertirsi-arriva-il-carnevale-e-dal-7-al-12-febbraio\/","title":{"rendered":"Cortina \u00e8 pronta a divertirsi: arriva il Carnevale e dal 7 al 12 febbraio"},"content":{"rendered":"<p>Si apre ufficialmente gioved\u00ec 7 febbraio il Carnevale di Cortina. Una settimana ricca di eventi e appuntamenti da vivere tra stelle filanti, maschere, coriandoli e cotillon.<\/p>\n<p>Tutti in piazza Angelo Dibona, <b>gioved\u00ec 7 febbraio<\/b>, dove a partire dalle 15.30\u00a0 una speciale truccatrice e professionista di <b>Face Painting<\/b> trasformer\u00e0 la festa in una fiaba piena di colori e di animali<\/p>\n<p><b>Sabato 9 febbraio<\/b> alle 17.00, appuntamento con il teatro: ai piedi del campanile <b>Arlecchino<\/b> e gli amici della Commedia dell\u2019Arte intratterranno il pubblico con uno spettacolo divertente e dal ritmo incalzante.<\/p>\n<p>All\u2019ora <b>dell\u2019aperitivo<\/b> appuntamento alla Veranda bar dell\u2019Hotel Cristallo per un brindisi a base di sangria e a seguire cena con cinque portate firmate dall\u2019executive chef Marco Badalucci. E per regalare un pizzico di colore e allegria, a disposizione un servizio esclusivo di <b>make-up personalizzato<\/b> presso il Transvital Swiss Beaty Center completato dalle originali acconciature realizzate dai professionisti dell\u2019Atelier Aldo Coppola.<\/p>\n<p>Appuntamento con\u00a0 la tradizione, con l\u2019immancabile appuntamento de <b><i>Ra Corsa dei Sestiere<\/i><\/b>, lo storico palio invernale dei sestieri d\u2019Ampezzo. Domenica <b>10 febbraio<\/b> la staffetta americana con gli sci da fondo vedr\u00e0 sfidarsi, in costume storico, le sei contrade in cui \u00e8 suddivisa Cortina. I primi a partire saranno i bambini del Mini Palio, seguiti dalle donne e infine dal Palio Maschile. A competizione finita, riflettori puntati su Corso Italia con la <b>sfilata <\/b>dalle squadre partecipanti, accompagnate dalle melodie del Corpo Musicale di Cortina e dall\u2019allegria dei carri folkloristici dei sestieri. Alle 17.15, dopo le premiazioni in Conchiglia, i carri si trasformeranno in piccoli palcoscenici per le scenette in ampezzano (CORTINA &#8211; ZU\u00c8L A \u0161cora s\u2019\u00e0 \u2018na b\u00f2na parola par dute. CADIN \u2013 CHIAVE Ra \u0161c\u00e0tora dei pupe. ALVERA\u2019 \u2013 AZ\u00d3N C\u00f2 se crida, no se cianta).<\/p>\n<p>Dedicato ai piccoli ospiti il laboratorio di animazione museale \u201c<b>RITRATTI DI MILJERA<\/b>\u201d, presso il Museo Etnografico Regole d\u2019Ampezzo. I bambini, dai 5 ai 12 anni potranno sperimentare, attraverso una leggenda, un\u2019antica tecnica pittorica (ore 17.00, ingresso 6,00 \u20ac. Info: 346\/6677369).<\/p>\n<p>Giornata conclusiva <b>marted\u00ec 12 febbraio<\/b>: alle 10.30 saranno lo sport, i colori e l\u2019allegria i protagonista della <b>gimkana mascherata<\/b> organizzata dall\u2019ASD Fairplay e il negozio i Folletti di Cortina. Una gara non competitiva aperta a tutti i bambini mascherati fino a 14 anni.<\/p>\n<p>Iscrizioni a offerta libera presso la partenza della Seggiovia Pocol. Nel pomeriggio, in piazzetta San Francesco 14, presso il negozio i Folletti si terranno le premiazioni e la dolce merenda (info: info@asdfairplay.it).<\/p>\n<p><i>Alle 14.30, tutti in Conchiglia per la grande sfilata e il <b>concorso per bambini in maschera<\/b> under 12. A presentare il concorso lo staff di <b>GARDALAND<\/b>, che offrir\u00e0 gadget per tutti i partecipanti e \u00a0<\/i><\/p>","protected":false},"excerpt":{"rendered":"<p>Si apre ufficialmente gioved\u00ec 7 febbraio il Carnevale di Cortina. Una settimana ricca di eventi e appuntamenti da vivere tra stelle filanti, maschere, coriandoli e cotillon. Tutti in piazza Angelo Dibona, gioved\u00ec 7 febbraio, dove a partire dalle 15.30\u00a0 una speciale truccatrice e professionista di Face Painting trasformer\u00e0 la festa in una fiaba piena di [&hellip;]<\/p>\n","protected":false},"author":2,"featured_media":0,"comment_status":"closed","ping_status":"open","sticky":false,"template":"","format":"standard","meta":{"footnotes":""},"categories":[27,25,8],"tags":[],"class_list":["post-46486","post","type-post","status-publish","format-standard","category-appuntamenti","category-pausa-caffe","category-societa-istituzioni"],"yoast_head":"<!-- This site is optimized with the Yoast SEO plugin v28.4 - https:\/\/yoast.com\/product\/yoast-seo-wordpress\/ -->\n<title>Cortina \u00e8 pronta a divertirsi: arriva il Carnevale e dal 7 al 12 febbraio - Bellunopress - Dolomiti<\/title>\n<meta name=\"robots\" content=\"index, follow, max-snippet:-1, max-image-preview:large, max-video-preview:-1\" \/>\n<link rel=\"canonical\" href=\"https:\/\/www.bellunopress.it\/fr\/2013\/02\/06\/cortina-e-pronta-a-divertirsi-arriva-il-carnevale-e-dal-7-al-12-febbraio\/\" \/>\n<meta property=\"og:locale\" content=\"fr_FR\" \/>\n<meta property=\"og:type\" content=\"article\" \/>\n<meta property=\"og:title\" content=\"Cortina \u00e8 pronta a divertirsi: arriva il Carnevale e dal 7 al 12 febbraio - Bellunopress - Dolomiti\" \/>\n<meta property=\"og:description\" content=\"Si apre ufficialmente gioved\u00ec 7 febbraio il Carnevale di Cortina. Una settimana ricca di eventi e appuntamenti da vivere tra stelle filanti, maschere, coriandoli e cotillon. Tutti in piazza Angelo Dibona, gioved\u00ec 7 febbraio, dove a partire dalle 15.30\u00a0 una speciale truccatrice e professionista di Face Painting trasformer\u00e0 la festa in una fiaba piena di [&hellip;]\" \/>\n<meta property=\"og:url\" content=\"https:\/\/www.bellunopress.it\/fr\/2013\/02\/06\/cortina-e-pronta-a-divertirsi-arriva-il-carnevale-e-dal-7-al-12-febbraio\/\" \/>\n<meta property=\"og:site_name\" content=\"Bellunopress - Dolomiti\" \/>\n<meta property=\"article:publisher\" content=\"https:\/\/www.facebook.com\/profile.php?id=100008943462799\" \/>\n<meta property=\"article:published_time\" content=\"2013-02-06T20:02:38+00:00\" \/>\n<meta property=\"article:modified_time\" content=\"2013-02-06T20:09:36+00:00\" \/>\n<meta property=\"og:image\" content=\"http:\/\/www.bellunopress.it\/wp-content\/uploads\/2012\/07\/logo-bellunopress-250x250-2012.jpg\" \/>\n<meta name=\"author\" content=\"redazione\" \/>\n<meta name=\"twitter:card\" content=\"summary_large_image\" \/>\n<meta name=\"twitter:creator\" content=\"@bellunopress\" \/>\n<meta name=\"twitter:site\" content=\"@bellunopress\" \/>\n<meta name=\"twitter:label1\" content=\"\u00c9crit par\" \/>\n\t<meta name=\"twitter:data1\" content=\"redazione\" \/>\n\t<meta name=\"twitter:label2\" content=\"Dur\u00e9e de lecture estim\u00e9e\" \/>\n\t<meta name=\"twitter:data2\" content=\"2 minutes\" \/>\n<script type=\"application\/ld+json\" class=\"yoast-schema-graph\">{\"@context\":\"https:\\\/\\\/schema.org\",\"@graph\":[{\"@type\":\"Article\",\"@id\":\"https:\\\/\\\/www.bellunopress.it\\\/2013\\\/02\\\/06\\\/cortina-e-pronta-a-divertirsi-arriva-il-carnevale-e-dal-7-al-12-febbraio\\\/#article\",\"isPartOf\":{\"@id\":\"https:\\\/\\\/www.bellunopress.it\\\/2013\\\/02\\\/06\\\/cortina-e-pronta-a-divertirsi-arriva-il-carnevale-e-dal-7-al-12-febbraio\\\/\"},\"author\":{\"name\":\"redazione\",\"@id\":\"https:\\\/\\\/www.bellunopress.it\\\/#\\\/schema\\\/person\\\/79bb06722b37ece1c03d3e94beb30d73\"},\"headline\":\"Cortina \u00e8 pronta a divertirsi: arriva il Carnevale e dal 7 al 12 febbraio\",\"datePublished\":\"2013-02-06T20:02:38+00:00\",\"dateModified\":\"2013-02-06T20:09:36+00:00\",\"mainEntityOfPage\":{\"@id\":\"https:\\\/\\\/www.bellunopress.it\\\/2013\\\/02\\\/06\\\/cortina-e-pronta-a-divertirsi-arriva-il-carnevale-e-dal-7-al-12-febbraio\\\/\"},\"wordCount\":443,\"publisher\":{\"@id\":\"https:\\\/\\\/www.bellunopress.it\\\/#organization\"},\"articleSection\":[\"Appuntamenti, Eventi\",\"Pausa Caff\u00e8\",\"Societ\u00e0, Associazioni, Istituzioni\"],\"inLanguage\":\"fr-FR\"},{\"@type\":\"WebPage\",\"@id\":\"https:\\\/\\\/www.bellunopress.it\\\/2013\\\/02\\\/06\\\/cortina-e-pronta-a-divertirsi-arriva-il-carnevale-e-dal-7-al-12-febbraio\\\/\",\"url\":\"https:\\\/\\\/www.bellunopress.it\\\/2013\\\/02\\\/06\\\/cortina-e-pronta-a-divertirsi-arriva-il-carnevale-e-dal-7-al-12-febbraio\\\/\",\"name\":\"Cortina \u00e8 pronta a divertirsi: arriva il Carnevale e dal 7 al 12 febbraio - Bellunopress - Dolomiti\",\"isPartOf\":{\"@id\":\"https:\\\/\\\/www.bellunopress.it\\\/#website\"},\"datePublished\":\"2013-02-06T20:02:38+00:00\",\"dateModified\":\"2013-02-06T20:09:36+00:00\",\"breadcrumb\":{\"@id\":\"https:\\\/\\\/www.bellunopress.it\\\/2013\\\/02\\\/06\\\/cortina-e-pronta-a-divertirsi-arriva-il-carnevale-e-dal-7-al-12-febbraio\\\/#breadcrumb\"},\"inLanguage\":\"fr-FR\",\"potentialAction\":[{\"@type\":\"ReadAction\",\"target\":[\"https:\\\/\\\/www.bellunopress.it\\\/2013\\\/02\\\/06\\\/cortina-e-pronta-a-divertirsi-arriva-il-carnevale-e-dal-7-al-12-febbraio\\\/\"]}]},{\"@type\":\"BreadcrumbList\",\"@id\":\"https:\\\/\\\/www.bellunopress.it\\\/2013\\\/02\\\/06\\\/cortina-e-pronta-a-divertirsi-arriva-il-carnevale-e-dal-7-al-12-febbraio\\\/#breadcrumb\",\"itemListElement\":[{\"@type\":\"ListItem\",\"position\":1,\"name\":\"Home\",\"item\":\"https:\\\/\\\/www.bellunopress.it\\\/\"},{\"@type\":\"ListItem\",\"position\":2,\"name\":\"Cortina \u00e8 pronta a divertirsi: arriva il Carnevale e dal 7 al 12 febbraio\"}]},{\"@type\":\"WebSite\",\"@id\":\"https:\\\/\\\/www.bellunopress.it\\\/#website\",\"url\":\"https:\\\/\\\/www.bellunopress.it\\\/\",\"name\":\"Bellunopress - Dolomiti\",\"description\":\"e-mail: redazione@bellunopress.it\",\"publisher\":{\"@id\":\"https:\\\/\\\/www.bellunopress.it\\\/#organization\"},\"potentialAction\":[{\"@type\":\"SearchAction\",\"target\":{\"@type\":\"EntryPoint\",\"urlTemplate\":\"https:\\\/\\\/www.bellunopress.it\\\/?s={search_term_string}\"},\"query-input\":{\"@type\":\"PropertyValueSpecification\",\"valueRequired\":true,\"valueName\":\"search_term_string\"}}],\"inLanguage\":\"fr-FR\"},{\"@type\":\"Organization\",\"@id\":\"https:\\\/\\\/www.bellunopress.it\\\/#organization\",\"name\":\"Bellunopress\",\"url\":\"https:\\\/\\\/www.bellunopress.it\\\/\",\"logo\":{\"@type\":\"ImageObject\",\"inLanguage\":\"fr-FR\",\"@id\":\"https:\\\/\\\/www.bellunopress.it\\\/#\\\/schema\\\/logo\\\/image\\\/\",\"url\":\"https:\\\/\\\/www.bellunopress.it\\\/wp-content\\\/uploads\\\/2011\\\/05\\\/cropped-logo-bellunopress-.jpg\",\"contentUrl\":\"https:\\\/\\\/www.bellunopress.it\\\/wp-content\\\/uploads\\\/2011\\\/05\\\/cropped-logo-bellunopress-.jpg\",\"width\":512,\"height\":512,\"caption\":\"Bellunopress\"},\"image\":{\"@id\":\"https:\\\/\\\/www.bellunopress.it\\\/#\\\/schema\\\/logo\\\/image\\\/\"},\"sameAs\":[\"https:\\\/\\\/www.facebook.com\\\/profile.php?id=100008943462799\",\"https:\\\/\\\/x.com\\\/bellunopress\",\"https:\\\/\\\/www.linkedin.com\\\/hp\\\/?dnr=JBzUWaJfMUw8vbXJJ2tVW5-I3jZKvC4wsoxE&amp;amp;amp;amp;amp;amp;trk=nav_responsive_tab_home\",\"https:\\\/\\\/www.youtube.com\\\/channel\\\/UCxL0wu1uN0_3_7hGG0306cw\"]},{\"@type\":\"Person\",\"@id\":\"https:\\\/\\\/www.bellunopress.it\\\/#\\\/schema\\\/person\\\/79bb06722b37ece1c03d3e94beb30d73\",\"name\":\"redazione\",\"image\":{\"@type\":\"ImageObject\",\"inLanguage\":\"fr-FR\",\"@id\":\"https:\\\/\\\/secure.gravatar.com\\\/avatar\\\/37d968a2e67a6fd04c169c4bdef102d0bc5d31b2546345219e348575eb80e9a0?s=96&d=mm&r=g\",\"url\":\"https:\\\/\\\/secure.gravatar.com\\\/avatar\\\/37d968a2e67a6fd04c169c4bdef102d0bc5d31b2546345219e348575eb80e9a0?s=96&d=mm&r=g\",\"contentUrl\":\"https:\\\/\\\/secure.gravatar.com\\\/avatar\\\/37d968a2e67a6fd04c169c4bdef102d0bc5d31b2546345219e348575eb80e9a0?s=96&d=mm&r=g\",\"caption\":\"redazione\"},\"sameAs\":[\"http:\\\/\\\/www.bellunopress.it\",\"https:\\\/\\\/x.com\\\/bellunopress\"],\"url\":\"https:\\\/\\\/www.bellunopress.it\\\/fr\\\/author\\\/redazione\\\/\"}]}<\/script>\n<!-- \/ Yoast SEO plugin. -->","yoast_head_json":{"title":"Cortina \u00e8 pronta a divertirsi: arriva il Carnevale e dal 7 al 12 febbraio - Bellunopress - Dolomiti","robots":{"index":"index","follow":"follow","max-snippet":"max-snippet:-1","max-image-preview":"max-image-preview:large","max-video-preview":"max-video-preview:-1"},"canonical":"https:\/\/www.bellunopress.it\/fr\/2013\/02\/06\/cortina-e-pronta-a-divertirsi-arriva-il-carnevale-e-dal-7-al-12-febbraio\/","og_locale":"fr_FR","og_type":"article","og_title":"Cortina \u00e8 pronta a divertirsi: arriva il Carnevale e dal 7 al 12 febbraio - Bellunopress - Dolomiti","og_description":"Si apre ufficialmente gioved\u00ec 7 febbraio il Carnevale di Cortina. Una settimana ricca di eventi e appuntamenti da vivere tra stelle filanti, maschere, coriandoli e cotillon. Tutti in piazza Angelo Dibona, gioved\u00ec 7 febbraio, dove a partire dalle 15.30\u00a0 una speciale truccatrice e professionista di Face Painting trasformer\u00e0 la festa in una fiaba piena di [&hellip;]","og_url":"https:\/\/www.bellunopress.it\/fr\/2013\/02\/06\/cortina-e-pronta-a-divertirsi-arriva-il-carnevale-e-dal-7-al-12-febbraio\/","og_site_name":"Bellunopress - Dolomiti","article_publisher":"https:\/\/www.facebook.com\/profile.php?id=100008943462799","article_published_time":"2013-02-06T20:02:38+00:00","article_modified_time":"2013-02-06T20:09:36+00:00","og_image":[{"url":"http:\/\/www.bellunopress.it\/wp-content\/uploads\/2012\/07\/logo-bellunopress-250x250-2012.jpg","type":"","width":"","height":""}],"author":"redazione","twitter_card":"summary_large_image","twitter_creator":"@bellunopress","twitter_site":"@bellunopress","twitter_misc":{"\u00c9crit par":"redazione","Dur\u00e9e de lecture estim\u00e9e":"2 minutes"},"schema":{"@context":"https:\/\/schema.org","@graph":[{"@type":"Article","@id":"https:\/\/www.bellunopress.it\/2013\/02\/06\/cortina-e-pronta-a-divertirsi-arriva-il-carnevale-e-dal-7-al-12-febbraio\/#article","isPartOf":{"@id":"https:\/\/www.bellunopress.it\/2013\/02\/06\/cortina-e-pronta-a-divertirsi-arriva-il-carnevale-e-dal-7-al-12-febbraio\/"},"author":{"name":"redazione","@id":"https:\/\/www.bellunopress.it\/#\/schema\/person\/79bb06722b37ece1c03d3e94beb30d73"},"headline":"Cortina \u00e8 pronta a divertirsi: arriva il Carnevale e dal 7 al 12 febbraio","datePublished":"2013-02-06T20:02:38+00:00","dateModified":"2013-02-06T20:09:36+00:00","mainEntityOfPage":{"@id":"https:\/\/www.bellunopress.it\/2013\/02\/06\/cortina-e-pronta-a-divertirsi-arriva-il-carnevale-e-dal-7-al-12-febbraio\/"},"wordCount":443,"publisher":{"@id":"https:\/\/www.bellunopress.it\/#organization"},"articleSection":["Appuntamenti, Eventi","Pausa Caff\u00e8","Societ\u00e0, Associazioni, Istituzioni"],"inLanguage":"fr-FR"},{"@type":"WebPage","@id":"https:\/\/www.bellunopress.it\/2013\/02\/06\/cortina-e-pronta-a-divertirsi-arriva-il-carnevale-e-dal-7-al-12-febbraio\/","url":"https:\/\/www.bellunopress.it\/2013\/02\/06\/cortina-e-pronta-a-divertirsi-arriva-il-carnevale-e-dal-7-al-12-febbraio\/","name":"Cortina \u00e8 pronta a divertirsi: arriva il Carnevale e dal 7 al 12 febbraio - Bellunopress - Dolomiti","isPartOf":{"@id":"https:\/\/www.bellunopress.it\/#website"},"datePublished":"2013-02-06T20:02:38+00:00","dateModified":"2013-02-06T20:09:36+00:00","breadcrumb":{"@id":"https:\/\/www.bellunopress.it\/2013\/02\/06\/cortina-e-pronta-a-divertirsi-arriva-il-carnevale-e-dal-7-al-12-febbraio\/#breadcrumb"},"inLanguage":"fr-FR","potentialAction":[{"@type":"ReadAction","target":["https:\/\/www.bellunopress.it\/2013\/02\/06\/cortina-e-pronta-a-divertirsi-arriva-il-carnevale-e-dal-7-al-12-febbraio\/"]}]},{"@type":"BreadcrumbList","@id":"https:\/\/www.bellunopress.it\/2013\/02\/06\/cortina-e-pronta-a-divertirsi-arriva-il-carnevale-e-dal-7-al-12-febbraio\/#breadcrumb","itemListElement":[{"@type":"ListItem","position":1,"name":"Home","item":"https:\/\/www.bellunopress.it\/"},{"@type":"ListItem","position":2,"name":"Cortina \u00e8 pronta a divertirsi: arriva il Carnevale e dal 7 al 12 febbraio"}]},{"@type":"WebSite","@id":"https:\/\/www.bellunopress.it\/#website","url":"https:\/\/www.bellunopress.it\/","name":"Bellunopress - Dolomiti","description":"e-mail: redazione@bellunopress.it","publisher":{"@id":"https:\/\/www.bellunopress.it\/#organization"},"potentialAction":[{"@type":"SearchAction","target":{"@type":"EntryPoint","urlTemplate":"https:\/\/www.bellunopress.it\/?s={search_term_string}"},"query-input":{"@type":"PropertyValueSpecification","valueRequired":true,"valueName":"search_term_string"}}],"inLanguage":"fr-FR"},{"@type":"Organization","@id":"https:\/\/www.bellunopress.it\/#organization","name":"Bellunopress","url":"https:\/\/www.bellunopress.it\/","logo":{"@type":"ImageObject","inLanguage":"fr-FR","@id":"https:\/\/www.bellunopress.it\/#\/schema\/logo\/image\/","url":"https:\/\/www.bellunopress.it\/wp-content\/uploads\/2011\/05\/cropped-logo-bellunopress-.jpg","contentUrl":"https:\/\/www.bellunopress.it\/wp-content\/uploads\/2011\/05\/cropped-logo-bellunopress-.jpg","width":512,"height":512,"caption":"Bellunopress"},"image":{"@id":"https:\/\/www.bellunopress.it\/#\/schema\/logo\/image\/"},"sameAs":["https:\/\/www.facebook.com\/profile.php?id=100008943462799","https:\/\/x.com\/bellunopress","https:\/\/www.linkedin.com\/hp\/?dnr=JBzUWaJfMUw8vbXJJ2tVW5-I3jZKvC4wsoxE&amp;amp;amp;amp;amp;amp;trk=nav_responsive_tab_home","https:\/\/www.youtube.com\/channel\/UCxL0wu1uN0_3_7hGG0306cw"]},{"@type":"Person","@id":"https:\/\/www.bellunopress.it\/#\/schema\/person\/79bb06722b37ece1c03d3e94beb30d73","name":"r\u00e9daction","image":{"@type":"ImageObject","inLanguage":"fr-FR","@id":"https:\/\/secure.gravatar.com\/avatar\/37d968a2e67a6fd04c169c4bdef102d0bc5d31b2546345219e348575eb80e9a0?s=96&d=mm&r=g","url":"https:\/\/secure.gravatar.com\/avatar\/37d968a2e67a6fd04c169c4bdef102d0bc5d31b2546345219e348575eb80e9a0?s=96&d=mm&r=g","contentUrl":"https:\/\/secure.gravatar.com\/avatar\/37d968a2e67a6fd04c169c4bdef102d0bc5d31b2546345219e348575eb80e9a0?s=96&d=mm&r=g","caption":"redazione"},"sameAs":["http:\/\/www.bellunopress.it","https:\/\/x.com\/bellunopress"],"url":"https:\/\/www.bellunopress.it\/fr\/author\/redazione\/"}]}},"_links":{"self":[{"href":"https:\/\/www.bellunopress.it\/fr\/wp-json\/wp\/v2\/posts\/46486","targetHints":{"allow":["GET"]}}],"collection":[{"href":"https:\/\/www.bellunopress.it\/fr\/wp-json\/wp\/v2\/posts"}],"about":[{"href":"https:\/\/www.bellunopress.it\/fr\/wp-json\/wp\/v2\/types\/post"}],"author":[{"embeddable":true,"href":"https:\/\/www.bellunopress.it\/fr\/wp-json\/wp\/v2\/users\/2"}],"replies":[{"embeddable":true,"href":"https:\/\/www.bellunopress.it\/fr\/wp-json\/wp\/v2\/comments?post=46486"}],"version-history":[{"count":3,"href":"https:\/\/www.bellunopress.it\/fr\/wp-json\/wp\/v2\/posts\/46486\/revisions"}],"predecessor-version":[{"id":46488,"href":"https:\/\/www.bellunopress.it\/fr\/wp-json\/wp\/v2\/posts\/46486\/revisions\/46488"}],"wp:attachment":[{"href":"https:\/\/www.bellunopress.it\/fr\/wp-json\/wp\/v2\/media?parent=46486"}],"wp:term":[{"taxonomy":"category","embeddable":true,"href":"https:\/\/www.bellunopress.it\/fr\/wp-json\/wp\/v2\/categories?post=46486"},{"taxonomy":"post_tag","embeddable":true,"href":"https:\/\/www.bellunopress.it\/fr\/wp-json\/wp\/v2\/tags?post=46486"}],"curies":[{"name":"wp","href":"https:\/\/api.w.org\/{rel}","templated":true}]}}