{"id":46478,"date":"2013-02-06T20:40:36","date_gmt":"2013-02-06T19:40:36","guid":{"rendered":"http:\/\/www.bellunopress.it\/?p=46478"},"modified":"2013-02-06T20:40:36","modified_gmt":"2013-02-06T19:40:36","slug":"giovedi-pomeriggio-a-mel-inaugurazione-della-mostra-di-pittura-di-rosy-tese","status":"publish","type":"post","link":"https:\/\/www.bellunopress.it\/fr\/2013\/02\/06\/giovedi-pomeriggio-a-mel-inaugurazione-della-mostra-di-pittura-di-rosy-tese\/","title":{"rendered":"Gioved\u00ec pomeriggio a Mel inaugurazione della mostra di pittura di Rosy Tese\u2019"},"content":{"rendered":"<p>Giovedi 7 febbraio alle ore 18, \u00a0al Palazzo del Municipio di Mel, sar\u00e0 inaugurata l\u2019esposizione personale di pittura dell\u2019artista Rosy Tese\u2019 allestita, con il patrocinio del Comune di Mel.<\/p>\n<p>La mostra comprende opere recenti dell&#8217;artista realizzate con tecnica mista, che rispecchiano la \u00a0formazione accademica degli anni di Brera, e l&#8217;attivit\u00e0 professionale sul campo della pubblicit\u00e0 e della comunicazione.<\/p>\n<p>La mostra, ad ingresso libero, sar\u00e0 visitabile fino al 13 aprile 2013 durante gli orari di apertura degli uffici municipali<\/p>\n<p>&nbsp;<\/p>\n<p><a href=\"http:\/\/www.bellunopress.it\/wp-content\/uploads\/2010\/05\/rosy-tese.jpg\"><img loading=\"lazy\" decoding=\"async\" class=\"alignleft size-full wp-image-15382\" alt=\"rosy-tese\" src=\"http:\/\/www.bellunopress.it\/wp-content\/uploads\/2010\/05\/rosy-tese.jpg\" width=\"112\" height=\"140\" \/><\/a>L&#8217;artista<\/p>\n<p>Rosy Tese\u2019<\/p>\n<p>Nata a Milano nel \u201949, si \u00e8 diplomata all\u2019Accademia d\u2019Arte di Brera ed ha vissuto in prima persona l\u2019epopea del cinema di animazione, collaborando con le pi\u00f9 grandi case cinematografiche di Milano e contribuendo alla realizzazione di alcuni tra i pi\u00f9 grandi capolavori italiani. Oggi vive tra Belluno e Milano.<\/p>\n<p>&nbsp;<\/p>\n<p>&nbsp;<\/p>\n<p>&nbsp;<\/p>\n<p>&nbsp;<\/p>","protected":false},"excerpt":{"rendered":"<p>Giovedi 7 febbraio alle ore 18, \u00a0al Palazzo del Municipio di Mel, sar\u00e0 inaugurata l\u2019esposizione personale di pittura dell\u2019artista Rosy Tese\u2019 allestita, con il patrocinio del Comune di Mel. La mostra comprende opere recenti dell&#8217;artista realizzate con tecnica mista, che rispecchiano la \u00a0formazione accademica degli anni di Brera, e l&#8217;attivit\u00e0 professionale sul campo della pubblicit\u00e0 [&hellip;]<\/p>\n","protected":false},"author":2,"featured_media":0,"comment_status":"closed","ping_status":"open","sticky":false,"template":"","format":"standard","meta":{"footnotes":""},"categories":[27,3,25],"tags":[],"class_list":["post-46478","post","type-post","status-publish","format-standard","category-appuntamenti","category-arte-cultura-spettacoli-scienza-archivi","category-pausa-caffe"],"yoast_head":"<!-- This site is optimized with the Yoast SEO plugin v28.4 - https:\/\/yoast.com\/product\/yoast-seo-wordpress\/ -->\n<title>Gioved\u00ec pomeriggio a Mel inaugurazione della mostra di pittura di Rosy Tese\u2019 - Bellunopress - Dolomiti<\/title>\n<meta name=\"robots\" content=\"index, follow, max-snippet:-1, max-image-preview:large, max-video-preview:-1\" \/>\n<link rel=\"canonical\" href=\"https:\/\/www.bellunopress.it\/fr\/2013\/02\/06\/giovedi-pomeriggio-a-mel-inaugurazione-della-mostra-di-pittura-di-rosy-tese\/\" \/>\n<meta property=\"og:locale\" content=\"fr_FR\" \/>\n<meta property=\"og:type\" content=\"article\" \/>\n<meta property=\"og:title\" content=\"Gioved\u00ec pomeriggio a Mel inaugurazione della mostra di pittura di Rosy Tese\u2019 - Bellunopress - Dolomiti\" \/>\n<meta property=\"og:description\" content=\"Giovedi 7 febbraio alle ore 18, \u00a0al Palazzo del Municipio di Mel, sar\u00e0 inaugurata l\u2019esposizione personale di pittura dell\u2019artista Rosy Tese\u2019 allestita, con il patrocinio del Comune di Mel. La mostra comprende opere recenti dell&#8217;artista realizzate con tecnica mista, che rispecchiano la \u00a0formazione accademica degli anni di Brera, e l&#8217;attivit\u00e0 professionale sul campo della pubblicit\u00e0 [&hellip;]\" \/>\n<meta property=\"og:url\" content=\"https:\/\/www.bellunopress.it\/fr\/2013\/02\/06\/giovedi-pomeriggio-a-mel-inaugurazione-della-mostra-di-pittura-di-rosy-tese\/\" \/>\n<meta property=\"og:site_name\" content=\"Bellunopress - Dolomiti\" \/>\n<meta property=\"article:publisher\" content=\"https:\/\/www.facebook.com\/profile.php?id=100008943462799\" \/>\n<meta property=\"article:published_time\" content=\"2013-02-06T19:40:36+00:00\" \/>\n<meta property=\"og:image\" content=\"http:\/\/www.bellunopress.it\/wp-content\/uploads\/2010\/05\/rosy-tese.jpg\" \/>\n<meta name=\"author\" content=\"redazione\" \/>\n<meta name=\"twitter:card\" content=\"summary_large_image\" \/>\n<meta name=\"twitter:creator\" content=\"@bellunopress\" \/>\n<meta name=\"twitter:site\" content=\"@bellunopress\" \/>\n<meta name=\"twitter:label1\" content=\"\u00c9crit par\" \/>\n\t<meta name=\"twitter:data1\" content=\"redazione\" \/>\n\t<meta name=\"twitter:label2\" content=\"Dur\u00e9e de lecture estim\u00e9e\" \/>\n\t<meta name=\"twitter:data2\" content=\"1 minute\" \/>\n<script type=\"application\/ld+json\" class=\"yoast-schema-graph\">{\"@context\":\"https:\\\/\\\/schema.org\",\"@graph\":[{\"@type\":\"Article\",\"@id\":\"https:\\\/\\\/www.bellunopress.it\\\/2013\\\/02\\\/06\\\/giovedi-pomeriggio-a-mel-inaugurazione-della-mostra-di-pittura-di-rosy-tese\\\/#article\",\"isPartOf\":{\"@id\":\"https:\\\/\\\/www.bellunopress.it\\\/2013\\\/02\\\/06\\\/giovedi-pomeriggio-a-mel-inaugurazione-della-mostra-di-pittura-di-rosy-tese\\\/\"},\"author\":{\"name\":\"redazione\",\"@id\":\"https:\\\/\\\/www.bellunopress.it\\\/#\\\/schema\\\/person\\\/79bb06722b37ece1c03d3e94beb30d73\"},\"headline\":\"Gioved\u00ec pomeriggio a Mel inaugurazione della mostra di pittura di Rosy Tese\u2019\",\"datePublished\":\"2013-02-06T19:40:36+00:00\",\"mainEntityOfPage\":{\"@id\":\"https:\\\/\\\/www.bellunopress.it\\\/2013\\\/02\\\/06\\\/giovedi-pomeriggio-a-mel-inaugurazione-della-mostra-di-pittura-di-rosy-tese\\\/\"},\"wordCount\":150,\"publisher\":{\"@id\":\"https:\\\/\\\/www.bellunopress.it\\\/#organization\"},\"image\":{\"@id\":\"https:\\\/\\\/www.bellunopress.it\\\/2013\\\/02\\\/06\\\/giovedi-pomeriggio-a-mel-inaugurazione-della-mostra-di-pittura-di-rosy-tese\\\/#primaryimage\"},\"thumbnailUrl\":\"http:\\\/\\\/www.bellunopress.it\\\/wp-content\\\/uploads\\\/2010\\\/05\\\/rosy-tese.jpg\",\"articleSection\":[\"Appuntamenti, Eventi\",\"Arte, Cultura, Spettacoli, Scienza\",\"Pausa Caff\u00e8\"],\"inLanguage\":\"fr-FR\"},{\"@type\":\"WebPage\",\"@id\":\"https:\\\/\\\/www.bellunopress.it\\\/2013\\\/02\\\/06\\\/giovedi-pomeriggio-a-mel-inaugurazione-della-mostra-di-pittura-di-rosy-tese\\\/\",\"url\":\"https:\\\/\\\/www.bellunopress.it\\\/2013\\\/02\\\/06\\\/giovedi-pomeriggio-a-mel-inaugurazione-della-mostra-di-pittura-di-rosy-tese\\\/\",\"name\":\"Gioved\u00ec pomeriggio a Mel inaugurazione della mostra di pittura di Rosy Tese\u2019 - Bellunopress - Dolomiti\",\"isPartOf\":{\"@id\":\"https:\\\/\\\/www.bellunopress.it\\\/#website\"},\"primaryImageOfPage\":{\"@id\":\"https:\\\/\\\/www.bellunopress.it\\\/2013\\\/02\\\/06\\\/giovedi-pomeriggio-a-mel-inaugurazione-della-mostra-di-pittura-di-rosy-tese\\\/#primaryimage\"},\"image\":{\"@id\":\"https:\\\/\\\/www.bellunopress.it\\\/2013\\\/02\\\/06\\\/giovedi-pomeriggio-a-mel-inaugurazione-della-mostra-di-pittura-di-rosy-tese\\\/#primaryimage\"},\"thumbnailUrl\":\"http:\\\/\\\/www.bellunopress.it\\\/wp-content\\\/uploads\\\/2010\\\/05\\\/rosy-tese.jpg\",\"datePublished\":\"2013-02-06T19:40:36+00:00\",\"breadcrumb\":{\"@id\":\"https:\\\/\\\/www.bellunopress.it\\\/2013\\\/02\\\/06\\\/giovedi-pomeriggio-a-mel-inaugurazione-della-mostra-di-pittura-di-rosy-tese\\\/#breadcrumb\"},\"inLanguage\":\"fr-FR\",\"potentialAction\":[{\"@type\":\"ReadAction\",\"target\":[\"https:\\\/\\\/www.bellunopress.it\\\/2013\\\/02\\\/06\\\/giovedi-pomeriggio-a-mel-inaugurazione-della-mostra-di-pittura-di-rosy-tese\\\/\"]}]},{\"@type\":\"ImageObject\",\"inLanguage\":\"fr-FR\",\"@id\":\"https:\\\/\\\/www.bellunopress.it\\\/2013\\\/02\\\/06\\\/giovedi-pomeriggio-a-mel-inaugurazione-della-mostra-di-pittura-di-rosy-tese\\\/#primaryimage\",\"url\":\"http:\\\/\\\/www.bellunopress.it\\\/wp-content\\\/uploads\\\/2010\\\/05\\\/rosy-tese.jpg\",\"contentUrl\":\"http:\\\/\\\/www.bellunopress.it\\\/wp-content\\\/uploads\\\/2010\\\/05\\\/rosy-tese.jpg\"},{\"@type\":\"BreadcrumbList\",\"@id\":\"https:\\\/\\\/www.bellunopress.it\\\/2013\\\/02\\\/06\\\/giovedi-pomeriggio-a-mel-inaugurazione-della-mostra-di-pittura-di-rosy-tese\\\/#breadcrumb\",\"itemListElement\":[{\"@type\":\"ListItem\",\"position\":1,\"name\":\"Home\",\"item\":\"https:\\\/\\\/www.bellunopress.it\\\/\"},{\"@type\":\"ListItem\",\"position\":2,\"name\":\"Gioved\u00ec pomeriggio a Mel inaugurazione della mostra di pittura di Rosy Tese\u2019\"}]},{\"@type\":\"WebSite\",\"@id\":\"https:\\\/\\\/www.bellunopress.it\\\/#website\",\"url\":\"https:\\\/\\\/www.bellunopress.it\\\/\",\"name\":\"Bellunopress - Dolomiti\",\"description\":\"e-mail: redazione@bellunopress.it\",\"publisher\":{\"@id\":\"https:\\\/\\\/www.bellunopress.it\\\/#organization\"},\"potentialAction\":[{\"@type\":\"SearchAction\",\"target\":{\"@type\":\"EntryPoint\",\"urlTemplate\":\"https:\\\/\\\/www.bellunopress.it\\\/?s={search_term_string}\"},\"query-input\":{\"@type\":\"PropertyValueSpecification\",\"valueRequired\":true,\"valueName\":\"search_term_string\"}}],\"inLanguage\":\"fr-FR\"},{\"@type\":\"Organization\",\"@id\":\"https:\\\/\\\/www.bellunopress.it\\\/#organization\",\"name\":\"Bellunopress\",\"url\":\"https:\\\/\\\/www.bellunopress.it\\\/\",\"logo\":{\"@type\":\"ImageObject\",\"inLanguage\":\"fr-FR\",\"@id\":\"https:\\\/\\\/www.bellunopress.it\\\/#\\\/schema\\\/logo\\\/image\\\/\",\"url\":\"https:\\\/\\\/www.bellunopress.it\\\/wp-content\\\/uploads\\\/2011\\\/05\\\/cropped-logo-bellunopress-.jpg\",\"contentUrl\":\"https:\\\/\\\/www.bellunopress.it\\\/wp-content\\\/uploads\\\/2011\\\/05\\\/cropped-logo-bellunopress-.jpg\",\"width\":512,\"height\":512,\"caption\":\"Bellunopress\"},\"image\":{\"@id\":\"https:\\\/\\\/www.bellunopress.it\\\/#\\\/schema\\\/logo\\\/image\\\/\"},\"sameAs\":[\"https:\\\/\\\/www.facebook.com\\\/profile.php?id=100008943462799\",\"https:\\\/\\\/x.com\\\/bellunopress\",\"https:\\\/\\\/www.linkedin.com\\\/hp\\\/?dnr=JBzUWaJfMUw8vbXJJ2tVW5-I3jZKvC4wsoxE&amp;amp;amp;amp;amp;amp;trk=nav_responsive_tab_home\",\"https:\\\/\\\/www.youtube.com\\\/channel\\\/UCxL0wu1uN0_3_7hGG0306cw\"]},{\"@type\":\"Person\",\"@id\":\"https:\\\/\\\/www.bellunopress.it\\\/#\\\/schema\\\/person\\\/79bb06722b37ece1c03d3e94beb30d73\",\"name\":\"redazione\",\"image\":{\"@type\":\"ImageObject\",\"inLanguage\":\"fr-FR\",\"@id\":\"https:\\\/\\\/secure.gravatar.com\\\/avatar\\\/37d968a2e67a6fd04c169c4bdef102d0bc5d31b2546345219e348575eb80e9a0?s=96&d=mm&r=g\",\"url\":\"https:\\\/\\\/secure.gravatar.com\\\/avatar\\\/37d968a2e67a6fd04c169c4bdef102d0bc5d31b2546345219e348575eb80e9a0?s=96&d=mm&r=g\",\"contentUrl\":\"https:\\\/\\\/secure.gravatar.com\\\/avatar\\\/37d968a2e67a6fd04c169c4bdef102d0bc5d31b2546345219e348575eb80e9a0?s=96&d=mm&r=g\",\"caption\":\"redazione\"},\"sameAs\":[\"http:\\\/\\\/www.bellunopress.it\",\"https:\\\/\\\/x.com\\\/bellunopress\"],\"url\":\"https:\\\/\\\/www.bellunopress.it\\\/fr\\\/author\\\/redazione\\\/\"}]}<\/script>\n<!-- \/ Yoast SEO plugin. -->","yoast_head_json":{"title":"Gioved\u00ec pomeriggio a Mel inaugurazione della mostra di pittura di Rosy Tese\u2019 - Bellunopress - Dolomiti","robots":{"index":"index","follow":"follow","max-snippet":"max-snippet:-1","max-image-preview":"max-image-preview:large","max-video-preview":"max-video-preview:-1"},"canonical":"https:\/\/www.bellunopress.it\/fr\/2013\/02\/06\/giovedi-pomeriggio-a-mel-inaugurazione-della-mostra-di-pittura-di-rosy-tese\/","og_locale":"fr_FR","og_type":"article","og_title":"Gioved\u00ec pomeriggio a Mel inaugurazione della mostra di pittura di Rosy Tese\u2019 - Bellunopress - Dolomiti","og_description":"Giovedi 7 febbraio alle ore 18, \u00a0al Palazzo del Municipio di Mel, sar\u00e0 inaugurata l\u2019esposizione personale di pittura dell\u2019artista Rosy Tese\u2019 allestita, con il patrocinio del Comune di Mel. La mostra comprende opere recenti dell&#8217;artista realizzate con tecnica mista, che rispecchiano la \u00a0formazione accademica degli anni di Brera, e l&#8217;attivit\u00e0 professionale sul campo della pubblicit\u00e0 [&hellip;]","og_url":"https:\/\/www.bellunopress.it\/fr\/2013\/02\/06\/giovedi-pomeriggio-a-mel-inaugurazione-della-mostra-di-pittura-di-rosy-tese\/","og_site_name":"Bellunopress - Dolomiti","article_publisher":"https:\/\/www.facebook.com\/profile.php?id=100008943462799","article_published_time":"2013-02-06T19:40:36+00:00","og_image":[{"url":"http:\/\/www.bellunopress.it\/wp-content\/uploads\/2010\/05\/rosy-tese.jpg","type":"","width":"","height":""}],"author":"redazione","twitter_card":"summary_large_image","twitter_creator":"@bellunopress","twitter_site":"@bellunopress","twitter_misc":{"\u00c9crit par":"redazione","Dur\u00e9e de lecture estim\u00e9e":"1 minute"},"schema":{"@context":"https:\/\/schema.org","@graph":[{"@type":"Article","@id":"https:\/\/www.bellunopress.it\/2013\/02\/06\/giovedi-pomeriggio-a-mel-inaugurazione-della-mostra-di-pittura-di-rosy-tese\/#article","isPartOf":{"@id":"https:\/\/www.bellunopress.it\/2013\/02\/06\/giovedi-pomeriggio-a-mel-inaugurazione-della-mostra-di-pittura-di-rosy-tese\/"},"author":{"name":"redazione","@id":"https:\/\/www.bellunopress.it\/#\/schema\/person\/79bb06722b37ece1c03d3e94beb30d73"},"headline":"Gioved\u00ec pomeriggio a Mel inaugurazione della mostra di pittura di Rosy Tese\u2019","datePublished":"2013-02-06T19:40:36+00:00","mainEntityOfPage":{"@id":"https:\/\/www.bellunopress.it\/2013\/02\/06\/giovedi-pomeriggio-a-mel-inaugurazione-della-mostra-di-pittura-di-rosy-tese\/"},"wordCount":150,"publisher":{"@id":"https:\/\/www.bellunopress.it\/#organization"},"image":{"@id":"https:\/\/www.bellunopress.it\/2013\/02\/06\/giovedi-pomeriggio-a-mel-inaugurazione-della-mostra-di-pittura-di-rosy-tese\/#primaryimage"},"thumbnailUrl":"http:\/\/www.bellunopress.it\/wp-content\/uploads\/2010\/05\/rosy-tese.jpg","articleSection":["Appuntamenti, Eventi","Arte, Cultura, Spettacoli, Scienza","Pausa Caff\u00e8"],"inLanguage":"fr-FR"},{"@type":"WebPage","@id":"https:\/\/www.bellunopress.it\/2013\/02\/06\/giovedi-pomeriggio-a-mel-inaugurazione-della-mostra-di-pittura-di-rosy-tese\/","url":"https:\/\/www.bellunopress.it\/2013\/02\/06\/giovedi-pomeriggio-a-mel-inaugurazione-della-mostra-di-pittura-di-rosy-tese\/","name":"Gioved\u00ec pomeriggio a Mel inaugurazione della mostra di pittura di Rosy Tese\u2019 - Bellunopress - Dolomiti","isPartOf":{"@id":"https:\/\/www.bellunopress.it\/#website"},"primaryImageOfPage":{"@id":"https:\/\/www.bellunopress.it\/2013\/02\/06\/giovedi-pomeriggio-a-mel-inaugurazione-della-mostra-di-pittura-di-rosy-tese\/#primaryimage"},"image":{"@id":"https:\/\/www.bellunopress.it\/2013\/02\/06\/giovedi-pomeriggio-a-mel-inaugurazione-della-mostra-di-pittura-di-rosy-tese\/#primaryimage"},"thumbnailUrl":"http:\/\/www.bellunopress.it\/wp-content\/uploads\/2010\/05\/rosy-tese.jpg","datePublished":"2013-02-06T19:40:36+00:00","breadcrumb":{"@id":"https:\/\/www.bellunopress.it\/2013\/02\/06\/giovedi-pomeriggio-a-mel-inaugurazione-della-mostra-di-pittura-di-rosy-tese\/#breadcrumb"},"inLanguage":"fr-FR","potentialAction":[{"@type":"ReadAction","target":["https:\/\/www.bellunopress.it\/2013\/02\/06\/giovedi-pomeriggio-a-mel-inaugurazione-della-mostra-di-pittura-di-rosy-tese\/"]}]},{"@type":"ImageObject","inLanguage":"fr-FR","@id":"https:\/\/www.bellunopress.it\/2013\/02\/06\/giovedi-pomeriggio-a-mel-inaugurazione-della-mostra-di-pittura-di-rosy-tese\/#primaryimage","url":"http:\/\/www.bellunopress.it\/wp-content\/uploads\/2010\/05\/rosy-tese.jpg","contentUrl":"http:\/\/www.bellunopress.it\/wp-content\/uploads\/2010\/05\/rosy-tese.jpg"},{"@type":"BreadcrumbList","@id":"https:\/\/www.bellunopress.it\/2013\/02\/06\/giovedi-pomeriggio-a-mel-inaugurazione-della-mostra-di-pittura-di-rosy-tese\/#breadcrumb","itemListElement":[{"@type":"ListItem","position":1,"name":"Home","item":"https:\/\/www.bellunopress.it\/"},{"@type":"ListItem","position":2,"name":"Gioved\u00ec pomeriggio a Mel inaugurazione della mostra di pittura di Rosy Tese\u2019"}]},{"@type":"WebSite","@id":"https:\/\/www.bellunopress.it\/#website","url":"https:\/\/www.bellunopress.it\/","name":"Bellunopress - Dolomiti","description":"e-mail: redazione@bellunopress.it","publisher":{"@id":"https:\/\/www.bellunopress.it\/#organization"},"potentialAction":[{"@type":"SearchAction","target":{"@type":"EntryPoint","urlTemplate":"https:\/\/www.bellunopress.it\/?s={search_term_string}"},"query-input":{"@type":"PropertyValueSpecification","valueRequired":true,"valueName":"search_term_string"}}],"inLanguage":"fr-FR"},{"@type":"Organization","@id":"https:\/\/www.bellunopress.it\/#organization","name":"Bellunopress","url":"https:\/\/www.bellunopress.it\/","logo":{"@type":"ImageObject","inLanguage":"fr-FR","@id":"https:\/\/www.bellunopress.it\/#\/schema\/logo\/image\/","url":"https:\/\/www.bellunopress.it\/wp-content\/uploads\/2011\/05\/cropped-logo-bellunopress-.jpg","contentUrl":"https:\/\/www.bellunopress.it\/wp-content\/uploads\/2011\/05\/cropped-logo-bellunopress-.jpg","width":512,"height":512,"caption":"Bellunopress"},"image":{"@id":"https:\/\/www.bellunopress.it\/#\/schema\/logo\/image\/"},"sameAs":["https:\/\/www.facebook.com\/profile.php?id=100008943462799","https:\/\/x.com\/bellunopress","https:\/\/www.linkedin.com\/hp\/?dnr=JBzUWaJfMUw8vbXJJ2tVW5-I3jZKvC4wsoxE&amp;amp;amp;amp;amp;amp;trk=nav_responsive_tab_home","https:\/\/www.youtube.com\/channel\/UCxL0wu1uN0_3_7hGG0306cw"]},{"@type":"Person","@id":"https:\/\/www.bellunopress.it\/#\/schema\/person\/79bb06722b37ece1c03d3e94beb30d73","name":"r\u00e9daction","image":{"@type":"ImageObject","inLanguage":"fr-FR","@id":"https:\/\/secure.gravatar.com\/avatar\/37d968a2e67a6fd04c169c4bdef102d0bc5d31b2546345219e348575eb80e9a0?s=96&d=mm&r=g","url":"https:\/\/secure.gravatar.com\/avatar\/37d968a2e67a6fd04c169c4bdef102d0bc5d31b2546345219e348575eb80e9a0?s=96&d=mm&r=g","contentUrl":"https:\/\/secure.gravatar.com\/avatar\/37d968a2e67a6fd04c169c4bdef102d0bc5d31b2546345219e348575eb80e9a0?s=96&d=mm&r=g","caption":"redazione"},"sameAs":["http:\/\/www.bellunopress.it","https:\/\/x.com\/bellunopress"],"url":"https:\/\/www.bellunopress.it\/fr\/author\/redazione\/"}]}},"_links":{"self":[{"href":"https:\/\/www.bellunopress.it\/fr\/wp-json\/wp\/v2\/posts\/46478","targetHints":{"allow":["GET"]}}],"collection":[{"href":"https:\/\/www.bellunopress.it\/fr\/wp-json\/wp\/v2\/posts"}],"about":[{"href":"https:\/\/www.bellunopress.it\/fr\/wp-json\/wp\/v2\/types\/post"}],"author":[{"embeddable":true,"href":"https:\/\/www.bellunopress.it\/fr\/wp-json\/wp\/v2\/users\/2"}],"replies":[{"embeddable":true,"href":"https:\/\/www.bellunopress.it\/fr\/wp-json\/wp\/v2\/comments?post=46478"}],"version-history":[{"count":1,"href":"https:\/\/www.bellunopress.it\/fr\/wp-json\/wp\/v2\/posts\/46478\/revisions"}],"predecessor-version":[{"id":46479,"href":"https:\/\/www.bellunopress.it\/fr\/wp-json\/wp\/v2\/posts\/46478\/revisions\/46479"}],"wp:attachment":[{"href":"https:\/\/www.bellunopress.it\/fr\/wp-json\/wp\/v2\/media?parent=46478"}],"wp:term":[{"taxonomy":"category","embeddable":true,"href":"https:\/\/www.bellunopress.it\/fr\/wp-json\/wp\/v2\/categories?post=46478"},{"taxonomy":"post_tag","embeddable":true,"href":"https:\/\/www.bellunopress.it\/fr\/wp-json\/wp\/v2\/tags?post=46478"}],"curies":[{"name":"wp","href":"https:\/\/api.w.org\/{rel}","templated":true}]}}