{"id":4646,"date":"2009-06-10T00:52:31","date_gmt":"2009-06-09T23:52:31","guid":{"rendered":"http:\/\/www.bellunopress.it\/?p=4646"},"modified":"2009-06-10T00:52:31","modified_gmt":"2009-06-09T23:52:31","slug":"rachele-sangiuliano-e-la-nuova-regista-delle-pantere-di-conegliano","status":"publish","type":"post","link":"https:\/\/www.bellunopress.it\/fr\/2009\/06\/10\/rachele-sangiuliano-e-la-nuova-regista-delle-pantere-di-conegliano\/","title":{"rendered":"Rachele Sangiuliano \u00e8 la nuova regista delle pantere di Conegliano"},"content":{"rendered":"<figure id=\"attachment_4647\" aria-describedby=\"caption-attachment-4647\" style=\"width: 270px\" class=\"wp-caption alignleft\"><a href=\"http:\/\/www.bellunopress.it\/wp-content\/uploads\/2009\/06\/rachele-sangiuliano-3-leggera.jpg\"><img loading=\"lazy\" decoding=\"async\" class=\"size-medium wp-image-4647\" title=\"rachele-sangiuliano-3-leggera\" src=\"http:\/\/www.bellunopress.it\/wp-content\/uploads\/2009\/06\/rachele-sangiuliano-3-leggera.jpg\" alt=\"Rachele Sangiuliano\" width=\"270\" height=\"202\" \/><\/a><figcaption id=\"caption-attachment-4647\" class=\"wp-caption-text\">Rachele Sangiuliano<\/figcaption><\/figure>\n<p>Rachele Sangiuliano \u00e8 il primo innesto della nuova Zoppas Industries Conegliano, la squadra veneta del volley di A1 femminile. Palleggiatrice, 27 anni, viene da Noventa di Piave, paese della provincia di Venezia che dista a una quarantina di chilometri da Conegliano. Resta veneta, quindi, la regia delle pantere. Cresciuta nel San Don\u00e0, Sangiuliano viene dalla stagione vissuta a Santeramo, mentre l&#8217;anno precedente da alzatrice del Milano sfior\u00f2 la promozione in A1. Nella sua carriera anche la nazionale: \u00e8 stata campionessa del Mondo nel 2002, con la maglia azzurra numero 13. E proprio quel numero ha scelto per l&#8217;esperienza con la Zoppas, iniziata stamattina. Rachele ha partecipato alla seduta d&#8217;allenamento del mattino: tecnica, pesi e un giro in bicicletta nei dintorni di Conegliano. &#8220;Inizio questa nuova avventura con tanto entusiasmo &#8211; \u00e8 il messaggio dell&#8217;atleta all&#8217;ambiente gialloblu &#8211; vorrei tanto giocare una stagione serena e la serenit\u00e0 deriva da un buon lavoro e dall&#8217;ambiente che ti circonda. Penso che Conegliano sia l&#8217;ideale per questo. Il fatto di giocare vicino al mio paese certamente \u00e8 un valore aggiunto, ma non \u00e8 stato decisivo nella decisione&#8221;.<br \/>\nGiovanni Lucchetta spiega cos\u00ec la scelta della Sangiuliano: &#8220;Quando l&#8217;ho incontrata la prima volta non ero molto convinto, non riuscivo a capire bene la sua storia, il suo passato. Quello che mi ha convinto \u00e8 stato che vedevo chiaro in Rachele il desiderio di avere qui una buona opportunit\u00e0. Considero la motivazione e l&#8217;entusiasmo pi\u00f9 importanti del vero talento. La storia ci dir\u00e0 se la scelta \u00e8 stata giusta&#8221;<\/p>","protected":false},"excerpt":{"rendered":"<p>Rachele Sangiuliano \u00e8 il primo innesto della nuova Zoppas Industries Conegliano, la squadra veneta del volley di A1 femminile. Palleggiatrice, 27 anni, viene da Noventa di Piave, paese della provincia di Venezia che dista a una quarantina di chilometri da Conegliano. Resta veneta, quindi, la regia delle pantere. Cresciuta nel San Don\u00e0, Sangiuliano viene dalla [&hellip;]<\/p>\n","protected":false},"author":2,"featured_media":0,"comment_status":"closed","ping_status":"open","sticky":false,"template":"","format":"standard","meta":{"footnotes":""},"categories":[4],"tags":[139],"class_list":["post-4646","post","type-post","status-publish","format-standard","category-sport","tag-belluno"],"yoast_head":"<!-- This site is optimized with the Yoast SEO plugin v28.4 - https:\/\/yoast.com\/product\/yoast-seo-wordpress\/ -->\n<title>Rachele Sangiuliano \u00e8 la nuova regista delle pantere di Conegliano - Bellunopress - Dolomiti<\/title>\n<meta name=\"robots\" content=\"index, follow, max-snippet:-1, max-image-preview:large, max-video-preview:-1\" \/>\n<link rel=\"canonical\" href=\"https:\/\/www.bellunopress.it\/fr\/2009\/06\/10\/rachele-sangiuliano-e-la-nuova-regista-delle-pantere-di-conegliano\/\" \/>\n<meta property=\"og:locale\" content=\"fr_FR\" \/>\n<meta property=\"og:type\" content=\"article\" \/>\n<meta property=\"og:title\" content=\"Rachele Sangiuliano \u00e8 la nuova regista delle pantere di Conegliano - Bellunopress - Dolomiti\" \/>\n<meta property=\"og:description\" content=\"Rachele Sangiuliano \u00e8 il primo innesto della nuova Zoppas Industries Conegliano, la squadra veneta del volley di A1 femminile. Palleggiatrice, 27 anni, viene da Noventa di Piave, paese della provincia di Venezia che dista a una quarantina di chilometri da Conegliano. Resta veneta, quindi, la regia delle pantere. Cresciuta nel San Don\u00e0, Sangiuliano viene dalla [&hellip;]\" \/>\n<meta property=\"og:url\" content=\"https:\/\/www.bellunopress.it\/fr\/2009\/06\/10\/rachele-sangiuliano-e-la-nuova-regista-delle-pantere-di-conegliano\/\" \/>\n<meta property=\"og:site_name\" content=\"Bellunopress - Dolomiti\" \/>\n<meta property=\"article:publisher\" content=\"https:\/\/www.facebook.com\/profile.php?id=100008943462799\" \/>\n<meta property=\"article:published_time\" content=\"2009-06-09T23:52:31+00:00\" \/>\n<meta property=\"og:image\" content=\"http:\/\/www.bellunopress.it\/wp-content\/uploads\/2009\/06\/rachele-sangiuliano-3-leggera.jpg\" \/>\n<meta name=\"author\" content=\"redazione\" \/>\n<meta name=\"twitter:card\" content=\"summary_large_image\" \/>\n<meta name=\"twitter:creator\" content=\"@bellunopress\" \/>\n<meta name=\"twitter:site\" content=\"@bellunopress\" \/>\n<meta name=\"twitter:label1\" content=\"Written by\" \/>\n\t<meta name=\"twitter:data1\" content=\"redazione\" \/>\n\t<meta name=\"twitter:label2\" content=\"Est. reading time\" \/>\n\t<meta name=\"twitter:data2\" content=\"1 minute\" \/>\n<script type=\"application\/ld+json\" class=\"yoast-schema-graph\">{\"@context\":\"https:\\\/\\\/schema.org\",\"@graph\":[{\"@type\":\"Article\",\"@id\":\"https:\\\/\\\/www.bellunopress.it\\\/2009\\\/06\\\/10\\\/rachele-sangiuliano-e-la-nuova-regista-delle-pantere-di-conegliano\\\/#article\",\"isPartOf\":{\"@id\":\"https:\\\/\\\/www.bellunopress.it\\\/2009\\\/06\\\/10\\\/rachele-sangiuliano-e-la-nuova-regista-delle-pantere-di-conegliano\\\/\"},\"author\":{\"name\":\"redazione\",\"@id\":\"https:\\\/\\\/www.bellunopress.it\\\/#\\\/schema\\\/person\\\/79bb06722b37ece1c03d3e94beb30d73\"},\"headline\":\"Rachele Sangiuliano \u00e8 la nuova regista delle pantere di Conegliano\",\"datePublished\":\"2009-06-09T23:52:31+00:00\",\"mainEntityOfPage\":{\"@id\":\"https:\\\/\\\/www.bellunopress.it\\\/2009\\\/06\\\/10\\\/rachele-sangiuliano-e-la-nuova-regista-delle-pantere-di-conegliano\\\/\"},\"wordCount\":270,\"publisher\":{\"@id\":\"https:\\\/\\\/www.bellunopress.it\\\/#organization\"},\"image\":{\"@id\":\"https:\\\/\\\/www.bellunopress.it\\\/2009\\\/06\\\/10\\\/rachele-sangiuliano-e-la-nuova-regista-delle-pantere-di-conegliano\\\/#primaryimage\"},\"thumbnailUrl\":\"http:\\\/\\\/www.bellunopress.it\\\/wp-content\\\/uploads\\\/2009\\\/06\\\/rachele-sangiuliano-3-leggera.jpg\",\"keywords\":[\"Belluno\"],\"articleSection\":[\"Sport, tempo libero\"],\"inLanguage\":\"fr-FR\"},{\"@type\":\"WebPage\",\"@id\":\"https:\\\/\\\/www.bellunopress.it\\\/2009\\\/06\\\/10\\\/rachele-sangiuliano-e-la-nuova-regista-delle-pantere-di-conegliano\\\/\",\"url\":\"https:\\\/\\\/www.bellunopress.it\\\/2009\\\/06\\\/10\\\/rachele-sangiuliano-e-la-nuova-regista-delle-pantere-di-conegliano\\\/\",\"name\":\"Rachele Sangiuliano \u00e8 la nuova regista delle pantere di Conegliano - Bellunopress - Dolomiti\",\"isPartOf\":{\"@id\":\"https:\\\/\\\/www.bellunopress.it\\\/#website\"},\"primaryImageOfPage\":{\"@id\":\"https:\\\/\\\/www.bellunopress.it\\\/2009\\\/06\\\/10\\\/rachele-sangiuliano-e-la-nuova-regista-delle-pantere-di-conegliano\\\/#primaryimage\"},\"image\":{\"@id\":\"https:\\\/\\\/www.bellunopress.it\\\/2009\\\/06\\\/10\\\/rachele-sangiuliano-e-la-nuova-regista-delle-pantere-di-conegliano\\\/#primaryimage\"},\"thumbnailUrl\":\"http:\\\/\\\/www.bellunopress.it\\\/wp-content\\\/uploads\\\/2009\\\/06\\\/rachele-sangiuliano-3-leggera.jpg\",\"datePublished\":\"2009-06-09T23:52:31+00:00\",\"breadcrumb\":{\"@id\":\"https:\\\/\\\/www.bellunopress.it\\\/2009\\\/06\\\/10\\\/rachele-sangiuliano-e-la-nuova-regista-delle-pantere-di-conegliano\\\/#breadcrumb\"},\"inLanguage\":\"fr-FR\",\"potentialAction\":[{\"@type\":\"ReadAction\",\"target\":[\"https:\\\/\\\/www.bellunopress.it\\\/2009\\\/06\\\/10\\\/rachele-sangiuliano-e-la-nuova-regista-delle-pantere-di-conegliano\\\/\"]}]},{\"@type\":\"ImageObject\",\"inLanguage\":\"fr-FR\",\"@id\":\"https:\\\/\\\/www.bellunopress.it\\\/2009\\\/06\\\/10\\\/rachele-sangiuliano-e-la-nuova-regista-delle-pantere-di-conegliano\\\/#primaryimage\",\"url\":\"http:\\\/\\\/www.bellunopress.it\\\/wp-content\\\/uploads\\\/2009\\\/06\\\/rachele-sangiuliano-3-leggera.jpg\",\"contentUrl\":\"http:\\\/\\\/www.bellunopress.it\\\/wp-content\\\/uploads\\\/2009\\\/06\\\/rachele-sangiuliano-3-leggera.jpg\"},{\"@type\":\"BreadcrumbList\",\"@id\":\"https:\\\/\\\/www.bellunopress.it\\\/2009\\\/06\\\/10\\\/rachele-sangiuliano-e-la-nuova-regista-delle-pantere-di-conegliano\\\/#breadcrumb\",\"itemListElement\":[{\"@type\":\"ListItem\",\"position\":1,\"name\":\"Home\",\"item\":\"https:\\\/\\\/www.bellunopress.it\\\/\"},{\"@type\":\"ListItem\",\"position\":2,\"name\":\"Rachele Sangiuliano \u00e8 la nuova regista delle pantere di Conegliano\"}]},{\"@type\":\"WebSite\",\"@id\":\"https:\\\/\\\/www.bellunopress.it\\\/#website\",\"url\":\"https:\\\/\\\/www.bellunopress.it\\\/\",\"name\":\"Bellunopress - Dolomiti\",\"description\":\"e-mail: redazione@bellunopress.it\",\"publisher\":{\"@id\":\"https:\\\/\\\/www.bellunopress.it\\\/#organization\"},\"potentialAction\":[{\"@type\":\"SearchAction\",\"target\":{\"@type\":\"EntryPoint\",\"urlTemplate\":\"https:\\\/\\\/www.bellunopress.it\\\/?s={search_term_string}\"},\"query-input\":{\"@type\":\"PropertyValueSpecification\",\"valueRequired\":true,\"valueName\":\"search_term_string\"}}],\"inLanguage\":\"fr-FR\"},{\"@type\":\"Organization\",\"@id\":\"https:\\\/\\\/www.bellunopress.it\\\/#organization\",\"name\":\"Bellunopress\",\"url\":\"https:\\\/\\\/www.bellunopress.it\\\/\",\"logo\":{\"@type\":\"ImageObject\",\"inLanguage\":\"fr-FR\",\"@id\":\"https:\\\/\\\/www.bellunopress.it\\\/#\\\/schema\\\/logo\\\/image\\\/\",\"url\":\"https:\\\/\\\/www.bellunopress.it\\\/wp-content\\\/uploads\\\/2011\\\/05\\\/cropped-logo-bellunopress-.jpg\",\"contentUrl\":\"https:\\\/\\\/www.bellunopress.it\\\/wp-content\\\/uploads\\\/2011\\\/05\\\/cropped-logo-bellunopress-.jpg\",\"width\":512,\"height\":512,\"caption\":\"Bellunopress\"},\"image\":{\"@id\":\"https:\\\/\\\/www.bellunopress.it\\\/#\\\/schema\\\/logo\\\/image\\\/\"},\"sameAs\":[\"https:\\\/\\\/www.facebook.com\\\/profile.php?id=100008943462799\",\"https:\\\/\\\/x.com\\\/bellunopress\",\"https:\\\/\\\/www.linkedin.com\\\/hp\\\/?dnr=JBzUWaJfMUw8vbXJJ2tVW5-I3jZKvC4wsoxE&amp;amp;amp;amp;amp;amp;trk=nav_responsive_tab_home\",\"https:\\\/\\\/www.youtube.com\\\/channel\\\/UCxL0wu1uN0_3_7hGG0306cw\"]},{\"@type\":\"Person\",\"@id\":\"https:\\\/\\\/www.bellunopress.it\\\/#\\\/schema\\\/person\\\/79bb06722b37ece1c03d3e94beb30d73\",\"name\":\"redazione\",\"image\":{\"@type\":\"ImageObject\",\"inLanguage\":\"fr-FR\",\"@id\":\"https:\\\/\\\/secure.gravatar.com\\\/avatar\\\/37d968a2e67a6fd04c169c4bdef102d0bc5d31b2546345219e348575eb80e9a0?s=96&d=mm&r=g\",\"url\":\"https:\\\/\\\/secure.gravatar.com\\\/avatar\\\/37d968a2e67a6fd04c169c4bdef102d0bc5d31b2546345219e348575eb80e9a0?s=96&d=mm&r=g\",\"contentUrl\":\"https:\\\/\\\/secure.gravatar.com\\\/avatar\\\/37d968a2e67a6fd04c169c4bdef102d0bc5d31b2546345219e348575eb80e9a0?s=96&d=mm&r=g\",\"caption\":\"redazione\"},\"sameAs\":[\"http:\\\/\\\/www.bellunopress.it\",\"https:\\\/\\\/x.com\\\/bellunopress\"],\"url\":\"https:\\\/\\\/www.bellunopress.it\\\/fr\\\/author\\\/redazione\\\/\"}]}<\/script>\n<!-- \/ Yoast SEO plugin. -->","yoast_head_json":{"title":"Rachele Sangiuliano \u00e8 la nuova regista delle pantere di Conegliano - Bellunopress - Dolomiti","robots":{"index":"index","follow":"follow","max-snippet":"max-snippet:-1","max-image-preview":"max-image-preview:large","max-video-preview":"max-video-preview:-1"},"canonical":"https:\/\/www.bellunopress.it\/fr\/2009\/06\/10\/rachele-sangiuliano-e-la-nuova-regista-delle-pantere-di-conegliano\/","og_locale":"fr_FR","og_type":"article","og_title":"Rachele Sangiuliano \u00e8 la nuova regista delle pantere di Conegliano - Bellunopress - Dolomiti","og_description":"Rachele Sangiuliano \u00e8 il primo innesto della nuova Zoppas Industries Conegliano, la squadra veneta del volley di A1 femminile. Palleggiatrice, 27 anni, viene da Noventa di Piave, paese della provincia di Venezia che dista a una quarantina di chilometri da Conegliano. Resta veneta, quindi, la regia delle pantere. Cresciuta nel San Don\u00e0, Sangiuliano viene dalla [&hellip;]","og_url":"https:\/\/www.bellunopress.it\/fr\/2009\/06\/10\/rachele-sangiuliano-e-la-nuova-regista-delle-pantere-di-conegliano\/","og_site_name":"Bellunopress - Dolomiti","article_publisher":"https:\/\/www.facebook.com\/profile.php?id=100008943462799","article_published_time":"2009-06-09T23:52:31+00:00","og_image":[{"url":"http:\/\/www.bellunopress.it\/wp-content\/uploads\/2009\/06\/rachele-sangiuliano-3-leggera.jpg","type":"","width":"","height":""}],"author":"redazione","twitter_card":"summary_large_image","twitter_creator":"@bellunopress","twitter_site":"@bellunopress","twitter_misc":{"Written by":"redazione","Est. reading time":"1 minute"},"schema":{"@context":"https:\/\/schema.org","@graph":[{"@type":"Article","@id":"https:\/\/www.bellunopress.it\/2009\/06\/10\/rachele-sangiuliano-e-la-nuova-regista-delle-pantere-di-conegliano\/#article","isPartOf":{"@id":"https:\/\/www.bellunopress.it\/2009\/06\/10\/rachele-sangiuliano-e-la-nuova-regista-delle-pantere-di-conegliano\/"},"author":{"name":"redazione","@id":"https:\/\/www.bellunopress.it\/#\/schema\/person\/79bb06722b37ece1c03d3e94beb30d73"},"headline":"Rachele Sangiuliano \u00e8 la nuova regista delle pantere di Conegliano","datePublished":"2009-06-09T23:52:31+00:00","mainEntityOfPage":{"@id":"https:\/\/www.bellunopress.it\/2009\/06\/10\/rachele-sangiuliano-e-la-nuova-regista-delle-pantere-di-conegliano\/"},"wordCount":270,"publisher":{"@id":"https:\/\/www.bellunopress.it\/#organization"},"image":{"@id":"https:\/\/www.bellunopress.it\/2009\/06\/10\/rachele-sangiuliano-e-la-nuova-regista-delle-pantere-di-conegliano\/#primaryimage"},"thumbnailUrl":"http:\/\/www.bellunopress.it\/wp-content\/uploads\/2009\/06\/rachele-sangiuliano-3-leggera.jpg","keywords":["Belluno"],"articleSection":["Sport, tempo libero"],"inLanguage":"fr-FR"},{"@type":"WebPage","@id":"https:\/\/www.bellunopress.it\/2009\/06\/10\/rachele-sangiuliano-e-la-nuova-regista-delle-pantere-di-conegliano\/","url":"https:\/\/www.bellunopress.it\/2009\/06\/10\/rachele-sangiuliano-e-la-nuova-regista-delle-pantere-di-conegliano\/","name":"Rachele Sangiuliano \u00e8 la nuova regista delle pantere di Conegliano - Bellunopress - Dolomiti","isPartOf":{"@id":"https:\/\/www.bellunopress.it\/#website"},"primaryImageOfPage":{"@id":"https:\/\/www.bellunopress.it\/2009\/06\/10\/rachele-sangiuliano-e-la-nuova-regista-delle-pantere-di-conegliano\/#primaryimage"},"image":{"@id":"https:\/\/www.bellunopress.it\/2009\/06\/10\/rachele-sangiuliano-e-la-nuova-regista-delle-pantere-di-conegliano\/#primaryimage"},"thumbnailUrl":"http:\/\/www.bellunopress.it\/wp-content\/uploads\/2009\/06\/rachele-sangiuliano-3-leggera.jpg","datePublished":"2009-06-09T23:52:31+00:00","breadcrumb":{"@id":"https:\/\/www.bellunopress.it\/2009\/06\/10\/rachele-sangiuliano-e-la-nuova-regista-delle-pantere-di-conegliano\/#breadcrumb"},"inLanguage":"fr-FR","potentialAction":[{"@type":"ReadAction","target":["https:\/\/www.bellunopress.it\/2009\/06\/10\/rachele-sangiuliano-e-la-nuova-regista-delle-pantere-di-conegliano\/"]}]},{"@type":"ImageObject","inLanguage":"fr-FR","@id":"https:\/\/www.bellunopress.it\/2009\/06\/10\/rachele-sangiuliano-e-la-nuova-regista-delle-pantere-di-conegliano\/#primaryimage","url":"http:\/\/www.bellunopress.it\/wp-content\/uploads\/2009\/06\/rachele-sangiuliano-3-leggera.jpg","contentUrl":"http:\/\/www.bellunopress.it\/wp-content\/uploads\/2009\/06\/rachele-sangiuliano-3-leggera.jpg"},{"@type":"BreadcrumbList","@id":"https:\/\/www.bellunopress.it\/2009\/06\/10\/rachele-sangiuliano-e-la-nuova-regista-delle-pantere-di-conegliano\/#breadcrumb","itemListElement":[{"@type":"ListItem","position":1,"name":"Home","item":"https:\/\/www.bellunopress.it\/"},{"@type":"ListItem","position":2,"name":"Rachele Sangiuliano \u00e8 la nuova regista delle pantere di Conegliano"}]},{"@type":"WebSite","@id":"https:\/\/www.bellunopress.it\/#website","url":"https:\/\/www.bellunopress.it\/","name":"Bellunopress - Dolomiti","description":"e-mail: redazione@bellunopress.it","publisher":{"@id":"https:\/\/www.bellunopress.it\/#organization"},"potentialAction":[{"@type":"SearchAction","target":{"@type":"EntryPoint","urlTemplate":"https:\/\/www.bellunopress.it\/?s={search_term_string}"},"query-input":{"@type":"PropertyValueSpecification","valueRequired":true,"valueName":"search_term_string"}}],"inLanguage":"fr-FR"},{"@type":"Organization","@id":"https:\/\/www.bellunopress.it\/#organization","name":"Bellunopress","url":"https:\/\/www.bellunopress.it\/","logo":{"@type":"ImageObject","inLanguage":"fr-FR","@id":"https:\/\/www.bellunopress.it\/#\/schema\/logo\/image\/","url":"https:\/\/www.bellunopress.it\/wp-content\/uploads\/2011\/05\/cropped-logo-bellunopress-.jpg","contentUrl":"https:\/\/www.bellunopress.it\/wp-content\/uploads\/2011\/05\/cropped-logo-bellunopress-.jpg","width":512,"height":512,"caption":"Bellunopress"},"image":{"@id":"https:\/\/www.bellunopress.it\/#\/schema\/logo\/image\/"},"sameAs":["https:\/\/www.facebook.com\/profile.php?id=100008943462799","https:\/\/x.com\/bellunopress","https:\/\/www.linkedin.com\/hp\/?dnr=JBzUWaJfMUw8vbXJJ2tVW5-I3jZKvC4wsoxE&amp;amp;amp;amp;amp;amp;trk=nav_responsive_tab_home","https:\/\/www.youtube.com\/channel\/UCxL0wu1uN0_3_7hGG0306cw"]},{"@type":"Person","@id":"https:\/\/www.bellunopress.it\/#\/schema\/person\/79bb06722b37ece1c03d3e94beb30d73","name":"r\u00e9daction","image":{"@type":"ImageObject","inLanguage":"fr-FR","@id":"https:\/\/secure.gravatar.com\/avatar\/37d968a2e67a6fd04c169c4bdef102d0bc5d31b2546345219e348575eb80e9a0?s=96&d=mm&r=g","url":"https:\/\/secure.gravatar.com\/avatar\/37d968a2e67a6fd04c169c4bdef102d0bc5d31b2546345219e348575eb80e9a0?s=96&d=mm&r=g","contentUrl":"https:\/\/secure.gravatar.com\/avatar\/37d968a2e67a6fd04c169c4bdef102d0bc5d31b2546345219e348575eb80e9a0?s=96&d=mm&r=g","caption":"redazione"},"sameAs":["http:\/\/www.bellunopress.it","https:\/\/x.com\/bellunopress"],"url":"https:\/\/www.bellunopress.it\/fr\/author\/redazione\/"}]}},"_links":{"self":[{"href":"https:\/\/www.bellunopress.it\/fr\/wp-json\/wp\/v2\/posts\/4646","targetHints":{"allow":["GET"]}}],"collection":[{"href":"https:\/\/www.bellunopress.it\/fr\/wp-json\/wp\/v2\/posts"}],"about":[{"href":"https:\/\/www.bellunopress.it\/fr\/wp-json\/wp\/v2\/types\/post"}],"author":[{"embeddable":true,"href":"https:\/\/www.bellunopress.it\/fr\/wp-json\/wp\/v2\/users\/2"}],"replies":[{"embeddable":true,"href":"https:\/\/www.bellunopress.it\/fr\/wp-json\/wp\/v2\/comments?post=4646"}],"version-history":[{"count":1,"href":"https:\/\/www.bellunopress.it\/fr\/wp-json\/wp\/v2\/posts\/4646\/revisions"}],"predecessor-version":[{"id":4648,"href":"https:\/\/www.bellunopress.it\/fr\/wp-json\/wp\/v2\/posts\/4646\/revisions\/4648"}],"wp:attachment":[{"href":"https:\/\/www.bellunopress.it\/fr\/wp-json\/wp\/v2\/media?parent=4646"}],"wp:term":[{"taxonomy":"category","embeddable":true,"href":"https:\/\/www.bellunopress.it\/fr\/wp-json\/wp\/v2\/categories?post=4646"},{"taxonomy":"post_tag","embeddable":true,"href":"https:\/\/www.bellunopress.it\/fr\/wp-json\/wp\/v2\/tags?post=4646"}],"curies":[{"name":"wp","href":"https:\/\/api.w.org\/{rel}","templated":true}]}}