{"id":46449,"date":"2013-02-04T17:49:10","date_gmt":"2013-02-04T16:49:10","guid":{"rendered":"http:\/\/www.bellunopress.it\/?p=46449"},"modified":"2013-02-06T20:50:06","modified_gmt":"2013-02-06T19:50:06","slug":"mercoledi-a-villapaiera-lincontro-con-il-comitato-feltre-in-trentino","status":"publish","type":"post","link":"https:\/\/www.bellunopress.it\/fr\/2013\/02\/04\/mercoledi-a-villapaiera-lincontro-con-il-comitato-feltre-in-trentino\/","title":{"rendered":"Mercoled\u00ec a Villapaiera l&#8217;incontro con il Comitato Feltre in Trentino"},"content":{"rendered":"<p>Il Comitato per il SI\u00a0Feltre in Trentino per la Regione Dolomiti organizza per\u00a0mercoled\u00ec 6 febbraio a Villapaiera , Casel di Villapaiera ore 20.30 il nuovo incontro con la popolazione.<\/p>\n<p>&#8220;I cittadini possono andare a votare nei consueti seggi elettorali &#8211; ricorda il referente del Comitato Andrea Bona &#8211; \u00a0\u00a0Feltre deve tornare al suo ruolo centrale di citt\u00e0 che rappresenta non solo se stessa, ma tutto il Feltrino, cos\u00ec come dei territori trentini che gi\u00e0 serve con il proprio ospedale, scuole e servizi. Per difenderli dobbiamo stare con chi ha a cuore prima di tutto gli interessi della montagna e dei suoi abitanti.<\/p>\n<p>Non avremo altre occasioni cos\u00ec importanti e profonde per alzare la testa e portare gli interessi di Feltre e del Feltrino all&#8217;attenzione nazionale. La scelta libera e democratica dei Feltrini, crediamo, questa volta far\u00e0 la differenza&#8221;.<\/p>","protected":false},"excerpt":{"rendered":"<p>Il Comitato per il SI\u00a0Feltre in Trentino per la Regione Dolomiti organizza per\u00a0mercoled\u00ec 6 febbraio a Villapaiera , Casel di Villapaiera ore 20.30 il nuovo incontro con la popolazione. &#8220;I cittadini possono andare a votare nei consueti seggi elettorali &#8211; ricorda il referente del Comitato Andrea Bona &#8211; \u00a0\u00a0Feltre deve tornare al suo ruolo centrale [&hellip;]<\/p>\n","protected":false},"author":2,"featured_media":0,"comment_status":"closed","ping_status":"open","sticky":false,"template":"","format":"standard","meta":{"footnotes":""},"categories":[27,25],"tags":[],"class_list":["post-46449","post","type-post","status-publish","format-standard","category-appuntamenti","category-pausa-caffe"],"yoast_head":"<!-- This site is optimized with the Yoast SEO plugin v28.4 - https:\/\/yoast.com\/product\/yoast-seo-wordpress\/ -->\n<title>Mercoled\u00ec a Villapaiera l&#039;incontro con il Comitato Feltre in Trentino - Bellunopress - Dolomiti<\/title>\n<meta name=\"robots\" content=\"index, follow, max-snippet:-1, max-image-preview:large, max-video-preview:-1\" \/>\n<link rel=\"canonical\" href=\"https:\/\/www.bellunopress.it\/fr\/2013\/02\/04\/mercoledi-a-villapaiera-lincontro-con-il-comitato-feltre-in-trentino\/\" \/>\n<meta property=\"og:locale\" content=\"fr_FR\" \/>\n<meta property=\"og:type\" content=\"article\" \/>\n<meta property=\"og:title\" content=\"Mercoled\u00ec a Villapaiera l&#039;incontro con il Comitato Feltre in Trentino - Bellunopress - Dolomiti\" \/>\n<meta property=\"og:description\" content=\"Il Comitato per il SI\u00a0Feltre in Trentino per la Regione Dolomiti organizza per\u00a0mercoled\u00ec 6 febbraio a Villapaiera , Casel di Villapaiera ore 20.30 il nuovo incontro con la popolazione. &#8220;I cittadini possono andare a votare nei consueti seggi elettorali &#8211; ricorda il referente del Comitato Andrea Bona &#8211; \u00a0\u00a0Feltre deve tornare al suo ruolo centrale [&hellip;]\" \/>\n<meta property=\"og:url\" content=\"https:\/\/www.bellunopress.it\/fr\/2013\/02\/04\/mercoledi-a-villapaiera-lincontro-con-il-comitato-feltre-in-trentino\/\" \/>\n<meta property=\"og:site_name\" content=\"Bellunopress - Dolomiti\" \/>\n<meta property=\"article:publisher\" content=\"https:\/\/www.facebook.com\/profile.php?id=100008943462799\" \/>\n<meta property=\"article:published_time\" content=\"2013-02-04T16:49:10+00:00\" \/>\n<meta property=\"article:modified_time\" content=\"2013-02-06T19:50:06+00:00\" \/>\n<meta property=\"og:image\" content=\"http:\/\/www.bellunopress.it\/wp-content\/uploads\/2012\/07\/logo-bellunopress-250x250-2012.jpg\" \/>\n<meta name=\"author\" content=\"redazione\" \/>\n<meta name=\"twitter:card\" content=\"summary_large_image\" \/>\n<meta name=\"twitter:creator\" content=\"@bellunopress\" \/>\n<meta name=\"twitter:site\" content=\"@bellunopress\" \/>\n<meta name=\"twitter:label1\" content=\"\u00c9crit par\" \/>\n\t<meta name=\"twitter:data1\" content=\"redazione\" \/>\n\t<meta name=\"twitter:label2\" content=\"Dur\u00e9e de lecture estim\u00e9e\" \/>\n\t<meta name=\"twitter:data2\" content=\"1 minute\" \/>\n<script type=\"application\/ld+json\" class=\"yoast-schema-graph\">{\"@context\":\"https:\\\/\\\/schema.org\",\"@graph\":[{\"@type\":\"Article\",\"@id\":\"https:\\\/\\\/www.bellunopress.it\\\/2013\\\/02\\\/04\\\/mercoledi-a-villapaiera-lincontro-con-il-comitato-feltre-in-trentino\\\/#article\",\"isPartOf\":{\"@id\":\"https:\\\/\\\/www.bellunopress.it\\\/2013\\\/02\\\/04\\\/mercoledi-a-villapaiera-lincontro-con-il-comitato-feltre-in-trentino\\\/\"},\"author\":{\"name\":\"redazione\",\"@id\":\"https:\\\/\\\/www.bellunopress.it\\\/#\\\/schema\\\/person\\\/79bb06722b37ece1c03d3e94beb30d73\"},\"headline\":\"Mercoled\u00ec a Villapaiera l&#8217;incontro con il Comitato Feltre in Trentino\",\"datePublished\":\"2013-02-04T16:49:10+00:00\",\"dateModified\":\"2013-02-06T19:50:06+00:00\",\"mainEntityOfPage\":{\"@id\":\"https:\\\/\\\/www.bellunopress.it\\\/2013\\\/02\\\/04\\\/mercoledi-a-villapaiera-lincontro-con-il-comitato-feltre-in-trentino\\\/\"},\"wordCount\":149,\"publisher\":{\"@id\":\"https:\\\/\\\/www.bellunopress.it\\\/#organization\"},\"articleSection\":[\"Appuntamenti, Eventi\",\"Pausa Caff\u00e8\"],\"inLanguage\":\"fr-FR\"},{\"@type\":\"WebPage\",\"@id\":\"https:\\\/\\\/www.bellunopress.it\\\/2013\\\/02\\\/04\\\/mercoledi-a-villapaiera-lincontro-con-il-comitato-feltre-in-trentino\\\/\",\"url\":\"https:\\\/\\\/www.bellunopress.it\\\/2013\\\/02\\\/04\\\/mercoledi-a-villapaiera-lincontro-con-il-comitato-feltre-in-trentino\\\/\",\"name\":\"Mercoled\u00ec a Villapaiera l'incontro con il Comitato Feltre in Trentino - Bellunopress - Dolomiti\",\"isPartOf\":{\"@id\":\"https:\\\/\\\/www.bellunopress.it\\\/#website\"},\"datePublished\":\"2013-02-04T16:49:10+00:00\",\"dateModified\":\"2013-02-06T19:50:06+00:00\",\"breadcrumb\":{\"@id\":\"https:\\\/\\\/www.bellunopress.it\\\/2013\\\/02\\\/04\\\/mercoledi-a-villapaiera-lincontro-con-il-comitato-feltre-in-trentino\\\/#breadcrumb\"},\"inLanguage\":\"fr-FR\",\"potentialAction\":[{\"@type\":\"ReadAction\",\"target\":[\"https:\\\/\\\/www.bellunopress.it\\\/2013\\\/02\\\/04\\\/mercoledi-a-villapaiera-lincontro-con-il-comitato-feltre-in-trentino\\\/\"]}]},{\"@type\":\"BreadcrumbList\",\"@id\":\"https:\\\/\\\/www.bellunopress.it\\\/2013\\\/02\\\/04\\\/mercoledi-a-villapaiera-lincontro-con-il-comitato-feltre-in-trentino\\\/#breadcrumb\",\"itemListElement\":[{\"@type\":\"ListItem\",\"position\":1,\"name\":\"Home\",\"item\":\"https:\\\/\\\/www.bellunopress.it\\\/\"},{\"@type\":\"ListItem\",\"position\":2,\"name\":\"Mercoled\u00ec a Villapaiera l&#8217;incontro con il Comitato Feltre in Trentino\"}]},{\"@type\":\"WebSite\",\"@id\":\"https:\\\/\\\/www.bellunopress.it\\\/#website\",\"url\":\"https:\\\/\\\/www.bellunopress.it\\\/\",\"name\":\"Bellunopress - Dolomiti\",\"description\":\"e-mail: redazione@bellunopress.it\",\"publisher\":{\"@id\":\"https:\\\/\\\/www.bellunopress.it\\\/#organization\"},\"potentialAction\":[{\"@type\":\"SearchAction\",\"target\":{\"@type\":\"EntryPoint\",\"urlTemplate\":\"https:\\\/\\\/www.bellunopress.it\\\/?s={search_term_string}\"},\"query-input\":{\"@type\":\"PropertyValueSpecification\",\"valueRequired\":true,\"valueName\":\"search_term_string\"}}],\"inLanguage\":\"fr-FR\"},{\"@type\":\"Organization\",\"@id\":\"https:\\\/\\\/www.bellunopress.it\\\/#organization\",\"name\":\"Bellunopress\",\"url\":\"https:\\\/\\\/www.bellunopress.it\\\/\",\"logo\":{\"@type\":\"ImageObject\",\"inLanguage\":\"fr-FR\",\"@id\":\"https:\\\/\\\/www.bellunopress.it\\\/#\\\/schema\\\/logo\\\/image\\\/\",\"url\":\"https:\\\/\\\/www.bellunopress.it\\\/wp-content\\\/uploads\\\/2011\\\/05\\\/cropped-logo-bellunopress-.jpg\",\"contentUrl\":\"https:\\\/\\\/www.bellunopress.it\\\/wp-content\\\/uploads\\\/2011\\\/05\\\/cropped-logo-bellunopress-.jpg\",\"width\":512,\"height\":512,\"caption\":\"Bellunopress\"},\"image\":{\"@id\":\"https:\\\/\\\/www.bellunopress.it\\\/#\\\/schema\\\/logo\\\/image\\\/\"},\"sameAs\":[\"https:\\\/\\\/www.facebook.com\\\/profile.php?id=100008943462799\",\"https:\\\/\\\/x.com\\\/bellunopress\",\"https:\\\/\\\/www.linkedin.com\\\/hp\\\/?dnr=JBzUWaJfMUw8vbXJJ2tVW5-I3jZKvC4wsoxE&amp;amp;amp;amp;amp;amp;trk=nav_responsive_tab_home\",\"https:\\\/\\\/www.youtube.com\\\/channel\\\/UCxL0wu1uN0_3_7hGG0306cw\"]},{\"@type\":\"Person\",\"@id\":\"https:\\\/\\\/www.bellunopress.it\\\/#\\\/schema\\\/person\\\/79bb06722b37ece1c03d3e94beb30d73\",\"name\":\"redazione\",\"image\":{\"@type\":\"ImageObject\",\"inLanguage\":\"fr-FR\",\"@id\":\"https:\\\/\\\/secure.gravatar.com\\\/avatar\\\/37d968a2e67a6fd04c169c4bdef102d0bc5d31b2546345219e348575eb80e9a0?s=96&d=mm&r=g\",\"url\":\"https:\\\/\\\/secure.gravatar.com\\\/avatar\\\/37d968a2e67a6fd04c169c4bdef102d0bc5d31b2546345219e348575eb80e9a0?s=96&d=mm&r=g\",\"contentUrl\":\"https:\\\/\\\/secure.gravatar.com\\\/avatar\\\/37d968a2e67a6fd04c169c4bdef102d0bc5d31b2546345219e348575eb80e9a0?s=96&d=mm&r=g\",\"caption\":\"redazione\"},\"sameAs\":[\"http:\\\/\\\/www.bellunopress.it\",\"https:\\\/\\\/x.com\\\/bellunopress\"],\"url\":\"https:\\\/\\\/www.bellunopress.it\\\/fr\\\/author\\\/redazione\\\/\"}]}<\/script>\n<!-- \/ Yoast SEO plugin. -->","yoast_head_json":{"title":"Mercoled\u00ec a Villapaiera l'incontro con il Comitato Feltre in Trentino - Bellunopress - Dolomiti","robots":{"index":"index","follow":"follow","max-snippet":"max-snippet:-1","max-image-preview":"max-image-preview:large","max-video-preview":"max-video-preview:-1"},"canonical":"https:\/\/www.bellunopress.it\/fr\/2013\/02\/04\/mercoledi-a-villapaiera-lincontro-con-il-comitato-feltre-in-trentino\/","og_locale":"fr_FR","og_type":"article","og_title":"Mercoled\u00ec a Villapaiera l'incontro con il Comitato Feltre in Trentino - Bellunopress - Dolomiti","og_description":"Il Comitato per il SI\u00a0Feltre in Trentino per la Regione Dolomiti organizza per\u00a0mercoled\u00ec 6 febbraio a Villapaiera , Casel di Villapaiera ore 20.30 il nuovo incontro con la popolazione. &#8220;I cittadini possono andare a votare nei consueti seggi elettorali &#8211; ricorda il referente del Comitato Andrea Bona &#8211; \u00a0\u00a0Feltre deve tornare al suo ruolo centrale [&hellip;]","og_url":"https:\/\/www.bellunopress.it\/fr\/2013\/02\/04\/mercoledi-a-villapaiera-lincontro-con-il-comitato-feltre-in-trentino\/","og_site_name":"Bellunopress - Dolomiti","article_publisher":"https:\/\/www.facebook.com\/profile.php?id=100008943462799","article_published_time":"2013-02-04T16:49:10+00:00","article_modified_time":"2013-02-06T19:50:06+00:00","og_image":[{"url":"http:\/\/www.bellunopress.it\/wp-content\/uploads\/2012\/07\/logo-bellunopress-250x250-2012.jpg","type":"","width":"","height":""}],"author":"redazione","twitter_card":"summary_large_image","twitter_creator":"@bellunopress","twitter_site":"@bellunopress","twitter_misc":{"\u00c9crit par":"redazione","Dur\u00e9e de lecture estim\u00e9e":"1 minute"},"schema":{"@context":"https:\/\/schema.org","@graph":[{"@type":"Article","@id":"https:\/\/www.bellunopress.it\/2013\/02\/04\/mercoledi-a-villapaiera-lincontro-con-il-comitato-feltre-in-trentino\/#article","isPartOf":{"@id":"https:\/\/www.bellunopress.it\/2013\/02\/04\/mercoledi-a-villapaiera-lincontro-con-il-comitato-feltre-in-trentino\/"},"author":{"name":"redazione","@id":"https:\/\/www.bellunopress.it\/#\/schema\/person\/79bb06722b37ece1c03d3e94beb30d73"},"headline":"Mercoled\u00ec a Villapaiera l&#8217;incontro con il Comitato Feltre in Trentino","datePublished":"2013-02-04T16:49:10+00:00","dateModified":"2013-02-06T19:50:06+00:00","mainEntityOfPage":{"@id":"https:\/\/www.bellunopress.it\/2013\/02\/04\/mercoledi-a-villapaiera-lincontro-con-il-comitato-feltre-in-trentino\/"},"wordCount":149,"publisher":{"@id":"https:\/\/www.bellunopress.it\/#organization"},"articleSection":["Appuntamenti, Eventi","Pausa Caff\u00e8"],"inLanguage":"fr-FR"},{"@type":"WebPage","@id":"https:\/\/www.bellunopress.it\/2013\/02\/04\/mercoledi-a-villapaiera-lincontro-con-il-comitato-feltre-in-trentino\/","url":"https:\/\/www.bellunopress.it\/2013\/02\/04\/mercoledi-a-villapaiera-lincontro-con-il-comitato-feltre-in-trentino\/","name":"Mercoled\u00ec a Villapaiera l'incontro con il Comitato Feltre in Trentino - Bellunopress - Dolomiti","isPartOf":{"@id":"https:\/\/www.bellunopress.it\/#website"},"datePublished":"2013-02-04T16:49:10+00:00","dateModified":"2013-02-06T19:50:06+00:00","breadcrumb":{"@id":"https:\/\/www.bellunopress.it\/2013\/02\/04\/mercoledi-a-villapaiera-lincontro-con-il-comitato-feltre-in-trentino\/#breadcrumb"},"inLanguage":"fr-FR","potentialAction":[{"@type":"ReadAction","target":["https:\/\/www.bellunopress.it\/2013\/02\/04\/mercoledi-a-villapaiera-lincontro-con-il-comitato-feltre-in-trentino\/"]}]},{"@type":"BreadcrumbList","@id":"https:\/\/www.bellunopress.it\/2013\/02\/04\/mercoledi-a-villapaiera-lincontro-con-il-comitato-feltre-in-trentino\/#breadcrumb","itemListElement":[{"@type":"ListItem","position":1,"name":"Home","item":"https:\/\/www.bellunopress.it\/"},{"@type":"ListItem","position":2,"name":"Mercoled\u00ec a Villapaiera l&#8217;incontro con il Comitato Feltre in Trentino"}]},{"@type":"WebSite","@id":"https:\/\/www.bellunopress.it\/#website","url":"https:\/\/www.bellunopress.it\/","name":"Bellunopress - Dolomiti","description":"e-mail: redazione@bellunopress.it","publisher":{"@id":"https:\/\/www.bellunopress.it\/#organization"},"potentialAction":[{"@type":"SearchAction","target":{"@type":"EntryPoint","urlTemplate":"https:\/\/www.bellunopress.it\/?s={search_term_string}"},"query-input":{"@type":"PropertyValueSpecification","valueRequired":true,"valueName":"search_term_string"}}],"inLanguage":"fr-FR"},{"@type":"Organization","@id":"https:\/\/www.bellunopress.it\/#organization","name":"Bellunopress","url":"https:\/\/www.bellunopress.it\/","logo":{"@type":"ImageObject","inLanguage":"fr-FR","@id":"https:\/\/www.bellunopress.it\/#\/schema\/logo\/image\/","url":"https:\/\/www.bellunopress.it\/wp-content\/uploads\/2011\/05\/cropped-logo-bellunopress-.jpg","contentUrl":"https:\/\/www.bellunopress.it\/wp-content\/uploads\/2011\/05\/cropped-logo-bellunopress-.jpg","width":512,"height":512,"caption":"Bellunopress"},"image":{"@id":"https:\/\/www.bellunopress.it\/#\/schema\/logo\/image\/"},"sameAs":["https:\/\/www.facebook.com\/profile.php?id=100008943462799","https:\/\/x.com\/bellunopress","https:\/\/www.linkedin.com\/hp\/?dnr=JBzUWaJfMUw8vbXJJ2tVW5-I3jZKvC4wsoxE&amp;amp;amp;amp;amp;amp;trk=nav_responsive_tab_home","https:\/\/www.youtube.com\/channel\/UCxL0wu1uN0_3_7hGG0306cw"]},{"@type":"Person","@id":"https:\/\/www.bellunopress.it\/#\/schema\/person\/79bb06722b37ece1c03d3e94beb30d73","name":"r\u00e9daction","image":{"@type":"ImageObject","inLanguage":"fr-FR","@id":"https:\/\/secure.gravatar.com\/avatar\/37d968a2e67a6fd04c169c4bdef102d0bc5d31b2546345219e348575eb80e9a0?s=96&d=mm&r=g","url":"https:\/\/secure.gravatar.com\/avatar\/37d968a2e67a6fd04c169c4bdef102d0bc5d31b2546345219e348575eb80e9a0?s=96&d=mm&r=g","contentUrl":"https:\/\/secure.gravatar.com\/avatar\/37d968a2e67a6fd04c169c4bdef102d0bc5d31b2546345219e348575eb80e9a0?s=96&d=mm&r=g","caption":"redazione"},"sameAs":["http:\/\/www.bellunopress.it","https:\/\/x.com\/bellunopress"],"url":"https:\/\/www.bellunopress.it\/fr\/author\/redazione\/"}]}},"_links":{"self":[{"href":"https:\/\/www.bellunopress.it\/fr\/wp-json\/wp\/v2\/posts\/46449","targetHints":{"allow":["GET"]}}],"collection":[{"href":"https:\/\/www.bellunopress.it\/fr\/wp-json\/wp\/v2\/posts"}],"about":[{"href":"https:\/\/www.bellunopress.it\/fr\/wp-json\/wp\/v2\/types\/post"}],"author":[{"embeddable":true,"href":"https:\/\/www.bellunopress.it\/fr\/wp-json\/wp\/v2\/users\/2"}],"replies":[{"embeddable":true,"href":"https:\/\/www.bellunopress.it\/fr\/wp-json\/wp\/v2\/comments?post=46449"}],"version-history":[{"count":2,"href":"https:\/\/www.bellunopress.it\/fr\/wp-json\/wp\/v2\/posts\/46449\/revisions"}],"predecessor-version":[{"id":46482,"href":"https:\/\/www.bellunopress.it\/fr\/wp-json\/wp\/v2\/posts\/46449\/revisions\/46482"}],"wp:attachment":[{"href":"https:\/\/www.bellunopress.it\/fr\/wp-json\/wp\/v2\/media?parent=46449"}],"wp:term":[{"taxonomy":"category","embeddable":true,"href":"https:\/\/www.bellunopress.it\/fr\/wp-json\/wp\/v2\/categories?post=46449"},{"taxonomy":"post_tag","embeddable":true,"href":"https:\/\/www.bellunopress.it\/fr\/wp-json\/wp\/v2\/tags?post=46449"}],"curies":[{"name":"wp","href":"https:\/\/api.w.org\/{rel}","templated":true}]}}