{"id":46447,"date":"2013-02-05T15:33:48","date_gmt":"2013-02-05T14:33:48","guid":{"rendered":"http:\/\/www.bellunopress.it\/?p=46447"},"modified":"2013-02-05T22:36:01","modified_gmt":"2013-02-05T21:36:01","slug":"in-diecimila-al-carnevale-di-sedico-che-prosegue-il-prossimo-fine-settimana","status":"publish","type":"post","link":"https:\/\/www.bellunopress.it\/fr\/2013\/02\/05\/in-diecimila-al-carnevale-di-sedico-che-prosegue-il-prossimo-fine-settimana\/","title":{"rendered":"In diecimila al carnevale di Sedico, che prosegue il prossimo fine settimana"},"content":{"rendered":"<p><a href=\"http:\/\/www.bellunopress.it\/wp-content\/uploads\/2013\/01\/carnevale-sedico.jpg\"><img loading=\"lazy\" decoding=\"async\" class=\"alignleft size-full wp-image-46107\" alt=\"carnevale sedico\" src=\"http:\/\/www.bellunopress.it\/wp-content\/uploads\/2013\/01\/carnevale-sedico.jpg\" width=\"290\" height=\"217\" \/><\/a>Tra le ottomila e le diecimila persone hanno assiepato domenica scorsa le strade del centro storico e Piazza della Vittoria per una splendida e limpidissima giornata di sole che ha salutato il Carnevale dei bambini, organizzato dalla Pro Loco, dal comitato carristi e dal gruppo Giardini. \u201cE\u2019 stato un pomeriggio straordinario \u2013hanno commentato gli organizzatori- da anni non si vedeva tanta gente assiepata lungo le strade del centro per assistere alla manifestazione\u201d. Insomma, c\u2019\u00e8 una grande soddisfazione per come sta andando l\u2019edizione 2013 del Carnevale di Sedico, che sta regalando il tutto esaurito a tutti gli eventi che si sono svolti finora all\u2019interno del ricchissimo programma della manifestazione; ed il successo di domenica \u00e8 reso ancora pi\u00f9 importante, stante anche la concomitanza con molte altre manifestazioni carnascialesche vicine. Ma per tornare alla cronaca, i protagonisti assoluti sono stati i bambini e le famiglie, che hanno animato in un turbinio di colori questa festa: ad aprire la sfilata ci sono stati i carri ed i gruppi mascherati che sono stati preparati, con tanto impegno e fantasia, dalle scuole del paese che, da anni, sono impegnate a cercare di trasmettere la passione per questa tradizione alle giovani generazioni. Il primo carro che ha sfilato \u00e8 stato quello della scuola dell\u2019infanzia di Roe, che ha presentato \u201cAnimali in festa\u201d, un\u2019allegra fattoria di animaletti, accompagnati da insegnanti e genitori travestiti da contadini. Quindi, la scuola dell\u2019infanzia \u201cdon Modesto Sorio\u201d di Bribano, in collaborazione con il comitato carristi ed il gruppo degli Incredibili, ha proposto \u201cLa scuola di mago Pancione\u201d, una coloratissima realizzazione con un gruppo di simpatici maghi pronti a trasformare in leccornie tutto quello che toccavano con la loro bacchetta magica. Quindi, l\u2019asilo nido \u201cC\u00e0 Gioiosa\u201d di Sedico ha proposto la storia de \u201cIl gabbiano Joe\u201d, con bambini e genitori insieme travestiti per un bellissimo giorno di festa, a sottolineare l\u2019importanza per la scuola di partecipare a questo momento gioioso, ma con uno sfondo davvero significativo. Quindi, a chiudere la parata delle scuole, la scuola dell\u2019infanzia \u201cCollodi\u201d di Sedico con \u201cGirotondo degli animali\u201d, un foltissimo gruppo di bambini accompagnati dalle insegnanti, ogni sezione travestita da animale diverso. In tutto, si calcola che tra bambini e genitori figuranti abbiano sfilato in circa quattrocento. Ma il pomeriggio non si \u00e8 chiuso qui, perch\u00e9 sul palco di piazza della Vittoria oltre trecento bambini hanno avuto la possibilit\u00e0, con la tradizionale passerella, di far ammirare il proprio costume, premiati dalla presentatrice Cristina e da Miss Carnevale di Sedico. Quindi, i mastodontici capolavori di cartapesta dei carri di casa hanno fatto un giro di piazza, per farsi ammirare anche questa domenica dal numeroso pubblico: per primi hanno sfilato gli Amici del Carnevale con \u201cI veri pagliacci non siamo noi\u201d, quindi i Bociase con \u201cVoliamo a Rio\u201d ed a chiudere il gruppo Roe con \u201cVolete lasciarci almeno le mutande?\u201d<\/p>\n<p>Ed ora il programma del Carnevale di Sedico continuer\u00e0 nel prossimo fine settimana.<\/p>\n<p>Sabato 9 febbraio, alle 20,30 nel salone della casa della dottrina la compagnia \u201cInstabile\u201d del don Bosco di Belluno presenter\u00e0 \u201cIl penultimo scalino\u201d, commedia in tre atti di Samy Fayad. E\u2019 la storia di un personaggio continuamente vittima di frustrazioni e quando gli si presenta l\u2019occasione di avere a portata di mano la ricchezza, la dolce vita, l\u2019amore, cambia il carattere e comincia a farsi prepotente e capriccioso. E\u2019 un personaggio che racchiude in s\u00e9 tutti i tratti caricaturali della nostra umanit\u00e0 e per questo suscita sorriso per le nostre imperfezioni.<\/p>\n<p>Domenica 10 febbraio, poi, con inizio alle 14 in piazza della Vittoria, grandioso ultimo corso mascherato del Carnevale di Sedico: ad aprire la sfilata, ci sar\u00e0 la partecipazione della Music Show Band e Majorettes di Prata di Pordenone. Inoltre, sar\u00e0 una sfilata ricchissima di presenze, in quanto, oltre ai cinque carri mascherati di casa, hanno gi\u00e0 preannunciato la loro partecipazione anche cinque carri provenienti da vari paesi della provincia ed anche da fuori.<\/p>\n<p>&nbsp;<\/p>","protected":false},"excerpt":{"rendered":"<p>Tra le ottomila e le diecimila persone hanno assiepato domenica scorsa le strade del centro storico e Piazza della Vittoria per una splendida e limpidissima giornata di sole che ha salutato il Carnevale dei bambini, organizzato dalla Pro Loco, dal comitato carristi e dal gruppo Giardini. \u201cE\u2019 stato un pomeriggio straordinario \u2013hanno commentato gli organizzatori- [&hellip;]<\/p>\n","protected":false},"author":2,"featured_media":0,"comment_status":"closed","ping_status":"open","sticky":false,"template":"","format":"standard","meta":{"footnotes":""},"categories":[3,5,26],"tags":[],"class_list":["post-46447","post","type-post","status-publish","format-standard","category-arte-cultura-spettacoli-scienza-archivi","category-cronaca","category-prima-pagina"],"yoast_head":"<!-- This site is optimized with the Yoast SEO plugin v28.4 - https:\/\/yoast.com\/product\/yoast-seo-wordpress\/ -->\n<title>In diecimila al carnevale di Sedico, che prosegue il prossimo fine settimana - Bellunopress - Dolomiti<\/title>\n<meta name=\"robots\" content=\"index, follow, max-snippet:-1, max-image-preview:large, max-video-preview:-1\" \/>\n<link rel=\"canonical\" href=\"https:\/\/www.bellunopress.it\/fr\/2013\/02\/05\/in-diecimila-al-carnevale-di-sedico-che-prosegue-il-prossimo-fine-settimana\/\" \/>\n<meta property=\"og:locale\" content=\"fr_FR\" \/>\n<meta property=\"og:type\" content=\"article\" \/>\n<meta property=\"og:title\" content=\"In diecimila al carnevale di Sedico, che prosegue il prossimo fine settimana - Bellunopress - Dolomiti\" \/>\n<meta property=\"og:description\" content=\"Tra le ottomila e le diecimila persone hanno assiepato domenica scorsa le strade del centro storico e Piazza della Vittoria per una splendida e limpidissima giornata di sole che ha salutato il Carnevale dei bambini, organizzato dalla Pro Loco, dal comitato carristi e dal gruppo Giardini. \u201cE\u2019 stato un pomeriggio straordinario \u2013hanno commentato gli organizzatori- [&hellip;]\" \/>\n<meta property=\"og:url\" content=\"https:\/\/www.bellunopress.it\/fr\/2013\/02\/05\/in-diecimila-al-carnevale-di-sedico-che-prosegue-il-prossimo-fine-settimana\/\" \/>\n<meta property=\"og:site_name\" content=\"Bellunopress - Dolomiti\" \/>\n<meta property=\"article:publisher\" content=\"https:\/\/www.facebook.com\/profile.php?id=100008943462799\" \/>\n<meta property=\"article:published_time\" content=\"2013-02-05T14:33:48+00:00\" \/>\n<meta property=\"article:modified_time\" content=\"2013-02-05T21:36:01+00:00\" \/>\n<meta property=\"og:image\" content=\"http:\/\/www.bellunopress.it\/wp-content\/uploads\/2013\/01\/carnevale-sedico.jpg\" \/>\n<meta name=\"author\" content=\"redazione\" \/>\n<meta name=\"twitter:card\" content=\"summary_large_image\" \/>\n<meta name=\"twitter:creator\" content=\"@bellunopress\" \/>\n<meta name=\"twitter:site\" content=\"@bellunopress\" \/>\n<meta name=\"twitter:label1\" content=\"\u00c9crit par\" \/>\n\t<meta name=\"twitter:data1\" content=\"redazione\" \/>\n\t<meta name=\"twitter:label2\" content=\"Dur\u00e9e de lecture estim\u00e9e\" \/>\n\t<meta name=\"twitter:data2\" content=\"3 minutes\" \/>\n<script type=\"application\/ld+json\" class=\"yoast-schema-graph\">{\"@context\":\"https:\\\/\\\/schema.org\",\"@graph\":[{\"@type\":\"Article\",\"@id\":\"https:\\\/\\\/www.bellunopress.it\\\/2013\\\/02\\\/05\\\/in-diecimila-al-carnevale-di-sedico-che-prosegue-il-prossimo-fine-settimana\\\/#article\",\"isPartOf\":{\"@id\":\"https:\\\/\\\/www.bellunopress.it\\\/2013\\\/02\\\/05\\\/in-diecimila-al-carnevale-di-sedico-che-prosegue-il-prossimo-fine-settimana\\\/\"},\"author\":{\"name\":\"redazione\",\"@id\":\"https:\\\/\\\/www.bellunopress.it\\\/#\\\/schema\\\/person\\\/79bb06722b37ece1c03d3e94beb30d73\"},\"headline\":\"In diecimila al carnevale di Sedico, che prosegue il prossimo fine settimana\",\"datePublished\":\"2013-02-05T14:33:48+00:00\",\"dateModified\":\"2013-02-05T21:36:01+00:00\",\"mainEntityOfPage\":{\"@id\":\"https:\\\/\\\/www.bellunopress.it\\\/2013\\\/02\\\/05\\\/in-diecimila-al-carnevale-di-sedico-che-prosegue-il-prossimo-fine-settimana\\\/\"},\"wordCount\":662,\"publisher\":{\"@id\":\"https:\\\/\\\/www.bellunopress.it\\\/#organization\"},\"image\":{\"@id\":\"https:\\\/\\\/www.bellunopress.it\\\/2013\\\/02\\\/05\\\/in-diecimila-al-carnevale-di-sedico-che-prosegue-il-prossimo-fine-settimana\\\/#primaryimage\"},\"thumbnailUrl\":\"http:\\\/\\\/www.bellunopress.it\\\/wp-content\\\/uploads\\\/2013\\\/01\\\/carnevale-sedico.jpg\",\"articleSection\":[\"Arte, Cultura, Spettacoli, Scienza\",\"Cronaca\\\/Politica\",\"Prima Pagina\"],\"inLanguage\":\"fr-FR\"},{\"@type\":\"WebPage\",\"@id\":\"https:\\\/\\\/www.bellunopress.it\\\/2013\\\/02\\\/05\\\/in-diecimila-al-carnevale-di-sedico-che-prosegue-il-prossimo-fine-settimana\\\/\",\"url\":\"https:\\\/\\\/www.bellunopress.it\\\/2013\\\/02\\\/05\\\/in-diecimila-al-carnevale-di-sedico-che-prosegue-il-prossimo-fine-settimana\\\/\",\"name\":\"In diecimila al carnevale di Sedico, che prosegue il prossimo fine settimana - Bellunopress - Dolomiti\",\"isPartOf\":{\"@id\":\"https:\\\/\\\/www.bellunopress.it\\\/#website\"},\"primaryImageOfPage\":{\"@id\":\"https:\\\/\\\/www.bellunopress.it\\\/2013\\\/02\\\/05\\\/in-diecimila-al-carnevale-di-sedico-che-prosegue-il-prossimo-fine-settimana\\\/#primaryimage\"},\"image\":{\"@id\":\"https:\\\/\\\/www.bellunopress.it\\\/2013\\\/02\\\/05\\\/in-diecimila-al-carnevale-di-sedico-che-prosegue-il-prossimo-fine-settimana\\\/#primaryimage\"},\"thumbnailUrl\":\"http:\\\/\\\/www.bellunopress.it\\\/wp-content\\\/uploads\\\/2013\\\/01\\\/carnevale-sedico.jpg\",\"datePublished\":\"2013-02-05T14:33:48+00:00\",\"dateModified\":\"2013-02-05T21:36:01+00:00\",\"breadcrumb\":{\"@id\":\"https:\\\/\\\/www.bellunopress.it\\\/2013\\\/02\\\/05\\\/in-diecimila-al-carnevale-di-sedico-che-prosegue-il-prossimo-fine-settimana\\\/#breadcrumb\"},\"inLanguage\":\"fr-FR\",\"potentialAction\":[{\"@type\":\"ReadAction\",\"target\":[\"https:\\\/\\\/www.bellunopress.it\\\/2013\\\/02\\\/05\\\/in-diecimila-al-carnevale-di-sedico-che-prosegue-il-prossimo-fine-settimana\\\/\"]}]},{\"@type\":\"ImageObject\",\"inLanguage\":\"fr-FR\",\"@id\":\"https:\\\/\\\/www.bellunopress.it\\\/2013\\\/02\\\/05\\\/in-diecimila-al-carnevale-di-sedico-che-prosegue-il-prossimo-fine-settimana\\\/#primaryimage\",\"url\":\"http:\\\/\\\/www.bellunopress.it\\\/wp-content\\\/uploads\\\/2013\\\/01\\\/carnevale-sedico.jpg\",\"contentUrl\":\"http:\\\/\\\/www.bellunopress.it\\\/wp-content\\\/uploads\\\/2013\\\/01\\\/carnevale-sedico.jpg\"},{\"@type\":\"BreadcrumbList\",\"@id\":\"https:\\\/\\\/www.bellunopress.it\\\/2013\\\/02\\\/05\\\/in-diecimila-al-carnevale-di-sedico-che-prosegue-il-prossimo-fine-settimana\\\/#breadcrumb\",\"itemListElement\":[{\"@type\":\"ListItem\",\"position\":1,\"name\":\"Home\",\"item\":\"https:\\\/\\\/www.bellunopress.it\\\/\"},{\"@type\":\"ListItem\",\"position\":2,\"name\":\"In diecimila al carnevale di Sedico, che prosegue il prossimo fine settimana\"}]},{\"@type\":\"WebSite\",\"@id\":\"https:\\\/\\\/www.bellunopress.it\\\/#website\",\"url\":\"https:\\\/\\\/www.bellunopress.it\\\/\",\"name\":\"Bellunopress - Dolomiti\",\"description\":\"e-mail: redazione@bellunopress.it\",\"publisher\":{\"@id\":\"https:\\\/\\\/www.bellunopress.it\\\/#organization\"},\"potentialAction\":[{\"@type\":\"SearchAction\",\"target\":{\"@type\":\"EntryPoint\",\"urlTemplate\":\"https:\\\/\\\/www.bellunopress.it\\\/?s={search_term_string}\"},\"query-input\":{\"@type\":\"PropertyValueSpecification\",\"valueRequired\":true,\"valueName\":\"search_term_string\"}}],\"inLanguage\":\"fr-FR\"},{\"@type\":\"Organization\",\"@id\":\"https:\\\/\\\/www.bellunopress.it\\\/#organization\",\"name\":\"Bellunopress\",\"url\":\"https:\\\/\\\/www.bellunopress.it\\\/\",\"logo\":{\"@type\":\"ImageObject\",\"inLanguage\":\"fr-FR\",\"@id\":\"https:\\\/\\\/www.bellunopress.it\\\/#\\\/schema\\\/logo\\\/image\\\/\",\"url\":\"https:\\\/\\\/www.bellunopress.it\\\/wp-content\\\/uploads\\\/2011\\\/05\\\/cropped-logo-bellunopress-.jpg\",\"contentUrl\":\"https:\\\/\\\/www.bellunopress.it\\\/wp-content\\\/uploads\\\/2011\\\/05\\\/cropped-logo-bellunopress-.jpg\",\"width\":512,\"height\":512,\"caption\":\"Bellunopress\"},\"image\":{\"@id\":\"https:\\\/\\\/www.bellunopress.it\\\/#\\\/schema\\\/logo\\\/image\\\/\"},\"sameAs\":[\"https:\\\/\\\/www.facebook.com\\\/profile.php?id=100008943462799\",\"https:\\\/\\\/x.com\\\/bellunopress\",\"https:\\\/\\\/www.linkedin.com\\\/hp\\\/?dnr=JBzUWaJfMUw8vbXJJ2tVW5-I3jZKvC4wsoxE&amp;amp;amp;amp;amp;amp;trk=nav_responsive_tab_home\",\"https:\\\/\\\/www.youtube.com\\\/channel\\\/UCxL0wu1uN0_3_7hGG0306cw\"]},{\"@type\":\"Person\",\"@id\":\"https:\\\/\\\/www.bellunopress.it\\\/#\\\/schema\\\/person\\\/79bb06722b37ece1c03d3e94beb30d73\",\"name\":\"redazione\",\"image\":{\"@type\":\"ImageObject\",\"inLanguage\":\"fr-FR\",\"@id\":\"https:\\\/\\\/secure.gravatar.com\\\/avatar\\\/37d968a2e67a6fd04c169c4bdef102d0bc5d31b2546345219e348575eb80e9a0?s=96&d=mm&r=g\",\"url\":\"https:\\\/\\\/secure.gravatar.com\\\/avatar\\\/37d968a2e67a6fd04c169c4bdef102d0bc5d31b2546345219e348575eb80e9a0?s=96&d=mm&r=g\",\"contentUrl\":\"https:\\\/\\\/secure.gravatar.com\\\/avatar\\\/37d968a2e67a6fd04c169c4bdef102d0bc5d31b2546345219e348575eb80e9a0?s=96&d=mm&r=g\",\"caption\":\"redazione\"},\"sameAs\":[\"http:\\\/\\\/www.bellunopress.it\",\"https:\\\/\\\/x.com\\\/bellunopress\"],\"url\":\"https:\\\/\\\/www.bellunopress.it\\\/fr\\\/author\\\/redazione\\\/\"}]}<\/script>\n<!-- \/ Yoast SEO plugin. -->","yoast_head_json":{"title":"In diecimila al carnevale di Sedico, che prosegue il prossimo fine settimana - Bellunopress - Dolomiti","robots":{"index":"index","follow":"follow","max-snippet":"max-snippet:-1","max-image-preview":"max-image-preview:large","max-video-preview":"max-video-preview:-1"},"canonical":"https:\/\/www.bellunopress.it\/fr\/2013\/02\/05\/in-diecimila-al-carnevale-di-sedico-che-prosegue-il-prossimo-fine-settimana\/","og_locale":"fr_FR","og_type":"article","og_title":"In diecimila al carnevale di Sedico, che prosegue il prossimo fine settimana - Bellunopress - Dolomiti","og_description":"Tra le ottomila e le diecimila persone hanno assiepato domenica scorsa le strade del centro storico e Piazza della Vittoria per una splendida e limpidissima giornata di sole che ha salutato il Carnevale dei bambini, organizzato dalla Pro Loco, dal comitato carristi e dal gruppo Giardini. \u201cE\u2019 stato un pomeriggio straordinario \u2013hanno commentato gli organizzatori- [&hellip;]","og_url":"https:\/\/www.bellunopress.it\/fr\/2013\/02\/05\/in-diecimila-al-carnevale-di-sedico-che-prosegue-il-prossimo-fine-settimana\/","og_site_name":"Bellunopress - Dolomiti","article_publisher":"https:\/\/www.facebook.com\/profile.php?id=100008943462799","article_published_time":"2013-02-05T14:33:48+00:00","article_modified_time":"2013-02-05T21:36:01+00:00","og_image":[{"url":"http:\/\/www.bellunopress.it\/wp-content\/uploads\/2013\/01\/carnevale-sedico.jpg","type":"","width":"","height":""}],"author":"redazione","twitter_card":"summary_large_image","twitter_creator":"@bellunopress","twitter_site":"@bellunopress","twitter_misc":{"\u00c9crit par":"redazione","Dur\u00e9e de lecture estim\u00e9e":"3 minutes"},"schema":{"@context":"https:\/\/schema.org","@graph":[{"@type":"Article","@id":"https:\/\/www.bellunopress.it\/2013\/02\/05\/in-diecimila-al-carnevale-di-sedico-che-prosegue-il-prossimo-fine-settimana\/#article","isPartOf":{"@id":"https:\/\/www.bellunopress.it\/2013\/02\/05\/in-diecimila-al-carnevale-di-sedico-che-prosegue-il-prossimo-fine-settimana\/"},"author":{"name":"redazione","@id":"https:\/\/www.bellunopress.it\/#\/schema\/person\/79bb06722b37ece1c03d3e94beb30d73"},"headline":"In diecimila al carnevale di Sedico, che prosegue il prossimo fine settimana","datePublished":"2013-02-05T14:33:48+00:00","dateModified":"2013-02-05T21:36:01+00:00","mainEntityOfPage":{"@id":"https:\/\/www.bellunopress.it\/2013\/02\/05\/in-diecimila-al-carnevale-di-sedico-che-prosegue-il-prossimo-fine-settimana\/"},"wordCount":662,"publisher":{"@id":"https:\/\/www.bellunopress.it\/#organization"},"image":{"@id":"https:\/\/www.bellunopress.it\/2013\/02\/05\/in-diecimila-al-carnevale-di-sedico-che-prosegue-il-prossimo-fine-settimana\/#primaryimage"},"thumbnailUrl":"http:\/\/www.bellunopress.it\/wp-content\/uploads\/2013\/01\/carnevale-sedico.jpg","articleSection":["Arte, Cultura, Spettacoli, Scienza","Cronaca\/Politica","Prima Pagina"],"inLanguage":"fr-FR"},{"@type":"WebPage","@id":"https:\/\/www.bellunopress.it\/2013\/02\/05\/in-diecimila-al-carnevale-di-sedico-che-prosegue-il-prossimo-fine-settimana\/","url":"https:\/\/www.bellunopress.it\/2013\/02\/05\/in-diecimila-al-carnevale-di-sedico-che-prosegue-il-prossimo-fine-settimana\/","name":"In diecimila al carnevale di Sedico, che prosegue il prossimo fine settimana - Bellunopress - Dolomiti","isPartOf":{"@id":"https:\/\/www.bellunopress.it\/#website"},"primaryImageOfPage":{"@id":"https:\/\/www.bellunopress.it\/2013\/02\/05\/in-diecimila-al-carnevale-di-sedico-che-prosegue-il-prossimo-fine-settimana\/#primaryimage"},"image":{"@id":"https:\/\/www.bellunopress.it\/2013\/02\/05\/in-diecimila-al-carnevale-di-sedico-che-prosegue-il-prossimo-fine-settimana\/#primaryimage"},"thumbnailUrl":"http:\/\/www.bellunopress.it\/wp-content\/uploads\/2013\/01\/carnevale-sedico.jpg","datePublished":"2013-02-05T14:33:48+00:00","dateModified":"2013-02-05T21:36:01+00:00","breadcrumb":{"@id":"https:\/\/www.bellunopress.it\/2013\/02\/05\/in-diecimila-al-carnevale-di-sedico-che-prosegue-il-prossimo-fine-settimana\/#breadcrumb"},"inLanguage":"fr-FR","potentialAction":[{"@type":"ReadAction","target":["https:\/\/www.bellunopress.it\/2013\/02\/05\/in-diecimila-al-carnevale-di-sedico-che-prosegue-il-prossimo-fine-settimana\/"]}]},{"@type":"ImageObject","inLanguage":"fr-FR","@id":"https:\/\/www.bellunopress.it\/2013\/02\/05\/in-diecimila-al-carnevale-di-sedico-che-prosegue-il-prossimo-fine-settimana\/#primaryimage","url":"http:\/\/www.bellunopress.it\/wp-content\/uploads\/2013\/01\/carnevale-sedico.jpg","contentUrl":"http:\/\/www.bellunopress.it\/wp-content\/uploads\/2013\/01\/carnevale-sedico.jpg"},{"@type":"BreadcrumbList","@id":"https:\/\/www.bellunopress.it\/2013\/02\/05\/in-diecimila-al-carnevale-di-sedico-che-prosegue-il-prossimo-fine-settimana\/#breadcrumb","itemListElement":[{"@type":"ListItem","position":1,"name":"Home","item":"https:\/\/www.bellunopress.it\/"},{"@type":"ListItem","position":2,"name":"In diecimila al carnevale di Sedico, che prosegue il prossimo fine settimana"}]},{"@type":"WebSite","@id":"https:\/\/www.bellunopress.it\/#website","url":"https:\/\/www.bellunopress.it\/","name":"Bellunopress - Dolomiti","description":"e-mail: redazione@bellunopress.it","publisher":{"@id":"https:\/\/www.bellunopress.it\/#organization"},"potentialAction":[{"@type":"SearchAction","target":{"@type":"EntryPoint","urlTemplate":"https:\/\/www.bellunopress.it\/?s={search_term_string}"},"query-input":{"@type":"PropertyValueSpecification","valueRequired":true,"valueName":"search_term_string"}}],"inLanguage":"fr-FR"},{"@type":"Organization","@id":"https:\/\/www.bellunopress.it\/#organization","name":"Bellunopress","url":"https:\/\/www.bellunopress.it\/","logo":{"@type":"ImageObject","inLanguage":"fr-FR","@id":"https:\/\/www.bellunopress.it\/#\/schema\/logo\/image\/","url":"https:\/\/www.bellunopress.it\/wp-content\/uploads\/2011\/05\/cropped-logo-bellunopress-.jpg","contentUrl":"https:\/\/www.bellunopress.it\/wp-content\/uploads\/2011\/05\/cropped-logo-bellunopress-.jpg","width":512,"height":512,"caption":"Bellunopress"},"image":{"@id":"https:\/\/www.bellunopress.it\/#\/schema\/logo\/image\/"},"sameAs":["https:\/\/www.facebook.com\/profile.php?id=100008943462799","https:\/\/x.com\/bellunopress","https:\/\/www.linkedin.com\/hp\/?dnr=JBzUWaJfMUw8vbXJJ2tVW5-I3jZKvC4wsoxE&amp;amp;amp;amp;amp;amp;trk=nav_responsive_tab_home","https:\/\/www.youtube.com\/channel\/UCxL0wu1uN0_3_7hGG0306cw"]},{"@type":"Person","@id":"https:\/\/www.bellunopress.it\/#\/schema\/person\/79bb06722b37ece1c03d3e94beb30d73","name":"r\u00e9daction","image":{"@type":"ImageObject","inLanguage":"fr-FR","@id":"https:\/\/secure.gravatar.com\/avatar\/37d968a2e67a6fd04c169c4bdef102d0bc5d31b2546345219e348575eb80e9a0?s=96&d=mm&r=g","url":"https:\/\/secure.gravatar.com\/avatar\/37d968a2e67a6fd04c169c4bdef102d0bc5d31b2546345219e348575eb80e9a0?s=96&d=mm&r=g","contentUrl":"https:\/\/secure.gravatar.com\/avatar\/37d968a2e67a6fd04c169c4bdef102d0bc5d31b2546345219e348575eb80e9a0?s=96&d=mm&r=g","caption":"redazione"},"sameAs":["http:\/\/www.bellunopress.it","https:\/\/x.com\/bellunopress"],"url":"https:\/\/www.bellunopress.it\/fr\/author\/redazione\/"}]}},"_links":{"self":[{"href":"https:\/\/www.bellunopress.it\/fr\/wp-json\/wp\/v2\/posts\/46447","targetHints":{"allow":["GET"]}}],"collection":[{"href":"https:\/\/www.bellunopress.it\/fr\/wp-json\/wp\/v2\/posts"}],"about":[{"href":"https:\/\/www.bellunopress.it\/fr\/wp-json\/wp\/v2\/types\/post"}],"author":[{"embeddable":true,"href":"https:\/\/www.bellunopress.it\/fr\/wp-json\/wp\/v2\/users\/2"}],"replies":[{"embeddable":true,"href":"https:\/\/www.bellunopress.it\/fr\/wp-json\/wp\/v2\/comments?post=46447"}],"version-history":[{"count":1,"href":"https:\/\/www.bellunopress.it\/fr\/wp-json\/wp\/v2\/posts\/46447\/revisions"}],"predecessor-version":[{"id":46448,"href":"https:\/\/www.bellunopress.it\/fr\/wp-json\/wp\/v2\/posts\/46447\/revisions\/46448"}],"wp:attachment":[{"href":"https:\/\/www.bellunopress.it\/fr\/wp-json\/wp\/v2\/media?parent=46447"}],"wp:term":[{"taxonomy":"category","embeddable":true,"href":"https:\/\/www.bellunopress.it\/fr\/wp-json\/wp\/v2\/categories?post=46447"},{"taxonomy":"post_tag","embeddable":true,"href":"https:\/\/www.bellunopress.it\/fr\/wp-json\/wp\/v2\/tags?post=46447"}],"curies":[{"name":"wp","href":"https:\/\/api.w.org\/{rel}","templated":true}]}}