{"id":4644,"date":"2009-06-10T00:48:00","date_gmt":"2009-06-09T23:48:00","guid":{"rendered":"http:\/\/www.bellunopress.it\/?p=4644"},"modified":"2009-06-10T00:48:00","modified_gmt":"2009-06-09T23:48:00","slug":"gianbattista-arrigoni-presidente-onorario-del-comitato-dintesa-il-riconoscimento-gli-verra-conferito-nell%e2%80%99assemblea-del-prossimo-19-giugno","status":"publish","type":"post","link":"https:\/\/www.bellunopress.it\/fr\/2009\/06\/10\/gianbattista-arrigoni-presidente-onorario-del-comitato-dintesa-il-riconoscimento-gli-verra-conferito-nell%e2%80%99assemblea-del-prossimo-19-giugno\/","title":{"rendered":"Gianbattista Arrigoni presidente onorario del Comitato d&#8217;intesa: il riconoscimento gli verr\u00e0 conferito nell\u2019assemblea del prossimo 19 giugno"},"content":{"rendered":"<p>Sar\u00e0 un\u2019assemblea dalla valenza particolare, quella convocata per venerd\u00ec 19 giugno dal Comitato d\u2019Intesa tra le associazioni volontaristiche della provincia di Belluno. In quella sede, infatti, verr\u00e0 conferito il titolo di presidente onorario a Giambattista Arrigoni, che per 25 anni ha ricoperto la carica di presidente del sodalizio che oggi raggruppa un centinaio di associazioni. \u201cCon la sua guida \u2013 afferma il nuovo presidente del Comitato d\u2019Intesa Giorgio Zampieri &#8211; Arrigoni per venticinque anni ha sostenuto e dato impulso alla crescita qualitativa e quantitativa del volontariato bellunese, riconosciuta dall\u2019opinione pubblica e dalle istituzioni\u201d. L\u2019assemblea del 19 giugno \u00e8 stata convocata alle 20.30 presso il Centro diocesano Giovanni XXIII di Belluno. All\u2019ordine del giorno, oltre al riconoscimento a Giambattista Arrigoni, che porter\u00e0 un proprio messaggio di saluto, c\u2019\u00e8 un nutrito ordine del giorno. Verr\u00e0 infatti presentato il nuovo consiglio direttivo eletto nello scorso mese di marzo e che vede la presenza di tre nuove consigliere donna: Maria Teresa Barattin, Bice Gallo Menegus e Liliana Tomaselli, che si aggiungono ai riconfermati Giorgio Zampieri, nominato anche nuovo presidente, Gianluca Corsetti, vicepresidente, Giambattista Arrigoni, Ennio Colferai. Verr\u00e0 anche formalizzata l\u2019ammissione nel Comitato d\u2019Intesa dell\u2019Aps Assi, Associazione sociale sportiva invalidi. L\u2019assemblea prevede anche l\u2019approvazione del bilancio consuntivo 2008 del Centro di servizio per il volontariato e la disamina delle sue prospettive future e al termine, come di consueto, ci sar\u00e0 lo spazio per gli interventi e le comunicazioni delle associazioni aderenti al Comitato<\/p>","protected":false},"excerpt":{"rendered":"<p>Sar\u00e0 un\u2019assemblea dalla valenza particolare, quella convocata per venerd\u00ec 19 giugno dal Comitato d\u2019Intesa tra le associazioni volontaristiche della provincia di Belluno. In quella sede, infatti, verr\u00e0 conferito il titolo di presidente onorario a Giambattista Arrigoni, che per 25 anni ha ricoperto la carica di presidente del sodalizio che oggi raggruppa un centinaio di associazioni. [&hellip;]<\/p>\n","protected":false},"author":2,"featured_media":0,"comment_status":"closed","ping_status":"open","sticky":false,"template":"","format":"standard","meta":{"footnotes":""},"categories":[1],"tags":[139],"class_list":["post-4644","post","type-post","status-publish","format-standard","category-leo","tag-belluno"],"yoast_head":"<!-- This site is optimized with the Yoast SEO plugin v28.4 - https:\/\/yoast.com\/product\/yoast-seo-wordpress\/ -->\n<title>Gianbattista Arrigoni presidente onorario del Comitato d&#039;intesa: il riconoscimento gli verr\u00e0 conferito nell\u2019assemblea del prossimo 19 giugno  - Bellunopress - Dolomiti<\/title>\n<meta name=\"robots\" content=\"index, follow, max-snippet:-1, max-image-preview:large, max-video-preview:-1\" \/>\n<link rel=\"canonical\" href=\"https:\/\/www.bellunopress.it\/fr\/2009\/06\/10\/gianbattista-arrigoni-presidente-onorario-del-comitato-dintesa-il-riconoscimento-gli-verra-conferito-nell\u2019assemblea-del-prossimo-19-giugno\/\" \/>\n<meta property=\"og:locale\" content=\"fr_FR\" \/>\n<meta property=\"og:type\" content=\"article\" \/>\n<meta property=\"og:title\" content=\"Gianbattista Arrigoni presidente onorario del Comitato d&#039;intesa: il riconoscimento gli verr\u00e0 conferito nell\u2019assemblea del prossimo 19 giugno  - Bellunopress - Dolomiti\" \/>\n<meta property=\"og:description\" content=\"Sar\u00e0 un\u2019assemblea dalla valenza particolare, quella convocata per venerd\u00ec 19 giugno dal Comitato d\u2019Intesa tra le associazioni volontaristiche della provincia di Belluno. In quella sede, infatti, verr\u00e0 conferito il titolo di presidente onorario a Giambattista Arrigoni, che per 25 anni ha ricoperto la carica di presidente del sodalizio che oggi raggruppa un centinaio di associazioni. [&hellip;]\" \/>\n<meta property=\"og:url\" content=\"https:\/\/www.bellunopress.it\/fr\/2009\/06\/10\/gianbattista-arrigoni-presidente-onorario-del-comitato-dintesa-il-riconoscimento-gli-verra-conferito-nell\u2019assemblea-del-prossimo-19-giugno\/\" \/>\n<meta property=\"og:site_name\" content=\"Bellunopress - Dolomiti\" \/>\n<meta property=\"article:publisher\" content=\"https:\/\/www.facebook.com\/profile.php?id=100008943462799\" \/>\n<meta property=\"article:published_time\" content=\"2009-06-09T23:48:00+00:00\" \/>\n<meta property=\"og:image\" content=\"http:\/\/www.bellunopress.it\/wp-content\/uploads\/2012\/07\/logo-bellunopress-250x250-2012.jpg\" \/>\n<meta name=\"author\" content=\"redazione\" \/>\n<meta name=\"twitter:card\" content=\"summary_large_image\" \/>\n<meta name=\"twitter:creator\" content=\"@bellunopress\" \/>\n<meta name=\"twitter:site\" content=\"@bellunopress\" \/>\n<meta name=\"twitter:label1\" content=\"\u00c9crit par\" \/>\n\t<meta name=\"twitter:data1\" content=\"redazione\" \/>\n\t<meta name=\"twitter:label2\" content=\"Dur\u00e9e de lecture estim\u00e9e\" \/>\n\t<meta name=\"twitter:data2\" content=\"1 minute\" \/>\n<script type=\"application\/ld+json\" class=\"yoast-schema-graph\">{\"@context\":\"https:\\\/\\\/schema.org\",\"@graph\":[{\"@type\":\"Article\",\"@id\":\"https:\\\/\\\/www.bellunopress.it\\\/2009\\\/06\\\/10\\\/gianbattista-arrigoni-presidente-onorario-del-comitato-dintesa-il-riconoscimento-gli-verra-conferito-nell%e2%80%99assemblea-del-prossimo-19-giugno\\\/#article\",\"isPartOf\":{\"@id\":\"https:\\\/\\\/www.bellunopress.it\\\/2009\\\/06\\\/10\\\/gianbattista-arrigoni-presidente-onorario-del-comitato-dintesa-il-riconoscimento-gli-verra-conferito-nell%e2%80%99assemblea-del-prossimo-19-giugno\\\/\"},\"author\":{\"name\":\"redazione\",\"@id\":\"https:\\\/\\\/www.bellunopress.it\\\/#\\\/schema\\\/person\\\/79bb06722b37ece1c03d3e94beb30d73\"},\"headline\":\"Gianbattista Arrigoni presidente onorario del Comitato d&#8217;intesa: il riconoscimento gli verr\u00e0 conferito nell\u2019assemblea del prossimo 19 giugno\",\"datePublished\":\"2009-06-09T23:48:00+00:00\",\"mainEntityOfPage\":{\"@id\":\"https:\\\/\\\/www.bellunopress.it\\\/2009\\\/06\\\/10\\\/gianbattista-arrigoni-presidente-onorario-del-comitato-dintesa-il-riconoscimento-gli-verra-conferito-nell%e2%80%99assemblea-del-prossimo-19-giugno\\\/\"},\"wordCount\":260,\"publisher\":{\"@id\":\"https:\\\/\\\/www.bellunopress.it\\\/#organization\"},\"keywords\":[\"Belluno\"],\"articleSection\":[\"Lettere Opinioni\"],\"inLanguage\":\"fr-FR\"},{\"@type\":\"WebPage\",\"@id\":\"https:\\\/\\\/www.bellunopress.it\\\/2009\\\/06\\\/10\\\/gianbattista-arrigoni-presidente-onorario-del-comitato-dintesa-il-riconoscimento-gli-verra-conferito-nell%e2%80%99assemblea-del-prossimo-19-giugno\\\/\",\"url\":\"https:\\\/\\\/www.bellunopress.it\\\/2009\\\/06\\\/10\\\/gianbattista-arrigoni-presidente-onorario-del-comitato-dintesa-il-riconoscimento-gli-verra-conferito-nell%e2%80%99assemblea-del-prossimo-19-giugno\\\/\",\"name\":\"Gianbattista Arrigoni presidente onorario del Comitato d'intesa: il riconoscimento gli verr\u00e0 conferito nell\u2019assemblea del prossimo 19 giugno - Bellunopress - Dolomiti\",\"isPartOf\":{\"@id\":\"https:\\\/\\\/www.bellunopress.it\\\/#website\"},\"datePublished\":\"2009-06-09T23:48:00+00:00\",\"breadcrumb\":{\"@id\":\"https:\\\/\\\/www.bellunopress.it\\\/2009\\\/06\\\/10\\\/gianbattista-arrigoni-presidente-onorario-del-comitato-dintesa-il-riconoscimento-gli-verra-conferito-nell%e2%80%99assemblea-del-prossimo-19-giugno\\\/#breadcrumb\"},\"inLanguage\":\"fr-FR\",\"potentialAction\":[{\"@type\":\"ReadAction\",\"target\":[\"https:\\\/\\\/www.bellunopress.it\\\/2009\\\/06\\\/10\\\/gianbattista-arrigoni-presidente-onorario-del-comitato-dintesa-il-riconoscimento-gli-verra-conferito-nell%e2%80%99assemblea-del-prossimo-19-giugno\\\/\"]}]},{\"@type\":\"BreadcrumbList\",\"@id\":\"https:\\\/\\\/www.bellunopress.it\\\/2009\\\/06\\\/10\\\/gianbattista-arrigoni-presidente-onorario-del-comitato-dintesa-il-riconoscimento-gli-verra-conferito-nell%e2%80%99assemblea-del-prossimo-19-giugno\\\/#breadcrumb\",\"itemListElement\":[{\"@type\":\"ListItem\",\"position\":1,\"name\":\"Home\",\"item\":\"https:\\\/\\\/www.bellunopress.it\\\/\"},{\"@type\":\"ListItem\",\"position\":2,\"name\":\"Gianbattista Arrigoni presidente onorario del Comitato d&#8217;intesa: il riconoscimento gli verr\u00e0 conferito nell\u2019assemblea del prossimo 19 giugno\"}]},{\"@type\":\"WebSite\",\"@id\":\"https:\\\/\\\/www.bellunopress.it\\\/#website\",\"url\":\"https:\\\/\\\/www.bellunopress.it\\\/\",\"name\":\"Bellunopress - Dolomiti\",\"description\":\"e-mail: redazione@bellunopress.it\",\"publisher\":{\"@id\":\"https:\\\/\\\/www.bellunopress.it\\\/#organization\"},\"potentialAction\":[{\"@type\":\"SearchAction\",\"target\":{\"@type\":\"EntryPoint\",\"urlTemplate\":\"https:\\\/\\\/www.bellunopress.it\\\/?s={search_term_string}\"},\"query-input\":{\"@type\":\"PropertyValueSpecification\",\"valueRequired\":true,\"valueName\":\"search_term_string\"}}],\"inLanguage\":\"fr-FR\"},{\"@type\":\"Organization\",\"@id\":\"https:\\\/\\\/www.bellunopress.it\\\/#organization\",\"name\":\"Bellunopress\",\"url\":\"https:\\\/\\\/www.bellunopress.it\\\/\",\"logo\":{\"@type\":\"ImageObject\",\"inLanguage\":\"fr-FR\",\"@id\":\"https:\\\/\\\/www.bellunopress.it\\\/#\\\/schema\\\/logo\\\/image\\\/\",\"url\":\"https:\\\/\\\/www.bellunopress.it\\\/wp-content\\\/uploads\\\/2011\\\/05\\\/cropped-logo-bellunopress-.jpg\",\"contentUrl\":\"https:\\\/\\\/www.bellunopress.it\\\/wp-content\\\/uploads\\\/2011\\\/05\\\/cropped-logo-bellunopress-.jpg\",\"width\":512,\"height\":512,\"caption\":\"Bellunopress\"},\"image\":{\"@id\":\"https:\\\/\\\/www.bellunopress.it\\\/#\\\/schema\\\/logo\\\/image\\\/\"},\"sameAs\":[\"https:\\\/\\\/www.facebook.com\\\/profile.php?id=100008943462799\",\"https:\\\/\\\/x.com\\\/bellunopress\",\"https:\\\/\\\/www.linkedin.com\\\/hp\\\/?dnr=JBzUWaJfMUw8vbXJJ2tVW5-I3jZKvC4wsoxE&amp;amp;amp;amp;amp;amp;trk=nav_responsive_tab_home\",\"https:\\\/\\\/www.youtube.com\\\/channel\\\/UCxL0wu1uN0_3_7hGG0306cw\"]},{\"@type\":\"Person\",\"@id\":\"https:\\\/\\\/www.bellunopress.it\\\/#\\\/schema\\\/person\\\/79bb06722b37ece1c03d3e94beb30d73\",\"name\":\"redazione\",\"image\":{\"@type\":\"ImageObject\",\"inLanguage\":\"fr-FR\",\"@id\":\"https:\\\/\\\/secure.gravatar.com\\\/avatar\\\/37d968a2e67a6fd04c169c4bdef102d0bc5d31b2546345219e348575eb80e9a0?s=96&d=mm&r=g\",\"url\":\"https:\\\/\\\/secure.gravatar.com\\\/avatar\\\/37d968a2e67a6fd04c169c4bdef102d0bc5d31b2546345219e348575eb80e9a0?s=96&d=mm&r=g\",\"contentUrl\":\"https:\\\/\\\/secure.gravatar.com\\\/avatar\\\/37d968a2e67a6fd04c169c4bdef102d0bc5d31b2546345219e348575eb80e9a0?s=96&d=mm&r=g\",\"caption\":\"redazione\"},\"sameAs\":[\"http:\\\/\\\/www.bellunopress.it\",\"https:\\\/\\\/x.com\\\/bellunopress\"],\"url\":\"https:\\\/\\\/www.bellunopress.it\\\/fr\\\/author\\\/redazione\\\/\"}]}<\/script>\n<!-- \/ Yoast SEO plugin. -->","yoast_head_json":{"title":"Gianbattista Arrigoni presidente onorario del Comitato d'intesa: il riconoscimento gli verr\u00e0 conferito nell\u2019assemblea del prossimo 19 giugno  - Bellunopress - Dolomiti","robots":{"index":"index","follow":"follow","max-snippet":"max-snippet:-1","max-image-preview":"max-image-preview:large","max-video-preview":"max-video-preview:-1"},"canonical":"https:\/\/www.bellunopress.it\/fr\/2009\/06\/10\/gianbattista-arrigoni-presidente-onorario-del-comitato-dintesa-il-riconoscimento-gli-verra-conferito-nell\u2019assemblea-del-prossimo-19-giugno\/","og_locale":"fr_FR","og_type":"article","og_title":"Gianbattista Arrigoni presidente onorario del Comitato d'intesa: il riconoscimento gli verr\u00e0 conferito nell\u2019assemblea del prossimo 19 giugno  - Bellunopress - Dolomiti","og_description":"Sar\u00e0 un\u2019assemblea dalla valenza particolare, quella convocata per venerd\u00ec 19 giugno dal Comitato d\u2019Intesa tra le associazioni volontaristiche della provincia di Belluno. In quella sede, infatti, verr\u00e0 conferito il titolo di presidente onorario a Giambattista Arrigoni, che per 25 anni ha ricoperto la carica di presidente del sodalizio che oggi raggruppa un centinaio di associazioni. [&hellip;]","og_url":"https:\/\/www.bellunopress.it\/fr\/2009\/06\/10\/gianbattista-arrigoni-presidente-onorario-del-comitato-dintesa-il-riconoscimento-gli-verra-conferito-nell\u2019assemblea-del-prossimo-19-giugno\/","og_site_name":"Bellunopress - Dolomiti","article_publisher":"https:\/\/www.facebook.com\/profile.php?id=100008943462799","article_published_time":"2009-06-09T23:48:00+00:00","og_image":[{"url":"http:\/\/www.bellunopress.it\/wp-content\/uploads\/2012\/07\/logo-bellunopress-250x250-2012.jpg","type":"","width":"","height":""}],"author":"redazione","twitter_card":"summary_large_image","twitter_creator":"@bellunopress","twitter_site":"@bellunopress","twitter_misc":{"\u00c9crit par":"redazione","Dur\u00e9e de lecture estim\u00e9e":"1 minute"},"schema":{"@context":"https:\/\/schema.org","@graph":[{"@type":"Article","@id":"https:\/\/www.bellunopress.it\/2009\/06\/10\/gianbattista-arrigoni-presidente-onorario-del-comitato-dintesa-il-riconoscimento-gli-verra-conferito-nell%e2%80%99assemblea-del-prossimo-19-giugno\/#article","isPartOf":{"@id":"https:\/\/www.bellunopress.it\/2009\/06\/10\/gianbattista-arrigoni-presidente-onorario-del-comitato-dintesa-il-riconoscimento-gli-verra-conferito-nell%e2%80%99assemblea-del-prossimo-19-giugno\/"},"author":{"name":"redazione","@id":"https:\/\/www.bellunopress.it\/#\/schema\/person\/79bb06722b37ece1c03d3e94beb30d73"},"headline":"Gianbattista Arrigoni presidente onorario del Comitato d&#8217;intesa: il riconoscimento gli verr\u00e0 conferito nell\u2019assemblea del prossimo 19 giugno","datePublished":"2009-06-09T23:48:00+00:00","mainEntityOfPage":{"@id":"https:\/\/www.bellunopress.it\/2009\/06\/10\/gianbattista-arrigoni-presidente-onorario-del-comitato-dintesa-il-riconoscimento-gli-verra-conferito-nell%e2%80%99assemblea-del-prossimo-19-giugno\/"},"wordCount":260,"publisher":{"@id":"https:\/\/www.bellunopress.it\/#organization"},"keywords":["Belluno"],"articleSection":["Lettere Opinioni"],"inLanguage":"fr-FR"},{"@type":"WebPage","@id":"https:\/\/www.bellunopress.it\/2009\/06\/10\/gianbattista-arrigoni-presidente-onorario-del-comitato-dintesa-il-riconoscimento-gli-verra-conferito-nell%e2%80%99assemblea-del-prossimo-19-giugno\/","url":"https:\/\/www.bellunopress.it\/2009\/06\/10\/gianbattista-arrigoni-presidente-onorario-del-comitato-dintesa-il-riconoscimento-gli-verra-conferito-nell%e2%80%99assemblea-del-prossimo-19-giugno\/","name":"Gianbattista Arrigoni presidente onorario del Comitato d'intesa: il riconoscimento gli verr\u00e0 conferito nell\u2019assemblea del prossimo 19 giugno - Bellunopress - Dolomiti","isPartOf":{"@id":"https:\/\/www.bellunopress.it\/#website"},"datePublished":"2009-06-09T23:48:00+00:00","breadcrumb":{"@id":"https:\/\/www.bellunopress.it\/2009\/06\/10\/gianbattista-arrigoni-presidente-onorario-del-comitato-dintesa-il-riconoscimento-gli-verra-conferito-nell%e2%80%99assemblea-del-prossimo-19-giugno\/#breadcrumb"},"inLanguage":"fr-FR","potentialAction":[{"@type":"ReadAction","target":["https:\/\/www.bellunopress.it\/2009\/06\/10\/gianbattista-arrigoni-presidente-onorario-del-comitato-dintesa-il-riconoscimento-gli-verra-conferito-nell%e2%80%99assemblea-del-prossimo-19-giugno\/"]}]},{"@type":"BreadcrumbList","@id":"https:\/\/www.bellunopress.it\/2009\/06\/10\/gianbattista-arrigoni-presidente-onorario-del-comitato-dintesa-il-riconoscimento-gli-verra-conferito-nell%e2%80%99assemblea-del-prossimo-19-giugno\/#breadcrumb","itemListElement":[{"@type":"ListItem","position":1,"name":"Home","item":"https:\/\/www.bellunopress.it\/"},{"@type":"ListItem","position":2,"name":"Gianbattista Arrigoni presidente onorario del Comitato d&#8217;intesa: il riconoscimento gli verr\u00e0 conferito nell\u2019assemblea del prossimo 19 giugno"}]},{"@type":"WebSite","@id":"https:\/\/www.bellunopress.it\/#website","url":"https:\/\/www.bellunopress.it\/","name":"Bellunopress - Dolomiti","description":"e-mail: redazione@bellunopress.it","publisher":{"@id":"https:\/\/www.bellunopress.it\/#organization"},"potentialAction":[{"@type":"SearchAction","target":{"@type":"EntryPoint","urlTemplate":"https:\/\/www.bellunopress.it\/?s={search_term_string}"},"query-input":{"@type":"PropertyValueSpecification","valueRequired":true,"valueName":"search_term_string"}}],"inLanguage":"fr-FR"},{"@type":"Organization","@id":"https:\/\/www.bellunopress.it\/#organization","name":"Bellunopress","url":"https:\/\/www.bellunopress.it\/","logo":{"@type":"ImageObject","inLanguage":"fr-FR","@id":"https:\/\/www.bellunopress.it\/#\/schema\/logo\/image\/","url":"https:\/\/www.bellunopress.it\/wp-content\/uploads\/2011\/05\/cropped-logo-bellunopress-.jpg","contentUrl":"https:\/\/www.bellunopress.it\/wp-content\/uploads\/2011\/05\/cropped-logo-bellunopress-.jpg","width":512,"height":512,"caption":"Bellunopress"},"image":{"@id":"https:\/\/www.bellunopress.it\/#\/schema\/logo\/image\/"},"sameAs":["https:\/\/www.facebook.com\/profile.php?id=100008943462799","https:\/\/x.com\/bellunopress","https:\/\/www.linkedin.com\/hp\/?dnr=JBzUWaJfMUw8vbXJJ2tVW5-I3jZKvC4wsoxE&amp;amp;amp;amp;amp;amp;trk=nav_responsive_tab_home","https:\/\/www.youtube.com\/channel\/UCxL0wu1uN0_3_7hGG0306cw"]},{"@type":"Person","@id":"https:\/\/www.bellunopress.it\/#\/schema\/person\/79bb06722b37ece1c03d3e94beb30d73","name":"r\u00e9daction","image":{"@type":"ImageObject","inLanguage":"fr-FR","@id":"https:\/\/secure.gravatar.com\/avatar\/37d968a2e67a6fd04c169c4bdef102d0bc5d31b2546345219e348575eb80e9a0?s=96&d=mm&r=g","url":"https:\/\/secure.gravatar.com\/avatar\/37d968a2e67a6fd04c169c4bdef102d0bc5d31b2546345219e348575eb80e9a0?s=96&d=mm&r=g","contentUrl":"https:\/\/secure.gravatar.com\/avatar\/37d968a2e67a6fd04c169c4bdef102d0bc5d31b2546345219e348575eb80e9a0?s=96&d=mm&r=g","caption":"redazione"},"sameAs":["http:\/\/www.bellunopress.it","https:\/\/x.com\/bellunopress"],"url":"https:\/\/www.bellunopress.it\/fr\/author\/redazione\/"}]}},"_links":{"self":[{"href":"https:\/\/www.bellunopress.it\/fr\/wp-json\/wp\/v2\/posts\/4644","targetHints":{"allow":["GET"]}}],"collection":[{"href":"https:\/\/www.bellunopress.it\/fr\/wp-json\/wp\/v2\/posts"}],"about":[{"href":"https:\/\/www.bellunopress.it\/fr\/wp-json\/wp\/v2\/types\/post"}],"author":[{"embeddable":true,"href":"https:\/\/www.bellunopress.it\/fr\/wp-json\/wp\/v2\/users\/2"}],"replies":[{"embeddable":true,"href":"https:\/\/www.bellunopress.it\/fr\/wp-json\/wp\/v2\/comments?post=4644"}],"version-history":[{"count":1,"href":"https:\/\/www.bellunopress.it\/fr\/wp-json\/wp\/v2\/posts\/4644\/revisions"}],"predecessor-version":[{"id":4645,"href":"https:\/\/www.bellunopress.it\/fr\/wp-json\/wp\/v2\/posts\/4644\/revisions\/4645"}],"wp:attachment":[{"href":"https:\/\/www.bellunopress.it\/fr\/wp-json\/wp\/v2\/media?parent=4644"}],"wp:term":[{"taxonomy":"category","embeddable":true,"href":"https:\/\/www.bellunopress.it\/fr\/wp-json\/wp\/v2\/categories?post=4644"},{"taxonomy":"post_tag","embeddable":true,"href":"https:\/\/www.bellunopress.it\/fr\/wp-json\/wp\/v2\/tags?post=4644"}],"curies":[{"name":"wp","href":"https:\/\/api.w.org\/{rel}","templated":true}]}}