{"id":46411,"date":"2013-02-04T19:05:18","date_gmt":"2013-02-04T18:05:18","guid":{"rendered":"http:\/\/www.bellunopress.it\/?p=46411"},"modified":"2013-02-04T19:05:18","modified_gmt":"2013-02-04T18:05:18","slug":"approvato-in-commissione-il-progetto-di-legge-contro-la-concorrenza-sleale-e-labusivismo-toscani-provvedimento-atteso-anche-dagli-operatori-bellunesi","status":"publish","type":"post","link":"https:\/\/www.bellunopress.it\/fr\/2013\/02\/04\/approvato-in-commissione-il-progetto-di-legge-contro-la-concorrenza-sleale-e-labusivismo-toscani-provvedimento-atteso-anche-dagli-operatori-bellunesi\/","title":{"rendered":"Approvato in commissione il progetto di legge contro la concorrenza sleale e l&#8217;abusivismo. Toscani: &#8220;provvedimento atteso anche dagli operatori bellunesi&#8221;"},"content":{"rendered":"<figure id=\"attachment_11535\" aria-describedby=\"caption-attachment-11535\" style=\"width: 270px\" class=\"wp-caption alignleft\"><a href=\"http:\/\/www.bellunopress.it\/wp-content\/uploads\/2010\/01\/matteo-toscani.jpg\"><img loading=\"lazy\" decoding=\"async\" class=\"size-full wp-image-11535\" alt=\"Matteo Toscani\" src=\"http:\/\/www.bellunopress.it\/wp-content\/uploads\/2010\/01\/matteo-toscani.jpg\" width=\"270\" height=\"270\" srcset=\"https:\/\/www.bellunopress.it\/wp-content\/uploads\/2010\/01\/matteo-toscani.jpg 270w, https:\/\/www.bellunopress.it\/wp-content\/uploads\/2010\/01\/matteo-toscani-150x150.jpg 150w\" sizes=\"auto, (max-width: 270px) 100vw, 270px\" \/><\/a><figcaption id=\"caption-attachment-11535\" class=\"wp-caption-text\">Matteo Toscani<\/figcaption><\/figure>\n<p>Il vicepresidente del Consiglio regionale del Veneto, Matteo Toscani, esprime soddisfazione per il via libera in Commissione Commercio alla proposta di Legge presentata dal collega della Lega Nord Paolo Tosatto, che introduce il Documento Unico di regolarit\u00e0 Contributiva (DURC) da parte degli operatori del commercio su area pubblica.<\/p>\n<p>\u00abSi tratta di un provvedimento molto atteso anche dagli operatori bellunesi del settore \u2013 commenta Toscani, anche lui firmatario del progetto di legge \u2013 perch\u00e9 introduce la certificazione che attesta l\u2019assolvimento, da parte dell\u2019azienda, degli obblighi legislativi e contrattuali nei confronti degli enti previdenziali e assicurativi. E\u2019 rilasciato dall\u2019INPS o dall\u2019INAIL e pu\u00f2 essere richiesto dalle imprese, direttamente o attraverso i consulenti e le associazioni sindacali riconosciute dal CNEL, anche per via telematica\u00bb. \u00abE\u2019 uno strumento \u2013 precisa ancora Matteo Toscani &#8211; contro la concorrenza sleale fra le imprese, il lavoro nero e gli ambulanti che operano senza i requisiti di legge nei mercati cittadini\u00bb. \u00abCome i colleghi Luca Baggio e Paolo Tosato \u2013 conclude il vicepresidente dell\u2019assemblea regionale &#8211; auspico che questo provvedimento sia portato al pi\u00f9 presto in aula, in modo tale che anche il Veneto possa finalmente introdurre l\u2019obbligo di presentazione della certificazione di regolarit\u00e0 contributiva, come hanno gi\u00e0 fatto Emilia Romagna, Liguria, Lombardia, Marche, Piemonte, Toscana, Trentino Alto Adige e Umbria\u00bb.<\/p>","protected":false},"excerpt":{"rendered":"<p>Il vicepresidente del Consiglio regionale del Veneto, Matteo Toscani, esprime soddisfazione per il via libera in Commissione Commercio alla proposta di Legge presentata dal collega della Lega Nord Paolo Tosatto, che introduce il Documento Unico di regolarit\u00e0 Contributiva (DURC) da parte degli operatori del commercio su area pubblica. \u00abSi tratta di un provvedimento molto atteso [&hellip;]<\/p>\n","protected":false},"author":2,"featured_media":0,"comment_status":"closed","ping_status":"open","sticky":false,"template":"","format":"standard","meta":{"footnotes":""},"categories":[5,26],"tags":[],"class_list":["post-46411","post","type-post","status-publish","format-standard","category-cronaca","category-prima-pagina"],"yoast_head":"<!-- This site is optimized with the Yoast SEO plugin v28.4 - https:\/\/yoast.com\/product\/yoast-seo-wordpress\/ -->\n<title>Approvato in commissione il progetto di legge contro la concorrenza sleale e l&#039;abusivismo. Toscani: &quot;provvedimento atteso anche dagli operatori bellunesi&quot;  - Bellunopress - Dolomiti<\/title>\n<meta name=\"robots\" content=\"index, follow, max-snippet:-1, max-image-preview:large, max-video-preview:-1\" \/>\n<link rel=\"canonical\" href=\"https:\/\/www.bellunopress.it\/fr\/2013\/02\/04\/approvato-in-commissione-il-progetto-di-legge-contro-la-concorrenza-sleale-e-labusivismo-toscani-provvedimento-atteso-anche-dagli-operatori-bellunesi\/\" \/>\n<meta property=\"og:locale\" content=\"fr_FR\" \/>\n<meta property=\"og:type\" content=\"article\" \/>\n<meta property=\"og:title\" content=\"Approvato in commissione il progetto di legge contro la concorrenza sleale e l&#039;abusivismo. Toscani: &quot;provvedimento atteso anche dagli operatori bellunesi&quot;  - Bellunopress - Dolomiti\" \/>\n<meta property=\"og:description\" content=\"Il vicepresidente del Consiglio regionale del Veneto, Matteo Toscani, esprime soddisfazione per il via libera in Commissione Commercio alla proposta di Legge presentata dal collega della Lega Nord Paolo Tosatto, che introduce il Documento Unico di regolarit\u00e0 Contributiva (DURC) da parte degli operatori del commercio su area pubblica. \u00abSi tratta di un provvedimento molto atteso [&hellip;]\" \/>\n<meta property=\"og:url\" content=\"https:\/\/www.bellunopress.it\/fr\/2013\/02\/04\/approvato-in-commissione-il-progetto-di-legge-contro-la-concorrenza-sleale-e-labusivismo-toscani-provvedimento-atteso-anche-dagli-operatori-bellunesi\/\" \/>\n<meta property=\"og:site_name\" content=\"Bellunopress - Dolomiti\" \/>\n<meta property=\"article:publisher\" content=\"https:\/\/www.facebook.com\/profile.php?id=100008943462799\" \/>\n<meta property=\"article:published_time\" content=\"2013-02-04T18:05:18+00:00\" \/>\n<meta property=\"og:image\" content=\"http:\/\/www.bellunopress.it\/wp-content\/uploads\/2010\/01\/matteo-toscani.jpg\" \/>\n<meta name=\"author\" content=\"redazione\" \/>\n<meta name=\"twitter:card\" content=\"summary_large_image\" \/>\n<meta name=\"twitter:creator\" content=\"@bellunopress\" \/>\n<meta name=\"twitter:site\" content=\"@bellunopress\" \/>\n<meta name=\"twitter:label1\" content=\"\u00c9crit par\" \/>\n\t<meta name=\"twitter:data1\" content=\"redazione\" \/>\n\t<meta name=\"twitter:label2\" content=\"Dur\u00e9e de lecture estim\u00e9e\" \/>\n\t<meta name=\"twitter:data2\" content=\"1 minute\" \/>\n<script type=\"application\/ld+json\" class=\"yoast-schema-graph\">{\"@context\":\"https:\\\/\\\/schema.org\",\"@graph\":[{\"@type\":\"Article\",\"@id\":\"https:\\\/\\\/www.bellunopress.it\\\/2013\\\/02\\\/04\\\/approvato-in-commissione-il-progetto-di-legge-contro-la-concorrenza-sleale-e-labusivismo-toscani-provvedimento-atteso-anche-dagli-operatori-bellunesi\\\/#article\",\"isPartOf\":{\"@id\":\"https:\\\/\\\/www.bellunopress.it\\\/2013\\\/02\\\/04\\\/approvato-in-commissione-il-progetto-di-legge-contro-la-concorrenza-sleale-e-labusivismo-toscani-provvedimento-atteso-anche-dagli-operatori-bellunesi\\\/\"},\"author\":{\"name\":\"redazione\",\"@id\":\"https:\\\/\\\/www.bellunopress.it\\\/#\\\/schema\\\/person\\\/79bb06722b37ece1c03d3e94beb30d73\"},\"headline\":\"Approvato in commissione il progetto di legge contro la concorrenza sleale e l&#8217;abusivismo. Toscani: &#8220;provvedimento atteso anche dagli operatori bellunesi&#8221;\",\"datePublished\":\"2013-02-04T18:05:18+00:00\",\"mainEntityOfPage\":{\"@id\":\"https:\\\/\\\/www.bellunopress.it\\\/2013\\\/02\\\/04\\\/approvato-in-commissione-il-progetto-di-legge-contro-la-concorrenza-sleale-e-labusivismo-toscani-provvedimento-atteso-anche-dagli-operatori-bellunesi\\\/\"},\"wordCount\":245,\"publisher\":{\"@id\":\"https:\\\/\\\/www.bellunopress.it\\\/#organization\"},\"image\":{\"@id\":\"https:\\\/\\\/www.bellunopress.it\\\/2013\\\/02\\\/04\\\/approvato-in-commissione-il-progetto-di-legge-contro-la-concorrenza-sleale-e-labusivismo-toscani-provvedimento-atteso-anche-dagli-operatori-bellunesi\\\/#primaryimage\"},\"thumbnailUrl\":\"http:\\\/\\\/www.bellunopress.it\\\/wp-content\\\/uploads\\\/2010\\\/01\\\/matteo-toscani.jpg\",\"articleSection\":[\"Cronaca\\\/Politica\",\"Prima Pagina\"],\"inLanguage\":\"fr-FR\"},{\"@type\":\"WebPage\",\"@id\":\"https:\\\/\\\/www.bellunopress.it\\\/2013\\\/02\\\/04\\\/approvato-in-commissione-il-progetto-di-legge-contro-la-concorrenza-sleale-e-labusivismo-toscani-provvedimento-atteso-anche-dagli-operatori-bellunesi\\\/\",\"url\":\"https:\\\/\\\/www.bellunopress.it\\\/2013\\\/02\\\/04\\\/approvato-in-commissione-il-progetto-di-legge-contro-la-concorrenza-sleale-e-labusivismo-toscani-provvedimento-atteso-anche-dagli-operatori-bellunesi\\\/\",\"name\":\"Approvato in commissione il progetto di legge contro la concorrenza sleale e l'abusivismo. Toscani: \\\"provvedimento atteso anche dagli operatori bellunesi\\\" - Bellunopress - Dolomiti\",\"isPartOf\":{\"@id\":\"https:\\\/\\\/www.bellunopress.it\\\/#website\"},\"primaryImageOfPage\":{\"@id\":\"https:\\\/\\\/www.bellunopress.it\\\/2013\\\/02\\\/04\\\/approvato-in-commissione-il-progetto-di-legge-contro-la-concorrenza-sleale-e-labusivismo-toscani-provvedimento-atteso-anche-dagli-operatori-bellunesi\\\/#primaryimage\"},\"image\":{\"@id\":\"https:\\\/\\\/www.bellunopress.it\\\/2013\\\/02\\\/04\\\/approvato-in-commissione-il-progetto-di-legge-contro-la-concorrenza-sleale-e-labusivismo-toscani-provvedimento-atteso-anche-dagli-operatori-bellunesi\\\/#primaryimage\"},\"thumbnailUrl\":\"http:\\\/\\\/www.bellunopress.it\\\/wp-content\\\/uploads\\\/2010\\\/01\\\/matteo-toscani.jpg\",\"datePublished\":\"2013-02-04T18:05:18+00:00\",\"breadcrumb\":{\"@id\":\"https:\\\/\\\/www.bellunopress.it\\\/2013\\\/02\\\/04\\\/approvato-in-commissione-il-progetto-di-legge-contro-la-concorrenza-sleale-e-labusivismo-toscani-provvedimento-atteso-anche-dagli-operatori-bellunesi\\\/#breadcrumb\"},\"inLanguage\":\"fr-FR\",\"potentialAction\":[{\"@type\":\"ReadAction\",\"target\":[\"https:\\\/\\\/www.bellunopress.it\\\/2013\\\/02\\\/04\\\/approvato-in-commissione-il-progetto-di-legge-contro-la-concorrenza-sleale-e-labusivismo-toscani-provvedimento-atteso-anche-dagli-operatori-bellunesi\\\/\"]}]},{\"@type\":\"ImageObject\",\"inLanguage\":\"fr-FR\",\"@id\":\"https:\\\/\\\/www.bellunopress.it\\\/2013\\\/02\\\/04\\\/approvato-in-commissione-il-progetto-di-legge-contro-la-concorrenza-sleale-e-labusivismo-toscani-provvedimento-atteso-anche-dagli-operatori-bellunesi\\\/#primaryimage\",\"url\":\"http:\\\/\\\/www.bellunopress.it\\\/wp-content\\\/uploads\\\/2010\\\/01\\\/matteo-toscani.jpg\",\"contentUrl\":\"http:\\\/\\\/www.bellunopress.it\\\/wp-content\\\/uploads\\\/2010\\\/01\\\/matteo-toscani.jpg\"},{\"@type\":\"BreadcrumbList\",\"@id\":\"https:\\\/\\\/www.bellunopress.it\\\/2013\\\/02\\\/04\\\/approvato-in-commissione-il-progetto-di-legge-contro-la-concorrenza-sleale-e-labusivismo-toscani-provvedimento-atteso-anche-dagli-operatori-bellunesi\\\/#breadcrumb\",\"itemListElement\":[{\"@type\":\"ListItem\",\"position\":1,\"name\":\"Home\",\"item\":\"https:\\\/\\\/www.bellunopress.it\\\/\"},{\"@type\":\"ListItem\",\"position\":2,\"name\":\"Approvato in commissione il progetto di legge contro la concorrenza sleale e l&#8217;abusivismo. Toscani: &#8220;provvedimento atteso anche dagli operatori bellunesi&#8221;\"}]},{\"@type\":\"WebSite\",\"@id\":\"https:\\\/\\\/www.bellunopress.it\\\/#website\",\"url\":\"https:\\\/\\\/www.bellunopress.it\\\/\",\"name\":\"Bellunopress - Dolomiti\",\"description\":\"e-mail: redazione@bellunopress.it\",\"publisher\":{\"@id\":\"https:\\\/\\\/www.bellunopress.it\\\/#organization\"},\"potentialAction\":[{\"@type\":\"SearchAction\",\"target\":{\"@type\":\"EntryPoint\",\"urlTemplate\":\"https:\\\/\\\/www.bellunopress.it\\\/?s={search_term_string}\"},\"query-input\":{\"@type\":\"PropertyValueSpecification\",\"valueRequired\":true,\"valueName\":\"search_term_string\"}}],\"inLanguage\":\"fr-FR\"},{\"@type\":\"Organization\",\"@id\":\"https:\\\/\\\/www.bellunopress.it\\\/#organization\",\"name\":\"Bellunopress\",\"url\":\"https:\\\/\\\/www.bellunopress.it\\\/\",\"logo\":{\"@type\":\"ImageObject\",\"inLanguage\":\"fr-FR\",\"@id\":\"https:\\\/\\\/www.bellunopress.it\\\/#\\\/schema\\\/logo\\\/image\\\/\",\"url\":\"https:\\\/\\\/www.bellunopress.it\\\/wp-content\\\/uploads\\\/2011\\\/05\\\/cropped-logo-bellunopress-.jpg\",\"contentUrl\":\"https:\\\/\\\/www.bellunopress.it\\\/wp-content\\\/uploads\\\/2011\\\/05\\\/cropped-logo-bellunopress-.jpg\",\"width\":512,\"height\":512,\"caption\":\"Bellunopress\"},\"image\":{\"@id\":\"https:\\\/\\\/www.bellunopress.it\\\/#\\\/schema\\\/logo\\\/image\\\/\"},\"sameAs\":[\"https:\\\/\\\/www.facebook.com\\\/profile.php?id=100008943462799\",\"https:\\\/\\\/x.com\\\/bellunopress\",\"https:\\\/\\\/www.linkedin.com\\\/hp\\\/?dnr=JBzUWaJfMUw8vbXJJ2tVW5-I3jZKvC4wsoxE&amp;amp;amp;amp;amp;amp;trk=nav_responsive_tab_home\",\"https:\\\/\\\/www.youtube.com\\\/channel\\\/UCxL0wu1uN0_3_7hGG0306cw\"]},{\"@type\":\"Person\",\"@id\":\"https:\\\/\\\/www.bellunopress.it\\\/#\\\/schema\\\/person\\\/79bb06722b37ece1c03d3e94beb30d73\",\"name\":\"redazione\",\"image\":{\"@type\":\"ImageObject\",\"inLanguage\":\"fr-FR\",\"@id\":\"https:\\\/\\\/secure.gravatar.com\\\/avatar\\\/37d968a2e67a6fd04c169c4bdef102d0bc5d31b2546345219e348575eb80e9a0?s=96&d=mm&r=g\",\"url\":\"https:\\\/\\\/secure.gravatar.com\\\/avatar\\\/37d968a2e67a6fd04c169c4bdef102d0bc5d31b2546345219e348575eb80e9a0?s=96&d=mm&r=g\",\"contentUrl\":\"https:\\\/\\\/secure.gravatar.com\\\/avatar\\\/37d968a2e67a6fd04c169c4bdef102d0bc5d31b2546345219e348575eb80e9a0?s=96&d=mm&r=g\",\"caption\":\"redazione\"},\"sameAs\":[\"http:\\\/\\\/www.bellunopress.it\",\"https:\\\/\\\/x.com\\\/bellunopress\"],\"url\":\"https:\\\/\\\/www.bellunopress.it\\\/fr\\\/author\\\/redazione\\\/\"}]}<\/script>\n<!-- \/ Yoast SEO plugin. -->","yoast_head_json":{"title":"Approvato in commissione il progetto di legge contro la concorrenza sleale e l'abusivismo. Toscani: \"provvedimento atteso anche dagli operatori bellunesi\"  - Bellunopress - Dolomiti","robots":{"index":"index","follow":"follow","max-snippet":"max-snippet:-1","max-image-preview":"max-image-preview:large","max-video-preview":"max-video-preview:-1"},"canonical":"https:\/\/www.bellunopress.it\/fr\/2013\/02\/04\/approvato-in-commissione-il-progetto-di-legge-contro-la-concorrenza-sleale-e-labusivismo-toscani-provvedimento-atteso-anche-dagli-operatori-bellunesi\/","og_locale":"fr_FR","og_type":"article","og_title":"Approvato in commissione il progetto di legge contro la concorrenza sleale e l'abusivismo. Toscani: \"provvedimento atteso anche dagli operatori bellunesi\"  - Bellunopress - Dolomiti","og_description":"Il vicepresidente del Consiglio regionale del Veneto, Matteo Toscani, esprime soddisfazione per il via libera in Commissione Commercio alla proposta di Legge presentata dal collega della Lega Nord Paolo Tosatto, che introduce il Documento Unico di regolarit\u00e0 Contributiva (DURC) da parte degli operatori del commercio su area pubblica. \u00abSi tratta di un provvedimento molto atteso [&hellip;]","og_url":"https:\/\/www.bellunopress.it\/fr\/2013\/02\/04\/approvato-in-commissione-il-progetto-di-legge-contro-la-concorrenza-sleale-e-labusivismo-toscani-provvedimento-atteso-anche-dagli-operatori-bellunesi\/","og_site_name":"Bellunopress - Dolomiti","article_publisher":"https:\/\/www.facebook.com\/profile.php?id=100008943462799","article_published_time":"2013-02-04T18:05:18+00:00","og_image":[{"url":"http:\/\/www.bellunopress.it\/wp-content\/uploads\/2010\/01\/matteo-toscani.jpg","type":"","width":"","height":""}],"author":"redazione","twitter_card":"summary_large_image","twitter_creator":"@bellunopress","twitter_site":"@bellunopress","twitter_misc":{"\u00c9crit par":"redazione","Dur\u00e9e de lecture estim\u00e9e":"1 minute"},"schema":{"@context":"https:\/\/schema.org","@graph":[{"@type":"Article","@id":"https:\/\/www.bellunopress.it\/2013\/02\/04\/approvato-in-commissione-il-progetto-di-legge-contro-la-concorrenza-sleale-e-labusivismo-toscani-provvedimento-atteso-anche-dagli-operatori-bellunesi\/#article","isPartOf":{"@id":"https:\/\/www.bellunopress.it\/2013\/02\/04\/approvato-in-commissione-il-progetto-di-legge-contro-la-concorrenza-sleale-e-labusivismo-toscani-provvedimento-atteso-anche-dagli-operatori-bellunesi\/"},"author":{"name":"redazione","@id":"https:\/\/www.bellunopress.it\/#\/schema\/person\/79bb06722b37ece1c03d3e94beb30d73"},"headline":"Approvato in commissione il progetto di legge contro la concorrenza sleale e l&#8217;abusivismo. Toscani: &#8220;provvedimento atteso anche dagli operatori bellunesi&#8221;","datePublished":"2013-02-04T18:05:18+00:00","mainEntityOfPage":{"@id":"https:\/\/www.bellunopress.it\/2013\/02\/04\/approvato-in-commissione-il-progetto-di-legge-contro-la-concorrenza-sleale-e-labusivismo-toscani-provvedimento-atteso-anche-dagli-operatori-bellunesi\/"},"wordCount":245,"publisher":{"@id":"https:\/\/www.bellunopress.it\/#organization"},"image":{"@id":"https:\/\/www.bellunopress.it\/2013\/02\/04\/approvato-in-commissione-il-progetto-di-legge-contro-la-concorrenza-sleale-e-labusivismo-toscani-provvedimento-atteso-anche-dagli-operatori-bellunesi\/#primaryimage"},"thumbnailUrl":"http:\/\/www.bellunopress.it\/wp-content\/uploads\/2010\/01\/matteo-toscani.jpg","articleSection":["Cronaca\/Politica","Prima Pagina"],"inLanguage":"fr-FR"},{"@type":"WebPage","@id":"https:\/\/www.bellunopress.it\/2013\/02\/04\/approvato-in-commissione-il-progetto-di-legge-contro-la-concorrenza-sleale-e-labusivismo-toscani-provvedimento-atteso-anche-dagli-operatori-bellunesi\/","url":"https:\/\/www.bellunopress.it\/2013\/02\/04\/approvato-in-commissione-il-progetto-di-legge-contro-la-concorrenza-sleale-e-labusivismo-toscani-provvedimento-atteso-anche-dagli-operatori-bellunesi\/","name":"Approvato in commissione il progetto di legge contro la concorrenza sleale e l'abusivismo. Toscani: \"provvedimento atteso anche dagli operatori bellunesi\" - Bellunopress - Dolomiti","isPartOf":{"@id":"https:\/\/www.bellunopress.it\/#website"},"primaryImageOfPage":{"@id":"https:\/\/www.bellunopress.it\/2013\/02\/04\/approvato-in-commissione-il-progetto-di-legge-contro-la-concorrenza-sleale-e-labusivismo-toscani-provvedimento-atteso-anche-dagli-operatori-bellunesi\/#primaryimage"},"image":{"@id":"https:\/\/www.bellunopress.it\/2013\/02\/04\/approvato-in-commissione-il-progetto-di-legge-contro-la-concorrenza-sleale-e-labusivismo-toscani-provvedimento-atteso-anche-dagli-operatori-bellunesi\/#primaryimage"},"thumbnailUrl":"http:\/\/www.bellunopress.it\/wp-content\/uploads\/2010\/01\/matteo-toscani.jpg","datePublished":"2013-02-04T18:05:18+00:00","breadcrumb":{"@id":"https:\/\/www.bellunopress.it\/2013\/02\/04\/approvato-in-commissione-il-progetto-di-legge-contro-la-concorrenza-sleale-e-labusivismo-toscani-provvedimento-atteso-anche-dagli-operatori-bellunesi\/#breadcrumb"},"inLanguage":"fr-FR","potentialAction":[{"@type":"ReadAction","target":["https:\/\/www.bellunopress.it\/2013\/02\/04\/approvato-in-commissione-il-progetto-di-legge-contro-la-concorrenza-sleale-e-labusivismo-toscani-provvedimento-atteso-anche-dagli-operatori-bellunesi\/"]}]},{"@type":"ImageObject","inLanguage":"fr-FR","@id":"https:\/\/www.bellunopress.it\/2013\/02\/04\/approvato-in-commissione-il-progetto-di-legge-contro-la-concorrenza-sleale-e-labusivismo-toscani-provvedimento-atteso-anche-dagli-operatori-bellunesi\/#primaryimage","url":"http:\/\/www.bellunopress.it\/wp-content\/uploads\/2010\/01\/matteo-toscani.jpg","contentUrl":"http:\/\/www.bellunopress.it\/wp-content\/uploads\/2010\/01\/matteo-toscani.jpg"},{"@type":"BreadcrumbList","@id":"https:\/\/www.bellunopress.it\/2013\/02\/04\/approvato-in-commissione-il-progetto-di-legge-contro-la-concorrenza-sleale-e-labusivismo-toscani-provvedimento-atteso-anche-dagli-operatori-bellunesi\/#breadcrumb","itemListElement":[{"@type":"ListItem","position":1,"name":"Home","item":"https:\/\/www.bellunopress.it\/"},{"@type":"ListItem","position":2,"name":"Approvato in commissione il progetto di legge contro la concorrenza sleale e l&#8217;abusivismo. Toscani: &#8220;provvedimento atteso anche dagli operatori bellunesi&#8221;"}]},{"@type":"WebSite","@id":"https:\/\/www.bellunopress.it\/#website","url":"https:\/\/www.bellunopress.it\/","name":"Bellunopress - Dolomiti","description":"e-mail: redazione@bellunopress.it","publisher":{"@id":"https:\/\/www.bellunopress.it\/#organization"},"potentialAction":[{"@type":"SearchAction","target":{"@type":"EntryPoint","urlTemplate":"https:\/\/www.bellunopress.it\/?s={search_term_string}"},"query-input":{"@type":"PropertyValueSpecification","valueRequired":true,"valueName":"search_term_string"}}],"inLanguage":"fr-FR"},{"@type":"Organization","@id":"https:\/\/www.bellunopress.it\/#organization","name":"Bellunopress","url":"https:\/\/www.bellunopress.it\/","logo":{"@type":"ImageObject","inLanguage":"fr-FR","@id":"https:\/\/www.bellunopress.it\/#\/schema\/logo\/image\/","url":"https:\/\/www.bellunopress.it\/wp-content\/uploads\/2011\/05\/cropped-logo-bellunopress-.jpg","contentUrl":"https:\/\/www.bellunopress.it\/wp-content\/uploads\/2011\/05\/cropped-logo-bellunopress-.jpg","width":512,"height":512,"caption":"Bellunopress"},"image":{"@id":"https:\/\/www.bellunopress.it\/#\/schema\/logo\/image\/"},"sameAs":["https:\/\/www.facebook.com\/profile.php?id=100008943462799","https:\/\/x.com\/bellunopress","https:\/\/www.linkedin.com\/hp\/?dnr=JBzUWaJfMUw8vbXJJ2tVW5-I3jZKvC4wsoxE&amp;amp;amp;amp;amp;amp;trk=nav_responsive_tab_home","https:\/\/www.youtube.com\/channel\/UCxL0wu1uN0_3_7hGG0306cw"]},{"@type":"Person","@id":"https:\/\/www.bellunopress.it\/#\/schema\/person\/79bb06722b37ece1c03d3e94beb30d73","name":"r\u00e9daction","image":{"@type":"ImageObject","inLanguage":"fr-FR","@id":"https:\/\/secure.gravatar.com\/avatar\/37d968a2e67a6fd04c169c4bdef102d0bc5d31b2546345219e348575eb80e9a0?s=96&d=mm&r=g","url":"https:\/\/secure.gravatar.com\/avatar\/37d968a2e67a6fd04c169c4bdef102d0bc5d31b2546345219e348575eb80e9a0?s=96&d=mm&r=g","contentUrl":"https:\/\/secure.gravatar.com\/avatar\/37d968a2e67a6fd04c169c4bdef102d0bc5d31b2546345219e348575eb80e9a0?s=96&d=mm&r=g","caption":"redazione"},"sameAs":["http:\/\/www.bellunopress.it","https:\/\/x.com\/bellunopress"],"url":"https:\/\/www.bellunopress.it\/fr\/author\/redazione\/"}]}},"_links":{"self":[{"href":"https:\/\/www.bellunopress.it\/fr\/wp-json\/wp\/v2\/posts\/46411","targetHints":{"allow":["GET"]}}],"collection":[{"href":"https:\/\/www.bellunopress.it\/fr\/wp-json\/wp\/v2\/posts"}],"about":[{"href":"https:\/\/www.bellunopress.it\/fr\/wp-json\/wp\/v2\/types\/post"}],"author":[{"embeddable":true,"href":"https:\/\/www.bellunopress.it\/fr\/wp-json\/wp\/v2\/users\/2"}],"replies":[{"embeddable":true,"href":"https:\/\/www.bellunopress.it\/fr\/wp-json\/wp\/v2\/comments?post=46411"}],"version-history":[{"count":2,"href":"https:\/\/www.bellunopress.it\/fr\/wp-json\/wp\/v2\/posts\/46411\/revisions"}],"predecessor-version":[{"id":46413,"href":"https:\/\/www.bellunopress.it\/fr\/wp-json\/wp\/v2\/posts\/46411\/revisions\/46413"}],"wp:attachment":[{"href":"https:\/\/www.bellunopress.it\/fr\/wp-json\/wp\/v2\/media?parent=46411"}],"wp:term":[{"taxonomy":"category","embeddable":true,"href":"https:\/\/www.bellunopress.it\/fr\/wp-json\/wp\/v2\/categories?post=46411"},{"taxonomy":"post_tag","embeddable":true,"href":"https:\/\/www.bellunopress.it\/fr\/wp-json\/wp\/v2\/tags?post=46411"}],"curies":[{"name":"wp","href":"https:\/\/api.w.org\/{rel}","templated":true}]}}