{"id":46383,"date":"2013-02-04T15:09:08","date_gmt":"2013-02-04T14:09:08","guid":{"rendered":"http:\/\/www.bellunopress.it\/?p=46383"},"modified":"2013-02-04T15:09:08","modified_gmt":"2013-02-04T14:09:08","slug":"martedi-a-feltre-la-giunta-dellunione-artigiani-incontra-le-azienze","status":"publish","type":"post","link":"https:\/\/www.bellunopress.it\/fr\/2013\/02\/04\/martedi-a-feltre-la-giunta-dellunione-artigiani-incontra-le-azienze\/","title":{"rendered":"Marted\u00ec a Feltre la giunta dell&#8217;Unione artigiani incontra le azienze"},"content":{"rendered":"<p><a href=\"http:\/\/www.bellunopress.it\/wp-content\/uploads\/2009\/07\/unione-artigiani-e-piccola-industria-belluno.jpg\"><img loading=\"lazy\" decoding=\"async\" class=\"alignleft size-full wp-image-6417\" alt=\"uapi unione-artigiani-e-piccola-industria-belluno\" src=\"http:\/\/www.bellunopress.it\/wp-content\/uploads\/2009\/07\/unione-artigiani-e-piccola-industria-belluno.jpg\" width=\"120\" height=\"120\" \/><\/a>Inizia domani marted\u00ec 5 febbraio il ciclo di incontri della Giunta dell\u2019UAPI di Belluno con le imprese associate sull\u2019intero territorio provinciale: da sud a nord.<\/p>\n<p>Si inizia da Feltre (entro fine mese seguiranno Agordo e Pieve di Cadore, per proseguire a marzo in altre localit\u00e0) alle ore 19.00 presso la sala riunioni in via Ligont 4, dove il presidente Giacomo Deon assieme ai colleghi di Giunta incontrer\u00e0 le aziende associate per un confronto su temi di attualit\u00e0, ma anche per raccogliere indicazioni e idee.<\/p>\n<p>\u201cAttraverso tale iniziativa &#8211; spiega il presidente dell\u2019Unione Artigiani e Piccola Industria di Belluno, Giacomo Deon &#8211; vogliamo presentare il nostro programma e rivolgerci ai soci per rafforzare il senso di appartenenza all\u2019Associazione\u201d.<\/p>\n<p>L\u2019appuntamento sar\u00e0 preceduto alle ore 18.00, presso la stessa sede, da un approfondimento sulle novit\u00e0 fiscali del 2013 con gli esperti fiscali dell\u2019UAPI, che parleranno in particolare di: redditometro, Iva per cassa, nuova fatturazione, Tares, responsabilit\u00e0 solidale nei subappalti.<\/p>\n<p>&nbsp;<\/p>\n<p>&nbsp;<\/p>\n<p>&nbsp;<\/p>\n<p>&nbsp;<\/p>","protected":false},"excerpt":{"rendered":"<p>Inizia domani marted\u00ec 5 febbraio il ciclo di incontri della Giunta dell\u2019UAPI di Belluno con le imprese associate sull\u2019intero territorio provinciale: da sud a nord. Si inizia da Feltre (entro fine mese seguiranno Agordo e Pieve di Cadore, per proseguire a marzo in altre localit\u00e0) alle ore 19.00 presso la sala riunioni in via Ligont [&hellip;]<\/p>\n","protected":false},"author":2,"featured_media":0,"comment_status":"closed","ping_status":"open","sticky":false,"template":"","format":"standard","meta":{"footnotes":""},"categories":[27,36,26],"tags":[],"class_list":["post-46383","post","type-post","status-publish","format-standard","category-appuntamenti","category-lavoro-economia","category-prima-pagina"],"yoast_head":"<!-- This site is optimized with the Yoast SEO plugin v28.4 - https:\/\/yoast.com\/product\/yoast-seo-wordpress\/ -->\n<title>Marted\u00ec a Feltre la giunta dell&#039;Unione artigiani incontra le azienze - Bellunopress - Dolomiti<\/title>\n<meta name=\"robots\" content=\"index, follow, max-snippet:-1, max-image-preview:large, max-video-preview:-1\" \/>\n<link rel=\"canonical\" href=\"https:\/\/www.bellunopress.it\/fr\/2013\/02\/04\/martedi-a-feltre-la-giunta-dellunione-artigiani-incontra-le-azienze\/\" \/>\n<meta property=\"og:locale\" content=\"fr_FR\" \/>\n<meta property=\"og:type\" content=\"article\" \/>\n<meta property=\"og:title\" content=\"Marted\u00ec a Feltre la giunta dell&#039;Unione artigiani incontra le azienze - Bellunopress - Dolomiti\" \/>\n<meta property=\"og:description\" content=\"Inizia domani marted\u00ec 5 febbraio il ciclo di incontri della Giunta dell\u2019UAPI di Belluno con le imprese associate sull\u2019intero territorio provinciale: da sud a nord. Si inizia da Feltre (entro fine mese seguiranno Agordo e Pieve di Cadore, per proseguire a marzo in altre localit\u00e0) alle ore 19.00 presso la sala riunioni in via Ligont [&hellip;]\" \/>\n<meta property=\"og:url\" content=\"https:\/\/www.bellunopress.it\/fr\/2013\/02\/04\/martedi-a-feltre-la-giunta-dellunione-artigiani-incontra-le-azienze\/\" \/>\n<meta property=\"og:site_name\" content=\"Bellunopress - Dolomiti\" \/>\n<meta property=\"article:publisher\" content=\"https:\/\/www.facebook.com\/profile.php?id=100008943462799\" \/>\n<meta property=\"article:published_time\" content=\"2013-02-04T14:09:08+00:00\" \/>\n<meta property=\"og:image\" content=\"http:\/\/www.bellunopress.it\/wp-content\/uploads\/2009\/07\/unione-artigiani-e-piccola-industria-belluno.jpg\" \/>\n<meta name=\"author\" content=\"redazione\" \/>\n<meta name=\"twitter:card\" content=\"summary_large_image\" \/>\n<meta name=\"twitter:creator\" content=\"@bellunopress\" \/>\n<meta name=\"twitter:site\" content=\"@bellunopress\" \/>\n<meta name=\"twitter:label1\" content=\"\u00c9crit par\" \/>\n\t<meta name=\"twitter:data1\" content=\"redazione\" \/>\n\t<meta name=\"twitter:label2\" content=\"Dur\u00e9e de lecture estim\u00e9e\" \/>\n\t<meta name=\"twitter:data2\" content=\"1 minute\" \/>\n<script type=\"application\/ld+json\" class=\"yoast-schema-graph\">{\"@context\":\"https:\\\/\\\/schema.org\",\"@graph\":[{\"@type\":\"Article\",\"@id\":\"https:\\\/\\\/www.bellunopress.it\\\/2013\\\/02\\\/04\\\/martedi-a-feltre-la-giunta-dellunione-artigiani-incontra-le-azienze\\\/#article\",\"isPartOf\":{\"@id\":\"https:\\\/\\\/www.bellunopress.it\\\/2013\\\/02\\\/04\\\/martedi-a-feltre-la-giunta-dellunione-artigiani-incontra-le-azienze\\\/\"},\"author\":{\"name\":\"redazione\",\"@id\":\"https:\\\/\\\/www.bellunopress.it\\\/#\\\/schema\\\/person\\\/79bb06722b37ece1c03d3e94beb30d73\"},\"headline\":\"Marted\u00ec a Feltre la giunta dell&#8217;Unione artigiani incontra le azienze\",\"datePublished\":\"2013-02-04T14:09:08+00:00\",\"mainEntityOfPage\":{\"@id\":\"https:\\\/\\\/www.bellunopress.it\\\/2013\\\/02\\\/04\\\/martedi-a-feltre-la-giunta-dellunione-artigiani-incontra-le-azienze\\\/\"},\"wordCount\":172,\"publisher\":{\"@id\":\"https:\\\/\\\/www.bellunopress.it\\\/#organization\"},\"image\":{\"@id\":\"https:\\\/\\\/www.bellunopress.it\\\/2013\\\/02\\\/04\\\/martedi-a-feltre-la-giunta-dellunione-artigiani-incontra-le-azienze\\\/#primaryimage\"},\"thumbnailUrl\":\"http:\\\/\\\/www.bellunopress.it\\\/wp-content\\\/uploads\\\/2009\\\/07\\\/unione-artigiani-e-piccola-industria-belluno.jpg\",\"articleSection\":[\"Appuntamenti, Eventi\",\"Lavoro, Economia, Turismo\",\"Prima Pagina\"],\"inLanguage\":\"fr-FR\"},{\"@type\":\"WebPage\",\"@id\":\"https:\\\/\\\/www.bellunopress.it\\\/2013\\\/02\\\/04\\\/martedi-a-feltre-la-giunta-dellunione-artigiani-incontra-le-azienze\\\/\",\"url\":\"https:\\\/\\\/www.bellunopress.it\\\/2013\\\/02\\\/04\\\/martedi-a-feltre-la-giunta-dellunione-artigiani-incontra-le-azienze\\\/\",\"name\":\"Marted\u00ec a Feltre la giunta dell'Unione artigiani incontra le azienze - Bellunopress - Dolomiti\",\"isPartOf\":{\"@id\":\"https:\\\/\\\/www.bellunopress.it\\\/#website\"},\"primaryImageOfPage\":{\"@id\":\"https:\\\/\\\/www.bellunopress.it\\\/2013\\\/02\\\/04\\\/martedi-a-feltre-la-giunta-dellunione-artigiani-incontra-le-azienze\\\/#primaryimage\"},\"image\":{\"@id\":\"https:\\\/\\\/www.bellunopress.it\\\/2013\\\/02\\\/04\\\/martedi-a-feltre-la-giunta-dellunione-artigiani-incontra-le-azienze\\\/#primaryimage\"},\"thumbnailUrl\":\"http:\\\/\\\/www.bellunopress.it\\\/wp-content\\\/uploads\\\/2009\\\/07\\\/unione-artigiani-e-piccola-industria-belluno.jpg\",\"datePublished\":\"2013-02-04T14:09:08+00:00\",\"breadcrumb\":{\"@id\":\"https:\\\/\\\/www.bellunopress.it\\\/2013\\\/02\\\/04\\\/martedi-a-feltre-la-giunta-dellunione-artigiani-incontra-le-azienze\\\/#breadcrumb\"},\"inLanguage\":\"fr-FR\",\"potentialAction\":[{\"@type\":\"ReadAction\",\"target\":[\"https:\\\/\\\/www.bellunopress.it\\\/2013\\\/02\\\/04\\\/martedi-a-feltre-la-giunta-dellunione-artigiani-incontra-le-azienze\\\/\"]}]},{\"@type\":\"ImageObject\",\"inLanguage\":\"fr-FR\",\"@id\":\"https:\\\/\\\/www.bellunopress.it\\\/2013\\\/02\\\/04\\\/martedi-a-feltre-la-giunta-dellunione-artigiani-incontra-le-azienze\\\/#primaryimage\",\"url\":\"http:\\\/\\\/www.bellunopress.it\\\/wp-content\\\/uploads\\\/2009\\\/07\\\/unione-artigiani-e-piccola-industria-belluno.jpg\",\"contentUrl\":\"http:\\\/\\\/www.bellunopress.it\\\/wp-content\\\/uploads\\\/2009\\\/07\\\/unione-artigiani-e-piccola-industria-belluno.jpg\"},{\"@type\":\"BreadcrumbList\",\"@id\":\"https:\\\/\\\/www.bellunopress.it\\\/2013\\\/02\\\/04\\\/martedi-a-feltre-la-giunta-dellunione-artigiani-incontra-le-azienze\\\/#breadcrumb\",\"itemListElement\":[{\"@type\":\"ListItem\",\"position\":1,\"name\":\"Home\",\"item\":\"https:\\\/\\\/www.bellunopress.it\\\/\"},{\"@type\":\"ListItem\",\"position\":2,\"name\":\"Marted\u00ec a Feltre la giunta dell&#8217;Unione artigiani incontra le azienze\"}]},{\"@type\":\"WebSite\",\"@id\":\"https:\\\/\\\/www.bellunopress.it\\\/#website\",\"url\":\"https:\\\/\\\/www.bellunopress.it\\\/\",\"name\":\"Bellunopress - Dolomiti\",\"description\":\"e-mail: redazione@bellunopress.it\",\"publisher\":{\"@id\":\"https:\\\/\\\/www.bellunopress.it\\\/#organization\"},\"potentialAction\":[{\"@type\":\"SearchAction\",\"target\":{\"@type\":\"EntryPoint\",\"urlTemplate\":\"https:\\\/\\\/www.bellunopress.it\\\/?s={search_term_string}\"},\"query-input\":{\"@type\":\"PropertyValueSpecification\",\"valueRequired\":true,\"valueName\":\"search_term_string\"}}],\"inLanguage\":\"fr-FR\"},{\"@type\":\"Organization\",\"@id\":\"https:\\\/\\\/www.bellunopress.it\\\/#organization\",\"name\":\"Bellunopress\",\"url\":\"https:\\\/\\\/www.bellunopress.it\\\/\",\"logo\":{\"@type\":\"ImageObject\",\"inLanguage\":\"fr-FR\",\"@id\":\"https:\\\/\\\/www.bellunopress.it\\\/#\\\/schema\\\/logo\\\/image\\\/\",\"url\":\"https:\\\/\\\/www.bellunopress.it\\\/wp-content\\\/uploads\\\/2011\\\/05\\\/cropped-logo-bellunopress-.jpg\",\"contentUrl\":\"https:\\\/\\\/www.bellunopress.it\\\/wp-content\\\/uploads\\\/2011\\\/05\\\/cropped-logo-bellunopress-.jpg\",\"width\":512,\"height\":512,\"caption\":\"Bellunopress\"},\"image\":{\"@id\":\"https:\\\/\\\/www.bellunopress.it\\\/#\\\/schema\\\/logo\\\/image\\\/\"},\"sameAs\":[\"https:\\\/\\\/www.facebook.com\\\/profile.php?id=100008943462799\",\"https:\\\/\\\/x.com\\\/bellunopress\",\"https:\\\/\\\/www.linkedin.com\\\/hp\\\/?dnr=JBzUWaJfMUw8vbXJJ2tVW5-I3jZKvC4wsoxE&amp;amp;amp;amp;amp;amp;trk=nav_responsive_tab_home\",\"https:\\\/\\\/www.youtube.com\\\/channel\\\/UCxL0wu1uN0_3_7hGG0306cw\"]},{\"@type\":\"Person\",\"@id\":\"https:\\\/\\\/www.bellunopress.it\\\/#\\\/schema\\\/person\\\/79bb06722b37ece1c03d3e94beb30d73\",\"name\":\"redazione\",\"image\":{\"@type\":\"ImageObject\",\"inLanguage\":\"fr-FR\",\"@id\":\"https:\\\/\\\/secure.gravatar.com\\\/avatar\\\/37d968a2e67a6fd04c169c4bdef102d0bc5d31b2546345219e348575eb80e9a0?s=96&d=mm&r=g\",\"url\":\"https:\\\/\\\/secure.gravatar.com\\\/avatar\\\/37d968a2e67a6fd04c169c4bdef102d0bc5d31b2546345219e348575eb80e9a0?s=96&d=mm&r=g\",\"contentUrl\":\"https:\\\/\\\/secure.gravatar.com\\\/avatar\\\/37d968a2e67a6fd04c169c4bdef102d0bc5d31b2546345219e348575eb80e9a0?s=96&d=mm&r=g\",\"caption\":\"redazione\"},\"sameAs\":[\"http:\\\/\\\/www.bellunopress.it\",\"https:\\\/\\\/x.com\\\/bellunopress\"],\"url\":\"https:\\\/\\\/www.bellunopress.it\\\/fr\\\/author\\\/redazione\\\/\"}]}<\/script>\n<!-- \/ Yoast SEO plugin. -->","yoast_head_json":{"title":"Marted\u00ec a Feltre la giunta dell'Unione artigiani incontra le azienze - Bellunopress - Dolomiti","robots":{"index":"index","follow":"follow","max-snippet":"max-snippet:-1","max-image-preview":"max-image-preview:large","max-video-preview":"max-video-preview:-1"},"canonical":"https:\/\/www.bellunopress.it\/fr\/2013\/02\/04\/martedi-a-feltre-la-giunta-dellunione-artigiani-incontra-le-azienze\/","og_locale":"fr_FR","og_type":"article","og_title":"Marted\u00ec a Feltre la giunta dell'Unione artigiani incontra le azienze - Bellunopress - Dolomiti","og_description":"Inizia domani marted\u00ec 5 febbraio il ciclo di incontri della Giunta dell\u2019UAPI di Belluno con le imprese associate sull\u2019intero territorio provinciale: da sud a nord. Si inizia da Feltre (entro fine mese seguiranno Agordo e Pieve di Cadore, per proseguire a marzo in altre localit\u00e0) alle ore 19.00 presso la sala riunioni in via Ligont [&hellip;]","og_url":"https:\/\/www.bellunopress.it\/fr\/2013\/02\/04\/martedi-a-feltre-la-giunta-dellunione-artigiani-incontra-le-azienze\/","og_site_name":"Bellunopress - Dolomiti","article_publisher":"https:\/\/www.facebook.com\/profile.php?id=100008943462799","article_published_time":"2013-02-04T14:09:08+00:00","og_image":[{"url":"http:\/\/www.bellunopress.it\/wp-content\/uploads\/2009\/07\/unione-artigiani-e-piccola-industria-belluno.jpg","type":"","width":"","height":""}],"author":"redazione","twitter_card":"summary_large_image","twitter_creator":"@bellunopress","twitter_site":"@bellunopress","twitter_misc":{"\u00c9crit par":"redazione","Dur\u00e9e de lecture estim\u00e9e":"1 minute"},"schema":{"@context":"https:\/\/schema.org","@graph":[{"@type":"Article","@id":"https:\/\/www.bellunopress.it\/2013\/02\/04\/martedi-a-feltre-la-giunta-dellunione-artigiani-incontra-le-azienze\/#article","isPartOf":{"@id":"https:\/\/www.bellunopress.it\/2013\/02\/04\/martedi-a-feltre-la-giunta-dellunione-artigiani-incontra-le-azienze\/"},"author":{"name":"redazione","@id":"https:\/\/www.bellunopress.it\/#\/schema\/person\/79bb06722b37ece1c03d3e94beb30d73"},"headline":"Marted\u00ec a Feltre la giunta dell&#8217;Unione artigiani incontra le azienze","datePublished":"2013-02-04T14:09:08+00:00","mainEntityOfPage":{"@id":"https:\/\/www.bellunopress.it\/2013\/02\/04\/martedi-a-feltre-la-giunta-dellunione-artigiani-incontra-le-azienze\/"},"wordCount":172,"publisher":{"@id":"https:\/\/www.bellunopress.it\/#organization"},"image":{"@id":"https:\/\/www.bellunopress.it\/2013\/02\/04\/martedi-a-feltre-la-giunta-dellunione-artigiani-incontra-le-azienze\/#primaryimage"},"thumbnailUrl":"http:\/\/www.bellunopress.it\/wp-content\/uploads\/2009\/07\/unione-artigiani-e-piccola-industria-belluno.jpg","articleSection":["Appuntamenti, Eventi","Lavoro, Economia, Turismo","Prima Pagina"],"inLanguage":"fr-FR"},{"@type":"WebPage","@id":"https:\/\/www.bellunopress.it\/2013\/02\/04\/martedi-a-feltre-la-giunta-dellunione-artigiani-incontra-le-azienze\/","url":"https:\/\/www.bellunopress.it\/2013\/02\/04\/martedi-a-feltre-la-giunta-dellunione-artigiani-incontra-le-azienze\/","name":"Marted\u00ec a Feltre la giunta dell'Unione artigiani incontra le azienze - Bellunopress - Dolomiti","isPartOf":{"@id":"https:\/\/www.bellunopress.it\/#website"},"primaryImageOfPage":{"@id":"https:\/\/www.bellunopress.it\/2013\/02\/04\/martedi-a-feltre-la-giunta-dellunione-artigiani-incontra-le-azienze\/#primaryimage"},"image":{"@id":"https:\/\/www.bellunopress.it\/2013\/02\/04\/martedi-a-feltre-la-giunta-dellunione-artigiani-incontra-le-azienze\/#primaryimage"},"thumbnailUrl":"http:\/\/www.bellunopress.it\/wp-content\/uploads\/2009\/07\/unione-artigiani-e-piccola-industria-belluno.jpg","datePublished":"2013-02-04T14:09:08+00:00","breadcrumb":{"@id":"https:\/\/www.bellunopress.it\/2013\/02\/04\/martedi-a-feltre-la-giunta-dellunione-artigiani-incontra-le-azienze\/#breadcrumb"},"inLanguage":"fr-FR","potentialAction":[{"@type":"ReadAction","target":["https:\/\/www.bellunopress.it\/2013\/02\/04\/martedi-a-feltre-la-giunta-dellunione-artigiani-incontra-le-azienze\/"]}]},{"@type":"ImageObject","inLanguage":"fr-FR","@id":"https:\/\/www.bellunopress.it\/2013\/02\/04\/martedi-a-feltre-la-giunta-dellunione-artigiani-incontra-le-azienze\/#primaryimage","url":"http:\/\/www.bellunopress.it\/wp-content\/uploads\/2009\/07\/unione-artigiani-e-piccola-industria-belluno.jpg","contentUrl":"http:\/\/www.bellunopress.it\/wp-content\/uploads\/2009\/07\/unione-artigiani-e-piccola-industria-belluno.jpg"},{"@type":"BreadcrumbList","@id":"https:\/\/www.bellunopress.it\/2013\/02\/04\/martedi-a-feltre-la-giunta-dellunione-artigiani-incontra-le-azienze\/#breadcrumb","itemListElement":[{"@type":"ListItem","position":1,"name":"Home","item":"https:\/\/www.bellunopress.it\/"},{"@type":"ListItem","position":2,"name":"Marted\u00ec a Feltre la giunta dell&#8217;Unione artigiani incontra le azienze"}]},{"@type":"WebSite","@id":"https:\/\/www.bellunopress.it\/#website","url":"https:\/\/www.bellunopress.it\/","name":"Bellunopress - Dolomiti","description":"e-mail: redazione@bellunopress.it","publisher":{"@id":"https:\/\/www.bellunopress.it\/#organization"},"potentialAction":[{"@type":"SearchAction","target":{"@type":"EntryPoint","urlTemplate":"https:\/\/www.bellunopress.it\/?s={search_term_string}"},"query-input":{"@type":"PropertyValueSpecification","valueRequired":true,"valueName":"search_term_string"}}],"inLanguage":"fr-FR"},{"@type":"Organization","@id":"https:\/\/www.bellunopress.it\/#organization","name":"Bellunopress","url":"https:\/\/www.bellunopress.it\/","logo":{"@type":"ImageObject","inLanguage":"fr-FR","@id":"https:\/\/www.bellunopress.it\/#\/schema\/logo\/image\/","url":"https:\/\/www.bellunopress.it\/wp-content\/uploads\/2011\/05\/cropped-logo-bellunopress-.jpg","contentUrl":"https:\/\/www.bellunopress.it\/wp-content\/uploads\/2011\/05\/cropped-logo-bellunopress-.jpg","width":512,"height":512,"caption":"Bellunopress"},"image":{"@id":"https:\/\/www.bellunopress.it\/#\/schema\/logo\/image\/"},"sameAs":["https:\/\/www.facebook.com\/profile.php?id=100008943462799","https:\/\/x.com\/bellunopress","https:\/\/www.linkedin.com\/hp\/?dnr=JBzUWaJfMUw8vbXJJ2tVW5-I3jZKvC4wsoxE&amp;amp;amp;amp;amp;amp;trk=nav_responsive_tab_home","https:\/\/www.youtube.com\/channel\/UCxL0wu1uN0_3_7hGG0306cw"]},{"@type":"Person","@id":"https:\/\/www.bellunopress.it\/#\/schema\/person\/79bb06722b37ece1c03d3e94beb30d73","name":"r\u00e9daction","image":{"@type":"ImageObject","inLanguage":"fr-FR","@id":"https:\/\/secure.gravatar.com\/avatar\/37d968a2e67a6fd04c169c4bdef102d0bc5d31b2546345219e348575eb80e9a0?s=96&d=mm&r=g","url":"https:\/\/secure.gravatar.com\/avatar\/37d968a2e67a6fd04c169c4bdef102d0bc5d31b2546345219e348575eb80e9a0?s=96&d=mm&r=g","contentUrl":"https:\/\/secure.gravatar.com\/avatar\/37d968a2e67a6fd04c169c4bdef102d0bc5d31b2546345219e348575eb80e9a0?s=96&d=mm&r=g","caption":"redazione"},"sameAs":["http:\/\/www.bellunopress.it","https:\/\/x.com\/bellunopress"],"url":"https:\/\/www.bellunopress.it\/fr\/author\/redazione\/"}]}},"_links":{"self":[{"href":"https:\/\/www.bellunopress.it\/fr\/wp-json\/wp\/v2\/posts\/46383","targetHints":{"allow":["GET"]}}],"collection":[{"href":"https:\/\/www.bellunopress.it\/fr\/wp-json\/wp\/v2\/posts"}],"about":[{"href":"https:\/\/www.bellunopress.it\/fr\/wp-json\/wp\/v2\/types\/post"}],"author":[{"embeddable":true,"href":"https:\/\/www.bellunopress.it\/fr\/wp-json\/wp\/v2\/users\/2"}],"replies":[{"embeddable":true,"href":"https:\/\/www.bellunopress.it\/fr\/wp-json\/wp\/v2\/comments?post=46383"}],"version-history":[{"count":2,"href":"https:\/\/www.bellunopress.it\/fr\/wp-json\/wp\/v2\/posts\/46383\/revisions"}],"predecessor-version":[{"id":46385,"href":"https:\/\/www.bellunopress.it\/fr\/wp-json\/wp\/v2\/posts\/46383\/revisions\/46385"}],"wp:attachment":[{"href":"https:\/\/www.bellunopress.it\/fr\/wp-json\/wp\/v2\/media?parent=46383"}],"wp:term":[{"taxonomy":"category","embeddable":true,"href":"https:\/\/www.bellunopress.it\/fr\/wp-json\/wp\/v2\/categories?post=46383"},{"taxonomy":"post_tag","embeddable":true,"href":"https:\/\/www.bellunopress.it\/fr\/wp-json\/wp\/v2\/tags?post=46383"}],"curies":[{"name":"wp","href":"https:\/\/api.w.org\/{rel}","templated":true}]}}