{"id":46375,"date":"2013-02-03T21:39:32","date_gmt":"2013-02-03T20:39:32","guid":{"rendered":"http:\/\/www.bellunopress.it\/?p=46375"},"modified":"2013-02-07T16:29:56","modified_gmt":"2013-02-07T15:29:56","slug":"versi-liberi-concorso-letterario-a-sedico","status":"publish","type":"post","link":"https:\/\/www.bellunopress.it\/fr\/2013\/02\/03\/versi-liberi-concorso-letterario-a-sedico\/","title":{"rendered":"Versi liberi. Concorso letterario a Sedico"},"content":{"rendered":"<p>COMUNE DI SEDICO\u00a0PREMIO PROVINCIALE<\/p>\n<p>\u201cVersi Liberi\u201d\u00a0SESTA EDIZIONE 2013\u00a0SCADENZA ore 12,00 del 31 MARZO 2013<\/p>\n<p>Struttura del concorso<\/p>\n<p>Il concorso \u00e8 suddiviso in tre sezioni di partecipazione<\/p>\n<p>Sezione A POESIA<\/p>\n<p>suddivisa nelle seguenti categorie<\/p>\n<p>&#8211; ADULTI dai 18 anni<\/p>\n<p>&#8211; SCUOLA SECONDARIA DI PRIMO GRADO<\/p>\n<p>Sezione B SMS<\/p>\n<p>rivolta ai ragazzi dai 15 ai 25 anni<\/p>\n<p>Sezione C FILASTROCCHE<\/p>\n<p>rivolta ai bambini della SCUOLA PRIMARIA<\/p>\n<p>REGOLAMENTO<\/p>\n<p>Sezione A POESIA<\/p>\n<p>Le opere partecipanti dovranno essere inviate:<\/p>\n<p>a mezzo posta a all\u2019URP del Comune di Sedico \u2013 Piazza della Vittoria, 21 &#8211; 32036 &#8211; Sedico<\/p>\n<p>e-mail all\u2019indirizzo protocollo@comune.sedico.bl.it,<\/p>\n<p>o consegnate personalmente, entro e non oltre le ore 12,00 del 31 MARZO 2013<\/p>\n<p>Per la sezione dove \u00e8 richiesta allegare anche la ricevuta di versamento della quota di<\/p>\n<p>partecipazione.<\/p>\n<p>Per la categoria ADULTI<\/p>\n<p>\u00e8 prevista una quota di iscrizione di \u20ac 15,00 da versare su conto corrente della Tesoreria<\/p>\n<p>comunale &#8211; Cassa Risparmio del Veneto<\/p>\n<p>IBAN IT 04 C 06225 12186 100000300505<\/p>\n<p>INDICANDO COME CAUSALE: \u201c VERSI LIBERI \u2013 nome e cognome e codice fiscale.<\/p>\n<p>1. Ogni autore potr\u00e0 inviare non pi\u00f9 di due poesie<\/p>\n<p>2. Le poesie devono essere inedite, mai premiate ad altri concorsi ed in lingua italiana e non<\/p>\n<p>superare i 50 versi di lunghezza.<\/p>\n<p>3. Gli elaborati partecipanti al premio non saranno restituiti.<\/p>\n<p>4. Le opere devono risultare anonime. Su foglio allegato a parte saranno indicati i dati<\/p>\n<p>anagrafici dell\u2019autore, l\u2019indirizzo, il numero di telefono e il titolo dell&#8217;opera inviata.<\/p>\n<p>5. Il tema \u00e8 libero<\/p>\n<p>2<\/p>\n<p>Per la categoria SCUOLA SECONDARIA DI PRIMO GRADO<\/p>\n<p>6. Ogni autore potr\u00e0 inviare una poesia<\/p>\n<p>7. Le poesie devono essere inedite, mai premiate ad altri concorsi ed in lingua italiana e non<\/p>\n<p>superare i 50 versi di lunghezza.<\/p>\n<p>8. Gli elaborati partecipanti al premio non saranno restituiti.<\/p>\n<p>9. Le opere devono risultare anonime. Su foglio allegato a parte saranno indicati i dati<\/p>\n<p>anagrafici dell\u2019autore, l\u2019indirizzo, il numero di telefono e il titolo dell&#8217;opera inviata.<\/p>\n<p>10. Il tema \u00e8 libero<\/p>\n<p>La partecipazione a questa sezione \u00e8 gratuita.<\/p>\n<p>Sezione B &#8211; SMS<\/p>\n<p>Potranno partecipare a questa sezione i ragazzi dai 15 ai 25 anni inviando un messaggio al n<\/p>\n<p>3470474799, inserendo all&#8217;inizio le parole \u201cversi liberi\u201d e il proprio nome e cognome.<\/p>\n<p>Il messaggio pu\u00f2 essere sia poetico che di narrativa o di altra forma che esprima in modo originale<\/p>\n<p>un proprio pensiero.<\/p>\n<p>Il tema \u00e8 libero.<\/p>\n<p>Il messaggio potr\u00e0 essere al massimo di 500 caratteri compreso gli spazi e la punteggiatura e le<\/p>\n<p>parole non devono essere sostituite da abbreviazioni o simboli.<\/p>\n<p>Per indicare un capoverso si user\u00e0 il simbolo asterisco (*)<\/p>\n<p>La partecipazione a questa sezione \u00e8 gratuita.<\/p>\n<p>Sezione C FILASTROCCHE<\/p>\n<p>Potranno partecipare a questa sezione i bambini di tutte le scuole primarie della Provincia di<\/p>\n<p>Belluno.<\/p>\n<p>Essi dovranno inviare una FILASTROCCA su tema libero che dovr\u00e0 essere frutto di un lavoro di<\/p>\n<p>gruppo coordinato dalle insegnanti.<\/p>\n<p>Ogni classe o gruppo di bambini potr\u00e0 partecipare con una filastrocca (max 50 strofe) in unica<\/p>\n<p>copia dattiloscritta, anonima. Su foglio a parte andranno indicati tutti i dati identificativi: scuola,<\/p>\n<p>classe di appartenenza, insegnante ed un recapito telefonico.<\/p>\n<p>Sar\u00e0 cura dell\u2019istituto far pervenire gli elaborati all\u2019URP del Comune di Sedico<\/p>\n<p>La partecipazione a questa sezione \u00e8 gratuita.<\/p>\n<p>PREMI<\/p>\n<p>Verr\u00e0 data alla stampa l\u2019antologia del premio provinciale \u201cVersi Liberi\u201d, dove saranno inserite le<\/p>\n<p>opere dei vincitori e dei segnalati di ogni sezione. Copie dell\u2019antologia saranno distribuite presso gli<\/p>\n<p>istituti scolastici e le biblioteche provinciali.<\/p>\n<p>Sezione A POESIA<\/p>\n<p>ADULTI<\/p>\n<p>Il primo classificato ricever\u00e0 in premio un soggiorno per 2 persone (3 notti con colazione a<\/p>\n<p>scelta fra 155 localit\u00e0 italiane) e cinque copie dell\u2019antologia<\/p>\n<p>Il secondo classificato ricever\u00e0 in premio un \u201cSoggiorno Benessere\u201d per 2 persone (una<\/p>\n<p>notte con colazione a scelta fra 205 localit\u00e0) e cinque copie dell\u2019antologia.<\/p>\n<p>Il terzo classificato ricever\u00e0 in premio un soggiorno per 2 persone (una notte con colazione<\/p>\n<p>a scelta fra 230 citt\u00e0 d\u2019arte o borghi suggestivi) e cinque copie dell\u2019antologia<\/p>\n<p>I segnalati riceveranno il diploma di merito ed una copia dell\u2019antologia.<\/p>\n<p>3<\/p>\n<p>SCUOLA SECONDARIA DI PRIMO GRADO<\/p>\n<p>Il primo classificato ricever\u00e0 un buono acquisto del valore di 100,00 euro e cinque copie<\/p>\n<p>dell\u2019antologia<\/p>\n<p>Il secondo classificato ricever\u00e0 un buono acquisto del valore di 50,00 euro e cinque copie<\/p>\n<p>dell\u2019antologia.<\/p>\n<p>Il terzo classificato di ogni categoria ricever\u00e0 un premio e tre copie dell\u2019antologia.<\/p>\n<p>I segnalati riceveranno il diploma di merito ed una copia dell\u2019antologia<\/p>\n<p>Sezione B SMS<\/p>\n<p>Il primo classificato ricever\u00e0 in premio un soggiorno per 2 persone (a scelta fra 500<\/p>\n<p>localit\u00e0 italiane ed europee) e cinque copie dell\u2019antologia<\/p>\n<p>Il secondo classificato ricever\u00e0 un buono con possibilit\u00e0 di scelta tra 1.885 esperienze<\/p>\n<p>sportive o percorsi benessere, per una o pi\u00f9 persone, da vivere in tutta Italia e cinque copie<\/p>\n<p>dell\u2019antologia.<\/p>\n<p>Il terzo classificato ricever\u00e0 un premio e tre copie dell\u2019antologia.<\/p>\n<p>I segnalati riceveranno il diploma di merito ed una copia dell\u2019antologia<\/p>\n<p>Sezione C FILASTROCCHE<\/p>\n<p>Il gruppo o classe primo classificato avr\u00e0 in premio una giornata in una fattoria didattica<\/p>\n<p>+ 1 copia dell&#8217;antologia per ogni componente del gruppo<\/p>\n<p>Il gruppo o classe secondo classificato avr\u00e0 in premio un percorso in una fattoria didattica<\/p>\n<p>+ 1 copia dell&#8217;antologia per ogni componente del gruppo<\/p>\n<p>Al gruppo o classe terzo classificato verr\u00e0 assegnato un premio + 1 copia dell&#8217;antologia per<\/p>\n<p>ogni componente del gruppo.<\/p>\n<p>I segnalati riceveranno il diploma di merito + 1 copia dell&#8217;antologia per ogni componente<\/p>\n<p>del gruppo.<\/p>\n<p>Gli autori premiati saranno contattati telefonicamente gli altri potranno consultare il verbale della<\/p>\n<p>giuria sul sito del Comune di Sedico.<\/p>\n<p>I membri della giuria saranno resi noti il giorno della premiazione.<\/p>\n<p>Il giudizio della giuria \u00e8 insindacabile.<\/p>\n<p>Tutti i dati personali relativi ai partecipanti al concorso, sono soggetti al regime di tutela della<\/p>\n<p>privacy previsto dalla 675\/96. Nessun trattamento sar\u00e0 effettuato al di fuori delle finalit\u00e0 previste<\/p>\n<p>dal concorso.<\/p>\n<p>La partecipazione al concorso implica l\u2019accettazione di tutte le norme del presente bando, ogni<\/p>\n<p>violazione alle stesse comporta l\u2019esclusione dal concorso, senza alcun preavviso, e vale come<\/p>\n<p>autorizzazione, da parte degli autori, in caso di eventuali pubblicazioni antologiche future del<\/p>\n<p>premio, riconoscendo che nulla \u00e8 loro dovuto.<\/p>\n<p>Per eventuali informazioni i concorrenti possono rivolgersi all\u2019URP del Comune di Sedico &#8211; TEL<\/p>\n<p>0437 8555 \u2013 email: protocollo@comune.sedico.bl.it.<\/p>\n<p>Il luogo e la data di premiazione saranno comunicati telefonicamente ai soli vincitori, e<\/p>\n<p>saranno pubblicizzati attraverso gli organi di stampa.<\/p>\n<p>Tutti i partecipanti sono fin d\u2019ora invitati a presenziare alla cerimonia di premiazione<\/p>","protected":false},"excerpt":{"rendered":"<p>COMUNE DI SEDICO\u00a0PREMIO PROVINCIALE \u201cVersi Liberi\u201d\u00a0SESTA EDIZIONE 2013\u00a0SCADENZA ore 12,00 del 31 MARZO 2013 Struttura del concorso Il concorso \u00e8 suddiviso in tre sezioni di partecipazione Sezione A POESIA suddivisa nelle seguenti categorie &#8211; ADULTI dai 18 anni &#8211; SCUOLA SECONDARIA DI PRIMO GRADO Sezione B SMS rivolta ai ragazzi dai 15 ai 25 anni [&hellip;]<\/p>\n","protected":false},"author":2,"featured_media":0,"comment_status":"closed","ping_status":"open","sticky":false,"template":"","format":"standard","meta":{"footnotes":""},"categories":[3,25],"tags":[],"class_list":["post-46375","post","type-post","status-publish","format-standard","category-arte-cultura-spettacoli-scienza-archivi","category-pausa-caffe"],"yoast_head":"<!-- This site is optimized with the Yoast SEO plugin v28.4 - https:\/\/yoast.com\/product\/yoast-seo-wordpress\/ -->\n<title>Versi liberi. Concorso letterario a Sedico - Bellunopress - Dolomiti<\/title>\n<meta name=\"robots\" content=\"index, follow, max-snippet:-1, max-image-preview:large, max-video-preview:-1\" \/>\n<link rel=\"canonical\" href=\"https:\/\/www.bellunopress.it\/fr\/2013\/02\/03\/versi-liberi-concorso-letterario-a-sedico\/\" \/>\n<meta property=\"og:locale\" content=\"fr_FR\" \/>\n<meta property=\"og:type\" content=\"article\" \/>\n<meta property=\"og:title\" content=\"Versi liberi. Concorso letterario a Sedico - Bellunopress - Dolomiti\" \/>\n<meta property=\"og:description\" content=\"COMUNE DI SEDICO\u00a0PREMIO PROVINCIALE \u201cVersi Liberi\u201d\u00a0SESTA EDIZIONE 2013\u00a0SCADENZA ore 12,00 del 31 MARZO 2013 Struttura del concorso Il concorso \u00e8 suddiviso in tre sezioni di partecipazione Sezione A POESIA suddivisa nelle seguenti categorie &#8211; ADULTI dai 18 anni &#8211; SCUOLA SECONDARIA DI PRIMO GRADO Sezione B SMS rivolta ai ragazzi dai 15 ai 25 anni [&hellip;]\" \/>\n<meta property=\"og:url\" content=\"https:\/\/www.bellunopress.it\/fr\/2013\/02\/03\/versi-liberi-concorso-letterario-a-sedico\/\" \/>\n<meta property=\"og:site_name\" content=\"Bellunopress - Dolomiti\" \/>\n<meta property=\"article:publisher\" content=\"https:\/\/www.facebook.com\/profile.php?id=100008943462799\" \/>\n<meta property=\"article:published_time\" content=\"2013-02-03T20:39:32+00:00\" \/>\n<meta property=\"article:modified_time\" content=\"2013-02-07T15:29:56+00:00\" \/>\n<meta property=\"og:image\" content=\"http:\/\/www.bellunopress.it\/wp-content\/uploads\/2012\/07\/logo-bellunopress-250x250-2012.jpg\" \/>\n<meta name=\"author\" content=\"redazione\" \/>\n<meta name=\"twitter:card\" content=\"summary_large_image\" \/>\n<meta name=\"twitter:creator\" content=\"@bellunopress\" \/>\n<meta name=\"twitter:site\" content=\"@bellunopress\" \/>\n<meta name=\"twitter:label1\" content=\"\u00c9crit par\" \/>\n\t<meta name=\"twitter:data1\" content=\"redazione\" \/>\n\t<meta name=\"twitter:label2\" content=\"Dur\u00e9e de lecture estim\u00e9e\" \/>\n\t<meta name=\"twitter:data2\" content=\"5 minutes\" \/>\n<script type=\"application\/ld+json\" class=\"yoast-schema-graph\">{\"@context\":\"https:\\\/\\\/schema.org\",\"@graph\":[{\"@type\":\"Article\",\"@id\":\"https:\\\/\\\/www.bellunopress.it\\\/2013\\\/02\\\/03\\\/versi-liberi-concorso-letterario-a-sedico\\\/#article\",\"isPartOf\":{\"@id\":\"https:\\\/\\\/www.bellunopress.it\\\/2013\\\/02\\\/03\\\/versi-liberi-concorso-letterario-a-sedico\\\/\"},\"author\":{\"name\":\"redazione\",\"@id\":\"https:\\\/\\\/www.bellunopress.it\\\/#\\\/schema\\\/person\\\/79bb06722b37ece1c03d3e94beb30d73\"},\"headline\":\"Versi liberi. Concorso letterario a Sedico\",\"datePublished\":\"2013-02-03T20:39:32+00:00\",\"dateModified\":\"2013-02-07T15:29:56+00:00\",\"mainEntityOfPage\":{\"@id\":\"https:\\\/\\\/www.bellunopress.it\\\/2013\\\/02\\\/03\\\/versi-liberi-concorso-letterario-a-sedico\\\/\"},\"wordCount\":1029,\"publisher\":{\"@id\":\"https:\\\/\\\/www.bellunopress.it\\\/#organization\"},\"articleSection\":[\"Arte, Cultura, Spettacoli, Scienza\",\"Pausa Caff\u00e8\"],\"inLanguage\":\"fr-FR\"},{\"@type\":\"WebPage\",\"@id\":\"https:\\\/\\\/www.bellunopress.it\\\/2013\\\/02\\\/03\\\/versi-liberi-concorso-letterario-a-sedico\\\/\",\"url\":\"https:\\\/\\\/www.bellunopress.it\\\/2013\\\/02\\\/03\\\/versi-liberi-concorso-letterario-a-sedico\\\/\",\"name\":\"Versi liberi. Concorso letterario a Sedico - Bellunopress - Dolomiti\",\"isPartOf\":{\"@id\":\"https:\\\/\\\/www.bellunopress.it\\\/#website\"},\"datePublished\":\"2013-02-03T20:39:32+00:00\",\"dateModified\":\"2013-02-07T15:29:56+00:00\",\"breadcrumb\":{\"@id\":\"https:\\\/\\\/www.bellunopress.it\\\/2013\\\/02\\\/03\\\/versi-liberi-concorso-letterario-a-sedico\\\/#breadcrumb\"},\"inLanguage\":\"fr-FR\",\"potentialAction\":[{\"@type\":\"ReadAction\",\"target\":[\"https:\\\/\\\/www.bellunopress.it\\\/2013\\\/02\\\/03\\\/versi-liberi-concorso-letterario-a-sedico\\\/\"]}]},{\"@type\":\"BreadcrumbList\",\"@id\":\"https:\\\/\\\/www.bellunopress.it\\\/2013\\\/02\\\/03\\\/versi-liberi-concorso-letterario-a-sedico\\\/#breadcrumb\",\"itemListElement\":[{\"@type\":\"ListItem\",\"position\":1,\"name\":\"Home\",\"item\":\"https:\\\/\\\/www.bellunopress.it\\\/\"},{\"@type\":\"ListItem\",\"position\":2,\"name\":\"Versi liberi. Concorso letterario a Sedico\"}]},{\"@type\":\"WebSite\",\"@id\":\"https:\\\/\\\/www.bellunopress.it\\\/#website\",\"url\":\"https:\\\/\\\/www.bellunopress.it\\\/\",\"name\":\"Bellunopress - Dolomiti\",\"description\":\"e-mail: redazione@bellunopress.it\",\"publisher\":{\"@id\":\"https:\\\/\\\/www.bellunopress.it\\\/#organization\"},\"potentialAction\":[{\"@type\":\"SearchAction\",\"target\":{\"@type\":\"EntryPoint\",\"urlTemplate\":\"https:\\\/\\\/www.bellunopress.it\\\/?s={search_term_string}\"},\"query-input\":{\"@type\":\"PropertyValueSpecification\",\"valueRequired\":true,\"valueName\":\"search_term_string\"}}],\"inLanguage\":\"fr-FR\"},{\"@type\":\"Organization\",\"@id\":\"https:\\\/\\\/www.bellunopress.it\\\/#organization\",\"name\":\"Bellunopress\",\"url\":\"https:\\\/\\\/www.bellunopress.it\\\/\",\"logo\":{\"@type\":\"ImageObject\",\"inLanguage\":\"fr-FR\",\"@id\":\"https:\\\/\\\/www.bellunopress.it\\\/#\\\/schema\\\/logo\\\/image\\\/\",\"url\":\"https:\\\/\\\/www.bellunopress.it\\\/wp-content\\\/uploads\\\/2011\\\/05\\\/cropped-logo-bellunopress-.jpg\",\"contentUrl\":\"https:\\\/\\\/www.bellunopress.it\\\/wp-content\\\/uploads\\\/2011\\\/05\\\/cropped-logo-bellunopress-.jpg\",\"width\":512,\"height\":512,\"caption\":\"Bellunopress\"},\"image\":{\"@id\":\"https:\\\/\\\/www.bellunopress.it\\\/#\\\/schema\\\/logo\\\/image\\\/\"},\"sameAs\":[\"https:\\\/\\\/www.facebook.com\\\/profile.php?id=100008943462799\",\"https:\\\/\\\/x.com\\\/bellunopress\",\"https:\\\/\\\/www.linkedin.com\\\/hp\\\/?dnr=JBzUWaJfMUw8vbXJJ2tVW5-I3jZKvC4wsoxE&amp;amp;amp;amp;amp;amp;trk=nav_responsive_tab_home\",\"https:\\\/\\\/www.youtube.com\\\/channel\\\/UCxL0wu1uN0_3_7hGG0306cw\"]},{\"@type\":\"Person\",\"@id\":\"https:\\\/\\\/www.bellunopress.it\\\/#\\\/schema\\\/person\\\/79bb06722b37ece1c03d3e94beb30d73\",\"name\":\"redazione\",\"image\":{\"@type\":\"ImageObject\",\"inLanguage\":\"fr-FR\",\"@id\":\"https:\\\/\\\/secure.gravatar.com\\\/avatar\\\/37d968a2e67a6fd04c169c4bdef102d0bc5d31b2546345219e348575eb80e9a0?s=96&d=mm&r=g\",\"url\":\"https:\\\/\\\/secure.gravatar.com\\\/avatar\\\/37d968a2e67a6fd04c169c4bdef102d0bc5d31b2546345219e348575eb80e9a0?s=96&d=mm&r=g\",\"contentUrl\":\"https:\\\/\\\/secure.gravatar.com\\\/avatar\\\/37d968a2e67a6fd04c169c4bdef102d0bc5d31b2546345219e348575eb80e9a0?s=96&d=mm&r=g\",\"caption\":\"redazione\"},\"sameAs\":[\"http:\\\/\\\/www.bellunopress.it\",\"https:\\\/\\\/x.com\\\/bellunopress\"],\"url\":\"https:\\\/\\\/www.bellunopress.it\\\/fr\\\/author\\\/redazione\\\/\"}]}<\/script>\n<!-- \/ Yoast SEO plugin. -->","yoast_head_json":{"title":"Versi liberi. Concorso letterario a Sedico - Bellunopress - Dolomiti","robots":{"index":"index","follow":"follow","max-snippet":"max-snippet:-1","max-image-preview":"max-image-preview:large","max-video-preview":"max-video-preview:-1"},"canonical":"https:\/\/www.bellunopress.it\/fr\/2013\/02\/03\/versi-liberi-concorso-letterario-a-sedico\/","og_locale":"fr_FR","og_type":"article","og_title":"Versi liberi. Concorso letterario a Sedico - Bellunopress - Dolomiti","og_description":"COMUNE DI SEDICO\u00a0PREMIO PROVINCIALE \u201cVersi Liberi\u201d\u00a0SESTA EDIZIONE 2013\u00a0SCADENZA ore 12,00 del 31 MARZO 2013 Struttura del concorso Il concorso \u00e8 suddiviso in tre sezioni di partecipazione Sezione A POESIA suddivisa nelle seguenti categorie &#8211; ADULTI dai 18 anni &#8211; SCUOLA SECONDARIA DI PRIMO GRADO Sezione B SMS rivolta ai ragazzi dai 15 ai 25 anni [&hellip;]","og_url":"https:\/\/www.bellunopress.it\/fr\/2013\/02\/03\/versi-liberi-concorso-letterario-a-sedico\/","og_site_name":"Bellunopress - Dolomiti","article_publisher":"https:\/\/www.facebook.com\/profile.php?id=100008943462799","article_published_time":"2013-02-03T20:39:32+00:00","article_modified_time":"2013-02-07T15:29:56+00:00","og_image":[{"url":"http:\/\/www.bellunopress.it\/wp-content\/uploads\/2012\/07\/logo-bellunopress-250x250-2012.jpg","type":"","width":"","height":""}],"author":"redazione","twitter_card":"summary_large_image","twitter_creator":"@bellunopress","twitter_site":"@bellunopress","twitter_misc":{"\u00c9crit par":"redazione","Dur\u00e9e de lecture estim\u00e9e":"5 minutes"},"schema":{"@context":"https:\/\/schema.org","@graph":[{"@type":"Article","@id":"https:\/\/www.bellunopress.it\/2013\/02\/03\/versi-liberi-concorso-letterario-a-sedico\/#article","isPartOf":{"@id":"https:\/\/www.bellunopress.it\/2013\/02\/03\/versi-liberi-concorso-letterario-a-sedico\/"},"author":{"name":"redazione","@id":"https:\/\/www.bellunopress.it\/#\/schema\/person\/79bb06722b37ece1c03d3e94beb30d73"},"headline":"Versi liberi. Concorso letterario a Sedico","datePublished":"2013-02-03T20:39:32+00:00","dateModified":"2013-02-07T15:29:56+00:00","mainEntityOfPage":{"@id":"https:\/\/www.bellunopress.it\/2013\/02\/03\/versi-liberi-concorso-letterario-a-sedico\/"},"wordCount":1029,"publisher":{"@id":"https:\/\/www.bellunopress.it\/#organization"},"articleSection":["Arte, Cultura, Spettacoli, Scienza","Pausa Caff\u00e8"],"inLanguage":"fr-FR"},{"@type":"WebPage","@id":"https:\/\/www.bellunopress.it\/2013\/02\/03\/versi-liberi-concorso-letterario-a-sedico\/","url":"https:\/\/www.bellunopress.it\/2013\/02\/03\/versi-liberi-concorso-letterario-a-sedico\/","name":"Versi liberi. Concorso letterario a Sedico - Bellunopress - Dolomiti","isPartOf":{"@id":"https:\/\/www.bellunopress.it\/#website"},"datePublished":"2013-02-03T20:39:32+00:00","dateModified":"2013-02-07T15:29:56+00:00","breadcrumb":{"@id":"https:\/\/www.bellunopress.it\/2013\/02\/03\/versi-liberi-concorso-letterario-a-sedico\/#breadcrumb"},"inLanguage":"fr-FR","potentialAction":[{"@type":"ReadAction","target":["https:\/\/www.bellunopress.it\/2013\/02\/03\/versi-liberi-concorso-letterario-a-sedico\/"]}]},{"@type":"BreadcrumbList","@id":"https:\/\/www.bellunopress.it\/2013\/02\/03\/versi-liberi-concorso-letterario-a-sedico\/#breadcrumb","itemListElement":[{"@type":"ListItem","position":1,"name":"Home","item":"https:\/\/www.bellunopress.it\/"},{"@type":"ListItem","position":2,"name":"Versi liberi. Concorso letterario a Sedico"}]},{"@type":"WebSite","@id":"https:\/\/www.bellunopress.it\/#website","url":"https:\/\/www.bellunopress.it\/","name":"Bellunopress - Dolomiti","description":"e-mail: redazione@bellunopress.it","publisher":{"@id":"https:\/\/www.bellunopress.it\/#organization"},"potentialAction":[{"@type":"SearchAction","target":{"@type":"EntryPoint","urlTemplate":"https:\/\/www.bellunopress.it\/?s={search_term_string}"},"query-input":{"@type":"PropertyValueSpecification","valueRequired":true,"valueName":"search_term_string"}}],"inLanguage":"fr-FR"},{"@type":"Organization","@id":"https:\/\/www.bellunopress.it\/#organization","name":"Bellunopress","url":"https:\/\/www.bellunopress.it\/","logo":{"@type":"ImageObject","inLanguage":"fr-FR","@id":"https:\/\/www.bellunopress.it\/#\/schema\/logo\/image\/","url":"https:\/\/www.bellunopress.it\/wp-content\/uploads\/2011\/05\/cropped-logo-bellunopress-.jpg","contentUrl":"https:\/\/www.bellunopress.it\/wp-content\/uploads\/2011\/05\/cropped-logo-bellunopress-.jpg","width":512,"height":512,"caption":"Bellunopress"},"image":{"@id":"https:\/\/www.bellunopress.it\/#\/schema\/logo\/image\/"},"sameAs":["https:\/\/www.facebook.com\/profile.php?id=100008943462799","https:\/\/x.com\/bellunopress","https:\/\/www.linkedin.com\/hp\/?dnr=JBzUWaJfMUw8vbXJJ2tVW5-I3jZKvC4wsoxE&amp;amp;amp;amp;amp;amp;trk=nav_responsive_tab_home","https:\/\/www.youtube.com\/channel\/UCxL0wu1uN0_3_7hGG0306cw"]},{"@type":"Person","@id":"https:\/\/www.bellunopress.it\/#\/schema\/person\/79bb06722b37ece1c03d3e94beb30d73","name":"r\u00e9daction","image":{"@type":"ImageObject","inLanguage":"fr-FR","@id":"https:\/\/secure.gravatar.com\/avatar\/37d968a2e67a6fd04c169c4bdef102d0bc5d31b2546345219e348575eb80e9a0?s=96&d=mm&r=g","url":"https:\/\/secure.gravatar.com\/avatar\/37d968a2e67a6fd04c169c4bdef102d0bc5d31b2546345219e348575eb80e9a0?s=96&d=mm&r=g","contentUrl":"https:\/\/secure.gravatar.com\/avatar\/37d968a2e67a6fd04c169c4bdef102d0bc5d31b2546345219e348575eb80e9a0?s=96&d=mm&r=g","caption":"redazione"},"sameAs":["http:\/\/www.bellunopress.it","https:\/\/x.com\/bellunopress"],"url":"https:\/\/www.bellunopress.it\/fr\/author\/redazione\/"}]}},"_links":{"self":[{"href":"https:\/\/www.bellunopress.it\/fr\/wp-json\/wp\/v2\/posts\/46375","targetHints":{"allow":["GET"]}}],"collection":[{"href":"https:\/\/www.bellunopress.it\/fr\/wp-json\/wp\/v2\/posts"}],"about":[{"href":"https:\/\/www.bellunopress.it\/fr\/wp-json\/wp\/v2\/types\/post"}],"author":[{"embeddable":true,"href":"https:\/\/www.bellunopress.it\/fr\/wp-json\/wp\/v2\/users\/2"}],"replies":[{"embeddable":true,"href":"https:\/\/www.bellunopress.it\/fr\/wp-json\/wp\/v2\/comments?post=46375"}],"version-history":[{"count":5,"href":"https:\/\/www.bellunopress.it\/fr\/wp-json\/wp\/v2\/posts\/46375\/revisions"}],"predecessor-version":[{"id":46506,"href":"https:\/\/www.bellunopress.it\/fr\/wp-json\/wp\/v2\/posts\/46375\/revisions\/46506"}],"wp:attachment":[{"href":"https:\/\/www.bellunopress.it\/fr\/wp-json\/wp\/v2\/media?parent=46375"}],"wp:term":[{"taxonomy":"category","embeddable":true,"href":"https:\/\/www.bellunopress.it\/fr\/wp-json\/wp\/v2\/categories?post=46375"},{"taxonomy":"post_tag","embeddable":true,"href":"https:\/\/www.bellunopress.it\/fr\/wp-json\/wp\/v2\/tags?post=46375"}],"curies":[{"name":"wp","href":"https:\/\/api.w.org\/{rel}","templated":true}]}}