{"id":46362,"date":"2013-02-03T19:34:07","date_gmt":"2013-02-03T18:34:07","guid":{"rendered":"http:\/\/www.bellunopress.it\/?p=46362"},"modified":"2013-02-03T19:34:07","modified_gmt":"2013-02-03T18:34:07","slug":"triestini-e-veneti-sbancano-la-colgallina-cup-2013","status":"publish","type":"post","link":"https:\/\/www.bellunopress.it\/fr\/2013\/02\/03\/triestini-e-veneti-sbancano-la-colgallina-cup-2013\/","title":{"rendered":"Triestini e veneti sbancano la Colgallina Cup 2013"},"content":{"rendered":"<p><strong>Conclusa oggi, con la gara di sci,\u00a0la due giorni sulle nevi del Passo Falzarego.\u00a0Vincitori assoluti\u00a0Francesca Cossu (Padola &#8211; Belluno) per la categoria femminile\u00a0e Lorenzo Biondini (Trieste) per quella maschile.<\/strong><\/p>\n<p><a href=\"http:\/\/www.bellunopress.it\/wp-content\/uploads\/2013\/02\/colgallina-cup.jpg\"><img loading=\"lazy\" decoding=\"async\" class=\"alignleft size-full wp-image-46363\" alt=\"colgallina cup\" src=\"http:\/\/www.bellunopress.it\/wp-content\/uploads\/2013\/02\/colgallina-cup.jpg\" width=\"150\" height=\"150\" \/><\/a>Cortina, 3 febbraio 2013 &#8211; Erano circa 200 gli iscritti che, questa mattina, hanno battuto la pista della Colgallina Cup 2013 per la gara di sci, seconda prova della competizione amatoriale pi\u00f9 attesa della stagione, che si disputa ogni anno sulle nevi del Passo Falzarego a Cortina. Dopo gli snowboard, che hanno aperto ieri la manifestazione, oggi alle 10.00 \u00e8 partita la prima manche di questo evento diventato ormai un appuntamento fisso per chi ama la montagna, una gara che riesce a riunire persone di tutte le et\u00e0, sciatori non professionisti, ma anche agonisti di questo sport, valorizzando la passione comune per questa disciplina.<\/p>\n<p>Due fratelli triestini e una veneta sul podio per l&#8217;edizione 2013 della Colgallina Cup: lo slalom gigante, prima prova della mattinata, ha assegnato i titoli di &#8220;Campione e Campionessa Sci Colgallina Cup 2013&#8221; ai primi due per tempo non punteggiati fisi, che quest&#8217;anno sono andati al triestino Francesco Biondini (1997), che ha terminato con 32.18 secondi, e alla bellunese Francesca Cossu (Padola, 1986), con 33.75 secondi.Al termine della gara, i primi 15 maschili e 10 femminili overall si sono sfidati nella finalissima, mettendo alla prova i loro tempi nella contesa del podio. Prima nella categoria femminile, sempre Francesca Cossu, mentre in quella maschile \u00e8 salito sul gradino pi\u00f9 alto Lorenzo Biondini (1992), triestino, con 31.51 secondi.<\/p>\n<p>Tutte le classifiche per categorie si possono trovare sul sito web ufficiale <a href=\"http:\/\/www.colgallinacup.it\">www.colgallinacup.it<\/a>.<\/p>\n<p>&nbsp;<\/p>\n<p>&nbsp;<\/p>","protected":false},"excerpt":{"rendered":"<p>Conclusa oggi, con la gara di sci,\u00a0la due giorni sulle nevi del Passo Falzarego.\u00a0Vincitori assoluti\u00a0Francesca Cossu (Padola &#8211; Belluno) per la categoria femminile\u00a0e Lorenzo Biondini (Trieste) per quella maschile. Cortina, 3 febbraio 2013 &#8211; Erano circa 200 gli iscritti che, questa mattina, hanno battuto la pista della Colgallina Cup 2013 per la gara di sci, [&hellip;]<\/p>\n","protected":false},"author":2,"featured_media":0,"comment_status":"closed","ping_status":"open","sticky":false,"template":"","format":"standard","meta":{"footnotes":""},"categories":[26,4],"tags":[],"class_list":["post-46362","post","type-post","status-publish","format-standard","category-prima-pagina","category-sport"],"yoast_head":"<!-- This site is optimized with the Yoast SEO plugin v28.4 - https:\/\/yoast.com\/product\/yoast-seo-wordpress\/ -->\n<title>Triestini e veneti sbancano la Colgallina Cup 2013 - Bellunopress - Dolomiti<\/title>\n<meta name=\"robots\" content=\"index, follow, max-snippet:-1, max-image-preview:large, max-video-preview:-1\" \/>\n<link rel=\"canonical\" href=\"https:\/\/www.bellunopress.it\/fr\/2013\/02\/03\/triestini-e-veneti-sbancano-la-colgallina-cup-2013\/\" \/>\n<meta property=\"og:locale\" content=\"fr_FR\" \/>\n<meta property=\"og:type\" content=\"article\" \/>\n<meta property=\"og:title\" content=\"Triestini e veneti sbancano la Colgallina Cup 2013 - Bellunopress - Dolomiti\" \/>\n<meta property=\"og:description\" content=\"Conclusa oggi, con la gara di sci,\u00a0la due giorni sulle nevi del Passo Falzarego.\u00a0Vincitori assoluti\u00a0Francesca Cossu (Padola &#8211; Belluno) per la categoria femminile\u00a0e Lorenzo Biondini (Trieste) per quella maschile. Cortina, 3 febbraio 2013 &#8211; Erano circa 200 gli iscritti che, questa mattina, hanno battuto la pista della Colgallina Cup 2013 per la gara di sci, [&hellip;]\" \/>\n<meta property=\"og:url\" content=\"https:\/\/www.bellunopress.it\/fr\/2013\/02\/03\/triestini-e-veneti-sbancano-la-colgallina-cup-2013\/\" \/>\n<meta property=\"og:site_name\" content=\"Bellunopress - Dolomiti\" \/>\n<meta property=\"article:publisher\" content=\"https:\/\/www.facebook.com\/profile.php?id=100008943462799\" \/>\n<meta property=\"article:published_time\" content=\"2013-02-03T18:34:07+00:00\" \/>\n<meta property=\"og:image\" content=\"http:\/\/www.bellunopress.it\/wp-content\/uploads\/2013\/02\/colgallina-cup.jpg\" \/>\n<meta name=\"author\" content=\"redazione\" \/>\n<meta name=\"twitter:card\" content=\"summary_large_image\" \/>\n<meta name=\"twitter:creator\" content=\"@bellunopress\" \/>\n<meta name=\"twitter:site\" content=\"@bellunopress\" \/>\n<meta name=\"twitter:label1\" content=\"\u00c9crit par\" \/>\n\t<meta name=\"twitter:data1\" content=\"redazione\" \/>\n\t<meta name=\"twitter:label2\" content=\"Dur\u00e9e de lecture estim\u00e9e\" \/>\n\t<meta name=\"twitter:data2\" content=\"1 minute\" \/>\n<script type=\"application\/ld+json\" class=\"yoast-schema-graph\">{\"@context\":\"https:\\\/\\\/schema.org\",\"@graph\":[{\"@type\":\"Article\",\"@id\":\"https:\\\/\\\/www.bellunopress.it\\\/2013\\\/02\\\/03\\\/triestini-e-veneti-sbancano-la-colgallina-cup-2013\\\/#article\",\"isPartOf\":{\"@id\":\"https:\\\/\\\/www.bellunopress.it\\\/2013\\\/02\\\/03\\\/triestini-e-veneti-sbancano-la-colgallina-cup-2013\\\/\"},\"author\":{\"name\":\"redazione\",\"@id\":\"https:\\\/\\\/www.bellunopress.it\\\/#\\\/schema\\\/person\\\/79bb06722b37ece1c03d3e94beb30d73\"},\"headline\":\"Triestini e veneti sbancano la Colgallina Cup 2013\",\"datePublished\":\"2013-02-03T18:34:07+00:00\",\"mainEntityOfPage\":{\"@id\":\"https:\\\/\\\/www.bellunopress.it\\\/2013\\\/02\\\/03\\\/triestini-e-veneti-sbancano-la-colgallina-cup-2013\\\/\"},\"wordCount\":263,\"publisher\":{\"@id\":\"https:\\\/\\\/www.bellunopress.it\\\/#organization\"},\"image\":{\"@id\":\"https:\\\/\\\/www.bellunopress.it\\\/2013\\\/02\\\/03\\\/triestini-e-veneti-sbancano-la-colgallina-cup-2013\\\/#primaryimage\"},\"thumbnailUrl\":\"http:\\\/\\\/www.bellunopress.it\\\/wp-content\\\/uploads\\\/2013\\\/02\\\/colgallina-cup.jpg\",\"articleSection\":[\"Prima Pagina\",\"Sport, tempo libero\"],\"inLanguage\":\"fr-FR\"},{\"@type\":\"WebPage\",\"@id\":\"https:\\\/\\\/www.bellunopress.it\\\/2013\\\/02\\\/03\\\/triestini-e-veneti-sbancano-la-colgallina-cup-2013\\\/\",\"url\":\"https:\\\/\\\/www.bellunopress.it\\\/2013\\\/02\\\/03\\\/triestini-e-veneti-sbancano-la-colgallina-cup-2013\\\/\",\"name\":\"Triestini e veneti sbancano la Colgallina Cup 2013 - Bellunopress - Dolomiti\",\"isPartOf\":{\"@id\":\"https:\\\/\\\/www.bellunopress.it\\\/#website\"},\"primaryImageOfPage\":{\"@id\":\"https:\\\/\\\/www.bellunopress.it\\\/2013\\\/02\\\/03\\\/triestini-e-veneti-sbancano-la-colgallina-cup-2013\\\/#primaryimage\"},\"image\":{\"@id\":\"https:\\\/\\\/www.bellunopress.it\\\/2013\\\/02\\\/03\\\/triestini-e-veneti-sbancano-la-colgallina-cup-2013\\\/#primaryimage\"},\"thumbnailUrl\":\"http:\\\/\\\/www.bellunopress.it\\\/wp-content\\\/uploads\\\/2013\\\/02\\\/colgallina-cup.jpg\",\"datePublished\":\"2013-02-03T18:34:07+00:00\",\"breadcrumb\":{\"@id\":\"https:\\\/\\\/www.bellunopress.it\\\/2013\\\/02\\\/03\\\/triestini-e-veneti-sbancano-la-colgallina-cup-2013\\\/#breadcrumb\"},\"inLanguage\":\"fr-FR\",\"potentialAction\":[{\"@type\":\"ReadAction\",\"target\":[\"https:\\\/\\\/www.bellunopress.it\\\/2013\\\/02\\\/03\\\/triestini-e-veneti-sbancano-la-colgallina-cup-2013\\\/\"]}]},{\"@type\":\"ImageObject\",\"inLanguage\":\"fr-FR\",\"@id\":\"https:\\\/\\\/www.bellunopress.it\\\/2013\\\/02\\\/03\\\/triestini-e-veneti-sbancano-la-colgallina-cup-2013\\\/#primaryimage\",\"url\":\"http:\\\/\\\/www.bellunopress.it\\\/wp-content\\\/uploads\\\/2013\\\/02\\\/colgallina-cup.jpg\",\"contentUrl\":\"http:\\\/\\\/www.bellunopress.it\\\/wp-content\\\/uploads\\\/2013\\\/02\\\/colgallina-cup.jpg\"},{\"@type\":\"BreadcrumbList\",\"@id\":\"https:\\\/\\\/www.bellunopress.it\\\/2013\\\/02\\\/03\\\/triestini-e-veneti-sbancano-la-colgallina-cup-2013\\\/#breadcrumb\",\"itemListElement\":[{\"@type\":\"ListItem\",\"position\":1,\"name\":\"Home\",\"item\":\"https:\\\/\\\/www.bellunopress.it\\\/\"},{\"@type\":\"ListItem\",\"position\":2,\"name\":\"Triestini e veneti sbancano la Colgallina Cup 2013\"}]},{\"@type\":\"WebSite\",\"@id\":\"https:\\\/\\\/www.bellunopress.it\\\/#website\",\"url\":\"https:\\\/\\\/www.bellunopress.it\\\/\",\"name\":\"Bellunopress - Dolomiti\",\"description\":\"e-mail: redazione@bellunopress.it\",\"publisher\":{\"@id\":\"https:\\\/\\\/www.bellunopress.it\\\/#organization\"},\"potentialAction\":[{\"@type\":\"SearchAction\",\"target\":{\"@type\":\"EntryPoint\",\"urlTemplate\":\"https:\\\/\\\/www.bellunopress.it\\\/?s={search_term_string}\"},\"query-input\":{\"@type\":\"PropertyValueSpecification\",\"valueRequired\":true,\"valueName\":\"search_term_string\"}}],\"inLanguage\":\"fr-FR\"},{\"@type\":\"Organization\",\"@id\":\"https:\\\/\\\/www.bellunopress.it\\\/#organization\",\"name\":\"Bellunopress\",\"url\":\"https:\\\/\\\/www.bellunopress.it\\\/\",\"logo\":{\"@type\":\"ImageObject\",\"inLanguage\":\"fr-FR\",\"@id\":\"https:\\\/\\\/www.bellunopress.it\\\/#\\\/schema\\\/logo\\\/image\\\/\",\"url\":\"https:\\\/\\\/www.bellunopress.it\\\/wp-content\\\/uploads\\\/2011\\\/05\\\/cropped-logo-bellunopress-.jpg\",\"contentUrl\":\"https:\\\/\\\/www.bellunopress.it\\\/wp-content\\\/uploads\\\/2011\\\/05\\\/cropped-logo-bellunopress-.jpg\",\"width\":512,\"height\":512,\"caption\":\"Bellunopress\"},\"image\":{\"@id\":\"https:\\\/\\\/www.bellunopress.it\\\/#\\\/schema\\\/logo\\\/image\\\/\"},\"sameAs\":[\"https:\\\/\\\/www.facebook.com\\\/profile.php?id=100008943462799\",\"https:\\\/\\\/x.com\\\/bellunopress\",\"https:\\\/\\\/www.linkedin.com\\\/hp\\\/?dnr=JBzUWaJfMUw8vbXJJ2tVW5-I3jZKvC4wsoxE&amp;amp;amp;amp;amp;amp;trk=nav_responsive_tab_home\",\"https:\\\/\\\/www.youtube.com\\\/channel\\\/UCxL0wu1uN0_3_7hGG0306cw\"]},{\"@type\":\"Person\",\"@id\":\"https:\\\/\\\/www.bellunopress.it\\\/#\\\/schema\\\/person\\\/79bb06722b37ece1c03d3e94beb30d73\",\"name\":\"redazione\",\"image\":{\"@type\":\"ImageObject\",\"inLanguage\":\"fr-FR\",\"@id\":\"https:\\\/\\\/secure.gravatar.com\\\/avatar\\\/37d968a2e67a6fd04c169c4bdef102d0bc5d31b2546345219e348575eb80e9a0?s=96&d=mm&r=g\",\"url\":\"https:\\\/\\\/secure.gravatar.com\\\/avatar\\\/37d968a2e67a6fd04c169c4bdef102d0bc5d31b2546345219e348575eb80e9a0?s=96&d=mm&r=g\",\"contentUrl\":\"https:\\\/\\\/secure.gravatar.com\\\/avatar\\\/37d968a2e67a6fd04c169c4bdef102d0bc5d31b2546345219e348575eb80e9a0?s=96&d=mm&r=g\",\"caption\":\"redazione\"},\"sameAs\":[\"http:\\\/\\\/www.bellunopress.it\",\"https:\\\/\\\/x.com\\\/bellunopress\"],\"url\":\"https:\\\/\\\/www.bellunopress.it\\\/fr\\\/author\\\/redazione\\\/\"}]}<\/script>\n<!-- \/ Yoast SEO plugin. -->","yoast_head_json":{"title":"Triestini e veneti sbancano la Colgallina Cup 2013 - Bellunopress - Dolomiti","robots":{"index":"index","follow":"follow","max-snippet":"max-snippet:-1","max-image-preview":"max-image-preview:large","max-video-preview":"max-video-preview:-1"},"canonical":"https:\/\/www.bellunopress.it\/fr\/2013\/02\/03\/triestini-e-veneti-sbancano-la-colgallina-cup-2013\/","og_locale":"fr_FR","og_type":"article","og_title":"Triestini e veneti sbancano la Colgallina Cup 2013 - Bellunopress - Dolomiti","og_description":"Conclusa oggi, con la gara di sci,\u00a0la due giorni sulle nevi del Passo Falzarego.\u00a0Vincitori assoluti\u00a0Francesca Cossu (Padola &#8211; Belluno) per la categoria femminile\u00a0e Lorenzo Biondini (Trieste) per quella maschile. Cortina, 3 febbraio 2013 &#8211; Erano circa 200 gli iscritti che, questa mattina, hanno battuto la pista della Colgallina Cup 2013 per la gara di sci, [&hellip;]","og_url":"https:\/\/www.bellunopress.it\/fr\/2013\/02\/03\/triestini-e-veneti-sbancano-la-colgallina-cup-2013\/","og_site_name":"Bellunopress - Dolomiti","article_publisher":"https:\/\/www.facebook.com\/profile.php?id=100008943462799","article_published_time":"2013-02-03T18:34:07+00:00","og_image":[{"url":"http:\/\/www.bellunopress.it\/wp-content\/uploads\/2013\/02\/colgallina-cup.jpg","type":"","width":"","height":""}],"author":"redazione","twitter_card":"summary_large_image","twitter_creator":"@bellunopress","twitter_site":"@bellunopress","twitter_misc":{"\u00c9crit par":"redazione","Dur\u00e9e de lecture estim\u00e9e":"1 minute"},"schema":{"@context":"https:\/\/schema.org","@graph":[{"@type":"Article","@id":"https:\/\/www.bellunopress.it\/2013\/02\/03\/triestini-e-veneti-sbancano-la-colgallina-cup-2013\/#article","isPartOf":{"@id":"https:\/\/www.bellunopress.it\/2013\/02\/03\/triestini-e-veneti-sbancano-la-colgallina-cup-2013\/"},"author":{"name":"redazione","@id":"https:\/\/www.bellunopress.it\/#\/schema\/person\/79bb06722b37ece1c03d3e94beb30d73"},"headline":"Triestini e veneti sbancano la Colgallina Cup 2013","datePublished":"2013-02-03T18:34:07+00:00","mainEntityOfPage":{"@id":"https:\/\/www.bellunopress.it\/2013\/02\/03\/triestini-e-veneti-sbancano-la-colgallina-cup-2013\/"},"wordCount":263,"publisher":{"@id":"https:\/\/www.bellunopress.it\/#organization"},"image":{"@id":"https:\/\/www.bellunopress.it\/2013\/02\/03\/triestini-e-veneti-sbancano-la-colgallina-cup-2013\/#primaryimage"},"thumbnailUrl":"http:\/\/www.bellunopress.it\/wp-content\/uploads\/2013\/02\/colgallina-cup.jpg","articleSection":["Prima Pagina","Sport, tempo libero"],"inLanguage":"fr-FR"},{"@type":"WebPage","@id":"https:\/\/www.bellunopress.it\/2013\/02\/03\/triestini-e-veneti-sbancano-la-colgallina-cup-2013\/","url":"https:\/\/www.bellunopress.it\/2013\/02\/03\/triestini-e-veneti-sbancano-la-colgallina-cup-2013\/","name":"Triestini e veneti sbancano la Colgallina Cup 2013 - Bellunopress - Dolomiti","isPartOf":{"@id":"https:\/\/www.bellunopress.it\/#website"},"primaryImageOfPage":{"@id":"https:\/\/www.bellunopress.it\/2013\/02\/03\/triestini-e-veneti-sbancano-la-colgallina-cup-2013\/#primaryimage"},"image":{"@id":"https:\/\/www.bellunopress.it\/2013\/02\/03\/triestini-e-veneti-sbancano-la-colgallina-cup-2013\/#primaryimage"},"thumbnailUrl":"http:\/\/www.bellunopress.it\/wp-content\/uploads\/2013\/02\/colgallina-cup.jpg","datePublished":"2013-02-03T18:34:07+00:00","breadcrumb":{"@id":"https:\/\/www.bellunopress.it\/2013\/02\/03\/triestini-e-veneti-sbancano-la-colgallina-cup-2013\/#breadcrumb"},"inLanguage":"fr-FR","potentialAction":[{"@type":"ReadAction","target":["https:\/\/www.bellunopress.it\/2013\/02\/03\/triestini-e-veneti-sbancano-la-colgallina-cup-2013\/"]}]},{"@type":"ImageObject","inLanguage":"fr-FR","@id":"https:\/\/www.bellunopress.it\/2013\/02\/03\/triestini-e-veneti-sbancano-la-colgallina-cup-2013\/#primaryimage","url":"http:\/\/www.bellunopress.it\/wp-content\/uploads\/2013\/02\/colgallina-cup.jpg","contentUrl":"http:\/\/www.bellunopress.it\/wp-content\/uploads\/2013\/02\/colgallina-cup.jpg"},{"@type":"BreadcrumbList","@id":"https:\/\/www.bellunopress.it\/2013\/02\/03\/triestini-e-veneti-sbancano-la-colgallina-cup-2013\/#breadcrumb","itemListElement":[{"@type":"ListItem","position":1,"name":"Home","item":"https:\/\/www.bellunopress.it\/"},{"@type":"ListItem","position":2,"name":"Triestini e veneti sbancano la Colgallina Cup 2013"}]},{"@type":"WebSite","@id":"https:\/\/www.bellunopress.it\/#website","url":"https:\/\/www.bellunopress.it\/","name":"Bellunopress - Dolomiti","description":"e-mail: redazione@bellunopress.it","publisher":{"@id":"https:\/\/www.bellunopress.it\/#organization"},"potentialAction":[{"@type":"SearchAction","target":{"@type":"EntryPoint","urlTemplate":"https:\/\/www.bellunopress.it\/?s={search_term_string}"},"query-input":{"@type":"PropertyValueSpecification","valueRequired":true,"valueName":"search_term_string"}}],"inLanguage":"fr-FR"},{"@type":"Organization","@id":"https:\/\/www.bellunopress.it\/#organization","name":"Bellunopress","url":"https:\/\/www.bellunopress.it\/","logo":{"@type":"ImageObject","inLanguage":"fr-FR","@id":"https:\/\/www.bellunopress.it\/#\/schema\/logo\/image\/","url":"https:\/\/www.bellunopress.it\/wp-content\/uploads\/2011\/05\/cropped-logo-bellunopress-.jpg","contentUrl":"https:\/\/www.bellunopress.it\/wp-content\/uploads\/2011\/05\/cropped-logo-bellunopress-.jpg","width":512,"height":512,"caption":"Bellunopress"},"image":{"@id":"https:\/\/www.bellunopress.it\/#\/schema\/logo\/image\/"},"sameAs":["https:\/\/www.facebook.com\/profile.php?id=100008943462799","https:\/\/x.com\/bellunopress","https:\/\/www.linkedin.com\/hp\/?dnr=JBzUWaJfMUw8vbXJJ2tVW5-I3jZKvC4wsoxE&amp;amp;amp;amp;amp;amp;trk=nav_responsive_tab_home","https:\/\/www.youtube.com\/channel\/UCxL0wu1uN0_3_7hGG0306cw"]},{"@type":"Person","@id":"https:\/\/www.bellunopress.it\/#\/schema\/person\/79bb06722b37ece1c03d3e94beb30d73","name":"r\u00e9daction","image":{"@type":"ImageObject","inLanguage":"fr-FR","@id":"https:\/\/secure.gravatar.com\/avatar\/37d968a2e67a6fd04c169c4bdef102d0bc5d31b2546345219e348575eb80e9a0?s=96&d=mm&r=g","url":"https:\/\/secure.gravatar.com\/avatar\/37d968a2e67a6fd04c169c4bdef102d0bc5d31b2546345219e348575eb80e9a0?s=96&d=mm&r=g","contentUrl":"https:\/\/secure.gravatar.com\/avatar\/37d968a2e67a6fd04c169c4bdef102d0bc5d31b2546345219e348575eb80e9a0?s=96&d=mm&r=g","caption":"redazione"},"sameAs":["http:\/\/www.bellunopress.it","https:\/\/x.com\/bellunopress"],"url":"https:\/\/www.bellunopress.it\/fr\/author\/redazione\/"}]}},"_links":{"self":[{"href":"https:\/\/www.bellunopress.it\/fr\/wp-json\/wp\/v2\/posts\/46362","targetHints":{"allow":["GET"]}}],"collection":[{"href":"https:\/\/www.bellunopress.it\/fr\/wp-json\/wp\/v2\/posts"}],"about":[{"href":"https:\/\/www.bellunopress.it\/fr\/wp-json\/wp\/v2\/types\/post"}],"author":[{"embeddable":true,"href":"https:\/\/www.bellunopress.it\/fr\/wp-json\/wp\/v2\/users\/2"}],"replies":[{"embeddable":true,"href":"https:\/\/www.bellunopress.it\/fr\/wp-json\/wp\/v2\/comments?post=46362"}],"version-history":[{"count":1,"href":"https:\/\/www.bellunopress.it\/fr\/wp-json\/wp\/v2\/posts\/46362\/revisions"}],"predecessor-version":[{"id":46364,"href":"https:\/\/www.bellunopress.it\/fr\/wp-json\/wp\/v2\/posts\/46362\/revisions\/46364"}],"wp:attachment":[{"href":"https:\/\/www.bellunopress.it\/fr\/wp-json\/wp\/v2\/media?parent=46362"}],"wp:term":[{"taxonomy":"category","embeddable":true,"href":"https:\/\/www.bellunopress.it\/fr\/wp-json\/wp\/v2\/categories?post=46362"},{"taxonomy":"post_tag","embeddable":true,"href":"https:\/\/www.bellunopress.it\/fr\/wp-json\/wp\/v2\/tags?post=46362"}],"curies":[{"name":"wp","href":"https:\/\/api.w.org\/{rel}","templated":true}]}}