{"id":46298,"date":"2013-02-01T17:35:42","date_gmt":"2013-02-01T16:35:42","guid":{"rendered":"http:\/\/www.bellunopress.it\/?p=46298"},"modified":"2013-02-01T17:36:58","modified_gmt":"2013-02-01T16:36:58","slug":"da-tutto-il-mondo-per-la-36ma-dobbiaco-cortina","status":"publish","type":"post","link":"https:\/\/www.bellunopress.it\/fr\/2013\/02\/01\/da-tutto-il-mondo-per-la-36ma-dobbiaco-cortina\/","title":{"rendered":"Da tutto il mondo per la 36ma Dobbiaco-Cortina"},"content":{"rendered":"<p><strong>Tra gli oltre 1200 iscritti alla granfondo sugli sci che sabato 2 e domenica 3 febbraio unir\u00e0 Ampezzo e Pusteria anche russi, scandinavi, australiani e statunitensi. Il trentino Bruno Debertolis alla caccia della terza vittoria consecutiva sotto il campanile della regina delle Dolomiti.<\/strong><\/p>\n<p><a href=\"http:\/\/www.bellunopress.it\/wp-content\/uploads\/2010\/02\/dobbiaco-cortina-fondo.jpg\"><img loading=\"lazy\" decoding=\"async\" class=\"alignleft size-full wp-image-12053\" alt=\"dobbiaco-cortina-fondo\" src=\"http:\/\/www.bellunopress.it\/wp-content\/uploads\/2010\/02\/dobbiaco-cortina-fondo.jpg\" width=\"270\" height=\"180\" \/><\/a>La Dobbiaco-Cortina si conferma una delle granfondo sugli sci di maggior richiamo a livello internazionale. L\u2019edizione numero 36, che andr\u00e0 in scena sabato 2 e domenica 3 febbraio, infatti, vedr\u00e0 ai nastri di partenza atleti da tutto il mondo. Gli iscritti, che hanno superato quota 1200, arrivano da Italia, Austria, Svizzera, Germania, Slovenia, Belgio, Repubblica Ceca, Gran Bretagna, Ungheria, Olanda, Polonia, Russia, Svezia e Norvegia. Ma anche da Australia, Canada e Stati Uniti. Saranno impegnati sabato nella prova sui 30 chilometri, in tecnica libera, che prender\u00e0 il via dallo Sport Nordic Center di Fiames (Cortina) per concludersi alla Nordic Arena di Dobbiaco, e domenica sui 42 chilometri, da percorrere in tecnica classica, che si snoderanno tra la piana di Dobbiaco e il centro di Cortina.<\/p>\n<p>\u00abIl tracciato \u00e8 in ottime condizioni \u2013 spiega Alessandro Alver\u00e0, direttore di gara, che proprio questa mattina ha effettuato un sopralluogo lungo il tracciato delle vecchia ferrovia che univa Pusteria e Ampezzo \u2013 Grazie alle precipitazioni dei giorni scorsi la neve \u00e8 abbondante e le temperature al di sopra della media di queste ore non causeranno alcun problema. Stiamo mettendo a punto gli ultimi dettagli e sabato sera prepareremo le ultime centinaia di metri dell\u2019arrivo in Corso Italia a Cortina\u00bb.<\/p>\n<p>Tutto pronto, dunque, per la Dobbiaco-Cortina che anche quest\u2019anno vedr\u00e0 al via nomi illustri del panorama internazionale dello sci di fondo. Tra gli iscritti ci sono anche il campione iridato e olimpico Cristian Zorzi e il nazionale tedesco Tim Tscharnke. Il trentino Bruno Debertolis cercher\u00e0 la terza vittoria consecutiva nella prova in tecnica classica dopo i successi del 2011 e del 2012.<\/p>\n<p>Le gare in entrambe le giornate prenderanno il via alle 10. Ci sar\u00e0 la possibilit\u00e0 di iscriversi, in zona partenza, fino a mezzora prima del via. Tutti i dettagli sono disponibili sul sito ufficiale della manifestazione: www.dobbiacocortina.org.<\/p>\n<p>&nbsp;<\/p>","protected":false},"excerpt":{"rendered":"<p>Tra gli oltre 1200 iscritti alla granfondo sugli sci che sabato 2 e domenica 3 febbraio unir\u00e0 Ampezzo e Pusteria anche russi, scandinavi, australiani e statunitensi. Il trentino Bruno Debertolis alla caccia della terza vittoria consecutiva sotto il campanile della regina delle Dolomiti. La Dobbiaco-Cortina si conferma una delle granfondo sugli sci di maggior richiamo [&hellip;]<\/p>\n","protected":false},"author":2,"featured_media":0,"comment_status":"closed","ping_status":"open","sticky":false,"template":"","format":"standard","meta":{"footnotes":""},"categories":[27,25,4],"tags":[],"class_list":["post-46298","post","type-post","status-publish","format-standard","category-appuntamenti","category-pausa-caffe","category-sport"],"yoast_head":"<!-- This site is optimized with the Yoast SEO plugin v28.4 - https:\/\/yoast.com\/product\/yoast-seo-wordpress\/ -->\n<title>Da tutto il mondo per la 36ma Dobbiaco-Cortina  - Bellunopress - Dolomiti<\/title>\n<meta name=\"robots\" content=\"index, follow, max-snippet:-1, max-image-preview:large, max-video-preview:-1\" \/>\n<link rel=\"canonical\" href=\"https:\/\/www.bellunopress.it\/fr\/2013\/02\/01\/da-tutto-il-mondo-per-la-36ma-dobbiaco-cortina\/\" \/>\n<meta property=\"og:locale\" content=\"fr_FR\" \/>\n<meta property=\"og:type\" content=\"article\" \/>\n<meta property=\"og:title\" content=\"Da tutto il mondo per la 36ma Dobbiaco-Cortina  - Bellunopress - Dolomiti\" \/>\n<meta property=\"og:description\" content=\"Tra gli oltre 1200 iscritti alla granfondo sugli sci che sabato 2 e domenica 3 febbraio unir\u00e0 Ampezzo e Pusteria anche russi, scandinavi, australiani e statunitensi. Il trentino Bruno Debertolis alla caccia della terza vittoria consecutiva sotto il campanile della regina delle Dolomiti. La Dobbiaco-Cortina si conferma una delle granfondo sugli sci di maggior richiamo [&hellip;]\" \/>\n<meta property=\"og:url\" content=\"https:\/\/www.bellunopress.it\/fr\/2013\/02\/01\/da-tutto-il-mondo-per-la-36ma-dobbiaco-cortina\/\" \/>\n<meta property=\"og:site_name\" content=\"Bellunopress - Dolomiti\" \/>\n<meta property=\"article:publisher\" content=\"https:\/\/www.facebook.com\/profile.php?id=100008943462799\" \/>\n<meta property=\"article:published_time\" content=\"2013-02-01T16:35:42+00:00\" \/>\n<meta property=\"article:modified_time\" content=\"2013-02-01T16:36:58+00:00\" \/>\n<meta property=\"og:image\" content=\"http:\/\/www.bellunopress.it\/wp-content\/uploads\/2010\/02\/dobbiaco-cortina-fondo.jpg\" \/>\n<meta name=\"author\" content=\"redazione\" \/>\n<meta name=\"twitter:card\" content=\"summary_large_image\" \/>\n<meta name=\"twitter:creator\" content=\"@bellunopress\" \/>\n<meta name=\"twitter:site\" content=\"@bellunopress\" \/>\n<meta name=\"twitter:label1\" content=\"\u00c9crit par\" \/>\n\t<meta name=\"twitter:data1\" content=\"redazione\" \/>\n\t<meta name=\"twitter:label2\" content=\"Dur\u00e9e de lecture estim\u00e9e\" \/>\n\t<meta name=\"twitter:data2\" content=\"2 minutes\" \/>\n<script type=\"application\/ld+json\" class=\"yoast-schema-graph\">{\"@context\":\"https:\\\/\\\/schema.org\",\"@graph\":[{\"@type\":\"Article\",\"@id\":\"https:\\\/\\\/www.bellunopress.it\\\/2013\\\/02\\\/01\\\/da-tutto-il-mondo-per-la-36ma-dobbiaco-cortina\\\/#article\",\"isPartOf\":{\"@id\":\"https:\\\/\\\/www.bellunopress.it\\\/2013\\\/02\\\/01\\\/da-tutto-il-mondo-per-la-36ma-dobbiaco-cortina\\\/\"},\"author\":{\"name\":\"redazione\",\"@id\":\"https:\\\/\\\/www.bellunopress.it\\\/#\\\/schema\\\/person\\\/79bb06722b37ece1c03d3e94beb30d73\"},\"headline\":\"Da tutto il mondo per la 36ma Dobbiaco-Cortina\",\"datePublished\":\"2013-02-01T16:35:42+00:00\",\"dateModified\":\"2013-02-01T16:36:58+00:00\",\"mainEntityOfPage\":{\"@id\":\"https:\\\/\\\/www.bellunopress.it\\\/2013\\\/02\\\/01\\\/da-tutto-il-mondo-per-la-36ma-dobbiaco-cortina\\\/\"},\"wordCount\":345,\"publisher\":{\"@id\":\"https:\\\/\\\/www.bellunopress.it\\\/#organization\"},\"image\":{\"@id\":\"https:\\\/\\\/www.bellunopress.it\\\/2013\\\/02\\\/01\\\/da-tutto-il-mondo-per-la-36ma-dobbiaco-cortina\\\/#primaryimage\"},\"thumbnailUrl\":\"http:\\\/\\\/www.bellunopress.it\\\/wp-content\\\/uploads\\\/2010\\\/02\\\/dobbiaco-cortina-fondo.jpg\",\"articleSection\":[\"Appuntamenti, Eventi\",\"Pausa Caff\u00e8\",\"Sport, tempo libero\"],\"inLanguage\":\"fr-FR\"},{\"@type\":\"WebPage\",\"@id\":\"https:\\\/\\\/www.bellunopress.it\\\/2013\\\/02\\\/01\\\/da-tutto-il-mondo-per-la-36ma-dobbiaco-cortina\\\/\",\"url\":\"https:\\\/\\\/www.bellunopress.it\\\/2013\\\/02\\\/01\\\/da-tutto-il-mondo-per-la-36ma-dobbiaco-cortina\\\/\",\"name\":\"Da tutto il mondo per la 36ma Dobbiaco-Cortina - Bellunopress - Dolomiti\",\"isPartOf\":{\"@id\":\"https:\\\/\\\/www.bellunopress.it\\\/#website\"},\"primaryImageOfPage\":{\"@id\":\"https:\\\/\\\/www.bellunopress.it\\\/2013\\\/02\\\/01\\\/da-tutto-il-mondo-per-la-36ma-dobbiaco-cortina\\\/#primaryimage\"},\"image\":{\"@id\":\"https:\\\/\\\/www.bellunopress.it\\\/2013\\\/02\\\/01\\\/da-tutto-il-mondo-per-la-36ma-dobbiaco-cortina\\\/#primaryimage\"},\"thumbnailUrl\":\"http:\\\/\\\/www.bellunopress.it\\\/wp-content\\\/uploads\\\/2010\\\/02\\\/dobbiaco-cortina-fondo.jpg\",\"datePublished\":\"2013-02-01T16:35:42+00:00\",\"dateModified\":\"2013-02-01T16:36:58+00:00\",\"breadcrumb\":{\"@id\":\"https:\\\/\\\/www.bellunopress.it\\\/2013\\\/02\\\/01\\\/da-tutto-il-mondo-per-la-36ma-dobbiaco-cortina\\\/#breadcrumb\"},\"inLanguage\":\"fr-FR\",\"potentialAction\":[{\"@type\":\"ReadAction\",\"target\":[\"https:\\\/\\\/www.bellunopress.it\\\/2013\\\/02\\\/01\\\/da-tutto-il-mondo-per-la-36ma-dobbiaco-cortina\\\/\"]}]},{\"@type\":\"ImageObject\",\"inLanguage\":\"fr-FR\",\"@id\":\"https:\\\/\\\/www.bellunopress.it\\\/2013\\\/02\\\/01\\\/da-tutto-il-mondo-per-la-36ma-dobbiaco-cortina\\\/#primaryimage\",\"url\":\"http:\\\/\\\/www.bellunopress.it\\\/wp-content\\\/uploads\\\/2010\\\/02\\\/dobbiaco-cortina-fondo.jpg\",\"contentUrl\":\"http:\\\/\\\/www.bellunopress.it\\\/wp-content\\\/uploads\\\/2010\\\/02\\\/dobbiaco-cortina-fondo.jpg\"},{\"@type\":\"BreadcrumbList\",\"@id\":\"https:\\\/\\\/www.bellunopress.it\\\/2013\\\/02\\\/01\\\/da-tutto-il-mondo-per-la-36ma-dobbiaco-cortina\\\/#breadcrumb\",\"itemListElement\":[{\"@type\":\"ListItem\",\"position\":1,\"name\":\"Home\",\"item\":\"https:\\\/\\\/www.bellunopress.it\\\/\"},{\"@type\":\"ListItem\",\"position\":2,\"name\":\"Da tutto il mondo per la 36ma Dobbiaco-Cortina\"}]},{\"@type\":\"WebSite\",\"@id\":\"https:\\\/\\\/www.bellunopress.it\\\/#website\",\"url\":\"https:\\\/\\\/www.bellunopress.it\\\/\",\"name\":\"Bellunopress - Dolomiti\",\"description\":\"e-mail: redazione@bellunopress.it\",\"publisher\":{\"@id\":\"https:\\\/\\\/www.bellunopress.it\\\/#organization\"},\"potentialAction\":[{\"@type\":\"SearchAction\",\"target\":{\"@type\":\"EntryPoint\",\"urlTemplate\":\"https:\\\/\\\/www.bellunopress.it\\\/?s={search_term_string}\"},\"query-input\":{\"@type\":\"PropertyValueSpecification\",\"valueRequired\":true,\"valueName\":\"search_term_string\"}}],\"inLanguage\":\"fr-FR\"},{\"@type\":\"Organization\",\"@id\":\"https:\\\/\\\/www.bellunopress.it\\\/#organization\",\"name\":\"Bellunopress\",\"url\":\"https:\\\/\\\/www.bellunopress.it\\\/\",\"logo\":{\"@type\":\"ImageObject\",\"inLanguage\":\"fr-FR\",\"@id\":\"https:\\\/\\\/www.bellunopress.it\\\/#\\\/schema\\\/logo\\\/image\\\/\",\"url\":\"https:\\\/\\\/www.bellunopress.it\\\/wp-content\\\/uploads\\\/2011\\\/05\\\/cropped-logo-bellunopress-.jpg\",\"contentUrl\":\"https:\\\/\\\/www.bellunopress.it\\\/wp-content\\\/uploads\\\/2011\\\/05\\\/cropped-logo-bellunopress-.jpg\",\"width\":512,\"height\":512,\"caption\":\"Bellunopress\"},\"image\":{\"@id\":\"https:\\\/\\\/www.bellunopress.it\\\/#\\\/schema\\\/logo\\\/image\\\/\"},\"sameAs\":[\"https:\\\/\\\/www.facebook.com\\\/profile.php?id=100008943462799\",\"https:\\\/\\\/x.com\\\/bellunopress\",\"https:\\\/\\\/www.linkedin.com\\\/hp\\\/?dnr=JBzUWaJfMUw8vbXJJ2tVW5-I3jZKvC4wsoxE&amp;amp;amp;amp;amp;amp;trk=nav_responsive_tab_home\",\"https:\\\/\\\/www.youtube.com\\\/channel\\\/UCxL0wu1uN0_3_7hGG0306cw\"]},{\"@type\":\"Person\",\"@id\":\"https:\\\/\\\/www.bellunopress.it\\\/#\\\/schema\\\/person\\\/79bb06722b37ece1c03d3e94beb30d73\",\"name\":\"redazione\",\"image\":{\"@type\":\"ImageObject\",\"inLanguage\":\"fr-FR\",\"@id\":\"https:\\\/\\\/secure.gravatar.com\\\/avatar\\\/37d968a2e67a6fd04c169c4bdef102d0bc5d31b2546345219e348575eb80e9a0?s=96&d=mm&r=g\",\"url\":\"https:\\\/\\\/secure.gravatar.com\\\/avatar\\\/37d968a2e67a6fd04c169c4bdef102d0bc5d31b2546345219e348575eb80e9a0?s=96&d=mm&r=g\",\"contentUrl\":\"https:\\\/\\\/secure.gravatar.com\\\/avatar\\\/37d968a2e67a6fd04c169c4bdef102d0bc5d31b2546345219e348575eb80e9a0?s=96&d=mm&r=g\",\"caption\":\"redazione\"},\"sameAs\":[\"http:\\\/\\\/www.bellunopress.it\",\"https:\\\/\\\/x.com\\\/bellunopress\"],\"url\":\"https:\\\/\\\/www.bellunopress.it\\\/fr\\\/author\\\/redazione\\\/\"}]}<\/script>\n<!-- \/ Yoast SEO plugin. -->","yoast_head_json":{"title":"Da tutto il mondo per la 36ma Dobbiaco-Cortina  - Bellunopress - Dolomiti","robots":{"index":"index","follow":"follow","max-snippet":"max-snippet:-1","max-image-preview":"max-image-preview:large","max-video-preview":"max-video-preview:-1"},"canonical":"https:\/\/www.bellunopress.it\/fr\/2013\/02\/01\/da-tutto-il-mondo-per-la-36ma-dobbiaco-cortina\/","og_locale":"fr_FR","og_type":"article","og_title":"Da tutto il mondo per la 36ma Dobbiaco-Cortina  - Bellunopress - Dolomiti","og_description":"Tra gli oltre 1200 iscritti alla granfondo sugli sci che sabato 2 e domenica 3 febbraio unir\u00e0 Ampezzo e Pusteria anche russi, scandinavi, australiani e statunitensi. Il trentino Bruno Debertolis alla caccia della terza vittoria consecutiva sotto il campanile della regina delle Dolomiti. La Dobbiaco-Cortina si conferma una delle granfondo sugli sci di maggior richiamo [&hellip;]","og_url":"https:\/\/www.bellunopress.it\/fr\/2013\/02\/01\/da-tutto-il-mondo-per-la-36ma-dobbiaco-cortina\/","og_site_name":"Bellunopress - Dolomiti","article_publisher":"https:\/\/www.facebook.com\/profile.php?id=100008943462799","article_published_time":"2013-02-01T16:35:42+00:00","article_modified_time":"2013-02-01T16:36:58+00:00","og_image":[{"url":"http:\/\/www.bellunopress.it\/wp-content\/uploads\/2010\/02\/dobbiaco-cortina-fondo.jpg","type":"","width":"","height":""}],"author":"redazione","twitter_card":"summary_large_image","twitter_creator":"@bellunopress","twitter_site":"@bellunopress","twitter_misc":{"\u00c9crit par":"redazione","Dur\u00e9e de lecture estim\u00e9e":"2 minutes"},"schema":{"@context":"https:\/\/schema.org","@graph":[{"@type":"Article","@id":"https:\/\/www.bellunopress.it\/2013\/02\/01\/da-tutto-il-mondo-per-la-36ma-dobbiaco-cortina\/#article","isPartOf":{"@id":"https:\/\/www.bellunopress.it\/2013\/02\/01\/da-tutto-il-mondo-per-la-36ma-dobbiaco-cortina\/"},"author":{"name":"redazione","@id":"https:\/\/www.bellunopress.it\/#\/schema\/person\/79bb06722b37ece1c03d3e94beb30d73"},"headline":"Da tutto il mondo per la 36ma Dobbiaco-Cortina","datePublished":"2013-02-01T16:35:42+00:00","dateModified":"2013-02-01T16:36:58+00:00","mainEntityOfPage":{"@id":"https:\/\/www.bellunopress.it\/2013\/02\/01\/da-tutto-il-mondo-per-la-36ma-dobbiaco-cortina\/"},"wordCount":345,"publisher":{"@id":"https:\/\/www.bellunopress.it\/#organization"},"image":{"@id":"https:\/\/www.bellunopress.it\/2013\/02\/01\/da-tutto-il-mondo-per-la-36ma-dobbiaco-cortina\/#primaryimage"},"thumbnailUrl":"http:\/\/www.bellunopress.it\/wp-content\/uploads\/2010\/02\/dobbiaco-cortina-fondo.jpg","articleSection":["Appuntamenti, Eventi","Pausa Caff\u00e8","Sport, tempo libero"],"inLanguage":"fr-FR"},{"@type":"WebPage","@id":"https:\/\/www.bellunopress.it\/2013\/02\/01\/da-tutto-il-mondo-per-la-36ma-dobbiaco-cortina\/","url":"https:\/\/www.bellunopress.it\/2013\/02\/01\/da-tutto-il-mondo-per-la-36ma-dobbiaco-cortina\/","name":"Da tutto il mondo per la 36ma Dobbiaco-Cortina - Bellunopress - Dolomiti","isPartOf":{"@id":"https:\/\/www.bellunopress.it\/#website"},"primaryImageOfPage":{"@id":"https:\/\/www.bellunopress.it\/2013\/02\/01\/da-tutto-il-mondo-per-la-36ma-dobbiaco-cortina\/#primaryimage"},"image":{"@id":"https:\/\/www.bellunopress.it\/2013\/02\/01\/da-tutto-il-mondo-per-la-36ma-dobbiaco-cortina\/#primaryimage"},"thumbnailUrl":"http:\/\/www.bellunopress.it\/wp-content\/uploads\/2010\/02\/dobbiaco-cortina-fondo.jpg","datePublished":"2013-02-01T16:35:42+00:00","dateModified":"2013-02-01T16:36:58+00:00","breadcrumb":{"@id":"https:\/\/www.bellunopress.it\/2013\/02\/01\/da-tutto-il-mondo-per-la-36ma-dobbiaco-cortina\/#breadcrumb"},"inLanguage":"fr-FR","potentialAction":[{"@type":"ReadAction","target":["https:\/\/www.bellunopress.it\/2013\/02\/01\/da-tutto-il-mondo-per-la-36ma-dobbiaco-cortina\/"]}]},{"@type":"ImageObject","inLanguage":"fr-FR","@id":"https:\/\/www.bellunopress.it\/2013\/02\/01\/da-tutto-il-mondo-per-la-36ma-dobbiaco-cortina\/#primaryimage","url":"http:\/\/www.bellunopress.it\/wp-content\/uploads\/2010\/02\/dobbiaco-cortina-fondo.jpg","contentUrl":"http:\/\/www.bellunopress.it\/wp-content\/uploads\/2010\/02\/dobbiaco-cortina-fondo.jpg"},{"@type":"BreadcrumbList","@id":"https:\/\/www.bellunopress.it\/2013\/02\/01\/da-tutto-il-mondo-per-la-36ma-dobbiaco-cortina\/#breadcrumb","itemListElement":[{"@type":"ListItem","position":1,"name":"Home","item":"https:\/\/www.bellunopress.it\/"},{"@type":"ListItem","position":2,"name":"Da tutto il mondo per la 36ma Dobbiaco-Cortina"}]},{"@type":"WebSite","@id":"https:\/\/www.bellunopress.it\/#website","url":"https:\/\/www.bellunopress.it\/","name":"Bellunopress - Dolomiti","description":"e-mail: redazione@bellunopress.it","publisher":{"@id":"https:\/\/www.bellunopress.it\/#organization"},"potentialAction":[{"@type":"SearchAction","target":{"@type":"EntryPoint","urlTemplate":"https:\/\/www.bellunopress.it\/?s={search_term_string}"},"query-input":{"@type":"PropertyValueSpecification","valueRequired":true,"valueName":"search_term_string"}}],"inLanguage":"fr-FR"},{"@type":"Organization","@id":"https:\/\/www.bellunopress.it\/#organization","name":"Bellunopress","url":"https:\/\/www.bellunopress.it\/","logo":{"@type":"ImageObject","inLanguage":"fr-FR","@id":"https:\/\/www.bellunopress.it\/#\/schema\/logo\/image\/","url":"https:\/\/www.bellunopress.it\/wp-content\/uploads\/2011\/05\/cropped-logo-bellunopress-.jpg","contentUrl":"https:\/\/www.bellunopress.it\/wp-content\/uploads\/2011\/05\/cropped-logo-bellunopress-.jpg","width":512,"height":512,"caption":"Bellunopress"},"image":{"@id":"https:\/\/www.bellunopress.it\/#\/schema\/logo\/image\/"},"sameAs":["https:\/\/www.facebook.com\/profile.php?id=100008943462799","https:\/\/x.com\/bellunopress","https:\/\/www.linkedin.com\/hp\/?dnr=JBzUWaJfMUw8vbXJJ2tVW5-I3jZKvC4wsoxE&amp;amp;amp;amp;amp;amp;trk=nav_responsive_tab_home","https:\/\/www.youtube.com\/channel\/UCxL0wu1uN0_3_7hGG0306cw"]},{"@type":"Person","@id":"https:\/\/www.bellunopress.it\/#\/schema\/person\/79bb06722b37ece1c03d3e94beb30d73","name":"r\u00e9daction","image":{"@type":"ImageObject","inLanguage":"fr-FR","@id":"https:\/\/secure.gravatar.com\/avatar\/37d968a2e67a6fd04c169c4bdef102d0bc5d31b2546345219e348575eb80e9a0?s=96&d=mm&r=g","url":"https:\/\/secure.gravatar.com\/avatar\/37d968a2e67a6fd04c169c4bdef102d0bc5d31b2546345219e348575eb80e9a0?s=96&d=mm&r=g","contentUrl":"https:\/\/secure.gravatar.com\/avatar\/37d968a2e67a6fd04c169c4bdef102d0bc5d31b2546345219e348575eb80e9a0?s=96&d=mm&r=g","caption":"redazione"},"sameAs":["http:\/\/www.bellunopress.it","https:\/\/x.com\/bellunopress"],"url":"https:\/\/www.bellunopress.it\/fr\/author\/redazione\/"}]}},"_links":{"self":[{"href":"https:\/\/www.bellunopress.it\/fr\/wp-json\/wp\/v2\/posts\/46298","targetHints":{"allow":["GET"]}}],"collection":[{"href":"https:\/\/www.bellunopress.it\/fr\/wp-json\/wp\/v2\/posts"}],"about":[{"href":"https:\/\/www.bellunopress.it\/fr\/wp-json\/wp\/v2\/types\/post"}],"author":[{"embeddable":true,"href":"https:\/\/www.bellunopress.it\/fr\/wp-json\/wp\/v2\/users\/2"}],"replies":[{"embeddable":true,"href":"https:\/\/www.bellunopress.it\/fr\/wp-json\/wp\/v2\/comments?post=46298"}],"version-history":[{"count":2,"href":"https:\/\/www.bellunopress.it\/fr\/wp-json\/wp\/v2\/posts\/46298\/revisions"}],"predecessor-version":[{"id":46300,"href":"https:\/\/www.bellunopress.it\/fr\/wp-json\/wp\/v2\/posts\/46298\/revisions\/46300"}],"wp:attachment":[{"href":"https:\/\/www.bellunopress.it\/fr\/wp-json\/wp\/v2\/media?parent=46298"}],"wp:term":[{"taxonomy":"category","embeddable":true,"href":"https:\/\/www.bellunopress.it\/fr\/wp-json\/wp\/v2\/categories?post=46298"},{"taxonomy":"post_tag","embeddable":true,"href":"https:\/\/www.bellunopress.it\/fr\/wp-json\/wp\/v2\/tags?post=46298"}],"curies":[{"name":"wp","href":"https:\/\/api.w.org\/{rel}","templated":true}]}}