{"id":4629,"date":"2009-06-09T20:55:47","date_gmt":"2009-06-09T19:55:47","guid":{"rendered":"http:\/\/www.bellunopress.it\/?p=4629"},"modified":"2009-06-09T20:55:47","modified_gmt":"2009-06-09T19:55:47","slug":"sabato-al-palazzetto-spes-arena-sport-veneto-in-festa","status":"publish","type":"post","link":"https:\/\/www.bellunopress.it\/fr\/2009\/06\/09\/sabato-al-palazzetto-spes-arena-sport-veneto-in-festa\/","title":{"rendered":"Sabato al palazzetto Spes Arena &#8220;Sport veneto in festa&#8221;"},"content":{"rendered":"<p><a href=\"http:\/\/www.bellunopress.it\/wp-content\/uploads\/2009\/06\/coni-conferenza-stampa.jpg\"><img loading=\"lazy\" decoding=\"async\" class=\"alignleft size-medium wp-image-4630\" title=\"coni-conferenza-stampa\" src=\"http:\/\/www.bellunopress.it\/wp-content\/uploads\/2009\/06\/coni-conferenza-stampa.jpg\" alt=\"\" width=\"76\" height=\"76\" \/><\/a>E&#8217; stata presentata ufficialmente presso il Comune di Belluno l\u2019iniziativa \u201cSport Veneto in Festa\u201d, manifestazione indetta annualmente dal Coni con il fine di premiare gli atleti veneti pi\u00f9 meritevoli, che andr\u00e0 in scena sabato 13 giugno per la prima volta nel capoluogo bellunese. La conferenza stampa \u00e8 stata aperta dall\u2019intervento dell&#8217;assessore allo Sport del Comune di Belluno, Michele Carbogno, il quale ha manifestato tutto il suo orgoglio nell\u2019ospitare l\u2019evento sportivo regionale pi\u00f9 importante. Lo stesso ha fatto Ezio Lise, assessore allo Sport della Provincia di Belluno, il quale ha evidenziato come, anche attraverso questa cerimonia, il rapporto con il Coni sia ormai consolidato. A tal proposito ha voluto essere presente Giovanni Ottoni, Consigliere Nazionale del Coni, che ha messo in risalto la portata del movimento sportivo veneto, sia dal punto di vista agonistico sia a livello culturale-educativo. Il presidente del Coni Veneto, Gianfranco Bardelle, ha sottolineato come il Veneto sia la Regione italiana che ha conquistato pi\u00f9 medaglie alle Olimpiadi di Pechino, ben il 33% di tutti i podi azzurri, attribuendo questo significativo successo all\u2019attenzione del territorio nei confronti dello sport. A chiudere \u00e8 intervenuto Luciano Trevisson, presidente del Coni Belluno, che ha elogiato staff e struttura adibita a questa kermesse con l\u2019augurio ma anche la convinzione che possa essere un momento di lustro per il Comune di Belluno. \u201cSport Veneto in Festa\u201d giunta alla sua quarta edizione, premier\u00e0 i campioni veneti ed i dirigenti sportivi che hanno avuto il massimo riconoscimento sportivo consegnando loro la &#8220;Stella d&#8217;oro al Merito Sportivo&#8221;. In questa circostanza, il Coni regionale, in accordo con i sette Comitati provinciali, premier\u00e0 i migliori sette atleti veneti ed i sette dirigenti benemeriti, oltre ad altri significativi premi in programma nella giornata di sabato. Tra questi la premiazione di campioni del calibro di Rossano Galtarossa e Fulvio Valbusa, medagliati rispettivamente a Pechino 2008 e alle Olimpiadi invernali Torino 2006, oltre che al pluricampione Oscar De Pellegrin. Tutti i riconoscimenti vengono assegnati a persone assolutamente meritevoli che, con il loro operato, hanno contribuito e contribuiscono a tenere alta la considerazione unanime del mondo sportivo per una Regione \u201cfucina di Campioni&#8221;. Quest&#8217;anno, sar\u00e0 la Provincia di Belluno, segnatamente proprio il capoluogo, ad accogliere questa grande festa, che verr\u00e0 organizzata con il contributo del Coni di Belluno. L\u2019appuntamento \u00e8 quindi per sabato 13 giugno, alle ore 12:30, presso il Palazzetto dello Sport Spes Arena di Belluno, dove avr\u00e0 luogo la quarta edizione di \u201cSport Veneto in Festa\u201d, la cerimonia di premiazione sportiva pi\u00f9 prestigiosa inerente il territorio Veneto.<\/p>","protected":false},"excerpt":{"rendered":"<p>E&#8217; stata presentata ufficialmente presso il Comune di Belluno l\u2019iniziativa \u201cSport Veneto in Festa\u201d, manifestazione indetta annualmente dal Coni con il fine di premiare gli atleti veneti pi\u00f9 meritevoli, che andr\u00e0 in scena sabato 13 giugno per la prima volta nel capoluogo bellunese. La conferenza stampa \u00e8 stata aperta dall\u2019intervento dell&#8217;assessore allo Sport del Comune [&hellip;]<\/p>\n","protected":false},"author":2,"featured_media":0,"comment_status":"closed","ping_status":"open","sticky":false,"template":"","format":"standard","meta":{"footnotes":""},"categories":[26,4],"tags":[139],"class_list":["post-4629","post","type-post","status-publish","format-standard","category-prima-pagina","category-sport","tag-belluno"],"yoast_head":"<!-- This site is optimized with the Yoast SEO plugin v28.4 - https:\/\/yoast.com\/product\/yoast-seo-wordpress\/ -->\n<title>Sabato al palazzetto Spes Arena &quot;Sport veneto in festa&quot; - Bellunopress - Dolomiti<\/title>\n<meta name=\"robots\" content=\"index, follow, max-snippet:-1, max-image-preview:large, max-video-preview:-1\" \/>\n<link rel=\"canonical\" href=\"https:\/\/www.bellunopress.it\/fr\/2009\/06\/09\/sabato-al-palazzetto-spes-arena-sport-veneto-in-festa\/\" \/>\n<meta property=\"og:locale\" content=\"fr_FR\" \/>\n<meta property=\"og:type\" content=\"article\" \/>\n<meta property=\"og:title\" content=\"Sabato al palazzetto Spes Arena &quot;Sport veneto in festa&quot; - Bellunopress - Dolomiti\" \/>\n<meta property=\"og:description\" content=\"E&#8217; stata presentata ufficialmente presso il Comune di Belluno l\u2019iniziativa \u201cSport Veneto in Festa\u201d, manifestazione indetta annualmente dal Coni con il fine di premiare gli atleti veneti pi\u00f9 meritevoli, che andr\u00e0 in scena sabato 13 giugno per la prima volta nel capoluogo bellunese. La conferenza stampa \u00e8 stata aperta dall\u2019intervento dell&#8217;assessore allo Sport del Comune [&hellip;]\" \/>\n<meta property=\"og:url\" content=\"https:\/\/www.bellunopress.it\/fr\/2009\/06\/09\/sabato-al-palazzetto-spes-arena-sport-veneto-in-festa\/\" \/>\n<meta property=\"og:site_name\" content=\"Bellunopress - Dolomiti\" \/>\n<meta property=\"article:publisher\" content=\"https:\/\/www.facebook.com\/profile.php?id=100008943462799\" \/>\n<meta property=\"article:published_time\" content=\"2009-06-09T19:55:47+00:00\" \/>\n<meta property=\"og:image\" content=\"http:\/\/www.bellunopress.it\/wp-content\/uploads\/2009\/06\/coni-conferenza-stampa.jpg\" \/>\n<meta name=\"author\" content=\"redazione\" \/>\n<meta name=\"twitter:card\" content=\"summary_large_image\" \/>\n<meta name=\"twitter:creator\" content=\"@bellunopress\" \/>\n<meta name=\"twitter:site\" content=\"@bellunopress\" \/>\n<meta name=\"twitter:label1\" content=\"Written by\" \/>\n\t<meta name=\"twitter:data1\" content=\"redazione\" \/>\n\t<meta name=\"twitter:label2\" content=\"Est. reading time\" \/>\n\t<meta name=\"twitter:data2\" content=\"2 minutes\" \/>\n<script type=\"application\/ld+json\" class=\"yoast-schema-graph\">{\"@context\":\"https:\\\/\\\/schema.org\",\"@graph\":[{\"@type\":\"Article\",\"@id\":\"https:\\\/\\\/www.bellunopress.it\\\/2009\\\/06\\\/09\\\/sabato-al-palazzetto-spes-arena-sport-veneto-in-festa\\\/#article\",\"isPartOf\":{\"@id\":\"https:\\\/\\\/www.bellunopress.it\\\/2009\\\/06\\\/09\\\/sabato-al-palazzetto-spes-arena-sport-veneto-in-festa\\\/\"},\"author\":{\"name\":\"redazione\",\"@id\":\"https:\\\/\\\/www.bellunopress.it\\\/#\\\/schema\\\/person\\\/79bb06722b37ece1c03d3e94beb30d73\"},\"headline\":\"Sabato al palazzetto Spes Arena &#8220;Sport veneto in festa&#8221;\",\"datePublished\":\"2009-06-09T19:55:47+00:00\",\"mainEntityOfPage\":{\"@id\":\"https:\\\/\\\/www.bellunopress.it\\\/2009\\\/06\\\/09\\\/sabato-al-palazzetto-spes-arena-sport-veneto-in-festa\\\/\"},\"wordCount\":427,\"publisher\":{\"@id\":\"https:\\\/\\\/www.bellunopress.it\\\/#organization\"},\"image\":{\"@id\":\"https:\\\/\\\/www.bellunopress.it\\\/2009\\\/06\\\/09\\\/sabato-al-palazzetto-spes-arena-sport-veneto-in-festa\\\/#primaryimage\"},\"thumbnailUrl\":\"http:\\\/\\\/www.bellunopress.it\\\/wp-content\\\/uploads\\\/2009\\\/06\\\/coni-conferenza-stampa.jpg\",\"keywords\":[\"Belluno\"],\"articleSection\":[\"Prima Pagina\",\"Sport, tempo libero\"],\"inLanguage\":\"fr-FR\"},{\"@type\":\"WebPage\",\"@id\":\"https:\\\/\\\/www.bellunopress.it\\\/2009\\\/06\\\/09\\\/sabato-al-palazzetto-spes-arena-sport-veneto-in-festa\\\/\",\"url\":\"https:\\\/\\\/www.bellunopress.it\\\/2009\\\/06\\\/09\\\/sabato-al-palazzetto-spes-arena-sport-veneto-in-festa\\\/\",\"name\":\"Sabato al palazzetto Spes Arena \\\"Sport veneto in festa\\\" - Bellunopress - Dolomiti\",\"isPartOf\":{\"@id\":\"https:\\\/\\\/www.bellunopress.it\\\/#website\"},\"primaryImageOfPage\":{\"@id\":\"https:\\\/\\\/www.bellunopress.it\\\/2009\\\/06\\\/09\\\/sabato-al-palazzetto-spes-arena-sport-veneto-in-festa\\\/#primaryimage\"},\"image\":{\"@id\":\"https:\\\/\\\/www.bellunopress.it\\\/2009\\\/06\\\/09\\\/sabato-al-palazzetto-spes-arena-sport-veneto-in-festa\\\/#primaryimage\"},\"thumbnailUrl\":\"http:\\\/\\\/www.bellunopress.it\\\/wp-content\\\/uploads\\\/2009\\\/06\\\/coni-conferenza-stampa.jpg\",\"datePublished\":\"2009-06-09T19:55:47+00:00\",\"breadcrumb\":{\"@id\":\"https:\\\/\\\/www.bellunopress.it\\\/2009\\\/06\\\/09\\\/sabato-al-palazzetto-spes-arena-sport-veneto-in-festa\\\/#breadcrumb\"},\"inLanguage\":\"fr-FR\",\"potentialAction\":[{\"@type\":\"ReadAction\",\"target\":[\"https:\\\/\\\/www.bellunopress.it\\\/2009\\\/06\\\/09\\\/sabato-al-palazzetto-spes-arena-sport-veneto-in-festa\\\/\"]}]},{\"@type\":\"ImageObject\",\"inLanguage\":\"fr-FR\",\"@id\":\"https:\\\/\\\/www.bellunopress.it\\\/2009\\\/06\\\/09\\\/sabato-al-palazzetto-spes-arena-sport-veneto-in-festa\\\/#primaryimage\",\"url\":\"http:\\\/\\\/www.bellunopress.it\\\/wp-content\\\/uploads\\\/2009\\\/06\\\/coni-conferenza-stampa.jpg\",\"contentUrl\":\"http:\\\/\\\/www.bellunopress.it\\\/wp-content\\\/uploads\\\/2009\\\/06\\\/coni-conferenza-stampa.jpg\"},{\"@type\":\"BreadcrumbList\",\"@id\":\"https:\\\/\\\/www.bellunopress.it\\\/2009\\\/06\\\/09\\\/sabato-al-palazzetto-spes-arena-sport-veneto-in-festa\\\/#breadcrumb\",\"itemListElement\":[{\"@type\":\"ListItem\",\"position\":1,\"name\":\"Home\",\"item\":\"https:\\\/\\\/www.bellunopress.it\\\/\"},{\"@type\":\"ListItem\",\"position\":2,\"name\":\"Sabato al palazzetto Spes Arena &#8220;Sport veneto in festa&#8221;\"}]},{\"@type\":\"WebSite\",\"@id\":\"https:\\\/\\\/www.bellunopress.it\\\/#website\",\"url\":\"https:\\\/\\\/www.bellunopress.it\\\/\",\"name\":\"Bellunopress - Dolomiti\",\"description\":\"e-mail: redazione@bellunopress.it\",\"publisher\":{\"@id\":\"https:\\\/\\\/www.bellunopress.it\\\/#organization\"},\"potentialAction\":[{\"@type\":\"SearchAction\",\"target\":{\"@type\":\"EntryPoint\",\"urlTemplate\":\"https:\\\/\\\/www.bellunopress.it\\\/?s={search_term_string}\"},\"query-input\":{\"@type\":\"PropertyValueSpecification\",\"valueRequired\":true,\"valueName\":\"search_term_string\"}}],\"inLanguage\":\"fr-FR\"},{\"@type\":\"Organization\",\"@id\":\"https:\\\/\\\/www.bellunopress.it\\\/#organization\",\"name\":\"Bellunopress\",\"url\":\"https:\\\/\\\/www.bellunopress.it\\\/\",\"logo\":{\"@type\":\"ImageObject\",\"inLanguage\":\"fr-FR\",\"@id\":\"https:\\\/\\\/www.bellunopress.it\\\/#\\\/schema\\\/logo\\\/image\\\/\",\"url\":\"https:\\\/\\\/www.bellunopress.it\\\/wp-content\\\/uploads\\\/2011\\\/05\\\/cropped-logo-bellunopress-.jpg\",\"contentUrl\":\"https:\\\/\\\/www.bellunopress.it\\\/wp-content\\\/uploads\\\/2011\\\/05\\\/cropped-logo-bellunopress-.jpg\",\"width\":512,\"height\":512,\"caption\":\"Bellunopress\"},\"image\":{\"@id\":\"https:\\\/\\\/www.bellunopress.it\\\/#\\\/schema\\\/logo\\\/image\\\/\"},\"sameAs\":[\"https:\\\/\\\/www.facebook.com\\\/profile.php?id=100008943462799\",\"https:\\\/\\\/x.com\\\/bellunopress\",\"https:\\\/\\\/www.linkedin.com\\\/hp\\\/?dnr=JBzUWaJfMUw8vbXJJ2tVW5-I3jZKvC4wsoxE&amp;amp;amp;amp;amp;amp;trk=nav_responsive_tab_home\",\"https:\\\/\\\/www.youtube.com\\\/channel\\\/UCxL0wu1uN0_3_7hGG0306cw\"]},{\"@type\":\"Person\",\"@id\":\"https:\\\/\\\/www.bellunopress.it\\\/#\\\/schema\\\/person\\\/79bb06722b37ece1c03d3e94beb30d73\",\"name\":\"redazione\",\"image\":{\"@type\":\"ImageObject\",\"inLanguage\":\"fr-FR\",\"@id\":\"https:\\\/\\\/secure.gravatar.com\\\/avatar\\\/37d968a2e67a6fd04c169c4bdef102d0bc5d31b2546345219e348575eb80e9a0?s=96&d=mm&r=g\",\"url\":\"https:\\\/\\\/secure.gravatar.com\\\/avatar\\\/37d968a2e67a6fd04c169c4bdef102d0bc5d31b2546345219e348575eb80e9a0?s=96&d=mm&r=g\",\"contentUrl\":\"https:\\\/\\\/secure.gravatar.com\\\/avatar\\\/37d968a2e67a6fd04c169c4bdef102d0bc5d31b2546345219e348575eb80e9a0?s=96&d=mm&r=g\",\"caption\":\"redazione\"},\"sameAs\":[\"http:\\\/\\\/www.bellunopress.it\",\"https:\\\/\\\/x.com\\\/bellunopress\"],\"url\":\"https:\\\/\\\/www.bellunopress.it\\\/fr\\\/author\\\/redazione\\\/\"}]}<\/script>\n<!-- \/ Yoast SEO plugin. -->","yoast_head_json":{"title":"Sabato al palazzetto Spes Arena \"Sport veneto in festa\" - Bellunopress - Dolomiti","robots":{"index":"index","follow":"follow","max-snippet":"max-snippet:-1","max-image-preview":"max-image-preview:large","max-video-preview":"max-video-preview:-1"},"canonical":"https:\/\/www.bellunopress.it\/fr\/2009\/06\/09\/sabato-al-palazzetto-spes-arena-sport-veneto-in-festa\/","og_locale":"fr_FR","og_type":"article","og_title":"Sabato al palazzetto Spes Arena \"Sport veneto in festa\" - Bellunopress - Dolomiti","og_description":"E&#8217; stata presentata ufficialmente presso il Comune di Belluno l\u2019iniziativa \u201cSport Veneto in Festa\u201d, manifestazione indetta annualmente dal Coni con il fine di premiare gli atleti veneti pi\u00f9 meritevoli, che andr\u00e0 in scena sabato 13 giugno per la prima volta nel capoluogo bellunese. La conferenza stampa \u00e8 stata aperta dall\u2019intervento dell&#8217;assessore allo Sport del Comune [&hellip;]","og_url":"https:\/\/www.bellunopress.it\/fr\/2009\/06\/09\/sabato-al-palazzetto-spes-arena-sport-veneto-in-festa\/","og_site_name":"Bellunopress - Dolomiti","article_publisher":"https:\/\/www.facebook.com\/profile.php?id=100008943462799","article_published_time":"2009-06-09T19:55:47+00:00","og_image":[{"url":"http:\/\/www.bellunopress.it\/wp-content\/uploads\/2009\/06\/coni-conferenza-stampa.jpg","type":"","width":"","height":""}],"author":"redazione","twitter_card":"summary_large_image","twitter_creator":"@bellunopress","twitter_site":"@bellunopress","twitter_misc":{"Written by":"redazione","Est. reading time":"2 minutes"},"schema":{"@context":"https:\/\/schema.org","@graph":[{"@type":"Article","@id":"https:\/\/www.bellunopress.it\/2009\/06\/09\/sabato-al-palazzetto-spes-arena-sport-veneto-in-festa\/#article","isPartOf":{"@id":"https:\/\/www.bellunopress.it\/2009\/06\/09\/sabato-al-palazzetto-spes-arena-sport-veneto-in-festa\/"},"author":{"name":"redazione","@id":"https:\/\/www.bellunopress.it\/#\/schema\/person\/79bb06722b37ece1c03d3e94beb30d73"},"headline":"Sabato al palazzetto Spes Arena &#8220;Sport veneto in festa&#8221;","datePublished":"2009-06-09T19:55:47+00:00","mainEntityOfPage":{"@id":"https:\/\/www.bellunopress.it\/2009\/06\/09\/sabato-al-palazzetto-spes-arena-sport-veneto-in-festa\/"},"wordCount":427,"publisher":{"@id":"https:\/\/www.bellunopress.it\/#organization"},"image":{"@id":"https:\/\/www.bellunopress.it\/2009\/06\/09\/sabato-al-palazzetto-spes-arena-sport-veneto-in-festa\/#primaryimage"},"thumbnailUrl":"http:\/\/www.bellunopress.it\/wp-content\/uploads\/2009\/06\/coni-conferenza-stampa.jpg","keywords":["Belluno"],"articleSection":["Prima Pagina","Sport, tempo libero"],"inLanguage":"fr-FR"},{"@type":"WebPage","@id":"https:\/\/www.bellunopress.it\/2009\/06\/09\/sabato-al-palazzetto-spes-arena-sport-veneto-in-festa\/","url":"https:\/\/www.bellunopress.it\/2009\/06\/09\/sabato-al-palazzetto-spes-arena-sport-veneto-in-festa\/","name":"Sabato al palazzetto Spes Arena \"Sport veneto in festa\" - Bellunopress - Dolomiti","isPartOf":{"@id":"https:\/\/www.bellunopress.it\/#website"},"primaryImageOfPage":{"@id":"https:\/\/www.bellunopress.it\/2009\/06\/09\/sabato-al-palazzetto-spes-arena-sport-veneto-in-festa\/#primaryimage"},"image":{"@id":"https:\/\/www.bellunopress.it\/2009\/06\/09\/sabato-al-palazzetto-spes-arena-sport-veneto-in-festa\/#primaryimage"},"thumbnailUrl":"http:\/\/www.bellunopress.it\/wp-content\/uploads\/2009\/06\/coni-conferenza-stampa.jpg","datePublished":"2009-06-09T19:55:47+00:00","breadcrumb":{"@id":"https:\/\/www.bellunopress.it\/2009\/06\/09\/sabato-al-palazzetto-spes-arena-sport-veneto-in-festa\/#breadcrumb"},"inLanguage":"fr-FR","potentialAction":[{"@type":"ReadAction","target":["https:\/\/www.bellunopress.it\/2009\/06\/09\/sabato-al-palazzetto-spes-arena-sport-veneto-in-festa\/"]}]},{"@type":"ImageObject","inLanguage":"fr-FR","@id":"https:\/\/www.bellunopress.it\/2009\/06\/09\/sabato-al-palazzetto-spes-arena-sport-veneto-in-festa\/#primaryimage","url":"http:\/\/www.bellunopress.it\/wp-content\/uploads\/2009\/06\/coni-conferenza-stampa.jpg","contentUrl":"http:\/\/www.bellunopress.it\/wp-content\/uploads\/2009\/06\/coni-conferenza-stampa.jpg"},{"@type":"BreadcrumbList","@id":"https:\/\/www.bellunopress.it\/2009\/06\/09\/sabato-al-palazzetto-spes-arena-sport-veneto-in-festa\/#breadcrumb","itemListElement":[{"@type":"ListItem","position":1,"name":"Home","item":"https:\/\/www.bellunopress.it\/"},{"@type":"ListItem","position":2,"name":"Sabato al palazzetto Spes Arena &#8220;Sport veneto in festa&#8221;"}]},{"@type":"WebSite","@id":"https:\/\/www.bellunopress.it\/#website","url":"https:\/\/www.bellunopress.it\/","name":"Bellunopress - Dolomiti","description":"e-mail: redazione@bellunopress.it","publisher":{"@id":"https:\/\/www.bellunopress.it\/#organization"},"potentialAction":[{"@type":"SearchAction","target":{"@type":"EntryPoint","urlTemplate":"https:\/\/www.bellunopress.it\/?s={search_term_string}"},"query-input":{"@type":"PropertyValueSpecification","valueRequired":true,"valueName":"search_term_string"}}],"inLanguage":"fr-FR"},{"@type":"Organization","@id":"https:\/\/www.bellunopress.it\/#organization","name":"Bellunopress","url":"https:\/\/www.bellunopress.it\/","logo":{"@type":"ImageObject","inLanguage":"fr-FR","@id":"https:\/\/www.bellunopress.it\/#\/schema\/logo\/image\/","url":"https:\/\/www.bellunopress.it\/wp-content\/uploads\/2011\/05\/cropped-logo-bellunopress-.jpg","contentUrl":"https:\/\/www.bellunopress.it\/wp-content\/uploads\/2011\/05\/cropped-logo-bellunopress-.jpg","width":512,"height":512,"caption":"Bellunopress"},"image":{"@id":"https:\/\/www.bellunopress.it\/#\/schema\/logo\/image\/"},"sameAs":["https:\/\/www.facebook.com\/profile.php?id=100008943462799","https:\/\/x.com\/bellunopress","https:\/\/www.linkedin.com\/hp\/?dnr=JBzUWaJfMUw8vbXJJ2tVW5-I3jZKvC4wsoxE&amp;amp;amp;amp;amp;amp;trk=nav_responsive_tab_home","https:\/\/www.youtube.com\/channel\/UCxL0wu1uN0_3_7hGG0306cw"]},{"@type":"Person","@id":"https:\/\/www.bellunopress.it\/#\/schema\/person\/79bb06722b37ece1c03d3e94beb30d73","name":"r\u00e9daction","image":{"@type":"ImageObject","inLanguage":"fr-FR","@id":"https:\/\/secure.gravatar.com\/avatar\/37d968a2e67a6fd04c169c4bdef102d0bc5d31b2546345219e348575eb80e9a0?s=96&d=mm&r=g","url":"https:\/\/secure.gravatar.com\/avatar\/37d968a2e67a6fd04c169c4bdef102d0bc5d31b2546345219e348575eb80e9a0?s=96&d=mm&r=g","contentUrl":"https:\/\/secure.gravatar.com\/avatar\/37d968a2e67a6fd04c169c4bdef102d0bc5d31b2546345219e348575eb80e9a0?s=96&d=mm&r=g","caption":"redazione"},"sameAs":["http:\/\/www.bellunopress.it","https:\/\/x.com\/bellunopress"],"url":"https:\/\/www.bellunopress.it\/fr\/author\/redazione\/"}]}},"_links":{"self":[{"href":"https:\/\/www.bellunopress.it\/fr\/wp-json\/wp\/v2\/posts\/4629","targetHints":{"allow":["GET"]}}],"collection":[{"href":"https:\/\/www.bellunopress.it\/fr\/wp-json\/wp\/v2\/posts"}],"about":[{"href":"https:\/\/www.bellunopress.it\/fr\/wp-json\/wp\/v2\/types\/post"}],"author":[{"embeddable":true,"href":"https:\/\/www.bellunopress.it\/fr\/wp-json\/wp\/v2\/users\/2"}],"replies":[{"embeddable":true,"href":"https:\/\/www.bellunopress.it\/fr\/wp-json\/wp\/v2\/comments?post=4629"}],"version-history":[{"count":1,"href":"https:\/\/www.bellunopress.it\/fr\/wp-json\/wp\/v2\/posts\/4629\/revisions"}],"predecessor-version":[{"id":4631,"href":"https:\/\/www.bellunopress.it\/fr\/wp-json\/wp\/v2\/posts\/4629\/revisions\/4631"}],"wp:attachment":[{"href":"https:\/\/www.bellunopress.it\/fr\/wp-json\/wp\/v2\/media?parent=4629"}],"wp:term":[{"taxonomy":"category","embeddable":true,"href":"https:\/\/www.bellunopress.it\/fr\/wp-json\/wp\/v2\/categories?post=4629"},{"taxonomy":"post_tag","embeddable":true,"href":"https:\/\/www.bellunopress.it\/fr\/wp-json\/wp\/v2\/tags?post=4629"}],"curies":[{"name":"wp","href":"https:\/\/api.w.org\/{rel}","templated":true}]}}