{"id":46255,"date":"2013-01-31T16:10:13","date_gmt":"2013-01-31T15:10:13","guid":{"rendered":"http:\/\/www.bellunopress.it\/?p=46255"},"modified":"2013-01-31T16:27:32","modified_gmt":"2013-01-31T15:27:32","slug":"venerdi-a-pedavena-la-presentazione-del-libro-la-voce-della-montagna-di-francesco-santon-e-germano-bertin-con-video-foto-e-letture","status":"publish","type":"post","link":"https:\/\/www.bellunopress.it\/fr\/2013\/01\/31\/venerdi-a-pedavena-la-presentazione-del-libro-la-voce-della-montagna-di-francesco-santon-e-germano-bertin-con-video-foto-e-letture\/","title":{"rendered":"Venerd\u00ec a Pedavena la presentazione del libro La voce della montagna di Francesco Santon e Germano Bertin con video, foto e letture"},"content":{"rendered":"<p>Domani, venerd\u00ec 1 febbraio, verr\u00e0 presentato a Pedavena, presso la Sala Guarnieri alle ore 20,30, il libro appena pubblicato da Francesco Santon in dialogo con Germano Bertin &#8220;La voce della Montagna&#8221;.<\/p>\n<p>200 pagine intense di memorie in alta quota nelle quali Santon ricostruisce la sua storia di alpinista in un racconto che non segue l\u2019ordine cronologico ma crea parallelismi tra le imprese e le emozioni vissute, nel ricordo dei tanti compagni di avventura. Germano Bertin, giornalista e amante della montagna, nel volume dialoga con Santon che ha seguito in alcuni trekking e poi ha collaborato a pubblicare i racconti della sua vita di alpinista e di capospedizione.<\/p>\n<p>La serata, presentata da Teddy Soppelsa, sar\u00e0 l\u2019occasione per tutti coloro che amano la montagna di rivivere attraverso filmati, letture e foto, un alpinismo d\u2019alta quota che ormai non esiste pi\u00f9, superato dalle spedizioni commerciali, da piccoli gruppi di alpinisti e sempre pi\u00f9 anche da imprese che hanno poco a che fare con l\u2019alpinismo e la montagna.<\/p>\n<p>L\u2019incontro vivr\u00e0 anche dei ricordi di alcuni alpinisti feltrini che hanno partecipato con Santon alle sue spedizioni come Enzo De Menech (Bubu), Enrico Bertoldin e Alessandro Masucci. Sar\u00e0 inoltre presente il cineoperatore RAI Giorgio Salomon che ha documentatao numerose spedizioni di Santon.<\/p>\n<p>La serata \u00e8 organizzata dalla Biblioteca Civica di Pedavena, dalla Sezione Cai Feltre e dal Gruppo Rocciatori e dalla Scuola di Alpinismo del Cai Feltre.<\/p>","protected":false},"excerpt":{"rendered":"<p>Domani, venerd\u00ec 1 febbraio, verr\u00e0 presentato a Pedavena, presso la Sala Guarnieri alle ore 20,30, il libro appena pubblicato da Francesco Santon in dialogo con Germano Bertin &#8220;La voce della Montagna&#8221;. 200 pagine intense di memorie in alta quota nelle quali Santon ricostruisce la sua storia di alpinista in un racconto che non segue l\u2019ordine [&hellip;]<\/p>\n","protected":false},"author":2,"featured_media":0,"comment_status":"closed","ping_status":"open","sticky":false,"template":"","format":"standard","meta":{"footnotes":""},"categories":[27,3,25],"tags":[],"class_list":["post-46255","post","type-post","status-publish","format-standard","category-appuntamenti","category-arte-cultura-spettacoli-scienza-archivi","category-pausa-caffe"],"yoast_head":"<!-- This site is optimized with the Yoast SEO plugin v28.4 - https:\/\/yoast.com\/product\/yoast-seo-wordpress\/ -->\n<title>Venerd\u00ec a Pedavena la presentazione del libro La voce della montagna di Francesco Santon e Germano Bertin con video, foto e letture - Bellunopress - Dolomiti<\/title>\n<meta name=\"robots\" content=\"index, follow, max-snippet:-1, max-image-preview:large, max-video-preview:-1\" \/>\n<link rel=\"canonical\" href=\"https:\/\/www.bellunopress.it\/fr\/2013\/01\/31\/venerdi-a-pedavena-la-presentazione-del-libro-la-voce-della-montagna-di-francesco-santon-e-germano-bertin-con-video-foto-e-letture\/\" \/>\n<meta property=\"og:locale\" content=\"fr_FR\" \/>\n<meta property=\"og:type\" content=\"article\" \/>\n<meta property=\"og:title\" content=\"Venerd\u00ec a Pedavena la presentazione del libro La voce della montagna di Francesco Santon e Germano Bertin con video, foto e letture - Bellunopress - Dolomiti\" \/>\n<meta property=\"og:description\" content=\"Domani, venerd\u00ec 1 febbraio, verr\u00e0 presentato a Pedavena, presso la Sala Guarnieri alle ore 20,30, il libro appena pubblicato da Francesco Santon in dialogo con Germano Bertin &#8220;La voce della Montagna&#8221;. 200 pagine intense di memorie in alta quota nelle quali Santon ricostruisce la sua storia di alpinista in un racconto che non segue l\u2019ordine [&hellip;]\" \/>\n<meta property=\"og:url\" content=\"https:\/\/www.bellunopress.it\/fr\/2013\/01\/31\/venerdi-a-pedavena-la-presentazione-del-libro-la-voce-della-montagna-di-francesco-santon-e-germano-bertin-con-video-foto-e-letture\/\" \/>\n<meta property=\"og:site_name\" content=\"Bellunopress - Dolomiti\" \/>\n<meta property=\"article:publisher\" content=\"https:\/\/www.facebook.com\/profile.php?id=100008943462799\" \/>\n<meta property=\"article:published_time\" content=\"2013-01-31T15:10:13+00:00\" \/>\n<meta property=\"article:modified_time\" content=\"2013-01-31T15:27:32+00:00\" \/>\n<meta property=\"og:image\" content=\"http:\/\/www.bellunopress.it\/wp-content\/uploads\/2012\/07\/logo-bellunopress-250x250-2012.jpg\" \/>\n<meta name=\"author\" content=\"redazione\" \/>\n<meta name=\"twitter:card\" content=\"summary_large_image\" \/>\n<meta name=\"twitter:creator\" content=\"@bellunopress\" \/>\n<meta name=\"twitter:site\" content=\"@bellunopress\" \/>\n<meta name=\"twitter:label1\" content=\"\u00c9crit par\" \/>\n\t<meta name=\"twitter:data1\" content=\"redazione\" \/>\n\t<meta name=\"twitter:label2\" content=\"Dur\u00e9e de lecture estim\u00e9e\" \/>\n\t<meta name=\"twitter:data2\" content=\"1 minute\" \/>\n<script type=\"application\/ld+json\" class=\"yoast-schema-graph\">{\"@context\":\"https:\\\/\\\/schema.org\",\"@graph\":[{\"@type\":\"Article\",\"@id\":\"https:\\\/\\\/www.bellunopress.it\\\/2013\\\/01\\\/31\\\/venerdi-a-pedavena-la-presentazione-del-libro-la-voce-della-montagna-di-francesco-santon-e-germano-bertin-con-video-foto-e-letture\\\/#article\",\"isPartOf\":{\"@id\":\"https:\\\/\\\/www.bellunopress.it\\\/2013\\\/01\\\/31\\\/venerdi-a-pedavena-la-presentazione-del-libro-la-voce-della-montagna-di-francesco-santon-e-germano-bertin-con-video-foto-e-letture\\\/\"},\"author\":{\"name\":\"redazione\",\"@id\":\"https:\\\/\\\/www.bellunopress.it\\\/#\\\/schema\\\/person\\\/79bb06722b37ece1c03d3e94beb30d73\"},\"headline\":\"Venerd\u00ec a Pedavena la presentazione del libro La voce della montagna di Francesco Santon e Germano Bertin con video, foto e letture\",\"datePublished\":\"2013-01-31T15:10:13+00:00\",\"dateModified\":\"2013-01-31T15:27:32+00:00\",\"mainEntityOfPage\":{\"@id\":\"https:\\\/\\\/www.bellunopress.it\\\/2013\\\/01\\\/31\\\/venerdi-a-pedavena-la-presentazione-del-libro-la-voce-della-montagna-di-francesco-santon-e-germano-bertin-con-video-foto-e-letture\\\/\"},\"wordCount\":254,\"publisher\":{\"@id\":\"https:\\\/\\\/www.bellunopress.it\\\/#organization\"},\"articleSection\":[\"Appuntamenti, Eventi\",\"Arte, Cultura, Spettacoli, Scienza\",\"Pausa Caff\u00e8\"],\"inLanguage\":\"fr-FR\"},{\"@type\":\"WebPage\",\"@id\":\"https:\\\/\\\/www.bellunopress.it\\\/2013\\\/01\\\/31\\\/venerdi-a-pedavena-la-presentazione-del-libro-la-voce-della-montagna-di-francesco-santon-e-germano-bertin-con-video-foto-e-letture\\\/\",\"url\":\"https:\\\/\\\/www.bellunopress.it\\\/2013\\\/01\\\/31\\\/venerdi-a-pedavena-la-presentazione-del-libro-la-voce-della-montagna-di-francesco-santon-e-germano-bertin-con-video-foto-e-letture\\\/\",\"name\":\"Venerd\u00ec a Pedavena la presentazione del libro La voce della montagna di Francesco Santon e Germano Bertin con video, foto e letture - Bellunopress - Dolomiti\",\"isPartOf\":{\"@id\":\"https:\\\/\\\/www.bellunopress.it\\\/#website\"},\"datePublished\":\"2013-01-31T15:10:13+00:00\",\"dateModified\":\"2013-01-31T15:27:32+00:00\",\"breadcrumb\":{\"@id\":\"https:\\\/\\\/www.bellunopress.it\\\/2013\\\/01\\\/31\\\/venerdi-a-pedavena-la-presentazione-del-libro-la-voce-della-montagna-di-francesco-santon-e-germano-bertin-con-video-foto-e-letture\\\/#breadcrumb\"},\"inLanguage\":\"fr-FR\",\"potentialAction\":[{\"@type\":\"ReadAction\",\"target\":[\"https:\\\/\\\/www.bellunopress.it\\\/2013\\\/01\\\/31\\\/venerdi-a-pedavena-la-presentazione-del-libro-la-voce-della-montagna-di-francesco-santon-e-germano-bertin-con-video-foto-e-letture\\\/\"]}]},{\"@type\":\"BreadcrumbList\",\"@id\":\"https:\\\/\\\/www.bellunopress.it\\\/2013\\\/01\\\/31\\\/venerdi-a-pedavena-la-presentazione-del-libro-la-voce-della-montagna-di-francesco-santon-e-germano-bertin-con-video-foto-e-letture\\\/#breadcrumb\",\"itemListElement\":[{\"@type\":\"ListItem\",\"position\":1,\"name\":\"Home\",\"item\":\"https:\\\/\\\/www.bellunopress.it\\\/\"},{\"@type\":\"ListItem\",\"position\":2,\"name\":\"Venerd\u00ec a Pedavena la presentazione del libro La voce della montagna di Francesco Santon e Germano Bertin con video, foto e letture\"}]},{\"@type\":\"WebSite\",\"@id\":\"https:\\\/\\\/www.bellunopress.it\\\/#website\",\"url\":\"https:\\\/\\\/www.bellunopress.it\\\/\",\"name\":\"Bellunopress - Dolomiti\",\"description\":\"e-mail: redazione@bellunopress.it\",\"publisher\":{\"@id\":\"https:\\\/\\\/www.bellunopress.it\\\/#organization\"},\"potentialAction\":[{\"@type\":\"SearchAction\",\"target\":{\"@type\":\"EntryPoint\",\"urlTemplate\":\"https:\\\/\\\/www.bellunopress.it\\\/?s={search_term_string}\"},\"query-input\":{\"@type\":\"PropertyValueSpecification\",\"valueRequired\":true,\"valueName\":\"search_term_string\"}}],\"inLanguage\":\"fr-FR\"},{\"@type\":\"Organization\",\"@id\":\"https:\\\/\\\/www.bellunopress.it\\\/#organization\",\"name\":\"Bellunopress\",\"url\":\"https:\\\/\\\/www.bellunopress.it\\\/\",\"logo\":{\"@type\":\"ImageObject\",\"inLanguage\":\"fr-FR\",\"@id\":\"https:\\\/\\\/www.bellunopress.it\\\/#\\\/schema\\\/logo\\\/image\\\/\",\"url\":\"https:\\\/\\\/www.bellunopress.it\\\/wp-content\\\/uploads\\\/2011\\\/05\\\/cropped-logo-bellunopress-.jpg\",\"contentUrl\":\"https:\\\/\\\/www.bellunopress.it\\\/wp-content\\\/uploads\\\/2011\\\/05\\\/cropped-logo-bellunopress-.jpg\",\"width\":512,\"height\":512,\"caption\":\"Bellunopress\"},\"image\":{\"@id\":\"https:\\\/\\\/www.bellunopress.it\\\/#\\\/schema\\\/logo\\\/image\\\/\"},\"sameAs\":[\"https:\\\/\\\/www.facebook.com\\\/profile.php?id=100008943462799\",\"https:\\\/\\\/x.com\\\/bellunopress\",\"https:\\\/\\\/www.linkedin.com\\\/hp\\\/?dnr=JBzUWaJfMUw8vbXJJ2tVW5-I3jZKvC4wsoxE&amp;amp;amp;amp;amp;amp;trk=nav_responsive_tab_home\",\"https:\\\/\\\/www.youtube.com\\\/channel\\\/UCxL0wu1uN0_3_7hGG0306cw\"]},{\"@type\":\"Person\",\"@id\":\"https:\\\/\\\/www.bellunopress.it\\\/#\\\/schema\\\/person\\\/79bb06722b37ece1c03d3e94beb30d73\",\"name\":\"redazione\",\"image\":{\"@type\":\"ImageObject\",\"inLanguage\":\"fr-FR\",\"@id\":\"https:\\\/\\\/secure.gravatar.com\\\/avatar\\\/37d968a2e67a6fd04c169c4bdef102d0bc5d31b2546345219e348575eb80e9a0?s=96&d=mm&r=g\",\"url\":\"https:\\\/\\\/secure.gravatar.com\\\/avatar\\\/37d968a2e67a6fd04c169c4bdef102d0bc5d31b2546345219e348575eb80e9a0?s=96&d=mm&r=g\",\"contentUrl\":\"https:\\\/\\\/secure.gravatar.com\\\/avatar\\\/37d968a2e67a6fd04c169c4bdef102d0bc5d31b2546345219e348575eb80e9a0?s=96&d=mm&r=g\",\"caption\":\"redazione\"},\"sameAs\":[\"http:\\\/\\\/www.bellunopress.it\",\"https:\\\/\\\/x.com\\\/bellunopress\"],\"url\":\"https:\\\/\\\/www.bellunopress.it\\\/fr\\\/author\\\/redazione\\\/\"}]}<\/script>\n<!-- \/ Yoast SEO plugin. -->","yoast_head_json":{"title":"Venerd\u00ec a Pedavena la presentazione del libro La voce della montagna di Francesco Santon e Germano Bertin con video, foto e letture - Bellunopress - Dolomiti","robots":{"index":"index","follow":"follow","max-snippet":"max-snippet:-1","max-image-preview":"max-image-preview:large","max-video-preview":"max-video-preview:-1"},"canonical":"https:\/\/www.bellunopress.it\/fr\/2013\/01\/31\/venerdi-a-pedavena-la-presentazione-del-libro-la-voce-della-montagna-di-francesco-santon-e-germano-bertin-con-video-foto-e-letture\/","og_locale":"fr_FR","og_type":"article","og_title":"Venerd\u00ec a Pedavena la presentazione del libro La voce della montagna di Francesco Santon e Germano Bertin con video, foto e letture - Bellunopress - Dolomiti","og_description":"Domani, venerd\u00ec 1 febbraio, verr\u00e0 presentato a Pedavena, presso la Sala Guarnieri alle ore 20,30, il libro appena pubblicato da Francesco Santon in dialogo con Germano Bertin &#8220;La voce della Montagna&#8221;. 200 pagine intense di memorie in alta quota nelle quali Santon ricostruisce la sua storia di alpinista in un racconto che non segue l\u2019ordine [&hellip;]","og_url":"https:\/\/www.bellunopress.it\/fr\/2013\/01\/31\/venerdi-a-pedavena-la-presentazione-del-libro-la-voce-della-montagna-di-francesco-santon-e-germano-bertin-con-video-foto-e-letture\/","og_site_name":"Bellunopress - Dolomiti","article_publisher":"https:\/\/www.facebook.com\/profile.php?id=100008943462799","article_published_time":"2013-01-31T15:10:13+00:00","article_modified_time":"2013-01-31T15:27:32+00:00","og_image":[{"url":"http:\/\/www.bellunopress.it\/wp-content\/uploads\/2012\/07\/logo-bellunopress-250x250-2012.jpg","type":"","width":"","height":""}],"author":"redazione","twitter_card":"summary_large_image","twitter_creator":"@bellunopress","twitter_site":"@bellunopress","twitter_misc":{"\u00c9crit par":"redazione","Dur\u00e9e de lecture estim\u00e9e":"1 minute"},"schema":{"@context":"https:\/\/schema.org","@graph":[{"@type":"Article","@id":"https:\/\/www.bellunopress.it\/2013\/01\/31\/venerdi-a-pedavena-la-presentazione-del-libro-la-voce-della-montagna-di-francesco-santon-e-germano-bertin-con-video-foto-e-letture\/#article","isPartOf":{"@id":"https:\/\/www.bellunopress.it\/2013\/01\/31\/venerdi-a-pedavena-la-presentazione-del-libro-la-voce-della-montagna-di-francesco-santon-e-germano-bertin-con-video-foto-e-letture\/"},"author":{"name":"redazione","@id":"https:\/\/www.bellunopress.it\/#\/schema\/person\/79bb06722b37ece1c03d3e94beb30d73"},"headline":"Venerd\u00ec a Pedavena la presentazione del libro La voce della montagna di Francesco Santon e Germano Bertin con video, foto e letture","datePublished":"2013-01-31T15:10:13+00:00","dateModified":"2013-01-31T15:27:32+00:00","mainEntityOfPage":{"@id":"https:\/\/www.bellunopress.it\/2013\/01\/31\/venerdi-a-pedavena-la-presentazione-del-libro-la-voce-della-montagna-di-francesco-santon-e-germano-bertin-con-video-foto-e-letture\/"},"wordCount":254,"publisher":{"@id":"https:\/\/www.bellunopress.it\/#organization"},"articleSection":["Appuntamenti, Eventi","Arte, Cultura, Spettacoli, Scienza","Pausa Caff\u00e8"],"inLanguage":"fr-FR"},{"@type":"WebPage","@id":"https:\/\/www.bellunopress.it\/2013\/01\/31\/venerdi-a-pedavena-la-presentazione-del-libro-la-voce-della-montagna-di-francesco-santon-e-germano-bertin-con-video-foto-e-letture\/","url":"https:\/\/www.bellunopress.it\/2013\/01\/31\/venerdi-a-pedavena-la-presentazione-del-libro-la-voce-della-montagna-di-francesco-santon-e-germano-bertin-con-video-foto-e-letture\/","name":"Venerd\u00ec a Pedavena la presentazione del libro La voce della montagna di Francesco Santon e Germano Bertin con video, foto e letture - Bellunopress - Dolomiti","isPartOf":{"@id":"https:\/\/www.bellunopress.it\/#website"},"datePublished":"2013-01-31T15:10:13+00:00","dateModified":"2013-01-31T15:27:32+00:00","breadcrumb":{"@id":"https:\/\/www.bellunopress.it\/2013\/01\/31\/venerdi-a-pedavena-la-presentazione-del-libro-la-voce-della-montagna-di-francesco-santon-e-germano-bertin-con-video-foto-e-letture\/#breadcrumb"},"inLanguage":"fr-FR","potentialAction":[{"@type":"ReadAction","target":["https:\/\/www.bellunopress.it\/2013\/01\/31\/venerdi-a-pedavena-la-presentazione-del-libro-la-voce-della-montagna-di-francesco-santon-e-germano-bertin-con-video-foto-e-letture\/"]}]},{"@type":"BreadcrumbList","@id":"https:\/\/www.bellunopress.it\/2013\/01\/31\/venerdi-a-pedavena-la-presentazione-del-libro-la-voce-della-montagna-di-francesco-santon-e-germano-bertin-con-video-foto-e-letture\/#breadcrumb","itemListElement":[{"@type":"ListItem","position":1,"name":"Home","item":"https:\/\/www.bellunopress.it\/"},{"@type":"ListItem","position":2,"name":"Venerd\u00ec a Pedavena la presentazione del libro La voce della montagna di Francesco Santon e Germano Bertin con video, foto e letture"}]},{"@type":"WebSite","@id":"https:\/\/www.bellunopress.it\/#website","url":"https:\/\/www.bellunopress.it\/","name":"Bellunopress - Dolomiti","description":"e-mail: redazione@bellunopress.it","publisher":{"@id":"https:\/\/www.bellunopress.it\/#organization"},"potentialAction":[{"@type":"SearchAction","target":{"@type":"EntryPoint","urlTemplate":"https:\/\/www.bellunopress.it\/?s={search_term_string}"},"query-input":{"@type":"PropertyValueSpecification","valueRequired":true,"valueName":"search_term_string"}}],"inLanguage":"fr-FR"},{"@type":"Organization","@id":"https:\/\/www.bellunopress.it\/#organization","name":"Bellunopress","url":"https:\/\/www.bellunopress.it\/","logo":{"@type":"ImageObject","inLanguage":"fr-FR","@id":"https:\/\/www.bellunopress.it\/#\/schema\/logo\/image\/","url":"https:\/\/www.bellunopress.it\/wp-content\/uploads\/2011\/05\/cropped-logo-bellunopress-.jpg","contentUrl":"https:\/\/www.bellunopress.it\/wp-content\/uploads\/2011\/05\/cropped-logo-bellunopress-.jpg","width":512,"height":512,"caption":"Bellunopress"},"image":{"@id":"https:\/\/www.bellunopress.it\/#\/schema\/logo\/image\/"},"sameAs":["https:\/\/www.facebook.com\/profile.php?id=100008943462799","https:\/\/x.com\/bellunopress","https:\/\/www.linkedin.com\/hp\/?dnr=JBzUWaJfMUw8vbXJJ2tVW5-I3jZKvC4wsoxE&amp;amp;amp;amp;amp;amp;trk=nav_responsive_tab_home","https:\/\/www.youtube.com\/channel\/UCxL0wu1uN0_3_7hGG0306cw"]},{"@type":"Person","@id":"https:\/\/www.bellunopress.it\/#\/schema\/person\/79bb06722b37ece1c03d3e94beb30d73","name":"r\u00e9daction","image":{"@type":"ImageObject","inLanguage":"fr-FR","@id":"https:\/\/secure.gravatar.com\/avatar\/37d968a2e67a6fd04c169c4bdef102d0bc5d31b2546345219e348575eb80e9a0?s=96&d=mm&r=g","url":"https:\/\/secure.gravatar.com\/avatar\/37d968a2e67a6fd04c169c4bdef102d0bc5d31b2546345219e348575eb80e9a0?s=96&d=mm&r=g","contentUrl":"https:\/\/secure.gravatar.com\/avatar\/37d968a2e67a6fd04c169c4bdef102d0bc5d31b2546345219e348575eb80e9a0?s=96&d=mm&r=g","caption":"redazione"},"sameAs":["http:\/\/www.bellunopress.it","https:\/\/x.com\/bellunopress"],"url":"https:\/\/www.bellunopress.it\/fr\/author\/redazione\/"}]}},"_links":{"self":[{"href":"https:\/\/www.bellunopress.it\/fr\/wp-json\/wp\/v2\/posts\/46255","targetHints":{"allow":["GET"]}}],"collection":[{"href":"https:\/\/www.bellunopress.it\/fr\/wp-json\/wp\/v2\/posts"}],"about":[{"href":"https:\/\/www.bellunopress.it\/fr\/wp-json\/wp\/v2\/types\/post"}],"author":[{"embeddable":true,"href":"https:\/\/www.bellunopress.it\/fr\/wp-json\/wp\/v2\/users\/2"}],"replies":[{"embeddable":true,"href":"https:\/\/www.bellunopress.it\/fr\/wp-json\/wp\/v2\/comments?post=46255"}],"version-history":[{"count":4,"href":"https:\/\/www.bellunopress.it\/fr\/wp-json\/wp\/v2\/posts\/46255\/revisions"}],"predecessor-version":[{"id":46262,"href":"https:\/\/www.bellunopress.it\/fr\/wp-json\/wp\/v2\/posts\/46255\/revisions\/46262"}],"wp:attachment":[{"href":"https:\/\/www.bellunopress.it\/fr\/wp-json\/wp\/v2\/media?parent=46255"}],"wp:term":[{"taxonomy":"category","embeddable":true,"href":"https:\/\/www.bellunopress.it\/fr\/wp-json\/wp\/v2\/categories?post=46255"},{"taxonomy":"post_tag","embeddable":true,"href":"https:\/\/www.bellunopress.it\/fr\/wp-json\/wp\/v2\/tags?post=46255"}],"curies":[{"name":"wp","href":"https:\/\/api.w.org\/{rel}","templated":true}]}}