{"id":46252,"date":"2013-01-31T15:54:30","date_gmt":"2013-01-31T14:54:30","guid":{"rendered":"http:\/\/www.bellunopress.it\/?p=46252"},"modified":"2013-01-31T15:54:30","modified_gmt":"2013-01-31T14:54:30","slug":"tsunami-tour-bellunese-movimento-5-stelle-venerdi-a-santa-giustina-e-alano-di-piave","status":"publish","type":"post","link":"https:\/\/www.bellunopress.it\/fr\/2013\/01\/31\/tsunami-tour-bellunese-movimento-5-stelle-venerdi-a-santa-giustina-e-alano-di-piave\/","title":{"rendered":"Tsunami Tour Bellunese MoVimento 5 Stelle: venerd\u00ec a Santa Giustina e Alano di Piave"},"content":{"rendered":"<p>Le prossime elezioni politiche del 24 e 25 febbraio 2013 sono alle porte.<\/p>\n<p>Il Movimento 5 Stelle Belluno Cadore Feltre ha in programma gazebi informativi, giornate di volantinaggio e serate di presentazione dei candidati in tutto il territorio bellunese. Invitiamo i nostri cittadini a partecipare ai prossimi banchetti informativi e serate di presentazione dello Tsunami Tour Bellunese Movimento 5 Stelle dove potrete approfondire il programma del Movimento 5 Stelle e conoscere i nostri candidati al Parlamento.<\/p>\n<p>Venerd\u00ec I\u00b0\u00a0Febbraio 2013, il Movimento 5 stelle sar\u00e0 presente con un gazebo informativo nel comune di Santa Giustina Bellunese in Via Roma, vicino alla sede comunale, dalle 8.30 alle 13.<\/p>\n<p>Inoltre, saremo presenti ad Alano di Piave (Localit\u00e0 Fener) presso l\u2019 \u201cHotel Tegorzo\u201d in Via Nazionale 25 alle ore 20.30. Nel corso della serata, verr\u00e0 presentato alla cittadinanza il MoVimento 5 Stelle, storia, missione, progetti, piccole e grandi vittorie del MoVimento in un\u2019Italia non pi\u00f9 posseduta dai Partiti, ma aperta alla partecipazione di tutti i cittadini. L\u2019incontro dar\u00e0 l\u2019opportunit\u00e0 ai cittadini incontrare i candidati bellunesi Barbara Candeago, Tommaso Capriuoli, Federico D\u2019Inc\u00e0, Barbara Lando e Adriano Marengon. Un\u2019occasione importante in cui verranno toccati vari punti del programma: stato e cittadini, ambiente ed energia, trasporti, connettivit\u00e0 e trasparenza, economia.<\/p>","protected":false},"excerpt":{"rendered":"<p>Le prossime elezioni politiche del 24 e 25 febbraio 2013 sono alle porte. Il Movimento 5 Stelle Belluno Cadore Feltre ha in programma gazebi informativi, giornate di volantinaggio e serate di presentazione dei candidati in tutto il territorio bellunese. Invitiamo i nostri cittadini a partecipare ai prossimi banchetti informativi e serate di presentazione dello Tsunami [&hellip;]<\/p>\n","protected":false},"author":2,"featured_media":0,"comment_status":"closed","ping_status":"open","sticky":false,"template":"","format":"standard","meta":{"footnotes":""},"categories":[27,25],"tags":[],"class_list":["post-46252","post","type-post","status-publish","format-standard","category-appuntamenti","category-pausa-caffe"],"yoast_head":"<!-- This site is optimized with the Yoast SEO plugin v28.4 - https:\/\/yoast.com\/product\/yoast-seo-wordpress\/ -->\n<title>Tsunami Tour Bellunese MoVimento 5 Stelle: venerd\u00ec a Santa Giustina e Alano di Piave - Bellunopress - Dolomiti<\/title>\n<meta name=\"robots\" content=\"index, follow, max-snippet:-1, max-image-preview:large, max-video-preview:-1\" \/>\n<link rel=\"canonical\" href=\"https:\/\/www.bellunopress.it\/fr\/2013\/01\/31\/tsunami-tour-bellunese-movimento-5-stelle-venerdi-a-santa-giustina-e-alano-di-piave\/\" \/>\n<meta property=\"og:locale\" content=\"fr_FR\" \/>\n<meta property=\"og:type\" content=\"article\" \/>\n<meta property=\"og:title\" content=\"Tsunami Tour Bellunese MoVimento 5 Stelle: venerd\u00ec a Santa Giustina e Alano di Piave - Bellunopress - Dolomiti\" \/>\n<meta property=\"og:description\" content=\"Le prossime elezioni politiche del 24 e 25 febbraio 2013 sono alle porte. Il Movimento 5 Stelle Belluno Cadore Feltre ha in programma gazebi informativi, giornate di volantinaggio e serate di presentazione dei candidati in tutto il territorio bellunese. Invitiamo i nostri cittadini a partecipare ai prossimi banchetti informativi e serate di presentazione dello Tsunami [&hellip;]\" \/>\n<meta property=\"og:url\" content=\"https:\/\/www.bellunopress.it\/fr\/2013\/01\/31\/tsunami-tour-bellunese-movimento-5-stelle-venerdi-a-santa-giustina-e-alano-di-piave\/\" \/>\n<meta property=\"og:site_name\" content=\"Bellunopress - Dolomiti\" \/>\n<meta property=\"article:publisher\" content=\"https:\/\/www.facebook.com\/profile.php?id=100008943462799\" \/>\n<meta property=\"article:published_time\" content=\"2013-01-31T14:54:30+00:00\" \/>\n<meta property=\"og:image\" content=\"http:\/\/www.bellunopress.it\/wp-content\/uploads\/2012\/07\/logo-bellunopress-250x250-2012.jpg\" \/>\n<meta name=\"author\" content=\"redazione\" \/>\n<meta name=\"twitter:card\" content=\"summary_large_image\" \/>\n<meta name=\"twitter:creator\" content=\"@bellunopress\" \/>\n<meta name=\"twitter:site\" content=\"@bellunopress\" \/>\n<meta name=\"twitter:label1\" content=\"\u00c9crit par\" \/>\n\t<meta name=\"twitter:data1\" content=\"redazione\" \/>\n\t<meta name=\"twitter:label2\" content=\"Dur\u00e9e de lecture estim\u00e9e\" \/>\n\t<meta name=\"twitter:data2\" content=\"1 minute\" \/>\n<script type=\"application\/ld+json\" class=\"yoast-schema-graph\">{\"@context\":\"https:\\\/\\\/schema.org\",\"@graph\":[{\"@type\":\"Article\",\"@id\":\"https:\\\/\\\/www.bellunopress.it\\\/2013\\\/01\\\/31\\\/tsunami-tour-bellunese-movimento-5-stelle-venerdi-a-santa-giustina-e-alano-di-piave\\\/#article\",\"isPartOf\":{\"@id\":\"https:\\\/\\\/www.bellunopress.it\\\/2013\\\/01\\\/31\\\/tsunami-tour-bellunese-movimento-5-stelle-venerdi-a-santa-giustina-e-alano-di-piave\\\/\"},\"author\":{\"name\":\"redazione\",\"@id\":\"https:\\\/\\\/www.bellunopress.it\\\/#\\\/schema\\\/person\\\/79bb06722b37ece1c03d3e94beb30d73\"},\"headline\":\"Tsunami Tour Bellunese MoVimento 5 Stelle: venerd\u00ec a Santa Giustina e Alano di Piave\",\"datePublished\":\"2013-01-31T14:54:30+00:00\",\"mainEntityOfPage\":{\"@id\":\"https:\\\/\\\/www.bellunopress.it\\\/2013\\\/01\\\/31\\\/tsunami-tour-bellunese-movimento-5-stelle-venerdi-a-santa-giustina-e-alano-di-piave\\\/\"},\"wordCount\":209,\"publisher\":{\"@id\":\"https:\\\/\\\/www.bellunopress.it\\\/#organization\"},\"articleSection\":[\"Appuntamenti, Eventi\",\"Pausa Caff\u00e8\"],\"inLanguage\":\"fr-FR\"},{\"@type\":\"WebPage\",\"@id\":\"https:\\\/\\\/www.bellunopress.it\\\/2013\\\/01\\\/31\\\/tsunami-tour-bellunese-movimento-5-stelle-venerdi-a-santa-giustina-e-alano-di-piave\\\/\",\"url\":\"https:\\\/\\\/www.bellunopress.it\\\/2013\\\/01\\\/31\\\/tsunami-tour-bellunese-movimento-5-stelle-venerdi-a-santa-giustina-e-alano-di-piave\\\/\",\"name\":\"Tsunami Tour Bellunese MoVimento 5 Stelle: venerd\u00ec a Santa Giustina e Alano di Piave - Bellunopress - Dolomiti\",\"isPartOf\":{\"@id\":\"https:\\\/\\\/www.bellunopress.it\\\/#website\"},\"datePublished\":\"2013-01-31T14:54:30+00:00\",\"breadcrumb\":{\"@id\":\"https:\\\/\\\/www.bellunopress.it\\\/2013\\\/01\\\/31\\\/tsunami-tour-bellunese-movimento-5-stelle-venerdi-a-santa-giustina-e-alano-di-piave\\\/#breadcrumb\"},\"inLanguage\":\"fr-FR\",\"potentialAction\":[{\"@type\":\"ReadAction\",\"target\":[\"https:\\\/\\\/www.bellunopress.it\\\/2013\\\/01\\\/31\\\/tsunami-tour-bellunese-movimento-5-stelle-venerdi-a-santa-giustina-e-alano-di-piave\\\/\"]}]},{\"@type\":\"BreadcrumbList\",\"@id\":\"https:\\\/\\\/www.bellunopress.it\\\/2013\\\/01\\\/31\\\/tsunami-tour-bellunese-movimento-5-stelle-venerdi-a-santa-giustina-e-alano-di-piave\\\/#breadcrumb\",\"itemListElement\":[{\"@type\":\"ListItem\",\"position\":1,\"name\":\"Home\",\"item\":\"https:\\\/\\\/www.bellunopress.it\\\/\"},{\"@type\":\"ListItem\",\"position\":2,\"name\":\"Tsunami Tour Bellunese MoVimento 5 Stelle: venerd\u00ec a Santa Giustina e Alano di Piave\"}]},{\"@type\":\"WebSite\",\"@id\":\"https:\\\/\\\/www.bellunopress.it\\\/#website\",\"url\":\"https:\\\/\\\/www.bellunopress.it\\\/\",\"name\":\"Bellunopress - Dolomiti\",\"description\":\"e-mail: redazione@bellunopress.it\",\"publisher\":{\"@id\":\"https:\\\/\\\/www.bellunopress.it\\\/#organization\"},\"potentialAction\":[{\"@type\":\"SearchAction\",\"target\":{\"@type\":\"EntryPoint\",\"urlTemplate\":\"https:\\\/\\\/www.bellunopress.it\\\/?s={search_term_string}\"},\"query-input\":{\"@type\":\"PropertyValueSpecification\",\"valueRequired\":true,\"valueName\":\"search_term_string\"}}],\"inLanguage\":\"fr-FR\"},{\"@type\":\"Organization\",\"@id\":\"https:\\\/\\\/www.bellunopress.it\\\/#organization\",\"name\":\"Bellunopress\",\"url\":\"https:\\\/\\\/www.bellunopress.it\\\/\",\"logo\":{\"@type\":\"ImageObject\",\"inLanguage\":\"fr-FR\",\"@id\":\"https:\\\/\\\/www.bellunopress.it\\\/#\\\/schema\\\/logo\\\/image\\\/\",\"url\":\"https:\\\/\\\/www.bellunopress.it\\\/wp-content\\\/uploads\\\/2011\\\/05\\\/cropped-logo-bellunopress-.jpg\",\"contentUrl\":\"https:\\\/\\\/www.bellunopress.it\\\/wp-content\\\/uploads\\\/2011\\\/05\\\/cropped-logo-bellunopress-.jpg\",\"width\":512,\"height\":512,\"caption\":\"Bellunopress\"},\"image\":{\"@id\":\"https:\\\/\\\/www.bellunopress.it\\\/#\\\/schema\\\/logo\\\/image\\\/\"},\"sameAs\":[\"https:\\\/\\\/www.facebook.com\\\/profile.php?id=100008943462799\",\"https:\\\/\\\/x.com\\\/bellunopress\",\"https:\\\/\\\/www.linkedin.com\\\/hp\\\/?dnr=JBzUWaJfMUw8vbXJJ2tVW5-I3jZKvC4wsoxE&amp;amp;amp;amp;amp;amp;trk=nav_responsive_tab_home\",\"https:\\\/\\\/www.youtube.com\\\/channel\\\/UCxL0wu1uN0_3_7hGG0306cw\"]},{\"@type\":\"Person\",\"@id\":\"https:\\\/\\\/www.bellunopress.it\\\/#\\\/schema\\\/person\\\/79bb06722b37ece1c03d3e94beb30d73\",\"name\":\"redazione\",\"image\":{\"@type\":\"ImageObject\",\"inLanguage\":\"fr-FR\",\"@id\":\"https:\\\/\\\/secure.gravatar.com\\\/avatar\\\/37d968a2e67a6fd04c169c4bdef102d0bc5d31b2546345219e348575eb80e9a0?s=96&d=mm&r=g\",\"url\":\"https:\\\/\\\/secure.gravatar.com\\\/avatar\\\/37d968a2e67a6fd04c169c4bdef102d0bc5d31b2546345219e348575eb80e9a0?s=96&d=mm&r=g\",\"contentUrl\":\"https:\\\/\\\/secure.gravatar.com\\\/avatar\\\/37d968a2e67a6fd04c169c4bdef102d0bc5d31b2546345219e348575eb80e9a0?s=96&d=mm&r=g\",\"caption\":\"redazione\"},\"sameAs\":[\"http:\\\/\\\/www.bellunopress.it\",\"https:\\\/\\\/x.com\\\/bellunopress\"],\"url\":\"https:\\\/\\\/www.bellunopress.it\\\/fr\\\/author\\\/redazione\\\/\"}]}<\/script>\n<!-- \/ Yoast SEO plugin. -->","yoast_head_json":{"title":"Tsunami Tour Bellunese MoVimento 5 Stelle: venerd\u00ec a Santa Giustina e Alano di Piave - Bellunopress - Dolomiti","robots":{"index":"index","follow":"follow","max-snippet":"max-snippet:-1","max-image-preview":"max-image-preview:large","max-video-preview":"max-video-preview:-1"},"canonical":"https:\/\/www.bellunopress.it\/fr\/2013\/01\/31\/tsunami-tour-bellunese-movimento-5-stelle-venerdi-a-santa-giustina-e-alano-di-piave\/","og_locale":"fr_FR","og_type":"article","og_title":"Tsunami Tour Bellunese MoVimento 5 Stelle: venerd\u00ec a Santa Giustina e Alano di Piave - Bellunopress - Dolomiti","og_description":"Le prossime elezioni politiche del 24 e 25 febbraio 2013 sono alle porte. Il Movimento 5 Stelle Belluno Cadore Feltre ha in programma gazebi informativi, giornate di volantinaggio e serate di presentazione dei candidati in tutto il territorio bellunese. Invitiamo i nostri cittadini a partecipare ai prossimi banchetti informativi e serate di presentazione dello Tsunami [&hellip;]","og_url":"https:\/\/www.bellunopress.it\/fr\/2013\/01\/31\/tsunami-tour-bellunese-movimento-5-stelle-venerdi-a-santa-giustina-e-alano-di-piave\/","og_site_name":"Bellunopress - Dolomiti","article_publisher":"https:\/\/www.facebook.com\/profile.php?id=100008943462799","article_published_time":"2013-01-31T14:54:30+00:00","og_image":[{"url":"http:\/\/www.bellunopress.it\/wp-content\/uploads\/2012\/07\/logo-bellunopress-250x250-2012.jpg","type":"","width":"","height":""}],"author":"redazione","twitter_card":"summary_large_image","twitter_creator":"@bellunopress","twitter_site":"@bellunopress","twitter_misc":{"\u00c9crit par":"redazione","Dur\u00e9e de lecture estim\u00e9e":"1 minute"},"schema":{"@context":"https:\/\/schema.org","@graph":[{"@type":"Article","@id":"https:\/\/www.bellunopress.it\/2013\/01\/31\/tsunami-tour-bellunese-movimento-5-stelle-venerdi-a-santa-giustina-e-alano-di-piave\/#article","isPartOf":{"@id":"https:\/\/www.bellunopress.it\/2013\/01\/31\/tsunami-tour-bellunese-movimento-5-stelle-venerdi-a-santa-giustina-e-alano-di-piave\/"},"author":{"name":"redazione","@id":"https:\/\/www.bellunopress.it\/#\/schema\/person\/79bb06722b37ece1c03d3e94beb30d73"},"headline":"Tsunami Tour Bellunese MoVimento 5 Stelle: venerd\u00ec a Santa Giustina e Alano di Piave","datePublished":"2013-01-31T14:54:30+00:00","mainEntityOfPage":{"@id":"https:\/\/www.bellunopress.it\/2013\/01\/31\/tsunami-tour-bellunese-movimento-5-stelle-venerdi-a-santa-giustina-e-alano-di-piave\/"},"wordCount":209,"publisher":{"@id":"https:\/\/www.bellunopress.it\/#organization"},"articleSection":["Appuntamenti, Eventi","Pausa Caff\u00e8"],"inLanguage":"fr-FR"},{"@type":"WebPage","@id":"https:\/\/www.bellunopress.it\/2013\/01\/31\/tsunami-tour-bellunese-movimento-5-stelle-venerdi-a-santa-giustina-e-alano-di-piave\/","url":"https:\/\/www.bellunopress.it\/2013\/01\/31\/tsunami-tour-bellunese-movimento-5-stelle-venerdi-a-santa-giustina-e-alano-di-piave\/","name":"Tsunami Tour Bellunese MoVimento 5 Stelle: venerd\u00ec a Santa Giustina e Alano di Piave - Bellunopress - Dolomiti","isPartOf":{"@id":"https:\/\/www.bellunopress.it\/#website"},"datePublished":"2013-01-31T14:54:30+00:00","breadcrumb":{"@id":"https:\/\/www.bellunopress.it\/2013\/01\/31\/tsunami-tour-bellunese-movimento-5-stelle-venerdi-a-santa-giustina-e-alano-di-piave\/#breadcrumb"},"inLanguage":"fr-FR","potentialAction":[{"@type":"ReadAction","target":["https:\/\/www.bellunopress.it\/2013\/01\/31\/tsunami-tour-bellunese-movimento-5-stelle-venerdi-a-santa-giustina-e-alano-di-piave\/"]}]},{"@type":"BreadcrumbList","@id":"https:\/\/www.bellunopress.it\/2013\/01\/31\/tsunami-tour-bellunese-movimento-5-stelle-venerdi-a-santa-giustina-e-alano-di-piave\/#breadcrumb","itemListElement":[{"@type":"ListItem","position":1,"name":"Home","item":"https:\/\/www.bellunopress.it\/"},{"@type":"ListItem","position":2,"name":"Tsunami Tour Bellunese MoVimento 5 Stelle: venerd\u00ec a Santa Giustina e Alano di Piave"}]},{"@type":"WebSite","@id":"https:\/\/www.bellunopress.it\/#website","url":"https:\/\/www.bellunopress.it\/","name":"Bellunopress - Dolomiti","description":"e-mail: redazione@bellunopress.it","publisher":{"@id":"https:\/\/www.bellunopress.it\/#organization"},"potentialAction":[{"@type":"SearchAction","target":{"@type":"EntryPoint","urlTemplate":"https:\/\/www.bellunopress.it\/?s={search_term_string}"},"query-input":{"@type":"PropertyValueSpecification","valueRequired":true,"valueName":"search_term_string"}}],"inLanguage":"fr-FR"},{"@type":"Organization","@id":"https:\/\/www.bellunopress.it\/#organization","name":"Bellunopress","url":"https:\/\/www.bellunopress.it\/","logo":{"@type":"ImageObject","inLanguage":"fr-FR","@id":"https:\/\/www.bellunopress.it\/#\/schema\/logo\/image\/","url":"https:\/\/www.bellunopress.it\/wp-content\/uploads\/2011\/05\/cropped-logo-bellunopress-.jpg","contentUrl":"https:\/\/www.bellunopress.it\/wp-content\/uploads\/2011\/05\/cropped-logo-bellunopress-.jpg","width":512,"height":512,"caption":"Bellunopress"},"image":{"@id":"https:\/\/www.bellunopress.it\/#\/schema\/logo\/image\/"},"sameAs":["https:\/\/www.facebook.com\/profile.php?id=100008943462799","https:\/\/x.com\/bellunopress","https:\/\/www.linkedin.com\/hp\/?dnr=JBzUWaJfMUw8vbXJJ2tVW5-I3jZKvC4wsoxE&amp;amp;amp;amp;amp;amp;trk=nav_responsive_tab_home","https:\/\/www.youtube.com\/channel\/UCxL0wu1uN0_3_7hGG0306cw"]},{"@type":"Person","@id":"https:\/\/www.bellunopress.it\/#\/schema\/person\/79bb06722b37ece1c03d3e94beb30d73","name":"r\u00e9daction","image":{"@type":"ImageObject","inLanguage":"fr-FR","@id":"https:\/\/secure.gravatar.com\/avatar\/37d968a2e67a6fd04c169c4bdef102d0bc5d31b2546345219e348575eb80e9a0?s=96&d=mm&r=g","url":"https:\/\/secure.gravatar.com\/avatar\/37d968a2e67a6fd04c169c4bdef102d0bc5d31b2546345219e348575eb80e9a0?s=96&d=mm&r=g","contentUrl":"https:\/\/secure.gravatar.com\/avatar\/37d968a2e67a6fd04c169c4bdef102d0bc5d31b2546345219e348575eb80e9a0?s=96&d=mm&r=g","caption":"redazione"},"sameAs":["http:\/\/www.bellunopress.it","https:\/\/x.com\/bellunopress"],"url":"https:\/\/www.bellunopress.it\/fr\/author\/redazione\/"}]}},"_links":{"self":[{"href":"https:\/\/www.bellunopress.it\/fr\/wp-json\/wp\/v2\/posts\/46252","targetHints":{"allow":["GET"]}}],"collection":[{"href":"https:\/\/www.bellunopress.it\/fr\/wp-json\/wp\/v2\/posts"}],"about":[{"href":"https:\/\/www.bellunopress.it\/fr\/wp-json\/wp\/v2\/types\/post"}],"author":[{"embeddable":true,"href":"https:\/\/www.bellunopress.it\/fr\/wp-json\/wp\/v2\/users\/2"}],"replies":[{"embeddable":true,"href":"https:\/\/www.bellunopress.it\/fr\/wp-json\/wp\/v2\/comments?post=46252"}],"version-history":[{"count":2,"href":"https:\/\/www.bellunopress.it\/fr\/wp-json\/wp\/v2\/posts\/46252\/revisions"}],"predecessor-version":[{"id":46254,"href":"https:\/\/www.bellunopress.it\/fr\/wp-json\/wp\/v2\/posts\/46252\/revisions\/46254"}],"wp:attachment":[{"href":"https:\/\/www.bellunopress.it\/fr\/wp-json\/wp\/v2\/media?parent=46252"}],"wp:term":[{"taxonomy":"category","embeddable":true,"href":"https:\/\/www.bellunopress.it\/fr\/wp-json\/wp\/v2\/categories?post=46252"},{"taxonomy":"post_tag","embeddable":true,"href":"https:\/\/www.bellunopress.it\/fr\/wp-json\/wp\/v2\/tags?post=46252"}],"curies":[{"name":"wp","href":"https:\/\/api.w.org\/{rel}","templated":true}]}}