{"id":46209,"date":"2013-01-30T16:01:14","date_gmt":"2013-01-30T15:01:14","guid":{"rendered":"http:\/\/www.bellunopress.it\/?p=46209"},"modified":"2013-01-30T16:07:15","modified_gmt":"2013-01-30T15:07:15","slug":"giovedi-ritorna-il-festival-voci-nuove-di-vittorio-veneto","status":"publish","type":"post","link":"https:\/\/www.bellunopress.it\/fr\/2013\/01\/30\/giovedi-ritorna-il-festival-voci-nuove-di-vittorio-veneto\/","title":{"rendered":"Gioved\u00ec ritorna il Festival voci nuove di Vittorio Veneto"},"content":{"rendered":"<p>\u00c8 iniziato il conto alla rovescia per la decima edizione del Festival delle Voci Nuove, la kermesse canora di Vittorio Veneto nata nel 1989 e che, dopo 14 anni di assenza, \u00e8 tornata sulla ribalta nel 2011. L&#8217;anno scorso, oltre al Festival vero e proprio andato in scena a gennaio, gli organizzatori di Orve e Prom&amp;Venti hanno proposto a dicembre anche il MiniFestival riservato a bambini e ragazzi fino a 17 anni. Ecco quindi che nell&#8217;edizione 2013 il Festival delle Voci Nuove non sar\u00e0 pi\u00f9 diviso per categorie legate all&#8217;anagrafe (giovani\/adulti) ma per tipologia di brano proposto: edito\/inedito.<\/p>\n<p><a href=\"http:\/\/www.bellunopress.it\/wp-content\/uploads\/2013\/01\/teatro-da-ponte-vittorio-veneto.jpg\"><img loading=\"lazy\" decoding=\"async\" class=\"alignleft size-full wp-image-46211\" alt=\"teatro da ponte vittorio veneto\" src=\"http:\/\/www.bellunopress.it\/wp-content\/uploads\/2013\/01\/teatro-da-ponte-vittorio-veneto.jpg\" width=\"290\" height=\"193\" \/><\/a>Sono 34 i concorrenti (solisti e gruppi) ammessi a partecipare alle tre serate del Festival, che si svolger\u00e0 al teatro \u201cLorenzo Da Ponte\u201d in Serravalle di Vittorio Veneto dal 31 gennaio al 2 febbraio. La parte del leone la fa la provincia di Treviso con 25 concorrenti, seguita da Belluno con 7 e da Pordenone con 2. Ecco i nomi delle \u201cVoci Nuove\u201d, le loro citt\u00e0 di provenienza e i brani che eseguiranno sul palco (se editi con il nome degli interpreti originali).<\/p>\n<p>CATEGORIA EDITI:<\/p>\n<p>Melissa Voltarel (Maserada sul Piave): \u201cSono solo parole\u201d (Noemi)<\/p>\n<p>Suely (Domegge di Cadore): \u201cStupida\u201d (Alessandra Amoroso)<\/p>\n<p>Cindy (Borca di Cadore): \u201cMessaggio d&#8217;amore\u201d (Matia Bazar)<\/p>\n<p>Amber Hendriks (Spresiano): \u201cHallelujah\u201d (Alexandra Burke)<\/p>\n<p>Martina Meneghel (Follina): \u201cNon \u00e8 l&#8217;inferno\u201d (Emma Marrone)<\/p>\n<p>Anna Mutton (Conegliano): \u201cWild Horses\u201d (Alicia Keys)<\/p>\n<p>Nicla Martorel (Vittorio Veneto): \u201cRossetto e cioccolato\u201d (Ornella Vanoni)<\/p>\n<p>Giada Dorigo (Farra di Soligo): \u201cCi vorrebbe il mare\u201d (Marco Masini)<\/p>\n<p>Penelope (Revine Lago): \u201cI&#8217;m sailing\u201d (Rod Stewart)<\/p>\n<p>Beatrice Zamuner (Oderzo): \u201cBecause you loved me\u201d (Celine Dion)<\/p>\n<p>Infra Jazz (Vittorio Veneto): \u201cIn a sentimental mood\u201d (Duke Ellington)<\/p>\n<p>Formato Standard (Ponte nelle Alpi): \u201cPsycho Killer\u201d (Talkin&#8217; Heads)<\/p>\n<p>Francesca Maniero (Susegana): \u201cIf ain&#8217;t got you\u201d (Alicia Keys)<\/p>\n<p>Sara Ravasio (Sarmede): \u201cBound to you\u201d (Christina Aguilera)<\/p>\n<p>Martina Serafin (Colle Umberto): \u201cSar\u00f2 libera\u201d (Emma Marrone)<\/p>\n<p>Event Horizon (Casale sul Sile): \u201cCloser\u201d (Ne \u2013 Yo)<\/p>\n<p>Marina Bettiol (Spresiano): \u201cYou had me\u201d (Joss Stone)<\/p>\n<p>Carlotta Brondolo (Belluno): \u201cIridescent\u201d (Linkin Park)<\/p>\n<p>Francesca Costella (Pieve di Soligo): \u201cI have nothing\u201d (Whitney Houston)<\/p>\n<p>Fabio &amp; Vanessa (Susegana): \u201cAcqua e sale\u201d (Mina \u2013 Celentano)<\/p>\n<p>John Doe (Farra di Soligo): \u201cNon \u00e8 l&#8217;inferno\u201d (Emma Marrone)<\/p>\n<p>Gionatan (Longarone): \u201cOggi sono io\u201d (Alex Britti)<\/p>\n<p>Carla (Refrontolo): \u201cRoadhouse Blues\u201d (The Doors)<\/p>\n<p>Marzia e Martina Tellan (Mansu\u00e8): \u201cBivio\u201d (Stefano Cerntomo)<\/p>\n<p>Giada Beninc\u00e0 (Vidor): \u201cIn assenza di te\u201d (Laura Pausini)<\/p>\n<p>Jessica &amp; Enrico (Pedavena): \u201cEverything burns\u201d (Anastacia)<\/p>\n<p>Veronica (Pordenone): \u201cThe best\u201d (Tina Turner)<\/p>\n<p>Raffaello Celebrin (Mareno di Piave): \u201cIf i had a gun\u201d (Noel Gallagher&#8217;s High Flying Birds)<\/p>\n<p>CATEGORIA INEDITI:<\/p>\n<p>Andrea Dalla Piazza (Quero): \u201cNel silenzio di un mondo tutto mio\u201d<\/p>\n<p>Haka (gruppo, Caneva): \u201cIntreccio di bianco e nero\u201d<\/p>\n<p>Vitacoltura (gruppo, Vittorio Veneto): \u201cSe non piove\u201d<\/p>\n<p>Valentina Buscemi (Paese): \u201cC&#8217;\u00e8 che&#8230;\u201d<\/p>\n<p>Reverse (gruppo, Cappella Maggiore): \u201cBe an other\u201d<\/p>\n<p>Matteo Spadetto (Pieve di Soligo): \u201cThere is a man who lives\u201d<\/p>\n<p>Le prime due serate (gioved\u00ec 31 gennaio e venerd\u00ec 1\u00b0 febbraio) saranno dedicate all&#8217;ascolto delle canzoni in gara. La giuria stabilir\u00e0 ogni sera gli artisti dei brani editi meritevoli di accedere alla finale di sabato 2, al termine della quale saranno assegnati i riconoscimenti in palio per le due categorie e i premi speciali. Come l&#8217;anno scorso, l&#8217;ingresso al Da Ponte coster\u00e0 7 euro per ognuna delle prime due serate e 10 euro per la finale.<\/p>\n<p>&nbsp;<\/p>\n<p>&nbsp;<\/p>","protected":false},"excerpt":{"rendered":"<p>\u00c8 iniziato il conto alla rovescia per la decima edizione del Festival delle Voci Nuove, la kermesse canora di Vittorio Veneto nata nel 1989 e che, dopo 14 anni di assenza, \u00e8 tornata sulla ribalta nel 2011. L&#8217;anno scorso, oltre al Festival vero e proprio andato in scena a gennaio, gli organizzatori di Orve e [&hellip;]<\/p>\n","protected":false},"author":2,"featured_media":0,"comment_status":"closed","ping_status":"open","sticky":false,"template":"","format":"standard","meta":{"footnotes":""},"categories":[27,3,26],"tags":[],"class_list":["post-46209","post","type-post","status-publish","format-standard","category-appuntamenti","category-arte-cultura-spettacoli-scienza-archivi","category-prima-pagina"],"yoast_head":"<!-- This site is optimized with the Yoast SEO plugin v28.4 - https:\/\/yoast.com\/product\/yoast-seo-wordpress\/ -->\n<title>Gioved\u00ec ritorna il Festival voci nuove di Vittorio Veneto  - Bellunopress - Dolomiti<\/title>\n<meta name=\"robots\" content=\"index, follow, max-snippet:-1, max-image-preview:large, max-video-preview:-1\" \/>\n<link rel=\"canonical\" href=\"https:\/\/www.bellunopress.it\/fr\/2013\/01\/30\/giovedi-ritorna-il-festival-voci-nuove-di-vittorio-veneto\/\" \/>\n<meta property=\"og:locale\" content=\"fr_FR\" \/>\n<meta property=\"og:type\" content=\"article\" \/>\n<meta property=\"og:title\" content=\"Gioved\u00ec ritorna il Festival voci nuove di Vittorio Veneto  - Bellunopress - Dolomiti\" \/>\n<meta property=\"og:description\" content=\"\u00c8 iniziato il conto alla rovescia per la decima edizione del Festival delle Voci Nuove, la kermesse canora di Vittorio Veneto nata nel 1989 e che, dopo 14 anni di assenza, \u00e8 tornata sulla ribalta nel 2011. L&#8217;anno scorso, oltre al Festival vero e proprio andato in scena a gennaio, gli organizzatori di Orve e [&hellip;]\" \/>\n<meta property=\"og:url\" content=\"https:\/\/www.bellunopress.it\/fr\/2013\/01\/30\/giovedi-ritorna-il-festival-voci-nuove-di-vittorio-veneto\/\" \/>\n<meta property=\"og:site_name\" content=\"Bellunopress - Dolomiti\" \/>\n<meta property=\"article:publisher\" content=\"https:\/\/www.facebook.com\/profile.php?id=100008943462799\" \/>\n<meta property=\"article:published_time\" content=\"2013-01-30T15:01:14+00:00\" \/>\n<meta property=\"article:modified_time\" content=\"2013-01-30T15:07:15+00:00\" \/>\n<meta property=\"og:image\" content=\"http:\/\/www.bellunopress.it\/wp-content\/uploads\/2013\/01\/teatro-da-ponte-vittorio-veneto.jpg\" \/>\n<meta name=\"author\" content=\"redazione\" \/>\n<meta name=\"twitter:card\" content=\"summary_large_image\" \/>\n<meta name=\"twitter:creator\" content=\"@bellunopress\" \/>\n<meta name=\"twitter:site\" content=\"@bellunopress\" \/>\n<meta name=\"twitter:label1\" content=\"\u00c9crit par\" \/>\n\t<meta name=\"twitter:data1\" content=\"redazione\" \/>\n\t<meta name=\"twitter:label2\" content=\"Dur\u00e9e de lecture estim\u00e9e\" \/>\n\t<meta name=\"twitter:data2\" content=\"3 minutes\" \/>\n<script type=\"application\/ld+json\" class=\"yoast-schema-graph\">{\"@context\":\"https:\\\/\\\/schema.org\",\"@graph\":[{\"@type\":\"Article\",\"@id\":\"https:\\\/\\\/www.bellunopress.it\\\/2013\\\/01\\\/30\\\/giovedi-ritorna-il-festival-voci-nuove-di-vittorio-veneto\\\/#article\",\"isPartOf\":{\"@id\":\"https:\\\/\\\/www.bellunopress.it\\\/2013\\\/01\\\/30\\\/giovedi-ritorna-il-festival-voci-nuove-di-vittorio-veneto\\\/\"},\"author\":{\"name\":\"redazione\",\"@id\":\"https:\\\/\\\/www.bellunopress.it\\\/#\\\/schema\\\/person\\\/79bb06722b37ece1c03d3e94beb30d73\"},\"headline\":\"Gioved\u00ec ritorna il Festival voci nuove di Vittorio Veneto\",\"datePublished\":\"2013-01-30T15:01:14+00:00\",\"dateModified\":\"2013-01-30T15:07:15+00:00\",\"mainEntityOfPage\":{\"@id\":\"https:\\\/\\\/www.bellunopress.it\\\/2013\\\/01\\\/30\\\/giovedi-ritorna-il-festival-voci-nuove-di-vittorio-veneto\\\/\"},\"wordCount\":551,\"publisher\":{\"@id\":\"https:\\\/\\\/www.bellunopress.it\\\/#organization\"},\"image\":{\"@id\":\"https:\\\/\\\/www.bellunopress.it\\\/2013\\\/01\\\/30\\\/giovedi-ritorna-il-festival-voci-nuove-di-vittorio-veneto\\\/#primaryimage\"},\"thumbnailUrl\":\"http:\\\/\\\/www.bellunopress.it\\\/wp-content\\\/uploads\\\/2013\\\/01\\\/teatro-da-ponte-vittorio-veneto.jpg\",\"articleSection\":[\"Appuntamenti, Eventi\",\"Arte, Cultura, Spettacoli, Scienza\",\"Prima Pagina\"],\"inLanguage\":\"fr-FR\"},{\"@type\":\"WebPage\",\"@id\":\"https:\\\/\\\/www.bellunopress.it\\\/2013\\\/01\\\/30\\\/giovedi-ritorna-il-festival-voci-nuove-di-vittorio-veneto\\\/\",\"url\":\"https:\\\/\\\/www.bellunopress.it\\\/2013\\\/01\\\/30\\\/giovedi-ritorna-il-festival-voci-nuove-di-vittorio-veneto\\\/\",\"name\":\"Gioved\u00ec ritorna il Festival voci nuove di Vittorio Veneto - Bellunopress - Dolomiti\",\"isPartOf\":{\"@id\":\"https:\\\/\\\/www.bellunopress.it\\\/#website\"},\"primaryImageOfPage\":{\"@id\":\"https:\\\/\\\/www.bellunopress.it\\\/2013\\\/01\\\/30\\\/giovedi-ritorna-il-festival-voci-nuove-di-vittorio-veneto\\\/#primaryimage\"},\"image\":{\"@id\":\"https:\\\/\\\/www.bellunopress.it\\\/2013\\\/01\\\/30\\\/giovedi-ritorna-il-festival-voci-nuove-di-vittorio-veneto\\\/#primaryimage\"},\"thumbnailUrl\":\"http:\\\/\\\/www.bellunopress.it\\\/wp-content\\\/uploads\\\/2013\\\/01\\\/teatro-da-ponte-vittorio-veneto.jpg\",\"datePublished\":\"2013-01-30T15:01:14+00:00\",\"dateModified\":\"2013-01-30T15:07:15+00:00\",\"breadcrumb\":{\"@id\":\"https:\\\/\\\/www.bellunopress.it\\\/2013\\\/01\\\/30\\\/giovedi-ritorna-il-festival-voci-nuove-di-vittorio-veneto\\\/#breadcrumb\"},\"inLanguage\":\"fr-FR\",\"potentialAction\":[{\"@type\":\"ReadAction\",\"target\":[\"https:\\\/\\\/www.bellunopress.it\\\/2013\\\/01\\\/30\\\/giovedi-ritorna-il-festival-voci-nuove-di-vittorio-veneto\\\/\"]}]},{\"@type\":\"ImageObject\",\"inLanguage\":\"fr-FR\",\"@id\":\"https:\\\/\\\/www.bellunopress.it\\\/2013\\\/01\\\/30\\\/giovedi-ritorna-il-festival-voci-nuove-di-vittorio-veneto\\\/#primaryimage\",\"url\":\"http:\\\/\\\/www.bellunopress.it\\\/wp-content\\\/uploads\\\/2013\\\/01\\\/teatro-da-ponte-vittorio-veneto.jpg\",\"contentUrl\":\"http:\\\/\\\/www.bellunopress.it\\\/wp-content\\\/uploads\\\/2013\\\/01\\\/teatro-da-ponte-vittorio-veneto.jpg\"},{\"@type\":\"BreadcrumbList\",\"@id\":\"https:\\\/\\\/www.bellunopress.it\\\/2013\\\/01\\\/30\\\/giovedi-ritorna-il-festival-voci-nuove-di-vittorio-veneto\\\/#breadcrumb\",\"itemListElement\":[{\"@type\":\"ListItem\",\"position\":1,\"name\":\"Home\",\"item\":\"https:\\\/\\\/www.bellunopress.it\\\/\"},{\"@type\":\"ListItem\",\"position\":2,\"name\":\"Gioved\u00ec ritorna il Festival voci nuove di Vittorio Veneto\"}]},{\"@type\":\"WebSite\",\"@id\":\"https:\\\/\\\/www.bellunopress.it\\\/#website\",\"url\":\"https:\\\/\\\/www.bellunopress.it\\\/\",\"name\":\"Bellunopress - Dolomiti\",\"description\":\"e-mail: redazione@bellunopress.it\",\"publisher\":{\"@id\":\"https:\\\/\\\/www.bellunopress.it\\\/#organization\"},\"potentialAction\":[{\"@type\":\"SearchAction\",\"target\":{\"@type\":\"EntryPoint\",\"urlTemplate\":\"https:\\\/\\\/www.bellunopress.it\\\/?s={search_term_string}\"},\"query-input\":{\"@type\":\"PropertyValueSpecification\",\"valueRequired\":true,\"valueName\":\"search_term_string\"}}],\"inLanguage\":\"fr-FR\"},{\"@type\":\"Organization\",\"@id\":\"https:\\\/\\\/www.bellunopress.it\\\/#organization\",\"name\":\"Bellunopress\",\"url\":\"https:\\\/\\\/www.bellunopress.it\\\/\",\"logo\":{\"@type\":\"ImageObject\",\"inLanguage\":\"fr-FR\",\"@id\":\"https:\\\/\\\/www.bellunopress.it\\\/#\\\/schema\\\/logo\\\/image\\\/\",\"url\":\"https:\\\/\\\/www.bellunopress.it\\\/wp-content\\\/uploads\\\/2011\\\/05\\\/cropped-logo-bellunopress-.jpg\",\"contentUrl\":\"https:\\\/\\\/www.bellunopress.it\\\/wp-content\\\/uploads\\\/2011\\\/05\\\/cropped-logo-bellunopress-.jpg\",\"width\":512,\"height\":512,\"caption\":\"Bellunopress\"},\"image\":{\"@id\":\"https:\\\/\\\/www.bellunopress.it\\\/#\\\/schema\\\/logo\\\/image\\\/\"},\"sameAs\":[\"https:\\\/\\\/www.facebook.com\\\/profile.php?id=100008943462799\",\"https:\\\/\\\/x.com\\\/bellunopress\",\"https:\\\/\\\/www.linkedin.com\\\/hp\\\/?dnr=JBzUWaJfMUw8vbXJJ2tVW5-I3jZKvC4wsoxE&amp;amp;amp;amp;amp;amp;trk=nav_responsive_tab_home\",\"https:\\\/\\\/www.youtube.com\\\/channel\\\/UCxL0wu1uN0_3_7hGG0306cw\"]},{\"@type\":\"Person\",\"@id\":\"https:\\\/\\\/www.bellunopress.it\\\/#\\\/schema\\\/person\\\/79bb06722b37ece1c03d3e94beb30d73\",\"name\":\"redazione\",\"image\":{\"@type\":\"ImageObject\",\"inLanguage\":\"fr-FR\",\"@id\":\"https:\\\/\\\/secure.gravatar.com\\\/avatar\\\/37d968a2e67a6fd04c169c4bdef102d0bc5d31b2546345219e348575eb80e9a0?s=96&d=mm&r=g\",\"url\":\"https:\\\/\\\/secure.gravatar.com\\\/avatar\\\/37d968a2e67a6fd04c169c4bdef102d0bc5d31b2546345219e348575eb80e9a0?s=96&d=mm&r=g\",\"contentUrl\":\"https:\\\/\\\/secure.gravatar.com\\\/avatar\\\/37d968a2e67a6fd04c169c4bdef102d0bc5d31b2546345219e348575eb80e9a0?s=96&d=mm&r=g\",\"caption\":\"redazione\"},\"sameAs\":[\"http:\\\/\\\/www.bellunopress.it\",\"https:\\\/\\\/x.com\\\/bellunopress\"],\"url\":\"https:\\\/\\\/www.bellunopress.it\\\/fr\\\/author\\\/redazione\\\/\"}]}<\/script>\n<!-- \/ Yoast SEO plugin. -->","yoast_head_json":{"title":"Gioved\u00ec ritorna il Festival voci nuove di Vittorio Veneto  - Bellunopress - Dolomiti","robots":{"index":"index","follow":"follow","max-snippet":"max-snippet:-1","max-image-preview":"max-image-preview:large","max-video-preview":"max-video-preview:-1"},"canonical":"https:\/\/www.bellunopress.it\/fr\/2013\/01\/30\/giovedi-ritorna-il-festival-voci-nuove-di-vittorio-veneto\/","og_locale":"fr_FR","og_type":"article","og_title":"Gioved\u00ec ritorna il Festival voci nuove di Vittorio Veneto  - Bellunopress - Dolomiti","og_description":"\u00c8 iniziato il conto alla rovescia per la decima edizione del Festival delle Voci Nuove, la kermesse canora di Vittorio Veneto nata nel 1989 e che, dopo 14 anni di assenza, \u00e8 tornata sulla ribalta nel 2011. L&#8217;anno scorso, oltre al Festival vero e proprio andato in scena a gennaio, gli organizzatori di Orve e [&hellip;]","og_url":"https:\/\/www.bellunopress.it\/fr\/2013\/01\/30\/giovedi-ritorna-il-festival-voci-nuove-di-vittorio-veneto\/","og_site_name":"Bellunopress - Dolomiti","article_publisher":"https:\/\/www.facebook.com\/profile.php?id=100008943462799","article_published_time":"2013-01-30T15:01:14+00:00","article_modified_time":"2013-01-30T15:07:15+00:00","og_image":[{"url":"http:\/\/www.bellunopress.it\/wp-content\/uploads\/2013\/01\/teatro-da-ponte-vittorio-veneto.jpg","type":"","width":"","height":""}],"author":"redazione","twitter_card":"summary_large_image","twitter_creator":"@bellunopress","twitter_site":"@bellunopress","twitter_misc":{"\u00c9crit par":"redazione","Dur\u00e9e de lecture estim\u00e9e":"3 minutes"},"schema":{"@context":"https:\/\/schema.org","@graph":[{"@type":"Article","@id":"https:\/\/www.bellunopress.it\/2013\/01\/30\/giovedi-ritorna-il-festival-voci-nuove-di-vittorio-veneto\/#article","isPartOf":{"@id":"https:\/\/www.bellunopress.it\/2013\/01\/30\/giovedi-ritorna-il-festival-voci-nuove-di-vittorio-veneto\/"},"author":{"name":"redazione","@id":"https:\/\/www.bellunopress.it\/#\/schema\/person\/79bb06722b37ece1c03d3e94beb30d73"},"headline":"Gioved\u00ec ritorna il Festival voci nuove di Vittorio Veneto","datePublished":"2013-01-30T15:01:14+00:00","dateModified":"2013-01-30T15:07:15+00:00","mainEntityOfPage":{"@id":"https:\/\/www.bellunopress.it\/2013\/01\/30\/giovedi-ritorna-il-festival-voci-nuove-di-vittorio-veneto\/"},"wordCount":551,"publisher":{"@id":"https:\/\/www.bellunopress.it\/#organization"},"image":{"@id":"https:\/\/www.bellunopress.it\/2013\/01\/30\/giovedi-ritorna-il-festival-voci-nuove-di-vittorio-veneto\/#primaryimage"},"thumbnailUrl":"http:\/\/www.bellunopress.it\/wp-content\/uploads\/2013\/01\/teatro-da-ponte-vittorio-veneto.jpg","articleSection":["Appuntamenti, Eventi","Arte, Cultura, Spettacoli, Scienza","Prima Pagina"],"inLanguage":"fr-FR"},{"@type":"WebPage","@id":"https:\/\/www.bellunopress.it\/2013\/01\/30\/giovedi-ritorna-il-festival-voci-nuove-di-vittorio-veneto\/","url":"https:\/\/www.bellunopress.it\/2013\/01\/30\/giovedi-ritorna-il-festival-voci-nuove-di-vittorio-veneto\/","name":"Gioved\u00ec ritorna il Festival voci nuove di Vittorio Veneto - Bellunopress - Dolomiti","isPartOf":{"@id":"https:\/\/www.bellunopress.it\/#website"},"primaryImageOfPage":{"@id":"https:\/\/www.bellunopress.it\/2013\/01\/30\/giovedi-ritorna-il-festival-voci-nuove-di-vittorio-veneto\/#primaryimage"},"image":{"@id":"https:\/\/www.bellunopress.it\/2013\/01\/30\/giovedi-ritorna-il-festival-voci-nuove-di-vittorio-veneto\/#primaryimage"},"thumbnailUrl":"http:\/\/www.bellunopress.it\/wp-content\/uploads\/2013\/01\/teatro-da-ponte-vittorio-veneto.jpg","datePublished":"2013-01-30T15:01:14+00:00","dateModified":"2013-01-30T15:07:15+00:00","breadcrumb":{"@id":"https:\/\/www.bellunopress.it\/2013\/01\/30\/giovedi-ritorna-il-festival-voci-nuove-di-vittorio-veneto\/#breadcrumb"},"inLanguage":"fr-FR","potentialAction":[{"@type":"ReadAction","target":["https:\/\/www.bellunopress.it\/2013\/01\/30\/giovedi-ritorna-il-festival-voci-nuove-di-vittorio-veneto\/"]}]},{"@type":"ImageObject","inLanguage":"fr-FR","@id":"https:\/\/www.bellunopress.it\/2013\/01\/30\/giovedi-ritorna-il-festival-voci-nuove-di-vittorio-veneto\/#primaryimage","url":"http:\/\/www.bellunopress.it\/wp-content\/uploads\/2013\/01\/teatro-da-ponte-vittorio-veneto.jpg","contentUrl":"http:\/\/www.bellunopress.it\/wp-content\/uploads\/2013\/01\/teatro-da-ponte-vittorio-veneto.jpg"},{"@type":"BreadcrumbList","@id":"https:\/\/www.bellunopress.it\/2013\/01\/30\/giovedi-ritorna-il-festival-voci-nuove-di-vittorio-veneto\/#breadcrumb","itemListElement":[{"@type":"ListItem","position":1,"name":"Home","item":"https:\/\/www.bellunopress.it\/"},{"@type":"ListItem","position":2,"name":"Gioved\u00ec ritorna il Festival voci nuove di Vittorio Veneto"}]},{"@type":"WebSite","@id":"https:\/\/www.bellunopress.it\/#website","url":"https:\/\/www.bellunopress.it\/","name":"Bellunopress - Dolomiti","description":"e-mail: redazione@bellunopress.it","publisher":{"@id":"https:\/\/www.bellunopress.it\/#organization"},"potentialAction":[{"@type":"SearchAction","target":{"@type":"EntryPoint","urlTemplate":"https:\/\/www.bellunopress.it\/?s={search_term_string}"},"query-input":{"@type":"PropertyValueSpecification","valueRequired":true,"valueName":"search_term_string"}}],"inLanguage":"fr-FR"},{"@type":"Organization","@id":"https:\/\/www.bellunopress.it\/#organization","name":"Bellunopress","url":"https:\/\/www.bellunopress.it\/","logo":{"@type":"ImageObject","inLanguage":"fr-FR","@id":"https:\/\/www.bellunopress.it\/#\/schema\/logo\/image\/","url":"https:\/\/www.bellunopress.it\/wp-content\/uploads\/2011\/05\/cropped-logo-bellunopress-.jpg","contentUrl":"https:\/\/www.bellunopress.it\/wp-content\/uploads\/2011\/05\/cropped-logo-bellunopress-.jpg","width":512,"height":512,"caption":"Bellunopress"},"image":{"@id":"https:\/\/www.bellunopress.it\/#\/schema\/logo\/image\/"},"sameAs":["https:\/\/www.facebook.com\/profile.php?id=100008943462799","https:\/\/x.com\/bellunopress","https:\/\/www.linkedin.com\/hp\/?dnr=JBzUWaJfMUw8vbXJJ2tVW5-I3jZKvC4wsoxE&amp;amp;amp;amp;amp;amp;trk=nav_responsive_tab_home","https:\/\/www.youtube.com\/channel\/UCxL0wu1uN0_3_7hGG0306cw"]},{"@type":"Person","@id":"https:\/\/www.bellunopress.it\/#\/schema\/person\/79bb06722b37ece1c03d3e94beb30d73","name":"r\u00e9daction","image":{"@type":"ImageObject","inLanguage":"fr-FR","@id":"https:\/\/secure.gravatar.com\/avatar\/37d968a2e67a6fd04c169c4bdef102d0bc5d31b2546345219e348575eb80e9a0?s=96&d=mm&r=g","url":"https:\/\/secure.gravatar.com\/avatar\/37d968a2e67a6fd04c169c4bdef102d0bc5d31b2546345219e348575eb80e9a0?s=96&d=mm&r=g","contentUrl":"https:\/\/secure.gravatar.com\/avatar\/37d968a2e67a6fd04c169c4bdef102d0bc5d31b2546345219e348575eb80e9a0?s=96&d=mm&r=g","caption":"redazione"},"sameAs":["http:\/\/www.bellunopress.it","https:\/\/x.com\/bellunopress"],"url":"https:\/\/www.bellunopress.it\/fr\/author\/redazione\/"}]}},"_links":{"self":[{"href":"https:\/\/www.bellunopress.it\/fr\/wp-json\/wp\/v2\/posts\/46209","targetHints":{"allow":["GET"]}}],"collection":[{"href":"https:\/\/www.bellunopress.it\/fr\/wp-json\/wp\/v2\/posts"}],"about":[{"href":"https:\/\/www.bellunopress.it\/fr\/wp-json\/wp\/v2\/types\/post"}],"author":[{"embeddable":true,"href":"https:\/\/www.bellunopress.it\/fr\/wp-json\/wp\/v2\/users\/2"}],"replies":[{"embeddable":true,"href":"https:\/\/www.bellunopress.it\/fr\/wp-json\/wp\/v2\/comments?post=46209"}],"version-history":[{"count":2,"href":"https:\/\/www.bellunopress.it\/fr\/wp-json\/wp\/v2\/posts\/46209\/revisions"}],"predecessor-version":[{"id":46212,"href":"https:\/\/www.bellunopress.it\/fr\/wp-json\/wp\/v2\/posts\/46209\/revisions\/46212"}],"wp:attachment":[{"href":"https:\/\/www.bellunopress.it\/fr\/wp-json\/wp\/v2\/media?parent=46209"}],"wp:term":[{"taxonomy":"category","embeddable":true,"href":"https:\/\/www.bellunopress.it\/fr\/wp-json\/wp\/v2\/categories?post=46209"},{"taxonomy":"post_tag","embeddable":true,"href":"https:\/\/www.bellunopress.it\/fr\/wp-json\/wp\/v2\/tags?post=46209"}],"curies":[{"name":"wp","href":"https:\/\/api.w.org\/{rel}","templated":true}]}}