{"id":46205,"date":"2013-01-30T15:45:52","date_gmt":"2013-01-30T14:45:52","guid":{"rendered":"http:\/\/www.bellunopress.it\/?p=46205"},"modified":"2013-01-30T15:45:52","modified_gmt":"2013-01-30T14:45:52","slug":"ritrovato-vasco-il-setter-scappato-venerdi-scorso","status":"publish","type":"post","link":"https:\/\/www.bellunopress.it\/fr\/2013\/01\/30\/ritrovato-vasco-il-setter-scappato-venerdi-scorso\/","title":{"rendered":"Ritrovato Vasco, il setter scappato venerd\u00ec scorso"},"content":{"rendered":"<p>Valli del Pasubio (VI), 30-01-13\u00a0Ieri sera attorno alle 18 il Soccorso alpino di Schio \u00e8 stato contattato dalla polizia provinciale, poich\u00e9<a href=\"http:\/\/www.bellunopress.it\/wp-content\/uploads\/2011\/03\/soccorso-alpino-cnsas.png\"><img loading=\"lazy\" decoding=\"async\" class=\"alignleft size-full wp-image-24711\" alt=\"soccorso alpino cnsas\" src=\"http:\/\/www.bellunopress.it\/wp-content\/uploads\/2011\/03\/soccorso-alpino-cnsas.png\" width=\"122\" height=\"122\" \/><\/a> un abitante di Contrada Pianegonda da due giorni sentiva provenire dei latrati dalla valle e, proprio nei giorni scorsi, un signore aveva segnalato la scomparsa del suo setter, Vasco, scappato venerd\u00ec scorso. I soccorritori si sono divisi in due squadre e hanno iniziato a percorrere la valle con gli sci dall&#8217;alto e dal basso. Dopo tre ore, affacciandosi su un dirupo causato da una frana, un soccorritore ha visto spuntare il muso del cane, bloccato un paio di metri pi\u00f9 in basso su un terrazzino, trasformato in gabbia dalle radici smosse degli alberi. Calatisi, i soccorritori sono stati accolti dalle feste di Vasco. Al setter, debilitato, \u00e8 stato dato del te caldo, poi, caricato sulle spalle \u00e8 stato portato nel bosco. Aver ritrovato degli amici, gli ha fatto riprendere subito energia e il cane ha seguito correndo le squadre fino alla strada e poi dal padrone, avvisato nel frattempo. Fatalit\u00e0, Vasco \u00e8 stato ritrovato, non distante da Pian delle Fugazze, proprio sul Sasso del soglio del cane.<\/p>\n<p>&nbsp;<\/p>","protected":false},"excerpt":{"rendered":"<p>Valli del Pasubio (VI), 30-01-13\u00a0Ieri sera attorno alle 18 il Soccorso alpino di Schio \u00e8 stato contattato dalla polizia provinciale, poich\u00e9 un abitante di Contrada Pianegonda da due giorni sentiva provenire dei latrati dalla valle e, proprio nei giorni scorsi, un signore aveva segnalato la scomparsa del suo setter, Vasco, scappato venerd\u00ec scorso. I soccorritori [&hellip;]<\/p>\n","protected":false},"author":2,"featured_media":0,"comment_status":"closed","ping_status":"open","sticky":false,"template":"","format":"standard","meta":{"footnotes":""},"categories":[5,26],"tags":[],"class_list":["post-46205","post","type-post","status-publish","format-standard","category-cronaca","category-prima-pagina"],"yoast_head":"<!-- This site is optimized with the Yoast SEO plugin v28.4 - https:\/\/yoast.com\/product\/yoast-seo-wordpress\/ -->\n<title>Ritrovato Vasco, il setter scappato venerd\u00ec scorso - Bellunopress - Dolomiti<\/title>\n<meta name=\"robots\" content=\"index, follow, max-snippet:-1, max-image-preview:large, max-video-preview:-1\" \/>\n<link rel=\"canonical\" href=\"https:\/\/www.bellunopress.it\/fr\/2013\/01\/30\/ritrovato-vasco-il-setter-scappato-venerdi-scorso\/\" \/>\n<meta property=\"og:locale\" content=\"fr_FR\" \/>\n<meta property=\"og:type\" content=\"article\" \/>\n<meta property=\"og:title\" content=\"Ritrovato Vasco, il setter scappato venerd\u00ec scorso - Bellunopress - Dolomiti\" \/>\n<meta property=\"og:description\" content=\"Valli del Pasubio (VI), 30-01-13\u00a0Ieri sera attorno alle 18 il Soccorso alpino di Schio \u00e8 stato contattato dalla polizia provinciale, poich\u00e9 un abitante di Contrada Pianegonda da due giorni sentiva provenire dei latrati dalla valle e, proprio nei giorni scorsi, un signore aveva segnalato la scomparsa del suo setter, Vasco, scappato venerd\u00ec scorso. I soccorritori [&hellip;]\" \/>\n<meta property=\"og:url\" content=\"https:\/\/www.bellunopress.it\/fr\/2013\/01\/30\/ritrovato-vasco-il-setter-scappato-venerdi-scorso\/\" \/>\n<meta property=\"og:site_name\" content=\"Bellunopress - Dolomiti\" \/>\n<meta property=\"article:publisher\" content=\"https:\/\/www.facebook.com\/profile.php?id=100008943462799\" \/>\n<meta property=\"article:published_time\" content=\"2013-01-30T14:45:52+00:00\" \/>\n<meta property=\"og:image\" content=\"http:\/\/www.bellunopress.it\/wp-content\/uploads\/2011\/03\/soccorso-alpino-cnsas.png\" \/>\n<meta name=\"author\" content=\"redazione\" \/>\n<meta name=\"twitter:card\" content=\"summary_large_image\" \/>\n<meta name=\"twitter:creator\" content=\"@bellunopress\" \/>\n<meta name=\"twitter:site\" content=\"@bellunopress\" \/>\n<meta name=\"twitter:label1\" content=\"\u00c9crit par\" \/>\n\t<meta name=\"twitter:data1\" content=\"redazione\" \/>\n\t<meta name=\"twitter:label2\" content=\"Dur\u00e9e de lecture estim\u00e9e\" \/>\n\t<meta name=\"twitter:data2\" content=\"1 minute\" \/>\n<script type=\"application\/ld+json\" class=\"yoast-schema-graph\">{\"@context\":\"https:\\\/\\\/schema.org\",\"@graph\":[{\"@type\":\"Article\",\"@id\":\"https:\\\/\\\/www.bellunopress.it\\\/2013\\\/01\\\/30\\\/ritrovato-vasco-il-setter-scappato-venerdi-scorso\\\/#article\",\"isPartOf\":{\"@id\":\"https:\\\/\\\/www.bellunopress.it\\\/2013\\\/01\\\/30\\\/ritrovato-vasco-il-setter-scappato-venerdi-scorso\\\/\"},\"author\":{\"name\":\"redazione\",\"@id\":\"https:\\\/\\\/www.bellunopress.it\\\/#\\\/schema\\\/person\\\/79bb06722b37ece1c03d3e94beb30d73\"},\"headline\":\"Ritrovato Vasco, il setter scappato venerd\u00ec scorso\",\"datePublished\":\"2013-01-30T14:45:52+00:00\",\"mainEntityOfPage\":{\"@id\":\"https:\\\/\\\/www.bellunopress.it\\\/2013\\\/01\\\/30\\\/ritrovato-vasco-il-setter-scappato-venerdi-scorso\\\/\"},\"wordCount\":194,\"publisher\":{\"@id\":\"https:\\\/\\\/www.bellunopress.it\\\/#organization\"},\"image\":{\"@id\":\"https:\\\/\\\/www.bellunopress.it\\\/2013\\\/01\\\/30\\\/ritrovato-vasco-il-setter-scappato-venerdi-scorso\\\/#primaryimage\"},\"thumbnailUrl\":\"http:\\\/\\\/www.bellunopress.it\\\/wp-content\\\/uploads\\\/2011\\\/03\\\/soccorso-alpino-cnsas.png\",\"articleSection\":[\"Cronaca\\\/Politica\",\"Prima Pagina\"],\"inLanguage\":\"fr-FR\"},{\"@type\":\"WebPage\",\"@id\":\"https:\\\/\\\/www.bellunopress.it\\\/2013\\\/01\\\/30\\\/ritrovato-vasco-il-setter-scappato-venerdi-scorso\\\/\",\"url\":\"https:\\\/\\\/www.bellunopress.it\\\/2013\\\/01\\\/30\\\/ritrovato-vasco-il-setter-scappato-venerdi-scorso\\\/\",\"name\":\"Ritrovato Vasco, il setter scappato venerd\u00ec scorso - Bellunopress - Dolomiti\",\"isPartOf\":{\"@id\":\"https:\\\/\\\/www.bellunopress.it\\\/#website\"},\"primaryImageOfPage\":{\"@id\":\"https:\\\/\\\/www.bellunopress.it\\\/2013\\\/01\\\/30\\\/ritrovato-vasco-il-setter-scappato-venerdi-scorso\\\/#primaryimage\"},\"image\":{\"@id\":\"https:\\\/\\\/www.bellunopress.it\\\/2013\\\/01\\\/30\\\/ritrovato-vasco-il-setter-scappato-venerdi-scorso\\\/#primaryimage\"},\"thumbnailUrl\":\"http:\\\/\\\/www.bellunopress.it\\\/wp-content\\\/uploads\\\/2011\\\/03\\\/soccorso-alpino-cnsas.png\",\"datePublished\":\"2013-01-30T14:45:52+00:00\",\"breadcrumb\":{\"@id\":\"https:\\\/\\\/www.bellunopress.it\\\/2013\\\/01\\\/30\\\/ritrovato-vasco-il-setter-scappato-venerdi-scorso\\\/#breadcrumb\"},\"inLanguage\":\"fr-FR\",\"potentialAction\":[{\"@type\":\"ReadAction\",\"target\":[\"https:\\\/\\\/www.bellunopress.it\\\/2013\\\/01\\\/30\\\/ritrovato-vasco-il-setter-scappato-venerdi-scorso\\\/\"]}]},{\"@type\":\"ImageObject\",\"inLanguage\":\"fr-FR\",\"@id\":\"https:\\\/\\\/www.bellunopress.it\\\/2013\\\/01\\\/30\\\/ritrovato-vasco-il-setter-scappato-venerdi-scorso\\\/#primaryimage\",\"url\":\"http:\\\/\\\/www.bellunopress.it\\\/wp-content\\\/uploads\\\/2011\\\/03\\\/soccorso-alpino-cnsas.png\",\"contentUrl\":\"http:\\\/\\\/www.bellunopress.it\\\/wp-content\\\/uploads\\\/2011\\\/03\\\/soccorso-alpino-cnsas.png\"},{\"@type\":\"BreadcrumbList\",\"@id\":\"https:\\\/\\\/www.bellunopress.it\\\/2013\\\/01\\\/30\\\/ritrovato-vasco-il-setter-scappato-venerdi-scorso\\\/#breadcrumb\",\"itemListElement\":[{\"@type\":\"ListItem\",\"position\":1,\"name\":\"Home\",\"item\":\"https:\\\/\\\/www.bellunopress.it\\\/\"},{\"@type\":\"ListItem\",\"position\":2,\"name\":\"Ritrovato Vasco, il setter scappato venerd\u00ec scorso\"}]},{\"@type\":\"WebSite\",\"@id\":\"https:\\\/\\\/www.bellunopress.it\\\/#website\",\"url\":\"https:\\\/\\\/www.bellunopress.it\\\/\",\"name\":\"Bellunopress - Dolomiti\",\"description\":\"e-mail: redazione@bellunopress.it\",\"publisher\":{\"@id\":\"https:\\\/\\\/www.bellunopress.it\\\/#organization\"},\"potentialAction\":[{\"@type\":\"SearchAction\",\"target\":{\"@type\":\"EntryPoint\",\"urlTemplate\":\"https:\\\/\\\/www.bellunopress.it\\\/?s={search_term_string}\"},\"query-input\":{\"@type\":\"PropertyValueSpecification\",\"valueRequired\":true,\"valueName\":\"search_term_string\"}}],\"inLanguage\":\"fr-FR\"},{\"@type\":\"Organization\",\"@id\":\"https:\\\/\\\/www.bellunopress.it\\\/#organization\",\"name\":\"Bellunopress\",\"url\":\"https:\\\/\\\/www.bellunopress.it\\\/\",\"logo\":{\"@type\":\"ImageObject\",\"inLanguage\":\"fr-FR\",\"@id\":\"https:\\\/\\\/www.bellunopress.it\\\/#\\\/schema\\\/logo\\\/image\\\/\",\"url\":\"https:\\\/\\\/www.bellunopress.it\\\/wp-content\\\/uploads\\\/2011\\\/05\\\/cropped-logo-bellunopress-.jpg\",\"contentUrl\":\"https:\\\/\\\/www.bellunopress.it\\\/wp-content\\\/uploads\\\/2011\\\/05\\\/cropped-logo-bellunopress-.jpg\",\"width\":512,\"height\":512,\"caption\":\"Bellunopress\"},\"image\":{\"@id\":\"https:\\\/\\\/www.bellunopress.it\\\/#\\\/schema\\\/logo\\\/image\\\/\"},\"sameAs\":[\"https:\\\/\\\/www.facebook.com\\\/profile.php?id=100008943462799\",\"https:\\\/\\\/x.com\\\/bellunopress\",\"https:\\\/\\\/www.linkedin.com\\\/hp\\\/?dnr=JBzUWaJfMUw8vbXJJ2tVW5-I3jZKvC4wsoxE&amp;amp;amp;amp;amp;amp;trk=nav_responsive_tab_home\",\"https:\\\/\\\/www.youtube.com\\\/channel\\\/UCxL0wu1uN0_3_7hGG0306cw\"]},{\"@type\":\"Person\",\"@id\":\"https:\\\/\\\/www.bellunopress.it\\\/#\\\/schema\\\/person\\\/79bb06722b37ece1c03d3e94beb30d73\",\"name\":\"redazione\",\"image\":{\"@type\":\"ImageObject\",\"inLanguage\":\"fr-FR\",\"@id\":\"https:\\\/\\\/secure.gravatar.com\\\/avatar\\\/37d968a2e67a6fd04c169c4bdef102d0bc5d31b2546345219e348575eb80e9a0?s=96&d=mm&r=g\",\"url\":\"https:\\\/\\\/secure.gravatar.com\\\/avatar\\\/37d968a2e67a6fd04c169c4bdef102d0bc5d31b2546345219e348575eb80e9a0?s=96&d=mm&r=g\",\"contentUrl\":\"https:\\\/\\\/secure.gravatar.com\\\/avatar\\\/37d968a2e67a6fd04c169c4bdef102d0bc5d31b2546345219e348575eb80e9a0?s=96&d=mm&r=g\",\"caption\":\"redazione\"},\"sameAs\":[\"http:\\\/\\\/www.bellunopress.it\",\"https:\\\/\\\/x.com\\\/bellunopress\"],\"url\":\"https:\\\/\\\/www.bellunopress.it\\\/fr\\\/author\\\/redazione\\\/\"}]}<\/script>\n<!-- \/ Yoast SEO plugin. -->","yoast_head_json":{"title":"Ritrovato Vasco, il setter scappato venerd\u00ec scorso - Bellunopress - Dolomiti","robots":{"index":"index","follow":"follow","max-snippet":"max-snippet:-1","max-image-preview":"max-image-preview:large","max-video-preview":"max-video-preview:-1"},"canonical":"https:\/\/www.bellunopress.it\/fr\/2013\/01\/30\/ritrovato-vasco-il-setter-scappato-venerdi-scorso\/","og_locale":"fr_FR","og_type":"article","og_title":"Ritrovato Vasco, il setter scappato venerd\u00ec scorso - Bellunopress - Dolomiti","og_description":"Valli del Pasubio (VI), 30-01-13\u00a0Ieri sera attorno alle 18 il Soccorso alpino di Schio \u00e8 stato contattato dalla polizia provinciale, poich\u00e9 un abitante di Contrada Pianegonda da due giorni sentiva provenire dei latrati dalla valle e, proprio nei giorni scorsi, un signore aveva segnalato la scomparsa del suo setter, Vasco, scappato venerd\u00ec scorso. I soccorritori [&hellip;]","og_url":"https:\/\/www.bellunopress.it\/fr\/2013\/01\/30\/ritrovato-vasco-il-setter-scappato-venerdi-scorso\/","og_site_name":"Bellunopress - Dolomiti","article_publisher":"https:\/\/www.facebook.com\/profile.php?id=100008943462799","article_published_time":"2013-01-30T14:45:52+00:00","og_image":[{"url":"http:\/\/www.bellunopress.it\/wp-content\/uploads\/2011\/03\/soccorso-alpino-cnsas.png","type":"","width":"","height":""}],"author":"redazione","twitter_card":"summary_large_image","twitter_creator":"@bellunopress","twitter_site":"@bellunopress","twitter_misc":{"\u00c9crit par":"redazione","Dur\u00e9e de lecture estim\u00e9e":"1 minute"},"schema":{"@context":"https:\/\/schema.org","@graph":[{"@type":"Article","@id":"https:\/\/www.bellunopress.it\/2013\/01\/30\/ritrovato-vasco-il-setter-scappato-venerdi-scorso\/#article","isPartOf":{"@id":"https:\/\/www.bellunopress.it\/2013\/01\/30\/ritrovato-vasco-il-setter-scappato-venerdi-scorso\/"},"author":{"name":"redazione","@id":"https:\/\/www.bellunopress.it\/#\/schema\/person\/79bb06722b37ece1c03d3e94beb30d73"},"headline":"Ritrovato Vasco, il setter scappato venerd\u00ec scorso","datePublished":"2013-01-30T14:45:52+00:00","mainEntityOfPage":{"@id":"https:\/\/www.bellunopress.it\/2013\/01\/30\/ritrovato-vasco-il-setter-scappato-venerdi-scorso\/"},"wordCount":194,"publisher":{"@id":"https:\/\/www.bellunopress.it\/#organization"},"image":{"@id":"https:\/\/www.bellunopress.it\/2013\/01\/30\/ritrovato-vasco-il-setter-scappato-venerdi-scorso\/#primaryimage"},"thumbnailUrl":"http:\/\/www.bellunopress.it\/wp-content\/uploads\/2011\/03\/soccorso-alpino-cnsas.png","articleSection":["Cronaca\/Politica","Prima Pagina"],"inLanguage":"fr-FR"},{"@type":"WebPage","@id":"https:\/\/www.bellunopress.it\/2013\/01\/30\/ritrovato-vasco-il-setter-scappato-venerdi-scorso\/","url":"https:\/\/www.bellunopress.it\/2013\/01\/30\/ritrovato-vasco-il-setter-scappato-venerdi-scorso\/","name":"Ritrovato Vasco, il setter scappato venerd\u00ec scorso - Bellunopress - Dolomiti","isPartOf":{"@id":"https:\/\/www.bellunopress.it\/#website"},"primaryImageOfPage":{"@id":"https:\/\/www.bellunopress.it\/2013\/01\/30\/ritrovato-vasco-il-setter-scappato-venerdi-scorso\/#primaryimage"},"image":{"@id":"https:\/\/www.bellunopress.it\/2013\/01\/30\/ritrovato-vasco-il-setter-scappato-venerdi-scorso\/#primaryimage"},"thumbnailUrl":"http:\/\/www.bellunopress.it\/wp-content\/uploads\/2011\/03\/soccorso-alpino-cnsas.png","datePublished":"2013-01-30T14:45:52+00:00","breadcrumb":{"@id":"https:\/\/www.bellunopress.it\/2013\/01\/30\/ritrovato-vasco-il-setter-scappato-venerdi-scorso\/#breadcrumb"},"inLanguage":"fr-FR","potentialAction":[{"@type":"ReadAction","target":["https:\/\/www.bellunopress.it\/2013\/01\/30\/ritrovato-vasco-il-setter-scappato-venerdi-scorso\/"]}]},{"@type":"ImageObject","inLanguage":"fr-FR","@id":"https:\/\/www.bellunopress.it\/2013\/01\/30\/ritrovato-vasco-il-setter-scappato-venerdi-scorso\/#primaryimage","url":"http:\/\/www.bellunopress.it\/wp-content\/uploads\/2011\/03\/soccorso-alpino-cnsas.png","contentUrl":"http:\/\/www.bellunopress.it\/wp-content\/uploads\/2011\/03\/soccorso-alpino-cnsas.png"},{"@type":"BreadcrumbList","@id":"https:\/\/www.bellunopress.it\/2013\/01\/30\/ritrovato-vasco-il-setter-scappato-venerdi-scorso\/#breadcrumb","itemListElement":[{"@type":"ListItem","position":1,"name":"Home","item":"https:\/\/www.bellunopress.it\/"},{"@type":"ListItem","position":2,"name":"Ritrovato Vasco, il setter scappato venerd\u00ec scorso"}]},{"@type":"WebSite","@id":"https:\/\/www.bellunopress.it\/#website","url":"https:\/\/www.bellunopress.it\/","name":"Bellunopress - Dolomiti","description":"e-mail: redazione@bellunopress.it","publisher":{"@id":"https:\/\/www.bellunopress.it\/#organization"},"potentialAction":[{"@type":"SearchAction","target":{"@type":"EntryPoint","urlTemplate":"https:\/\/www.bellunopress.it\/?s={search_term_string}"},"query-input":{"@type":"PropertyValueSpecification","valueRequired":true,"valueName":"search_term_string"}}],"inLanguage":"fr-FR"},{"@type":"Organization","@id":"https:\/\/www.bellunopress.it\/#organization","name":"Bellunopress","url":"https:\/\/www.bellunopress.it\/","logo":{"@type":"ImageObject","inLanguage":"fr-FR","@id":"https:\/\/www.bellunopress.it\/#\/schema\/logo\/image\/","url":"https:\/\/www.bellunopress.it\/wp-content\/uploads\/2011\/05\/cropped-logo-bellunopress-.jpg","contentUrl":"https:\/\/www.bellunopress.it\/wp-content\/uploads\/2011\/05\/cropped-logo-bellunopress-.jpg","width":512,"height":512,"caption":"Bellunopress"},"image":{"@id":"https:\/\/www.bellunopress.it\/#\/schema\/logo\/image\/"},"sameAs":["https:\/\/www.facebook.com\/profile.php?id=100008943462799","https:\/\/x.com\/bellunopress","https:\/\/www.linkedin.com\/hp\/?dnr=JBzUWaJfMUw8vbXJJ2tVW5-I3jZKvC4wsoxE&amp;amp;amp;amp;amp;amp;trk=nav_responsive_tab_home","https:\/\/www.youtube.com\/channel\/UCxL0wu1uN0_3_7hGG0306cw"]},{"@type":"Person","@id":"https:\/\/www.bellunopress.it\/#\/schema\/person\/79bb06722b37ece1c03d3e94beb30d73","name":"r\u00e9daction","image":{"@type":"ImageObject","inLanguage":"fr-FR","@id":"https:\/\/secure.gravatar.com\/avatar\/37d968a2e67a6fd04c169c4bdef102d0bc5d31b2546345219e348575eb80e9a0?s=96&d=mm&r=g","url":"https:\/\/secure.gravatar.com\/avatar\/37d968a2e67a6fd04c169c4bdef102d0bc5d31b2546345219e348575eb80e9a0?s=96&d=mm&r=g","contentUrl":"https:\/\/secure.gravatar.com\/avatar\/37d968a2e67a6fd04c169c4bdef102d0bc5d31b2546345219e348575eb80e9a0?s=96&d=mm&r=g","caption":"redazione"},"sameAs":["http:\/\/www.bellunopress.it","https:\/\/x.com\/bellunopress"],"url":"https:\/\/www.bellunopress.it\/fr\/author\/redazione\/"}]}},"_links":{"self":[{"href":"https:\/\/www.bellunopress.it\/fr\/wp-json\/wp\/v2\/posts\/46205","targetHints":{"allow":["GET"]}}],"collection":[{"href":"https:\/\/www.bellunopress.it\/fr\/wp-json\/wp\/v2\/posts"}],"about":[{"href":"https:\/\/www.bellunopress.it\/fr\/wp-json\/wp\/v2\/types\/post"}],"author":[{"embeddable":true,"href":"https:\/\/www.bellunopress.it\/fr\/wp-json\/wp\/v2\/users\/2"}],"replies":[{"embeddable":true,"href":"https:\/\/www.bellunopress.it\/fr\/wp-json\/wp\/v2\/comments?post=46205"}],"version-history":[{"count":1,"href":"https:\/\/www.bellunopress.it\/fr\/wp-json\/wp\/v2\/posts\/46205\/revisions"}],"predecessor-version":[{"id":46206,"href":"https:\/\/www.bellunopress.it\/fr\/wp-json\/wp\/v2\/posts\/46205\/revisions\/46206"}],"wp:attachment":[{"href":"https:\/\/www.bellunopress.it\/fr\/wp-json\/wp\/v2\/media?parent=46205"}],"wp:term":[{"taxonomy":"category","embeddable":true,"href":"https:\/\/www.bellunopress.it\/fr\/wp-json\/wp\/v2\/categories?post=46205"},{"taxonomy":"post_tag","embeddable":true,"href":"https:\/\/www.bellunopress.it\/fr\/wp-json\/wp\/v2\/tags?post=46205"}],"curies":[{"name":"wp","href":"https:\/\/api.w.org\/{rel}","templated":true}]}}