{"id":4615,"date":"2009-06-09T12:58:33","date_gmt":"2009-06-09T11:58:33","guid":{"rendered":"http:\/\/www.bellunopress.it\/?p=4615"},"modified":"2009-06-10T14:57:40","modified_gmt":"2009-06-10T13:57:40","slug":"nazionali-domani-in-campo-bernardi-alla-zoppas-arena-marcon-a-montreux","status":"publish","type":"post","link":"https:\/\/www.bellunopress.it\/fr\/2009\/06\/09\/nazionali-domani-in-campo-bernardi-alla-zoppas-arena-marcon-a-montreux\/","title":{"rendered":"Nazionali domani in campo: Bernardi alla Zoppas Arena, Marcon a Montreux"},"content":{"rendered":"<p><a href=\"http:\/\/www.bellunopress.it\/wp-content\/uploads\/2009\/03\/pallavolo-zoppas-arena-luciana-e-manzano_foto-bolgan-260x170.jpg\"><img loading=\"lazy\" decoding=\"async\" class=\"alignleft size-medium wp-image-1648\" title=\"pallavolo-zoppas-arena-luciana-e-manzano_foto-bolgan-260x170\" src=\"http:\/\/www.bellunopress.it\/wp-content\/uploads\/2009\/03\/pallavolo-zoppas-arena-luciana-e-manzano_foto-bolgan-260x170.jpg\" alt=\"\" width=\"260\" height=\"174\" \/><\/a> L&#8217;Italia B maschile allenata da Lorenzo Bernardi domani alle 18.30 giocher\u00e0 la sua prima partita della stagione alla Zoppas Arena, contro l&#8217;Egitto. L&#8217;incontro amichevole a porte aperte servir\u00e0 al tecnico trevigiano per vedere all&#8217;opera la propria selezione che dal 20 maggio si sta preparando nei due campi e nella palestra pesi allestiti nell&#8217;impianto gestito dalla Spes Conegliano. Gioved\u00ec \u00e8 in programma un&#8217;altra partita tra le due selezioni, ma a porte chiuse. Gli azzurri inizieranno cos\u00ec il cammino verso i Giochi del mediterraneo in programma a Pescara dal 26 giugno al 6 luglio.<br \/>\nMARCON NUMERO 6. Francesca Marcon \u00e8 tra le 12 atlete convocate dal ct Barbolini per il torneo di Montreux (Svizzera). L&#8217;atleta coneglianese indosser\u00e0 cos\u00ec per la prima volta la maglia della nazionale maggiore, con il numero 6. Le dodici azzurre selezionale per la manifestazione sono: le alzatrici Pincerato e Rondon; gli opposto Ortolani e Quaranta; i centrali Arrighetti, Crisanti e Garzaro; le schiacciatrici Angeloni, Barcellini, Bosetti e Marcon; il libero Merlo. A Montreux l\u2019Italia \u00e8 inserita in un girone con Cuba, Olanda e Giappone, nell\u2019altro girone Cina, Polonia, Germania e le campionesse olimpiche del Brasile. Il sestetto azzurro debutter\u00e0 domani alle 21 contro Cuba; gioved\u00ec 11 giugno alle 18.30 si confronter\u00e0 con l\u2019Olanda; venerd\u00ec 12 giugno alle 16.30 concluder\u00e0 gli impegni della prima fase contro il Giappone. Tutte le gare delle azzurre saranno trasmesse in diretta sul canale Sportitalia24, presente sia sul digitale terrestre che sul satellite<\/p>","protected":false},"excerpt":{"rendered":"<p>L&#8217;Italia B maschile allenata da Lorenzo Bernardi domani alle 18.30 giocher\u00e0 la sua prima partita della stagione alla Zoppas Arena, contro l&#8217;Egitto. L&#8217;incontro amichevole a porte aperte servir\u00e0 al tecnico trevigiano per vedere all&#8217;opera la propria selezione che dal 20 maggio si sta preparando nei due campi e nella palestra pesi allestiti nell&#8217;impianto gestito dalla [&hellip;]<\/p>\n","protected":false},"author":2,"featured_media":0,"comment_status":"closed","ping_status":"open","sticky":false,"template":"","format":"standard","meta":{"footnotes":""},"categories":[4],"tags":[139],"class_list":["post-4615","post","type-post","status-publish","format-standard","category-sport","tag-belluno"],"yoast_head":"<!-- This site is optimized with the Yoast SEO plugin v28.4 - https:\/\/yoast.com\/product\/yoast-seo-wordpress\/ -->\n<title>Nazionali domani in campo: Bernardi alla Zoppas Arena, Marcon a Montreux - Bellunopress - Dolomiti<\/title>\n<meta name=\"robots\" content=\"index, follow, max-snippet:-1, max-image-preview:large, max-video-preview:-1\" \/>\n<link rel=\"canonical\" href=\"https:\/\/www.bellunopress.it\/fr\/2009\/06\/09\/nazionali-domani-in-campo-bernardi-alla-zoppas-arena-marcon-a-montreux\/\" \/>\n<meta property=\"og:locale\" content=\"fr_FR\" \/>\n<meta property=\"og:type\" content=\"article\" \/>\n<meta property=\"og:title\" content=\"Nazionali domani in campo: Bernardi alla Zoppas Arena, Marcon a Montreux - Bellunopress - Dolomiti\" \/>\n<meta property=\"og:description\" content=\"L&#8217;Italia B maschile allenata da Lorenzo Bernardi domani alle 18.30 giocher\u00e0 la sua prima partita della stagione alla Zoppas Arena, contro l&#8217;Egitto. L&#8217;incontro amichevole a porte aperte servir\u00e0 al tecnico trevigiano per vedere all&#8217;opera la propria selezione che dal 20 maggio si sta preparando nei due campi e nella palestra pesi allestiti nell&#8217;impianto gestito dalla [&hellip;]\" \/>\n<meta property=\"og:url\" content=\"https:\/\/www.bellunopress.it\/fr\/2009\/06\/09\/nazionali-domani-in-campo-bernardi-alla-zoppas-arena-marcon-a-montreux\/\" \/>\n<meta property=\"og:site_name\" content=\"Bellunopress - Dolomiti\" \/>\n<meta property=\"article:publisher\" content=\"https:\/\/www.facebook.com\/profile.php?id=100008943462799\" \/>\n<meta property=\"article:published_time\" content=\"2009-06-09T11:58:33+00:00\" \/>\n<meta property=\"article:modified_time\" content=\"2009-06-10T13:57:40+00:00\" \/>\n<meta property=\"og:image\" content=\"http:\/\/www.bellunopress.it\/wp-content\/uploads\/2009\/03\/pallavolo-zoppas-arena-luciana-e-manzano_foto-bolgan-260x170.jpg\" \/>\n<meta name=\"author\" content=\"redazione\" \/>\n<meta name=\"twitter:card\" content=\"summary_large_image\" \/>\n<meta name=\"twitter:creator\" content=\"@bellunopress\" \/>\n<meta name=\"twitter:site\" content=\"@bellunopress\" \/>\n<meta name=\"twitter:label1\" content=\"Written by\" \/>\n\t<meta name=\"twitter:data1\" content=\"redazione\" \/>\n\t<meta name=\"twitter:label2\" content=\"Est. reading time\" \/>\n\t<meta name=\"twitter:data2\" content=\"1 minute\" \/>\n<script type=\"application\/ld+json\" class=\"yoast-schema-graph\">{\"@context\":\"https:\\\/\\\/schema.org\",\"@graph\":[{\"@type\":\"Article\",\"@id\":\"https:\\\/\\\/www.bellunopress.it\\\/2009\\\/06\\\/09\\\/nazionali-domani-in-campo-bernardi-alla-zoppas-arena-marcon-a-montreux\\\/#article\",\"isPartOf\":{\"@id\":\"https:\\\/\\\/www.bellunopress.it\\\/2009\\\/06\\\/09\\\/nazionali-domani-in-campo-bernardi-alla-zoppas-arena-marcon-a-montreux\\\/\"},\"author\":{\"name\":\"redazione\",\"@id\":\"https:\\\/\\\/www.bellunopress.it\\\/#\\\/schema\\\/person\\\/79bb06722b37ece1c03d3e94beb30d73\"},\"headline\":\"Nazionali domani in campo: Bernardi alla Zoppas Arena, Marcon a Montreux\",\"datePublished\":\"2009-06-09T11:58:33+00:00\",\"dateModified\":\"2009-06-10T13:57:40+00:00\",\"mainEntityOfPage\":{\"@id\":\"https:\\\/\\\/www.bellunopress.it\\\/2009\\\/06\\\/09\\\/nazionali-domani-in-campo-bernardi-alla-zoppas-arena-marcon-a-montreux\\\/\"},\"wordCount\":245,\"publisher\":{\"@id\":\"https:\\\/\\\/www.bellunopress.it\\\/#organization\"},\"image\":{\"@id\":\"https:\\\/\\\/www.bellunopress.it\\\/2009\\\/06\\\/09\\\/nazionali-domani-in-campo-bernardi-alla-zoppas-arena-marcon-a-montreux\\\/#primaryimage\"},\"thumbnailUrl\":\"http:\\\/\\\/www.bellunopress.it\\\/wp-content\\\/uploads\\\/2009\\\/03\\\/pallavolo-zoppas-arena-luciana-e-manzano_foto-bolgan-260x170.jpg\",\"keywords\":[\"Belluno\"],\"articleSection\":[\"Sport, tempo libero\"],\"inLanguage\":\"fr-FR\"},{\"@type\":\"WebPage\",\"@id\":\"https:\\\/\\\/www.bellunopress.it\\\/2009\\\/06\\\/09\\\/nazionali-domani-in-campo-bernardi-alla-zoppas-arena-marcon-a-montreux\\\/\",\"url\":\"https:\\\/\\\/www.bellunopress.it\\\/2009\\\/06\\\/09\\\/nazionali-domani-in-campo-bernardi-alla-zoppas-arena-marcon-a-montreux\\\/\",\"name\":\"Nazionali domani in campo: Bernardi alla Zoppas Arena, Marcon a Montreux - Bellunopress - Dolomiti\",\"isPartOf\":{\"@id\":\"https:\\\/\\\/www.bellunopress.it\\\/#website\"},\"primaryImageOfPage\":{\"@id\":\"https:\\\/\\\/www.bellunopress.it\\\/2009\\\/06\\\/09\\\/nazionali-domani-in-campo-bernardi-alla-zoppas-arena-marcon-a-montreux\\\/#primaryimage\"},\"image\":{\"@id\":\"https:\\\/\\\/www.bellunopress.it\\\/2009\\\/06\\\/09\\\/nazionali-domani-in-campo-bernardi-alla-zoppas-arena-marcon-a-montreux\\\/#primaryimage\"},\"thumbnailUrl\":\"http:\\\/\\\/www.bellunopress.it\\\/wp-content\\\/uploads\\\/2009\\\/03\\\/pallavolo-zoppas-arena-luciana-e-manzano_foto-bolgan-260x170.jpg\",\"datePublished\":\"2009-06-09T11:58:33+00:00\",\"dateModified\":\"2009-06-10T13:57:40+00:00\",\"breadcrumb\":{\"@id\":\"https:\\\/\\\/www.bellunopress.it\\\/2009\\\/06\\\/09\\\/nazionali-domani-in-campo-bernardi-alla-zoppas-arena-marcon-a-montreux\\\/#breadcrumb\"},\"inLanguage\":\"fr-FR\",\"potentialAction\":[{\"@type\":\"ReadAction\",\"target\":[\"https:\\\/\\\/www.bellunopress.it\\\/2009\\\/06\\\/09\\\/nazionali-domani-in-campo-bernardi-alla-zoppas-arena-marcon-a-montreux\\\/\"]}]},{\"@type\":\"ImageObject\",\"inLanguage\":\"fr-FR\",\"@id\":\"https:\\\/\\\/www.bellunopress.it\\\/2009\\\/06\\\/09\\\/nazionali-domani-in-campo-bernardi-alla-zoppas-arena-marcon-a-montreux\\\/#primaryimage\",\"url\":\"http:\\\/\\\/www.bellunopress.it\\\/wp-content\\\/uploads\\\/2009\\\/03\\\/pallavolo-zoppas-arena-luciana-e-manzano_foto-bolgan-260x170.jpg\",\"contentUrl\":\"http:\\\/\\\/www.bellunopress.it\\\/wp-content\\\/uploads\\\/2009\\\/03\\\/pallavolo-zoppas-arena-luciana-e-manzano_foto-bolgan-260x170.jpg\"},{\"@type\":\"BreadcrumbList\",\"@id\":\"https:\\\/\\\/www.bellunopress.it\\\/2009\\\/06\\\/09\\\/nazionali-domani-in-campo-bernardi-alla-zoppas-arena-marcon-a-montreux\\\/#breadcrumb\",\"itemListElement\":[{\"@type\":\"ListItem\",\"position\":1,\"name\":\"Home\",\"item\":\"https:\\\/\\\/www.bellunopress.it\\\/\"},{\"@type\":\"ListItem\",\"position\":2,\"name\":\"Nazionali domani in campo: Bernardi alla Zoppas Arena, Marcon a Montreux\"}]},{\"@type\":\"WebSite\",\"@id\":\"https:\\\/\\\/www.bellunopress.it\\\/#website\",\"url\":\"https:\\\/\\\/www.bellunopress.it\\\/\",\"name\":\"Bellunopress - Dolomiti\",\"description\":\"e-mail: redazione@bellunopress.it\",\"publisher\":{\"@id\":\"https:\\\/\\\/www.bellunopress.it\\\/#organization\"},\"potentialAction\":[{\"@type\":\"SearchAction\",\"target\":{\"@type\":\"EntryPoint\",\"urlTemplate\":\"https:\\\/\\\/www.bellunopress.it\\\/?s={search_term_string}\"},\"query-input\":{\"@type\":\"PropertyValueSpecification\",\"valueRequired\":true,\"valueName\":\"search_term_string\"}}],\"inLanguage\":\"fr-FR\"},{\"@type\":\"Organization\",\"@id\":\"https:\\\/\\\/www.bellunopress.it\\\/#organization\",\"name\":\"Bellunopress\",\"url\":\"https:\\\/\\\/www.bellunopress.it\\\/\",\"logo\":{\"@type\":\"ImageObject\",\"inLanguage\":\"fr-FR\",\"@id\":\"https:\\\/\\\/www.bellunopress.it\\\/#\\\/schema\\\/logo\\\/image\\\/\",\"url\":\"https:\\\/\\\/www.bellunopress.it\\\/wp-content\\\/uploads\\\/2011\\\/05\\\/cropped-logo-bellunopress-.jpg\",\"contentUrl\":\"https:\\\/\\\/www.bellunopress.it\\\/wp-content\\\/uploads\\\/2011\\\/05\\\/cropped-logo-bellunopress-.jpg\",\"width\":512,\"height\":512,\"caption\":\"Bellunopress\"},\"image\":{\"@id\":\"https:\\\/\\\/www.bellunopress.it\\\/#\\\/schema\\\/logo\\\/image\\\/\"},\"sameAs\":[\"https:\\\/\\\/www.facebook.com\\\/profile.php?id=100008943462799\",\"https:\\\/\\\/x.com\\\/bellunopress\",\"https:\\\/\\\/www.linkedin.com\\\/hp\\\/?dnr=JBzUWaJfMUw8vbXJJ2tVW5-I3jZKvC4wsoxE&amp;amp;amp;amp;amp;amp;trk=nav_responsive_tab_home\",\"https:\\\/\\\/www.youtube.com\\\/channel\\\/UCxL0wu1uN0_3_7hGG0306cw\"]},{\"@type\":\"Person\",\"@id\":\"https:\\\/\\\/www.bellunopress.it\\\/#\\\/schema\\\/person\\\/79bb06722b37ece1c03d3e94beb30d73\",\"name\":\"redazione\",\"image\":{\"@type\":\"ImageObject\",\"inLanguage\":\"fr-FR\",\"@id\":\"https:\\\/\\\/secure.gravatar.com\\\/avatar\\\/37d968a2e67a6fd04c169c4bdef102d0bc5d31b2546345219e348575eb80e9a0?s=96&d=mm&r=g\",\"url\":\"https:\\\/\\\/secure.gravatar.com\\\/avatar\\\/37d968a2e67a6fd04c169c4bdef102d0bc5d31b2546345219e348575eb80e9a0?s=96&d=mm&r=g\",\"contentUrl\":\"https:\\\/\\\/secure.gravatar.com\\\/avatar\\\/37d968a2e67a6fd04c169c4bdef102d0bc5d31b2546345219e348575eb80e9a0?s=96&d=mm&r=g\",\"caption\":\"redazione\"},\"sameAs\":[\"http:\\\/\\\/www.bellunopress.it\",\"https:\\\/\\\/x.com\\\/bellunopress\"],\"url\":\"https:\\\/\\\/www.bellunopress.it\\\/fr\\\/author\\\/redazione\\\/\"}]}<\/script>\n<!-- \/ Yoast SEO plugin. -->","yoast_head_json":{"title":"Nazionali domani in campo: Bernardi alla Zoppas Arena, Marcon a Montreux - Bellunopress - Dolomiti","robots":{"index":"index","follow":"follow","max-snippet":"max-snippet:-1","max-image-preview":"max-image-preview:large","max-video-preview":"max-video-preview:-1"},"canonical":"https:\/\/www.bellunopress.it\/fr\/2009\/06\/09\/nazionali-domani-in-campo-bernardi-alla-zoppas-arena-marcon-a-montreux\/","og_locale":"fr_FR","og_type":"article","og_title":"Nazionali domani in campo: Bernardi alla Zoppas Arena, Marcon a Montreux - Bellunopress - Dolomiti","og_description":"L&#8217;Italia B maschile allenata da Lorenzo Bernardi domani alle 18.30 giocher\u00e0 la sua prima partita della stagione alla Zoppas Arena, contro l&#8217;Egitto. L&#8217;incontro amichevole a porte aperte servir\u00e0 al tecnico trevigiano per vedere all&#8217;opera la propria selezione che dal 20 maggio si sta preparando nei due campi e nella palestra pesi allestiti nell&#8217;impianto gestito dalla [&hellip;]","og_url":"https:\/\/www.bellunopress.it\/fr\/2009\/06\/09\/nazionali-domani-in-campo-bernardi-alla-zoppas-arena-marcon-a-montreux\/","og_site_name":"Bellunopress - Dolomiti","article_publisher":"https:\/\/www.facebook.com\/profile.php?id=100008943462799","article_published_time":"2009-06-09T11:58:33+00:00","article_modified_time":"2009-06-10T13:57:40+00:00","og_image":[{"url":"http:\/\/www.bellunopress.it\/wp-content\/uploads\/2009\/03\/pallavolo-zoppas-arena-luciana-e-manzano_foto-bolgan-260x170.jpg","type":"","width":"","height":""}],"author":"redazione","twitter_card":"summary_large_image","twitter_creator":"@bellunopress","twitter_site":"@bellunopress","twitter_misc":{"Written by":"redazione","Est. reading time":"1 minute"},"schema":{"@context":"https:\/\/schema.org","@graph":[{"@type":"Article","@id":"https:\/\/www.bellunopress.it\/2009\/06\/09\/nazionali-domani-in-campo-bernardi-alla-zoppas-arena-marcon-a-montreux\/#article","isPartOf":{"@id":"https:\/\/www.bellunopress.it\/2009\/06\/09\/nazionali-domani-in-campo-bernardi-alla-zoppas-arena-marcon-a-montreux\/"},"author":{"name":"redazione","@id":"https:\/\/www.bellunopress.it\/#\/schema\/person\/79bb06722b37ece1c03d3e94beb30d73"},"headline":"Nazionali domani in campo: Bernardi alla Zoppas Arena, Marcon a Montreux","datePublished":"2009-06-09T11:58:33+00:00","dateModified":"2009-06-10T13:57:40+00:00","mainEntityOfPage":{"@id":"https:\/\/www.bellunopress.it\/2009\/06\/09\/nazionali-domani-in-campo-bernardi-alla-zoppas-arena-marcon-a-montreux\/"},"wordCount":245,"publisher":{"@id":"https:\/\/www.bellunopress.it\/#organization"},"image":{"@id":"https:\/\/www.bellunopress.it\/2009\/06\/09\/nazionali-domani-in-campo-bernardi-alla-zoppas-arena-marcon-a-montreux\/#primaryimage"},"thumbnailUrl":"http:\/\/www.bellunopress.it\/wp-content\/uploads\/2009\/03\/pallavolo-zoppas-arena-luciana-e-manzano_foto-bolgan-260x170.jpg","keywords":["Belluno"],"articleSection":["Sport, tempo libero"],"inLanguage":"fr-FR"},{"@type":"WebPage","@id":"https:\/\/www.bellunopress.it\/2009\/06\/09\/nazionali-domani-in-campo-bernardi-alla-zoppas-arena-marcon-a-montreux\/","url":"https:\/\/www.bellunopress.it\/2009\/06\/09\/nazionali-domani-in-campo-bernardi-alla-zoppas-arena-marcon-a-montreux\/","name":"Nazionali domani in campo: Bernardi alla Zoppas Arena, Marcon a Montreux - Bellunopress - Dolomiti","isPartOf":{"@id":"https:\/\/www.bellunopress.it\/#website"},"primaryImageOfPage":{"@id":"https:\/\/www.bellunopress.it\/2009\/06\/09\/nazionali-domani-in-campo-bernardi-alla-zoppas-arena-marcon-a-montreux\/#primaryimage"},"image":{"@id":"https:\/\/www.bellunopress.it\/2009\/06\/09\/nazionali-domani-in-campo-bernardi-alla-zoppas-arena-marcon-a-montreux\/#primaryimage"},"thumbnailUrl":"http:\/\/www.bellunopress.it\/wp-content\/uploads\/2009\/03\/pallavolo-zoppas-arena-luciana-e-manzano_foto-bolgan-260x170.jpg","datePublished":"2009-06-09T11:58:33+00:00","dateModified":"2009-06-10T13:57:40+00:00","breadcrumb":{"@id":"https:\/\/www.bellunopress.it\/2009\/06\/09\/nazionali-domani-in-campo-bernardi-alla-zoppas-arena-marcon-a-montreux\/#breadcrumb"},"inLanguage":"fr-FR","potentialAction":[{"@type":"ReadAction","target":["https:\/\/www.bellunopress.it\/2009\/06\/09\/nazionali-domani-in-campo-bernardi-alla-zoppas-arena-marcon-a-montreux\/"]}]},{"@type":"ImageObject","inLanguage":"fr-FR","@id":"https:\/\/www.bellunopress.it\/2009\/06\/09\/nazionali-domani-in-campo-bernardi-alla-zoppas-arena-marcon-a-montreux\/#primaryimage","url":"http:\/\/www.bellunopress.it\/wp-content\/uploads\/2009\/03\/pallavolo-zoppas-arena-luciana-e-manzano_foto-bolgan-260x170.jpg","contentUrl":"http:\/\/www.bellunopress.it\/wp-content\/uploads\/2009\/03\/pallavolo-zoppas-arena-luciana-e-manzano_foto-bolgan-260x170.jpg"},{"@type":"BreadcrumbList","@id":"https:\/\/www.bellunopress.it\/2009\/06\/09\/nazionali-domani-in-campo-bernardi-alla-zoppas-arena-marcon-a-montreux\/#breadcrumb","itemListElement":[{"@type":"ListItem","position":1,"name":"Home","item":"https:\/\/www.bellunopress.it\/"},{"@type":"ListItem","position":2,"name":"Nazionali domani in campo: Bernardi alla Zoppas Arena, Marcon a Montreux"}]},{"@type":"WebSite","@id":"https:\/\/www.bellunopress.it\/#website","url":"https:\/\/www.bellunopress.it\/","name":"Bellunopress - Dolomiti","description":"e-mail: redazione@bellunopress.it","publisher":{"@id":"https:\/\/www.bellunopress.it\/#organization"},"potentialAction":[{"@type":"SearchAction","target":{"@type":"EntryPoint","urlTemplate":"https:\/\/www.bellunopress.it\/?s={search_term_string}"},"query-input":{"@type":"PropertyValueSpecification","valueRequired":true,"valueName":"search_term_string"}}],"inLanguage":"fr-FR"},{"@type":"Organization","@id":"https:\/\/www.bellunopress.it\/#organization","name":"Bellunopress","url":"https:\/\/www.bellunopress.it\/","logo":{"@type":"ImageObject","inLanguage":"fr-FR","@id":"https:\/\/www.bellunopress.it\/#\/schema\/logo\/image\/","url":"https:\/\/www.bellunopress.it\/wp-content\/uploads\/2011\/05\/cropped-logo-bellunopress-.jpg","contentUrl":"https:\/\/www.bellunopress.it\/wp-content\/uploads\/2011\/05\/cropped-logo-bellunopress-.jpg","width":512,"height":512,"caption":"Bellunopress"},"image":{"@id":"https:\/\/www.bellunopress.it\/#\/schema\/logo\/image\/"},"sameAs":["https:\/\/www.facebook.com\/profile.php?id=100008943462799","https:\/\/x.com\/bellunopress","https:\/\/www.linkedin.com\/hp\/?dnr=JBzUWaJfMUw8vbXJJ2tVW5-I3jZKvC4wsoxE&amp;amp;amp;amp;amp;amp;trk=nav_responsive_tab_home","https:\/\/www.youtube.com\/channel\/UCxL0wu1uN0_3_7hGG0306cw"]},{"@type":"Person","@id":"https:\/\/www.bellunopress.it\/#\/schema\/person\/79bb06722b37ece1c03d3e94beb30d73","name":"r\u00e9daction","image":{"@type":"ImageObject","inLanguage":"fr-FR","@id":"https:\/\/secure.gravatar.com\/avatar\/37d968a2e67a6fd04c169c4bdef102d0bc5d31b2546345219e348575eb80e9a0?s=96&d=mm&r=g","url":"https:\/\/secure.gravatar.com\/avatar\/37d968a2e67a6fd04c169c4bdef102d0bc5d31b2546345219e348575eb80e9a0?s=96&d=mm&r=g","contentUrl":"https:\/\/secure.gravatar.com\/avatar\/37d968a2e67a6fd04c169c4bdef102d0bc5d31b2546345219e348575eb80e9a0?s=96&d=mm&r=g","caption":"redazione"},"sameAs":["http:\/\/www.bellunopress.it","https:\/\/x.com\/bellunopress"],"url":"https:\/\/www.bellunopress.it\/fr\/author\/redazione\/"}]}},"_links":{"self":[{"href":"https:\/\/www.bellunopress.it\/fr\/wp-json\/wp\/v2\/posts\/4615","targetHints":{"allow":["GET"]}}],"collection":[{"href":"https:\/\/www.bellunopress.it\/fr\/wp-json\/wp\/v2\/posts"}],"about":[{"href":"https:\/\/www.bellunopress.it\/fr\/wp-json\/wp\/v2\/types\/post"}],"author":[{"embeddable":true,"href":"https:\/\/www.bellunopress.it\/fr\/wp-json\/wp\/v2\/users\/2"}],"replies":[{"embeddable":true,"href":"https:\/\/www.bellunopress.it\/fr\/wp-json\/wp\/v2\/comments?post=4615"}],"version-history":[{"count":3,"href":"https:\/\/www.bellunopress.it\/fr\/wp-json\/wp\/v2\/posts\/4615\/revisions"}],"predecessor-version":[{"id":4658,"href":"https:\/\/www.bellunopress.it\/fr\/wp-json\/wp\/v2\/posts\/4615\/revisions\/4658"}],"wp:attachment":[{"href":"https:\/\/www.bellunopress.it\/fr\/wp-json\/wp\/v2\/media?parent=4615"}],"wp:term":[{"taxonomy":"category","embeddable":true,"href":"https:\/\/www.bellunopress.it\/fr\/wp-json\/wp\/v2\/categories?post=4615"},{"taxonomy":"post_tag","embeddable":true,"href":"https:\/\/www.bellunopress.it\/fr\/wp-json\/wp\/v2\/tags?post=4615"}],"curies":[{"name":"wp","href":"https:\/\/api.w.org\/{rel}","templated":true}]}}