{"id":4608,"date":"2009-06-09T10:58:51","date_gmt":"2009-06-09T09:58:51","guid":{"rendered":"http:\/\/www.bellunopress.it\/?p=4608"},"modified":"2009-06-09T10:58:51","modified_gmt":"2009-06-09T09:58:51","slug":"appuntamento-a-feltre-il-12-giugno-con-il-grande-ciclismo","status":"publish","type":"post","link":"https:\/\/www.bellunopress.it\/fr\/2009\/06\/09\/appuntamento-a-feltre-il-12-giugno-con-il-grande-ciclismo\/","title":{"rendered":"Appuntamento a Feltre il 12 giugno con il grande ciclismo"},"content":{"rendered":"<p>Feltre si appresta a vivere una decina di giorni di grande ciclismo, ospitando il gotha mondiale delle due ruote e proponendo manifestazioni per tutte le et\u00e0, dai giovanissimi agli adulti ed amatori, dagli aspiranti campioni ai campioni che hanno fatto la storia di questo sport. Proprio a met\u00e0 fra i due fine settimana clou proposti dal Pedale Feltrino T. B. H., che inizieranno il 12 giugno con il via della 24 ore \u201cCastelli\u201d per concludersi il 21 giugno con la \u201cGran Fondo Sportful\u201d, si inserisce il 16 giugno l\u2019arrivo a Feltre della 5\u00b0 tappa del Giro d\u2019Italia per dilettanti, noto anche come Girobio.<br \/>\n&#8220;L\u2019intera Amministrazione Comunale &#8211; spiega l&#8217;assessore alle Politiche delle Sport Elio Sacchet &#8211;\u00a0 ritenie che questo sia un riconoscimento alla Citt\u00e0 di Feltre da parte degli organizzatori ed una nuova importante vetrina mediatica.<br \/>\nIl 16 giugno sar\u00e0 passato poco pi\u00f9 di un mese da quel 12 maggio quando vi transit\u00f2 la carovana del Giro d\u2019Italia per la 4\u00b0 tappa, la Padova \u2013 San Martino di Castrozza. Anche in quell\u2019occasione Feltre dimostr\u00f2 il proprio attaccamento al ciclismo con una notevole partecipazione popolare come hanno testimoniato le telecamere della RAI, segno che la passione per le due ruote vi \u00e8 profondamente radicata.Ora, avremo ancora l\u2019opportunit\u00e0, come avvenne nel lontano 2.000, di assistere ad un arrivo di tappa, sia pure di un Giro per Dilettanti, noto anche come Giro d\u2019Italia Under 27. Questa manifestazione ritorna sulle strade italiane dopo tre anni di assenza e si propone di segnare una svolta storica. Intanto per il numero di societ\u00e0 che hanno chiesto di parteciparvi, ben 39, delle quali ne sono state selezionate la met\u00e0. In secondo luogo perch\u00e9 intende riportare il ciclismo alle radici proprie con iniziative tese a riportare innanzitutto scenari e culture di partecipazione, condivisione e di pari condizioni sportive. Fra l\u2019altro \u2013 e da qui deriva anche il nome di Girobio \u2013 gli organizzatori hanno deciso di adottare un protocollo sanitario rigido e di altissimo profilo scientifico. Infine, ampio spazio sar\u00e0 dedicato anche alla cultura con un incontro serale per i partecipanti per rivivere le forti emozioni del ciclismo epico. La tappa che partir\u00e0 da Paderno del Grappa ed arriver\u00e0 a Feltre dopo 155 km. sar\u00e0 intitolata a Gastone Nencini, soprannominato Il Leone del Mugello, vincitore del Giro d\u2019Italia nel 1957 e del Tour de France nel 1960, oltre ad aver corso ben 6 campionati del Mondo. Prima avevo parlato pure di grande opportunit\u00e0 mediatica perch\u00e9 anche il Giro d\u2019Italia Under 27 avr\u00e0 la sua rilevante vetrina televisiva che si concentrer\u00e0 principalmente sulla citt\u00e0 sede dell\u2019arrivo di tappa. Sar\u00e0 questa, per il nostro comune, l\u2019ennesima occasione per mostrare, a livello nazionale ed internazionale, il proprio volto completamente rinnovato grazie agli interventi portati avanti dall\u2019Amministrazione negli ultimi anni e la sua vocazione per ospitare corse ciclistiche con entusiasmo, passione e coinvolgimento&#8221;.<\/p>","protected":false},"excerpt":{"rendered":"<p>Feltre si appresta a vivere una decina di giorni di grande ciclismo, ospitando il gotha mondiale delle due ruote e proponendo manifestazioni per tutte le et\u00e0, dai giovanissimi agli adulti ed amatori, dagli aspiranti campioni ai campioni che hanno fatto la storia di questo sport. Proprio a met\u00e0 fra i due fine settimana clou proposti [&hellip;]<\/p>\n","protected":false},"author":2,"featured_media":0,"comment_status":"closed","ping_status":"open","sticky":false,"template":"","format":"standard","meta":{"footnotes":""},"categories":[25,4],"tags":[302,2261],"class_list":["post-4608","post","type-post","status-publish","format-standard","category-pausa-caffe","category-sport","tag-feltre","tag-feltrino"],"yoast_head":"<!-- This site is optimized with the Yoast SEO plugin v28.4 - https:\/\/yoast.com\/product\/yoast-seo-wordpress\/ -->\n<title>Appuntamento a Feltre il 12 giugno con il grande ciclismo - Bellunopress - Dolomiti<\/title>\n<meta name=\"robots\" content=\"index, follow, max-snippet:-1, max-image-preview:large, max-video-preview:-1\" \/>\n<link rel=\"canonical\" href=\"https:\/\/www.bellunopress.it\/fr\/2009\/06\/09\/appuntamento-a-feltre-il-12-giugno-con-il-grande-ciclismo\/\" \/>\n<meta property=\"og:locale\" content=\"fr_FR\" \/>\n<meta property=\"og:type\" content=\"article\" \/>\n<meta property=\"og:title\" content=\"Appuntamento a Feltre il 12 giugno con il grande ciclismo - Bellunopress - Dolomiti\" \/>\n<meta property=\"og:description\" content=\"Feltre si appresta a vivere una decina di giorni di grande ciclismo, ospitando il gotha mondiale delle due ruote e proponendo manifestazioni per tutte le et\u00e0, dai giovanissimi agli adulti ed amatori, dagli aspiranti campioni ai campioni che hanno fatto la storia di questo sport. Proprio a met\u00e0 fra i due fine settimana clou proposti [&hellip;]\" \/>\n<meta property=\"og:url\" content=\"https:\/\/www.bellunopress.it\/fr\/2009\/06\/09\/appuntamento-a-feltre-il-12-giugno-con-il-grande-ciclismo\/\" \/>\n<meta property=\"og:site_name\" content=\"Bellunopress - Dolomiti\" \/>\n<meta property=\"article:publisher\" content=\"https:\/\/www.facebook.com\/profile.php?id=100008943462799\" \/>\n<meta property=\"article:published_time\" content=\"2009-06-09T09:58:51+00:00\" \/>\n<meta property=\"og:image\" content=\"http:\/\/www.bellunopress.it\/wp-content\/uploads\/2012\/07\/logo-bellunopress-250x250-2012.jpg\" \/>\n<meta name=\"author\" content=\"redazione\" \/>\n<meta name=\"twitter:card\" content=\"summary_large_image\" \/>\n<meta name=\"twitter:creator\" content=\"@bellunopress\" \/>\n<meta name=\"twitter:site\" content=\"@bellunopress\" \/>\n<meta name=\"twitter:label1\" content=\"Written by\" \/>\n\t<meta name=\"twitter:data1\" content=\"redazione\" \/>\n\t<meta name=\"twitter:label2\" content=\"Est. reading time\" \/>\n\t<meta name=\"twitter:data2\" content=\"2 minutes\" \/>\n<script type=\"application\/ld+json\" class=\"yoast-schema-graph\">{\"@context\":\"https:\\\/\\\/schema.org\",\"@graph\":[{\"@type\":\"Article\",\"@id\":\"https:\\\/\\\/www.bellunopress.it\\\/2009\\\/06\\\/09\\\/appuntamento-a-feltre-il-12-giugno-con-il-grande-ciclismo\\\/#article\",\"isPartOf\":{\"@id\":\"https:\\\/\\\/www.bellunopress.it\\\/2009\\\/06\\\/09\\\/appuntamento-a-feltre-il-12-giugno-con-il-grande-ciclismo\\\/\"},\"author\":{\"name\":\"redazione\",\"@id\":\"https:\\\/\\\/www.bellunopress.it\\\/#\\\/schema\\\/person\\\/79bb06722b37ece1c03d3e94beb30d73\"},\"headline\":\"Appuntamento a Feltre il 12 giugno con il grande ciclismo\",\"datePublished\":\"2009-06-09T09:58:51+00:00\",\"mainEntityOfPage\":{\"@id\":\"https:\\\/\\\/www.bellunopress.it\\\/2009\\\/06\\\/09\\\/appuntamento-a-feltre-il-12-giugno-con-il-grande-ciclismo\\\/\"},\"wordCount\":475,\"publisher\":{\"@id\":\"https:\\\/\\\/www.bellunopress.it\\\/#organization\"},\"keywords\":[\"Feltre\",\"feltrino\"],\"articleSection\":[\"Pausa Caff\u00e8\",\"Sport, tempo libero\"],\"inLanguage\":\"fr-FR\"},{\"@type\":\"WebPage\",\"@id\":\"https:\\\/\\\/www.bellunopress.it\\\/2009\\\/06\\\/09\\\/appuntamento-a-feltre-il-12-giugno-con-il-grande-ciclismo\\\/\",\"url\":\"https:\\\/\\\/www.bellunopress.it\\\/2009\\\/06\\\/09\\\/appuntamento-a-feltre-il-12-giugno-con-il-grande-ciclismo\\\/\",\"name\":\"Appuntamento a Feltre il 12 giugno con il grande ciclismo - Bellunopress - Dolomiti\",\"isPartOf\":{\"@id\":\"https:\\\/\\\/www.bellunopress.it\\\/#website\"},\"datePublished\":\"2009-06-09T09:58:51+00:00\",\"breadcrumb\":{\"@id\":\"https:\\\/\\\/www.bellunopress.it\\\/2009\\\/06\\\/09\\\/appuntamento-a-feltre-il-12-giugno-con-il-grande-ciclismo\\\/#breadcrumb\"},\"inLanguage\":\"fr-FR\",\"potentialAction\":[{\"@type\":\"ReadAction\",\"target\":[\"https:\\\/\\\/www.bellunopress.it\\\/2009\\\/06\\\/09\\\/appuntamento-a-feltre-il-12-giugno-con-il-grande-ciclismo\\\/\"]}]},{\"@type\":\"BreadcrumbList\",\"@id\":\"https:\\\/\\\/www.bellunopress.it\\\/2009\\\/06\\\/09\\\/appuntamento-a-feltre-il-12-giugno-con-il-grande-ciclismo\\\/#breadcrumb\",\"itemListElement\":[{\"@type\":\"ListItem\",\"position\":1,\"name\":\"Home\",\"item\":\"https:\\\/\\\/www.bellunopress.it\\\/\"},{\"@type\":\"ListItem\",\"position\":2,\"name\":\"Appuntamento a Feltre il 12 giugno con il grande ciclismo\"}]},{\"@type\":\"WebSite\",\"@id\":\"https:\\\/\\\/www.bellunopress.it\\\/#website\",\"url\":\"https:\\\/\\\/www.bellunopress.it\\\/\",\"name\":\"Bellunopress - Dolomiti\",\"description\":\"e-mail: redazione@bellunopress.it\",\"publisher\":{\"@id\":\"https:\\\/\\\/www.bellunopress.it\\\/#organization\"},\"potentialAction\":[{\"@type\":\"SearchAction\",\"target\":{\"@type\":\"EntryPoint\",\"urlTemplate\":\"https:\\\/\\\/www.bellunopress.it\\\/?s={search_term_string}\"},\"query-input\":{\"@type\":\"PropertyValueSpecification\",\"valueRequired\":true,\"valueName\":\"search_term_string\"}}],\"inLanguage\":\"fr-FR\"},{\"@type\":\"Organization\",\"@id\":\"https:\\\/\\\/www.bellunopress.it\\\/#organization\",\"name\":\"Bellunopress\",\"url\":\"https:\\\/\\\/www.bellunopress.it\\\/\",\"logo\":{\"@type\":\"ImageObject\",\"inLanguage\":\"fr-FR\",\"@id\":\"https:\\\/\\\/www.bellunopress.it\\\/#\\\/schema\\\/logo\\\/image\\\/\",\"url\":\"https:\\\/\\\/www.bellunopress.it\\\/wp-content\\\/uploads\\\/2011\\\/05\\\/cropped-logo-bellunopress-.jpg\",\"contentUrl\":\"https:\\\/\\\/www.bellunopress.it\\\/wp-content\\\/uploads\\\/2011\\\/05\\\/cropped-logo-bellunopress-.jpg\",\"width\":512,\"height\":512,\"caption\":\"Bellunopress\"},\"image\":{\"@id\":\"https:\\\/\\\/www.bellunopress.it\\\/#\\\/schema\\\/logo\\\/image\\\/\"},\"sameAs\":[\"https:\\\/\\\/www.facebook.com\\\/profile.php?id=100008943462799\",\"https:\\\/\\\/x.com\\\/bellunopress\",\"https:\\\/\\\/www.linkedin.com\\\/hp\\\/?dnr=JBzUWaJfMUw8vbXJJ2tVW5-I3jZKvC4wsoxE&amp;amp;amp;amp;amp;amp;trk=nav_responsive_tab_home\",\"https:\\\/\\\/www.youtube.com\\\/channel\\\/UCxL0wu1uN0_3_7hGG0306cw\"]},{\"@type\":\"Person\",\"@id\":\"https:\\\/\\\/www.bellunopress.it\\\/#\\\/schema\\\/person\\\/79bb06722b37ece1c03d3e94beb30d73\",\"name\":\"redazione\",\"image\":{\"@type\":\"ImageObject\",\"inLanguage\":\"fr-FR\",\"@id\":\"https:\\\/\\\/secure.gravatar.com\\\/avatar\\\/37d968a2e67a6fd04c169c4bdef102d0bc5d31b2546345219e348575eb80e9a0?s=96&d=mm&r=g\",\"url\":\"https:\\\/\\\/secure.gravatar.com\\\/avatar\\\/37d968a2e67a6fd04c169c4bdef102d0bc5d31b2546345219e348575eb80e9a0?s=96&d=mm&r=g\",\"contentUrl\":\"https:\\\/\\\/secure.gravatar.com\\\/avatar\\\/37d968a2e67a6fd04c169c4bdef102d0bc5d31b2546345219e348575eb80e9a0?s=96&d=mm&r=g\",\"caption\":\"redazione\"},\"sameAs\":[\"http:\\\/\\\/www.bellunopress.it\",\"https:\\\/\\\/x.com\\\/bellunopress\"],\"url\":\"https:\\\/\\\/www.bellunopress.it\\\/fr\\\/author\\\/redazione\\\/\"}]}<\/script>\n<!-- \/ Yoast SEO plugin. -->","yoast_head_json":{"title":"Appuntamento a Feltre il 12 giugno con il grande ciclismo - Bellunopress - Dolomiti","robots":{"index":"index","follow":"follow","max-snippet":"max-snippet:-1","max-image-preview":"max-image-preview:large","max-video-preview":"max-video-preview:-1"},"canonical":"https:\/\/www.bellunopress.it\/fr\/2009\/06\/09\/appuntamento-a-feltre-il-12-giugno-con-il-grande-ciclismo\/","og_locale":"fr_FR","og_type":"article","og_title":"Appuntamento a Feltre il 12 giugno con il grande ciclismo - Bellunopress - Dolomiti","og_description":"Feltre si appresta a vivere una decina di giorni di grande ciclismo, ospitando il gotha mondiale delle due ruote e proponendo manifestazioni per tutte le et\u00e0, dai giovanissimi agli adulti ed amatori, dagli aspiranti campioni ai campioni che hanno fatto la storia di questo sport. Proprio a met\u00e0 fra i due fine settimana clou proposti [&hellip;]","og_url":"https:\/\/www.bellunopress.it\/fr\/2009\/06\/09\/appuntamento-a-feltre-il-12-giugno-con-il-grande-ciclismo\/","og_site_name":"Bellunopress - Dolomiti","article_publisher":"https:\/\/www.facebook.com\/profile.php?id=100008943462799","article_published_time":"2009-06-09T09:58:51+00:00","og_image":[{"url":"http:\/\/www.bellunopress.it\/wp-content\/uploads\/2012\/07\/logo-bellunopress-250x250-2012.jpg","type":"","width":"","height":""}],"author":"redazione","twitter_card":"summary_large_image","twitter_creator":"@bellunopress","twitter_site":"@bellunopress","twitter_misc":{"Written by":"redazione","Est. reading time":"2 minutes"},"schema":{"@context":"https:\/\/schema.org","@graph":[{"@type":"Article","@id":"https:\/\/www.bellunopress.it\/2009\/06\/09\/appuntamento-a-feltre-il-12-giugno-con-il-grande-ciclismo\/#article","isPartOf":{"@id":"https:\/\/www.bellunopress.it\/2009\/06\/09\/appuntamento-a-feltre-il-12-giugno-con-il-grande-ciclismo\/"},"author":{"name":"redazione","@id":"https:\/\/www.bellunopress.it\/#\/schema\/person\/79bb06722b37ece1c03d3e94beb30d73"},"headline":"Appuntamento a Feltre il 12 giugno con il grande ciclismo","datePublished":"2009-06-09T09:58:51+00:00","mainEntityOfPage":{"@id":"https:\/\/www.bellunopress.it\/2009\/06\/09\/appuntamento-a-feltre-il-12-giugno-con-il-grande-ciclismo\/"},"wordCount":475,"publisher":{"@id":"https:\/\/www.bellunopress.it\/#organization"},"keywords":["Feltre","feltrino"],"articleSection":["Pausa Caff\u00e8","Sport, tempo libero"],"inLanguage":"fr-FR"},{"@type":"WebPage","@id":"https:\/\/www.bellunopress.it\/2009\/06\/09\/appuntamento-a-feltre-il-12-giugno-con-il-grande-ciclismo\/","url":"https:\/\/www.bellunopress.it\/2009\/06\/09\/appuntamento-a-feltre-il-12-giugno-con-il-grande-ciclismo\/","name":"Appuntamento a Feltre il 12 giugno con il grande ciclismo - Bellunopress - Dolomiti","isPartOf":{"@id":"https:\/\/www.bellunopress.it\/#website"},"datePublished":"2009-06-09T09:58:51+00:00","breadcrumb":{"@id":"https:\/\/www.bellunopress.it\/2009\/06\/09\/appuntamento-a-feltre-il-12-giugno-con-il-grande-ciclismo\/#breadcrumb"},"inLanguage":"fr-FR","potentialAction":[{"@type":"ReadAction","target":["https:\/\/www.bellunopress.it\/2009\/06\/09\/appuntamento-a-feltre-il-12-giugno-con-il-grande-ciclismo\/"]}]},{"@type":"BreadcrumbList","@id":"https:\/\/www.bellunopress.it\/2009\/06\/09\/appuntamento-a-feltre-il-12-giugno-con-il-grande-ciclismo\/#breadcrumb","itemListElement":[{"@type":"ListItem","position":1,"name":"Home","item":"https:\/\/www.bellunopress.it\/"},{"@type":"ListItem","position":2,"name":"Appuntamento a Feltre il 12 giugno con il grande ciclismo"}]},{"@type":"WebSite","@id":"https:\/\/www.bellunopress.it\/#website","url":"https:\/\/www.bellunopress.it\/","name":"Bellunopress - Dolomiti","description":"e-mail: redazione@bellunopress.it","publisher":{"@id":"https:\/\/www.bellunopress.it\/#organization"},"potentialAction":[{"@type":"SearchAction","target":{"@type":"EntryPoint","urlTemplate":"https:\/\/www.bellunopress.it\/?s={search_term_string}"},"query-input":{"@type":"PropertyValueSpecification","valueRequired":true,"valueName":"search_term_string"}}],"inLanguage":"fr-FR"},{"@type":"Organization","@id":"https:\/\/www.bellunopress.it\/#organization","name":"Bellunopress","url":"https:\/\/www.bellunopress.it\/","logo":{"@type":"ImageObject","inLanguage":"fr-FR","@id":"https:\/\/www.bellunopress.it\/#\/schema\/logo\/image\/","url":"https:\/\/www.bellunopress.it\/wp-content\/uploads\/2011\/05\/cropped-logo-bellunopress-.jpg","contentUrl":"https:\/\/www.bellunopress.it\/wp-content\/uploads\/2011\/05\/cropped-logo-bellunopress-.jpg","width":512,"height":512,"caption":"Bellunopress"},"image":{"@id":"https:\/\/www.bellunopress.it\/#\/schema\/logo\/image\/"},"sameAs":["https:\/\/www.facebook.com\/profile.php?id=100008943462799","https:\/\/x.com\/bellunopress","https:\/\/www.linkedin.com\/hp\/?dnr=JBzUWaJfMUw8vbXJJ2tVW5-I3jZKvC4wsoxE&amp;amp;amp;amp;amp;amp;trk=nav_responsive_tab_home","https:\/\/www.youtube.com\/channel\/UCxL0wu1uN0_3_7hGG0306cw"]},{"@type":"Person","@id":"https:\/\/www.bellunopress.it\/#\/schema\/person\/79bb06722b37ece1c03d3e94beb30d73","name":"r\u00e9daction","image":{"@type":"ImageObject","inLanguage":"fr-FR","@id":"https:\/\/secure.gravatar.com\/avatar\/37d968a2e67a6fd04c169c4bdef102d0bc5d31b2546345219e348575eb80e9a0?s=96&d=mm&r=g","url":"https:\/\/secure.gravatar.com\/avatar\/37d968a2e67a6fd04c169c4bdef102d0bc5d31b2546345219e348575eb80e9a0?s=96&d=mm&r=g","contentUrl":"https:\/\/secure.gravatar.com\/avatar\/37d968a2e67a6fd04c169c4bdef102d0bc5d31b2546345219e348575eb80e9a0?s=96&d=mm&r=g","caption":"redazione"},"sameAs":["http:\/\/www.bellunopress.it","https:\/\/x.com\/bellunopress"],"url":"https:\/\/www.bellunopress.it\/fr\/author\/redazione\/"}]}},"_links":{"self":[{"href":"https:\/\/www.bellunopress.it\/fr\/wp-json\/wp\/v2\/posts\/4608","targetHints":{"allow":["GET"]}}],"collection":[{"href":"https:\/\/www.bellunopress.it\/fr\/wp-json\/wp\/v2\/posts"}],"about":[{"href":"https:\/\/www.bellunopress.it\/fr\/wp-json\/wp\/v2\/types\/post"}],"author":[{"embeddable":true,"href":"https:\/\/www.bellunopress.it\/fr\/wp-json\/wp\/v2\/users\/2"}],"replies":[{"embeddable":true,"href":"https:\/\/www.bellunopress.it\/fr\/wp-json\/wp\/v2\/comments?post=4608"}],"version-history":[{"count":1,"href":"https:\/\/www.bellunopress.it\/fr\/wp-json\/wp\/v2\/posts\/4608\/revisions"}],"predecessor-version":[{"id":4609,"href":"https:\/\/www.bellunopress.it\/fr\/wp-json\/wp\/v2\/posts\/4608\/revisions\/4609"}],"wp:attachment":[{"href":"https:\/\/www.bellunopress.it\/fr\/wp-json\/wp\/v2\/media?parent=4608"}],"wp:term":[{"taxonomy":"category","embeddable":true,"href":"https:\/\/www.bellunopress.it\/fr\/wp-json\/wp\/v2\/categories?post=4608"},{"taxonomy":"post_tag","embeddable":true,"href":"https:\/\/www.bellunopress.it\/fr\/wp-json\/wp\/v2\/tags?post=4608"}],"curies":[{"name":"wp","href":"https:\/\/api.w.org\/{rel}","templated":true}]}}