{"id":46077,"date":"2013-01-26T09:40:40","date_gmt":"2013-01-26T08:40:40","guid":{"rendered":"http:\/\/www.bellunopress.it\/?p=46077"},"modified":"2013-01-26T09:40:40","modified_gmt":"2013-01-26T08:40:40","slug":"vite-sospese-a-feltre-nei-fine-settimana-la-mostra-storico-documentale-con-la-storia-delle-famiglie-ebree","status":"publish","type":"post","link":"https:\/\/www.bellunopress.it\/fr\/2013\/01\/26\/vite-sospese-a-feltre-nei-fine-settimana-la-mostra-storico-documentale-con-la-storia-delle-famiglie-ebree\/","title":{"rendered":"Vite sospese. A Feltre nei fine settimana la mostra storico-documentale con la storia delle famiglie ebree"},"content":{"rendered":"<p><a href=\"http:\/\/www.bellunopress.it\/wp-content\/uploads\/2010\/10\/feltre.jpg\"><img loading=\"lazy\" decoding=\"async\" class=\"alignleft size-full wp-image-20043\" alt=\"feltre\" src=\"http:\/\/www.bellunopress.it\/wp-content\/uploads\/2010\/10\/feltre.jpg\" width=\"140\" height=\"107\" \/><\/a>In occasione della Giornata della memoria il Comune di Feltre, in\u00a0collaborazione con l&#8217;Associazione Nazionale Partigiani Italiani,\u00a0sezione di Feltre, l&#8217;Istituto Storico Bellunese della Resistenza e\u00a0dell&#8217;Et\u00e0 Contemporanea e l&#8217;Associazione Rete Scuola di Belluno, ha\u00a0allestito, nella Galleria Via Claudia Augusta di piazza Maggiore, una\u00a0mostra storico-documentale frutto di un progetto sostenuto dalla\u00a0Regione del Veneto e dall&#8217;A.N.P.I. e curato dall&#8217;ISBREC.<\/p>\n<p>Si tratta di\u00a0\u201cVite sospese. Storie di famiglie ebree straniere internate in\u00a0provincia di Belluno\u201d: 25 pannelli che riassumono quanto emerso\u00a0dalla ricerca negli archivi comunali della provincia e nell&#8217;Archivio\u00a0Centrale dello Stato di Roma. La mostra, ricca di fotografie e\u00a0documenti inediti, sar\u00e0 visitabile per due fine settimana e\u00a0precisamente nei sabati del 26 gennaio e del 2 febbraio dalle 15.00\u00a0alle 18.00 e nelle domeniche 27 gennaio e 3 febbraio dalle 10.00 alle\u00a012.00 e dalle 15.00 alle 18.00.<\/p>\n<p>Sabato 26 gennaio 2013 alle ore 10, all&#8217;Auditorium dell&#8217;Istituto\u00a0Canossiano di Feltre, si terr\u00e0 la presentazione della mostra.<\/p>\n<p>Interverr\u00e0 il prof. Paolo Tagini, ricercatore dell&#8217;Istituto Storico\u00a0della Resistenza di Vicenza.<\/p>\n<p>&nbsp;<\/p>","protected":false},"excerpt":{"rendered":"<p>In occasione della Giornata della memoria il Comune di Feltre, in\u00a0collaborazione con l&#8217;Associazione Nazionale Partigiani Italiani,\u00a0sezione di Feltre, l&#8217;Istituto Storico Bellunese della Resistenza e\u00a0dell&#8217;Et\u00e0 Contemporanea e l&#8217;Associazione Rete Scuola di Belluno, ha\u00a0allestito, nella Galleria Via Claudia Augusta di piazza Maggiore, una\u00a0mostra storico-documentale frutto di un progetto sostenuto dalla\u00a0Regione del Veneto e dall&#8217;A.N.P.I. e curato dall&#8217;ISBREC. [&hellip;]<\/p>\n","protected":false},"author":2,"featured_media":0,"comment_status":"closed","ping_status":"open","sticky":false,"template":"","format":"standard","meta":{"footnotes":""},"categories":[27,3,26],"tags":[],"class_list":["post-46077","post","type-post","status-publish","format-standard","category-appuntamenti","category-arte-cultura-spettacoli-scienza-archivi","category-prima-pagina"],"yoast_head":"<!-- This site is optimized with the Yoast SEO plugin v28.4 - https:\/\/yoast.com\/product\/yoast-seo-wordpress\/ -->\n<title>Vite sospese. A Feltre nei fine settimana la mostra storico-documentale con la storia delle famiglie ebree  - Bellunopress - Dolomiti<\/title>\n<meta name=\"robots\" content=\"index, follow, max-snippet:-1, max-image-preview:large, max-video-preview:-1\" \/>\n<link rel=\"canonical\" href=\"https:\/\/www.bellunopress.it\/fr\/2013\/01\/26\/vite-sospese-a-feltre-nei-fine-settimana-la-mostra-storico-documentale-con-la-storia-delle-famiglie-ebree\/\" \/>\n<meta property=\"og:locale\" content=\"fr_FR\" \/>\n<meta property=\"og:type\" content=\"article\" \/>\n<meta property=\"og:title\" content=\"Vite sospese. A Feltre nei fine settimana la mostra storico-documentale con la storia delle famiglie ebree  - Bellunopress - Dolomiti\" \/>\n<meta property=\"og:description\" content=\"In occasione della Giornata della memoria il Comune di Feltre, in\u00a0collaborazione con l&#8217;Associazione Nazionale Partigiani Italiani,\u00a0sezione di Feltre, l&#8217;Istituto Storico Bellunese della Resistenza e\u00a0dell&#8217;Et\u00e0 Contemporanea e l&#8217;Associazione Rete Scuola di Belluno, ha\u00a0allestito, nella Galleria Via Claudia Augusta di piazza Maggiore, una\u00a0mostra storico-documentale frutto di un progetto sostenuto dalla\u00a0Regione del Veneto e dall&#8217;A.N.P.I. e curato dall&#8217;ISBREC. [&hellip;]\" \/>\n<meta property=\"og:url\" content=\"https:\/\/www.bellunopress.it\/fr\/2013\/01\/26\/vite-sospese-a-feltre-nei-fine-settimana-la-mostra-storico-documentale-con-la-storia-delle-famiglie-ebree\/\" \/>\n<meta property=\"og:site_name\" content=\"Bellunopress - Dolomiti\" \/>\n<meta property=\"article:publisher\" content=\"https:\/\/www.facebook.com\/profile.php?id=100008943462799\" \/>\n<meta property=\"article:published_time\" content=\"2013-01-26T08:40:40+00:00\" \/>\n<meta property=\"og:image\" content=\"http:\/\/www.bellunopress.it\/wp-content\/uploads\/2010\/10\/feltre.jpg\" \/>\n<meta name=\"author\" content=\"redazione\" \/>\n<meta name=\"twitter:card\" content=\"summary_large_image\" \/>\n<meta name=\"twitter:creator\" content=\"@bellunopress\" \/>\n<meta name=\"twitter:site\" content=\"@bellunopress\" \/>\n<meta name=\"twitter:label1\" content=\"\u00c9crit par\" \/>\n\t<meta name=\"twitter:data1\" content=\"redazione\" \/>\n\t<meta name=\"twitter:label2\" content=\"Dur\u00e9e de lecture estim\u00e9e\" \/>\n\t<meta name=\"twitter:data2\" content=\"1 minute\" \/>\n<script type=\"application\/ld+json\" class=\"yoast-schema-graph\">{\"@context\":\"https:\\\/\\\/schema.org\",\"@graph\":[{\"@type\":\"Article\",\"@id\":\"https:\\\/\\\/www.bellunopress.it\\\/2013\\\/01\\\/26\\\/vite-sospese-a-feltre-nei-fine-settimana-la-mostra-storico-documentale-con-la-storia-delle-famiglie-ebree\\\/#article\",\"isPartOf\":{\"@id\":\"https:\\\/\\\/www.bellunopress.it\\\/2013\\\/01\\\/26\\\/vite-sospese-a-feltre-nei-fine-settimana-la-mostra-storico-documentale-con-la-storia-delle-famiglie-ebree\\\/\"},\"author\":{\"name\":\"redazione\",\"@id\":\"https:\\\/\\\/www.bellunopress.it\\\/#\\\/schema\\\/person\\\/79bb06722b37ece1c03d3e94beb30d73\"},\"headline\":\"Vite sospese. A Feltre nei fine settimana la mostra storico-documentale con la storia delle famiglie ebree\",\"datePublished\":\"2013-01-26T08:40:40+00:00\",\"mainEntityOfPage\":{\"@id\":\"https:\\\/\\\/www.bellunopress.it\\\/2013\\\/01\\\/26\\\/vite-sospese-a-feltre-nei-fine-settimana-la-mostra-storico-documentale-con-la-storia-delle-famiglie-ebree\\\/\"},\"wordCount\":188,\"publisher\":{\"@id\":\"https:\\\/\\\/www.bellunopress.it\\\/#organization\"},\"image\":{\"@id\":\"https:\\\/\\\/www.bellunopress.it\\\/2013\\\/01\\\/26\\\/vite-sospese-a-feltre-nei-fine-settimana-la-mostra-storico-documentale-con-la-storia-delle-famiglie-ebree\\\/#primaryimage\"},\"thumbnailUrl\":\"http:\\\/\\\/www.bellunopress.it\\\/wp-content\\\/uploads\\\/2010\\\/10\\\/feltre.jpg\",\"articleSection\":[\"Appuntamenti, Eventi\",\"Arte, Cultura, Spettacoli, Scienza\",\"Prima Pagina\"],\"inLanguage\":\"fr-FR\"},{\"@type\":\"WebPage\",\"@id\":\"https:\\\/\\\/www.bellunopress.it\\\/2013\\\/01\\\/26\\\/vite-sospese-a-feltre-nei-fine-settimana-la-mostra-storico-documentale-con-la-storia-delle-famiglie-ebree\\\/\",\"url\":\"https:\\\/\\\/www.bellunopress.it\\\/2013\\\/01\\\/26\\\/vite-sospese-a-feltre-nei-fine-settimana-la-mostra-storico-documentale-con-la-storia-delle-famiglie-ebree\\\/\",\"name\":\"Vite sospese. A Feltre nei fine settimana la mostra storico-documentale con la storia delle famiglie ebree - Bellunopress - Dolomiti\",\"isPartOf\":{\"@id\":\"https:\\\/\\\/www.bellunopress.it\\\/#website\"},\"primaryImageOfPage\":{\"@id\":\"https:\\\/\\\/www.bellunopress.it\\\/2013\\\/01\\\/26\\\/vite-sospese-a-feltre-nei-fine-settimana-la-mostra-storico-documentale-con-la-storia-delle-famiglie-ebree\\\/#primaryimage\"},\"image\":{\"@id\":\"https:\\\/\\\/www.bellunopress.it\\\/2013\\\/01\\\/26\\\/vite-sospese-a-feltre-nei-fine-settimana-la-mostra-storico-documentale-con-la-storia-delle-famiglie-ebree\\\/#primaryimage\"},\"thumbnailUrl\":\"http:\\\/\\\/www.bellunopress.it\\\/wp-content\\\/uploads\\\/2010\\\/10\\\/feltre.jpg\",\"datePublished\":\"2013-01-26T08:40:40+00:00\",\"breadcrumb\":{\"@id\":\"https:\\\/\\\/www.bellunopress.it\\\/2013\\\/01\\\/26\\\/vite-sospese-a-feltre-nei-fine-settimana-la-mostra-storico-documentale-con-la-storia-delle-famiglie-ebree\\\/#breadcrumb\"},\"inLanguage\":\"fr-FR\",\"potentialAction\":[{\"@type\":\"ReadAction\",\"target\":[\"https:\\\/\\\/www.bellunopress.it\\\/2013\\\/01\\\/26\\\/vite-sospese-a-feltre-nei-fine-settimana-la-mostra-storico-documentale-con-la-storia-delle-famiglie-ebree\\\/\"]}]},{\"@type\":\"ImageObject\",\"inLanguage\":\"fr-FR\",\"@id\":\"https:\\\/\\\/www.bellunopress.it\\\/2013\\\/01\\\/26\\\/vite-sospese-a-feltre-nei-fine-settimana-la-mostra-storico-documentale-con-la-storia-delle-famiglie-ebree\\\/#primaryimage\",\"url\":\"http:\\\/\\\/www.bellunopress.it\\\/wp-content\\\/uploads\\\/2010\\\/10\\\/feltre.jpg\",\"contentUrl\":\"http:\\\/\\\/www.bellunopress.it\\\/wp-content\\\/uploads\\\/2010\\\/10\\\/feltre.jpg\"},{\"@type\":\"BreadcrumbList\",\"@id\":\"https:\\\/\\\/www.bellunopress.it\\\/2013\\\/01\\\/26\\\/vite-sospese-a-feltre-nei-fine-settimana-la-mostra-storico-documentale-con-la-storia-delle-famiglie-ebree\\\/#breadcrumb\",\"itemListElement\":[{\"@type\":\"ListItem\",\"position\":1,\"name\":\"Home\",\"item\":\"https:\\\/\\\/www.bellunopress.it\\\/\"},{\"@type\":\"ListItem\",\"position\":2,\"name\":\"Vite sospese. A Feltre nei fine settimana la mostra storico-documentale con la storia delle famiglie ebree\"}]},{\"@type\":\"WebSite\",\"@id\":\"https:\\\/\\\/www.bellunopress.it\\\/#website\",\"url\":\"https:\\\/\\\/www.bellunopress.it\\\/\",\"name\":\"Bellunopress - Dolomiti\",\"description\":\"e-mail: redazione@bellunopress.it\",\"publisher\":{\"@id\":\"https:\\\/\\\/www.bellunopress.it\\\/#organization\"},\"potentialAction\":[{\"@type\":\"SearchAction\",\"target\":{\"@type\":\"EntryPoint\",\"urlTemplate\":\"https:\\\/\\\/www.bellunopress.it\\\/?s={search_term_string}\"},\"query-input\":{\"@type\":\"PropertyValueSpecification\",\"valueRequired\":true,\"valueName\":\"search_term_string\"}}],\"inLanguage\":\"fr-FR\"},{\"@type\":\"Organization\",\"@id\":\"https:\\\/\\\/www.bellunopress.it\\\/#organization\",\"name\":\"Bellunopress\",\"url\":\"https:\\\/\\\/www.bellunopress.it\\\/\",\"logo\":{\"@type\":\"ImageObject\",\"inLanguage\":\"fr-FR\",\"@id\":\"https:\\\/\\\/www.bellunopress.it\\\/#\\\/schema\\\/logo\\\/image\\\/\",\"url\":\"https:\\\/\\\/www.bellunopress.it\\\/wp-content\\\/uploads\\\/2011\\\/05\\\/cropped-logo-bellunopress-.jpg\",\"contentUrl\":\"https:\\\/\\\/www.bellunopress.it\\\/wp-content\\\/uploads\\\/2011\\\/05\\\/cropped-logo-bellunopress-.jpg\",\"width\":512,\"height\":512,\"caption\":\"Bellunopress\"},\"image\":{\"@id\":\"https:\\\/\\\/www.bellunopress.it\\\/#\\\/schema\\\/logo\\\/image\\\/\"},\"sameAs\":[\"https:\\\/\\\/www.facebook.com\\\/profile.php?id=100008943462799\",\"https:\\\/\\\/x.com\\\/bellunopress\",\"https:\\\/\\\/www.linkedin.com\\\/hp\\\/?dnr=JBzUWaJfMUw8vbXJJ2tVW5-I3jZKvC4wsoxE&amp;amp;amp;amp;amp;amp;trk=nav_responsive_tab_home\",\"https:\\\/\\\/www.youtube.com\\\/channel\\\/UCxL0wu1uN0_3_7hGG0306cw\"]},{\"@type\":\"Person\",\"@id\":\"https:\\\/\\\/www.bellunopress.it\\\/#\\\/schema\\\/person\\\/79bb06722b37ece1c03d3e94beb30d73\",\"name\":\"redazione\",\"image\":{\"@type\":\"ImageObject\",\"inLanguage\":\"fr-FR\",\"@id\":\"https:\\\/\\\/secure.gravatar.com\\\/avatar\\\/37d968a2e67a6fd04c169c4bdef102d0bc5d31b2546345219e348575eb80e9a0?s=96&d=mm&r=g\",\"url\":\"https:\\\/\\\/secure.gravatar.com\\\/avatar\\\/37d968a2e67a6fd04c169c4bdef102d0bc5d31b2546345219e348575eb80e9a0?s=96&d=mm&r=g\",\"contentUrl\":\"https:\\\/\\\/secure.gravatar.com\\\/avatar\\\/37d968a2e67a6fd04c169c4bdef102d0bc5d31b2546345219e348575eb80e9a0?s=96&d=mm&r=g\",\"caption\":\"redazione\"},\"sameAs\":[\"http:\\\/\\\/www.bellunopress.it\",\"https:\\\/\\\/x.com\\\/bellunopress\"],\"url\":\"https:\\\/\\\/www.bellunopress.it\\\/fr\\\/author\\\/redazione\\\/\"}]}<\/script>\n<!-- \/ Yoast SEO plugin. -->","yoast_head_json":{"title":"Vite sospese. A Feltre nei fine settimana la mostra storico-documentale con la storia delle famiglie ebree  - Bellunopress - Dolomiti","robots":{"index":"index","follow":"follow","max-snippet":"max-snippet:-1","max-image-preview":"max-image-preview:large","max-video-preview":"max-video-preview:-1"},"canonical":"https:\/\/www.bellunopress.it\/fr\/2013\/01\/26\/vite-sospese-a-feltre-nei-fine-settimana-la-mostra-storico-documentale-con-la-storia-delle-famiglie-ebree\/","og_locale":"fr_FR","og_type":"article","og_title":"Vite sospese. A Feltre nei fine settimana la mostra storico-documentale con la storia delle famiglie ebree  - Bellunopress - Dolomiti","og_description":"In occasione della Giornata della memoria il Comune di Feltre, in\u00a0collaborazione con l&#8217;Associazione Nazionale Partigiani Italiani,\u00a0sezione di Feltre, l&#8217;Istituto Storico Bellunese della Resistenza e\u00a0dell&#8217;Et\u00e0 Contemporanea e l&#8217;Associazione Rete Scuola di Belluno, ha\u00a0allestito, nella Galleria Via Claudia Augusta di piazza Maggiore, una\u00a0mostra storico-documentale frutto di un progetto sostenuto dalla\u00a0Regione del Veneto e dall&#8217;A.N.P.I. e curato dall&#8217;ISBREC. [&hellip;]","og_url":"https:\/\/www.bellunopress.it\/fr\/2013\/01\/26\/vite-sospese-a-feltre-nei-fine-settimana-la-mostra-storico-documentale-con-la-storia-delle-famiglie-ebree\/","og_site_name":"Bellunopress - Dolomiti","article_publisher":"https:\/\/www.facebook.com\/profile.php?id=100008943462799","article_published_time":"2013-01-26T08:40:40+00:00","og_image":[{"url":"http:\/\/www.bellunopress.it\/wp-content\/uploads\/2010\/10\/feltre.jpg","type":"","width":"","height":""}],"author":"redazione","twitter_card":"summary_large_image","twitter_creator":"@bellunopress","twitter_site":"@bellunopress","twitter_misc":{"\u00c9crit par":"redazione","Dur\u00e9e de lecture estim\u00e9e":"1 minute"},"schema":{"@context":"https:\/\/schema.org","@graph":[{"@type":"Article","@id":"https:\/\/www.bellunopress.it\/2013\/01\/26\/vite-sospese-a-feltre-nei-fine-settimana-la-mostra-storico-documentale-con-la-storia-delle-famiglie-ebree\/#article","isPartOf":{"@id":"https:\/\/www.bellunopress.it\/2013\/01\/26\/vite-sospese-a-feltre-nei-fine-settimana-la-mostra-storico-documentale-con-la-storia-delle-famiglie-ebree\/"},"author":{"name":"redazione","@id":"https:\/\/www.bellunopress.it\/#\/schema\/person\/79bb06722b37ece1c03d3e94beb30d73"},"headline":"Vite sospese. A Feltre nei fine settimana la mostra storico-documentale con la storia delle famiglie ebree","datePublished":"2013-01-26T08:40:40+00:00","mainEntityOfPage":{"@id":"https:\/\/www.bellunopress.it\/2013\/01\/26\/vite-sospese-a-feltre-nei-fine-settimana-la-mostra-storico-documentale-con-la-storia-delle-famiglie-ebree\/"},"wordCount":188,"publisher":{"@id":"https:\/\/www.bellunopress.it\/#organization"},"image":{"@id":"https:\/\/www.bellunopress.it\/2013\/01\/26\/vite-sospese-a-feltre-nei-fine-settimana-la-mostra-storico-documentale-con-la-storia-delle-famiglie-ebree\/#primaryimage"},"thumbnailUrl":"http:\/\/www.bellunopress.it\/wp-content\/uploads\/2010\/10\/feltre.jpg","articleSection":["Appuntamenti, Eventi","Arte, Cultura, Spettacoli, Scienza","Prima Pagina"],"inLanguage":"fr-FR"},{"@type":"WebPage","@id":"https:\/\/www.bellunopress.it\/2013\/01\/26\/vite-sospese-a-feltre-nei-fine-settimana-la-mostra-storico-documentale-con-la-storia-delle-famiglie-ebree\/","url":"https:\/\/www.bellunopress.it\/2013\/01\/26\/vite-sospese-a-feltre-nei-fine-settimana-la-mostra-storico-documentale-con-la-storia-delle-famiglie-ebree\/","name":"Vite sospese. A Feltre nei fine settimana la mostra storico-documentale con la storia delle famiglie ebree - Bellunopress - Dolomiti","isPartOf":{"@id":"https:\/\/www.bellunopress.it\/#website"},"primaryImageOfPage":{"@id":"https:\/\/www.bellunopress.it\/2013\/01\/26\/vite-sospese-a-feltre-nei-fine-settimana-la-mostra-storico-documentale-con-la-storia-delle-famiglie-ebree\/#primaryimage"},"image":{"@id":"https:\/\/www.bellunopress.it\/2013\/01\/26\/vite-sospese-a-feltre-nei-fine-settimana-la-mostra-storico-documentale-con-la-storia-delle-famiglie-ebree\/#primaryimage"},"thumbnailUrl":"http:\/\/www.bellunopress.it\/wp-content\/uploads\/2010\/10\/feltre.jpg","datePublished":"2013-01-26T08:40:40+00:00","breadcrumb":{"@id":"https:\/\/www.bellunopress.it\/2013\/01\/26\/vite-sospese-a-feltre-nei-fine-settimana-la-mostra-storico-documentale-con-la-storia-delle-famiglie-ebree\/#breadcrumb"},"inLanguage":"fr-FR","potentialAction":[{"@type":"ReadAction","target":["https:\/\/www.bellunopress.it\/2013\/01\/26\/vite-sospese-a-feltre-nei-fine-settimana-la-mostra-storico-documentale-con-la-storia-delle-famiglie-ebree\/"]}]},{"@type":"ImageObject","inLanguage":"fr-FR","@id":"https:\/\/www.bellunopress.it\/2013\/01\/26\/vite-sospese-a-feltre-nei-fine-settimana-la-mostra-storico-documentale-con-la-storia-delle-famiglie-ebree\/#primaryimage","url":"http:\/\/www.bellunopress.it\/wp-content\/uploads\/2010\/10\/feltre.jpg","contentUrl":"http:\/\/www.bellunopress.it\/wp-content\/uploads\/2010\/10\/feltre.jpg"},{"@type":"BreadcrumbList","@id":"https:\/\/www.bellunopress.it\/2013\/01\/26\/vite-sospese-a-feltre-nei-fine-settimana-la-mostra-storico-documentale-con-la-storia-delle-famiglie-ebree\/#breadcrumb","itemListElement":[{"@type":"ListItem","position":1,"name":"Home","item":"https:\/\/www.bellunopress.it\/"},{"@type":"ListItem","position":2,"name":"Vite sospese. A Feltre nei fine settimana la mostra storico-documentale con la storia delle famiglie ebree"}]},{"@type":"WebSite","@id":"https:\/\/www.bellunopress.it\/#website","url":"https:\/\/www.bellunopress.it\/","name":"Bellunopress - Dolomiti","description":"e-mail: redazione@bellunopress.it","publisher":{"@id":"https:\/\/www.bellunopress.it\/#organization"},"potentialAction":[{"@type":"SearchAction","target":{"@type":"EntryPoint","urlTemplate":"https:\/\/www.bellunopress.it\/?s={search_term_string}"},"query-input":{"@type":"PropertyValueSpecification","valueRequired":true,"valueName":"search_term_string"}}],"inLanguage":"fr-FR"},{"@type":"Organization","@id":"https:\/\/www.bellunopress.it\/#organization","name":"Bellunopress","url":"https:\/\/www.bellunopress.it\/","logo":{"@type":"ImageObject","inLanguage":"fr-FR","@id":"https:\/\/www.bellunopress.it\/#\/schema\/logo\/image\/","url":"https:\/\/www.bellunopress.it\/wp-content\/uploads\/2011\/05\/cropped-logo-bellunopress-.jpg","contentUrl":"https:\/\/www.bellunopress.it\/wp-content\/uploads\/2011\/05\/cropped-logo-bellunopress-.jpg","width":512,"height":512,"caption":"Bellunopress"},"image":{"@id":"https:\/\/www.bellunopress.it\/#\/schema\/logo\/image\/"},"sameAs":["https:\/\/www.facebook.com\/profile.php?id=100008943462799","https:\/\/x.com\/bellunopress","https:\/\/www.linkedin.com\/hp\/?dnr=JBzUWaJfMUw8vbXJJ2tVW5-I3jZKvC4wsoxE&amp;amp;amp;amp;amp;amp;trk=nav_responsive_tab_home","https:\/\/www.youtube.com\/channel\/UCxL0wu1uN0_3_7hGG0306cw"]},{"@type":"Person","@id":"https:\/\/www.bellunopress.it\/#\/schema\/person\/79bb06722b37ece1c03d3e94beb30d73","name":"r\u00e9daction","image":{"@type":"ImageObject","inLanguage":"fr-FR","@id":"https:\/\/secure.gravatar.com\/avatar\/37d968a2e67a6fd04c169c4bdef102d0bc5d31b2546345219e348575eb80e9a0?s=96&d=mm&r=g","url":"https:\/\/secure.gravatar.com\/avatar\/37d968a2e67a6fd04c169c4bdef102d0bc5d31b2546345219e348575eb80e9a0?s=96&d=mm&r=g","contentUrl":"https:\/\/secure.gravatar.com\/avatar\/37d968a2e67a6fd04c169c4bdef102d0bc5d31b2546345219e348575eb80e9a0?s=96&d=mm&r=g","caption":"redazione"},"sameAs":["http:\/\/www.bellunopress.it","https:\/\/x.com\/bellunopress"],"url":"https:\/\/www.bellunopress.it\/fr\/author\/redazione\/"}]}},"_links":{"self":[{"href":"https:\/\/www.bellunopress.it\/fr\/wp-json\/wp\/v2\/posts\/46077","targetHints":{"allow":["GET"]}}],"collection":[{"href":"https:\/\/www.bellunopress.it\/fr\/wp-json\/wp\/v2\/posts"}],"about":[{"href":"https:\/\/www.bellunopress.it\/fr\/wp-json\/wp\/v2\/types\/post"}],"author":[{"embeddable":true,"href":"https:\/\/www.bellunopress.it\/fr\/wp-json\/wp\/v2\/users\/2"}],"replies":[{"embeddable":true,"href":"https:\/\/www.bellunopress.it\/fr\/wp-json\/wp\/v2\/comments?post=46077"}],"version-history":[{"count":1,"href":"https:\/\/www.bellunopress.it\/fr\/wp-json\/wp\/v2\/posts\/46077\/revisions"}],"predecessor-version":[{"id":46078,"href":"https:\/\/www.bellunopress.it\/fr\/wp-json\/wp\/v2\/posts\/46077\/revisions\/46078"}],"wp:attachment":[{"href":"https:\/\/www.bellunopress.it\/fr\/wp-json\/wp\/v2\/media?parent=46077"}],"wp:term":[{"taxonomy":"category","embeddable":true,"href":"https:\/\/www.bellunopress.it\/fr\/wp-json\/wp\/v2\/categories?post=46077"},{"taxonomy":"post_tag","embeddable":true,"href":"https:\/\/www.bellunopress.it\/fr\/wp-json\/wp\/v2\/tags?post=46077"}],"curies":[{"name":"wp","href":"https:\/\/api.w.org\/{rel}","templated":true}]}}