{"id":4606,"date":"2009-06-09T10:49:43","date_gmt":"2009-06-09T09:49:43","guid":{"rendered":"http:\/\/www.bellunopress.it\/?p=4606"},"modified":"2009-06-09T10:49:43","modified_gmt":"2009-06-09T09:49:43","slug":"domani-sera-i-sapori-di-caorle-alla-cusina-de-belun","status":"publish","type":"post","link":"https:\/\/www.bellunopress.it\/fr\/2009\/06\/09\/domani-sera-i-sapori-di-caorle-alla-cusina-de-belun\/","title":{"rendered":"Domani sera i sapori di Caorle alla Cusina de Belun"},"content":{"rendered":"<p>Dopo l&#8217;appuntamento di Caorle dello scorso 24 ottobre, quando alcuni ristoratori associati all&#8217;Ascom provinciale avevano proposto una cena a base di prodotti tradizionali bellunesi, sar\u00e0 Belluno ad ospitare il prossimo mercoled\u00ec 10 giugno gli chef di otto dei pi\u00f9 rinomati ristoranti di Caorle, tutti facenti parte del Gruppo della Ristorazione Tipica Caorlotta. Protagonista della serata sar\u00e0 il pesce dell&#8217;Adriatico e in particolare di Caorle, per un men\u00f9 che cercher\u00e0 di coniugare tradizione ed innovazione. Il piatto del gemellaggio sar\u00e0 il \u201cFiletto di branzino in crosta di patate con vellutata di fagioli di Lamon\u201d. Sar\u00e0 l&#8217;occasione anche per assaporare prodotti ittici particolari come i \u201cMoscardini\u201d, molluschi simili ai polipi, una variet\u00e0 tipica della zona Adriatica che va dal Piave al Tagliamento che il mondo della pesca e della ristorazione caorlotta intende difendere nella qualit\u00e0 di provenienza con l\u2019istituzione del marchio DOP (Denominazione di origine di provenienza). In cucina i cuochi dei ristoranti &#8220;Al Bateo&#8221;,\u00a0 &#8220;Da Buso&#8221;, &#8220;Da Nappa&#8221;, &#8220;La Ritrovata&#8221;, &#8220;Pic-Nic&#8221;, &#8220;Taverna Caorlina&#8221;, tutti di Caorle, il ristorante &#8220;Astro&#8221; di Porto S. Margherita di Caorle e la \u201cCasa del Gelato\u201d. L&#8217;appuntamento \u00e8 per le ore 20:00 presso il Ristorante &#8220;La Cusina de Belun&#8221; di Belluno.<\/p>","protected":false},"excerpt":{"rendered":"<p>Dopo l&#8217;appuntamento di Caorle dello scorso 24 ottobre, quando alcuni ristoratori associati all&#8217;Ascom provinciale avevano proposto una cena a base di prodotti tradizionali bellunesi, sar\u00e0 Belluno ad ospitare il prossimo mercoled\u00ec 10 giugno gli chef di otto dei pi\u00f9 rinomati ristoranti di Caorle, tutti facenti parte del Gruppo della Ristorazione Tipica Caorlotta. Protagonista della serata [&hellip;]<\/p>\n","protected":false},"author":2,"featured_media":0,"comment_status":"closed","ping_status":"open","sticky":false,"template":"","format":"standard","meta":{"footnotes":""},"categories":[25],"tags":[139],"class_list":["post-4606","post","type-post","status-publish","format-standard","category-pausa-caffe","tag-belluno"],"yoast_head":"<!-- This site is optimized with the Yoast SEO plugin v28.4 - https:\/\/yoast.com\/product\/yoast-seo-wordpress\/ -->\n<title>Domani sera i sapori di Caorle alla Cusina de Belun - Bellunopress - Dolomiti<\/title>\n<meta name=\"robots\" content=\"index, follow, max-snippet:-1, max-image-preview:large, max-video-preview:-1\" \/>\n<link rel=\"canonical\" href=\"https:\/\/www.bellunopress.it\/fr\/2009\/06\/09\/domani-sera-i-sapori-di-caorle-alla-cusina-de-belun\/\" \/>\n<meta property=\"og:locale\" content=\"fr_FR\" \/>\n<meta property=\"og:type\" content=\"article\" \/>\n<meta property=\"og:title\" content=\"Domani sera i sapori di Caorle alla Cusina de Belun - Bellunopress - Dolomiti\" \/>\n<meta property=\"og:description\" content=\"Dopo l&#8217;appuntamento di Caorle dello scorso 24 ottobre, quando alcuni ristoratori associati all&#8217;Ascom provinciale avevano proposto una cena a base di prodotti tradizionali bellunesi, sar\u00e0 Belluno ad ospitare il prossimo mercoled\u00ec 10 giugno gli chef di otto dei pi\u00f9 rinomati ristoranti di Caorle, tutti facenti parte del Gruppo della Ristorazione Tipica Caorlotta. Protagonista della serata [&hellip;]\" \/>\n<meta property=\"og:url\" content=\"https:\/\/www.bellunopress.it\/fr\/2009\/06\/09\/domani-sera-i-sapori-di-caorle-alla-cusina-de-belun\/\" \/>\n<meta property=\"og:site_name\" content=\"Bellunopress - Dolomiti\" \/>\n<meta property=\"article:publisher\" content=\"https:\/\/www.facebook.com\/profile.php?id=100008943462799\" \/>\n<meta property=\"article:published_time\" content=\"2009-06-09T09:49:43+00:00\" \/>\n<meta property=\"og:image\" content=\"http:\/\/www.bellunopress.it\/wp-content\/uploads\/2012\/07\/logo-bellunopress-250x250-2012.jpg\" \/>\n<meta name=\"author\" content=\"redazione\" \/>\n<meta name=\"twitter:card\" content=\"summary_large_image\" \/>\n<meta name=\"twitter:creator\" content=\"@bellunopress\" \/>\n<meta name=\"twitter:site\" content=\"@bellunopress\" \/>\n<meta name=\"twitter:label1\" content=\"Written by\" \/>\n\t<meta name=\"twitter:data1\" content=\"redazione\" \/>\n\t<meta name=\"twitter:label2\" content=\"Est. reading time\" \/>\n\t<meta name=\"twitter:data2\" content=\"1 minute\" \/>\n<script type=\"application\/ld+json\" class=\"yoast-schema-graph\">{\"@context\":\"https:\\\/\\\/schema.org\",\"@graph\":[{\"@type\":\"Article\",\"@id\":\"https:\\\/\\\/www.bellunopress.it\\\/2009\\\/06\\\/09\\\/domani-sera-i-sapori-di-caorle-alla-cusina-de-belun\\\/#article\",\"isPartOf\":{\"@id\":\"https:\\\/\\\/www.bellunopress.it\\\/2009\\\/06\\\/09\\\/domani-sera-i-sapori-di-caorle-alla-cusina-de-belun\\\/\"},\"author\":{\"name\":\"redazione\",\"@id\":\"https:\\\/\\\/www.bellunopress.it\\\/#\\\/schema\\\/person\\\/79bb06722b37ece1c03d3e94beb30d73\"},\"headline\":\"Domani sera i sapori di Caorle alla Cusina de Belun\",\"datePublished\":\"2009-06-09T09:49:43+00:00\",\"mainEntityOfPage\":{\"@id\":\"https:\\\/\\\/www.bellunopress.it\\\/2009\\\/06\\\/09\\\/domani-sera-i-sapori-di-caorle-alla-cusina-de-belun\\\/\"},\"wordCount\":206,\"publisher\":{\"@id\":\"https:\\\/\\\/www.bellunopress.it\\\/#organization\"},\"keywords\":[\"Belluno\"],\"articleSection\":[\"Pausa Caff\u00e8\"],\"inLanguage\":\"fr-FR\"},{\"@type\":\"WebPage\",\"@id\":\"https:\\\/\\\/www.bellunopress.it\\\/2009\\\/06\\\/09\\\/domani-sera-i-sapori-di-caorle-alla-cusina-de-belun\\\/\",\"url\":\"https:\\\/\\\/www.bellunopress.it\\\/2009\\\/06\\\/09\\\/domani-sera-i-sapori-di-caorle-alla-cusina-de-belun\\\/\",\"name\":\"Domani sera i sapori di Caorle alla Cusina de Belun - Bellunopress - Dolomiti\",\"isPartOf\":{\"@id\":\"https:\\\/\\\/www.bellunopress.it\\\/#website\"},\"datePublished\":\"2009-06-09T09:49:43+00:00\",\"breadcrumb\":{\"@id\":\"https:\\\/\\\/www.bellunopress.it\\\/2009\\\/06\\\/09\\\/domani-sera-i-sapori-di-caorle-alla-cusina-de-belun\\\/#breadcrumb\"},\"inLanguage\":\"fr-FR\",\"potentialAction\":[{\"@type\":\"ReadAction\",\"target\":[\"https:\\\/\\\/www.bellunopress.it\\\/2009\\\/06\\\/09\\\/domani-sera-i-sapori-di-caorle-alla-cusina-de-belun\\\/\"]}]},{\"@type\":\"BreadcrumbList\",\"@id\":\"https:\\\/\\\/www.bellunopress.it\\\/2009\\\/06\\\/09\\\/domani-sera-i-sapori-di-caorle-alla-cusina-de-belun\\\/#breadcrumb\",\"itemListElement\":[{\"@type\":\"ListItem\",\"position\":1,\"name\":\"Home\",\"item\":\"https:\\\/\\\/www.bellunopress.it\\\/\"},{\"@type\":\"ListItem\",\"position\":2,\"name\":\"Domani sera i sapori di Caorle alla Cusina de Belun\"}]},{\"@type\":\"WebSite\",\"@id\":\"https:\\\/\\\/www.bellunopress.it\\\/#website\",\"url\":\"https:\\\/\\\/www.bellunopress.it\\\/\",\"name\":\"Bellunopress - Dolomiti\",\"description\":\"e-mail: redazione@bellunopress.it\",\"publisher\":{\"@id\":\"https:\\\/\\\/www.bellunopress.it\\\/#organization\"},\"potentialAction\":[{\"@type\":\"SearchAction\",\"target\":{\"@type\":\"EntryPoint\",\"urlTemplate\":\"https:\\\/\\\/www.bellunopress.it\\\/?s={search_term_string}\"},\"query-input\":{\"@type\":\"PropertyValueSpecification\",\"valueRequired\":true,\"valueName\":\"search_term_string\"}}],\"inLanguage\":\"fr-FR\"},{\"@type\":\"Organization\",\"@id\":\"https:\\\/\\\/www.bellunopress.it\\\/#organization\",\"name\":\"Bellunopress\",\"url\":\"https:\\\/\\\/www.bellunopress.it\\\/\",\"logo\":{\"@type\":\"ImageObject\",\"inLanguage\":\"fr-FR\",\"@id\":\"https:\\\/\\\/www.bellunopress.it\\\/#\\\/schema\\\/logo\\\/image\\\/\",\"url\":\"https:\\\/\\\/www.bellunopress.it\\\/wp-content\\\/uploads\\\/2011\\\/05\\\/cropped-logo-bellunopress-.jpg\",\"contentUrl\":\"https:\\\/\\\/www.bellunopress.it\\\/wp-content\\\/uploads\\\/2011\\\/05\\\/cropped-logo-bellunopress-.jpg\",\"width\":512,\"height\":512,\"caption\":\"Bellunopress\"},\"image\":{\"@id\":\"https:\\\/\\\/www.bellunopress.it\\\/#\\\/schema\\\/logo\\\/image\\\/\"},\"sameAs\":[\"https:\\\/\\\/www.facebook.com\\\/profile.php?id=100008943462799\",\"https:\\\/\\\/x.com\\\/bellunopress\",\"https:\\\/\\\/www.linkedin.com\\\/hp\\\/?dnr=JBzUWaJfMUw8vbXJJ2tVW5-I3jZKvC4wsoxE&amp;amp;amp;amp;amp;amp;trk=nav_responsive_tab_home\",\"https:\\\/\\\/www.youtube.com\\\/channel\\\/UCxL0wu1uN0_3_7hGG0306cw\"]},{\"@type\":\"Person\",\"@id\":\"https:\\\/\\\/www.bellunopress.it\\\/#\\\/schema\\\/person\\\/79bb06722b37ece1c03d3e94beb30d73\",\"name\":\"redazione\",\"image\":{\"@type\":\"ImageObject\",\"inLanguage\":\"fr-FR\",\"@id\":\"https:\\\/\\\/secure.gravatar.com\\\/avatar\\\/37d968a2e67a6fd04c169c4bdef102d0bc5d31b2546345219e348575eb80e9a0?s=96&d=mm&r=g\",\"url\":\"https:\\\/\\\/secure.gravatar.com\\\/avatar\\\/37d968a2e67a6fd04c169c4bdef102d0bc5d31b2546345219e348575eb80e9a0?s=96&d=mm&r=g\",\"contentUrl\":\"https:\\\/\\\/secure.gravatar.com\\\/avatar\\\/37d968a2e67a6fd04c169c4bdef102d0bc5d31b2546345219e348575eb80e9a0?s=96&d=mm&r=g\",\"caption\":\"redazione\"},\"sameAs\":[\"http:\\\/\\\/www.bellunopress.it\",\"https:\\\/\\\/x.com\\\/bellunopress\"],\"url\":\"https:\\\/\\\/www.bellunopress.it\\\/fr\\\/author\\\/redazione\\\/\"}]}<\/script>\n<!-- \/ Yoast SEO plugin. -->","yoast_head_json":{"title":"Domani sera i sapori di Caorle alla Cusina de Belun - Bellunopress - Dolomiti","robots":{"index":"index","follow":"follow","max-snippet":"max-snippet:-1","max-image-preview":"max-image-preview:large","max-video-preview":"max-video-preview:-1"},"canonical":"https:\/\/www.bellunopress.it\/fr\/2009\/06\/09\/domani-sera-i-sapori-di-caorle-alla-cusina-de-belun\/","og_locale":"fr_FR","og_type":"article","og_title":"Domani sera i sapori di Caorle alla Cusina de Belun - Bellunopress - Dolomiti","og_description":"Dopo l&#8217;appuntamento di Caorle dello scorso 24 ottobre, quando alcuni ristoratori associati all&#8217;Ascom provinciale avevano proposto una cena a base di prodotti tradizionali bellunesi, sar\u00e0 Belluno ad ospitare il prossimo mercoled\u00ec 10 giugno gli chef di otto dei pi\u00f9 rinomati ristoranti di Caorle, tutti facenti parte del Gruppo della Ristorazione Tipica Caorlotta. Protagonista della serata [&hellip;]","og_url":"https:\/\/www.bellunopress.it\/fr\/2009\/06\/09\/domani-sera-i-sapori-di-caorle-alla-cusina-de-belun\/","og_site_name":"Bellunopress - Dolomiti","article_publisher":"https:\/\/www.facebook.com\/profile.php?id=100008943462799","article_published_time":"2009-06-09T09:49:43+00:00","og_image":[{"url":"http:\/\/www.bellunopress.it\/wp-content\/uploads\/2012\/07\/logo-bellunopress-250x250-2012.jpg","type":"","width":"","height":""}],"author":"redazione","twitter_card":"summary_large_image","twitter_creator":"@bellunopress","twitter_site":"@bellunopress","twitter_misc":{"Written by":"redazione","Est. reading time":"1 minute"},"schema":{"@context":"https:\/\/schema.org","@graph":[{"@type":"Article","@id":"https:\/\/www.bellunopress.it\/2009\/06\/09\/domani-sera-i-sapori-di-caorle-alla-cusina-de-belun\/#article","isPartOf":{"@id":"https:\/\/www.bellunopress.it\/2009\/06\/09\/domani-sera-i-sapori-di-caorle-alla-cusina-de-belun\/"},"author":{"name":"redazione","@id":"https:\/\/www.bellunopress.it\/#\/schema\/person\/79bb06722b37ece1c03d3e94beb30d73"},"headline":"Domani sera i sapori di Caorle alla Cusina de Belun","datePublished":"2009-06-09T09:49:43+00:00","mainEntityOfPage":{"@id":"https:\/\/www.bellunopress.it\/2009\/06\/09\/domani-sera-i-sapori-di-caorle-alla-cusina-de-belun\/"},"wordCount":206,"publisher":{"@id":"https:\/\/www.bellunopress.it\/#organization"},"keywords":["Belluno"],"articleSection":["Pausa Caff\u00e8"],"inLanguage":"fr-FR"},{"@type":"WebPage","@id":"https:\/\/www.bellunopress.it\/2009\/06\/09\/domani-sera-i-sapori-di-caorle-alla-cusina-de-belun\/","url":"https:\/\/www.bellunopress.it\/2009\/06\/09\/domani-sera-i-sapori-di-caorle-alla-cusina-de-belun\/","name":"Domani sera i sapori di Caorle alla Cusina de Belun - Bellunopress - Dolomiti","isPartOf":{"@id":"https:\/\/www.bellunopress.it\/#website"},"datePublished":"2009-06-09T09:49:43+00:00","breadcrumb":{"@id":"https:\/\/www.bellunopress.it\/2009\/06\/09\/domani-sera-i-sapori-di-caorle-alla-cusina-de-belun\/#breadcrumb"},"inLanguage":"fr-FR","potentialAction":[{"@type":"ReadAction","target":["https:\/\/www.bellunopress.it\/2009\/06\/09\/domani-sera-i-sapori-di-caorle-alla-cusina-de-belun\/"]}]},{"@type":"BreadcrumbList","@id":"https:\/\/www.bellunopress.it\/2009\/06\/09\/domani-sera-i-sapori-di-caorle-alla-cusina-de-belun\/#breadcrumb","itemListElement":[{"@type":"ListItem","position":1,"name":"Home","item":"https:\/\/www.bellunopress.it\/"},{"@type":"ListItem","position":2,"name":"Domani sera i sapori di Caorle alla Cusina de Belun"}]},{"@type":"WebSite","@id":"https:\/\/www.bellunopress.it\/#website","url":"https:\/\/www.bellunopress.it\/","name":"Bellunopress - Dolomiti","description":"e-mail: redazione@bellunopress.it","publisher":{"@id":"https:\/\/www.bellunopress.it\/#organization"},"potentialAction":[{"@type":"SearchAction","target":{"@type":"EntryPoint","urlTemplate":"https:\/\/www.bellunopress.it\/?s={search_term_string}"},"query-input":{"@type":"PropertyValueSpecification","valueRequired":true,"valueName":"search_term_string"}}],"inLanguage":"fr-FR"},{"@type":"Organization","@id":"https:\/\/www.bellunopress.it\/#organization","name":"Bellunopress","url":"https:\/\/www.bellunopress.it\/","logo":{"@type":"ImageObject","inLanguage":"fr-FR","@id":"https:\/\/www.bellunopress.it\/#\/schema\/logo\/image\/","url":"https:\/\/www.bellunopress.it\/wp-content\/uploads\/2011\/05\/cropped-logo-bellunopress-.jpg","contentUrl":"https:\/\/www.bellunopress.it\/wp-content\/uploads\/2011\/05\/cropped-logo-bellunopress-.jpg","width":512,"height":512,"caption":"Bellunopress"},"image":{"@id":"https:\/\/www.bellunopress.it\/#\/schema\/logo\/image\/"},"sameAs":["https:\/\/www.facebook.com\/profile.php?id=100008943462799","https:\/\/x.com\/bellunopress","https:\/\/www.linkedin.com\/hp\/?dnr=JBzUWaJfMUw8vbXJJ2tVW5-I3jZKvC4wsoxE&amp;amp;amp;amp;amp;amp;trk=nav_responsive_tab_home","https:\/\/www.youtube.com\/channel\/UCxL0wu1uN0_3_7hGG0306cw"]},{"@type":"Person","@id":"https:\/\/www.bellunopress.it\/#\/schema\/person\/79bb06722b37ece1c03d3e94beb30d73","name":"r\u00e9daction","image":{"@type":"ImageObject","inLanguage":"fr-FR","@id":"https:\/\/secure.gravatar.com\/avatar\/37d968a2e67a6fd04c169c4bdef102d0bc5d31b2546345219e348575eb80e9a0?s=96&d=mm&r=g","url":"https:\/\/secure.gravatar.com\/avatar\/37d968a2e67a6fd04c169c4bdef102d0bc5d31b2546345219e348575eb80e9a0?s=96&d=mm&r=g","contentUrl":"https:\/\/secure.gravatar.com\/avatar\/37d968a2e67a6fd04c169c4bdef102d0bc5d31b2546345219e348575eb80e9a0?s=96&d=mm&r=g","caption":"redazione"},"sameAs":["http:\/\/www.bellunopress.it","https:\/\/x.com\/bellunopress"],"url":"https:\/\/www.bellunopress.it\/fr\/author\/redazione\/"}]}},"_links":{"self":[{"href":"https:\/\/www.bellunopress.it\/fr\/wp-json\/wp\/v2\/posts\/4606","targetHints":{"allow":["GET"]}}],"collection":[{"href":"https:\/\/www.bellunopress.it\/fr\/wp-json\/wp\/v2\/posts"}],"about":[{"href":"https:\/\/www.bellunopress.it\/fr\/wp-json\/wp\/v2\/types\/post"}],"author":[{"embeddable":true,"href":"https:\/\/www.bellunopress.it\/fr\/wp-json\/wp\/v2\/users\/2"}],"replies":[{"embeddable":true,"href":"https:\/\/www.bellunopress.it\/fr\/wp-json\/wp\/v2\/comments?post=4606"}],"version-history":[{"count":1,"href":"https:\/\/www.bellunopress.it\/fr\/wp-json\/wp\/v2\/posts\/4606\/revisions"}],"predecessor-version":[{"id":4607,"href":"https:\/\/www.bellunopress.it\/fr\/wp-json\/wp\/v2\/posts\/4606\/revisions\/4607"}],"wp:attachment":[{"href":"https:\/\/www.bellunopress.it\/fr\/wp-json\/wp\/v2\/media?parent=4606"}],"wp:term":[{"taxonomy":"category","embeddable":true,"href":"https:\/\/www.bellunopress.it\/fr\/wp-json\/wp\/v2\/categories?post=4606"},{"taxonomy":"post_tag","embeddable":true,"href":"https:\/\/www.bellunopress.it\/fr\/wp-json\/wp\/v2\/tags?post=4606"}],"curies":[{"name":"wp","href":"https:\/\/api.w.org\/{rel}","templated":true}]}}