{"id":4604,"date":"2009-06-09T10:44:58","date_gmt":"2009-06-09T09:44:58","guid":{"rendered":"http:\/\/www.bellunopress.it\/?p=4604"},"modified":"2009-06-09T10:44:58","modified_gmt":"2009-06-09T09:44:58","slug":"estate-al-centro-giovani-di-feltre-riapre-dal-7-luglio","status":"publish","type":"post","link":"https:\/\/www.bellunopress.it\/fr\/2009\/06\/09\/estate-al-centro-giovani-di-feltre-riapre-dal-7-luglio\/","title":{"rendered":"Estate al Centro giovani di Feltre riapre dal 7 luglio"},"content":{"rendered":"<p>A partire dal 7 luglio, riprenderanno anche quest\u2019anno i laboratori e le attivit\u00e0 di \u201cEstate al Centro Giovani\u201d, promosse dal Comune di Feltre e destinate a ragazze e ragazzi dagli 11 ai 15 anni. I corsi specifici che saranno attivati nella sede di Via Dolci, 3, con un minimo di 10 iscritti ed un massimo di 18, saranno: Laboratorio di graffito con Giovanni Sogne (24, 27, 29 e 31 luglio e 3, 5 e 7 agosto, dalle ore 14.30 alle ore 17.30); Impariamo a sbandierare (\u2026 e a battere sui tamburi!) con il Gruppo sbandieratori Citt\u00e0 di Feltre (17, 19, 21, 24, 26, 28 agosto, dalle ore 16.00 alle 17.30); Orienteering con l\u2019Associazione Monte Pavione (24, 25 e 31 agosto e 1\u00b0 settembre, dalle ore 9.00 alle 12.00); Corso di giocoleria con Fabio dell\u2019Associazione Improvvirus (7, 14, 21 e 28 luglio, 4, 11 e 18 agosto, dalle ore 10.00 alle ore 11.30) e Divertiamoci con i Giochi di Ruolo! a cura dell\u2019Associazione LiT di Feltre (8, 10, 15, 17 e 22 luglio, dalle ore 15.30 alle ore 18.00). Inoltre, i giovani sono invitati a formare una squadra con i propri amici per partecipare ai tornei di basket, calcio balilla, pallavolo e ping pong che saranno organizzati. Per partecipare alle attivit\u00e0 \u00e8 necessario iscriversi entro il 3 luglio al Centro Giovani, aperto nelle mattine di luned\u00ec e marted\u00ec dalle 9 alle 13 e nei pomeriggi dal luned\u00ec al sabato dalle 14.00 alle 18.30. I recapiti sono: telefono 0439\/885361 o 0439\/305187; email: <a href=\"mailto:centrogiovani@comune.feltre.bl.it\">centrogiovani@comune.feltre.bl.it<\/a>. La quota di partecipazione, ove prevista, che non \u00e8 rimborsabile. Verr\u00e0 data la precedenza ai residenti del Comune di Feltre.<\/p>","protected":false},"excerpt":{"rendered":"<p>A partire dal 7 luglio, riprenderanno anche quest\u2019anno i laboratori e le attivit\u00e0 di \u201cEstate al Centro Giovani\u201d, promosse dal Comune di Feltre e destinate a ragazze e ragazzi dagli 11 ai 15 anni. I corsi specifici che saranno attivati nella sede di Via Dolci, 3, con un minimo di 10 iscritti ed un massimo [&hellip;]<\/p>\n","protected":false},"author":2,"featured_media":0,"comment_status":"closed","ping_status":"open","sticky":false,"template":"","format":"standard","meta":{"footnotes":""},"categories":[25],"tags":[302],"class_list":["post-4604","post","type-post","status-publish","format-standard","category-pausa-caffe","tag-feltre"],"yoast_head":"<!-- This site is optimized with the Yoast SEO plugin v28.4 - https:\/\/yoast.com\/product\/yoast-seo-wordpress\/ -->\n<title>Estate al Centro giovani di Feltre riapre dal 7 luglio - Bellunopress - Dolomiti<\/title>\n<meta name=\"robots\" content=\"index, follow, max-snippet:-1, max-image-preview:large, max-video-preview:-1\" \/>\n<link rel=\"canonical\" href=\"https:\/\/www.bellunopress.it\/fr\/2009\/06\/09\/estate-al-centro-giovani-di-feltre-riapre-dal-7-luglio\/\" \/>\n<meta property=\"og:locale\" content=\"fr_FR\" \/>\n<meta property=\"og:type\" content=\"article\" \/>\n<meta property=\"og:title\" content=\"Estate al Centro giovani di Feltre riapre dal 7 luglio - Bellunopress - Dolomiti\" \/>\n<meta property=\"og:description\" content=\"A partire dal 7 luglio, riprenderanno anche quest\u2019anno i laboratori e le attivit\u00e0 di \u201cEstate al Centro Giovani\u201d, promosse dal Comune di Feltre e destinate a ragazze e ragazzi dagli 11 ai 15 anni. I corsi specifici che saranno attivati nella sede di Via Dolci, 3, con un minimo di 10 iscritti ed un massimo [&hellip;]\" \/>\n<meta property=\"og:url\" content=\"https:\/\/www.bellunopress.it\/fr\/2009\/06\/09\/estate-al-centro-giovani-di-feltre-riapre-dal-7-luglio\/\" \/>\n<meta property=\"og:site_name\" content=\"Bellunopress - Dolomiti\" \/>\n<meta property=\"article:publisher\" content=\"https:\/\/www.facebook.com\/profile.php?id=100008943462799\" \/>\n<meta property=\"article:published_time\" content=\"2009-06-09T09:44:58+00:00\" \/>\n<meta property=\"og:image\" content=\"http:\/\/www.bellunopress.it\/wp-content\/uploads\/2012\/07\/logo-bellunopress-250x250-2012.jpg\" \/>\n<meta name=\"author\" content=\"redazione\" \/>\n<meta name=\"twitter:card\" content=\"summary_large_image\" \/>\n<meta name=\"twitter:creator\" content=\"@bellunopress\" \/>\n<meta name=\"twitter:site\" content=\"@bellunopress\" \/>\n<meta name=\"twitter:label1\" content=\"\u00c9crit par\" \/>\n\t<meta name=\"twitter:data1\" content=\"redazione\" \/>\n\t<meta name=\"twitter:label2\" content=\"Dur\u00e9e de lecture estim\u00e9e\" \/>\n\t<meta name=\"twitter:data2\" content=\"1 minute\" \/>\n<script type=\"application\/ld+json\" class=\"yoast-schema-graph\">{\"@context\":\"https:\\\/\\\/schema.org\",\"@graph\":[{\"@type\":\"Article\",\"@id\":\"https:\\\/\\\/www.bellunopress.it\\\/2009\\\/06\\\/09\\\/estate-al-centro-giovani-di-feltre-riapre-dal-7-luglio\\\/#article\",\"isPartOf\":{\"@id\":\"https:\\\/\\\/www.bellunopress.it\\\/2009\\\/06\\\/09\\\/estate-al-centro-giovani-di-feltre-riapre-dal-7-luglio\\\/\"},\"author\":{\"name\":\"redazione\",\"@id\":\"https:\\\/\\\/www.bellunopress.it\\\/#\\\/schema\\\/person\\\/79bb06722b37ece1c03d3e94beb30d73\"},\"headline\":\"Estate al Centro giovani di Feltre riapre dal 7 luglio\",\"datePublished\":\"2009-06-09T09:44:58+00:00\",\"mainEntityOfPage\":{\"@id\":\"https:\\\/\\\/www.bellunopress.it\\\/2009\\\/06\\\/09\\\/estate-al-centro-giovani-di-feltre-riapre-dal-7-luglio\\\/\"},\"wordCount\":233,\"publisher\":{\"@id\":\"https:\\\/\\\/www.bellunopress.it\\\/#organization\"},\"keywords\":[\"Feltre\"],\"articleSection\":[\"Pausa Caff\u00e8\"],\"inLanguage\":\"fr-FR\"},{\"@type\":\"WebPage\",\"@id\":\"https:\\\/\\\/www.bellunopress.it\\\/2009\\\/06\\\/09\\\/estate-al-centro-giovani-di-feltre-riapre-dal-7-luglio\\\/\",\"url\":\"https:\\\/\\\/www.bellunopress.it\\\/2009\\\/06\\\/09\\\/estate-al-centro-giovani-di-feltre-riapre-dal-7-luglio\\\/\",\"name\":\"Estate al Centro giovani di Feltre riapre dal 7 luglio - Bellunopress - Dolomiti\",\"isPartOf\":{\"@id\":\"https:\\\/\\\/www.bellunopress.it\\\/#website\"},\"datePublished\":\"2009-06-09T09:44:58+00:00\",\"breadcrumb\":{\"@id\":\"https:\\\/\\\/www.bellunopress.it\\\/2009\\\/06\\\/09\\\/estate-al-centro-giovani-di-feltre-riapre-dal-7-luglio\\\/#breadcrumb\"},\"inLanguage\":\"fr-FR\",\"potentialAction\":[{\"@type\":\"ReadAction\",\"target\":[\"https:\\\/\\\/www.bellunopress.it\\\/2009\\\/06\\\/09\\\/estate-al-centro-giovani-di-feltre-riapre-dal-7-luglio\\\/\"]}]},{\"@type\":\"BreadcrumbList\",\"@id\":\"https:\\\/\\\/www.bellunopress.it\\\/2009\\\/06\\\/09\\\/estate-al-centro-giovani-di-feltre-riapre-dal-7-luglio\\\/#breadcrumb\",\"itemListElement\":[{\"@type\":\"ListItem\",\"position\":1,\"name\":\"Home\",\"item\":\"https:\\\/\\\/www.bellunopress.it\\\/\"},{\"@type\":\"ListItem\",\"position\":2,\"name\":\"Estate al Centro giovani di Feltre riapre dal 7 luglio\"}]},{\"@type\":\"WebSite\",\"@id\":\"https:\\\/\\\/www.bellunopress.it\\\/#website\",\"url\":\"https:\\\/\\\/www.bellunopress.it\\\/\",\"name\":\"Bellunopress - Dolomiti\",\"description\":\"e-mail: redazione@bellunopress.it\",\"publisher\":{\"@id\":\"https:\\\/\\\/www.bellunopress.it\\\/#organization\"},\"potentialAction\":[{\"@type\":\"SearchAction\",\"target\":{\"@type\":\"EntryPoint\",\"urlTemplate\":\"https:\\\/\\\/www.bellunopress.it\\\/?s={search_term_string}\"},\"query-input\":{\"@type\":\"PropertyValueSpecification\",\"valueRequired\":true,\"valueName\":\"search_term_string\"}}],\"inLanguage\":\"fr-FR\"},{\"@type\":\"Organization\",\"@id\":\"https:\\\/\\\/www.bellunopress.it\\\/#organization\",\"name\":\"Bellunopress\",\"url\":\"https:\\\/\\\/www.bellunopress.it\\\/\",\"logo\":{\"@type\":\"ImageObject\",\"inLanguage\":\"fr-FR\",\"@id\":\"https:\\\/\\\/www.bellunopress.it\\\/#\\\/schema\\\/logo\\\/image\\\/\",\"url\":\"https:\\\/\\\/www.bellunopress.it\\\/wp-content\\\/uploads\\\/2011\\\/05\\\/cropped-logo-bellunopress-.jpg\",\"contentUrl\":\"https:\\\/\\\/www.bellunopress.it\\\/wp-content\\\/uploads\\\/2011\\\/05\\\/cropped-logo-bellunopress-.jpg\",\"width\":512,\"height\":512,\"caption\":\"Bellunopress\"},\"image\":{\"@id\":\"https:\\\/\\\/www.bellunopress.it\\\/#\\\/schema\\\/logo\\\/image\\\/\"},\"sameAs\":[\"https:\\\/\\\/www.facebook.com\\\/profile.php?id=100008943462799\",\"https:\\\/\\\/x.com\\\/bellunopress\",\"https:\\\/\\\/www.linkedin.com\\\/hp\\\/?dnr=JBzUWaJfMUw8vbXJJ2tVW5-I3jZKvC4wsoxE&amp;amp;amp;amp;amp;amp;trk=nav_responsive_tab_home\",\"https:\\\/\\\/www.youtube.com\\\/channel\\\/UCxL0wu1uN0_3_7hGG0306cw\"]},{\"@type\":\"Person\",\"@id\":\"https:\\\/\\\/www.bellunopress.it\\\/#\\\/schema\\\/person\\\/79bb06722b37ece1c03d3e94beb30d73\",\"name\":\"redazione\",\"image\":{\"@type\":\"ImageObject\",\"inLanguage\":\"fr-FR\",\"@id\":\"https:\\\/\\\/secure.gravatar.com\\\/avatar\\\/37d968a2e67a6fd04c169c4bdef102d0bc5d31b2546345219e348575eb80e9a0?s=96&d=mm&r=g\",\"url\":\"https:\\\/\\\/secure.gravatar.com\\\/avatar\\\/37d968a2e67a6fd04c169c4bdef102d0bc5d31b2546345219e348575eb80e9a0?s=96&d=mm&r=g\",\"contentUrl\":\"https:\\\/\\\/secure.gravatar.com\\\/avatar\\\/37d968a2e67a6fd04c169c4bdef102d0bc5d31b2546345219e348575eb80e9a0?s=96&d=mm&r=g\",\"caption\":\"redazione\"},\"sameAs\":[\"http:\\\/\\\/www.bellunopress.it\",\"https:\\\/\\\/x.com\\\/bellunopress\"],\"url\":\"https:\\\/\\\/www.bellunopress.it\\\/fr\\\/author\\\/redazione\\\/\"}]}<\/script>\n<!-- \/ Yoast SEO plugin. -->","yoast_head_json":{"title":"Estate al Centro giovani di Feltre riapre dal 7 luglio - Bellunopress - Dolomiti","robots":{"index":"index","follow":"follow","max-snippet":"max-snippet:-1","max-image-preview":"max-image-preview:large","max-video-preview":"max-video-preview:-1"},"canonical":"https:\/\/www.bellunopress.it\/fr\/2009\/06\/09\/estate-al-centro-giovani-di-feltre-riapre-dal-7-luglio\/","og_locale":"fr_FR","og_type":"article","og_title":"Estate al Centro giovani di Feltre riapre dal 7 luglio - Bellunopress - Dolomiti","og_description":"A partire dal 7 luglio, riprenderanno anche quest\u2019anno i laboratori e le attivit\u00e0 di \u201cEstate al Centro Giovani\u201d, promosse dal Comune di Feltre e destinate a ragazze e ragazzi dagli 11 ai 15 anni. I corsi specifici che saranno attivati nella sede di Via Dolci, 3, con un minimo di 10 iscritti ed un massimo [&hellip;]","og_url":"https:\/\/www.bellunopress.it\/fr\/2009\/06\/09\/estate-al-centro-giovani-di-feltre-riapre-dal-7-luglio\/","og_site_name":"Bellunopress - Dolomiti","article_publisher":"https:\/\/www.facebook.com\/profile.php?id=100008943462799","article_published_time":"2009-06-09T09:44:58+00:00","og_image":[{"url":"http:\/\/www.bellunopress.it\/wp-content\/uploads\/2012\/07\/logo-bellunopress-250x250-2012.jpg","type":"","width":"","height":""}],"author":"redazione","twitter_card":"summary_large_image","twitter_creator":"@bellunopress","twitter_site":"@bellunopress","twitter_misc":{"\u00c9crit par":"redazione","Dur\u00e9e de lecture estim\u00e9e":"1 minute"},"schema":{"@context":"https:\/\/schema.org","@graph":[{"@type":"Article","@id":"https:\/\/www.bellunopress.it\/2009\/06\/09\/estate-al-centro-giovani-di-feltre-riapre-dal-7-luglio\/#article","isPartOf":{"@id":"https:\/\/www.bellunopress.it\/2009\/06\/09\/estate-al-centro-giovani-di-feltre-riapre-dal-7-luglio\/"},"author":{"name":"redazione","@id":"https:\/\/www.bellunopress.it\/#\/schema\/person\/79bb06722b37ece1c03d3e94beb30d73"},"headline":"Estate al Centro giovani di Feltre riapre dal 7 luglio","datePublished":"2009-06-09T09:44:58+00:00","mainEntityOfPage":{"@id":"https:\/\/www.bellunopress.it\/2009\/06\/09\/estate-al-centro-giovani-di-feltre-riapre-dal-7-luglio\/"},"wordCount":233,"publisher":{"@id":"https:\/\/www.bellunopress.it\/#organization"},"keywords":["Feltre"],"articleSection":["Pausa Caff\u00e8"],"inLanguage":"fr-FR"},{"@type":"WebPage","@id":"https:\/\/www.bellunopress.it\/2009\/06\/09\/estate-al-centro-giovani-di-feltre-riapre-dal-7-luglio\/","url":"https:\/\/www.bellunopress.it\/2009\/06\/09\/estate-al-centro-giovani-di-feltre-riapre-dal-7-luglio\/","name":"Estate al Centro giovani di Feltre riapre dal 7 luglio - Bellunopress - Dolomiti","isPartOf":{"@id":"https:\/\/www.bellunopress.it\/#website"},"datePublished":"2009-06-09T09:44:58+00:00","breadcrumb":{"@id":"https:\/\/www.bellunopress.it\/2009\/06\/09\/estate-al-centro-giovani-di-feltre-riapre-dal-7-luglio\/#breadcrumb"},"inLanguage":"fr-FR","potentialAction":[{"@type":"ReadAction","target":["https:\/\/www.bellunopress.it\/2009\/06\/09\/estate-al-centro-giovani-di-feltre-riapre-dal-7-luglio\/"]}]},{"@type":"BreadcrumbList","@id":"https:\/\/www.bellunopress.it\/2009\/06\/09\/estate-al-centro-giovani-di-feltre-riapre-dal-7-luglio\/#breadcrumb","itemListElement":[{"@type":"ListItem","position":1,"name":"Home","item":"https:\/\/www.bellunopress.it\/"},{"@type":"ListItem","position":2,"name":"Estate al Centro giovani di Feltre riapre dal 7 luglio"}]},{"@type":"WebSite","@id":"https:\/\/www.bellunopress.it\/#website","url":"https:\/\/www.bellunopress.it\/","name":"Bellunopress - Dolomiti","description":"e-mail: redazione@bellunopress.it","publisher":{"@id":"https:\/\/www.bellunopress.it\/#organization"},"potentialAction":[{"@type":"SearchAction","target":{"@type":"EntryPoint","urlTemplate":"https:\/\/www.bellunopress.it\/?s={search_term_string}"},"query-input":{"@type":"PropertyValueSpecification","valueRequired":true,"valueName":"search_term_string"}}],"inLanguage":"fr-FR"},{"@type":"Organization","@id":"https:\/\/www.bellunopress.it\/#organization","name":"Bellunopress","url":"https:\/\/www.bellunopress.it\/","logo":{"@type":"ImageObject","inLanguage":"fr-FR","@id":"https:\/\/www.bellunopress.it\/#\/schema\/logo\/image\/","url":"https:\/\/www.bellunopress.it\/wp-content\/uploads\/2011\/05\/cropped-logo-bellunopress-.jpg","contentUrl":"https:\/\/www.bellunopress.it\/wp-content\/uploads\/2011\/05\/cropped-logo-bellunopress-.jpg","width":512,"height":512,"caption":"Bellunopress"},"image":{"@id":"https:\/\/www.bellunopress.it\/#\/schema\/logo\/image\/"},"sameAs":["https:\/\/www.facebook.com\/profile.php?id=100008943462799","https:\/\/x.com\/bellunopress","https:\/\/www.linkedin.com\/hp\/?dnr=JBzUWaJfMUw8vbXJJ2tVW5-I3jZKvC4wsoxE&amp;amp;amp;amp;amp;amp;trk=nav_responsive_tab_home","https:\/\/www.youtube.com\/channel\/UCxL0wu1uN0_3_7hGG0306cw"]},{"@type":"Person","@id":"https:\/\/www.bellunopress.it\/#\/schema\/person\/79bb06722b37ece1c03d3e94beb30d73","name":"r\u00e9daction","image":{"@type":"ImageObject","inLanguage":"fr-FR","@id":"https:\/\/secure.gravatar.com\/avatar\/37d968a2e67a6fd04c169c4bdef102d0bc5d31b2546345219e348575eb80e9a0?s=96&d=mm&r=g","url":"https:\/\/secure.gravatar.com\/avatar\/37d968a2e67a6fd04c169c4bdef102d0bc5d31b2546345219e348575eb80e9a0?s=96&d=mm&r=g","contentUrl":"https:\/\/secure.gravatar.com\/avatar\/37d968a2e67a6fd04c169c4bdef102d0bc5d31b2546345219e348575eb80e9a0?s=96&d=mm&r=g","caption":"redazione"},"sameAs":["http:\/\/www.bellunopress.it","https:\/\/x.com\/bellunopress"],"url":"https:\/\/www.bellunopress.it\/fr\/author\/redazione\/"}]}},"_links":{"self":[{"href":"https:\/\/www.bellunopress.it\/fr\/wp-json\/wp\/v2\/posts\/4604","targetHints":{"allow":["GET"]}}],"collection":[{"href":"https:\/\/www.bellunopress.it\/fr\/wp-json\/wp\/v2\/posts"}],"about":[{"href":"https:\/\/www.bellunopress.it\/fr\/wp-json\/wp\/v2\/types\/post"}],"author":[{"embeddable":true,"href":"https:\/\/www.bellunopress.it\/fr\/wp-json\/wp\/v2\/users\/2"}],"replies":[{"embeddable":true,"href":"https:\/\/www.bellunopress.it\/fr\/wp-json\/wp\/v2\/comments?post=4604"}],"version-history":[{"count":1,"href":"https:\/\/www.bellunopress.it\/fr\/wp-json\/wp\/v2\/posts\/4604\/revisions"}],"predecessor-version":[{"id":4605,"href":"https:\/\/www.bellunopress.it\/fr\/wp-json\/wp\/v2\/posts\/4604\/revisions\/4605"}],"wp:attachment":[{"href":"https:\/\/www.bellunopress.it\/fr\/wp-json\/wp\/v2\/media?parent=4604"}],"wp:term":[{"taxonomy":"category","embeddable":true,"href":"https:\/\/www.bellunopress.it\/fr\/wp-json\/wp\/v2\/categories?post=4604"},{"taxonomy":"post_tag","embeddable":true,"href":"https:\/\/www.bellunopress.it\/fr\/wp-json\/wp\/v2\/tags?post=4604"}],"curies":[{"name":"wp","href":"https:\/\/api.w.org\/{rel}","templated":true}]}}