{"id":4603,"date":"2009-06-10T11:26:59","date_gmt":"2009-06-10T10:26:59","guid":{"rendered":"http:\/\/www.bellunopress.it\/?p=4603"},"modified":"2009-06-10T17:49:18","modified_gmt":"2009-06-10T16:49:18","slug":"bottacin-si-aggiudica-il-primo-round-nelle-provinciali-ma-reolon-e-ottimista-ce-la-faremo-si-torna-alle-urne-il-21-giugno","status":"publish","type":"post","link":"https:\/\/www.bellunopress.it\/fr\/2009\/06\/10\/bottacin-si-aggiudica-il-primo-round-nelle-provinciali-ma-reolon-e-ottimista-ce-la-faremo-si-torna-alle-urne-il-21-giugno\/","title":{"rendered":"Bottacin si aggiudica il primo round nelle provinciali ma Reolon \u00e8 ottimista: &#8220;Ce la faremo&#8221;. Si torna alle urne il 21 giugno"},"content":{"rendered":"<p>Quasi 7.000 voti di scarto nella consultazione elettorale provinciale al primo turno (il 21 giugno c&#8217;\u00e8 il ballottaggio) tra il centrodestra di Gianpaolo Bottacin (voti 54.144) e il centrosinistra di Sergio Reolon (voti 47.245) . Sottolineata una pesante astensione al voto\u00a0 in provincia pari circa al 40% (in linea per\u00f2 con il trand nazionale, se pu\u00f2 consolare),\u00a0 l&#8217;affermazione della Lega nel nord Italia ha visto anche il popolo bellunese del Carroccio votare compatto per Bottacin, ma i 10.000 voti incassati in pi\u00f9 nelle europee dal centrodestra rispetto alle provinciali induce molti a pensare che il Pdl bellunese non si sia &#8220;impegnato&#8221; oltremodo per convincere i suoi elettori a votare per il candidato della Lega alla presidenza della Provincia. &#8220;Un mese fa nessuno avrebbe scommesso su questo risultato&#8221;, \u00e8 il commento soddisfatto di Bottacin, &#8220;si diceva che Reolon avrebbe vinto al primo turno ma cos\u00ec non \u00e8 stato. C&#8217;\u00e8 la voglia di cambiamento e fra 15 giorni la sfida continua&#8221;. Il candidato del centrodestra per\u00f2 sottolinea anche le prossime difficolt\u00e0: &#8220;Ora \u00e8 pi\u00f9 dura anche perch\u00e8 il Pdl fa fatica ad andare a votare, ma la Provincia deve andare al centrodestra con persone giovani e deteminate e non al centrosinistra dei Bassolino. Politicamente io sono cresciuto con Flavio Tosi e Luca Zaia ed \u00e8 a loro che faccio riferimento&#8221;.\u00a0 Per Sergio Reolon, attuale presidente della Provincia &#8220;quello che emerge da questa prima consultazione \u00e8 l&#8217;effetto di trascinamento del voto politico nazionale e del fatto che in campagna elettorale la montagna e il territorio purtroppo sono spariti dagli organi di informazione.\u00a0 Il recupero che ho compito rispetto alle europee (quei 10.000 voti in pi\u00f9 per il Pd nele provinciali, ndr) \u00e8 gi\u00e0 un buon risultato. Fra 15 giorni i bellunesi devono scegliere il loro presidente e dovranno valutare i progetti e la coerenza necessari al loro territorio, compresa la pericolosit\u00e0 della scarsa o assente coesione del centrodestra su temi importanti per la nostra montagna. In pratica sono divisi su tutto, dalle Dolomiti nell&#8217;Unesco fino all&#8217;inceneritore.\u00a0 Mentre il nostro \u00e8 un progetto per questa provincia gli altri corrono per i loro partiti nazionali e per la Regione. Conto che ce la faremo e faremo bene&#8221;. Soddisfatto il candidato dell&#8217;Udc, Pierluigi De Cesero (voti 9.162) che con quasi l&#8217;8% dei voti diventa l&#8217;interlocutore privilegiato tra i due principali sfidanti. &#8220;Un ottimo risultato per noi e il Patto per Belluno di Celeste Balcon&#8221;, sostiene De Cesero, &#8220;soprattutto in considerazione del fatto che in soli 20 giorni di campagna elettorale non siamo riusciti ad arrivare dappertutto. L&#8217;8% \u00e8 un risultato che avrei sottoscritto preventivamente e quindi guardiamo avanti con un nuovo progetto politico per questa provincia sostenuto dall&#8217;alleanza col Patto di Celeste Balcon&#8221;. Riguardo a un possibile apparentamento in vista del ballottaggio: &#8220;Aspettiamo, non siamo noi a dover fare il primo passo. Questo obiettivo l&#8217;abbiamo raggiunto, vediamo il prossimo&#8221;.<\/p>\n<p>Quindi nessuno dei due candidati favoriti Sergio Reolon e Gianpaolo Bottacin ha superato il 50% dei voti al primo turno di sabato e domenica e quindi si va al secondo turno di voto domenica 21 giugno. Questi i dati finali forniti dalla Prefettura dallo spoglio delle schede delle 247 sezioni elettorali della Provincia. Per il centrodestra Gianpaolo Bottacin ha totalizzato il 47,16% (voti 54.144); Per il centrosinistra Sergio Reolon arriva al 41,15% (voti 47.245), Per l&#8217;Unione di centro Pierluigi De Cesero fa il 7,98% (voti 9.162), l&#8217;indipendentista Paolo Bampo 2,11% (voti 2.417), per La destra Antonia Monteleone detta Titty 0,85% (voti 978), per i verdi di Altrementi Ettore Sartori si ferma allo 0,75% (voti 866). Schede bianche 2.669; schede nulle 2.575<br \/>\nAppare chiaro che l&#8217;ago della bilancia \u00e8 stata la lista di centro di Pierluigi De Cesero, che col suo 7,98% di voti ha impedito a entrambi i candidati di superare il 50%. Ora l&#8217;interrogativo \u00e8: con chi si schierer\u00e0 De Cesero e le sue eventuali indicazioni di voto saranno rispettate da chi l&#8217;ha votato al primo turno?<br \/>\nDi seguito i voti e le relative percentuali totalizzati dalle liste:<br \/>\n1 UDC &#8211; CASINI\u00a0 voti 8.020\u00a07,84%<br \/>\n2 DI PIETRO &#8211; ITALIA DEI VALORI voti 4.317\u00a04,22%<br \/>\n3 LIGA AUTONOMISTI voti 902 0,88%<br \/>\n4 LEGA NORD voti 21.328 20,86%<br \/>\n5 PARTITO SOCIALISTA voti 3.816 3,73%<br \/>\n6 PD 22.575 22,08%<br \/>\n7 L&#8217;AUTONOMIA LA DESTRA voti 943 0,92%<br \/>\n8 RIFONDAZIONE COMUNISTI ITALIANI voti 3.628 3,55%<br \/>\n9 IL POPOLO DELLA LIBERTA&#8217; voti 20.378 19,93%<br \/>\n10 ALTREMENTI\u00a0 voti 848\u00a0\u00a0 0,83%<br \/>\n11\u00a0 LISTA REOLON\u00a0 voti 6.390\u00a0\u00a0 6,25%<br \/>\n12\u00a0 LDP BOTTACIN\u00a0 voti 5.633\u00a0\u00a0 5,51%<br \/>\n13\u00a0 PNE\u00a0 voti 1.369\u00a0\u00a0 1,34%<br \/>\n14\u00a0 PAB\u00a0 voti 2.101\u00a0\u00a0 2,05%<br \/>\nTOTALE\u00a0 102.248<\/p>","protected":false},"excerpt":{"rendered":"<p>Quasi 7.000 voti di scarto nella consultazione elettorale provinciale al primo turno (il 21 giugno c&#8217;\u00e8 il ballottaggio) tra il centrodestra di Gianpaolo Bottacin (voti 54.144) e il centrosinistra di Sergio Reolon (voti 47.245) . Sottolineata una pesante astensione al voto\u00a0 in provincia pari circa al 40% (in linea per\u00f2 con il trand nazionale, se [&hellip;]<\/p>\n","protected":false},"author":2,"featured_media":0,"comment_status":"closed","ping_status":"open","sticky":false,"template":"","format":"standard","meta":{"footnotes":""},"categories":[5,26],"tags":[139,63],"class_list":["post-4603","post","type-post","status-publish","format-standard","category-cronaca","category-prima-pagina","tag-belluno","tag-dolomiti"],"yoast_head":"<!-- This site is optimized with the Yoast SEO plugin v28.4 - https:\/\/yoast.com\/product\/yoast-seo-wordpress\/ -->\n<title>Bottacin si aggiudica il primo round nelle provinciali ma Reolon \u00e8 ottimista: &quot;Ce la faremo&quot;. Si torna alle urne il 21 giugno - Bellunopress - Dolomiti<\/title>\n<meta name=\"robots\" content=\"index, follow, max-snippet:-1, max-image-preview:large, max-video-preview:-1\" \/>\n<link rel=\"canonical\" href=\"https:\/\/www.bellunopress.it\/fr\/2009\/06\/10\/bottacin-si-aggiudica-il-primo-round-nelle-provinciali-ma-reolon-e-ottimista-ce-la-faremo-si-torna-alle-urne-il-21-giugno\/\" \/>\n<meta property=\"og:locale\" content=\"fr_FR\" \/>\n<meta property=\"og:type\" content=\"article\" \/>\n<meta property=\"og:title\" content=\"Bottacin si aggiudica il primo round nelle provinciali ma Reolon \u00e8 ottimista: &quot;Ce la faremo&quot;. Si torna alle urne il 21 giugno - Bellunopress - Dolomiti\" \/>\n<meta property=\"og:description\" content=\"Quasi 7.000 voti di scarto nella consultazione elettorale provinciale al primo turno (il 21 giugno c&#8217;\u00e8 il ballottaggio) tra il centrodestra di Gianpaolo Bottacin (voti 54.144) e il centrosinistra di Sergio Reolon (voti 47.245) . Sottolineata una pesante astensione al voto\u00a0 in provincia pari circa al 40% (in linea per\u00f2 con il trand nazionale, se [&hellip;]\" \/>\n<meta property=\"og:url\" content=\"https:\/\/www.bellunopress.it\/fr\/2009\/06\/10\/bottacin-si-aggiudica-il-primo-round-nelle-provinciali-ma-reolon-e-ottimista-ce-la-faremo-si-torna-alle-urne-il-21-giugno\/\" \/>\n<meta property=\"og:site_name\" content=\"Bellunopress - Dolomiti\" \/>\n<meta property=\"article:publisher\" content=\"https:\/\/www.facebook.com\/profile.php?id=100008943462799\" \/>\n<meta property=\"article:published_time\" content=\"2009-06-10T10:26:59+00:00\" \/>\n<meta property=\"article:modified_time\" content=\"2009-06-10T16:49:18+00:00\" \/>\n<meta property=\"og:image\" content=\"http:\/\/www.bellunopress.it\/wp-content\/uploads\/2012\/07\/logo-bellunopress-250x250-2012.jpg\" \/>\n<meta name=\"author\" content=\"redazione\" \/>\n<meta name=\"twitter:card\" content=\"summary_large_image\" \/>\n<meta name=\"twitter:creator\" content=\"@bellunopress\" \/>\n<meta name=\"twitter:site\" content=\"@bellunopress\" \/>\n<meta name=\"twitter:label1\" content=\"Written by\" \/>\n\t<meta name=\"twitter:data1\" content=\"redazione\" \/>\n\t<meta name=\"twitter:label2\" content=\"Est. reading time\" \/>\n\t<meta name=\"twitter:data2\" content=\"3 minutes\" \/>\n<script type=\"application\/ld+json\" class=\"yoast-schema-graph\">{\"@context\":\"https:\\\/\\\/schema.org\",\"@graph\":[{\"@type\":\"Article\",\"@id\":\"https:\\\/\\\/www.bellunopress.it\\\/2009\\\/06\\\/10\\\/bottacin-si-aggiudica-il-primo-round-nelle-provinciali-ma-reolon-e-ottimista-ce-la-faremo-si-torna-alle-urne-il-21-giugno\\\/#article\",\"isPartOf\":{\"@id\":\"https:\\\/\\\/www.bellunopress.it\\\/2009\\\/06\\\/10\\\/bottacin-si-aggiudica-il-primo-round-nelle-provinciali-ma-reolon-e-ottimista-ce-la-faremo-si-torna-alle-urne-il-21-giugno\\\/\"},\"author\":{\"name\":\"redazione\",\"@id\":\"https:\\\/\\\/www.bellunopress.it\\\/#\\\/schema\\\/person\\\/79bb06722b37ece1c03d3e94beb30d73\"},\"headline\":\"Bottacin si aggiudica il primo round nelle provinciali ma Reolon \u00e8 ottimista: &#8220;Ce la faremo&#8221;. Si torna alle urne il 21 giugno\",\"datePublished\":\"2009-06-10T10:26:59+00:00\",\"dateModified\":\"2009-06-10T16:49:18+00:00\",\"mainEntityOfPage\":{\"@id\":\"https:\\\/\\\/www.bellunopress.it\\\/2009\\\/06\\\/10\\\/bottacin-si-aggiudica-il-primo-round-nelle-provinciali-ma-reolon-e-ottimista-ce-la-faremo-si-torna-alle-urne-il-21-giugno\\\/\"},\"wordCount\":702,\"publisher\":{\"@id\":\"https:\\\/\\\/www.bellunopress.it\\\/#organization\"},\"keywords\":[\"Belluno\",\"Dolomiti\"],\"articleSection\":[\"Cronaca\\\/Politica\",\"Prima Pagina\"],\"inLanguage\":\"fr-FR\"},{\"@type\":\"WebPage\",\"@id\":\"https:\\\/\\\/www.bellunopress.it\\\/2009\\\/06\\\/10\\\/bottacin-si-aggiudica-il-primo-round-nelle-provinciali-ma-reolon-e-ottimista-ce-la-faremo-si-torna-alle-urne-il-21-giugno\\\/\",\"url\":\"https:\\\/\\\/www.bellunopress.it\\\/2009\\\/06\\\/10\\\/bottacin-si-aggiudica-il-primo-round-nelle-provinciali-ma-reolon-e-ottimista-ce-la-faremo-si-torna-alle-urne-il-21-giugno\\\/\",\"name\":\"Bottacin si aggiudica il primo round nelle provinciali ma Reolon \u00e8 ottimista: \\\"Ce la faremo\\\". Si torna alle urne il 21 giugno - Bellunopress - Dolomiti\",\"isPartOf\":{\"@id\":\"https:\\\/\\\/www.bellunopress.it\\\/#website\"},\"datePublished\":\"2009-06-10T10:26:59+00:00\",\"dateModified\":\"2009-06-10T16:49:18+00:00\",\"breadcrumb\":{\"@id\":\"https:\\\/\\\/www.bellunopress.it\\\/2009\\\/06\\\/10\\\/bottacin-si-aggiudica-il-primo-round-nelle-provinciali-ma-reolon-e-ottimista-ce-la-faremo-si-torna-alle-urne-il-21-giugno\\\/#breadcrumb\"},\"inLanguage\":\"fr-FR\",\"potentialAction\":[{\"@type\":\"ReadAction\",\"target\":[\"https:\\\/\\\/www.bellunopress.it\\\/2009\\\/06\\\/10\\\/bottacin-si-aggiudica-il-primo-round-nelle-provinciali-ma-reolon-e-ottimista-ce-la-faremo-si-torna-alle-urne-il-21-giugno\\\/\"]}]},{\"@type\":\"BreadcrumbList\",\"@id\":\"https:\\\/\\\/www.bellunopress.it\\\/2009\\\/06\\\/10\\\/bottacin-si-aggiudica-il-primo-round-nelle-provinciali-ma-reolon-e-ottimista-ce-la-faremo-si-torna-alle-urne-il-21-giugno\\\/#breadcrumb\",\"itemListElement\":[{\"@type\":\"ListItem\",\"position\":1,\"name\":\"Home\",\"item\":\"https:\\\/\\\/www.bellunopress.it\\\/\"},{\"@type\":\"ListItem\",\"position\":2,\"name\":\"Bottacin si aggiudica il primo round nelle provinciali ma Reolon \u00e8 ottimista: &#8220;Ce la faremo&#8221;. Si torna alle urne il 21 giugno\"}]},{\"@type\":\"WebSite\",\"@id\":\"https:\\\/\\\/www.bellunopress.it\\\/#website\",\"url\":\"https:\\\/\\\/www.bellunopress.it\\\/\",\"name\":\"Bellunopress - Dolomiti\",\"description\":\"e-mail: redazione@bellunopress.it\",\"publisher\":{\"@id\":\"https:\\\/\\\/www.bellunopress.it\\\/#organization\"},\"potentialAction\":[{\"@type\":\"SearchAction\",\"target\":{\"@type\":\"EntryPoint\",\"urlTemplate\":\"https:\\\/\\\/www.bellunopress.it\\\/?s={search_term_string}\"},\"query-input\":{\"@type\":\"PropertyValueSpecification\",\"valueRequired\":true,\"valueName\":\"search_term_string\"}}],\"inLanguage\":\"fr-FR\"},{\"@type\":\"Organization\",\"@id\":\"https:\\\/\\\/www.bellunopress.it\\\/#organization\",\"name\":\"Bellunopress\",\"url\":\"https:\\\/\\\/www.bellunopress.it\\\/\",\"logo\":{\"@type\":\"ImageObject\",\"inLanguage\":\"fr-FR\",\"@id\":\"https:\\\/\\\/www.bellunopress.it\\\/#\\\/schema\\\/logo\\\/image\\\/\",\"url\":\"https:\\\/\\\/www.bellunopress.it\\\/wp-content\\\/uploads\\\/2011\\\/05\\\/cropped-logo-bellunopress-.jpg\",\"contentUrl\":\"https:\\\/\\\/www.bellunopress.it\\\/wp-content\\\/uploads\\\/2011\\\/05\\\/cropped-logo-bellunopress-.jpg\",\"width\":512,\"height\":512,\"caption\":\"Bellunopress\"},\"image\":{\"@id\":\"https:\\\/\\\/www.bellunopress.it\\\/#\\\/schema\\\/logo\\\/image\\\/\"},\"sameAs\":[\"https:\\\/\\\/www.facebook.com\\\/profile.php?id=100008943462799\",\"https:\\\/\\\/x.com\\\/bellunopress\",\"https:\\\/\\\/www.linkedin.com\\\/hp\\\/?dnr=JBzUWaJfMUw8vbXJJ2tVW5-I3jZKvC4wsoxE&amp;amp;amp;amp;amp;amp;trk=nav_responsive_tab_home\",\"https:\\\/\\\/www.youtube.com\\\/channel\\\/UCxL0wu1uN0_3_7hGG0306cw\"]},{\"@type\":\"Person\",\"@id\":\"https:\\\/\\\/www.bellunopress.it\\\/#\\\/schema\\\/person\\\/79bb06722b37ece1c03d3e94beb30d73\",\"name\":\"redazione\",\"image\":{\"@type\":\"ImageObject\",\"inLanguage\":\"fr-FR\",\"@id\":\"https:\\\/\\\/secure.gravatar.com\\\/avatar\\\/37d968a2e67a6fd04c169c4bdef102d0bc5d31b2546345219e348575eb80e9a0?s=96&d=mm&r=g\",\"url\":\"https:\\\/\\\/secure.gravatar.com\\\/avatar\\\/37d968a2e67a6fd04c169c4bdef102d0bc5d31b2546345219e348575eb80e9a0?s=96&d=mm&r=g\",\"contentUrl\":\"https:\\\/\\\/secure.gravatar.com\\\/avatar\\\/37d968a2e67a6fd04c169c4bdef102d0bc5d31b2546345219e348575eb80e9a0?s=96&d=mm&r=g\",\"caption\":\"redazione\"},\"sameAs\":[\"http:\\\/\\\/www.bellunopress.it\",\"https:\\\/\\\/x.com\\\/bellunopress\"],\"url\":\"https:\\\/\\\/www.bellunopress.it\\\/fr\\\/author\\\/redazione\\\/\"}]}<\/script>\n<!-- \/ Yoast SEO plugin. -->","yoast_head_json":{"title":"Bottacin si aggiudica il primo round nelle provinciali ma Reolon \u00e8 ottimista: \"Ce la faremo\". Si torna alle urne il 21 giugno - Bellunopress - Dolomiti","robots":{"index":"index","follow":"follow","max-snippet":"max-snippet:-1","max-image-preview":"max-image-preview:large","max-video-preview":"max-video-preview:-1"},"canonical":"https:\/\/www.bellunopress.it\/fr\/2009\/06\/10\/bottacin-si-aggiudica-il-primo-round-nelle-provinciali-ma-reolon-e-ottimista-ce-la-faremo-si-torna-alle-urne-il-21-giugno\/","og_locale":"fr_FR","og_type":"article","og_title":"Bottacin si aggiudica il primo round nelle provinciali ma Reolon \u00e8 ottimista: \"Ce la faremo\". Si torna alle urne il 21 giugno - Bellunopress - Dolomiti","og_description":"Quasi 7.000 voti di scarto nella consultazione elettorale provinciale al primo turno (il 21 giugno c&#8217;\u00e8 il ballottaggio) tra il centrodestra di Gianpaolo Bottacin (voti 54.144) e il centrosinistra di Sergio Reolon (voti 47.245) . Sottolineata una pesante astensione al voto\u00a0 in provincia pari circa al 40% (in linea per\u00f2 con il trand nazionale, se [&hellip;]","og_url":"https:\/\/www.bellunopress.it\/fr\/2009\/06\/10\/bottacin-si-aggiudica-il-primo-round-nelle-provinciali-ma-reolon-e-ottimista-ce-la-faremo-si-torna-alle-urne-il-21-giugno\/","og_site_name":"Bellunopress - Dolomiti","article_publisher":"https:\/\/www.facebook.com\/profile.php?id=100008943462799","article_published_time":"2009-06-10T10:26:59+00:00","article_modified_time":"2009-06-10T16:49:18+00:00","og_image":[{"url":"http:\/\/www.bellunopress.it\/wp-content\/uploads\/2012\/07\/logo-bellunopress-250x250-2012.jpg","type":"","width":"","height":""}],"author":"redazione","twitter_card":"summary_large_image","twitter_creator":"@bellunopress","twitter_site":"@bellunopress","twitter_misc":{"Written by":"redazione","Est. reading time":"3 minutes"},"schema":{"@context":"https:\/\/schema.org","@graph":[{"@type":"Article","@id":"https:\/\/www.bellunopress.it\/2009\/06\/10\/bottacin-si-aggiudica-il-primo-round-nelle-provinciali-ma-reolon-e-ottimista-ce-la-faremo-si-torna-alle-urne-il-21-giugno\/#article","isPartOf":{"@id":"https:\/\/www.bellunopress.it\/2009\/06\/10\/bottacin-si-aggiudica-il-primo-round-nelle-provinciali-ma-reolon-e-ottimista-ce-la-faremo-si-torna-alle-urne-il-21-giugno\/"},"author":{"name":"redazione","@id":"https:\/\/www.bellunopress.it\/#\/schema\/person\/79bb06722b37ece1c03d3e94beb30d73"},"headline":"Bottacin si aggiudica il primo round nelle provinciali ma Reolon \u00e8 ottimista: &#8220;Ce la faremo&#8221;. Si torna alle urne il 21 giugno","datePublished":"2009-06-10T10:26:59+00:00","dateModified":"2009-06-10T16:49:18+00:00","mainEntityOfPage":{"@id":"https:\/\/www.bellunopress.it\/2009\/06\/10\/bottacin-si-aggiudica-il-primo-round-nelle-provinciali-ma-reolon-e-ottimista-ce-la-faremo-si-torna-alle-urne-il-21-giugno\/"},"wordCount":702,"publisher":{"@id":"https:\/\/www.bellunopress.it\/#organization"},"keywords":["Belluno","Dolomiti"],"articleSection":["Cronaca\/Politica","Prima Pagina"],"inLanguage":"fr-FR"},{"@type":"WebPage","@id":"https:\/\/www.bellunopress.it\/2009\/06\/10\/bottacin-si-aggiudica-il-primo-round-nelle-provinciali-ma-reolon-e-ottimista-ce-la-faremo-si-torna-alle-urne-il-21-giugno\/","url":"https:\/\/www.bellunopress.it\/2009\/06\/10\/bottacin-si-aggiudica-il-primo-round-nelle-provinciali-ma-reolon-e-ottimista-ce-la-faremo-si-torna-alle-urne-il-21-giugno\/","name":"Bottacin si aggiudica il primo round nelle provinciali ma Reolon \u00e8 ottimista: \"Ce la faremo\". Si torna alle urne il 21 giugno - Bellunopress - Dolomiti","isPartOf":{"@id":"https:\/\/www.bellunopress.it\/#website"},"datePublished":"2009-06-10T10:26:59+00:00","dateModified":"2009-06-10T16:49:18+00:00","breadcrumb":{"@id":"https:\/\/www.bellunopress.it\/2009\/06\/10\/bottacin-si-aggiudica-il-primo-round-nelle-provinciali-ma-reolon-e-ottimista-ce-la-faremo-si-torna-alle-urne-il-21-giugno\/#breadcrumb"},"inLanguage":"fr-FR","potentialAction":[{"@type":"ReadAction","target":["https:\/\/www.bellunopress.it\/2009\/06\/10\/bottacin-si-aggiudica-il-primo-round-nelle-provinciali-ma-reolon-e-ottimista-ce-la-faremo-si-torna-alle-urne-il-21-giugno\/"]}]},{"@type":"BreadcrumbList","@id":"https:\/\/www.bellunopress.it\/2009\/06\/10\/bottacin-si-aggiudica-il-primo-round-nelle-provinciali-ma-reolon-e-ottimista-ce-la-faremo-si-torna-alle-urne-il-21-giugno\/#breadcrumb","itemListElement":[{"@type":"ListItem","position":1,"name":"Home","item":"https:\/\/www.bellunopress.it\/"},{"@type":"ListItem","position":2,"name":"Bottacin si aggiudica il primo round nelle provinciali ma Reolon \u00e8 ottimista: &#8220;Ce la faremo&#8221;. Si torna alle urne il 21 giugno"}]},{"@type":"WebSite","@id":"https:\/\/www.bellunopress.it\/#website","url":"https:\/\/www.bellunopress.it\/","name":"Bellunopress - Dolomiti","description":"e-mail: redazione@bellunopress.it","publisher":{"@id":"https:\/\/www.bellunopress.it\/#organization"},"potentialAction":[{"@type":"SearchAction","target":{"@type":"EntryPoint","urlTemplate":"https:\/\/www.bellunopress.it\/?s={search_term_string}"},"query-input":{"@type":"PropertyValueSpecification","valueRequired":true,"valueName":"search_term_string"}}],"inLanguage":"fr-FR"},{"@type":"Organization","@id":"https:\/\/www.bellunopress.it\/#organization","name":"Bellunopress","url":"https:\/\/www.bellunopress.it\/","logo":{"@type":"ImageObject","inLanguage":"fr-FR","@id":"https:\/\/www.bellunopress.it\/#\/schema\/logo\/image\/","url":"https:\/\/www.bellunopress.it\/wp-content\/uploads\/2011\/05\/cropped-logo-bellunopress-.jpg","contentUrl":"https:\/\/www.bellunopress.it\/wp-content\/uploads\/2011\/05\/cropped-logo-bellunopress-.jpg","width":512,"height":512,"caption":"Bellunopress"},"image":{"@id":"https:\/\/www.bellunopress.it\/#\/schema\/logo\/image\/"},"sameAs":["https:\/\/www.facebook.com\/profile.php?id=100008943462799","https:\/\/x.com\/bellunopress","https:\/\/www.linkedin.com\/hp\/?dnr=JBzUWaJfMUw8vbXJJ2tVW5-I3jZKvC4wsoxE&amp;amp;amp;amp;amp;amp;trk=nav_responsive_tab_home","https:\/\/www.youtube.com\/channel\/UCxL0wu1uN0_3_7hGG0306cw"]},{"@type":"Person","@id":"https:\/\/www.bellunopress.it\/#\/schema\/person\/79bb06722b37ece1c03d3e94beb30d73","name":"r\u00e9daction","image":{"@type":"ImageObject","inLanguage":"fr-FR","@id":"https:\/\/secure.gravatar.com\/avatar\/37d968a2e67a6fd04c169c4bdef102d0bc5d31b2546345219e348575eb80e9a0?s=96&d=mm&r=g","url":"https:\/\/secure.gravatar.com\/avatar\/37d968a2e67a6fd04c169c4bdef102d0bc5d31b2546345219e348575eb80e9a0?s=96&d=mm&r=g","contentUrl":"https:\/\/secure.gravatar.com\/avatar\/37d968a2e67a6fd04c169c4bdef102d0bc5d31b2546345219e348575eb80e9a0?s=96&d=mm&r=g","caption":"redazione"},"sameAs":["http:\/\/www.bellunopress.it","https:\/\/x.com\/bellunopress"],"url":"https:\/\/www.bellunopress.it\/fr\/author\/redazione\/"}]}},"_links":{"self":[{"href":"https:\/\/www.bellunopress.it\/fr\/wp-json\/wp\/v2\/posts\/4603","targetHints":{"allow":["GET"]}}],"collection":[{"href":"https:\/\/www.bellunopress.it\/fr\/wp-json\/wp\/v2\/posts"}],"about":[{"href":"https:\/\/www.bellunopress.it\/fr\/wp-json\/wp\/v2\/types\/post"}],"author":[{"embeddable":true,"href":"https:\/\/www.bellunopress.it\/fr\/wp-json\/wp\/v2\/users\/2"}],"replies":[{"embeddable":true,"href":"https:\/\/www.bellunopress.it\/fr\/wp-json\/wp\/v2\/comments?post=4603"}],"version-history":[{"count":5,"href":"https:\/\/www.bellunopress.it\/fr\/wp-json\/wp\/v2\/posts\/4603\/revisions"}],"predecessor-version":[{"id":4683,"href":"https:\/\/www.bellunopress.it\/fr\/wp-json\/wp\/v2\/posts\/4603\/revisions\/4683"}],"wp:attachment":[{"href":"https:\/\/www.bellunopress.it\/fr\/wp-json\/wp\/v2\/media?parent=4603"}],"wp:term":[{"taxonomy":"category","embeddable":true,"href":"https:\/\/www.bellunopress.it\/fr\/wp-json\/wp\/v2\/categories?post=4603"},{"taxonomy":"post_tag","embeddable":true,"href":"https:\/\/www.bellunopress.it\/fr\/wp-json\/wp\/v2\/tags?post=4603"}],"curies":[{"name":"wp","href":"https:\/\/api.w.org\/{rel}","templated":true}]}}