{"id":4589,"date":"2009-06-08T11:56:50","date_gmt":"2009-06-08T10:56:50","guid":{"rendered":"http:\/\/www.bellunopress.it\/?p=4589"},"modified":"2009-06-08T11:56:50","modified_gmt":"2009-06-08T10:56:50","slug":"nelle-farmacie-bellunesi-un-salvadanaio-per-raccogliere-fondi-a-favore-dei-terremotati","status":"publish","type":"post","link":"https:\/\/www.bellunopress.it\/fr\/2009\/06\/08\/nelle-farmacie-bellunesi-un-salvadanaio-per-raccogliere-fondi-a-favore-dei-terremotati\/","title":{"rendered":"Nelle farmacie bellunesi un salvadanaio per raccogliere fondi a favore dei terremotati"},"content":{"rendered":"<p><a href=\"http:\/\/www.bellunopress.it\/wp-content\/uploads\/2009\/06\/salvadanaio-3-leggera.jpg\"><img loading=\"lazy\" decoding=\"async\" class=\"alignleft size-medium wp-image-4590\" title=\"salvadanaio-3-leggera\" src=\"http:\/\/www.bellunopress.it\/wp-content\/uploads\/2009\/06\/salvadanaio-3-leggera.jpg\" alt=\"\" width=\"185\" height=\"278\" \/><\/a>Le farmacie bellunesi partecipano alla raccolta fondi a favore della popolazione abruzzese colpita dal terremoto che ha devastato la citt\u00e0 de L&#8217;Aquila e vari centri della provincia. La raccolta avviene attraverso un salvadanaio presente nelle farmacie che espongono la locandina dell&#8217;iniziativa, denominata \u201cRicostruiamo l&#8217;Abruzzo\u201d. La raccolta fondi avviata da Federfarma, infatti, vuole contribuire alla ricostruzione di un&#8217;area abitativa e nasce in collaborazione con il giornalista televisivo Bruno Vespa il quale a inizio maggio dedic\u00f2 una lunga puntata speciale di \u201cPorta a Porta\u201d, in prima serata su Raiuno, al terremoto e alla raccolta fondi per la ricostruzione. A tale trasmissione, che ha avuto oltre il 30% di share, partecip\u00f2 anche il presidente di Federfarma Annarosa Racca, che promise l&#8217;impegno di tutti i farmacisti per questa causa. Ora la promessa diventa realt\u00e0 e coinvolge anche la solidariet\u00e0 dei bellunesi. Chiunque desideri aiutare la popolazione abruzzese pu\u00f2 recarsi in farmacia e donare il proprio contributo attraverso il salvadanaio esposto. Periodicamente le cifre raccolte saranno versate direttamente dalle farmacie sul conto corrente bancario aperto da Federfarma e dedicato alla raccolta di fondi in favore dei terremotati in Abruzzo. All&#8217;interno della sua trasmissione \u201cPorta a porta\u201d Bruno Vespa ritorner\u00e0 sull&#8217;argomento pi\u00f9 volte, comunicando via via i dati sulle somme raccolte nelle farmacie e sollecitando i telespettatori a dare il proprio contributo.<\/p>","protected":false},"excerpt":{"rendered":"<p>Le farmacie bellunesi partecipano alla raccolta fondi a favore della popolazione abruzzese colpita dal terremoto che ha devastato la citt\u00e0 de L&#8217;Aquila e vari centri della provincia. La raccolta avviene attraverso un salvadanaio presente nelle farmacie che espongono la locandina dell&#8217;iniziativa, denominata \u201cRicostruiamo l&#8217;Abruzzo\u201d. La raccolta fondi avviata da Federfarma, infatti, vuole contribuire alla ricostruzione [&hellip;]<\/p>\n","protected":false},"author":2,"featured_media":0,"comment_status":"closed","ping_status":"open","sticky":false,"template":"","format":"standard","meta":{"footnotes":""},"categories":[17,8],"tags":[3050],"class_list":["post-4589","post","type-post","status-publish","format-standard","category-sanita","category-societa-istituzioni","tag-sanita"],"yoast_head":"<!-- This site is optimized with the Yoast SEO plugin v28.4 - https:\/\/yoast.com\/product\/yoast-seo-wordpress\/ -->\n<title>Nelle farmacie bellunesi un salvadanaio per raccogliere fondi a favore dei terremotati  - Bellunopress - Dolomiti<\/title>\n<meta name=\"robots\" content=\"index, follow, max-snippet:-1, max-image-preview:large, max-video-preview:-1\" \/>\n<link rel=\"canonical\" href=\"https:\/\/www.bellunopress.it\/fr\/2009\/06\/08\/nelle-farmacie-bellunesi-un-salvadanaio-per-raccogliere-fondi-a-favore-dei-terremotati\/\" \/>\n<meta property=\"og:locale\" content=\"fr_FR\" \/>\n<meta property=\"og:type\" content=\"article\" \/>\n<meta property=\"og:title\" content=\"Nelle farmacie bellunesi un salvadanaio per raccogliere fondi a favore dei terremotati  - Bellunopress - Dolomiti\" \/>\n<meta property=\"og:description\" content=\"Le farmacie bellunesi partecipano alla raccolta fondi a favore della popolazione abruzzese colpita dal terremoto che ha devastato la citt\u00e0 de L&#8217;Aquila e vari centri della provincia. La raccolta avviene attraverso un salvadanaio presente nelle farmacie che espongono la locandina dell&#8217;iniziativa, denominata \u201cRicostruiamo l&#8217;Abruzzo\u201d. La raccolta fondi avviata da Federfarma, infatti, vuole contribuire alla ricostruzione [&hellip;]\" \/>\n<meta property=\"og:url\" content=\"https:\/\/www.bellunopress.it\/fr\/2009\/06\/08\/nelle-farmacie-bellunesi-un-salvadanaio-per-raccogliere-fondi-a-favore-dei-terremotati\/\" \/>\n<meta property=\"og:site_name\" content=\"Bellunopress - Dolomiti\" \/>\n<meta property=\"article:publisher\" content=\"https:\/\/www.facebook.com\/profile.php?id=100008943462799\" \/>\n<meta property=\"article:published_time\" content=\"2009-06-08T10:56:50+00:00\" \/>\n<meta property=\"og:image\" content=\"http:\/\/www.bellunopress.it\/wp-content\/uploads\/2009\/06\/salvadanaio-3-leggera.jpg\" \/>\n<meta name=\"author\" content=\"redazione\" \/>\n<meta name=\"twitter:card\" content=\"summary_large_image\" \/>\n<meta name=\"twitter:creator\" content=\"@bellunopress\" \/>\n<meta name=\"twitter:site\" content=\"@bellunopress\" \/>\n<meta name=\"twitter:label1\" content=\"Written by\" \/>\n\t<meta name=\"twitter:data1\" content=\"redazione\" \/>\n\t<meta name=\"twitter:label2\" content=\"Est. reading time\" \/>\n\t<meta name=\"twitter:data2\" content=\"1 minute\" \/>\n<script type=\"application\/ld+json\" class=\"yoast-schema-graph\">{\"@context\":\"https:\\\/\\\/schema.org\",\"@graph\":[{\"@type\":\"Article\",\"@id\":\"https:\\\/\\\/www.bellunopress.it\\\/2009\\\/06\\\/08\\\/nelle-farmacie-bellunesi-un-salvadanaio-per-raccogliere-fondi-a-favore-dei-terremotati\\\/#article\",\"isPartOf\":{\"@id\":\"https:\\\/\\\/www.bellunopress.it\\\/2009\\\/06\\\/08\\\/nelle-farmacie-bellunesi-un-salvadanaio-per-raccogliere-fondi-a-favore-dei-terremotati\\\/\"},\"author\":{\"name\":\"redazione\",\"@id\":\"https:\\\/\\\/www.bellunopress.it\\\/#\\\/schema\\\/person\\\/79bb06722b37ece1c03d3e94beb30d73\"},\"headline\":\"Nelle farmacie bellunesi un salvadanaio per raccogliere fondi a favore dei terremotati\",\"datePublished\":\"2009-06-08T10:56:50+00:00\",\"mainEntityOfPage\":{\"@id\":\"https:\\\/\\\/www.bellunopress.it\\\/2009\\\/06\\\/08\\\/nelle-farmacie-bellunesi-un-salvadanaio-per-raccogliere-fondi-a-favore-dei-terremotati\\\/\"},\"wordCount\":234,\"publisher\":{\"@id\":\"https:\\\/\\\/www.bellunopress.it\\\/#organization\"},\"image\":{\"@id\":\"https:\\\/\\\/www.bellunopress.it\\\/2009\\\/06\\\/08\\\/nelle-farmacie-bellunesi-un-salvadanaio-per-raccogliere-fondi-a-favore-dei-terremotati\\\/#primaryimage\"},\"thumbnailUrl\":\"http:\\\/\\\/www.bellunopress.it\\\/wp-content\\\/uploads\\\/2009\\\/06\\\/salvadanaio-3-leggera.jpg\",\"keywords\":[\"Sanit\u00e0\"],\"articleSection\":[\"Sanit\u00e0 Medicina\",\"Societ\u00e0, Associazioni, Istituzioni\"],\"inLanguage\":\"fr-FR\"},{\"@type\":\"WebPage\",\"@id\":\"https:\\\/\\\/www.bellunopress.it\\\/2009\\\/06\\\/08\\\/nelle-farmacie-bellunesi-un-salvadanaio-per-raccogliere-fondi-a-favore-dei-terremotati\\\/\",\"url\":\"https:\\\/\\\/www.bellunopress.it\\\/2009\\\/06\\\/08\\\/nelle-farmacie-bellunesi-un-salvadanaio-per-raccogliere-fondi-a-favore-dei-terremotati\\\/\",\"name\":\"Nelle farmacie bellunesi un salvadanaio per raccogliere fondi a favore dei terremotati - Bellunopress - Dolomiti\",\"isPartOf\":{\"@id\":\"https:\\\/\\\/www.bellunopress.it\\\/#website\"},\"primaryImageOfPage\":{\"@id\":\"https:\\\/\\\/www.bellunopress.it\\\/2009\\\/06\\\/08\\\/nelle-farmacie-bellunesi-un-salvadanaio-per-raccogliere-fondi-a-favore-dei-terremotati\\\/#primaryimage\"},\"image\":{\"@id\":\"https:\\\/\\\/www.bellunopress.it\\\/2009\\\/06\\\/08\\\/nelle-farmacie-bellunesi-un-salvadanaio-per-raccogliere-fondi-a-favore-dei-terremotati\\\/#primaryimage\"},\"thumbnailUrl\":\"http:\\\/\\\/www.bellunopress.it\\\/wp-content\\\/uploads\\\/2009\\\/06\\\/salvadanaio-3-leggera.jpg\",\"datePublished\":\"2009-06-08T10:56:50+00:00\",\"breadcrumb\":{\"@id\":\"https:\\\/\\\/www.bellunopress.it\\\/2009\\\/06\\\/08\\\/nelle-farmacie-bellunesi-un-salvadanaio-per-raccogliere-fondi-a-favore-dei-terremotati\\\/#breadcrumb\"},\"inLanguage\":\"fr-FR\",\"potentialAction\":[{\"@type\":\"ReadAction\",\"target\":[\"https:\\\/\\\/www.bellunopress.it\\\/2009\\\/06\\\/08\\\/nelle-farmacie-bellunesi-un-salvadanaio-per-raccogliere-fondi-a-favore-dei-terremotati\\\/\"]}]},{\"@type\":\"ImageObject\",\"inLanguage\":\"fr-FR\",\"@id\":\"https:\\\/\\\/www.bellunopress.it\\\/2009\\\/06\\\/08\\\/nelle-farmacie-bellunesi-un-salvadanaio-per-raccogliere-fondi-a-favore-dei-terremotati\\\/#primaryimage\",\"url\":\"http:\\\/\\\/www.bellunopress.it\\\/wp-content\\\/uploads\\\/2009\\\/06\\\/salvadanaio-3-leggera.jpg\",\"contentUrl\":\"http:\\\/\\\/www.bellunopress.it\\\/wp-content\\\/uploads\\\/2009\\\/06\\\/salvadanaio-3-leggera.jpg\"},{\"@type\":\"BreadcrumbList\",\"@id\":\"https:\\\/\\\/www.bellunopress.it\\\/2009\\\/06\\\/08\\\/nelle-farmacie-bellunesi-un-salvadanaio-per-raccogliere-fondi-a-favore-dei-terremotati\\\/#breadcrumb\",\"itemListElement\":[{\"@type\":\"ListItem\",\"position\":1,\"name\":\"Home\",\"item\":\"https:\\\/\\\/www.bellunopress.it\\\/\"},{\"@type\":\"ListItem\",\"position\":2,\"name\":\"Nelle farmacie bellunesi un salvadanaio per raccogliere fondi a favore dei terremotati\"}]},{\"@type\":\"WebSite\",\"@id\":\"https:\\\/\\\/www.bellunopress.it\\\/#website\",\"url\":\"https:\\\/\\\/www.bellunopress.it\\\/\",\"name\":\"Bellunopress - Dolomiti\",\"description\":\"e-mail: redazione@bellunopress.it\",\"publisher\":{\"@id\":\"https:\\\/\\\/www.bellunopress.it\\\/#organization\"},\"potentialAction\":[{\"@type\":\"SearchAction\",\"target\":{\"@type\":\"EntryPoint\",\"urlTemplate\":\"https:\\\/\\\/www.bellunopress.it\\\/?s={search_term_string}\"},\"query-input\":{\"@type\":\"PropertyValueSpecification\",\"valueRequired\":true,\"valueName\":\"search_term_string\"}}],\"inLanguage\":\"fr-FR\"},{\"@type\":\"Organization\",\"@id\":\"https:\\\/\\\/www.bellunopress.it\\\/#organization\",\"name\":\"Bellunopress\",\"url\":\"https:\\\/\\\/www.bellunopress.it\\\/\",\"logo\":{\"@type\":\"ImageObject\",\"inLanguage\":\"fr-FR\",\"@id\":\"https:\\\/\\\/www.bellunopress.it\\\/#\\\/schema\\\/logo\\\/image\\\/\",\"url\":\"https:\\\/\\\/www.bellunopress.it\\\/wp-content\\\/uploads\\\/2011\\\/05\\\/cropped-logo-bellunopress-.jpg\",\"contentUrl\":\"https:\\\/\\\/www.bellunopress.it\\\/wp-content\\\/uploads\\\/2011\\\/05\\\/cropped-logo-bellunopress-.jpg\",\"width\":512,\"height\":512,\"caption\":\"Bellunopress\"},\"image\":{\"@id\":\"https:\\\/\\\/www.bellunopress.it\\\/#\\\/schema\\\/logo\\\/image\\\/\"},\"sameAs\":[\"https:\\\/\\\/www.facebook.com\\\/profile.php?id=100008943462799\",\"https:\\\/\\\/x.com\\\/bellunopress\",\"https:\\\/\\\/www.linkedin.com\\\/hp\\\/?dnr=JBzUWaJfMUw8vbXJJ2tVW5-I3jZKvC4wsoxE&amp;amp;amp;amp;amp;amp;trk=nav_responsive_tab_home\",\"https:\\\/\\\/www.youtube.com\\\/channel\\\/UCxL0wu1uN0_3_7hGG0306cw\"]},{\"@type\":\"Person\",\"@id\":\"https:\\\/\\\/www.bellunopress.it\\\/#\\\/schema\\\/person\\\/79bb06722b37ece1c03d3e94beb30d73\",\"name\":\"redazione\",\"image\":{\"@type\":\"ImageObject\",\"inLanguage\":\"fr-FR\",\"@id\":\"https:\\\/\\\/secure.gravatar.com\\\/avatar\\\/37d968a2e67a6fd04c169c4bdef102d0bc5d31b2546345219e348575eb80e9a0?s=96&d=mm&r=g\",\"url\":\"https:\\\/\\\/secure.gravatar.com\\\/avatar\\\/37d968a2e67a6fd04c169c4bdef102d0bc5d31b2546345219e348575eb80e9a0?s=96&d=mm&r=g\",\"contentUrl\":\"https:\\\/\\\/secure.gravatar.com\\\/avatar\\\/37d968a2e67a6fd04c169c4bdef102d0bc5d31b2546345219e348575eb80e9a0?s=96&d=mm&r=g\",\"caption\":\"redazione\"},\"sameAs\":[\"http:\\\/\\\/www.bellunopress.it\",\"https:\\\/\\\/x.com\\\/bellunopress\"],\"url\":\"https:\\\/\\\/www.bellunopress.it\\\/fr\\\/author\\\/redazione\\\/\"}]}<\/script>\n<!-- \/ Yoast SEO plugin. -->","yoast_head_json":{"title":"Nelle farmacie bellunesi un salvadanaio per raccogliere fondi a favore dei terremotati  - Bellunopress - Dolomiti","robots":{"index":"index","follow":"follow","max-snippet":"max-snippet:-1","max-image-preview":"max-image-preview:large","max-video-preview":"max-video-preview:-1"},"canonical":"https:\/\/www.bellunopress.it\/fr\/2009\/06\/08\/nelle-farmacie-bellunesi-un-salvadanaio-per-raccogliere-fondi-a-favore-dei-terremotati\/","og_locale":"fr_FR","og_type":"article","og_title":"Nelle farmacie bellunesi un salvadanaio per raccogliere fondi a favore dei terremotati  - Bellunopress - Dolomiti","og_description":"Le farmacie bellunesi partecipano alla raccolta fondi a favore della popolazione abruzzese colpita dal terremoto che ha devastato la citt\u00e0 de L&#8217;Aquila e vari centri della provincia. La raccolta avviene attraverso un salvadanaio presente nelle farmacie che espongono la locandina dell&#8217;iniziativa, denominata \u201cRicostruiamo l&#8217;Abruzzo\u201d. La raccolta fondi avviata da Federfarma, infatti, vuole contribuire alla ricostruzione [&hellip;]","og_url":"https:\/\/www.bellunopress.it\/fr\/2009\/06\/08\/nelle-farmacie-bellunesi-un-salvadanaio-per-raccogliere-fondi-a-favore-dei-terremotati\/","og_site_name":"Bellunopress - Dolomiti","article_publisher":"https:\/\/www.facebook.com\/profile.php?id=100008943462799","article_published_time":"2009-06-08T10:56:50+00:00","og_image":[{"url":"http:\/\/www.bellunopress.it\/wp-content\/uploads\/2009\/06\/salvadanaio-3-leggera.jpg","type":"","width":"","height":""}],"author":"redazione","twitter_card":"summary_large_image","twitter_creator":"@bellunopress","twitter_site":"@bellunopress","twitter_misc":{"Written by":"redazione","Est. reading time":"1 minute"},"schema":{"@context":"https:\/\/schema.org","@graph":[{"@type":"Article","@id":"https:\/\/www.bellunopress.it\/2009\/06\/08\/nelle-farmacie-bellunesi-un-salvadanaio-per-raccogliere-fondi-a-favore-dei-terremotati\/#article","isPartOf":{"@id":"https:\/\/www.bellunopress.it\/2009\/06\/08\/nelle-farmacie-bellunesi-un-salvadanaio-per-raccogliere-fondi-a-favore-dei-terremotati\/"},"author":{"name":"redazione","@id":"https:\/\/www.bellunopress.it\/#\/schema\/person\/79bb06722b37ece1c03d3e94beb30d73"},"headline":"Nelle farmacie bellunesi un salvadanaio per raccogliere fondi a favore dei terremotati","datePublished":"2009-06-08T10:56:50+00:00","mainEntityOfPage":{"@id":"https:\/\/www.bellunopress.it\/2009\/06\/08\/nelle-farmacie-bellunesi-un-salvadanaio-per-raccogliere-fondi-a-favore-dei-terremotati\/"},"wordCount":234,"publisher":{"@id":"https:\/\/www.bellunopress.it\/#organization"},"image":{"@id":"https:\/\/www.bellunopress.it\/2009\/06\/08\/nelle-farmacie-bellunesi-un-salvadanaio-per-raccogliere-fondi-a-favore-dei-terremotati\/#primaryimage"},"thumbnailUrl":"http:\/\/www.bellunopress.it\/wp-content\/uploads\/2009\/06\/salvadanaio-3-leggera.jpg","keywords":["Sanit\u00e0"],"articleSection":["Sanit\u00e0 Medicina","Societ\u00e0, Associazioni, Istituzioni"],"inLanguage":"fr-FR"},{"@type":"WebPage","@id":"https:\/\/www.bellunopress.it\/2009\/06\/08\/nelle-farmacie-bellunesi-un-salvadanaio-per-raccogliere-fondi-a-favore-dei-terremotati\/","url":"https:\/\/www.bellunopress.it\/2009\/06\/08\/nelle-farmacie-bellunesi-un-salvadanaio-per-raccogliere-fondi-a-favore-dei-terremotati\/","name":"Nelle farmacie bellunesi un salvadanaio per raccogliere fondi a favore dei terremotati - Bellunopress - Dolomiti","isPartOf":{"@id":"https:\/\/www.bellunopress.it\/#website"},"primaryImageOfPage":{"@id":"https:\/\/www.bellunopress.it\/2009\/06\/08\/nelle-farmacie-bellunesi-un-salvadanaio-per-raccogliere-fondi-a-favore-dei-terremotati\/#primaryimage"},"image":{"@id":"https:\/\/www.bellunopress.it\/2009\/06\/08\/nelle-farmacie-bellunesi-un-salvadanaio-per-raccogliere-fondi-a-favore-dei-terremotati\/#primaryimage"},"thumbnailUrl":"http:\/\/www.bellunopress.it\/wp-content\/uploads\/2009\/06\/salvadanaio-3-leggera.jpg","datePublished":"2009-06-08T10:56:50+00:00","breadcrumb":{"@id":"https:\/\/www.bellunopress.it\/2009\/06\/08\/nelle-farmacie-bellunesi-un-salvadanaio-per-raccogliere-fondi-a-favore-dei-terremotati\/#breadcrumb"},"inLanguage":"fr-FR","potentialAction":[{"@type":"ReadAction","target":["https:\/\/www.bellunopress.it\/2009\/06\/08\/nelle-farmacie-bellunesi-un-salvadanaio-per-raccogliere-fondi-a-favore-dei-terremotati\/"]}]},{"@type":"ImageObject","inLanguage":"fr-FR","@id":"https:\/\/www.bellunopress.it\/2009\/06\/08\/nelle-farmacie-bellunesi-un-salvadanaio-per-raccogliere-fondi-a-favore-dei-terremotati\/#primaryimage","url":"http:\/\/www.bellunopress.it\/wp-content\/uploads\/2009\/06\/salvadanaio-3-leggera.jpg","contentUrl":"http:\/\/www.bellunopress.it\/wp-content\/uploads\/2009\/06\/salvadanaio-3-leggera.jpg"},{"@type":"BreadcrumbList","@id":"https:\/\/www.bellunopress.it\/2009\/06\/08\/nelle-farmacie-bellunesi-un-salvadanaio-per-raccogliere-fondi-a-favore-dei-terremotati\/#breadcrumb","itemListElement":[{"@type":"ListItem","position":1,"name":"Home","item":"https:\/\/www.bellunopress.it\/"},{"@type":"ListItem","position":2,"name":"Nelle farmacie bellunesi un salvadanaio per raccogliere fondi a favore dei terremotati"}]},{"@type":"WebSite","@id":"https:\/\/www.bellunopress.it\/#website","url":"https:\/\/www.bellunopress.it\/","name":"Bellunopress - Dolomiti","description":"e-mail: redazione@bellunopress.it","publisher":{"@id":"https:\/\/www.bellunopress.it\/#organization"},"potentialAction":[{"@type":"SearchAction","target":{"@type":"EntryPoint","urlTemplate":"https:\/\/www.bellunopress.it\/?s={search_term_string}"},"query-input":{"@type":"PropertyValueSpecification","valueRequired":true,"valueName":"search_term_string"}}],"inLanguage":"fr-FR"},{"@type":"Organization","@id":"https:\/\/www.bellunopress.it\/#organization","name":"Bellunopress","url":"https:\/\/www.bellunopress.it\/","logo":{"@type":"ImageObject","inLanguage":"fr-FR","@id":"https:\/\/www.bellunopress.it\/#\/schema\/logo\/image\/","url":"https:\/\/www.bellunopress.it\/wp-content\/uploads\/2011\/05\/cropped-logo-bellunopress-.jpg","contentUrl":"https:\/\/www.bellunopress.it\/wp-content\/uploads\/2011\/05\/cropped-logo-bellunopress-.jpg","width":512,"height":512,"caption":"Bellunopress"},"image":{"@id":"https:\/\/www.bellunopress.it\/#\/schema\/logo\/image\/"},"sameAs":["https:\/\/www.facebook.com\/profile.php?id=100008943462799","https:\/\/x.com\/bellunopress","https:\/\/www.linkedin.com\/hp\/?dnr=JBzUWaJfMUw8vbXJJ2tVW5-I3jZKvC4wsoxE&amp;amp;amp;amp;amp;amp;trk=nav_responsive_tab_home","https:\/\/www.youtube.com\/channel\/UCxL0wu1uN0_3_7hGG0306cw"]},{"@type":"Person","@id":"https:\/\/www.bellunopress.it\/#\/schema\/person\/79bb06722b37ece1c03d3e94beb30d73","name":"r\u00e9daction","image":{"@type":"ImageObject","inLanguage":"fr-FR","@id":"https:\/\/secure.gravatar.com\/avatar\/37d968a2e67a6fd04c169c4bdef102d0bc5d31b2546345219e348575eb80e9a0?s=96&d=mm&r=g","url":"https:\/\/secure.gravatar.com\/avatar\/37d968a2e67a6fd04c169c4bdef102d0bc5d31b2546345219e348575eb80e9a0?s=96&d=mm&r=g","contentUrl":"https:\/\/secure.gravatar.com\/avatar\/37d968a2e67a6fd04c169c4bdef102d0bc5d31b2546345219e348575eb80e9a0?s=96&d=mm&r=g","caption":"redazione"},"sameAs":["http:\/\/www.bellunopress.it","https:\/\/x.com\/bellunopress"],"url":"https:\/\/www.bellunopress.it\/fr\/author\/redazione\/"}]}},"_links":{"self":[{"href":"https:\/\/www.bellunopress.it\/fr\/wp-json\/wp\/v2\/posts\/4589","targetHints":{"allow":["GET"]}}],"collection":[{"href":"https:\/\/www.bellunopress.it\/fr\/wp-json\/wp\/v2\/posts"}],"about":[{"href":"https:\/\/www.bellunopress.it\/fr\/wp-json\/wp\/v2\/types\/post"}],"author":[{"embeddable":true,"href":"https:\/\/www.bellunopress.it\/fr\/wp-json\/wp\/v2\/users\/2"}],"replies":[{"embeddable":true,"href":"https:\/\/www.bellunopress.it\/fr\/wp-json\/wp\/v2\/comments?post=4589"}],"version-history":[{"count":1,"href":"https:\/\/www.bellunopress.it\/fr\/wp-json\/wp\/v2\/posts\/4589\/revisions"}],"predecessor-version":[{"id":4591,"href":"https:\/\/www.bellunopress.it\/fr\/wp-json\/wp\/v2\/posts\/4589\/revisions\/4591"}],"wp:attachment":[{"href":"https:\/\/www.bellunopress.it\/fr\/wp-json\/wp\/v2\/media?parent=4589"}],"wp:term":[{"taxonomy":"category","embeddable":true,"href":"https:\/\/www.bellunopress.it\/fr\/wp-json\/wp\/v2\/categories?post=4589"},{"taxonomy":"post_tag","embeddable":true,"href":"https:\/\/www.bellunopress.it\/fr\/wp-json\/wp\/v2\/tags?post=4589"}],"curies":[{"name":"wp","href":"https:\/\/api.w.org\/{rel}","templated":true}]}}