{"id":45879,"date":"2013-01-20T18:07:42","date_gmt":"2013-01-20T17:07:42","guid":{"rendered":"http:\/\/www.bellunopress.it\/?p=45879"},"modified":"2013-01-20T18:07:46","modified_gmt":"2013-01-20T17:07:46","slug":"la-regola-dei-schei-intervento-dei-comitati-ambientalisti-dellalpago","status":"publish","type":"post","link":"https:\/\/www.bellunopress.it\/fr\/2013\/01\/20\/la-regola-dei-schei-intervento-dei-comitati-ambientalisti-dellalpago\/","title":{"rendered":"La regola dei sch\u00e8i  * intervento dei comitati ambientalisti dell&#8217;Alpago"},"content":{"rendered":"<p><a href=\"http:\/\/www.bellunopress.it\/wp-content\/uploads\/2011\/10\/euro.jpg\"><img loading=\"lazy\" decoding=\"async\" class=\"alignleft size-full wp-image-31331\" alt=\"euro\" src=\"http:\/\/www.bellunopress.it\/wp-content\/uploads\/2011\/10\/euro.jpg\" width=\"283\" height=\"283\" srcset=\"https:\/\/www.bellunopress.it\/wp-content\/uploads\/2011\/10\/euro.jpg 283w, https:\/\/www.bellunopress.it\/wp-content\/uploads\/2011\/10\/euro-150x150.jpg 150w\" sizes=\"auto, (max-width: 283px) 100vw, 283px\" \/><\/a>Come si concilia l&#8217;esistenza di una cava da un milione di metri cubi con la salvaguardia dell&#8217;ambiente? Il consumo di territorio con il mantenimento dell&#8217;ambiente? La Legge Regionale sulla ricostituzione delle Regole ammette che all&#8217;interno dei territori regolieri possano svolgersi attivit\u00e0 tradizionali artigianali, non industriali. Sarebbe logico che una Regola degna di questo nome, nel caso avallasse -come ha fatto- un&#8217;attivit\u00e0 estrattiva all&#8217;interno dei propri territori, pretendesse una riduzione di scala e una remunerazione consona. Ma \u00e8 ragionevole esigerlo da una Regola come quella del Monte Salatis, ricostituitasi solo in seguito alla possibilit\u00e0 di ottenere le briciole dello sfruttamento del prezioso marmorino di Marera? In occasione del rinnovo della concessione per la coltivazione della cava, venne proposto all&#8217;Amministrazione Comunale di Chies e alla Regola di portare avanti un&#8217;istanza di riduzione a un decimo dei volumi e di una decuplicazione degli introiti per metro cubo asportato, dal momento che gli stessi concessionari sottolineavano il pregio del materiale estratto. Proposta inascoltata e concessione rinnovata, probabilmente perch\u00e9&#8217; non tutti hanno le risorse per arrivare per via giudiziaria ad un esito simile a quanto \u00e8 avvenuto in Valle del Mis, relativamente allo sfruttamento idroelettrico.<\/p>\n<p>Questi paladini dell&#8217;ambiente dovrebbero guardare un po&#8217; pi\u00f9 in l\u00e0 del loro naso, peraltro collodiano, e considerare l&#8217;impatto che attivit\u00e0 del genere hanno non solo sui loro appezzamenti, ma sull&#8217;intera conca dell&#8217;Alpago, con enormi bilici in transito che obbligano a continui interventi di manutenzione delle strade provinciali interessate ( di questi giorni la notizia dell&#8217;ennesimo cantiere sulla provinciale delle Coste),che hanno obbligato proprietari di edifici che insistono sulla SP 422 ad interventi a proprie spese per la messa in sicurezza degli edifici compromessi dall&#8217;impatto vibrazionale del traffico veicolare pesante. Forse qualche regoliere ha guadagnato anche da questo? E quando negli anni il vulnus alla montagna sar\u00e0 sufficientemente ampio, troveranno il modo di far soldi magari con una bella discarica a 1000 metri, perch\u00e9 no, di rifiuti speciali&#8230;<\/p>\n<p>Ma almeno se ne stessero buoni e zitti; ma no, rivendicano la paternit\u00e0 di interventi perlomeno discutibili, come la parziale asfaltatura del sentiero che da Cate conduce a Casera Pian de le Stele, dopo che un giovane ed autentico regolaio aveva minacciato addirittura di incatenarsi per fermare lo scempio, in caso un intervento simile fosse stato attuato. Forse la sua manifestazione nonviolenta \u00e8 sfuggita alle cronache? Ma si sa che il denaro lenisce ogni pena&#8230;<\/p>\n<p>E invocano, per buona misura, anche il contributo dell&#8217;ente locale, che dallo sfruttamento della cava ben poco introita, mentre nulla \u00e8 dato conoscere dei ricavi della Regola, essendo soggetto di diritto privato non costretto alla trasparenza e pubblicit\u00e0 del bilancio.<\/p>\n<p>Rileggiamo Pinocchio&#8230;.<\/p>\n<p>Comitato Traffico Pesante<\/p>\n<p>Gruppo Ambiente Alpago<\/p>\n<p>WWF Alpago<\/p>","protected":false},"excerpt":{"rendered":"<p>Come si concilia l&#8217;esistenza di una cava da un milione di metri cubi con la salvaguardia dell&#8217;ambiente? Il consumo di territorio con il mantenimento dell&#8217;ambiente? La Legge Regionale sulla ricostituzione delle Regole ammette che all&#8217;interno dei territori regolieri possano svolgersi attivit\u00e0 tradizionali artigianali, non industriali. Sarebbe logico che una Regola degna di questo nome, nel [&hellip;]<\/p>\n","protected":false},"author":2,"featured_media":0,"comment_status":"closed","ping_status":"open","sticky":false,"template":"","format":"standard","meta":{"footnotes":""},"categories":[38,26],"tags":[],"class_list":["post-45879","post","type-post","status-publish","format-standard","category-natura-ambiente","category-prima-pagina"],"yoast_head":"<!-- This site is optimized with the Yoast SEO plugin v28.4 - https:\/\/yoast.com\/product\/yoast-seo-wordpress\/ -->\n<title>La regola dei sch\u00e8i * intervento dei comitati ambientalisti dell&#039;Alpago - Bellunopress - Dolomiti<\/title>\n<meta name=\"robots\" content=\"index, follow, max-snippet:-1, max-image-preview:large, max-video-preview:-1\" \/>\n<link rel=\"canonical\" href=\"https:\/\/www.bellunopress.it\/fr\/2013\/01\/20\/la-regola-dei-schei-intervento-dei-comitati-ambientalisti-dellalpago\/\" \/>\n<meta property=\"og:locale\" content=\"fr_FR\" \/>\n<meta property=\"og:type\" content=\"article\" \/>\n<meta property=\"og:title\" content=\"La regola dei sch\u00e8i * intervento dei comitati ambientalisti dell&#039;Alpago - Bellunopress - Dolomiti\" \/>\n<meta property=\"og:description\" content=\"Come si concilia l&#8217;esistenza di una cava da un milione di metri cubi con la salvaguardia dell&#8217;ambiente? Il consumo di territorio con il mantenimento dell&#8217;ambiente? La Legge Regionale sulla ricostituzione delle Regole ammette che all&#8217;interno dei territori regolieri possano svolgersi attivit\u00e0 tradizionali artigianali, non industriali. Sarebbe logico che una Regola degna di questo nome, nel [&hellip;]\" \/>\n<meta property=\"og:url\" content=\"https:\/\/www.bellunopress.it\/fr\/2013\/01\/20\/la-regola-dei-schei-intervento-dei-comitati-ambientalisti-dellalpago\/\" \/>\n<meta property=\"og:site_name\" content=\"Bellunopress - Dolomiti\" \/>\n<meta property=\"article:publisher\" content=\"https:\/\/www.facebook.com\/profile.php?id=100008943462799\" \/>\n<meta property=\"article:published_time\" content=\"2013-01-20T17:07:42+00:00\" \/>\n<meta property=\"article:modified_time\" content=\"2013-01-20T17:07:46+00:00\" \/>\n<meta property=\"og:image\" content=\"http:\/\/www.bellunopress.it\/wp-content\/uploads\/2011\/10\/euro.jpg\" \/>\n<meta name=\"author\" content=\"redazione\" \/>\n<meta name=\"twitter:card\" content=\"summary_large_image\" \/>\n<meta name=\"twitter:creator\" content=\"@bellunopress\" \/>\n<meta name=\"twitter:site\" content=\"@bellunopress\" \/>\n<meta name=\"twitter:label1\" content=\"\u00c9crit par\" \/>\n\t<meta name=\"twitter:data1\" content=\"redazione\" \/>\n\t<meta name=\"twitter:label2\" content=\"Dur\u00e9e de lecture estim\u00e9e\" \/>\n\t<meta name=\"twitter:data2\" content=\"2 minutes\" \/>\n<script type=\"application\/ld+json\" class=\"yoast-schema-graph\">{\"@context\":\"https:\\\/\\\/schema.org\",\"@graph\":[{\"@type\":\"Article\",\"@id\":\"https:\\\/\\\/www.bellunopress.it\\\/2013\\\/01\\\/20\\\/la-regola-dei-schei-intervento-dei-comitati-ambientalisti-dellalpago\\\/#article\",\"isPartOf\":{\"@id\":\"https:\\\/\\\/www.bellunopress.it\\\/2013\\\/01\\\/20\\\/la-regola-dei-schei-intervento-dei-comitati-ambientalisti-dellalpago\\\/\"},\"author\":{\"name\":\"redazione\",\"@id\":\"https:\\\/\\\/www.bellunopress.it\\\/#\\\/schema\\\/person\\\/79bb06722b37ece1c03d3e94beb30d73\"},\"headline\":\"La regola dei sch\u00e8i * intervento dei comitati ambientalisti dell&#8217;Alpago\",\"datePublished\":\"2013-01-20T17:07:42+00:00\",\"dateModified\":\"2013-01-20T17:07:46+00:00\",\"mainEntityOfPage\":{\"@id\":\"https:\\\/\\\/www.bellunopress.it\\\/2013\\\/01\\\/20\\\/la-regola-dei-schei-intervento-dei-comitati-ambientalisti-dellalpago\\\/\"},\"wordCount\":462,\"publisher\":{\"@id\":\"https:\\\/\\\/www.bellunopress.it\\\/#organization\"},\"image\":{\"@id\":\"https:\\\/\\\/www.bellunopress.it\\\/2013\\\/01\\\/20\\\/la-regola-dei-schei-intervento-dei-comitati-ambientalisti-dellalpago\\\/#primaryimage\"},\"thumbnailUrl\":\"http:\\\/\\\/www.bellunopress.it\\\/wp-content\\\/uploads\\\/2011\\\/10\\\/euro.jpg\",\"articleSection\":[\"Meteo, natura, ambiente, animali\",\"Prima Pagina\"],\"inLanguage\":\"fr-FR\"},{\"@type\":\"WebPage\",\"@id\":\"https:\\\/\\\/www.bellunopress.it\\\/2013\\\/01\\\/20\\\/la-regola-dei-schei-intervento-dei-comitati-ambientalisti-dellalpago\\\/\",\"url\":\"https:\\\/\\\/www.bellunopress.it\\\/2013\\\/01\\\/20\\\/la-regola-dei-schei-intervento-dei-comitati-ambientalisti-dellalpago\\\/\",\"name\":\"La regola dei sch\u00e8i * intervento dei comitati ambientalisti dell'Alpago - Bellunopress - Dolomiti\",\"isPartOf\":{\"@id\":\"https:\\\/\\\/www.bellunopress.it\\\/#website\"},\"primaryImageOfPage\":{\"@id\":\"https:\\\/\\\/www.bellunopress.it\\\/2013\\\/01\\\/20\\\/la-regola-dei-schei-intervento-dei-comitati-ambientalisti-dellalpago\\\/#primaryimage\"},\"image\":{\"@id\":\"https:\\\/\\\/www.bellunopress.it\\\/2013\\\/01\\\/20\\\/la-regola-dei-schei-intervento-dei-comitati-ambientalisti-dellalpago\\\/#primaryimage\"},\"thumbnailUrl\":\"http:\\\/\\\/www.bellunopress.it\\\/wp-content\\\/uploads\\\/2011\\\/10\\\/euro.jpg\",\"datePublished\":\"2013-01-20T17:07:42+00:00\",\"dateModified\":\"2013-01-20T17:07:46+00:00\",\"breadcrumb\":{\"@id\":\"https:\\\/\\\/www.bellunopress.it\\\/2013\\\/01\\\/20\\\/la-regola-dei-schei-intervento-dei-comitati-ambientalisti-dellalpago\\\/#breadcrumb\"},\"inLanguage\":\"fr-FR\",\"potentialAction\":[{\"@type\":\"ReadAction\",\"target\":[\"https:\\\/\\\/www.bellunopress.it\\\/2013\\\/01\\\/20\\\/la-regola-dei-schei-intervento-dei-comitati-ambientalisti-dellalpago\\\/\"]}]},{\"@type\":\"ImageObject\",\"inLanguage\":\"fr-FR\",\"@id\":\"https:\\\/\\\/www.bellunopress.it\\\/2013\\\/01\\\/20\\\/la-regola-dei-schei-intervento-dei-comitati-ambientalisti-dellalpago\\\/#primaryimage\",\"url\":\"http:\\\/\\\/www.bellunopress.it\\\/wp-content\\\/uploads\\\/2011\\\/10\\\/euro.jpg\",\"contentUrl\":\"http:\\\/\\\/www.bellunopress.it\\\/wp-content\\\/uploads\\\/2011\\\/10\\\/euro.jpg\"},{\"@type\":\"BreadcrumbList\",\"@id\":\"https:\\\/\\\/www.bellunopress.it\\\/2013\\\/01\\\/20\\\/la-regola-dei-schei-intervento-dei-comitati-ambientalisti-dellalpago\\\/#breadcrumb\",\"itemListElement\":[{\"@type\":\"ListItem\",\"position\":1,\"name\":\"Home\",\"item\":\"https:\\\/\\\/www.bellunopress.it\\\/\"},{\"@type\":\"ListItem\",\"position\":2,\"name\":\"La regola dei sch\u00e8i * intervento dei comitati ambientalisti dell&#8217;Alpago\"}]},{\"@type\":\"WebSite\",\"@id\":\"https:\\\/\\\/www.bellunopress.it\\\/#website\",\"url\":\"https:\\\/\\\/www.bellunopress.it\\\/\",\"name\":\"Bellunopress - Dolomiti\",\"description\":\"e-mail: redazione@bellunopress.it\",\"publisher\":{\"@id\":\"https:\\\/\\\/www.bellunopress.it\\\/#organization\"},\"potentialAction\":[{\"@type\":\"SearchAction\",\"target\":{\"@type\":\"EntryPoint\",\"urlTemplate\":\"https:\\\/\\\/www.bellunopress.it\\\/?s={search_term_string}\"},\"query-input\":{\"@type\":\"PropertyValueSpecification\",\"valueRequired\":true,\"valueName\":\"search_term_string\"}}],\"inLanguage\":\"fr-FR\"},{\"@type\":\"Organization\",\"@id\":\"https:\\\/\\\/www.bellunopress.it\\\/#organization\",\"name\":\"Bellunopress\",\"url\":\"https:\\\/\\\/www.bellunopress.it\\\/\",\"logo\":{\"@type\":\"ImageObject\",\"inLanguage\":\"fr-FR\",\"@id\":\"https:\\\/\\\/www.bellunopress.it\\\/#\\\/schema\\\/logo\\\/image\\\/\",\"url\":\"https:\\\/\\\/www.bellunopress.it\\\/wp-content\\\/uploads\\\/2011\\\/05\\\/cropped-logo-bellunopress-.jpg\",\"contentUrl\":\"https:\\\/\\\/www.bellunopress.it\\\/wp-content\\\/uploads\\\/2011\\\/05\\\/cropped-logo-bellunopress-.jpg\",\"width\":512,\"height\":512,\"caption\":\"Bellunopress\"},\"image\":{\"@id\":\"https:\\\/\\\/www.bellunopress.it\\\/#\\\/schema\\\/logo\\\/image\\\/\"},\"sameAs\":[\"https:\\\/\\\/www.facebook.com\\\/profile.php?id=100008943462799\",\"https:\\\/\\\/x.com\\\/bellunopress\",\"https:\\\/\\\/www.linkedin.com\\\/hp\\\/?dnr=JBzUWaJfMUw8vbXJJ2tVW5-I3jZKvC4wsoxE&amp;amp;amp;amp;amp;amp;trk=nav_responsive_tab_home\",\"https:\\\/\\\/www.youtube.com\\\/channel\\\/UCxL0wu1uN0_3_7hGG0306cw\"]},{\"@type\":\"Person\",\"@id\":\"https:\\\/\\\/www.bellunopress.it\\\/#\\\/schema\\\/person\\\/79bb06722b37ece1c03d3e94beb30d73\",\"name\":\"redazione\",\"image\":{\"@type\":\"ImageObject\",\"inLanguage\":\"fr-FR\",\"@id\":\"https:\\\/\\\/secure.gravatar.com\\\/avatar\\\/37d968a2e67a6fd04c169c4bdef102d0bc5d31b2546345219e348575eb80e9a0?s=96&d=mm&r=g\",\"url\":\"https:\\\/\\\/secure.gravatar.com\\\/avatar\\\/37d968a2e67a6fd04c169c4bdef102d0bc5d31b2546345219e348575eb80e9a0?s=96&d=mm&r=g\",\"contentUrl\":\"https:\\\/\\\/secure.gravatar.com\\\/avatar\\\/37d968a2e67a6fd04c169c4bdef102d0bc5d31b2546345219e348575eb80e9a0?s=96&d=mm&r=g\",\"caption\":\"redazione\"},\"sameAs\":[\"http:\\\/\\\/www.bellunopress.it\",\"https:\\\/\\\/x.com\\\/bellunopress\"],\"url\":\"https:\\\/\\\/www.bellunopress.it\\\/fr\\\/author\\\/redazione\\\/\"}]}<\/script>\n<!-- \/ Yoast SEO plugin. -->","yoast_head_json":{"title":"La regola dei sch\u00e8i * intervento dei comitati ambientalisti dell'Alpago - Bellunopress - Dolomiti","robots":{"index":"index","follow":"follow","max-snippet":"max-snippet:-1","max-image-preview":"max-image-preview:large","max-video-preview":"max-video-preview:-1"},"canonical":"https:\/\/www.bellunopress.it\/fr\/2013\/01\/20\/la-regola-dei-schei-intervento-dei-comitati-ambientalisti-dellalpago\/","og_locale":"fr_FR","og_type":"article","og_title":"La regola dei sch\u00e8i * intervento dei comitati ambientalisti dell'Alpago - Bellunopress - Dolomiti","og_description":"Come si concilia l&#8217;esistenza di una cava da un milione di metri cubi con la salvaguardia dell&#8217;ambiente? Il consumo di territorio con il mantenimento dell&#8217;ambiente? La Legge Regionale sulla ricostituzione delle Regole ammette che all&#8217;interno dei territori regolieri possano svolgersi attivit\u00e0 tradizionali artigianali, non industriali. Sarebbe logico che una Regola degna di questo nome, nel [&hellip;]","og_url":"https:\/\/www.bellunopress.it\/fr\/2013\/01\/20\/la-regola-dei-schei-intervento-dei-comitati-ambientalisti-dellalpago\/","og_site_name":"Bellunopress - Dolomiti","article_publisher":"https:\/\/www.facebook.com\/profile.php?id=100008943462799","article_published_time":"2013-01-20T17:07:42+00:00","article_modified_time":"2013-01-20T17:07:46+00:00","og_image":[{"url":"http:\/\/www.bellunopress.it\/wp-content\/uploads\/2011\/10\/euro.jpg","type":"","width":"","height":""}],"author":"redazione","twitter_card":"summary_large_image","twitter_creator":"@bellunopress","twitter_site":"@bellunopress","twitter_misc":{"\u00c9crit par":"redazione","Dur\u00e9e de lecture estim\u00e9e":"2 minutes"},"schema":{"@context":"https:\/\/schema.org","@graph":[{"@type":"Article","@id":"https:\/\/www.bellunopress.it\/2013\/01\/20\/la-regola-dei-schei-intervento-dei-comitati-ambientalisti-dellalpago\/#article","isPartOf":{"@id":"https:\/\/www.bellunopress.it\/2013\/01\/20\/la-regola-dei-schei-intervento-dei-comitati-ambientalisti-dellalpago\/"},"author":{"name":"redazione","@id":"https:\/\/www.bellunopress.it\/#\/schema\/person\/79bb06722b37ece1c03d3e94beb30d73"},"headline":"La regola dei sch\u00e8i * intervento dei comitati ambientalisti dell&#8217;Alpago","datePublished":"2013-01-20T17:07:42+00:00","dateModified":"2013-01-20T17:07:46+00:00","mainEntityOfPage":{"@id":"https:\/\/www.bellunopress.it\/2013\/01\/20\/la-regola-dei-schei-intervento-dei-comitati-ambientalisti-dellalpago\/"},"wordCount":462,"publisher":{"@id":"https:\/\/www.bellunopress.it\/#organization"},"image":{"@id":"https:\/\/www.bellunopress.it\/2013\/01\/20\/la-regola-dei-schei-intervento-dei-comitati-ambientalisti-dellalpago\/#primaryimage"},"thumbnailUrl":"http:\/\/www.bellunopress.it\/wp-content\/uploads\/2011\/10\/euro.jpg","articleSection":["Meteo, natura, ambiente, animali","Prima Pagina"],"inLanguage":"fr-FR"},{"@type":"WebPage","@id":"https:\/\/www.bellunopress.it\/2013\/01\/20\/la-regola-dei-schei-intervento-dei-comitati-ambientalisti-dellalpago\/","url":"https:\/\/www.bellunopress.it\/2013\/01\/20\/la-regola-dei-schei-intervento-dei-comitati-ambientalisti-dellalpago\/","name":"La regola dei sch\u00e8i * intervento dei comitati ambientalisti dell'Alpago - Bellunopress - Dolomiti","isPartOf":{"@id":"https:\/\/www.bellunopress.it\/#website"},"primaryImageOfPage":{"@id":"https:\/\/www.bellunopress.it\/2013\/01\/20\/la-regola-dei-schei-intervento-dei-comitati-ambientalisti-dellalpago\/#primaryimage"},"image":{"@id":"https:\/\/www.bellunopress.it\/2013\/01\/20\/la-regola-dei-schei-intervento-dei-comitati-ambientalisti-dellalpago\/#primaryimage"},"thumbnailUrl":"http:\/\/www.bellunopress.it\/wp-content\/uploads\/2011\/10\/euro.jpg","datePublished":"2013-01-20T17:07:42+00:00","dateModified":"2013-01-20T17:07:46+00:00","breadcrumb":{"@id":"https:\/\/www.bellunopress.it\/2013\/01\/20\/la-regola-dei-schei-intervento-dei-comitati-ambientalisti-dellalpago\/#breadcrumb"},"inLanguage":"fr-FR","potentialAction":[{"@type":"ReadAction","target":["https:\/\/www.bellunopress.it\/2013\/01\/20\/la-regola-dei-schei-intervento-dei-comitati-ambientalisti-dellalpago\/"]}]},{"@type":"ImageObject","inLanguage":"fr-FR","@id":"https:\/\/www.bellunopress.it\/2013\/01\/20\/la-regola-dei-schei-intervento-dei-comitati-ambientalisti-dellalpago\/#primaryimage","url":"http:\/\/www.bellunopress.it\/wp-content\/uploads\/2011\/10\/euro.jpg","contentUrl":"http:\/\/www.bellunopress.it\/wp-content\/uploads\/2011\/10\/euro.jpg"},{"@type":"BreadcrumbList","@id":"https:\/\/www.bellunopress.it\/2013\/01\/20\/la-regola-dei-schei-intervento-dei-comitati-ambientalisti-dellalpago\/#breadcrumb","itemListElement":[{"@type":"ListItem","position":1,"name":"Home","item":"https:\/\/www.bellunopress.it\/"},{"@type":"ListItem","position":2,"name":"La regola dei sch\u00e8i * intervento dei comitati ambientalisti dell&#8217;Alpago"}]},{"@type":"WebSite","@id":"https:\/\/www.bellunopress.it\/#website","url":"https:\/\/www.bellunopress.it\/","name":"Bellunopress - Dolomiti","description":"e-mail: redazione@bellunopress.it","publisher":{"@id":"https:\/\/www.bellunopress.it\/#organization"},"potentialAction":[{"@type":"SearchAction","target":{"@type":"EntryPoint","urlTemplate":"https:\/\/www.bellunopress.it\/?s={search_term_string}"},"query-input":{"@type":"PropertyValueSpecification","valueRequired":true,"valueName":"search_term_string"}}],"inLanguage":"fr-FR"},{"@type":"Organization","@id":"https:\/\/www.bellunopress.it\/#organization","name":"Bellunopress","url":"https:\/\/www.bellunopress.it\/","logo":{"@type":"ImageObject","inLanguage":"fr-FR","@id":"https:\/\/www.bellunopress.it\/#\/schema\/logo\/image\/","url":"https:\/\/www.bellunopress.it\/wp-content\/uploads\/2011\/05\/cropped-logo-bellunopress-.jpg","contentUrl":"https:\/\/www.bellunopress.it\/wp-content\/uploads\/2011\/05\/cropped-logo-bellunopress-.jpg","width":512,"height":512,"caption":"Bellunopress"},"image":{"@id":"https:\/\/www.bellunopress.it\/#\/schema\/logo\/image\/"},"sameAs":["https:\/\/www.facebook.com\/profile.php?id=100008943462799","https:\/\/x.com\/bellunopress","https:\/\/www.linkedin.com\/hp\/?dnr=JBzUWaJfMUw8vbXJJ2tVW5-I3jZKvC4wsoxE&amp;amp;amp;amp;amp;amp;trk=nav_responsive_tab_home","https:\/\/www.youtube.com\/channel\/UCxL0wu1uN0_3_7hGG0306cw"]},{"@type":"Person","@id":"https:\/\/www.bellunopress.it\/#\/schema\/person\/79bb06722b37ece1c03d3e94beb30d73","name":"r\u00e9daction","image":{"@type":"ImageObject","inLanguage":"fr-FR","@id":"https:\/\/secure.gravatar.com\/avatar\/37d968a2e67a6fd04c169c4bdef102d0bc5d31b2546345219e348575eb80e9a0?s=96&d=mm&r=g","url":"https:\/\/secure.gravatar.com\/avatar\/37d968a2e67a6fd04c169c4bdef102d0bc5d31b2546345219e348575eb80e9a0?s=96&d=mm&r=g","contentUrl":"https:\/\/secure.gravatar.com\/avatar\/37d968a2e67a6fd04c169c4bdef102d0bc5d31b2546345219e348575eb80e9a0?s=96&d=mm&r=g","caption":"redazione"},"sameAs":["http:\/\/www.bellunopress.it","https:\/\/x.com\/bellunopress"],"url":"https:\/\/www.bellunopress.it\/fr\/author\/redazione\/"}]}},"_links":{"self":[{"href":"https:\/\/www.bellunopress.it\/fr\/wp-json\/wp\/v2\/posts\/45879","targetHints":{"allow":["GET"]}}],"collection":[{"href":"https:\/\/www.bellunopress.it\/fr\/wp-json\/wp\/v2\/posts"}],"about":[{"href":"https:\/\/www.bellunopress.it\/fr\/wp-json\/wp\/v2\/types\/post"}],"author":[{"embeddable":true,"href":"https:\/\/www.bellunopress.it\/fr\/wp-json\/wp\/v2\/users\/2"}],"replies":[{"embeddable":true,"href":"https:\/\/www.bellunopress.it\/fr\/wp-json\/wp\/v2\/comments?post=45879"}],"version-history":[{"count":2,"href":"https:\/\/www.bellunopress.it\/fr\/wp-json\/wp\/v2\/posts\/45879\/revisions"}],"predecessor-version":[{"id":45882,"href":"https:\/\/www.bellunopress.it\/fr\/wp-json\/wp\/v2\/posts\/45879\/revisions\/45882"}],"wp:attachment":[{"href":"https:\/\/www.bellunopress.it\/fr\/wp-json\/wp\/v2\/media?parent=45879"}],"wp:term":[{"taxonomy":"category","embeddable":true,"href":"https:\/\/www.bellunopress.it\/fr\/wp-json\/wp\/v2\/categories?post=45879"},{"taxonomy":"post_tag","embeddable":true,"href":"https:\/\/www.bellunopress.it\/fr\/wp-json\/wp\/v2\/tags?post=45879"}],"curies":[{"name":"wp","href":"https:\/\/api.w.org\/{rel}","templated":true}]}}