{"id":4586,"date":"2009-06-08T11:48:17","date_gmt":"2009-06-08T10:48:17","guid":{"rendered":"http:\/\/www.bellunopress.it\/?p=4586"},"modified":"2009-06-08T11:48:17","modified_gmt":"2009-06-08T10:48:17","slug":"i-ragazzi-della-squadra-nazionale-vela-optimist-ospiti-a-farra-d%e2%80%99alpago","status":"publish","type":"post","link":"https:\/\/www.bellunopress.it\/fr\/2009\/06\/08\/i-ragazzi-della-squadra-nazionale-vela-optimist-ospiti-a-farra-d%e2%80%99alpago\/","title":{"rendered":"I ragazzi della squadra Nazionale Vela Optimist ospiti a Farra d\u2019Alpago"},"content":{"rendered":"<p><a href=\"http:\/\/www.bellunopress.it\/wp-content\/uploads\/2009\/06\/optimist-al-via-leggera.jpg\"><img loading=\"lazy\" decoding=\"async\" class=\"alignleft size-medium wp-image-4587\" title=\"optimist-al-via-leggera\" src=\"http:\/\/www.bellunopress.it\/wp-content\/uploads\/2009\/06\/optimist-al-via-leggera.jpg\" alt=\"\" width=\"270\" height=\"199\" \/><\/a> La squadra Nazionale Vela Optimist sar\u00e0 ospite da mercoled\u00ec 10 a venerd\u00ec 12 giugno a Farra d\u2019Alpago. Sono una ventina i ragazzi in et\u00e0 compresa dai 12 ai 15 anni in arrivo da ogni parte d\u2019Italia, isole comprese, accompagnati dallo staff tecnico e dagli allenatori, che mercoled\u00ec sera verranno accolti dall\u2019amministrazione comunale e dal sindaco Floriano De Pra nella sala consigliare del municipio per uno scambio di doni. Per loro due giornate di intensi allenamenti sul lago di Santa Croce, in vista degli imminenti Campionati Europei della categoria Optimist in programma in Slovenia, organizzate dalla Lega Navale Italiana di Belluno \u2013 Gruppo Vela Santa Croce.\u00a0 \u201cIl lago di Santa Croce \u00e8 stato scelto per la prima volta per un avvenimento cos\u00ec importante\u201d \u2013 spiega il presidente della LNI Belluno Piero Fontanella \u2013 \u201c perch\u00e9 finalmente vengono riconosciute le caratteristiche positive di questo campo di regata e allenamento, grazie alle attivit\u00e0 e alla propaganda che conduciamo da diversi anni in collaborazione anche con la tredicesima zona Fiv di Tullio Sain\u201d. Per il comune di Farra \u00e8 anche un\u2019occasione di promozione del territorio. Ai giovani atleti, nell\u2019incontro previsto in comune, verr\u00e0 infatti consegnato un volume fotografico e informativo edito dalla Comunit\u00e0 montana dell\u2019Alpago ricco di documenti ed immagini.<\/p>","protected":false},"excerpt":{"rendered":"<p>La squadra Nazionale Vela Optimist sar\u00e0 ospite da mercoled\u00ec 10 a venerd\u00ec 12 giugno a Farra d\u2019Alpago. Sono una ventina i ragazzi in et\u00e0 compresa dai 12 ai 15 anni in arrivo da ogni parte d\u2019Italia, isole comprese, accompagnati dallo staff tecnico e dagli allenatori, che mercoled\u00ec sera verranno accolti dall\u2019amministrazione comunale e dal sindaco [&hellip;]<\/p>\n","protected":false},"author":2,"featured_media":0,"comment_status":"closed","ping_status":"open","sticky":false,"template":"","format":"standard","meta":{"footnotes":""},"categories":[25,4],"tags":[139],"class_list":["post-4586","post","type-post","status-publish","format-standard","category-pausa-caffe","category-sport","tag-belluno"],"yoast_head":"<!-- This site is optimized with the Yoast SEO plugin v28.4 - https:\/\/yoast.com\/product\/yoast-seo-wordpress\/ -->\n<title>I ragazzi della squadra Nazionale Vela Optimist ospiti a Farra d\u2019Alpago - Bellunopress - Dolomiti<\/title>\n<meta name=\"robots\" content=\"index, follow, max-snippet:-1, max-image-preview:large, max-video-preview:-1\" \/>\n<link rel=\"canonical\" href=\"https:\/\/www.bellunopress.it\/fr\/2009\/06\/08\/i-ragazzi-della-squadra-nazionale-vela-optimist-ospiti-a-farra-d\u2019alpago\/\" \/>\n<meta property=\"og:locale\" content=\"fr_FR\" \/>\n<meta property=\"og:type\" content=\"article\" \/>\n<meta property=\"og:title\" content=\"I ragazzi della squadra Nazionale Vela Optimist ospiti a Farra d\u2019Alpago - Bellunopress - Dolomiti\" \/>\n<meta property=\"og:description\" content=\"La squadra Nazionale Vela Optimist sar\u00e0 ospite da mercoled\u00ec 10 a venerd\u00ec 12 giugno a Farra d\u2019Alpago. Sono una ventina i ragazzi in et\u00e0 compresa dai 12 ai 15 anni in arrivo da ogni parte d\u2019Italia, isole comprese, accompagnati dallo staff tecnico e dagli allenatori, che mercoled\u00ec sera verranno accolti dall\u2019amministrazione comunale e dal sindaco [&hellip;]\" \/>\n<meta property=\"og:url\" content=\"https:\/\/www.bellunopress.it\/fr\/2009\/06\/08\/i-ragazzi-della-squadra-nazionale-vela-optimist-ospiti-a-farra-d\u2019alpago\/\" \/>\n<meta property=\"og:site_name\" content=\"Bellunopress - Dolomiti\" \/>\n<meta property=\"article:publisher\" content=\"https:\/\/www.facebook.com\/profile.php?id=100008943462799\" \/>\n<meta property=\"article:published_time\" content=\"2009-06-08T10:48:17+00:00\" \/>\n<meta property=\"og:image\" content=\"http:\/\/www.bellunopress.it\/wp-content\/uploads\/2009\/06\/optimist-al-via-leggera.jpg\" \/>\n<meta name=\"author\" content=\"redazione\" \/>\n<meta name=\"twitter:card\" content=\"summary_large_image\" \/>\n<meta name=\"twitter:creator\" content=\"@bellunopress\" \/>\n<meta name=\"twitter:site\" content=\"@bellunopress\" \/>\n<meta name=\"twitter:label1\" content=\"Written by\" \/>\n\t<meta name=\"twitter:data1\" content=\"redazione\" \/>\n\t<meta name=\"twitter:label2\" content=\"Est. reading time\" \/>\n\t<meta name=\"twitter:data2\" content=\"1 minute\" \/>\n<script type=\"application\/ld+json\" class=\"yoast-schema-graph\">{\"@context\":\"https:\\\/\\\/schema.org\",\"@graph\":[{\"@type\":\"Article\",\"@id\":\"https:\\\/\\\/www.bellunopress.it\\\/2009\\\/06\\\/08\\\/i-ragazzi-della-squadra-nazionale-vela-optimist-ospiti-a-farra-d%e2%80%99alpago\\\/#article\",\"isPartOf\":{\"@id\":\"https:\\\/\\\/www.bellunopress.it\\\/2009\\\/06\\\/08\\\/i-ragazzi-della-squadra-nazionale-vela-optimist-ospiti-a-farra-d%e2%80%99alpago\\\/\"},\"author\":{\"name\":\"redazione\",\"@id\":\"https:\\\/\\\/www.bellunopress.it\\\/#\\\/schema\\\/person\\\/79bb06722b37ece1c03d3e94beb30d73\"},\"headline\":\"I ragazzi della squadra Nazionale Vela Optimist ospiti a Farra d\u2019Alpago\",\"datePublished\":\"2009-06-08T10:48:17+00:00\",\"mainEntityOfPage\":{\"@id\":\"https:\\\/\\\/www.bellunopress.it\\\/2009\\\/06\\\/08\\\/i-ragazzi-della-squadra-nazionale-vela-optimist-ospiti-a-farra-d%e2%80%99alpago\\\/\"},\"wordCount\":214,\"publisher\":{\"@id\":\"https:\\\/\\\/www.bellunopress.it\\\/#organization\"},\"image\":{\"@id\":\"https:\\\/\\\/www.bellunopress.it\\\/2009\\\/06\\\/08\\\/i-ragazzi-della-squadra-nazionale-vela-optimist-ospiti-a-farra-d%e2%80%99alpago\\\/#primaryimage\"},\"thumbnailUrl\":\"http:\\\/\\\/www.bellunopress.it\\\/wp-content\\\/uploads\\\/2009\\\/06\\\/optimist-al-via-leggera.jpg\",\"keywords\":[\"Belluno\"],\"articleSection\":[\"Pausa Caff\u00e8\",\"Sport, tempo libero\"],\"inLanguage\":\"fr-FR\"},{\"@type\":\"WebPage\",\"@id\":\"https:\\\/\\\/www.bellunopress.it\\\/2009\\\/06\\\/08\\\/i-ragazzi-della-squadra-nazionale-vela-optimist-ospiti-a-farra-d%e2%80%99alpago\\\/\",\"url\":\"https:\\\/\\\/www.bellunopress.it\\\/2009\\\/06\\\/08\\\/i-ragazzi-della-squadra-nazionale-vela-optimist-ospiti-a-farra-d%e2%80%99alpago\\\/\",\"name\":\"I ragazzi della squadra Nazionale Vela Optimist ospiti a Farra d\u2019Alpago - Bellunopress - Dolomiti\",\"isPartOf\":{\"@id\":\"https:\\\/\\\/www.bellunopress.it\\\/#website\"},\"primaryImageOfPage\":{\"@id\":\"https:\\\/\\\/www.bellunopress.it\\\/2009\\\/06\\\/08\\\/i-ragazzi-della-squadra-nazionale-vela-optimist-ospiti-a-farra-d%e2%80%99alpago\\\/#primaryimage\"},\"image\":{\"@id\":\"https:\\\/\\\/www.bellunopress.it\\\/2009\\\/06\\\/08\\\/i-ragazzi-della-squadra-nazionale-vela-optimist-ospiti-a-farra-d%e2%80%99alpago\\\/#primaryimage\"},\"thumbnailUrl\":\"http:\\\/\\\/www.bellunopress.it\\\/wp-content\\\/uploads\\\/2009\\\/06\\\/optimist-al-via-leggera.jpg\",\"datePublished\":\"2009-06-08T10:48:17+00:00\",\"breadcrumb\":{\"@id\":\"https:\\\/\\\/www.bellunopress.it\\\/2009\\\/06\\\/08\\\/i-ragazzi-della-squadra-nazionale-vela-optimist-ospiti-a-farra-d%e2%80%99alpago\\\/#breadcrumb\"},\"inLanguage\":\"fr-FR\",\"potentialAction\":[{\"@type\":\"ReadAction\",\"target\":[\"https:\\\/\\\/www.bellunopress.it\\\/2009\\\/06\\\/08\\\/i-ragazzi-della-squadra-nazionale-vela-optimist-ospiti-a-farra-d%e2%80%99alpago\\\/\"]}]},{\"@type\":\"ImageObject\",\"inLanguage\":\"fr-FR\",\"@id\":\"https:\\\/\\\/www.bellunopress.it\\\/2009\\\/06\\\/08\\\/i-ragazzi-della-squadra-nazionale-vela-optimist-ospiti-a-farra-d%e2%80%99alpago\\\/#primaryimage\",\"url\":\"http:\\\/\\\/www.bellunopress.it\\\/wp-content\\\/uploads\\\/2009\\\/06\\\/optimist-al-via-leggera.jpg\",\"contentUrl\":\"http:\\\/\\\/www.bellunopress.it\\\/wp-content\\\/uploads\\\/2009\\\/06\\\/optimist-al-via-leggera.jpg\"},{\"@type\":\"BreadcrumbList\",\"@id\":\"https:\\\/\\\/www.bellunopress.it\\\/2009\\\/06\\\/08\\\/i-ragazzi-della-squadra-nazionale-vela-optimist-ospiti-a-farra-d%e2%80%99alpago\\\/#breadcrumb\",\"itemListElement\":[{\"@type\":\"ListItem\",\"position\":1,\"name\":\"Home\",\"item\":\"https:\\\/\\\/www.bellunopress.it\\\/\"},{\"@type\":\"ListItem\",\"position\":2,\"name\":\"I ragazzi della squadra Nazionale Vela Optimist ospiti a Farra d\u2019Alpago\"}]},{\"@type\":\"WebSite\",\"@id\":\"https:\\\/\\\/www.bellunopress.it\\\/#website\",\"url\":\"https:\\\/\\\/www.bellunopress.it\\\/\",\"name\":\"Bellunopress - Dolomiti\",\"description\":\"e-mail: redazione@bellunopress.it\",\"publisher\":{\"@id\":\"https:\\\/\\\/www.bellunopress.it\\\/#organization\"},\"potentialAction\":[{\"@type\":\"SearchAction\",\"target\":{\"@type\":\"EntryPoint\",\"urlTemplate\":\"https:\\\/\\\/www.bellunopress.it\\\/?s={search_term_string}\"},\"query-input\":{\"@type\":\"PropertyValueSpecification\",\"valueRequired\":true,\"valueName\":\"search_term_string\"}}],\"inLanguage\":\"fr-FR\"},{\"@type\":\"Organization\",\"@id\":\"https:\\\/\\\/www.bellunopress.it\\\/#organization\",\"name\":\"Bellunopress\",\"url\":\"https:\\\/\\\/www.bellunopress.it\\\/\",\"logo\":{\"@type\":\"ImageObject\",\"inLanguage\":\"fr-FR\",\"@id\":\"https:\\\/\\\/www.bellunopress.it\\\/#\\\/schema\\\/logo\\\/image\\\/\",\"url\":\"https:\\\/\\\/www.bellunopress.it\\\/wp-content\\\/uploads\\\/2011\\\/05\\\/cropped-logo-bellunopress-.jpg\",\"contentUrl\":\"https:\\\/\\\/www.bellunopress.it\\\/wp-content\\\/uploads\\\/2011\\\/05\\\/cropped-logo-bellunopress-.jpg\",\"width\":512,\"height\":512,\"caption\":\"Bellunopress\"},\"image\":{\"@id\":\"https:\\\/\\\/www.bellunopress.it\\\/#\\\/schema\\\/logo\\\/image\\\/\"},\"sameAs\":[\"https:\\\/\\\/www.facebook.com\\\/profile.php?id=100008943462799\",\"https:\\\/\\\/x.com\\\/bellunopress\",\"https:\\\/\\\/www.linkedin.com\\\/hp\\\/?dnr=JBzUWaJfMUw8vbXJJ2tVW5-I3jZKvC4wsoxE&amp;amp;amp;amp;amp;amp;trk=nav_responsive_tab_home\",\"https:\\\/\\\/www.youtube.com\\\/channel\\\/UCxL0wu1uN0_3_7hGG0306cw\"]},{\"@type\":\"Person\",\"@id\":\"https:\\\/\\\/www.bellunopress.it\\\/#\\\/schema\\\/person\\\/79bb06722b37ece1c03d3e94beb30d73\",\"name\":\"redazione\",\"image\":{\"@type\":\"ImageObject\",\"inLanguage\":\"fr-FR\",\"@id\":\"https:\\\/\\\/secure.gravatar.com\\\/avatar\\\/37d968a2e67a6fd04c169c4bdef102d0bc5d31b2546345219e348575eb80e9a0?s=96&d=mm&r=g\",\"url\":\"https:\\\/\\\/secure.gravatar.com\\\/avatar\\\/37d968a2e67a6fd04c169c4bdef102d0bc5d31b2546345219e348575eb80e9a0?s=96&d=mm&r=g\",\"contentUrl\":\"https:\\\/\\\/secure.gravatar.com\\\/avatar\\\/37d968a2e67a6fd04c169c4bdef102d0bc5d31b2546345219e348575eb80e9a0?s=96&d=mm&r=g\",\"caption\":\"redazione\"},\"sameAs\":[\"http:\\\/\\\/www.bellunopress.it\",\"https:\\\/\\\/x.com\\\/bellunopress\"],\"url\":\"https:\\\/\\\/www.bellunopress.it\\\/fr\\\/author\\\/redazione\\\/\"}]}<\/script>\n<!-- \/ Yoast SEO plugin. -->","yoast_head_json":{"title":"I ragazzi della squadra Nazionale Vela Optimist ospiti a Farra d\u2019Alpago - Bellunopress - Dolomiti","robots":{"index":"index","follow":"follow","max-snippet":"max-snippet:-1","max-image-preview":"max-image-preview:large","max-video-preview":"max-video-preview:-1"},"canonical":"https:\/\/www.bellunopress.it\/fr\/2009\/06\/08\/i-ragazzi-della-squadra-nazionale-vela-optimist-ospiti-a-farra-d\u2019alpago\/","og_locale":"fr_FR","og_type":"article","og_title":"I ragazzi della squadra Nazionale Vela Optimist ospiti a Farra d\u2019Alpago - Bellunopress - Dolomiti","og_description":"La squadra Nazionale Vela Optimist sar\u00e0 ospite da mercoled\u00ec 10 a venerd\u00ec 12 giugno a Farra d\u2019Alpago. Sono una ventina i ragazzi in et\u00e0 compresa dai 12 ai 15 anni in arrivo da ogni parte d\u2019Italia, isole comprese, accompagnati dallo staff tecnico e dagli allenatori, che mercoled\u00ec sera verranno accolti dall\u2019amministrazione comunale e dal sindaco [&hellip;]","og_url":"https:\/\/www.bellunopress.it\/fr\/2009\/06\/08\/i-ragazzi-della-squadra-nazionale-vela-optimist-ospiti-a-farra-d\u2019alpago\/","og_site_name":"Bellunopress - Dolomiti","article_publisher":"https:\/\/www.facebook.com\/profile.php?id=100008943462799","article_published_time":"2009-06-08T10:48:17+00:00","og_image":[{"url":"http:\/\/www.bellunopress.it\/wp-content\/uploads\/2009\/06\/optimist-al-via-leggera.jpg","type":"","width":"","height":""}],"author":"redazione","twitter_card":"summary_large_image","twitter_creator":"@bellunopress","twitter_site":"@bellunopress","twitter_misc":{"Written by":"redazione","Est. reading time":"1 minute"},"schema":{"@context":"https:\/\/schema.org","@graph":[{"@type":"Article","@id":"https:\/\/www.bellunopress.it\/2009\/06\/08\/i-ragazzi-della-squadra-nazionale-vela-optimist-ospiti-a-farra-d%e2%80%99alpago\/#article","isPartOf":{"@id":"https:\/\/www.bellunopress.it\/2009\/06\/08\/i-ragazzi-della-squadra-nazionale-vela-optimist-ospiti-a-farra-d%e2%80%99alpago\/"},"author":{"name":"redazione","@id":"https:\/\/www.bellunopress.it\/#\/schema\/person\/79bb06722b37ece1c03d3e94beb30d73"},"headline":"I ragazzi della squadra Nazionale Vela Optimist ospiti a Farra d\u2019Alpago","datePublished":"2009-06-08T10:48:17+00:00","mainEntityOfPage":{"@id":"https:\/\/www.bellunopress.it\/2009\/06\/08\/i-ragazzi-della-squadra-nazionale-vela-optimist-ospiti-a-farra-d%e2%80%99alpago\/"},"wordCount":214,"publisher":{"@id":"https:\/\/www.bellunopress.it\/#organization"},"image":{"@id":"https:\/\/www.bellunopress.it\/2009\/06\/08\/i-ragazzi-della-squadra-nazionale-vela-optimist-ospiti-a-farra-d%e2%80%99alpago\/#primaryimage"},"thumbnailUrl":"http:\/\/www.bellunopress.it\/wp-content\/uploads\/2009\/06\/optimist-al-via-leggera.jpg","keywords":["Belluno"],"articleSection":["Pausa Caff\u00e8","Sport, tempo libero"],"inLanguage":"fr-FR"},{"@type":"WebPage","@id":"https:\/\/www.bellunopress.it\/2009\/06\/08\/i-ragazzi-della-squadra-nazionale-vela-optimist-ospiti-a-farra-d%e2%80%99alpago\/","url":"https:\/\/www.bellunopress.it\/2009\/06\/08\/i-ragazzi-della-squadra-nazionale-vela-optimist-ospiti-a-farra-d%e2%80%99alpago\/","name":"I ragazzi della squadra Nazionale Vela Optimist ospiti a Farra d\u2019Alpago - Bellunopress - Dolomiti","isPartOf":{"@id":"https:\/\/www.bellunopress.it\/#website"},"primaryImageOfPage":{"@id":"https:\/\/www.bellunopress.it\/2009\/06\/08\/i-ragazzi-della-squadra-nazionale-vela-optimist-ospiti-a-farra-d%e2%80%99alpago\/#primaryimage"},"image":{"@id":"https:\/\/www.bellunopress.it\/2009\/06\/08\/i-ragazzi-della-squadra-nazionale-vela-optimist-ospiti-a-farra-d%e2%80%99alpago\/#primaryimage"},"thumbnailUrl":"http:\/\/www.bellunopress.it\/wp-content\/uploads\/2009\/06\/optimist-al-via-leggera.jpg","datePublished":"2009-06-08T10:48:17+00:00","breadcrumb":{"@id":"https:\/\/www.bellunopress.it\/2009\/06\/08\/i-ragazzi-della-squadra-nazionale-vela-optimist-ospiti-a-farra-d%e2%80%99alpago\/#breadcrumb"},"inLanguage":"fr-FR","potentialAction":[{"@type":"ReadAction","target":["https:\/\/www.bellunopress.it\/2009\/06\/08\/i-ragazzi-della-squadra-nazionale-vela-optimist-ospiti-a-farra-d%e2%80%99alpago\/"]}]},{"@type":"ImageObject","inLanguage":"fr-FR","@id":"https:\/\/www.bellunopress.it\/2009\/06\/08\/i-ragazzi-della-squadra-nazionale-vela-optimist-ospiti-a-farra-d%e2%80%99alpago\/#primaryimage","url":"http:\/\/www.bellunopress.it\/wp-content\/uploads\/2009\/06\/optimist-al-via-leggera.jpg","contentUrl":"http:\/\/www.bellunopress.it\/wp-content\/uploads\/2009\/06\/optimist-al-via-leggera.jpg"},{"@type":"BreadcrumbList","@id":"https:\/\/www.bellunopress.it\/2009\/06\/08\/i-ragazzi-della-squadra-nazionale-vela-optimist-ospiti-a-farra-d%e2%80%99alpago\/#breadcrumb","itemListElement":[{"@type":"ListItem","position":1,"name":"Home","item":"https:\/\/www.bellunopress.it\/"},{"@type":"ListItem","position":2,"name":"I ragazzi della squadra Nazionale Vela Optimist ospiti a Farra d\u2019Alpago"}]},{"@type":"WebSite","@id":"https:\/\/www.bellunopress.it\/#website","url":"https:\/\/www.bellunopress.it\/","name":"Bellunopress - Dolomiti","description":"e-mail: redazione@bellunopress.it","publisher":{"@id":"https:\/\/www.bellunopress.it\/#organization"},"potentialAction":[{"@type":"SearchAction","target":{"@type":"EntryPoint","urlTemplate":"https:\/\/www.bellunopress.it\/?s={search_term_string}"},"query-input":{"@type":"PropertyValueSpecification","valueRequired":true,"valueName":"search_term_string"}}],"inLanguage":"fr-FR"},{"@type":"Organization","@id":"https:\/\/www.bellunopress.it\/#organization","name":"Bellunopress","url":"https:\/\/www.bellunopress.it\/","logo":{"@type":"ImageObject","inLanguage":"fr-FR","@id":"https:\/\/www.bellunopress.it\/#\/schema\/logo\/image\/","url":"https:\/\/www.bellunopress.it\/wp-content\/uploads\/2011\/05\/cropped-logo-bellunopress-.jpg","contentUrl":"https:\/\/www.bellunopress.it\/wp-content\/uploads\/2011\/05\/cropped-logo-bellunopress-.jpg","width":512,"height":512,"caption":"Bellunopress"},"image":{"@id":"https:\/\/www.bellunopress.it\/#\/schema\/logo\/image\/"},"sameAs":["https:\/\/www.facebook.com\/profile.php?id=100008943462799","https:\/\/x.com\/bellunopress","https:\/\/www.linkedin.com\/hp\/?dnr=JBzUWaJfMUw8vbXJJ2tVW5-I3jZKvC4wsoxE&amp;amp;amp;amp;amp;amp;trk=nav_responsive_tab_home","https:\/\/www.youtube.com\/channel\/UCxL0wu1uN0_3_7hGG0306cw"]},{"@type":"Person","@id":"https:\/\/www.bellunopress.it\/#\/schema\/person\/79bb06722b37ece1c03d3e94beb30d73","name":"r\u00e9daction","image":{"@type":"ImageObject","inLanguage":"fr-FR","@id":"https:\/\/secure.gravatar.com\/avatar\/37d968a2e67a6fd04c169c4bdef102d0bc5d31b2546345219e348575eb80e9a0?s=96&d=mm&r=g","url":"https:\/\/secure.gravatar.com\/avatar\/37d968a2e67a6fd04c169c4bdef102d0bc5d31b2546345219e348575eb80e9a0?s=96&d=mm&r=g","contentUrl":"https:\/\/secure.gravatar.com\/avatar\/37d968a2e67a6fd04c169c4bdef102d0bc5d31b2546345219e348575eb80e9a0?s=96&d=mm&r=g","caption":"redazione"},"sameAs":["http:\/\/www.bellunopress.it","https:\/\/x.com\/bellunopress"],"url":"https:\/\/www.bellunopress.it\/fr\/author\/redazione\/"}]}},"_links":{"self":[{"href":"https:\/\/www.bellunopress.it\/fr\/wp-json\/wp\/v2\/posts\/4586","targetHints":{"allow":["GET"]}}],"collection":[{"href":"https:\/\/www.bellunopress.it\/fr\/wp-json\/wp\/v2\/posts"}],"about":[{"href":"https:\/\/www.bellunopress.it\/fr\/wp-json\/wp\/v2\/types\/post"}],"author":[{"embeddable":true,"href":"https:\/\/www.bellunopress.it\/fr\/wp-json\/wp\/v2\/users\/2"}],"replies":[{"embeddable":true,"href":"https:\/\/www.bellunopress.it\/fr\/wp-json\/wp\/v2\/comments?post=4586"}],"version-history":[{"count":1,"href":"https:\/\/www.bellunopress.it\/fr\/wp-json\/wp\/v2\/posts\/4586\/revisions"}],"predecessor-version":[{"id":4588,"href":"https:\/\/www.bellunopress.it\/fr\/wp-json\/wp\/v2\/posts\/4586\/revisions\/4588"}],"wp:attachment":[{"href":"https:\/\/www.bellunopress.it\/fr\/wp-json\/wp\/v2\/media?parent=4586"}],"wp:term":[{"taxonomy":"category","embeddable":true,"href":"https:\/\/www.bellunopress.it\/fr\/wp-json\/wp\/v2\/categories?post=4586"},{"taxonomy":"post_tag","embeddable":true,"href":"https:\/\/www.bellunopress.it\/fr\/wp-json\/wp\/v2\/tags?post=4586"}],"curies":[{"name":"wp","href":"https:\/\/api.w.org\/{rel}","templated":true}]}}