{"id":45821,"date":"2013-01-18T22:41:46","date_gmt":"2013-01-18T21:41:46","guid":{"rendered":"http:\/\/www.bellunopress.it\/?p=45821"},"modified":"2013-01-18T22:42:51","modified_gmt":"2013-01-18T21:42:51","slug":"la-carica-dei-pidiellini-ma-solo-paniz-puo-star-tranquillo-con-il-suo-terzo-posto-in-lista-ha-gia-in-tasca-il-passaporto-per-il-parlamento","status":"publish","type":"post","link":"https:\/\/www.bellunopress.it\/fr\/2013\/01\/18\/la-carica-dei-pidiellini-ma-solo-paniz-puo-star-tranquillo-con-il-suo-terzo-posto-in-lista-ha-gia-in-tasca-il-passaporto-per-il-parlamento\/","title":{"rendered":"La carica dei pidiellini. Ma solo Paniz pu\u00f2 star tranquillo, con il suo terzo posto in lista ha gi\u00e0 in tasca il passaporto per il Parlamento"},"content":{"rendered":"<p><a href=\"http:\/\/www.bellunopress.it\/wp-content\/uploads\/2009\/06\/parlamento-leggera1.jpg\"><img loading=\"lazy\" decoding=\"async\" class=\"alignleft size-full wp-image-4995\" alt=\"parlamento-leggera1\" src=\"http:\/\/www.bellunopress.it\/wp-content\/uploads\/2009\/06\/parlamento-leggera1.jpg\" width=\"270\" height=\"203\" \/><\/a>Ha portato bene all&#8217;avvocato ed onorevole Marizio Paniz sostenere, al di l\u00e0 di ogni ragionevole dubbio, l&#8217;assoluta buona fede di Berlusconi allorquando il premier era convinto che \u00a0Ruby fosse la nipote di Mubarak.<\/p>\n<p>Con la terza posizione assegnatagli nella circoscrizione Veneto 2 (Venezia, Treviso e Belluno), infatti, e grazie al sistema elettorale &#8220;porcellum&#8221;, Paniz ha gi\u00e0 in tasca il passaporto con validit\u00e0 5 anni per il Parlamento.<\/p>\n<p>Non si pu\u00f2 dire altrettanto degli altri bellunesi in lista con il Pdl, che al di l\u00e0 delle ovvie dichiarazioni di circostanza degli addetti ai lavori e uomini di partito, dispongono solo di tenui speranze di trovar dimora nella capitale.<\/p>\n<p>Orazio Da Rold \u00e8 dal 7mo posto e dunque possiamo dire che intravede a tratti qualche raggio di sole. Cielo grigio invece per Renata Dal Farra, relegata al nono posto. E buio come a notte fonda per Lorenzo Bortoluzzi finito al 13mo posto, sempre nella circoscrizione Veneto 2 per la camera dei deputati. Inoltre, per dirla tutta, non \u00e8 di buon auspicio la posizione d&#8217;onore, nonch\u00e9 blindata riservata a Renato Brunetta, capolista, che era gi\u00e0 stato punito dai suoi concittadini all&#8217;ultima tornata per la corsa a sindaco di Venezia.<\/p>\n<p>Al nono posto della lista del Senato Veneto troviamo un altro bellunese, il sindaco di Sedico, nonch\u00e9 presidente del Consorzio Bim Piave Giovanni Piccoli. Considerato che capolista \u00e8 Silvio Berlusconi (il premier \u00e8 candidato in tutte le circoscrizioni), se dar\u00e0 le dimissioni nella circoscrizione Veneto, Piccoli guadagna una posizione e passa all&#8217;ottavo posto. Cos\u00ec da vedere anche lui un po\u2019 di raggi del sole. Ma anche qui la luce non \u00e8 persistente, perch\u00e9 il secondo posto della lista \u00e8 presidiato del l&#8217;avvocato Niccol\u00f2 Ghedini, fedelissimo di Berlusconi. Che come Brunetta non \u00e8 certamente un&#8217;icona attraente per l&#8217;elettorato veneto.<\/p>\n<p>Roberto De Nart<\/p>\n<p>&nbsp;<\/p>","protected":false},"excerpt":{"rendered":"<p>Ha portato bene all&#8217;avvocato ed onorevole Marizio Paniz sostenere, al di l\u00e0 di ogni ragionevole dubbio, l&#8217;assoluta buona fede di Berlusconi allorquando il premier era convinto che \u00a0Ruby fosse la nipote di Mubarak. Con la terza posizione assegnatagli nella circoscrizione Veneto 2 (Venezia, Treviso e Belluno), infatti, e grazie al sistema elettorale &#8220;porcellum&#8221;, Paniz ha [&hellip;]<\/p>\n","protected":false},"author":2,"featured_media":0,"comment_status":"closed","ping_status":"open","sticky":false,"template":"","format":"standard","meta":{"footnotes":""},"categories":[1],"tags":[],"class_list":["post-45821","post","type-post","status-publish","format-standard","category-leo"],"yoast_head":"<!-- This site is optimized with the Yoast SEO plugin v28.4 - https:\/\/yoast.com\/product\/yoast-seo-wordpress\/ -->\n<title>La carica dei pidiellini. Ma solo Paniz pu\u00f2 star tranquillo, con il suo terzo posto in lista ha gi\u00e0 in tasca il passaporto per il Parlamento   - Bellunopress - Dolomiti<\/title>\n<meta name=\"robots\" content=\"index, follow, max-snippet:-1, max-image-preview:large, max-video-preview:-1\" \/>\n<link rel=\"canonical\" href=\"https:\/\/www.bellunopress.it\/fr\/2013\/01\/18\/la-carica-dei-pidiellini-ma-solo-paniz-puo-star-tranquillo-con-il-suo-terzo-posto-in-lista-ha-gia-in-tasca-il-passaporto-per-il-parlamento\/\" \/>\n<meta property=\"og:locale\" content=\"fr_FR\" \/>\n<meta property=\"og:type\" content=\"article\" \/>\n<meta property=\"og:title\" content=\"La carica dei pidiellini. Ma solo Paniz pu\u00f2 star tranquillo, con il suo terzo posto in lista ha gi\u00e0 in tasca il passaporto per il Parlamento   - Bellunopress - Dolomiti\" \/>\n<meta property=\"og:description\" content=\"Ha portato bene all&#8217;avvocato ed onorevole Marizio Paniz sostenere, al di l\u00e0 di ogni ragionevole dubbio, l&#8217;assoluta buona fede di Berlusconi allorquando il premier era convinto che \u00a0Ruby fosse la nipote di Mubarak. Con la terza posizione assegnatagli nella circoscrizione Veneto 2 (Venezia, Treviso e Belluno), infatti, e grazie al sistema elettorale &#8220;porcellum&#8221;, Paniz ha [&hellip;]\" \/>\n<meta property=\"og:url\" content=\"https:\/\/www.bellunopress.it\/fr\/2013\/01\/18\/la-carica-dei-pidiellini-ma-solo-paniz-puo-star-tranquillo-con-il-suo-terzo-posto-in-lista-ha-gia-in-tasca-il-passaporto-per-il-parlamento\/\" \/>\n<meta property=\"og:site_name\" content=\"Bellunopress - Dolomiti\" \/>\n<meta property=\"article:publisher\" content=\"https:\/\/www.facebook.com\/profile.php?id=100008943462799\" \/>\n<meta property=\"article:published_time\" content=\"2013-01-18T21:41:46+00:00\" \/>\n<meta property=\"article:modified_time\" content=\"2013-01-18T21:42:51+00:00\" \/>\n<meta property=\"og:image\" content=\"http:\/\/www.bellunopress.it\/wp-content\/uploads\/2009\/06\/parlamento-leggera1.jpg\" \/>\n<meta name=\"author\" content=\"redazione\" \/>\n<meta name=\"twitter:card\" content=\"summary_large_image\" \/>\n<meta name=\"twitter:creator\" content=\"@bellunopress\" \/>\n<meta name=\"twitter:site\" content=\"@bellunopress\" \/>\n<meta name=\"twitter:label1\" content=\"\u00c9crit par\" \/>\n\t<meta name=\"twitter:data1\" content=\"redazione\" \/>\n\t<meta name=\"twitter:label2\" content=\"Dur\u00e9e de lecture estim\u00e9e\" \/>\n\t<meta name=\"twitter:data2\" content=\"1 minute\" \/>\n<script type=\"application\/ld+json\" class=\"yoast-schema-graph\">{\"@context\":\"https:\\\/\\\/schema.org\",\"@graph\":[{\"@type\":\"Article\",\"@id\":\"https:\\\/\\\/www.bellunopress.it\\\/2013\\\/01\\\/18\\\/la-carica-dei-pidiellini-ma-solo-paniz-puo-star-tranquillo-con-il-suo-terzo-posto-in-lista-ha-gia-in-tasca-il-passaporto-per-il-parlamento\\\/#article\",\"isPartOf\":{\"@id\":\"https:\\\/\\\/www.bellunopress.it\\\/2013\\\/01\\\/18\\\/la-carica-dei-pidiellini-ma-solo-paniz-puo-star-tranquillo-con-il-suo-terzo-posto-in-lista-ha-gia-in-tasca-il-passaporto-per-il-parlamento\\\/\"},\"author\":{\"name\":\"redazione\",\"@id\":\"https:\\\/\\\/www.bellunopress.it\\\/#\\\/schema\\\/person\\\/79bb06722b37ece1c03d3e94beb30d73\"},\"headline\":\"La carica dei pidiellini. Ma solo Paniz pu\u00f2 star tranquillo, con il suo terzo posto in lista ha gi\u00e0 in tasca il passaporto per il Parlamento\",\"datePublished\":\"2013-01-18T21:41:46+00:00\",\"dateModified\":\"2013-01-18T21:42:51+00:00\",\"mainEntityOfPage\":{\"@id\":\"https:\\\/\\\/www.bellunopress.it\\\/2013\\\/01\\\/18\\\/la-carica-dei-pidiellini-ma-solo-paniz-puo-star-tranquillo-con-il-suo-terzo-posto-in-lista-ha-gia-in-tasca-il-passaporto-per-il-parlamento\\\/\"},\"wordCount\":322,\"publisher\":{\"@id\":\"https:\\\/\\\/www.bellunopress.it\\\/#organization\"},\"image\":{\"@id\":\"https:\\\/\\\/www.bellunopress.it\\\/2013\\\/01\\\/18\\\/la-carica-dei-pidiellini-ma-solo-paniz-puo-star-tranquillo-con-il-suo-terzo-posto-in-lista-ha-gia-in-tasca-il-passaporto-per-il-parlamento\\\/#primaryimage\"},\"thumbnailUrl\":\"http:\\\/\\\/www.bellunopress.it\\\/wp-content\\\/uploads\\\/2009\\\/06\\\/parlamento-leggera1.jpg\",\"articleSection\":[\"Lettere Opinioni\"],\"inLanguage\":\"fr-FR\"},{\"@type\":\"WebPage\",\"@id\":\"https:\\\/\\\/www.bellunopress.it\\\/2013\\\/01\\\/18\\\/la-carica-dei-pidiellini-ma-solo-paniz-puo-star-tranquillo-con-il-suo-terzo-posto-in-lista-ha-gia-in-tasca-il-passaporto-per-il-parlamento\\\/\",\"url\":\"https:\\\/\\\/www.bellunopress.it\\\/2013\\\/01\\\/18\\\/la-carica-dei-pidiellini-ma-solo-paniz-puo-star-tranquillo-con-il-suo-terzo-posto-in-lista-ha-gia-in-tasca-il-passaporto-per-il-parlamento\\\/\",\"name\":\"La carica dei pidiellini. Ma solo Paniz pu\u00f2 star tranquillo, con il suo terzo posto in lista ha gi\u00e0 in tasca il passaporto per il Parlamento - Bellunopress - Dolomiti\",\"isPartOf\":{\"@id\":\"https:\\\/\\\/www.bellunopress.it\\\/#website\"},\"primaryImageOfPage\":{\"@id\":\"https:\\\/\\\/www.bellunopress.it\\\/2013\\\/01\\\/18\\\/la-carica-dei-pidiellini-ma-solo-paniz-puo-star-tranquillo-con-il-suo-terzo-posto-in-lista-ha-gia-in-tasca-il-passaporto-per-il-parlamento\\\/#primaryimage\"},\"image\":{\"@id\":\"https:\\\/\\\/www.bellunopress.it\\\/2013\\\/01\\\/18\\\/la-carica-dei-pidiellini-ma-solo-paniz-puo-star-tranquillo-con-il-suo-terzo-posto-in-lista-ha-gia-in-tasca-il-passaporto-per-il-parlamento\\\/#primaryimage\"},\"thumbnailUrl\":\"http:\\\/\\\/www.bellunopress.it\\\/wp-content\\\/uploads\\\/2009\\\/06\\\/parlamento-leggera1.jpg\",\"datePublished\":\"2013-01-18T21:41:46+00:00\",\"dateModified\":\"2013-01-18T21:42:51+00:00\",\"breadcrumb\":{\"@id\":\"https:\\\/\\\/www.bellunopress.it\\\/2013\\\/01\\\/18\\\/la-carica-dei-pidiellini-ma-solo-paniz-puo-star-tranquillo-con-il-suo-terzo-posto-in-lista-ha-gia-in-tasca-il-passaporto-per-il-parlamento\\\/#breadcrumb\"},\"inLanguage\":\"fr-FR\",\"potentialAction\":[{\"@type\":\"ReadAction\",\"target\":[\"https:\\\/\\\/www.bellunopress.it\\\/2013\\\/01\\\/18\\\/la-carica-dei-pidiellini-ma-solo-paniz-puo-star-tranquillo-con-il-suo-terzo-posto-in-lista-ha-gia-in-tasca-il-passaporto-per-il-parlamento\\\/\"]}]},{\"@type\":\"ImageObject\",\"inLanguage\":\"fr-FR\",\"@id\":\"https:\\\/\\\/www.bellunopress.it\\\/2013\\\/01\\\/18\\\/la-carica-dei-pidiellini-ma-solo-paniz-puo-star-tranquillo-con-il-suo-terzo-posto-in-lista-ha-gia-in-tasca-il-passaporto-per-il-parlamento\\\/#primaryimage\",\"url\":\"http:\\\/\\\/www.bellunopress.it\\\/wp-content\\\/uploads\\\/2009\\\/06\\\/parlamento-leggera1.jpg\",\"contentUrl\":\"http:\\\/\\\/www.bellunopress.it\\\/wp-content\\\/uploads\\\/2009\\\/06\\\/parlamento-leggera1.jpg\"},{\"@type\":\"BreadcrumbList\",\"@id\":\"https:\\\/\\\/www.bellunopress.it\\\/2013\\\/01\\\/18\\\/la-carica-dei-pidiellini-ma-solo-paniz-puo-star-tranquillo-con-il-suo-terzo-posto-in-lista-ha-gia-in-tasca-il-passaporto-per-il-parlamento\\\/#breadcrumb\",\"itemListElement\":[{\"@type\":\"ListItem\",\"position\":1,\"name\":\"Home\",\"item\":\"https:\\\/\\\/www.bellunopress.it\\\/\"},{\"@type\":\"ListItem\",\"position\":2,\"name\":\"La carica dei pidiellini. Ma solo Paniz pu\u00f2 star tranquillo, con il suo terzo posto in lista ha gi\u00e0 in tasca il passaporto per il Parlamento\"}]},{\"@type\":\"WebSite\",\"@id\":\"https:\\\/\\\/www.bellunopress.it\\\/#website\",\"url\":\"https:\\\/\\\/www.bellunopress.it\\\/\",\"name\":\"Bellunopress - Dolomiti\",\"description\":\"e-mail: redazione@bellunopress.it\",\"publisher\":{\"@id\":\"https:\\\/\\\/www.bellunopress.it\\\/#organization\"},\"potentialAction\":[{\"@type\":\"SearchAction\",\"target\":{\"@type\":\"EntryPoint\",\"urlTemplate\":\"https:\\\/\\\/www.bellunopress.it\\\/?s={search_term_string}\"},\"query-input\":{\"@type\":\"PropertyValueSpecification\",\"valueRequired\":true,\"valueName\":\"search_term_string\"}}],\"inLanguage\":\"fr-FR\"},{\"@type\":\"Organization\",\"@id\":\"https:\\\/\\\/www.bellunopress.it\\\/#organization\",\"name\":\"Bellunopress\",\"url\":\"https:\\\/\\\/www.bellunopress.it\\\/\",\"logo\":{\"@type\":\"ImageObject\",\"inLanguage\":\"fr-FR\",\"@id\":\"https:\\\/\\\/www.bellunopress.it\\\/#\\\/schema\\\/logo\\\/image\\\/\",\"url\":\"https:\\\/\\\/www.bellunopress.it\\\/wp-content\\\/uploads\\\/2011\\\/05\\\/cropped-logo-bellunopress-.jpg\",\"contentUrl\":\"https:\\\/\\\/www.bellunopress.it\\\/wp-content\\\/uploads\\\/2011\\\/05\\\/cropped-logo-bellunopress-.jpg\",\"width\":512,\"height\":512,\"caption\":\"Bellunopress\"},\"image\":{\"@id\":\"https:\\\/\\\/www.bellunopress.it\\\/#\\\/schema\\\/logo\\\/image\\\/\"},\"sameAs\":[\"https:\\\/\\\/www.facebook.com\\\/profile.php?id=100008943462799\",\"https:\\\/\\\/x.com\\\/bellunopress\",\"https:\\\/\\\/www.linkedin.com\\\/hp\\\/?dnr=JBzUWaJfMUw8vbXJJ2tVW5-I3jZKvC4wsoxE&amp;amp;amp;amp;amp;amp;trk=nav_responsive_tab_home\",\"https:\\\/\\\/www.youtube.com\\\/channel\\\/UCxL0wu1uN0_3_7hGG0306cw\"]},{\"@type\":\"Person\",\"@id\":\"https:\\\/\\\/www.bellunopress.it\\\/#\\\/schema\\\/person\\\/79bb06722b37ece1c03d3e94beb30d73\",\"name\":\"redazione\",\"image\":{\"@type\":\"ImageObject\",\"inLanguage\":\"fr-FR\",\"@id\":\"https:\\\/\\\/secure.gravatar.com\\\/avatar\\\/37d968a2e67a6fd04c169c4bdef102d0bc5d31b2546345219e348575eb80e9a0?s=96&d=mm&r=g\",\"url\":\"https:\\\/\\\/secure.gravatar.com\\\/avatar\\\/37d968a2e67a6fd04c169c4bdef102d0bc5d31b2546345219e348575eb80e9a0?s=96&d=mm&r=g\",\"contentUrl\":\"https:\\\/\\\/secure.gravatar.com\\\/avatar\\\/37d968a2e67a6fd04c169c4bdef102d0bc5d31b2546345219e348575eb80e9a0?s=96&d=mm&r=g\",\"caption\":\"redazione\"},\"sameAs\":[\"http:\\\/\\\/www.bellunopress.it\",\"https:\\\/\\\/x.com\\\/bellunopress\"],\"url\":\"https:\\\/\\\/www.bellunopress.it\\\/fr\\\/author\\\/redazione\\\/\"}]}<\/script>\n<!-- \/ Yoast SEO plugin. -->","yoast_head_json":{"title":"La carica dei pidiellini. Ma solo Paniz pu\u00f2 star tranquillo, con il suo terzo posto in lista ha gi\u00e0 in tasca il passaporto per il Parlamento   - Bellunopress - Dolomiti","robots":{"index":"index","follow":"follow","max-snippet":"max-snippet:-1","max-image-preview":"max-image-preview:large","max-video-preview":"max-video-preview:-1"},"canonical":"https:\/\/www.bellunopress.it\/fr\/2013\/01\/18\/la-carica-dei-pidiellini-ma-solo-paniz-puo-star-tranquillo-con-il-suo-terzo-posto-in-lista-ha-gia-in-tasca-il-passaporto-per-il-parlamento\/","og_locale":"fr_FR","og_type":"article","og_title":"La carica dei pidiellini. Ma solo Paniz pu\u00f2 star tranquillo, con il suo terzo posto in lista ha gi\u00e0 in tasca il passaporto per il Parlamento   - Bellunopress - Dolomiti","og_description":"Ha portato bene all&#8217;avvocato ed onorevole Marizio Paniz sostenere, al di l\u00e0 di ogni ragionevole dubbio, l&#8217;assoluta buona fede di Berlusconi allorquando il premier era convinto che \u00a0Ruby fosse la nipote di Mubarak. Con la terza posizione assegnatagli nella circoscrizione Veneto 2 (Venezia, Treviso e Belluno), infatti, e grazie al sistema elettorale &#8220;porcellum&#8221;, Paniz ha [&hellip;]","og_url":"https:\/\/www.bellunopress.it\/fr\/2013\/01\/18\/la-carica-dei-pidiellini-ma-solo-paniz-puo-star-tranquillo-con-il-suo-terzo-posto-in-lista-ha-gia-in-tasca-il-passaporto-per-il-parlamento\/","og_site_name":"Bellunopress - Dolomiti","article_publisher":"https:\/\/www.facebook.com\/profile.php?id=100008943462799","article_published_time":"2013-01-18T21:41:46+00:00","article_modified_time":"2013-01-18T21:42:51+00:00","og_image":[{"url":"http:\/\/www.bellunopress.it\/wp-content\/uploads\/2009\/06\/parlamento-leggera1.jpg","type":"","width":"","height":""}],"author":"redazione","twitter_card":"summary_large_image","twitter_creator":"@bellunopress","twitter_site":"@bellunopress","twitter_misc":{"\u00c9crit par":"redazione","Dur\u00e9e de lecture estim\u00e9e":"1 minute"},"schema":{"@context":"https:\/\/schema.org","@graph":[{"@type":"Article","@id":"https:\/\/www.bellunopress.it\/2013\/01\/18\/la-carica-dei-pidiellini-ma-solo-paniz-puo-star-tranquillo-con-il-suo-terzo-posto-in-lista-ha-gia-in-tasca-il-passaporto-per-il-parlamento\/#article","isPartOf":{"@id":"https:\/\/www.bellunopress.it\/2013\/01\/18\/la-carica-dei-pidiellini-ma-solo-paniz-puo-star-tranquillo-con-il-suo-terzo-posto-in-lista-ha-gia-in-tasca-il-passaporto-per-il-parlamento\/"},"author":{"name":"redazione","@id":"https:\/\/www.bellunopress.it\/#\/schema\/person\/79bb06722b37ece1c03d3e94beb30d73"},"headline":"La carica dei pidiellini. Ma solo Paniz pu\u00f2 star tranquillo, con il suo terzo posto in lista ha gi\u00e0 in tasca il passaporto per il Parlamento","datePublished":"2013-01-18T21:41:46+00:00","dateModified":"2013-01-18T21:42:51+00:00","mainEntityOfPage":{"@id":"https:\/\/www.bellunopress.it\/2013\/01\/18\/la-carica-dei-pidiellini-ma-solo-paniz-puo-star-tranquillo-con-il-suo-terzo-posto-in-lista-ha-gia-in-tasca-il-passaporto-per-il-parlamento\/"},"wordCount":322,"publisher":{"@id":"https:\/\/www.bellunopress.it\/#organization"},"image":{"@id":"https:\/\/www.bellunopress.it\/2013\/01\/18\/la-carica-dei-pidiellini-ma-solo-paniz-puo-star-tranquillo-con-il-suo-terzo-posto-in-lista-ha-gia-in-tasca-il-passaporto-per-il-parlamento\/#primaryimage"},"thumbnailUrl":"http:\/\/www.bellunopress.it\/wp-content\/uploads\/2009\/06\/parlamento-leggera1.jpg","articleSection":["Lettere Opinioni"],"inLanguage":"fr-FR"},{"@type":"WebPage","@id":"https:\/\/www.bellunopress.it\/2013\/01\/18\/la-carica-dei-pidiellini-ma-solo-paniz-puo-star-tranquillo-con-il-suo-terzo-posto-in-lista-ha-gia-in-tasca-il-passaporto-per-il-parlamento\/","url":"https:\/\/www.bellunopress.it\/2013\/01\/18\/la-carica-dei-pidiellini-ma-solo-paniz-puo-star-tranquillo-con-il-suo-terzo-posto-in-lista-ha-gia-in-tasca-il-passaporto-per-il-parlamento\/","name":"La carica dei pidiellini. Ma solo Paniz pu\u00f2 star tranquillo, con il suo terzo posto in lista ha gi\u00e0 in tasca il passaporto per il Parlamento - Bellunopress - Dolomiti","isPartOf":{"@id":"https:\/\/www.bellunopress.it\/#website"},"primaryImageOfPage":{"@id":"https:\/\/www.bellunopress.it\/2013\/01\/18\/la-carica-dei-pidiellini-ma-solo-paniz-puo-star-tranquillo-con-il-suo-terzo-posto-in-lista-ha-gia-in-tasca-il-passaporto-per-il-parlamento\/#primaryimage"},"image":{"@id":"https:\/\/www.bellunopress.it\/2013\/01\/18\/la-carica-dei-pidiellini-ma-solo-paniz-puo-star-tranquillo-con-il-suo-terzo-posto-in-lista-ha-gia-in-tasca-il-passaporto-per-il-parlamento\/#primaryimage"},"thumbnailUrl":"http:\/\/www.bellunopress.it\/wp-content\/uploads\/2009\/06\/parlamento-leggera1.jpg","datePublished":"2013-01-18T21:41:46+00:00","dateModified":"2013-01-18T21:42:51+00:00","breadcrumb":{"@id":"https:\/\/www.bellunopress.it\/2013\/01\/18\/la-carica-dei-pidiellini-ma-solo-paniz-puo-star-tranquillo-con-il-suo-terzo-posto-in-lista-ha-gia-in-tasca-il-passaporto-per-il-parlamento\/#breadcrumb"},"inLanguage":"fr-FR","potentialAction":[{"@type":"ReadAction","target":["https:\/\/www.bellunopress.it\/2013\/01\/18\/la-carica-dei-pidiellini-ma-solo-paniz-puo-star-tranquillo-con-il-suo-terzo-posto-in-lista-ha-gia-in-tasca-il-passaporto-per-il-parlamento\/"]}]},{"@type":"ImageObject","inLanguage":"fr-FR","@id":"https:\/\/www.bellunopress.it\/2013\/01\/18\/la-carica-dei-pidiellini-ma-solo-paniz-puo-star-tranquillo-con-il-suo-terzo-posto-in-lista-ha-gia-in-tasca-il-passaporto-per-il-parlamento\/#primaryimage","url":"http:\/\/www.bellunopress.it\/wp-content\/uploads\/2009\/06\/parlamento-leggera1.jpg","contentUrl":"http:\/\/www.bellunopress.it\/wp-content\/uploads\/2009\/06\/parlamento-leggera1.jpg"},{"@type":"BreadcrumbList","@id":"https:\/\/www.bellunopress.it\/2013\/01\/18\/la-carica-dei-pidiellini-ma-solo-paniz-puo-star-tranquillo-con-il-suo-terzo-posto-in-lista-ha-gia-in-tasca-il-passaporto-per-il-parlamento\/#breadcrumb","itemListElement":[{"@type":"ListItem","position":1,"name":"Home","item":"https:\/\/www.bellunopress.it\/"},{"@type":"ListItem","position":2,"name":"La carica dei pidiellini. Ma solo Paniz pu\u00f2 star tranquillo, con il suo terzo posto in lista ha gi\u00e0 in tasca il passaporto per il Parlamento"}]},{"@type":"WebSite","@id":"https:\/\/www.bellunopress.it\/#website","url":"https:\/\/www.bellunopress.it\/","name":"Bellunopress - Dolomiti","description":"e-mail: redazione@bellunopress.it","publisher":{"@id":"https:\/\/www.bellunopress.it\/#organization"},"potentialAction":[{"@type":"SearchAction","target":{"@type":"EntryPoint","urlTemplate":"https:\/\/www.bellunopress.it\/?s={search_term_string}"},"query-input":{"@type":"PropertyValueSpecification","valueRequired":true,"valueName":"search_term_string"}}],"inLanguage":"fr-FR"},{"@type":"Organization","@id":"https:\/\/www.bellunopress.it\/#organization","name":"Bellunopress","url":"https:\/\/www.bellunopress.it\/","logo":{"@type":"ImageObject","inLanguage":"fr-FR","@id":"https:\/\/www.bellunopress.it\/#\/schema\/logo\/image\/","url":"https:\/\/www.bellunopress.it\/wp-content\/uploads\/2011\/05\/cropped-logo-bellunopress-.jpg","contentUrl":"https:\/\/www.bellunopress.it\/wp-content\/uploads\/2011\/05\/cropped-logo-bellunopress-.jpg","width":512,"height":512,"caption":"Bellunopress"},"image":{"@id":"https:\/\/www.bellunopress.it\/#\/schema\/logo\/image\/"},"sameAs":["https:\/\/www.facebook.com\/profile.php?id=100008943462799","https:\/\/x.com\/bellunopress","https:\/\/www.linkedin.com\/hp\/?dnr=JBzUWaJfMUw8vbXJJ2tVW5-I3jZKvC4wsoxE&amp;amp;amp;amp;amp;amp;trk=nav_responsive_tab_home","https:\/\/www.youtube.com\/channel\/UCxL0wu1uN0_3_7hGG0306cw"]},{"@type":"Person","@id":"https:\/\/www.bellunopress.it\/#\/schema\/person\/79bb06722b37ece1c03d3e94beb30d73","name":"r\u00e9daction","image":{"@type":"ImageObject","inLanguage":"fr-FR","@id":"https:\/\/secure.gravatar.com\/avatar\/37d968a2e67a6fd04c169c4bdef102d0bc5d31b2546345219e348575eb80e9a0?s=96&d=mm&r=g","url":"https:\/\/secure.gravatar.com\/avatar\/37d968a2e67a6fd04c169c4bdef102d0bc5d31b2546345219e348575eb80e9a0?s=96&d=mm&r=g","contentUrl":"https:\/\/secure.gravatar.com\/avatar\/37d968a2e67a6fd04c169c4bdef102d0bc5d31b2546345219e348575eb80e9a0?s=96&d=mm&r=g","caption":"redazione"},"sameAs":["http:\/\/www.bellunopress.it","https:\/\/x.com\/bellunopress"],"url":"https:\/\/www.bellunopress.it\/fr\/author\/redazione\/"}]}},"_links":{"self":[{"href":"https:\/\/www.bellunopress.it\/fr\/wp-json\/wp\/v2\/posts\/45821","targetHints":{"allow":["GET"]}}],"collection":[{"href":"https:\/\/www.bellunopress.it\/fr\/wp-json\/wp\/v2\/posts"}],"about":[{"href":"https:\/\/www.bellunopress.it\/fr\/wp-json\/wp\/v2\/types\/post"}],"author":[{"embeddable":true,"href":"https:\/\/www.bellunopress.it\/fr\/wp-json\/wp\/v2\/users\/2"}],"replies":[{"embeddable":true,"href":"https:\/\/www.bellunopress.it\/fr\/wp-json\/wp\/v2\/comments?post=45821"}],"version-history":[{"count":2,"href":"https:\/\/www.bellunopress.it\/fr\/wp-json\/wp\/v2\/posts\/45821\/revisions"}],"predecessor-version":[{"id":45823,"href":"https:\/\/www.bellunopress.it\/fr\/wp-json\/wp\/v2\/posts\/45821\/revisions\/45823"}],"wp:attachment":[{"href":"https:\/\/www.bellunopress.it\/fr\/wp-json\/wp\/v2\/media?parent=45821"}],"wp:term":[{"taxonomy":"category","embeddable":true,"href":"https:\/\/www.bellunopress.it\/fr\/wp-json\/wp\/v2\/categories?post=45821"},{"taxonomy":"post_tag","embeddable":true,"href":"https:\/\/www.bellunopress.it\/fr\/wp-json\/wp\/v2\/tags?post=45821"}],"curies":[{"name":"wp","href":"https:\/\/api.w.org\/{rel}","templated":true}]}}